{"id":15400,"date":"2021-07-13T12:37:02","date_gmt":"2021-07-13T15:37:02","guid":{"rendered":"https:\/\/www.municipales.org.ar\/festram\/?p=15400"},"modified":"2021-07-13T12:37:04","modified_gmt":"2021-07-13T15:37:04","slug":"el-rio-es-nuestro-caravana-del-9-de-julio-en-la-ciudad-de-santa-fe","status":"publish","type":"post","link":"https:\/\/municipales.org.ar\/festram\/el-rio-es-nuestro-caravana-del-9-de-julio-en-la-ciudad-de-santa-fe\/","title":{"rendered":"El R\u00edo es Nuestro. Caravana del 9 de Julio en la Ciudad de Santa Fe"},"content":{"rendered":"\n<p><\/p>\n\n\n\n<h3 class=\"wp-block-heading\">FESTRAM, como integrante del \u201cForo para la Recuperaci\u00f3n del R\u00edo Paran\u00e1\u201d, constituido en la ciudad capital de nuestra Provincia, particip\u00f3 junto a otras organizaciones sociales, sindicales, comunitarias, de comunicaci\u00f3n, pol\u00edticas y culturales en la Caravana que se realiz\u00f3 en la Costanera santafesina el pasado 9 de Julio en horas de la tarde.<br><br><br><\/h3>\n\n\n\n<p>Trabajadores y trabajadoras municipales de las ciudades de Santo Tom\u00e9, Laguna Paiva, Santa Fe, Frontera, San Carlos Centro, y Coronda fueron parte de una multitud que en bicicletas, motos y autos recorri\u00f3 en toda su extensi\u00f3n los alrededores de la Laguna Set\u00fabal, con carteles, banderas, y afiches que recordaban la fecha patria y la necesidad de que el R\u00edo Paran\u00e1 sea nuestro, y no quede al arbitrio, manejo y explotaci\u00f3n de empresas extranjeras.<br><\/p>\n\n\n\n<figure class=\"wp-block-gallery columns-2 is-cropped wp-block-gallery-1 is-layout-flex wp-block-gallery-is-layout-flex\"><ul class=\"blocks-gallery-grid\"><li class=\"blocks-gallery-item\"><figure><img loading=\"lazy\" decoding=\"async\" width=\"1024\" height=\"768\" src=\"https:\/\/www.municipales.org.ar\/festram\/wp-content\/uploads\/2021\/07\/WhatsApp-Image-2021-07-11-at-20.04.54-1024x768.jpeg\" alt=\"\" data-id=\"15402\" data-full-url=\"https:\/\/www.municipales.org.ar\/festram\/wp-content\/uploads\/2021\/07\/WhatsApp-Image-2021-07-11-at-20.04.54.jpeg\" data-link=\"https:\/\/www.municipales.org.ar\/festram\/?attachment_id=15402\" class=\"wp-image-15402\" srcset=\"https:\/\/municipales.org.ar\/festram\/wp-content\/uploads\/2021\/07\/WhatsApp-Image-2021-07-11-at-20.04.54-1024x768.jpeg 1024w, https:\/\/municipales.org.ar\/festram\/wp-content\/uploads\/2021\/07\/WhatsApp-Image-2021-07-11-at-20.04.54-300x225.jpeg 300w, https:\/\/municipales.org.ar\/festram\/wp-content\/uploads\/2021\/07\/WhatsApp-Image-2021-07-11-at-20.04.54-768x576.jpeg 768w, https:\/\/municipales.org.ar\/festram\/wp-content\/uploads\/2021\/07\/WhatsApp-Image-2021-07-11-at-20.04.54.jpeg 1280w\" sizes=\"auto, (max-width: 1024px) 100vw, 1024px\" \/><\/figure><\/li><li class=\"blocks-gallery-item\"><figure><img loading=\"lazy\" decoding=\"async\" width=\"1024\" height=\"768\" src=\"https:\/\/www.municipales.org.ar\/festram\/wp-content\/uploads\/2021\/07\/WhatsApp-Image-2021-07-11-at-20.04.55-1024x768.jpeg\" alt=\"\" data-id=\"15403\" data-full-url=\"https:\/\/www.municipales.org.ar\/festram\/wp-content\/uploads\/2021\/07\/WhatsApp-Image-2021-07-11-at-20.04.55.jpeg\" data-link=\"https:\/\/www.municipales.org.ar\/festram\/?attachment_id=15403\" class=\"wp-image-15403\" srcset=\"https:\/\/municipales.org.ar\/festram\/wp-content\/uploads\/2021\/07\/WhatsApp-Image-2021-07-11-at-20.04.55-1024x768.jpeg 1024w, https:\/\/municipales.org.ar\/festram\/wp-content\/uploads\/2021\/07\/WhatsApp-Image-2021-07-11-at-20.04.55-300x225.jpeg 300w, https:\/\/municipales.org.ar\/festram\/wp-content\/uploads\/2021\/07\/WhatsApp-Image-2021-07-11-at-20.04.55-768x576.jpeg 768w, https:\/\/municipales.org.ar\/festram\/wp-content\/uploads\/2021\/07\/WhatsApp-Image-2021-07-11-at-20.04.55.jpeg 1280w\" sizes=\"auto, (max-width: 1024px) 100vw, 1024px\" \/><\/figure><\/li><\/ul><\/figure>\n\n\n\n<p>FESTRAM reivindica el Rol del Estado, en este sentido, como un elemento insustituible, no s\u00f3lo para el Dragado y Balizamiento del curso fluvial, sino para el desarrollo integral de la regi\u00f3n, focalizado \u00e9l mismo en la defensa de nuestra Soberan\u00eda Nacional.<\/p>\n","protected":false},"excerpt":{"rendered":"<p>FESTRAM, como integrante del \u201cForo para la Recuperaci\u00f3n del R\u00edo Paran\u00e1\u201d, constituido en la ciudad capital de nuestra Provincia, particip\u00f3 junto a otras organizaciones sociales, sindicales, comunitarias, de comunicaci\u00f3n, pol\u00edticas y culturales en la Caravana que se realiz\u00f3 en la Costanera santafesina el pasado 9 de Julio en horas de la tarde.<\/p>\n","protected":false},"author":1,"featured_media":15401,"comment_status":"closed","ping_status":"closed","sticky":false,"template":"","format":"standard","meta":{"_jetpack_memberships_contains_paid_content":false,"footnotes":"","jetpack_publicize_message":"","jetpack_publicize_feature_enabled":true,"jetpack_social_post_already_shared":true,"jetpack_social_options":{"image_generator_settings":{"template":"highway","default_image_id":0,"font":"","enabled":false},"version":2}},"categories":[167],"tags":[],"class_list":["post-15400","post","type-post","status-publish","format-standard","has-post-thumbnail","hentry","category-actividades-en-el-complejo"],"yoast_head":"<!-- This site is optimized with the Yoast SEO plugin v25.9 - https:\/\/yoast.com\/wordpress\/plugins\/seo\/ -->\n<title>El R\u00edo es Nuestro. Caravana del 9 de Julio en la Ciudad de Santa Fe &#8211; FESTRAM<\/title>\n<meta name=\"description\" content=\"FESTRAM, como integrante del \u201cForo para la Recuperaci\u00f3n del R\u00edo Paran\u00e1\u201d, constituido en la ciudad capital de nuestra Provincia, particip\u00f3 junto a otras organizaciones sociales, sindicales, comunitarias, de comunicaci\u00f3n, pol\u00edticas y culturales en la Caravana que se realiz\u00f3 en la Costanera santafesina el pasado 9 de Julio en horas de la tarde.\" \/>\n<meta name=\"robots\" content=\"index, follow, max-snippet:-1, max-image-preview:large, max-video-preview:-1\" \/>\n<link rel=\"canonical\" href=\"https:\/\/municipales.org.ar\/festram\/el-rio-es-nuestro-caravana-del-9-de-julio-en-la-ciudad-de-santa-fe\/\" \/>\n<meta property=\"og:locale\" content=\"es_ES\" \/>\n<meta property=\"og:type\" content=\"article\" \/>\n<meta property=\"og:title\" content=\"El R\u00edo es Nuestro. Caravana del 9 de Julio en la Ciudad de Santa Fe &#8211; FESTRAM\" \/>\n<meta property=\"og:description\" content=\"FESTRAM, como integrante del \u201cForo para la Recuperaci\u00f3n del R\u00edo Paran\u00e1\u201d, constituido en la ciudad capital de nuestra Provincia, particip\u00f3 junto a otras organizaciones sociales, sindicales, comunitarias, de comunicaci\u00f3n, pol\u00edticas y culturales en la Caravana que se realiz\u00f3 en la Costanera santafesina el pasado 9 de Julio en horas de la tarde.\" \/>\n<meta property=\"og:url\" content=\"https:\/\/municipales.org.ar\/festram\/el-rio-es-nuestro-caravana-del-9-de-julio-en-la-ciudad-de-santa-fe\/\" \/>\n<meta property=\"og:site_name\" content=\"FESTRAM\" \/>\n<meta property=\"article:publisher\" content=\"https:\/\/www.facebook.com\/MunicipalesSF\" \/>\n<meta property=\"article:published_time\" content=\"2021-07-13T15:37:02+00:00\" \/>\n<meta property=\"article:modified_time\" content=\"2021-07-13T15:37:04+00:00\" \/>\n<meta property=\"og:image\" content=\"https:\/\/municipales.org.ar\/festram\/wp-content\/uploads\/2021\/07\/WhatsApp-Image-2021-07-11-at-20.04.48.jpeg\" \/>\n\t<meta property=\"og:image:width\" content=\"1280\" \/>\n\t<meta property=\"og:image:height\" content=\"960\" \/>\n\t<meta property=\"og:image:type\" content=\"image\/jpeg\" \/>\n<meta name=\"author\" content=\"mun_admin\" \/>\n<meta name=\"twitter:card\" content=\"summary_large_image\" \/>\n<meta name=\"twitter:creator\" content=\"@MunicipalesSF\" \/>\n<meta name=\"twitter:site\" content=\"@MunicipalesSF\" \/>\n<meta name=\"twitter:label1\" content=\"Escrito por\" \/>\n\t<meta name=\"twitter:data1\" content=\"mun_admin\" \/>\n\t<meta name=\"twitter:label2\" content=\"Tiempo de lectura\" \/>\n\t<meta name=\"twitter:data2\" content=\"2 minutos\" \/>\n<script type=\"application\/ld+json\" class=\"yoast-schema-graph\">{\"@context\":\"https:\/\/schema.org\",\"@graph\":[{\"@type\":\"Article\",\"@id\":\"https:\/\/municipales.org.ar\/festram\/el-rio-es-nuestro-caravana-del-9-de-julio-en-la-ciudad-de-santa-fe\/#article\",\"isPartOf\":{\"@id\":\"https:\/\/municipales.org.ar\/festram\/el-rio-es-nuestro-caravana-del-9-de-julio-en-la-ciudad-de-santa-fe\/\"},\"author\":{\"name\":\"mun_admin\",\"@id\":\"https:\/\/municipales.org.ar\/festram\/#\/schema\/person\/49096a774c48ce9063df4d59ec059f9e\"},\"headline\":\"El R\u00edo es Nuestro. Caravana del 9 de Julio en la Ciudad de Santa Fe\",\"datePublished\":\"2021-07-13T15:37:02+00:00\",\"dateModified\":\"2021-07-13T15:37:04+00:00\",\"mainEntityOfPage\":{\"@id\":\"https:\/\/municipales.org.ar\/festram\/el-rio-es-nuestro-caravana-del-9-de-julio-en-la-ciudad-de-santa-fe\/\"},\"wordCount\":191,\"publisher\":{\"@id\":\"https:\/\/municipales.org.ar\/festram\/#organization\"},\"image\":{\"@id\":\"https:\/\/municipales.org.ar\/festram\/el-rio-es-nuestro-caravana-del-9-de-julio-en-la-ciudad-de-santa-fe\/#primaryimage\"},\"thumbnailUrl\":\"https:\/\/municipales.org.ar\/festram\/wp-content\/uploads\/2021\/07\/WhatsApp-Image-2021-07-11-at-20.04.48.jpeg\",\"articleSection\":[\"actividades en el complejo\"],\"inLanguage\":\"es\"},{\"@type\":\"WebPage\",\"@id\":\"https:\/\/municipales.org.ar\/festram\/el-rio-es-nuestro-caravana-del-9-de-julio-en-la-ciudad-de-santa-fe\/\",\"url\":\"https:\/\/municipales.org.ar\/festram\/el-rio-es-nuestro-caravana-del-9-de-julio-en-la-ciudad-de-santa-fe\/\",\"name\":\"El R\u00edo es Nuestro. Caravana del 9 de Julio en la Ciudad de Santa Fe &#8211; FESTRAM\",\"isPartOf\":{\"@id\":\"https:\/\/municipales.org.ar\/festram\/#website\"},\"primaryImageOfPage\":{\"@id\":\"https:\/\/municipales.org.ar\/festram\/el-rio-es-nuestro-caravana-del-9-de-julio-en-la-ciudad-de-santa-fe\/#primaryimage\"},\"image\":{\"@id\":\"https:\/\/municipales.org.ar\/festram\/el-rio-es-nuestro-caravana-del-9-de-julio-en-la-ciudad-de-santa-fe\/#primaryimage\"},\"thumbnailUrl\":\"https:\/\/municipales.org.ar\/festram\/wp-content\/uploads\/2021\/07\/WhatsApp-Image-2021-07-11-at-20.04.48.jpeg\",\"datePublished\":\"2021-07-13T15:37:02+00:00\",\"dateModified\":\"2021-07-13T15:37:04+00:00\",\"description\":\"FESTRAM, como integrante del \u201cForo para la Recuperaci\u00f3n del R\u00edo Paran\u00e1\u201d, constituido en la ciudad capital de nuestra Provincia, particip\u00f3 junto a otras organizaciones sociales, sindicales, comunitarias, de comunicaci\u00f3n, pol\u00edticas y culturales en la Caravana que se realiz\u00f3 en la Costanera santafesina el pasado 9 de Julio en horas de la tarde.\",\"breadcrumb\":{\"@id\":\"https:\/\/municipales.org.ar\/festram\/el-rio-es-nuestro-caravana-del-9-de-julio-en-la-ciudad-de-santa-fe\/#breadcrumb\"},\"inLanguage\":\"es\",\"potentialAction\":[{\"@type\":\"ReadAction\",\"target\":[\"https:\/\/municipales.org.ar\/festram\/el-rio-es-nuestro-caravana-del-9-de-julio-en-la-ciudad-de-santa-fe\/\"]}]},{\"@type\":\"ImageObject\",\"inLanguage\":\"es\",\"@id\":\"https:\/\/municipales.org.ar\/festram\/el-rio-es-nuestro-caravana-del-9-de-julio-en-la-ciudad-de-santa-fe\/#primaryimage\",\"url\":\"https:\/\/municipales.org.ar\/festram\/wp-content\/uploads\/2021\/07\/WhatsApp-Image-2021-07-11-at-20.04.48.jpeg\",\"contentUrl\":\"https:\/\/municipales.org.ar\/festram\/wp-content\/uploads\/2021\/07\/WhatsApp-Image-2021-07-11-at-20.04.48.jpeg\",\"width\":1280,\"height\":960},{\"@type\":\"BreadcrumbList\",\"@id\":\"https:\/\/municipales.org.ar\/festram\/el-rio-es-nuestro-caravana-del-9-de-julio-en-la-ciudad-de-santa-fe\/#breadcrumb\",\"itemListElement\":[{\"@type\":\"ListItem\",\"position\":1,\"name\":\"Portada\",\"item\":\"https:\/\/municipales.org.ar\/festram\/\"},{\"@type\":\"ListItem\",\"position\":2,\"name\":\"El R\u00edo es Nuestro. Caravana del 9 de Julio en la Ciudad de Santa Fe\"}]},{\"@type\":\"WebSite\",\"@id\":\"https:\/\/municipales.org.ar\/festram\/#website\",\"url\":\"https:\/\/municipales.org.ar\/festram\/\",\"name\":\"FESTRAM\",\"description\":\"La web de los trabajadores municipales\",\"publisher\":{\"@id\":\"https:\/\/municipales.org.ar\/festram\/#organization\"},\"potentialAction\":[{\"@type\":\"SearchAction\",\"target\":{\"@type\":\"EntryPoint\",\"urlTemplate\":\"https:\/\/municipales.org.ar\/festram\/?s={search_term_string}\"},\"query-input\":{\"@type\":\"PropertyValueSpecification\",\"valueRequired\":true,\"valueName\":\"search_term_string\"}}],\"inLanguage\":\"es\"},{\"@type\":\"Organization\",\"@id\":\"https:\/\/municipales.org.ar\/festram\/#organization\",\"name\":\"Federaci\u00f3n de Sindicatos de Trabajadores Municipales de la Provincia de Santa Fe\",\"url\":\"https:\/\/municipales.org.ar\/festram\/\",\"logo\":{\"@type\":\"ImageObject\",\"inLanguage\":\"es\",\"@id\":\"https:\/\/municipales.org.ar\/festram\/#\/schema\/logo\/image\/\",\"url\":\"https:\/\/www.municipales.org.ar\/festram\/wp-content\/uploads\/2014\/07\/logo_fes.jpg\",\"contentUrl\":\"https:\/\/www.municipales.org.ar\/festram\/wp-content\/uploads\/2014\/07\/logo_fes.jpg\",\"width\":661,\"height\":673,\"caption\":\"Federaci\u00f3n de Sindicatos de Trabajadores Municipales de la Provincia de Santa Fe\"},\"image\":{\"@id\":\"https:\/\/municipales.org.ar\/festram\/#\/schema\/logo\/image\/\"},\"sameAs\":[\"https:\/\/www.facebook.com\/MunicipalesSF\",\"https:\/\/x.com\/MunicipalesSF\",\"https:\/\/www.youtube.com\/user\/festram\"]},{\"@type\":\"Person\",\"@id\":\"https:\/\/municipales.org.ar\/festram\/#\/schema\/person\/49096a774c48ce9063df4d59ec059f9e\",\"name\":\"mun_admin\"}]}<\/script>\n<!-- \/ Yoast SEO plugin. -->","yoast_head_json":{"title":"El R\u00edo es Nuestro. Caravana del 9 de Julio en la Ciudad de Santa Fe &#8211; FESTRAM","description":"FESTRAM, como integrante del \u201cForo para la Recuperaci\u00f3n del R\u00edo Paran\u00e1\u201d, constituido en la ciudad capital de nuestra Provincia, particip\u00f3 junto a otras organizaciones sociales, sindicales, comunitarias, de comunicaci\u00f3n, pol\u00edticas y culturales en la Caravana que se realiz\u00f3 en la Costanera santafesina el pasado 9 de Julio en horas de la tarde.","robots":{"index":"index","follow":"follow","max-snippet":"max-snippet:-1","max-image-preview":"max-image-preview:large","max-video-preview":"max-video-preview:-1"},"canonical":"https:\/\/municipales.org.ar\/festram\/el-rio-es-nuestro-caravana-del-9-de-julio-en-la-ciudad-de-santa-fe\/","og_locale":"es_ES","og_type":"article","og_title":"El R\u00edo es Nuestro. Caravana del 9 de Julio en la Ciudad de Santa Fe &#8211; FESTRAM","og_description":"FESTRAM, como integrante del \u201cForo para la Recuperaci\u00f3n del R\u00edo Paran\u00e1\u201d, constituido en la ciudad capital de nuestra Provincia, particip\u00f3 junto a otras organizaciones sociales, sindicales, comunitarias, de comunicaci\u00f3n, pol\u00edticas y culturales en la Caravana que se realiz\u00f3 en la Costanera santafesina el pasado 9 de Julio en horas de la tarde.","og_url":"https:\/\/municipales.org.ar\/festram\/el-rio-es-nuestro-caravana-del-9-de-julio-en-la-ciudad-de-santa-fe\/","og_site_name":"FESTRAM","article_publisher":"https:\/\/www.facebook.com\/MunicipalesSF","article_published_time":"2021-07-13T15:37:02+00:00","article_modified_time":"2021-07-13T15:37:04+00:00","og_image":[{"width":1280,"height":960,"url":"https:\/\/municipales.org.ar\/festram\/wp-content\/uploads\/2021\/07\/WhatsApp-Image-2021-07-11-at-20.04.48.jpeg","type":"image\/jpeg"}],"author":"mun_admin","twitter_card":"summary_large_image","twitter_creator":"@MunicipalesSF","twitter_site":"@MunicipalesSF","twitter_misc":{"Escrito por":"mun_admin","Tiempo de lectura":"2 minutos"},"schema":{"@context":"https:\/\/schema.org","@graph":[{"@type":"Article","@id":"https:\/\/municipales.org.ar\/festram\/el-rio-es-nuestro-caravana-del-9-de-julio-en-la-ciudad-de-santa-fe\/#article","isPartOf":{"@id":"https:\/\/municipales.org.ar\/festram\/el-rio-es-nuestro-caravana-del-9-de-julio-en-la-ciudad-de-santa-fe\/"},"author":{"name":"mun_admin","@id":"https:\/\/municipales.org.ar\/festram\/#\/schema\/person\/49096a774c48ce9063df4d59ec059f9e"},"headline":"El R\u00edo es Nuestro. Caravana del 9 de Julio en la Ciudad de Santa Fe","datePublished":"2021-07-13T15:37:02+00:00","dateModified":"2021-07-13T15:37:04+00:00","mainEntityOfPage":{"@id":"https:\/\/municipales.org.ar\/festram\/el-rio-es-nuestro-caravana-del-9-de-julio-en-la-ciudad-de-santa-fe\/"},"wordCount":191,"publisher":{"@id":"https:\/\/municipales.org.ar\/festram\/#organization"},"image":{"@id":"https:\/\/municipales.org.ar\/festram\/el-rio-es-nuestro-caravana-del-9-de-julio-en-la-ciudad-de-santa-fe\/#primaryimage"},"thumbnailUrl":"https:\/\/municipales.org.ar\/festram\/wp-content\/uploads\/2021\/07\/WhatsApp-Image-2021-07-11-at-20.04.48.jpeg","articleSection":["actividades en el complejo"],"inLanguage":"es"},{"@type":"WebPage","@id":"https:\/\/municipales.org.ar\/festram\/el-rio-es-nuestro-caravana-del-9-de-julio-en-la-ciudad-de-santa-fe\/","url":"https:\/\/municipales.org.ar\/festram\/el-rio-es-nuestro-caravana-del-9-de-julio-en-la-ciudad-de-santa-fe\/","name":"El R\u00edo es Nuestro. Caravana del 9 de Julio en la Ciudad de Santa Fe &#8211; FESTRAM","isPartOf":{"@id":"https:\/\/municipales.org.ar\/festram\/#website"},"primaryImageOfPage":{"@id":"https:\/\/municipales.org.ar\/festram\/el-rio-es-nuestro-caravana-del-9-de-julio-en-la-ciudad-de-santa-fe\/#primaryimage"},"image":{"@id":"https:\/\/municipales.org.ar\/festram\/el-rio-es-nuestro-caravana-del-9-de-julio-en-la-ciudad-de-santa-fe\/#primaryimage"},"thumbnailUrl":"https:\/\/municipales.org.ar\/festram\/wp-content\/uploads\/2021\/07\/WhatsApp-Image-2021-07-11-at-20.04.48.jpeg","datePublished":"2021-07-13T15:37:02+00:00","dateModified":"2021-07-13T15:37:04+00:00","description":"FESTRAM, como integrante del \u201cForo para la Recuperaci\u00f3n del R\u00edo Paran\u00e1\u201d, constituido en la ciudad capital de nuestra Provincia, particip\u00f3 junto a otras organizaciones sociales, sindicales, comunitarias, de comunicaci\u00f3n, pol\u00edticas y culturales en la Caravana que se realiz\u00f3 en la Costanera santafesina el pasado 9 de Julio en horas de la tarde.","breadcrumb":{"@id":"https:\/\/municipales.org.ar\/festram\/el-rio-es-nuestro-caravana-del-9-de-julio-en-la-ciudad-de-santa-fe\/#breadcrumb"},"inLanguage":"es","potentialAction":[{"@type":"ReadAction","target":["https:\/\/municipales.org.ar\/festram\/el-rio-es-nuestro-caravana-del-9-de-julio-en-la-ciudad-de-santa-fe\/"]}]},{"@type":"ImageObject","inLanguage":"es","@id":"https:\/\/municipales.org.ar\/festram\/el-rio-es-nuestro-caravana-del-9-de-julio-en-la-ciudad-de-santa-fe\/#primaryimage","url":"https:\/\/municipales.org.ar\/festram\/wp-content\/uploads\/2021\/07\/WhatsApp-Image-2021-07-11-at-20.04.48.jpeg","contentUrl":"https:\/\/municipales.org.ar\/festram\/wp-content\/uploads\/2021\/07\/WhatsApp-Image-2021-07-11-at-20.04.48.jpeg","width":1280,"height":960},{"@type":"BreadcrumbList","@id":"https:\/\/municipales.org.ar\/festram\/el-rio-es-nuestro-caravana-del-9-de-julio-en-la-ciudad-de-santa-fe\/#breadcrumb","itemListElement":[{"@type":"ListItem","position":1,"name":"Portada","item":"https:\/\/municipales.org.ar\/festram\/"},{"@type":"ListItem","position":2,"name":"El R\u00edo es Nuestro. Caravana del 9 de Julio en la Ciudad de Santa Fe"}]},{"@type":"WebSite","@id":"https:\/\/municipales.org.ar\/festram\/#website","url":"https:\/\/municipales.org.ar\/festram\/","name":"FESTRAM","description":"La web de los trabajadores municipales","publisher":{"@id":"https:\/\/municipales.org.ar\/festram\/#organization"},"potentialAction":[{"@type":"SearchAction","target":{"@type":"EntryPoint","urlTemplate":"https:\/\/municipales.org.ar\/festram\/?s={search_term_string}"},"query-input":{"@type":"PropertyValueSpecification","valueRequired":true,"valueName":"search_term_string"}}],"inLanguage":"es"},{"@type":"Organization","@id":"https:\/\/municipales.org.ar\/festram\/#organization","name":"Federaci\u00f3n de Sindicatos de Trabajadores Municipales de la Provincia de Santa Fe","url":"https:\/\/municipales.org.ar\/festram\/","logo":{"@type":"ImageObject","inLanguage":"es","@id":"https:\/\/municipales.org.ar\/festram\/#\/schema\/logo\/image\/","url":"https:\/\/www.municipales.org.ar\/festram\/wp-content\/uploads\/2014\/07\/logo_fes.jpg","contentUrl":"https:\/\/www.municipales.org.ar\/festram\/wp-content\/uploads\/2014\/07\/logo_fes.jpg","width":661,"height":673,"caption":"Federaci\u00f3n de Sindicatos de Trabajadores Municipales de la Provincia de Santa Fe"},"image":{"@id":"https:\/\/municipales.org.ar\/festram\/#\/schema\/logo\/image\/"},"sameAs":["https:\/\/www.facebook.com\/MunicipalesSF","https:\/\/x.com\/MunicipalesSF","https:\/\/www.youtube.com\/user\/festram"]},{"@type":"Person","@id":"https:\/\/municipales.org.ar\/festram\/#\/schema\/person\/49096a774c48ce9063df4d59ec059f9e","name":"mun_admin"}]}},"jetpack_publicize_connections":[],"jetpack_featured_media_url":"https:\/\/municipales.org.ar\/festram\/wp-content\/uploads\/2021\/07\/WhatsApp-Image-2021-07-11-at-20.04.48.jpeg","jetpack_sharing_enabled":true,"jetpack_likes_enabled":false,"jetpack_shortlink":"https:\/\/wp.me\/p7l4x1-40o","_links":{"self":[{"href":"https:\/\/municipales.org.ar\/festram\/wp-json\/wp\/v2\/posts\/15400","targetHints":{"allow":["GET"]}}],"collection":[{"href":"https:\/\/municipales.org.ar\/festram\/wp-json\/wp\/v2\/posts"}],"about":[{"href":"https:\/\/municipales.org.ar\/festram\/wp-json\/wp\/v2\/types\/post"}],"author":[{"embeddable":true,"href":"https:\/\/municipales.org.ar\/festram\/wp-json\/wp\/v2\/users\/1"}],"replies":[{"embeddable":true,"href":"https:\/\/municipales.org.ar\/festram\/wp-json\/wp\/v2\/comments?post=15400"}],"version-history":[{"count":1,"href":"https:\/\/municipales.org.ar\/festram\/wp-json\/wp\/v2\/posts\/15400\/revisions"}],"predecessor-version":[{"id":15404,"href":"https:\/\/municipales.org.ar\/festram\/wp-json\/wp\/v2\/posts\/15400\/revisions\/15404"}],"wp:featuredmedia":[{"embeddable":true,"href":"https:\/\/municipales.org.ar\/festram\/wp-json\/wp\/v2\/media\/15401"}],"wp:attachment":[{"href":"https:\/\/municipales.org.ar\/festram\/wp-json\/wp\/v2\/media?parent=15400"}],"wp:term":[{"taxonomy":"category","embeddable":true,"href":"https:\/\/municipales.org.ar\/festram\/wp-json\/wp\/v2\/categories?post=15400"},{"taxonomy":"post_tag","embeddable":true,"href":"https:\/\/municipales.org.ar\/festram\/wp-json\/wp\/v2\/tags?post=15400"}],"curies":[{"name":"wp","href":"https:\/\/api.w.org\/{rel}","templated":true}]}}