{"id":15413,"date":"2021-07-27T11:17:15","date_gmt":"2021-07-27T14:17:15","guid":{"rendered":"https:\/\/www.municipales.org.ar\/festram\/?p=15413"},"modified":"2021-09-14T18:44:05","modified_gmt":"2021-09-14T21:44:05","slug":"la-oit-admitio-el-reclamo-de-festram-contra-la-corte-suprema-de-justicia-de-la-nacion","status":"publish","type":"post","link":"https:\/\/municipales.org.ar\/festram\/la-oit-admitio-el-reclamo-de-festram-contra-la-corte-suprema-de-justicia-de-la-nacion\/","title":{"rendered":"La OIT admiti\u00f3 el reclamo de FESTRAM contra la Corte Suprema de Justicia de la Naci\u00f3n"},"content":{"rendered":"\n<h3 class=\"wp-block-heading\">El Consejo de Administraci\u00f3n de la Organizaci\u00f3n Internacional del Trabajo (OIT), en el pasado mes de Junio comunic\u00f3 a FESTRAM -frente a la presentaci\u00f3n del 5 de febrero del corriente a\u00f1o en referencia al Art\u00edculo 24 de la Constituci\u00f3n Nacional, en la que alega incumplimiento por parte del Gobierno de la Argentina de los Convenios n\u00fameros 87, 98, 151 y 154 de la propia OIT- que su reclamo era admisible.<br><br><\/h3>\n\n\n\n<p>En su 342\u00aa reuni\u00f3n (junio de 2021), el Consejo de Administraci\u00f3n decidi\u00f3, adem\u00e1s, que al estar referido el asunto planteado a convenios relativos a los derechos sindicales, se remitir\u00e1 al Comit\u00e9 de Libertad Sindical para que \u00e9ste la examine de conformidad con el procedimiento previsto en el Reglamento con arreglo a los art\u00edculos 24 y 25 de la Constituci\u00f3n de la OIT.<br><\/p>\n\n\n\n<p>Con la firma de Corinne Vargha, Directora del Departamento de Normas Internacionales del Trabajo, aclara tambi\u00e9n que \u201ctoda informaci\u00f3n adicional presentada por su organizaci\u00f3n ser\u00e1 transmitida al Gobierno para que env\u00ede sus comentarios al respecto\u2026\u201d<br><\/p>\n\n\n\n<p>Cabe recordar que esta resoluci\u00f3n hace referencia al fallo de la Corte de Justicia de la Naci\u00f3n donde expresaba que la legislaci\u00f3n provincial relativa a la negociaci\u00f3n colectiva \u2013Ley 9996- se encontraba en tensi\u00f3n con lo dispuesto en la Constituci\u00f3n Nacional. All\u00ed la CSJN exhortaba a las autoridades provinciales a dictar las leyes pertinentes para ajustarse a dicha sentencia.<br><\/p>\n\n\n\n<p>En su momento FESTRAM dej\u00f3 en claro que lo antedicho dificulta o limita la libertad sindical de la propia Federaci\u00f3n ya que las autoridades p\u00fablicas han intervenido limitando el derecho de negociaci\u00f3n colectiva.<br><\/p>\n\n\n\n<p>La OIT \u2013 en la misma comunicaci\u00f3n- recuerda que la Organizaci\u00f3n Sindical oportunamente, manifest\u00f3 su deseo de entablar m\u00e1ximas conciliatorias a nivel nacional, dej\u00e1ndose aclarado que el Gobierno Argentino no se present\u00f3 a la audiencia de conciliaci\u00f3n respectiva.<br><\/p>\n\n\n\n<p>Este caso adquiere particular relevancia pues el Poder Judicial es el interpelado por sus fallos y decisiones que atentan contra derechos adquiridos de los trabajadores.<\/p>\n","protected":false},"excerpt":{"rendered":"<p>El Consejo de Administraci\u00f3n de la Organizaci\u00f3n Internacional del Trabajo (OIT), en el pasado mes de Junio comunic\u00f3 a FESTRAM -frente a la presentaci\u00f3n del 5 de febrero del corriente a\u00f1o en referencia al Art\u00edculo 24 de la Constituci\u00f3n Nacional, en la que alega incumplimiento por parte del Gobierno de la Argentina de los Convenios n\u00fameros 87, 98, 151 y 154 de la propia OIT- que su reclamo era admisible.<\/p>\n","protected":false},"author":1,"featured_media":15414,"comment_status":"closed","ping_status":"closed","sticky":false,"template":"","format":"standard","meta":{"_jetpack_memberships_contains_paid_content":false,"footnotes":"","jetpack_publicize_message":"","jetpack_publicize_feature_enabled":true,"jetpack_social_post_already_shared":true,"jetpack_social_options":{"image_generator_settings":{"template":"highway","default_image_id":0,"font":"","enabled":false},"version":2}},"categories":[38,52],"tags":[111,240],"class_list":["post-15413","post","type-post","status-publish","format-standard","has-post-thumbnail","hentry","category-comunicados","category-legislacion","tag-legislacion","tag-oit"],"yoast_head":"<!-- This site is optimized with the Yoast SEO plugin v25.9 - https:\/\/yoast.com\/wordpress\/plugins\/seo\/ -->\n<title>La OIT admiti\u00f3 el reclamo de FESTRAM contra la Corte Suprema de Justicia de la Naci\u00f3n &#8211; FESTRAM<\/title>\n<meta name=\"description\" content=\"El Consejo de Administraci\u00f3n de la Organizaci\u00f3n Internacional del Trabajo (OIT), en el pasado mes de Junio comunic\u00f3 a FESTRAM -frente a la presentaci\u00f3n del 5 de febrero del corriente a\u00f1o en referencia al Art\u00edculo 24 de la Constituci\u00f3n Nacional, en la que alega incumplimiento por parte del Gobierno de la Argentina de los Convenios n\u00fameros 87, 98, 151 y 154 de la propia OIT- que su reclamo era admisible.\" \/>\n<meta name=\"robots\" content=\"index, follow, max-snippet:-1, max-image-preview:large, max-video-preview:-1\" \/>\n<link rel=\"canonical\" href=\"https:\/\/municipales.org.ar\/festram\/la-oit-admitio-el-reclamo-de-festram-contra-la-corte-suprema-de-justicia-de-la-nacion\/\" \/>\n<meta property=\"og:locale\" content=\"es_ES\" \/>\n<meta property=\"og:type\" content=\"article\" \/>\n<meta property=\"og:title\" content=\"La OIT admiti\u00f3 el reclamo de FESTRAM contra la Corte Suprema de Justicia de la Naci\u00f3n &#8211; FESTRAM\" \/>\n<meta property=\"og:description\" content=\"El Consejo de Administraci\u00f3n de la Organizaci\u00f3n Internacional del Trabajo (OIT), en el pasado mes de Junio comunic\u00f3 a FESTRAM -frente a la presentaci\u00f3n del 5 de febrero del corriente a\u00f1o en referencia al Art\u00edculo 24 de la Constituci\u00f3n Nacional, en la que alega incumplimiento por parte del Gobierno de la Argentina de los Convenios n\u00fameros 87, 98, 151 y 154 de la propia OIT- que su reclamo era admisible.\" \/>\n<meta property=\"og:url\" content=\"https:\/\/municipales.org.ar\/festram\/la-oit-admitio-el-reclamo-de-festram-contra-la-corte-suprema-de-justicia-de-la-nacion\/\" \/>\n<meta property=\"og:site_name\" content=\"FESTRAM\" \/>\n<meta property=\"article:publisher\" content=\"https:\/\/www.facebook.com\/MunicipalesSF\" \/>\n<meta property=\"article:published_time\" content=\"2021-07-27T14:17:15+00:00\" \/>\n<meta property=\"article:modified_time\" content=\"2021-09-14T21:44:05+00:00\" \/>\n<meta property=\"og:image\" content=\"https:\/\/municipales.org.ar\/festram\/wp-content\/uploads\/2021\/07\/wcms_727334.jpg\" \/>\n\t<meta property=\"og:image:width\" content=\"767\" \/>\n\t<meta property=\"og:image:height\" content=\"431\" \/>\n\t<meta property=\"og:image:type\" content=\"image\/jpeg\" \/>\n<meta name=\"author\" content=\"mun_admin\" \/>\n<meta name=\"twitter:card\" content=\"summary_large_image\" \/>\n<meta name=\"twitter:creator\" content=\"@MunicipalesSF\" \/>\n<meta name=\"twitter:site\" content=\"@MunicipalesSF\" \/>\n<meta name=\"twitter:label1\" content=\"Escrito por\" \/>\n\t<meta name=\"twitter:data1\" content=\"mun_admin\" \/>\n\t<meta name=\"twitter:label2\" content=\"Tiempo de lectura\" \/>\n\t<meta name=\"twitter:data2\" content=\"2 minutos\" \/>\n<script type=\"application\/ld+json\" class=\"yoast-schema-graph\">{\"@context\":\"https:\/\/schema.org\",\"@graph\":[{\"@type\":\"Article\",\"@id\":\"https:\/\/municipales.org.ar\/festram\/la-oit-admitio-el-reclamo-de-festram-contra-la-corte-suprema-de-justicia-de-la-nacion\/#article\",\"isPartOf\":{\"@id\":\"https:\/\/municipales.org.ar\/festram\/la-oit-admitio-el-reclamo-de-festram-contra-la-corte-suprema-de-justicia-de-la-nacion\/\"},\"author\":{\"name\":\"mun_admin\",\"@id\":\"https:\/\/municipales.org.ar\/festram\/#\/schema\/person\/49096a774c48ce9063df4d59ec059f9e\"},\"headline\":\"La OIT admiti\u00f3 el reclamo de FESTRAM contra la Corte Suprema de Justicia de la Naci\u00f3n\",\"datePublished\":\"2021-07-27T14:17:15+00:00\",\"dateModified\":\"2021-09-14T21:44:05+00:00\",\"mainEntityOfPage\":{\"@id\":\"https:\/\/municipales.org.ar\/festram\/la-oit-admitio-el-reclamo-de-festram-contra-la-corte-suprema-de-justicia-de-la-nacion\/\"},\"wordCount\":358,\"publisher\":{\"@id\":\"https:\/\/municipales.org.ar\/festram\/#organization\"},\"image\":{\"@id\":\"https:\/\/municipales.org.ar\/festram\/la-oit-admitio-el-reclamo-de-festram-contra-la-corte-suprema-de-justicia-de-la-nacion\/#primaryimage\"},\"thumbnailUrl\":\"https:\/\/municipales.org.ar\/festram\/wp-content\/uploads\/2021\/07\/wcms_727334.jpg\",\"keywords\":[\"Legislaci\u00f3n\",\"oit\"],\"articleSection\":[\"Comunicados\",\"Legislaci\u00f3n\"],\"inLanguage\":\"es\"},{\"@type\":\"WebPage\",\"@id\":\"https:\/\/municipales.org.ar\/festram\/la-oit-admitio-el-reclamo-de-festram-contra-la-corte-suprema-de-justicia-de-la-nacion\/\",\"url\":\"https:\/\/municipales.org.ar\/festram\/la-oit-admitio-el-reclamo-de-festram-contra-la-corte-suprema-de-justicia-de-la-nacion\/\",\"name\":\"La OIT admiti\u00f3 el reclamo de FESTRAM contra la Corte Suprema de Justicia de la Naci\u00f3n &#8211; FESTRAM\",\"isPartOf\":{\"@id\":\"https:\/\/municipales.org.ar\/festram\/#website\"},\"primaryImageOfPage\":{\"@id\":\"https:\/\/municipales.org.ar\/festram\/la-oit-admitio-el-reclamo-de-festram-contra-la-corte-suprema-de-justicia-de-la-nacion\/#primaryimage\"},\"image\":{\"@id\":\"https:\/\/municipales.org.ar\/festram\/la-oit-admitio-el-reclamo-de-festram-contra-la-corte-suprema-de-justicia-de-la-nacion\/#primaryimage\"},\"thumbnailUrl\":\"https:\/\/municipales.org.ar\/festram\/wp-content\/uploads\/2021\/07\/wcms_727334.jpg\",\"datePublished\":\"2021-07-27T14:17:15+00:00\",\"dateModified\":\"2021-09-14T21:44:05+00:00\",\"description\":\"El Consejo de Administraci\u00f3n de la Organizaci\u00f3n Internacional del Trabajo (OIT), en el pasado mes de Junio comunic\u00f3 a FESTRAM -frente a la presentaci\u00f3n del 5 de febrero del corriente a\u00f1o en referencia al Art\u00edculo 24 de la Constituci\u00f3n Nacional, en la que alega incumplimiento por parte del Gobierno de la Argentina de los Convenios n\u00fameros 87, 98, 151 y 154 de la propia OIT- que su reclamo era admisible.\",\"breadcrumb\":{\"@id\":\"https:\/\/municipales.org.ar\/festram\/la-oit-admitio-el-reclamo-de-festram-contra-la-corte-suprema-de-justicia-de-la-nacion\/#breadcrumb\"},\"inLanguage\":\"es\",\"potentialAction\":[{\"@type\":\"ReadAction\",\"target\":[\"https:\/\/municipales.org.ar\/festram\/la-oit-admitio-el-reclamo-de-festram-contra-la-corte-suprema-de-justicia-de-la-nacion\/\"]}]},{\"@type\":\"ImageObject\",\"inLanguage\":\"es\",\"@id\":\"https:\/\/municipales.org.ar\/festram\/la-oit-admitio-el-reclamo-de-festram-contra-la-corte-suprema-de-justicia-de-la-nacion\/#primaryimage\",\"url\":\"https:\/\/municipales.org.ar\/festram\/wp-content\/uploads\/2021\/07\/wcms_727334.jpg\",\"contentUrl\":\"https:\/\/municipales.org.ar\/festram\/wp-content\/uploads\/2021\/07\/wcms_727334.jpg\",\"width\":767,\"height\":431},{\"@type\":\"BreadcrumbList\",\"@id\":\"https:\/\/municipales.org.ar\/festram\/la-oit-admitio-el-reclamo-de-festram-contra-la-corte-suprema-de-justicia-de-la-nacion\/#breadcrumb\",\"itemListElement\":[{\"@type\":\"ListItem\",\"position\":1,\"name\":\"Portada\",\"item\":\"https:\/\/municipales.org.ar\/festram\/\"},{\"@type\":\"ListItem\",\"position\":2,\"name\":\"La OIT admiti\u00f3 el reclamo de FESTRAM contra la Corte Suprema de Justicia de la Naci\u00f3n\"}]},{\"@type\":\"WebSite\",\"@id\":\"https:\/\/municipales.org.ar\/festram\/#website\",\"url\":\"https:\/\/municipales.org.ar\/festram\/\",\"name\":\"FESTRAM\",\"description\":\"La web de los trabajadores municipales\",\"publisher\":{\"@id\":\"https:\/\/municipales.org.ar\/festram\/#organization\"},\"potentialAction\":[{\"@type\":\"SearchAction\",\"target\":{\"@type\":\"EntryPoint\",\"urlTemplate\":\"https:\/\/municipales.org.ar\/festram\/?s={search_term_string}\"},\"query-input\":{\"@type\":\"PropertyValueSpecification\",\"valueRequired\":true,\"valueName\":\"search_term_string\"}}],\"inLanguage\":\"es\"},{\"@type\":\"Organization\",\"@id\":\"https:\/\/municipales.org.ar\/festram\/#organization\",\"name\":\"Federaci\u00f3n de Sindicatos de Trabajadores Municipales de la Provincia de Santa Fe\",\"url\":\"https:\/\/municipales.org.ar\/festram\/\",\"logo\":{\"@type\":\"ImageObject\",\"inLanguage\":\"es\",\"@id\":\"https:\/\/municipales.org.ar\/festram\/#\/schema\/logo\/image\/\",\"url\":\"https:\/\/www.municipales.org.ar\/festram\/wp-content\/uploads\/2014\/07\/logo_fes.jpg\",\"contentUrl\":\"https:\/\/www.municipales.org.ar\/festram\/wp-content\/uploads\/2014\/07\/logo_fes.jpg\",\"width\":661,\"height\":673,\"caption\":\"Federaci\u00f3n de Sindicatos de Trabajadores Municipales de la Provincia de Santa Fe\"},\"image\":{\"@id\":\"https:\/\/municipales.org.ar\/festram\/#\/schema\/logo\/image\/\"},\"sameAs\":[\"https:\/\/www.facebook.com\/MunicipalesSF\",\"https:\/\/x.com\/MunicipalesSF\",\"https:\/\/www.youtube.com\/user\/festram\"]},{\"@type\":\"Person\",\"@id\":\"https:\/\/municipales.org.ar\/festram\/#\/schema\/person\/49096a774c48ce9063df4d59ec059f9e\",\"name\":\"mun_admin\"}]}<\/script>\n<!-- \/ Yoast SEO plugin. -->","yoast_head_json":{"title":"La OIT admiti\u00f3 el reclamo de FESTRAM contra la Corte Suprema de Justicia de la Naci\u00f3n &#8211; FESTRAM","description":"El Consejo de Administraci\u00f3n de la Organizaci\u00f3n Internacional del Trabajo (OIT), en el pasado mes de Junio comunic\u00f3 a FESTRAM -frente a la presentaci\u00f3n del 5 de febrero del corriente a\u00f1o en referencia al Art\u00edculo 24 de la Constituci\u00f3n Nacional, en la que alega incumplimiento por parte del Gobierno de la Argentina de los Convenios n\u00fameros 87, 98, 151 y 154 de la propia OIT- que su reclamo era admisible.","robots":{"index":"index","follow":"follow","max-snippet":"max-snippet:-1","max-image-preview":"max-image-preview:large","max-video-preview":"max-video-preview:-1"},"canonical":"https:\/\/municipales.org.ar\/festram\/la-oit-admitio-el-reclamo-de-festram-contra-la-corte-suprema-de-justicia-de-la-nacion\/","og_locale":"es_ES","og_type":"article","og_title":"La OIT admiti\u00f3 el reclamo de FESTRAM contra la Corte Suprema de Justicia de la Naci\u00f3n &#8211; FESTRAM","og_description":"El Consejo de Administraci\u00f3n de la Organizaci\u00f3n Internacional del Trabajo (OIT), en el pasado mes de Junio comunic\u00f3 a FESTRAM -frente a la presentaci\u00f3n del 5 de febrero del corriente a\u00f1o en referencia al Art\u00edculo 24 de la Constituci\u00f3n Nacional, en la que alega incumplimiento por parte del Gobierno de la Argentina de los Convenios n\u00fameros 87, 98, 151 y 154 de la propia OIT- que su reclamo era admisible.","og_url":"https:\/\/municipales.org.ar\/festram\/la-oit-admitio-el-reclamo-de-festram-contra-la-corte-suprema-de-justicia-de-la-nacion\/","og_site_name":"FESTRAM","article_publisher":"https:\/\/www.facebook.com\/MunicipalesSF","article_published_time":"2021-07-27T14:17:15+00:00","article_modified_time":"2021-09-14T21:44:05+00:00","og_image":[{"width":767,"height":431,"url":"https:\/\/municipales.org.ar\/festram\/wp-content\/uploads\/2021\/07\/wcms_727334.jpg","type":"image\/jpeg"}],"author":"mun_admin","twitter_card":"summary_large_image","twitter_creator":"@MunicipalesSF","twitter_site":"@MunicipalesSF","twitter_misc":{"Escrito por":"mun_admin","Tiempo de lectura":"2 minutos"},"schema":{"@context":"https:\/\/schema.org","@graph":[{"@type":"Article","@id":"https:\/\/municipales.org.ar\/festram\/la-oit-admitio-el-reclamo-de-festram-contra-la-corte-suprema-de-justicia-de-la-nacion\/#article","isPartOf":{"@id":"https:\/\/municipales.org.ar\/festram\/la-oit-admitio-el-reclamo-de-festram-contra-la-corte-suprema-de-justicia-de-la-nacion\/"},"author":{"name":"mun_admin","@id":"https:\/\/municipales.org.ar\/festram\/#\/schema\/person\/49096a774c48ce9063df4d59ec059f9e"},"headline":"La OIT admiti\u00f3 el reclamo de FESTRAM contra la Corte Suprema de Justicia de la Naci\u00f3n","datePublished":"2021-07-27T14:17:15+00:00","dateModified":"2021-09-14T21:44:05+00:00","mainEntityOfPage":{"@id":"https:\/\/municipales.org.ar\/festram\/la-oit-admitio-el-reclamo-de-festram-contra-la-corte-suprema-de-justicia-de-la-nacion\/"},"wordCount":358,"publisher":{"@id":"https:\/\/municipales.org.ar\/festram\/#organization"},"image":{"@id":"https:\/\/municipales.org.ar\/festram\/la-oit-admitio-el-reclamo-de-festram-contra-la-corte-suprema-de-justicia-de-la-nacion\/#primaryimage"},"thumbnailUrl":"https:\/\/municipales.org.ar\/festram\/wp-content\/uploads\/2021\/07\/wcms_727334.jpg","keywords":["Legislaci\u00f3n","oit"],"articleSection":["Comunicados","Legislaci\u00f3n"],"inLanguage":"es"},{"@type":"WebPage","@id":"https:\/\/municipales.org.ar\/festram\/la-oit-admitio-el-reclamo-de-festram-contra-la-corte-suprema-de-justicia-de-la-nacion\/","url":"https:\/\/municipales.org.ar\/festram\/la-oit-admitio-el-reclamo-de-festram-contra-la-corte-suprema-de-justicia-de-la-nacion\/","name":"La OIT admiti\u00f3 el reclamo de FESTRAM contra la Corte Suprema de Justicia de la Naci\u00f3n &#8211; FESTRAM","isPartOf":{"@id":"https:\/\/municipales.org.ar\/festram\/#website"},"primaryImageOfPage":{"@id":"https:\/\/municipales.org.ar\/festram\/la-oit-admitio-el-reclamo-de-festram-contra-la-corte-suprema-de-justicia-de-la-nacion\/#primaryimage"},"image":{"@id":"https:\/\/municipales.org.ar\/festram\/la-oit-admitio-el-reclamo-de-festram-contra-la-corte-suprema-de-justicia-de-la-nacion\/#primaryimage"},"thumbnailUrl":"https:\/\/municipales.org.ar\/festram\/wp-content\/uploads\/2021\/07\/wcms_727334.jpg","datePublished":"2021-07-27T14:17:15+00:00","dateModified":"2021-09-14T21:44:05+00:00","description":"El Consejo de Administraci\u00f3n de la Organizaci\u00f3n Internacional del Trabajo (OIT), en el pasado mes de Junio comunic\u00f3 a FESTRAM -frente a la presentaci\u00f3n del 5 de febrero del corriente a\u00f1o en referencia al Art\u00edculo 24 de la Constituci\u00f3n Nacional, en la que alega incumplimiento por parte del Gobierno de la Argentina de los Convenios n\u00fameros 87, 98, 151 y 154 de la propia OIT- que su reclamo era admisible.","breadcrumb":{"@id":"https:\/\/municipales.org.ar\/festram\/la-oit-admitio-el-reclamo-de-festram-contra-la-corte-suprema-de-justicia-de-la-nacion\/#breadcrumb"},"inLanguage":"es","potentialAction":[{"@type":"ReadAction","target":["https:\/\/municipales.org.ar\/festram\/la-oit-admitio-el-reclamo-de-festram-contra-la-corte-suprema-de-justicia-de-la-nacion\/"]}]},{"@type":"ImageObject","inLanguage":"es","@id":"https:\/\/municipales.org.ar\/festram\/la-oit-admitio-el-reclamo-de-festram-contra-la-corte-suprema-de-justicia-de-la-nacion\/#primaryimage","url":"https:\/\/municipales.org.ar\/festram\/wp-content\/uploads\/2021\/07\/wcms_727334.jpg","contentUrl":"https:\/\/municipales.org.ar\/festram\/wp-content\/uploads\/2021\/07\/wcms_727334.jpg","width":767,"height":431},{"@type":"BreadcrumbList","@id":"https:\/\/municipales.org.ar\/festram\/la-oit-admitio-el-reclamo-de-festram-contra-la-corte-suprema-de-justicia-de-la-nacion\/#breadcrumb","itemListElement":[{"@type":"ListItem","position":1,"name":"Portada","item":"https:\/\/municipales.org.ar\/festram\/"},{"@type":"ListItem","position":2,"name":"La OIT admiti\u00f3 el reclamo de FESTRAM contra la Corte Suprema de Justicia de la Naci\u00f3n"}]},{"@type":"WebSite","@id":"https:\/\/municipales.org.ar\/festram\/#website","url":"https:\/\/municipales.org.ar\/festram\/","name":"FESTRAM","description":"La web de los trabajadores municipales","publisher":{"@id":"https:\/\/municipales.org.ar\/festram\/#organization"},"potentialAction":[{"@type":"SearchAction","target":{"@type":"EntryPoint","urlTemplate":"https:\/\/municipales.org.ar\/festram\/?s={search_term_string}"},"query-input":{"@type":"PropertyValueSpecification","valueRequired":true,"valueName":"search_term_string"}}],"inLanguage":"es"},{"@type":"Organization","@id":"https:\/\/municipales.org.ar\/festram\/#organization","name":"Federaci\u00f3n de Sindicatos de Trabajadores Municipales de la Provincia de Santa Fe","url":"https:\/\/municipales.org.ar\/festram\/","logo":{"@type":"ImageObject","inLanguage":"es","@id":"https:\/\/municipales.org.ar\/festram\/#\/schema\/logo\/image\/","url":"https:\/\/www.municipales.org.ar\/festram\/wp-content\/uploads\/2014\/07\/logo_fes.jpg","contentUrl":"https:\/\/www.municipales.org.ar\/festram\/wp-content\/uploads\/2014\/07\/logo_fes.jpg","width":661,"height":673,"caption":"Federaci\u00f3n de Sindicatos de Trabajadores Municipales de la Provincia de Santa Fe"},"image":{"@id":"https:\/\/municipales.org.ar\/festram\/#\/schema\/logo\/image\/"},"sameAs":["https:\/\/www.facebook.com\/MunicipalesSF","https:\/\/x.com\/MunicipalesSF","https:\/\/www.youtube.com\/user\/festram"]},{"@type":"Person","@id":"https:\/\/municipales.org.ar\/festram\/#\/schema\/person\/49096a774c48ce9063df4d59ec059f9e","name":"mun_admin"}]}},"jetpack_publicize_connections":[],"jetpack_featured_media_url":"https:\/\/municipales.org.ar\/festram\/wp-content\/uploads\/2021\/07\/wcms_727334.jpg","jetpack_sharing_enabled":true,"jetpack_likes_enabled":false,"jetpack_shortlink":"https:\/\/wp.me\/p7l4x1-40B","_links":{"self":[{"href":"https:\/\/municipales.org.ar\/festram\/wp-json\/wp\/v2\/posts\/15413","targetHints":{"allow":["GET"]}}],"collection":[{"href":"https:\/\/municipales.org.ar\/festram\/wp-json\/wp\/v2\/posts"}],"about":[{"href":"https:\/\/municipales.org.ar\/festram\/wp-json\/wp\/v2\/types\/post"}],"author":[{"embeddable":true,"href":"https:\/\/municipales.org.ar\/festram\/wp-json\/wp\/v2\/users\/1"}],"replies":[{"embeddable":true,"href":"https:\/\/municipales.org.ar\/festram\/wp-json\/wp\/v2\/comments?post=15413"}],"version-history":[{"count":1,"href":"https:\/\/municipales.org.ar\/festram\/wp-json\/wp\/v2\/posts\/15413\/revisions"}],"predecessor-version":[{"id":15415,"href":"https:\/\/municipales.org.ar\/festram\/wp-json\/wp\/v2\/posts\/15413\/revisions\/15415"}],"wp:featuredmedia":[{"embeddable":true,"href":"https:\/\/municipales.org.ar\/festram\/wp-json\/wp\/v2\/media\/15414"}],"wp:attachment":[{"href":"https:\/\/municipales.org.ar\/festram\/wp-json\/wp\/v2\/media?parent=15413"}],"wp:term":[{"taxonomy":"category","embeddable":true,"href":"https:\/\/municipales.org.ar\/festram\/wp-json\/wp\/v2\/categories?post=15413"},{"taxonomy":"post_tag","embeddable":true,"href":"https:\/\/municipales.org.ar\/festram\/wp-json\/wp\/v2\/tags?post=15413"}],"curies":[{"name":"wp","href":"https:\/\/api.w.org\/{rel}","templated":true}]}}