{"id":15529,"date":"2021-10-22T16:51:40","date_gmt":"2021-10-22T19:51:40","guid":{"rendered":"https:\/\/www.municipales.org.ar\/festram\/?p=15529"},"modified":"2021-10-22T16:51:42","modified_gmt":"2021-10-22T19:51:42","slug":"festram-en-el-encuentro-de-mujeres-sindicalistas-por-la-unidad-de-las-trabajadoras","status":"publish","type":"post","link":"https:\/\/municipales.org.ar\/festram\/festram-en-el-encuentro-de-mujeres-sindicalistas-por-la-unidad-de-las-trabajadoras\/","title":{"rendered":"FESTRAM en el Encuentro de Mujeres Sindicalistas \u00abPor la Unidad de las Trabajadoras\u00bb"},"content":{"rendered":"\n<p><\/p>\n\n\n\n<h2 class=\"wp-block-heading\">Integrantes del espacio MUJERES MUNICIPALES DE FESTRAM participaron del \u201cActo por la unidad de las trabajadoras\u201d convocado por las MUJERES SINDICALISTAS de la Corriente Federal de Trabajadores que se realiz\u00f3 el s\u00e1bado 16 de Octubre pasado.<br><br><\/h2>\n\n\n\n<p>El encuentro tuvo lugar en el kil\u00f3metro cero del Peronismo, ubicado en la ciudad de Berisso, donde acudieron compa\u00f1eras de sindicatos, centrales obreras, federaciones y cooperativas, entre ellas de: CNCT, SUTEBA, La Bancaria, SATSAID, SITRAJU, CTA, SADOP, ATE, entre muchas otras. Tambi\u00e9n estuvieron presentes trabajadoras y funcionarias del Ministerio de Pol\u00edticas de G\u00e9nero y Diversidad Sexual de la Provincia de Buenos Aires.<br><\/p>\n\n\n\n<p>La actividad se centr\u00f3 en testimonios de trabajadoras de las distintas \u00e1reas convocadas -en un ambiente de reencuentro post pandemia- donde adem\u00e1s disfrutaron del relato de Dora Roldan hija de Mar\u00eda Roldan compa\u00f1era sindicalista, ex trabajadora del Frigor\u00edfico Swift en Berisso, fundadora del Sindicato de la carne y del Partido Laboralista. Mar\u00eda desempe\u00f1o un rol principal en la hist\u00f3rica movilizaci\u00f3n del 17 de octubre de 1945 y en la conquista de derechos de las mujeres.<br><\/p>\n\n\n\n<p>Nuevamente FESTRAM, a trav\u00e9s de las compa\u00f1eras Andrea Luna y Rosita Sotelo, participa de un Acto donde se reafirm\u00f3 la necesidad de la unidad del movimiento obrero y de encarar las luchas de manera conjunta con otras estructuras sindicales.<\/p>\n\n\n\n<p><br><\/p>\n\n\n\n<figure class=\"wp-block-image size-large\"><img loading=\"lazy\" decoding=\"async\" width=\"1024\" height=\"513\" src=\"https:\/\/www.municipales.org.ar\/festram\/wp-content\/uploads\/2021\/10\/WhatsApp-Image-2021-10-22-at-8.43.07-AM-1024x513.jpeg\" alt=\"\" class=\"wp-image-15531\" srcset=\"https:\/\/municipales.org.ar\/festram\/wp-content\/uploads\/2021\/10\/WhatsApp-Image-2021-10-22-at-8.43.07-AM-1024x513.jpeg 1024w, https:\/\/municipales.org.ar\/festram\/wp-content\/uploads\/2021\/10\/WhatsApp-Image-2021-10-22-at-8.43.07-AM-300x150.jpeg 300w, https:\/\/municipales.org.ar\/festram\/wp-content\/uploads\/2021\/10\/WhatsApp-Image-2021-10-22-at-8.43.07-AM-768x385.jpeg 768w, https:\/\/municipales.org.ar\/festram\/wp-content\/uploads\/2021\/10\/WhatsApp-Image-2021-10-22-at-8.43.07-AM.jpeg 1280w\" sizes=\"auto, (max-width: 1024px) 100vw, 1024px\" \/><\/figure>\n\n\n\n<p>Estuvieron, tambi\u00e9n, el Gobernador de la Provincia de Buenos Aires Axel Kichillof, la candidata a diputada por el frente de Todos en la Provincia de Buenos Aires Victoria Toloza Paz y la compa\u00f1era Vanesa Siley actual Diputada Nacional por la Provincia de Buenos Aires.<br><\/p>\n\n\n\n<p>Como cierre del acto se decidi\u00f3 realizar un documento que plasme las problem\u00e1ticas y tem\u00e1ticas que se deben abordar en la argentina del 2021 y 2022 una vez finalizadas las elecciones, donde se esbozaron los siguientes ejes y consignas; \u201clas condiciones del Pago de la Deuda Externa; la deuda es con nosotras; el nuevo modelo de pa\u00eds \u201ces con nosotras\u201d; no a la quita de indemnizaciones, si al trabajo con derechos y salarios dignos; Ni una trabajadora menos; Vivas, libres y con derechos nos queremos\u201d.<\/p>\n","protected":false},"excerpt":{"rendered":"<p>el \u201cActo por la unidad de las trabajadoras\u201d convocado por las MUJERES SINDICALISTAS de la Corriente Federal de Trabajadores que se realiz\u00f3 el s\u00e1bado 16 de Octubre pasado.<\/p>\n","protected":false},"author":1,"featured_media":15530,"comment_status":"closed","ping_status":"closed","sticky":false,"template":"","format":"standard","meta":{"_jetpack_memberships_contains_paid_content":false,"footnotes":"","jetpack_publicize_message":"","jetpack_publicize_feature_enabled":true,"jetpack_social_post_already_shared":true,"jetpack_social_options":{"image_generator_settings":{"template":"highway","default_image_id":0,"font":"","enabled":false},"version":2}},"categories":[50],"tags":[212,87],"class_list":["post-15529","post","type-post","status-publish","format-standard","has-post-thumbnail","hentry","category-genero","tag-cft","tag-genero-2"],"yoast_head":"<!-- This site is optimized with the Yoast SEO plugin v25.9 - https:\/\/yoast.com\/wordpress\/plugins\/seo\/ -->\n<title>FESTRAM en el Encuentro de Mujeres Sindicalistas &quot;Por la Unidad de las Trabajadoras&quot; &#8211; FESTRAM<\/title>\n<meta name=\"description\" content=\"el \u201cActo por la unidad de las trabajadoras\u201d convocado por las MUJERES SINDICALISTAS de la Corriente Federal de Trabajadores que se realiz\u00f3 el s\u00e1bado 16 de Octubre pasado.\" \/>\n<meta name=\"robots\" content=\"index, follow, max-snippet:-1, max-image-preview:large, max-video-preview:-1\" \/>\n<link rel=\"canonical\" href=\"https:\/\/municipales.org.ar\/festram\/festram-en-el-encuentro-de-mujeres-sindicalistas-por-la-unidad-de-las-trabajadoras\/\" \/>\n<meta property=\"og:locale\" content=\"es_ES\" \/>\n<meta property=\"og:type\" content=\"article\" \/>\n<meta property=\"og:title\" content=\"FESTRAM en el Encuentro de Mujeres Sindicalistas &quot;Por la Unidad de las Trabajadoras&quot; &#8211; FESTRAM\" \/>\n<meta property=\"og:description\" content=\"el \u201cActo por la unidad de las trabajadoras\u201d convocado por las MUJERES SINDICALISTAS de la Corriente Federal de Trabajadores que se realiz\u00f3 el s\u00e1bado 16 de Octubre pasado.\" \/>\n<meta property=\"og:url\" content=\"https:\/\/municipales.org.ar\/festram\/festram-en-el-encuentro-de-mujeres-sindicalistas-por-la-unidad-de-las-trabajadoras\/\" \/>\n<meta property=\"og:site_name\" content=\"FESTRAM\" \/>\n<meta property=\"article:publisher\" content=\"https:\/\/www.facebook.com\/MunicipalesSF\" \/>\n<meta property=\"article:published_time\" content=\"2021-10-22T19:51:40+00:00\" \/>\n<meta property=\"article:modified_time\" content=\"2021-10-22T19:51:42+00:00\" \/>\n<meta property=\"og:image\" content=\"https:\/\/municipales.org.ar\/festram\/wp-content\/uploads\/2021\/10\/WhatsApp-Image-2021-10-22-at-8.43.35-AM.jpeg\" \/>\n\t<meta property=\"og:image:width\" content=\"1280\" \/>\n\t<meta property=\"og:image:height\" content=\"960\" \/>\n\t<meta property=\"og:image:type\" content=\"image\/jpeg\" \/>\n<meta name=\"author\" content=\"mun_admin\" \/>\n<meta name=\"twitter:card\" content=\"summary_large_image\" \/>\n<meta name=\"twitter:creator\" content=\"@MunicipalesSF\" \/>\n<meta name=\"twitter:site\" content=\"@MunicipalesSF\" \/>\n<meta name=\"twitter:label1\" content=\"Escrito por\" \/>\n\t<meta name=\"twitter:data1\" content=\"mun_admin\" \/>\n\t<meta name=\"twitter:label2\" content=\"Tiempo de lectura\" \/>\n\t<meta name=\"twitter:data2\" content=\"2 minutos\" \/>\n<script type=\"application\/ld+json\" class=\"yoast-schema-graph\">{\"@context\":\"https:\/\/schema.org\",\"@graph\":[{\"@type\":\"Article\",\"@id\":\"https:\/\/municipales.org.ar\/festram\/festram-en-el-encuentro-de-mujeres-sindicalistas-por-la-unidad-de-las-trabajadoras\/#article\",\"isPartOf\":{\"@id\":\"https:\/\/municipales.org.ar\/festram\/festram-en-el-encuentro-de-mujeres-sindicalistas-por-la-unidad-de-las-trabajadoras\/\"},\"author\":{\"name\":\"mun_admin\",\"@id\":\"https:\/\/municipales.org.ar\/festram\/#\/schema\/person\/49096a774c48ce9063df4d59ec059f9e\"},\"headline\":\"FESTRAM en el Encuentro de Mujeres Sindicalistas \u00abPor la Unidad de las Trabajadoras\u00bb\",\"datePublished\":\"2021-10-22T19:51:40+00:00\",\"dateModified\":\"2021-10-22T19:51:42+00:00\",\"mainEntityOfPage\":{\"@id\":\"https:\/\/municipales.org.ar\/festram\/festram-en-el-encuentro-de-mujeres-sindicalistas-por-la-unidad-de-las-trabajadoras\/\"},\"wordCount\":370,\"publisher\":{\"@id\":\"https:\/\/municipales.org.ar\/festram\/#organization\"},\"image\":{\"@id\":\"https:\/\/municipales.org.ar\/festram\/festram-en-el-encuentro-de-mujeres-sindicalistas-por-la-unidad-de-las-trabajadoras\/#primaryimage\"},\"thumbnailUrl\":\"https:\/\/municipales.org.ar\/festram\/wp-content\/uploads\/2021\/10\/WhatsApp-Image-2021-10-22-at-8.43.35-AM.jpeg\",\"keywords\":[\"CFT\",\"g\u00e9nero\"],\"articleSection\":[\"G\u00e9nero\"],\"inLanguage\":\"es\"},{\"@type\":\"WebPage\",\"@id\":\"https:\/\/municipales.org.ar\/festram\/festram-en-el-encuentro-de-mujeres-sindicalistas-por-la-unidad-de-las-trabajadoras\/\",\"url\":\"https:\/\/municipales.org.ar\/festram\/festram-en-el-encuentro-de-mujeres-sindicalistas-por-la-unidad-de-las-trabajadoras\/\",\"name\":\"FESTRAM en el Encuentro de Mujeres Sindicalistas \\\"Por la Unidad de las Trabajadoras\\\" &#8211; FESTRAM\",\"isPartOf\":{\"@id\":\"https:\/\/municipales.org.ar\/festram\/#website\"},\"primaryImageOfPage\":{\"@id\":\"https:\/\/municipales.org.ar\/festram\/festram-en-el-encuentro-de-mujeres-sindicalistas-por-la-unidad-de-las-trabajadoras\/#primaryimage\"},\"image\":{\"@id\":\"https:\/\/municipales.org.ar\/festram\/festram-en-el-encuentro-de-mujeres-sindicalistas-por-la-unidad-de-las-trabajadoras\/#primaryimage\"},\"thumbnailUrl\":\"https:\/\/municipales.org.ar\/festram\/wp-content\/uploads\/2021\/10\/WhatsApp-Image-2021-10-22-at-8.43.35-AM.jpeg\",\"datePublished\":\"2021-10-22T19:51:40+00:00\",\"dateModified\":\"2021-10-22T19:51:42+00:00\",\"description\":\"el \u201cActo por la unidad de las trabajadoras\u201d convocado por las MUJERES SINDICALISTAS de la Corriente Federal de Trabajadores que se realiz\u00f3 el s\u00e1bado 16 de Octubre pasado.\",\"breadcrumb\":{\"@id\":\"https:\/\/municipales.org.ar\/festram\/festram-en-el-encuentro-de-mujeres-sindicalistas-por-la-unidad-de-las-trabajadoras\/#breadcrumb\"},\"inLanguage\":\"es\",\"potentialAction\":[{\"@type\":\"ReadAction\",\"target\":[\"https:\/\/municipales.org.ar\/festram\/festram-en-el-encuentro-de-mujeres-sindicalistas-por-la-unidad-de-las-trabajadoras\/\"]}]},{\"@type\":\"ImageObject\",\"inLanguage\":\"es\",\"@id\":\"https:\/\/municipales.org.ar\/festram\/festram-en-el-encuentro-de-mujeres-sindicalistas-por-la-unidad-de-las-trabajadoras\/#primaryimage\",\"url\":\"https:\/\/municipales.org.ar\/festram\/wp-content\/uploads\/2021\/10\/WhatsApp-Image-2021-10-22-at-8.43.35-AM.jpeg\",\"contentUrl\":\"https:\/\/municipales.org.ar\/festram\/wp-content\/uploads\/2021\/10\/WhatsApp-Image-2021-10-22-at-8.43.35-AM.jpeg\",\"width\":1280,\"height\":960},{\"@type\":\"BreadcrumbList\",\"@id\":\"https:\/\/municipales.org.ar\/festram\/festram-en-el-encuentro-de-mujeres-sindicalistas-por-la-unidad-de-las-trabajadoras\/#breadcrumb\",\"itemListElement\":[{\"@type\":\"ListItem\",\"position\":1,\"name\":\"Portada\",\"item\":\"https:\/\/municipales.org.ar\/festram\/\"},{\"@type\":\"ListItem\",\"position\":2,\"name\":\"FESTRAM en el Encuentro de Mujeres Sindicalistas \u00abPor la Unidad de las Trabajadoras\u00bb\"}]},{\"@type\":\"WebSite\",\"@id\":\"https:\/\/municipales.org.ar\/festram\/#website\",\"url\":\"https:\/\/municipales.org.ar\/festram\/\",\"name\":\"FESTRAM\",\"description\":\"La web de los trabajadores municipales\",\"publisher\":{\"@id\":\"https:\/\/municipales.org.ar\/festram\/#organization\"},\"potentialAction\":[{\"@type\":\"SearchAction\",\"target\":{\"@type\":\"EntryPoint\",\"urlTemplate\":\"https:\/\/municipales.org.ar\/festram\/?s={search_term_string}\"},\"query-input\":{\"@type\":\"PropertyValueSpecification\",\"valueRequired\":true,\"valueName\":\"search_term_string\"}}],\"inLanguage\":\"es\"},{\"@type\":\"Organization\",\"@id\":\"https:\/\/municipales.org.ar\/festram\/#organization\",\"name\":\"Federaci\u00f3n de Sindicatos de Trabajadores Municipales de la Provincia de Santa Fe\",\"url\":\"https:\/\/municipales.org.ar\/festram\/\",\"logo\":{\"@type\":\"ImageObject\",\"inLanguage\":\"es\",\"@id\":\"https:\/\/municipales.org.ar\/festram\/#\/schema\/logo\/image\/\",\"url\":\"https:\/\/www.municipales.org.ar\/festram\/wp-content\/uploads\/2014\/07\/logo_fes.jpg\",\"contentUrl\":\"https:\/\/www.municipales.org.ar\/festram\/wp-content\/uploads\/2014\/07\/logo_fes.jpg\",\"width\":661,\"height\":673,\"caption\":\"Federaci\u00f3n de Sindicatos de Trabajadores Municipales de la Provincia de Santa Fe\"},\"image\":{\"@id\":\"https:\/\/municipales.org.ar\/festram\/#\/schema\/logo\/image\/\"},\"sameAs\":[\"https:\/\/www.facebook.com\/MunicipalesSF\",\"https:\/\/x.com\/MunicipalesSF\",\"https:\/\/www.youtube.com\/user\/festram\"]},{\"@type\":\"Person\",\"@id\":\"https:\/\/municipales.org.ar\/festram\/#\/schema\/person\/49096a774c48ce9063df4d59ec059f9e\",\"name\":\"mun_admin\"}]}<\/script>\n<!-- \/ Yoast SEO plugin. -->","yoast_head_json":{"title":"FESTRAM en el Encuentro de Mujeres Sindicalistas \"Por la Unidad de las Trabajadoras\" &#8211; FESTRAM","description":"el \u201cActo por la unidad de las trabajadoras\u201d convocado por las MUJERES SINDICALISTAS de la Corriente Federal de Trabajadores que se realiz\u00f3 el s\u00e1bado 16 de Octubre pasado.","robots":{"index":"index","follow":"follow","max-snippet":"max-snippet:-1","max-image-preview":"max-image-preview:large","max-video-preview":"max-video-preview:-1"},"canonical":"https:\/\/municipales.org.ar\/festram\/festram-en-el-encuentro-de-mujeres-sindicalistas-por-la-unidad-de-las-trabajadoras\/","og_locale":"es_ES","og_type":"article","og_title":"FESTRAM en el Encuentro de Mujeres Sindicalistas \"Por la Unidad de las Trabajadoras\" &#8211; FESTRAM","og_description":"el \u201cActo por la unidad de las trabajadoras\u201d convocado por las MUJERES SINDICALISTAS de la Corriente Federal de Trabajadores que se realiz\u00f3 el s\u00e1bado 16 de Octubre pasado.","og_url":"https:\/\/municipales.org.ar\/festram\/festram-en-el-encuentro-de-mujeres-sindicalistas-por-la-unidad-de-las-trabajadoras\/","og_site_name":"FESTRAM","article_publisher":"https:\/\/www.facebook.com\/MunicipalesSF","article_published_time":"2021-10-22T19:51:40+00:00","article_modified_time":"2021-10-22T19:51:42+00:00","og_image":[{"width":1280,"height":960,"url":"https:\/\/municipales.org.ar\/festram\/wp-content\/uploads\/2021\/10\/WhatsApp-Image-2021-10-22-at-8.43.35-AM.jpeg","type":"image\/jpeg"}],"author":"mun_admin","twitter_card":"summary_large_image","twitter_creator":"@MunicipalesSF","twitter_site":"@MunicipalesSF","twitter_misc":{"Escrito por":"mun_admin","Tiempo de lectura":"2 minutos"},"schema":{"@context":"https:\/\/schema.org","@graph":[{"@type":"Article","@id":"https:\/\/municipales.org.ar\/festram\/festram-en-el-encuentro-de-mujeres-sindicalistas-por-la-unidad-de-las-trabajadoras\/#article","isPartOf":{"@id":"https:\/\/municipales.org.ar\/festram\/festram-en-el-encuentro-de-mujeres-sindicalistas-por-la-unidad-de-las-trabajadoras\/"},"author":{"name":"mun_admin","@id":"https:\/\/municipales.org.ar\/festram\/#\/schema\/person\/49096a774c48ce9063df4d59ec059f9e"},"headline":"FESTRAM en el Encuentro de Mujeres Sindicalistas \u00abPor la Unidad de las Trabajadoras\u00bb","datePublished":"2021-10-22T19:51:40+00:00","dateModified":"2021-10-22T19:51:42+00:00","mainEntityOfPage":{"@id":"https:\/\/municipales.org.ar\/festram\/festram-en-el-encuentro-de-mujeres-sindicalistas-por-la-unidad-de-las-trabajadoras\/"},"wordCount":370,"publisher":{"@id":"https:\/\/municipales.org.ar\/festram\/#organization"},"image":{"@id":"https:\/\/municipales.org.ar\/festram\/festram-en-el-encuentro-de-mujeres-sindicalistas-por-la-unidad-de-las-trabajadoras\/#primaryimage"},"thumbnailUrl":"https:\/\/municipales.org.ar\/festram\/wp-content\/uploads\/2021\/10\/WhatsApp-Image-2021-10-22-at-8.43.35-AM.jpeg","keywords":["CFT","g\u00e9nero"],"articleSection":["G\u00e9nero"],"inLanguage":"es"},{"@type":"WebPage","@id":"https:\/\/municipales.org.ar\/festram\/festram-en-el-encuentro-de-mujeres-sindicalistas-por-la-unidad-de-las-trabajadoras\/","url":"https:\/\/municipales.org.ar\/festram\/festram-en-el-encuentro-de-mujeres-sindicalistas-por-la-unidad-de-las-trabajadoras\/","name":"FESTRAM en el Encuentro de Mujeres Sindicalistas \"Por la Unidad de las Trabajadoras\" &#8211; FESTRAM","isPartOf":{"@id":"https:\/\/municipales.org.ar\/festram\/#website"},"primaryImageOfPage":{"@id":"https:\/\/municipales.org.ar\/festram\/festram-en-el-encuentro-de-mujeres-sindicalistas-por-la-unidad-de-las-trabajadoras\/#primaryimage"},"image":{"@id":"https:\/\/municipales.org.ar\/festram\/festram-en-el-encuentro-de-mujeres-sindicalistas-por-la-unidad-de-las-trabajadoras\/#primaryimage"},"thumbnailUrl":"https:\/\/municipales.org.ar\/festram\/wp-content\/uploads\/2021\/10\/WhatsApp-Image-2021-10-22-at-8.43.35-AM.jpeg","datePublished":"2021-10-22T19:51:40+00:00","dateModified":"2021-10-22T19:51:42+00:00","description":"el \u201cActo por la unidad de las trabajadoras\u201d convocado por las MUJERES SINDICALISTAS de la Corriente Federal de Trabajadores que se realiz\u00f3 el s\u00e1bado 16 de Octubre pasado.","breadcrumb":{"@id":"https:\/\/municipales.org.ar\/festram\/festram-en-el-encuentro-de-mujeres-sindicalistas-por-la-unidad-de-las-trabajadoras\/#breadcrumb"},"inLanguage":"es","potentialAction":[{"@type":"ReadAction","target":["https:\/\/municipales.org.ar\/festram\/festram-en-el-encuentro-de-mujeres-sindicalistas-por-la-unidad-de-las-trabajadoras\/"]}]},{"@type":"ImageObject","inLanguage":"es","@id":"https:\/\/municipales.org.ar\/festram\/festram-en-el-encuentro-de-mujeres-sindicalistas-por-la-unidad-de-las-trabajadoras\/#primaryimage","url":"https:\/\/municipales.org.ar\/festram\/wp-content\/uploads\/2021\/10\/WhatsApp-Image-2021-10-22-at-8.43.35-AM.jpeg","contentUrl":"https:\/\/municipales.org.ar\/festram\/wp-content\/uploads\/2021\/10\/WhatsApp-Image-2021-10-22-at-8.43.35-AM.jpeg","width":1280,"height":960},{"@type":"BreadcrumbList","@id":"https:\/\/municipales.org.ar\/festram\/festram-en-el-encuentro-de-mujeres-sindicalistas-por-la-unidad-de-las-trabajadoras\/#breadcrumb","itemListElement":[{"@type":"ListItem","position":1,"name":"Portada","item":"https:\/\/municipales.org.ar\/festram\/"},{"@type":"ListItem","position":2,"name":"FESTRAM en el Encuentro de Mujeres Sindicalistas \u00abPor la Unidad de las Trabajadoras\u00bb"}]},{"@type":"WebSite","@id":"https:\/\/municipales.org.ar\/festram\/#website","url":"https:\/\/municipales.org.ar\/festram\/","name":"FESTRAM","description":"La web de los trabajadores municipales","publisher":{"@id":"https:\/\/municipales.org.ar\/festram\/#organization"},"potentialAction":[{"@type":"SearchAction","target":{"@type":"EntryPoint","urlTemplate":"https:\/\/municipales.org.ar\/festram\/?s={search_term_string}"},"query-input":{"@type":"PropertyValueSpecification","valueRequired":true,"valueName":"search_term_string"}}],"inLanguage":"es"},{"@type":"Organization","@id":"https:\/\/municipales.org.ar\/festram\/#organization","name":"Federaci\u00f3n de Sindicatos de Trabajadores Municipales de la Provincia de Santa Fe","url":"https:\/\/municipales.org.ar\/festram\/","logo":{"@type":"ImageObject","inLanguage":"es","@id":"https:\/\/municipales.org.ar\/festram\/#\/schema\/logo\/image\/","url":"https:\/\/www.municipales.org.ar\/festram\/wp-content\/uploads\/2014\/07\/logo_fes.jpg","contentUrl":"https:\/\/www.municipales.org.ar\/festram\/wp-content\/uploads\/2014\/07\/logo_fes.jpg","width":661,"height":673,"caption":"Federaci\u00f3n de Sindicatos de Trabajadores Municipales de la Provincia de Santa Fe"},"image":{"@id":"https:\/\/municipales.org.ar\/festram\/#\/schema\/logo\/image\/"},"sameAs":["https:\/\/www.facebook.com\/MunicipalesSF","https:\/\/x.com\/MunicipalesSF","https:\/\/www.youtube.com\/user\/festram"]},{"@type":"Person","@id":"https:\/\/municipales.org.ar\/festram\/#\/schema\/person\/49096a774c48ce9063df4d59ec059f9e","name":"mun_admin"}]}},"jetpack_publicize_connections":[],"jetpack_featured_media_url":"https:\/\/municipales.org.ar\/festram\/wp-content\/uploads\/2021\/10\/WhatsApp-Image-2021-10-22-at-8.43.35-AM.jpeg","jetpack_sharing_enabled":true,"jetpack_likes_enabled":false,"jetpack_shortlink":"https:\/\/wp.me\/p7l4x1-42t","_links":{"self":[{"href":"https:\/\/municipales.org.ar\/festram\/wp-json\/wp\/v2\/posts\/15529","targetHints":{"allow":["GET"]}}],"collection":[{"href":"https:\/\/municipales.org.ar\/festram\/wp-json\/wp\/v2\/posts"}],"about":[{"href":"https:\/\/municipales.org.ar\/festram\/wp-json\/wp\/v2\/types\/post"}],"author":[{"embeddable":true,"href":"https:\/\/municipales.org.ar\/festram\/wp-json\/wp\/v2\/users\/1"}],"replies":[{"embeddable":true,"href":"https:\/\/municipales.org.ar\/festram\/wp-json\/wp\/v2\/comments?post=15529"}],"version-history":[{"count":1,"href":"https:\/\/municipales.org.ar\/festram\/wp-json\/wp\/v2\/posts\/15529\/revisions"}],"predecessor-version":[{"id":15532,"href":"https:\/\/municipales.org.ar\/festram\/wp-json\/wp\/v2\/posts\/15529\/revisions\/15532"}],"wp:featuredmedia":[{"embeddable":true,"href":"https:\/\/municipales.org.ar\/festram\/wp-json\/wp\/v2\/media\/15530"}],"wp:attachment":[{"href":"https:\/\/municipales.org.ar\/festram\/wp-json\/wp\/v2\/media?parent=15529"}],"wp:term":[{"taxonomy":"category","embeddable":true,"href":"https:\/\/municipales.org.ar\/festram\/wp-json\/wp\/v2\/categories?post=15529"},{"taxonomy":"post_tag","embeddable":true,"href":"https:\/\/municipales.org.ar\/festram\/wp-json\/wp\/v2\/tags?post=15529"}],"curies":[{"name":"wp","href":"https:\/\/api.w.org\/{rel}","templated":true}]}}