{"id":15552,"date":"2021-11-04T16:54:18","date_gmt":"2021-11-04T19:54:18","guid":{"rendered":"https:\/\/www.municipales.org.ar\/festram\/?p=15552"},"modified":"2021-11-17T11:28:52","modified_gmt":"2021-11-17T14:28:52","slug":"acuerdo-paritario-noviembre-2021-cuadro-de-asignaciones-y-acta","status":"publish","type":"post","link":"https:\/\/municipales.org.ar\/festram\/acuerdo-paritario-noviembre-2021-cuadro-de-asignaciones-y-acta\/","title":{"rendered":"Acuerdo Paritario Noviembre 2021. Cuadro de Asignaciones y Acta"},"content":{"rendered":"\n<p>El incremento salarial del Acuerdo alcanzado en Noviembre 2021 consiste en:<\/p>\n\n\n\n<p>Un incremento del 17% (diecisiete por ciento) sobre la pol\u00edtica salarial vigente en cada jurisdicci\u00f3n tomando como base al mes de Febrero 2021 &#8211; que sumado el 35% ya percibido en agosto- se abonar\u00e1 en dos tramos y de la siguiente manera:<\/p>\n\n\n\n<ul class=\"wp-block-list\"><li>10% a partir de Noviembre 2021<\/li><li>7% a partir de Diciembre 2021<\/li><\/ul>\n\n\n\n<p><strong>Este acuerdo corresponde a la pol\u00edtica salarial del a\u00f1o 2021<\/strong> <strong>para el personal activo (planta permanente, contratados, eventuales y\/u otra modalidad de contrataci\u00f3n) de todos los municipios y comunas de la provincia de Santa Fe.<\/strong><\/p>\n\n\n\n<p><\/p>\n\n\n\n<div class=\"wp-block-buttons is-layout-flex wp-block-buttons-is-layout-flex\">\n<div class=\"wp-block-button\"><a class=\"wp-block-button__link has-vivid-cyan-blue-background-color has-background\" href=\"https:\/\/www.municipales.org.ar\/festram\/wp-content\/uploads\/2021\/11\/Paritarias.pdf\" target=\"_blank\" rel=\"noreferrer noopener\">Ver Acta Paritaria Noviembre 2021<\/a><\/div>\n<\/div>\n\n\n\n<div class=\"wp-block-buttons is-layout-flex wp-block-buttons-is-layout-flex\"><\/div>\n\n\n\n<h2 class=\"wp-block-heading\"><br>Cuadro de Asignaciones Noviembre 2021<\/h2>\n\n\n\n<p><br><\/p>\n\n\n\n<table id=\"tablepress-28\" class=\"tablepress tablepress-id-28\">\n<thead>\n<tr class=\"row-1\">\n\t<th class=\"column-1\">CAT.<\/th><th class=\"column-2\">Asignaci\u00f3n<br \/>\nCategor\u00eda<br \/>\nENERO<br \/>\n2021<br \/>\n<\/th><th class=\"column-3\">Asignaci\u00f3n<br \/>\nCategor\u00eda<br \/>\nAGOSTO<br \/>\n2021<br \/>\n35%<\/th><th class=\"column-4\">Asignaci\u00f3n<br \/>\nCategor\u00eda<br \/>\nNOV<br \/>\n2021<br \/>\n45%<\/th><th class=\"column-5\">Asignaci\u00f3n<br \/>\nCategor\u00eda<br \/>\nDIC<br \/>\n2021<br \/>\n52%<\/th>\n<\/tr>\n<\/thead>\n<tbody class=\"row-striping row-hover\">\n<tr class=\"row-2\">\n\t<td class=\"column-1\">8<\/td><td class=\"column-2\">19.902,00<\/td><td class=\"column-3\">26.867,70 <\/td><td class=\"column-4\">28.857,90<\/td><td class=\"column-5\">30.251,04<\/td>\n<\/tr>\n<tr class=\"row-3\">\n\t<td class=\"column-1\">9<\/td><td class=\"column-2\">21.427,43<\/td><td class=\"column-3\">28.927,03<\/td><td class=\"column-4\">31.069,78<\/td><td class=\"column-5\">32.569,70<\/td>\n<\/tr>\n<tr class=\"row-4\">\n\t<td class=\"column-1\">10<\/td><td class=\"column-2\">22.222,75<\/td><td class=\"column-3\">30.000,71<\/td><td class=\"column-4\">32.222,98<\/td><td class=\"column-5\">33.778,58<\/td>\n<\/tr>\n<tr class=\"row-5\">\n\t<td class=\"column-1\">11<\/td><td class=\"column-2\">23.616,11<\/td><td class=\"column-3\">31.881,74<\/td><td class=\"column-4\">34.243,35<\/td><td class=\"column-5\">35.896,48<\/td>\n<\/tr>\n<tr class=\"row-6\">\n\t<td class=\"column-1\">12<\/td><td class=\"column-2\">24.810,11<\/td><td class=\"column-3\">33.493,65<\/td><td class=\"column-4\">35.974,66<\/td><td class=\"column-5\">37.711,36<\/td>\n<\/tr>\n<tr class=\"row-7\">\n\t<td class=\"column-1\">13<\/td><td class=\"column-2\">26.402,41<\/td><td class=\"column-3\">35.643,26<\/td><td class=\"column-4\">38.283,50<\/td><td class=\"column-5\">40.131,67<\/td>\n<\/tr>\n<tr class=\"row-8\">\n\t<td class=\"column-1\">14<\/td><td class=\"column-2\">28.392,61<\/td><td class=\"column-3\">38.330,02<\/td><td class=\"column-4\">41.169,28<\/td><td class=\"column-5\">43.156,76<\/td>\n<\/tr>\n<tr class=\"row-9\">\n\t<td class=\"column-1\">15<\/td><td class=\"column-2\">30.979,83<\/td><td class=\"column-3\">41.822,77<\/td><td class=\"column-4\">44.920,75<\/td><td class=\"column-5\">47.089,34<\/td>\n<\/tr>\n<tr class=\"row-10\">\n\t<td class=\"column-1\">16<\/td><td class=\"column-2\">35.756,30<\/td><td class=\"column-3\">48.271,01<\/td><td class=\"column-4\">51.846,64<\/td><td class=\"column-5\">54.349,58<\/td>\n<\/tr>\n<tr class=\"row-11\">\n\t<td class=\"column-1\">17<\/td><td class=\"column-2\">36.751,28<\/td><td class=\"column-3\">49.614,22<\/td><td class=\"column-4\">53.289,35<\/td><td class=\"column-5\">55.861,94<\/td>\n<\/tr>\n<tr class=\"row-12\">\n\t<td class=\"column-1\">18<\/td><td class=\"column-2\">38.741,47<\/td><td class=\"column-3\">52.300,99 <\/td><td class=\"column-4\">56.175,13<\/td><td class=\"column-5\">58.887,04<\/td>\n<\/tr>\n<tr class=\"row-13\">\n\t<td class=\"column-1\">19<\/td><td class=\"column-2\">50.350,72<\/td><td class=\"column-3\">67.973,47<\/td><td class=\"column-4\">73.008,54<\/td><td class=\"column-5\">76.533,09<\/td>\n<\/tr>\n<tr class=\"row-14\">\n\t<td class=\"column-1\">20<\/td><td class=\"column-2\">52.208,23<\/td><td class=\"column-3\">70.481,12<\/td><td class=\"column-4\">75.701,94<\/td><td class=\"column-5\">79.356,52<\/td>\n<\/tr>\n<tr class=\"row-15\">\n\t<td class=\"column-1\">21<\/td><td class=\"column-2\">55.458,95<\/td><td class=\"column-3\">74.869,58 <\/td><td class=\"column-4\">80.415,47<\/td><td class=\"column-5\">84.297,60<\/td>\n<\/tr>\n<tr class=\"row-16\">\n\t<td class=\"column-1\">22<\/td><td class=\"column-2\">57.780,57<\/td><td class=\"column-3\">78.003,77<\/td><td class=\"column-4\">83.781,83<\/td><td class=\"column-5\">87.826,47<\/td>\n<\/tr>\n<tr class=\"row-17\">\n\t<td class=\"column-1\">23<\/td><td class=\"column-2\">61.561,85<\/td><td class=\"column-3\">83.108,50<\/td><td class=\"column-4\">89.264,68<\/td><td class=\"column-5\">93.574,01<\/td>\n<\/tr>\n<tr class=\"row-18\">\n\t<td class=\"column-1\">24<\/td><td class=\"column-2\">64.348,38<\/td><td class=\"column-3\">86.870,31<\/td><td class=\"column-4\">93.305,14<\/td><td class=\"column-5\">97.809,53<\/td>\n<\/tr>\n<\/tbody>\n<\/table>\n\n\n\n\n<h4 class=\"has-text-align-center wp-block-heading\"><br><br>Salario M\u00ednimo Garantizado de bolsillo<br>(excluyendo horas extras, asignaciones familiares y presentismo)<\/h4>\n\n\n\n<h4 class=\"has-text-align-center wp-block-heading\"><br>NOVIEMBRE 2021 $ 51.115.-<br>DICIEMBRE 2021 $ 53.615.-<\/h4>\n","protected":false},"excerpt":{"rendered":"<p>El incremento salarial del Acuerdo alcanzado en Noviembre 2021 consiste en: Un incremento del 17% (diecisiete por ciento) sobre la pol\u00edtica salarial vigente en cada jurisdicci\u00f3n tomando como base al mes de Febrero 2021 &#8211; que sumado el 35% ya percibido en agosto- se abonar\u00e1 en dos tramos y de la siguiente manera: 10% a [&hellip;]<\/p>\n","protected":false},"author":1,"featured_media":15554,"comment_status":"closed","ping_status":"closed","sticky":false,"template":"","format":"standard","meta":{"_jetpack_memberships_contains_paid_content":false,"footnotes":"","jetpack_publicize_message":"","jetpack_publicize_feature_enabled":true,"jetpack_social_post_already_shared":true,"jetpack_social_options":{"image_generator_settings":{"template":"highway","default_image_id":0,"font":"","enabled":false},"version":2}},"categories":[42],"tags":[68,109,41,69,228],"class_list":["post-15552","post","type-post","status-publish","format-standard","has-post-thumbnail","hentry","category-acuerdos-paritarios","tag-economia-provincial","tag-la-provincia","tag-paritaria","tag-politica-salarial","tag-titular3"],"yoast_head":"<!-- This site is optimized with the Yoast SEO plugin v25.9 - https:\/\/yoast.com\/wordpress\/plugins\/seo\/ -->\n<title>Acuerdo Paritario Noviembre 2021. Cuadro de Asignaciones y Acta &#8211; FESTRAM<\/title>\n<meta name=\"description\" content=\"El incremento salarial del Acuerdo alcanzado en Noviembre 2021 consiste en: Un incremento del 17% (diecisiete por ciento) sobre la pol\u00edtica salarial\" \/>\n<meta name=\"robots\" content=\"index, follow, max-snippet:-1, max-image-preview:large, max-video-preview:-1\" \/>\n<link rel=\"canonical\" href=\"https:\/\/municipales.org.ar\/festram\/acuerdo-paritario-noviembre-2021-cuadro-de-asignaciones-y-acta\/\" \/>\n<meta property=\"og:locale\" content=\"es_ES\" \/>\n<meta property=\"og:type\" content=\"article\" \/>\n<meta property=\"og:title\" content=\"Acuerdo Paritario Noviembre 2021. Cuadro de Asignaciones y Acta &#8211; FESTRAM\" \/>\n<meta property=\"og:description\" content=\"El incremento salarial del Acuerdo alcanzado en Noviembre 2021 consiste en: Un incremento del 17% (diecisiete por ciento) sobre la pol\u00edtica salarial\" \/>\n<meta property=\"og:url\" content=\"https:\/\/municipales.org.ar\/festram\/acuerdo-paritario-noviembre-2021-cuadro-de-asignaciones-y-acta\/\" \/>\n<meta property=\"og:site_name\" content=\"FESTRAM\" \/>\n<meta property=\"article:publisher\" content=\"https:\/\/www.facebook.com\/MunicipalesSF\" \/>\n<meta property=\"article:published_time\" content=\"2021-11-04T19:54:18+00:00\" \/>\n<meta property=\"article:modified_time\" content=\"2021-11-17T14:28:52+00:00\" \/>\n<meta property=\"og:image\" content=\"https:\/\/municipales.org.ar\/festram\/wp-content\/uploads\/2021\/11\/placa-paritaria.jpg\" \/>\n\t<meta property=\"og:image:width\" content=\"2500\" \/>\n\t<meta property=\"og:image:height\" content=\"1767\" \/>\n\t<meta property=\"og:image:type\" content=\"image\/jpeg\" \/>\n<meta name=\"author\" content=\"mun_admin\" \/>\n<meta name=\"twitter:card\" content=\"summary_large_image\" \/>\n<meta name=\"twitter:creator\" content=\"@MunicipalesSF\" \/>\n<meta name=\"twitter:site\" content=\"@MunicipalesSF\" \/>\n<meta name=\"twitter:label1\" content=\"Escrito por\" \/>\n\t<meta name=\"twitter:data1\" content=\"mun_admin\" \/>\n\t<meta name=\"twitter:label2\" content=\"Tiempo de lectura\" \/>\n\t<meta name=\"twitter:data2\" content=\"1 minuto\" \/>\n<script type=\"application\/ld+json\" class=\"yoast-schema-graph\">{\"@context\":\"https:\/\/schema.org\",\"@graph\":[{\"@type\":\"Article\",\"@id\":\"https:\/\/municipales.org.ar\/festram\/acuerdo-paritario-noviembre-2021-cuadro-de-asignaciones-y-acta\/#article\",\"isPartOf\":{\"@id\":\"https:\/\/municipales.org.ar\/festram\/acuerdo-paritario-noviembre-2021-cuadro-de-asignaciones-y-acta\/\"},\"author\":{\"name\":\"mun_admin\",\"@id\":\"https:\/\/municipales.org.ar\/festram\/#\/schema\/person\/49096a774c48ce9063df4d59ec059f9e\"},\"headline\":\"Acuerdo Paritario Noviembre 2021. Cuadro de Asignaciones y Acta\",\"datePublished\":\"2021-11-04T19:54:18+00:00\",\"dateModified\":\"2021-11-17T14:28:52+00:00\",\"mainEntityOfPage\":{\"@id\":\"https:\/\/municipales.org.ar\/festram\/acuerdo-paritario-noviembre-2021-cuadro-de-asignaciones-y-acta\/\"},\"wordCount\":130,\"publisher\":{\"@id\":\"https:\/\/municipales.org.ar\/festram\/#organization\"},\"image\":{\"@id\":\"https:\/\/municipales.org.ar\/festram\/acuerdo-paritario-noviembre-2021-cuadro-de-asignaciones-y-acta\/#primaryimage\"},\"thumbnailUrl\":\"https:\/\/municipales.org.ar\/festram\/wp-content\/uploads\/2021\/11\/placa-paritaria.jpg\",\"keywords\":[\"econom\u00eda provincial\",\"la provincia\",\"paritaria\",\"pol\u00edtica salarial\",\"titular3\"],\"articleSection\":[\"Acuerdos Paritarios\"],\"inLanguage\":\"es\"},{\"@type\":\"WebPage\",\"@id\":\"https:\/\/municipales.org.ar\/festram\/acuerdo-paritario-noviembre-2021-cuadro-de-asignaciones-y-acta\/\",\"url\":\"https:\/\/municipales.org.ar\/festram\/acuerdo-paritario-noviembre-2021-cuadro-de-asignaciones-y-acta\/\",\"name\":\"Acuerdo Paritario Noviembre 2021. Cuadro de Asignaciones y Acta &#8211; FESTRAM\",\"isPartOf\":{\"@id\":\"https:\/\/municipales.org.ar\/festram\/#website\"},\"primaryImageOfPage\":{\"@id\":\"https:\/\/municipales.org.ar\/festram\/acuerdo-paritario-noviembre-2021-cuadro-de-asignaciones-y-acta\/#primaryimage\"},\"image\":{\"@id\":\"https:\/\/municipales.org.ar\/festram\/acuerdo-paritario-noviembre-2021-cuadro-de-asignaciones-y-acta\/#primaryimage\"},\"thumbnailUrl\":\"https:\/\/municipales.org.ar\/festram\/wp-content\/uploads\/2021\/11\/placa-paritaria.jpg\",\"datePublished\":\"2021-11-04T19:54:18+00:00\",\"dateModified\":\"2021-11-17T14:28:52+00:00\",\"description\":\"El incremento salarial del Acuerdo alcanzado en Noviembre 2021 consiste en: Un incremento del 17% (diecisiete por ciento) sobre la pol\u00edtica salarial\",\"breadcrumb\":{\"@id\":\"https:\/\/municipales.org.ar\/festram\/acuerdo-paritario-noviembre-2021-cuadro-de-asignaciones-y-acta\/#breadcrumb\"},\"inLanguage\":\"es\",\"potentialAction\":[{\"@type\":\"ReadAction\",\"target\":[\"https:\/\/municipales.org.ar\/festram\/acuerdo-paritario-noviembre-2021-cuadro-de-asignaciones-y-acta\/\"]}]},{\"@type\":\"ImageObject\",\"inLanguage\":\"es\",\"@id\":\"https:\/\/municipales.org.ar\/festram\/acuerdo-paritario-noviembre-2021-cuadro-de-asignaciones-y-acta\/#primaryimage\",\"url\":\"https:\/\/municipales.org.ar\/festram\/wp-content\/uploads\/2021\/11\/placa-paritaria.jpg\",\"contentUrl\":\"https:\/\/municipales.org.ar\/festram\/wp-content\/uploads\/2021\/11\/placa-paritaria.jpg\",\"width\":2500,\"height\":1767},{\"@type\":\"BreadcrumbList\",\"@id\":\"https:\/\/municipales.org.ar\/festram\/acuerdo-paritario-noviembre-2021-cuadro-de-asignaciones-y-acta\/#breadcrumb\",\"itemListElement\":[{\"@type\":\"ListItem\",\"position\":1,\"name\":\"Portada\",\"item\":\"https:\/\/municipales.org.ar\/festram\/\"},{\"@type\":\"ListItem\",\"position\":2,\"name\":\"Acuerdo Paritario Noviembre 2021. Cuadro de Asignaciones y Acta\"}]},{\"@type\":\"WebSite\",\"@id\":\"https:\/\/municipales.org.ar\/festram\/#website\",\"url\":\"https:\/\/municipales.org.ar\/festram\/\",\"name\":\"FESTRAM\",\"description\":\"La web de los trabajadores municipales\",\"publisher\":{\"@id\":\"https:\/\/municipales.org.ar\/festram\/#organization\"},\"potentialAction\":[{\"@type\":\"SearchAction\",\"target\":{\"@type\":\"EntryPoint\",\"urlTemplate\":\"https:\/\/municipales.org.ar\/festram\/?s={search_term_string}\"},\"query-input\":{\"@type\":\"PropertyValueSpecification\",\"valueRequired\":true,\"valueName\":\"search_term_string\"}}],\"inLanguage\":\"es\"},{\"@type\":\"Organization\",\"@id\":\"https:\/\/municipales.org.ar\/festram\/#organization\",\"name\":\"Federaci\u00f3n de Sindicatos de Trabajadores Municipales de la Provincia de Santa Fe\",\"url\":\"https:\/\/municipales.org.ar\/festram\/\",\"logo\":{\"@type\":\"ImageObject\",\"inLanguage\":\"es\",\"@id\":\"https:\/\/municipales.org.ar\/festram\/#\/schema\/logo\/image\/\",\"url\":\"https:\/\/www.municipales.org.ar\/festram\/wp-content\/uploads\/2014\/07\/logo_fes.jpg\",\"contentUrl\":\"https:\/\/www.municipales.org.ar\/festram\/wp-content\/uploads\/2014\/07\/logo_fes.jpg\",\"width\":661,\"height\":673,\"caption\":\"Federaci\u00f3n de Sindicatos de Trabajadores Municipales de la Provincia de Santa Fe\"},\"image\":{\"@id\":\"https:\/\/municipales.org.ar\/festram\/#\/schema\/logo\/image\/\"},\"sameAs\":[\"https:\/\/www.facebook.com\/MunicipalesSF\",\"https:\/\/x.com\/MunicipalesSF\",\"https:\/\/www.youtube.com\/user\/festram\"]},{\"@type\":\"Person\",\"@id\":\"https:\/\/municipales.org.ar\/festram\/#\/schema\/person\/49096a774c48ce9063df4d59ec059f9e\",\"name\":\"mun_admin\"}]}<\/script>\n<!-- \/ Yoast SEO plugin. -->","yoast_head_json":{"title":"Acuerdo Paritario Noviembre 2021. Cuadro de Asignaciones y Acta &#8211; FESTRAM","description":"El incremento salarial del Acuerdo alcanzado en Noviembre 2021 consiste en: Un incremento del 17% (diecisiete por ciento) sobre la pol\u00edtica salarial","robots":{"index":"index","follow":"follow","max-snippet":"max-snippet:-1","max-image-preview":"max-image-preview:large","max-video-preview":"max-video-preview:-1"},"canonical":"https:\/\/municipales.org.ar\/festram\/acuerdo-paritario-noviembre-2021-cuadro-de-asignaciones-y-acta\/","og_locale":"es_ES","og_type":"article","og_title":"Acuerdo Paritario Noviembre 2021. Cuadro de Asignaciones y Acta &#8211; FESTRAM","og_description":"El incremento salarial del Acuerdo alcanzado en Noviembre 2021 consiste en: Un incremento del 17% (diecisiete por ciento) sobre la pol\u00edtica salarial","og_url":"https:\/\/municipales.org.ar\/festram\/acuerdo-paritario-noviembre-2021-cuadro-de-asignaciones-y-acta\/","og_site_name":"FESTRAM","article_publisher":"https:\/\/www.facebook.com\/MunicipalesSF","article_published_time":"2021-11-04T19:54:18+00:00","article_modified_time":"2021-11-17T14:28:52+00:00","og_image":[{"width":2500,"height":1767,"url":"https:\/\/municipales.org.ar\/festram\/wp-content\/uploads\/2021\/11\/placa-paritaria.jpg","type":"image\/jpeg"}],"author":"mun_admin","twitter_card":"summary_large_image","twitter_creator":"@MunicipalesSF","twitter_site":"@MunicipalesSF","twitter_misc":{"Escrito por":"mun_admin","Tiempo de lectura":"1 minuto"},"schema":{"@context":"https:\/\/schema.org","@graph":[{"@type":"Article","@id":"https:\/\/municipales.org.ar\/festram\/acuerdo-paritario-noviembre-2021-cuadro-de-asignaciones-y-acta\/#article","isPartOf":{"@id":"https:\/\/municipales.org.ar\/festram\/acuerdo-paritario-noviembre-2021-cuadro-de-asignaciones-y-acta\/"},"author":{"name":"mun_admin","@id":"https:\/\/municipales.org.ar\/festram\/#\/schema\/person\/49096a774c48ce9063df4d59ec059f9e"},"headline":"Acuerdo Paritario Noviembre 2021. Cuadro de Asignaciones y Acta","datePublished":"2021-11-04T19:54:18+00:00","dateModified":"2021-11-17T14:28:52+00:00","mainEntityOfPage":{"@id":"https:\/\/municipales.org.ar\/festram\/acuerdo-paritario-noviembre-2021-cuadro-de-asignaciones-y-acta\/"},"wordCount":130,"publisher":{"@id":"https:\/\/municipales.org.ar\/festram\/#organization"},"image":{"@id":"https:\/\/municipales.org.ar\/festram\/acuerdo-paritario-noviembre-2021-cuadro-de-asignaciones-y-acta\/#primaryimage"},"thumbnailUrl":"https:\/\/municipales.org.ar\/festram\/wp-content\/uploads\/2021\/11\/placa-paritaria.jpg","keywords":["econom\u00eda provincial","la provincia","paritaria","pol\u00edtica salarial","titular3"],"articleSection":["Acuerdos Paritarios"],"inLanguage":"es"},{"@type":"WebPage","@id":"https:\/\/municipales.org.ar\/festram\/acuerdo-paritario-noviembre-2021-cuadro-de-asignaciones-y-acta\/","url":"https:\/\/municipales.org.ar\/festram\/acuerdo-paritario-noviembre-2021-cuadro-de-asignaciones-y-acta\/","name":"Acuerdo Paritario Noviembre 2021. Cuadro de Asignaciones y Acta &#8211; FESTRAM","isPartOf":{"@id":"https:\/\/municipales.org.ar\/festram\/#website"},"primaryImageOfPage":{"@id":"https:\/\/municipales.org.ar\/festram\/acuerdo-paritario-noviembre-2021-cuadro-de-asignaciones-y-acta\/#primaryimage"},"image":{"@id":"https:\/\/municipales.org.ar\/festram\/acuerdo-paritario-noviembre-2021-cuadro-de-asignaciones-y-acta\/#primaryimage"},"thumbnailUrl":"https:\/\/municipales.org.ar\/festram\/wp-content\/uploads\/2021\/11\/placa-paritaria.jpg","datePublished":"2021-11-04T19:54:18+00:00","dateModified":"2021-11-17T14:28:52+00:00","description":"El incremento salarial del Acuerdo alcanzado en Noviembre 2021 consiste en: Un incremento del 17% (diecisiete por ciento) sobre la pol\u00edtica salarial","breadcrumb":{"@id":"https:\/\/municipales.org.ar\/festram\/acuerdo-paritario-noviembre-2021-cuadro-de-asignaciones-y-acta\/#breadcrumb"},"inLanguage":"es","potentialAction":[{"@type":"ReadAction","target":["https:\/\/municipales.org.ar\/festram\/acuerdo-paritario-noviembre-2021-cuadro-de-asignaciones-y-acta\/"]}]},{"@type":"ImageObject","inLanguage":"es","@id":"https:\/\/municipales.org.ar\/festram\/acuerdo-paritario-noviembre-2021-cuadro-de-asignaciones-y-acta\/#primaryimage","url":"https:\/\/municipales.org.ar\/festram\/wp-content\/uploads\/2021\/11\/placa-paritaria.jpg","contentUrl":"https:\/\/municipales.org.ar\/festram\/wp-content\/uploads\/2021\/11\/placa-paritaria.jpg","width":2500,"height":1767},{"@type":"BreadcrumbList","@id":"https:\/\/municipales.org.ar\/festram\/acuerdo-paritario-noviembre-2021-cuadro-de-asignaciones-y-acta\/#breadcrumb","itemListElement":[{"@type":"ListItem","position":1,"name":"Portada","item":"https:\/\/municipales.org.ar\/festram\/"},{"@type":"ListItem","position":2,"name":"Acuerdo Paritario Noviembre 2021. Cuadro de Asignaciones y Acta"}]},{"@type":"WebSite","@id":"https:\/\/municipales.org.ar\/festram\/#website","url":"https:\/\/municipales.org.ar\/festram\/","name":"FESTRAM","description":"La web de los trabajadores municipales","publisher":{"@id":"https:\/\/municipales.org.ar\/festram\/#organization"},"potentialAction":[{"@type":"SearchAction","target":{"@type":"EntryPoint","urlTemplate":"https:\/\/municipales.org.ar\/festram\/?s={search_term_string}"},"query-input":{"@type":"PropertyValueSpecification","valueRequired":true,"valueName":"search_term_string"}}],"inLanguage":"es"},{"@type":"Organization","@id":"https:\/\/municipales.org.ar\/festram\/#organization","name":"Federaci\u00f3n de Sindicatos de Trabajadores Municipales de la Provincia de Santa Fe","url":"https:\/\/municipales.org.ar\/festram\/","logo":{"@type":"ImageObject","inLanguage":"es","@id":"https:\/\/municipales.org.ar\/festram\/#\/schema\/logo\/image\/","url":"https:\/\/www.municipales.org.ar\/festram\/wp-content\/uploads\/2014\/07\/logo_fes.jpg","contentUrl":"https:\/\/www.municipales.org.ar\/festram\/wp-content\/uploads\/2014\/07\/logo_fes.jpg","width":661,"height":673,"caption":"Federaci\u00f3n de Sindicatos de Trabajadores Municipales de la Provincia de Santa Fe"},"image":{"@id":"https:\/\/municipales.org.ar\/festram\/#\/schema\/logo\/image\/"},"sameAs":["https:\/\/www.facebook.com\/MunicipalesSF","https:\/\/x.com\/MunicipalesSF","https:\/\/www.youtube.com\/user\/festram"]},{"@type":"Person","@id":"https:\/\/municipales.org.ar\/festram\/#\/schema\/person\/49096a774c48ce9063df4d59ec059f9e","name":"mun_admin"}]}},"jetpack_publicize_connections":[],"jetpack_featured_media_url":"https:\/\/municipales.org.ar\/festram\/wp-content\/uploads\/2021\/11\/placa-paritaria.jpg","jetpack_sharing_enabled":true,"jetpack_likes_enabled":false,"jetpack_shortlink":"https:\/\/wp.me\/p7l4x1-42Q","_links":{"self":[{"href":"https:\/\/municipales.org.ar\/festram\/wp-json\/wp\/v2\/posts\/15552","targetHints":{"allow":["GET"]}}],"collection":[{"href":"https:\/\/municipales.org.ar\/festram\/wp-json\/wp\/v2\/posts"}],"about":[{"href":"https:\/\/municipales.org.ar\/festram\/wp-json\/wp\/v2\/types\/post"}],"author":[{"embeddable":true,"href":"https:\/\/municipales.org.ar\/festram\/wp-json\/wp\/v2\/users\/1"}],"replies":[{"embeddable":true,"href":"https:\/\/municipales.org.ar\/festram\/wp-json\/wp\/v2\/comments?post=15552"}],"version-history":[{"count":2,"href":"https:\/\/municipales.org.ar\/festram\/wp-json\/wp\/v2\/posts\/15552\/revisions"}],"predecessor-version":[{"id":15560,"href":"https:\/\/municipales.org.ar\/festram\/wp-json\/wp\/v2\/posts\/15552\/revisions\/15560"}],"wp:featuredmedia":[{"embeddable":true,"href":"https:\/\/municipales.org.ar\/festram\/wp-json\/wp\/v2\/media\/15554"}],"wp:attachment":[{"href":"https:\/\/municipales.org.ar\/festram\/wp-json\/wp\/v2\/media?parent=15552"}],"wp:term":[{"taxonomy":"category","embeddable":true,"href":"https:\/\/municipales.org.ar\/festram\/wp-json\/wp\/v2\/categories?post=15552"},{"taxonomy":"post_tag","embeddable":true,"href":"https:\/\/municipales.org.ar\/festram\/wp-json\/wp\/v2\/tags?post=15552"}],"curies":[{"name":"wp","href":"https:\/\/api.w.org\/{rel}","templated":true}]}}