{"id":15643,"date":"2022-03-07T10:34:34","date_gmt":"2022-03-07T13:34:34","guid":{"rendered":"https:\/\/www.municipales.org.ar\/festram\/?p=15643"},"modified":"2022-03-16T12:36:13","modified_gmt":"2022-03-16T15:36:13","slug":"festram-adhiere-al-paro-del-dia-internacional-de-la-mujer-2","status":"publish","type":"post","link":"https:\/\/municipales.org.ar\/festram\/festram-adhiere-al-paro-del-dia-internacional-de-la-mujer-2\/","title":{"rendered":"FESTRAM adhiere al Paro del D\u00eda Internacional de la Mujer"},"content":{"rendered":"\n<p><\/p>\n\n\n\n<h2 class=\"wp-block-heading\">A partir de la premisa Nosotras movemos el Mundo, FESTRAM a trav\u00e9s de la Secretar\u00eda de Pol\u00edticas de G\u00e9nero, Ni\u00f1ez, Familia y Medio Ambiente, adhiere al Paro Internacional de Mujeres.<br><\/h2>\n\n\n\n<p>Cada Sindicato que conforma la Federaci\u00f3n determinar\u00e1 la modalidad de adhesi\u00f3n a los fines de participar activamente en las actividades que se realizar\u00e1n en las distintas localidades, organizadas por el colectivo de mujeres trabajadoras y de acuerdo a las resoluciones que se tomen en cada regi\u00f3n de la Provincia.<\/p>\n\n\n\n<p>Invitando a las trabajadoras y trabajadores de todos los \u00e1mbitos municipales y comunales como as\u00ed tambi\u00e9n los funcionarios, a la reflexi\u00f3n sobre la matriz cultural, la violencia machista, la desigualdad de g\u00e9nero. En este sentido incorporar herramientas que nos permitan deconstruir esa matriz vincular en la que fuimos formades, como as\u00ed tambi\u00e9n profundizar y avanzar en la capacitaci\u00f3n sobre la Ley Micaela en todos los Municipios y Comunas.<\/p>\n\n\n\n<p>En ese camino estamos, inclaudicables, porque esta lucha es por la igualdad.<\/p>\n\n\n\n<p>Adherimos tambi\u00e9n a la Movilizaci\u00f3n al Congreso de la Naci\u00f3n el 8M convocada por el conjunto de las Centrales Sindicales de nuestro pa\u00eds bajo la consigna: \u00abLa deuda es con Nosotras y Nosotres. Que la paguen los que la fugaron\u00bb<\/p>\n\n\n\n<h6 class=\"wp-block-heading\">Prensa FESTRAM<\/h6>\n","protected":false},"excerpt":{"rendered":"<p>A partir de la premisa Nosotras movemos el Mundo, FESTRAM a trav\u00e9s de la Secretar\u00eda de Pol\u00edticas de G\u00e9nero, Ni\u00f1ez, Familia y Medio Ambiente, adhiere al Paro Internacional de Mujeres.<\/p>\n","protected":false},"author":1,"featured_media":15646,"comment_status":"closed","ping_status":"closed","sticky":false,"template":"","format":"standard","meta":{"_jetpack_memberships_contains_paid_content":false,"footnotes":"","jetpack_publicize_message":"","jetpack_publicize_feature_enabled":true,"jetpack_social_post_already_shared":true,"jetpack_social_options":{"image_generator_settings":{"template":"highway","default_image_id":0,"font":"","enabled":false},"version":2}},"categories":[241,50],"tags":[87],"class_list":["post-15643","post","type-post","status-publish","format-standard","has-post-thumbnail","hentry","category-comunicados-2022","category-genero","tag-genero-2"],"yoast_head":"<!-- This site is optimized with the Yoast SEO plugin v25.9 - https:\/\/yoast.com\/wordpress\/plugins\/seo\/ -->\n<title>FESTRAM adhiere al Paro del D\u00eda Internacional de la Mujer &#8211; FESTRAM<\/title>\n<meta name=\"description\" content=\"A partir de la premisa Nosotras movemos el Mundo, FESTRAM a trav\u00e9s de la Secretar\u00eda de Pol\u00edticas de G\u00e9nero, Ni\u00f1ez, Familia y Medio Ambiente, adhiere al Paro Internacional de Mujeres.\" \/>\n<meta name=\"robots\" content=\"index, follow, max-snippet:-1, max-image-preview:large, max-video-preview:-1\" \/>\n<link rel=\"canonical\" href=\"https:\/\/municipales.org.ar\/festram\/festram-adhiere-al-paro-del-dia-internacional-de-la-mujer-2\/\" \/>\n<meta property=\"og:locale\" content=\"es_ES\" \/>\n<meta property=\"og:type\" content=\"article\" \/>\n<meta property=\"og:title\" content=\"FESTRAM adhiere al Paro del D\u00eda Internacional de la Mujer &#8211; FESTRAM\" \/>\n<meta property=\"og:description\" content=\"A partir de la premisa Nosotras movemos el Mundo, FESTRAM a trav\u00e9s de la Secretar\u00eda de Pol\u00edticas de G\u00e9nero, Ni\u00f1ez, Familia y Medio Ambiente, adhiere al Paro Internacional de Mujeres.\" \/>\n<meta property=\"og:url\" content=\"https:\/\/municipales.org.ar\/festram\/festram-adhiere-al-paro-del-dia-internacional-de-la-mujer-2\/\" \/>\n<meta property=\"og:site_name\" content=\"FESTRAM\" \/>\n<meta property=\"article:publisher\" content=\"https:\/\/www.facebook.com\/MunicipalesSF\" \/>\n<meta property=\"article:published_time\" content=\"2022-03-07T13:34:34+00:00\" \/>\n<meta property=\"article:modified_time\" content=\"2022-03-16T15:36:13+00:00\" \/>\n<meta property=\"og:image\" content=\"https:\/\/municipales.org.ar\/festram\/wp-content\/uploads\/2022\/03\/Sin-ti\u0301tulo-2-1.jpg\" \/>\n\t<meta property=\"og:image:width\" content=\"2000\" \/>\n\t<meta property=\"og:image:height\" content=\"1097\" \/>\n\t<meta property=\"og:image:type\" content=\"image\/jpeg\" \/>\n<meta name=\"author\" content=\"mun_admin\" \/>\n<meta name=\"twitter:card\" content=\"summary_large_image\" \/>\n<meta name=\"twitter:creator\" content=\"@MunicipalesSF\" \/>\n<meta name=\"twitter:site\" content=\"@MunicipalesSF\" \/>\n<meta name=\"twitter:label1\" content=\"Escrito por\" \/>\n\t<meta name=\"twitter:data1\" content=\"mun_admin\" \/>\n\t<meta name=\"twitter:label2\" content=\"Tiempo de lectura\" \/>\n\t<meta name=\"twitter:data2\" content=\"1 minuto\" \/>\n<script type=\"application\/ld+json\" class=\"yoast-schema-graph\">{\"@context\":\"https:\/\/schema.org\",\"@graph\":[{\"@type\":\"Article\",\"@id\":\"https:\/\/municipales.org.ar\/festram\/festram-adhiere-al-paro-del-dia-internacional-de-la-mujer-2\/#article\",\"isPartOf\":{\"@id\":\"https:\/\/municipales.org.ar\/festram\/festram-adhiere-al-paro-del-dia-internacional-de-la-mujer-2\/\"},\"author\":{\"name\":\"mun_admin\",\"@id\":\"https:\/\/municipales.org.ar\/festram\/#\/schema\/person\/49096a774c48ce9063df4d59ec059f9e\"},\"headline\":\"FESTRAM adhiere al Paro del D\u00eda Internacional de la Mujer\",\"datePublished\":\"2022-03-07T13:34:34+00:00\",\"dateModified\":\"2022-03-16T15:36:13+00:00\",\"mainEntityOfPage\":{\"@id\":\"https:\/\/municipales.org.ar\/festram\/festram-adhiere-al-paro-del-dia-internacional-de-la-mujer-2\/\"},\"wordCount\":230,\"publisher\":{\"@id\":\"https:\/\/municipales.org.ar\/festram\/#organization\"},\"image\":{\"@id\":\"https:\/\/municipales.org.ar\/festram\/festram-adhiere-al-paro-del-dia-internacional-de-la-mujer-2\/#primaryimage\"},\"thumbnailUrl\":\"https:\/\/municipales.org.ar\/festram\/wp-content\/uploads\/2022\/03\/Sin-ti\u0301tulo-2-1.jpg\",\"keywords\":[\"g\u00e9nero\"],\"articleSection\":[\"Comunicados 2022\",\"G\u00e9nero\"],\"inLanguage\":\"es\"},{\"@type\":\"WebPage\",\"@id\":\"https:\/\/municipales.org.ar\/festram\/festram-adhiere-al-paro-del-dia-internacional-de-la-mujer-2\/\",\"url\":\"https:\/\/municipales.org.ar\/festram\/festram-adhiere-al-paro-del-dia-internacional-de-la-mujer-2\/\",\"name\":\"FESTRAM adhiere al Paro del D\u00eda Internacional de la Mujer &#8211; FESTRAM\",\"isPartOf\":{\"@id\":\"https:\/\/municipales.org.ar\/festram\/#website\"},\"primaryImageOfPage\":{\"@id\":\"https:\/\/municipales.org.ar\/festram\/festram-adhiere-al-paro-del-dia-internacional-de-la-mujer-2\/#primaryimage\"},\"image\":{\"@id\":\"https:\/\/municipales.org.ar\/festram\/festram-adhiere-al-paro-del-dia-internacional-de-la-mujer-2\/#primaryimage\"},\"thumbnailUrl\":\"https:\/\/municipales.org.ar\/festram\/wp-content\/uploads\/2022\/03\/Sin-ti\u0301tulo-2-1.jpg\",\"datePublished\":\"2022-03-07T13:34:34+00:00\",\"dateModified\":\"2022-03-16T15:36:13+00:00\",\"description\":\"A partir de la premisa Nosotras movemos el Mundo, FESTRAM a trav\u00e9s de la Secretar\u00eda de Pol\u00edticas de G\u00e9nero, Ni\u00f1ez, Familia y Medio Ambiente, adhiere al Paro Internacional de Mujeres.\",\"breadcrumb\":{\"@id\":\"https:\/\/municipales.org.ar\/festram\/festram-adhiere-al-paro-del-dia-internacional-de-la-mujer-2\/#breadcrumb\"},\"inLanguage\":\"es\",\"potentialAction\":[{\"@type\":\"ReadAction\",\"target\":[\"https:\/\/municipales.org.ar\/festram\/festram-adhiere-al-paro-del-dia-internacional-de-la-mujer-2\/\"]}]},{\"@type\":\"ImageObject\",\"inLanguage\":\"es\",\"@id\":\"https:\/\/municipales.org.ar\/festram\/festram-adhiere-al-paro-del-dia-internacional-de-la-mujer-2\/#primaryimage\",\"url\":\"https:\/\/municipales.org.ar\/festram\/wp-content\/uploads\/2022\/03\/Sin-ti\u0301tulo-2-1.jpg\",\"contentUrl\":\"https:\/\/municipales.org.ar\/festram\/wp-content\/uploads\/2022\/03\/Sin-ti\u0301tulo-2-1.jpg\",\"width\":2000,\"height\":1097},{\"@type\":\"BreadcrumbList\",\"@id\":\"https:\/\/municipales.org.ar\/festram\/festram-adhiere-al-paro-del-dia-internacional-de-la-mujer-2\/#breadcrumb\",\"itemListElement\":[{\"@type\":\"ListItem\",\"position\":1,\"name\":\"Portada\",\"item\":\"https:\/\/municipales.org.ar\/festram\/\"},{\"@type\":\"ListItem\",\"position\":2,\"name\":\"FESTRAM adhiere al Paro del D\u00eda Internacional de la Mujer\"}]},{\"@type\":\"WebSite\",\"@id\":\"https:\/\/municipales.org.ar\/festram\/#website\",\"url\":\"https:\/\/municipales.org.ar\/festram\/\",\"name\":\"FESTRAM\",\"description\":\"La web de los trabajadores municipales\",\"publisher\":{\"@id\":\"https:\/\/municipales.org.ar\/festram\/#organization\"},\"potentialAction\":[{\"@type\":\"SearchAction\",\"target\":{\"@type\":\"EntryPoint\",\"urlTemplate\":\"https:\/\/municipales.org.ar\/festram\/?s={search_term_string}\"},\"query-input\":{\"@type\":\"PropertyValueSpecification\",\"valueRequired\":true,\"valueName\":\"search_term_string\"}}],\"inLanguage\":\"es\"},{\"@type\":\"Organization\",\"@id\":\"https:\/\/municipales.org.ar\/festram\/#organization\",\"name\":\"Federaci\u00f3n de Sindicatos de Trabajadores Municipales de la Provincia de Santa Fe\",\"url\":\"https:\/\/municipales.org.ar\/festram\/\",\"logo\":{\"@type\":\"ImageObject\",\"inLanguage\":\"es\",\"@id\":\"https:\/\/municipales.org.ar\/festram\/#\/schema\/logo\/image\/\",\"url\":\"https:\/\/www.municipales.org.ar\/festram\/wp-content\/uploads\/2014\/07\/logo_fes.jpg\",\"contentUrl\":\"https:\/\/www.municipales.org.ar\/festram\/wp-content\/uploads\/2014\/07\/logo_fes.jpg\",\"width\":661,\"height\":673,\"caption\":\"Federaci\u00f3n de Sindicatos de Trabajadores Municipales de la Provincia de Santa Fe\"},\"image\":{\"@id\":\"https:\/\/municipales.org.ar\/festram\/#\/schema\/logo\/image\/\"},\"sameAs\":[\"https:\/\/www.facebook.com\/MunicipalesSF\",\"https:\/\/x.com\/MunicipalesSF\",\"https:\/\/www.youtube.com\/user\/festram\"]},{\"@type\":\"Person\",\"@id\":\"https:\/\/municipales.org.ar\/festram\/#\/schema\/person\/49096a774c48ce9063df4d59ec059f9e\",\"name\":\"mun_admin\"}]}<\/script>\n<!-- \/ Yoast SEO plugin. -->","yoast_head_json":{"title":"FESTRAM adhiere al Paro del D\u00eda Internacional de la Mujer &#8211; FESTRAM","description":"A partir de la premisa Nosotras movemos el Mundo, FESTRAM a trav\u00e9s de la Secretar\u00eda de Pol\u00edticas de G\u00e9nero, Ni\u00f1ez, Familia y Medio Ambiente, adhiere al Paro Internacional de Mujeres.","robots":{"index":"index","follow":"follow","max-snippet":"max-snippet:-1","max-image-preview":"max-image-preview:large","max-video-preview":"max-video-preview:-1"},"canonical":"https:\/\/municipales.org.ar\/festram\/festram-adhiere-al-paro-del-dia-internacional-de-la-mujer-2\/","og_locale":"es_ES","og_type":"article","og_title":"FESTRAM adhiere al Paro del D\u00eda Internacional de la Mujer &#8211; FESTRAM","og_description":"A partir de la premisa Nosotras movemos el Mundo, FESTRAM a trav\u00e9s de la Secretar\u00eda de Pol\u00edticas de G\u00e9nero, Ni\u00f1ez, Familia y Medio Ambiente, adhiere al Paro Internacional de Mujeres.","og_url":"https:\/\/municipales.org.ar\/festram\/festram-adhiere-al-paro-del-dia-internacional-de-la-mujer-2\/","og_site_name":"FESTRAM","article_publisher":"https:\/\/www.facebook.com\/MunicipalesSF","article_published_time":"2022-03-07T13:34:34+00:00","article_modified_time":"2022-03-16T15:36:13+00:00","og_image":[{"width":2000,"height":1097,"url":"https:\/\/municipales.org.ar\/festram\/wp-content\/uploads\/2022\/03\/Sin-ti\u0301tulo-2-1.jpg","type":"image\/jpeg"}],"author":"mun_admin","twitter_card":"summary_large_image","twitter_creator":"@MunicipalesSF","twitter_site":"@MunicipalesSF","twitter_misc":{"Escrito por":"mun_admin","Tiempo de lectura":"1 minuto"},"schema":{"@context":"https:\/\/schema.org","@graph":[{"@type":"Article","@id":"https:\/\/municipales.org.ar\/festram\/festram-adhiere-al-paro-del-dia-internacional-de-la-mujer-2\/#article","isPartOf":{"@id":"https:\/\/municipales.org.ar\/festram\/festram-adhiere-al-paro-del-dia-internacional-de-la-mujer-2\/"},"author":{"name":"mun_admin","@id":"https:\/\/municipales.org.ar\/festram\/#\/schema\/person\/49096a774c48ce9063df4d59ec059f9e"},"headline":"FESTRAM adhiere al Paro del D\u00eda Internacional de la Mujer","datePublished":"2022-03-07T13:34:34+00:00","dateModified":"2022-03-16T15:36:13+00:00","mainEntityOfPage":{"@id":"https:\/\/municipales.org.ar\/festram\/festram-adhiere-al-paro-del-dia-internacional-de-la-mujer-2\/"},"wordCount":230,"publisher":{"@id":"https:\/\/municipales.org.ar\/festram\/#organization"},"image":{"@id":"https:\/\/municipales.org.ar\/festram\/festram-adhiere-al-paro-del-dia-internacional-de-la-mujer-2\/#primaryimage"},"thumbnailUrl":"https:\/\/municipales.org.ar\/festram\/wp-content\/uploads\/2022\/03\/Sin-ti\u0301tulo-2-1.jpg","keywords":["g\u00e9nero"],"articleSection":["Comunicados 2022","G\u00e9nero"],"inLanguage":"es"},{"@type":"WebPage","@id":"https:\/\/municipales.org.ar\/festram\/festram-adhiere-al-paro-del-dia-internacional-de-la-mujer-2\/","url":"https:\/\/municipales.org.ar\/festram\/festram-adhiere-al-paro-del-dia-internacional-de-la-mujer-2\/","name":"FESTRAM adhiere al Paro del D\u00eda Internacional de la Mujer &#8211; FESTRAM","isPartOf":{"@id":"https:\/\/municipales.org.ar\/festram\/#website"},"primaryImageOfPage":{"@id":"https:\/\/municipales.org.ar\/festram\/festram-adhiere-al-paro-del-dia-internacional-de-la-mujer-2\/#primaryimage"},"image":{"@id":"https:\/\/municipales.org.ar\/festram\/festram-adhiere-al-paro-del-dia-internacional-de-la-mujer-2\/#primaryimage"},"thumbnailUrl":"https:\/\/municipales.org.ar\/festram\/wp-content\/uploads\/2022\/03\/Sin-ti\u0301tulo-2-1.jpg","datePublished":"2022-03-07T13:34:34+00:00","dateModified":"2022-03-16T15:36:13+00:00","description":"A partir de la premisa Nosotras movemos el Mundo, FESTRAM a trav\u00e9s de la Secretar\u00eda de Pol\u00edticas de G\u00e9nero, Ni\u00f1ez, Familia y Medio Ambiente, adhiere al Paro Internacional de Mujeres.","breadcrumb":{"@id":"https:\/\/municipales.org.ar\/festram\/festram-adhiere-al-paro-del-dia-internacional-de-la-mujer-2\/#breadcrumb"},"inLanguage":"es","potentialAction":[{"@type":"ReadAction","target":["https:\/\/municipales.org.ar\/festram\/festram-adhiere-al-paro-del-dia-internacional-de-la-mujer-2\/"]}]},{"@type":"ImageObject","inLanguage":"es","@id":"https:\/\/municipales.org.ar\/festram\/festram-adhiere-al-paro-del-dia-internacional-de-la-mujer-2\/#primaryimage","url":"https:\/\/municipales.org.ar\/festram\/wp-content\/uploads\/2022\/03\/Sin-ti\u0301tulo-2-1.jpg","contentUrl":"https:\/\/municipales.org.ar\/festram\/wp-content\/uploads\/2022\/03\/Sin-ti\u0301tulo-2-1.jpg","width":2000,"height":1097},{"@type":"BreadcrumbList","@id":"https:\/\/municipales.org.ar\/festram\/festram-adhiere-al-paro-del-dia-internacional-de-la-mujer-2\/#breadcrumb","itemListElement":[{"@type":"ListItem","position":1,"name":"Portada","item":"https:\/\/municipales.org.ar\/festram\/"},{"@type":"ListItem","position":2,"name":"FESTRAM adhiere al Paro del D\u00eda Internacional de la Mujer"}]},{"@type":"WebSite","@id":"https:\/\/municipales.org.ar\/festram\/#website","url":"https:\/\/municipales.org.ar\/festram\/","name":"FESTRAM","description":"La web de los trabajadores municipales","publisher":{"@id":"https:\/\/municipales.org.ar\/festram\/#organization"},"potentialAction":[{"@type":"SearchAction","target":{"@type":"EntryPoint","urlTemplate":"https:\/\/municipales.org.ar\/festram\/?s={search_term_string}"},"query-input":{"@type":"PropertyValueSpecification","valueRequired":true,"valueName":"search_term_string"}}],"inLanguage":"es"},{"@type":"Organization","@id":"https:\/\/municipales.org.ar\/festram\/#organization","name":"Federaci\u00f3n de Sindicatos de Trabajadores Municipales de la Provincia de Santa Fe","url":"https:\/\/municipales.org.ar\/festram\/","logo":{"@type":"ImageObject","inLanguage":"es","@id":"https:\/\/municipales.org.ar\/festram\/#\/schema\/logo\/image\/","url":"https:\/\/www.municipales.org.ar\/festram\/wp-content\/uploads\/2014\/07\/logo_fes.jpg","contentUrl":"https:\/\/www.municipales.org.ar\/festram\/wp-content\/uploads\/2014\/07\/logo_fes.jpg","width":661,"height":673,"caption":"Federaci\u00f3n de Sindicatos de Trabajadores Municipales de la Provincia de Santa Fe"},"image":{"@id":"https:\/\/municipales.org.ar\/festram\/#\/schema\/logo\/image\/"},"sameAs":["https:\/\/www.facebook.com\/MunicipalesSF","https:\/\/x.com\/MunicipalesSF","https:\/\/www.youtube.com\/user\/festram"]},{"@type":"Person","@id":"https:\/\/municipales.org.ar\/festram\/#\/schema\/person\/49096a774c48ce9063df4d59ec059f9e","name":"mun_admin"}]}},"jetpack_publicize_connections":[],"jetpack_featured_media_url":"https:\/\/municipales.org.ar\/festram\/wp-content\/uploads\/2022\/03\/Sin-ti\u0301tulo-2-1.jpg","jetpack_sharing_enabled":true,"jetpack_likes_enabled":false,"jetpack_shortlink":"https:\/\/wp.me\/p7l4x1-44j","_links":{"self":[{"href":"https:\/\/municipales.org.ar\/festram\/wp-json\/wp\/v2\/posts\/15643","targetHints":{"allow":["GET"]}}],"collection":[{"href":"https:\/\/municipales.org.ar\/festram\/wp-json\/wp\/v2\/posts"}],"about":[{"href":"https:\/\/municipales.org.ar\/festram\/wp-json\/wp\/v2\/types\/post"}],"author":[{"embeddable":true,"href":"https:\/\/municipales.org.ar\/festram\/wp-json\/wp\/v2\/users\/1"}],"replies":[{"embeddable":true,"href":"https:\/\/municipales.org.ar\/festram\/wp-json\/wp\/v2\/comments?post=15643"}],"version-history":[{"count":1,"href":"https:\/\/municipales.org.ar\/festram\/wp-json\/wp\/v2\/posts\/15643\/revisions"}],"predecessor-version":[{"id":15645,"href":"https:\/\/municipales.org.ar\/festram\/wp-json\/wp\/v2\/posts\/15643\/revisions\/15645"}],"wp:featuredmedia":[{"embeddable":true,"href":"https:\/\/municipales.org.ar\/festram\/wp-json\/wp\/v2\/media\/15646"}],"wp:attachment":[{"href":"https:\/\/municipales.org.ar\/festram\/wp-json\/wp\/v2\/media?parent=15643"}],"wp:term":[{"taxonomy":"category","embeddable":true,"href":"https:\/\/municipales.org.ar\/festram\/wp-json\/wp\/v2\/categories?post=15643"},{"taxonomy":"post_tag","embeddable":true,"href":"https:\/\/municipales.org.ar\/festram\/wp-json\/wp\/v2\/tags?post=15643"}],"curies":[{"name":"wp","href":"https:\/\/api.w.org\/{rel}","templated":true}]}}