{"id":15673,"date":"2022-03-10T18:50:09","date_gmt":"2022-03-10T21:50:09","guid":{"rendered":"https:\/\/www.municipales.org.ar\/festram\/?p=15673"},"modified":"2022-05-05T12:07:46","modified_gmt":"2022-05-05T15:07:46","slug":"festram-acordo-un-aumento-salarial-del-46-hasta-el-mes-de-septiembre-donde-habra-revision","status":"publish","type":"post","link":"https:\/\/municipales.org.ar\/festram\/festram-acordo-un-aumento-salarial-del-46-hasta-el-mes-de-septiembre-donde-habra-revision\/","title":{"rendered":"FESTRAM acord\u00f3 un aumento salarial del 46% hasta el mes de septiembre donde habr\u00e1 revisi\u00f3n"},"content":{"rendered":"\n<p><\/p>\n\n\n\n<h2 class=\"wp-block-heading\"><strong>Arranca con un aumento en Marzo del 22% y llega a Junio con 30% en Aguinaldo y 46% en Setiembre. Alcanza a todas las modalidades de contrataci\u00f3n<\/strong><br><\/h2>\n\n\n\n<p>Se fij\u00f3 un aumento del 46% de la pol\u00edtica salarial vigente en cada jurisdicci\u00f3n. Dicho acuerdo se aplica a partir del 1 de marzo y cuenta con los siguientes porcentajes y tramos: 22% en el mes de marzo, 4% en el mes de mayo, 4% en el mes de junio, 6% en el mes de julio, 5% en el mes de Agosto y un 5% a partir del mes de setiembre. Se estableci\u00f3 una cl\u00e1usula de revisi\u00f3n para el mes de setiembre.<\/p>\n\n\n\n<p>El salario m\u00ednimo garantizado de bolsillo sufrir\u00e1 los mismos incrementos, como tambi\u00e9n se traslada a Jubilados y Pensionados. El acuerdo alcanza, adem\u00e1s del personal permanente, a todas las modalidades de contrataci\u00f3n, en Municipios y Comunas de la Provincia de Santa Fe.<\/p>\n\n\n\n<div class=\"wp-block-buttons is-layout-flex wp-block-buttons-is-layout-flex\">\n<div class=\"wp-block-button\"><a class=\"wp-block-button__link has-vivid-cyan-blue-background-color has-background\" href=\"https:\/\/www.municipales.org.ar\/festram\/wp-content\/uploads\/2022\/03\/Escaneado-10-mar.-2022-18.45.pdf\" target=\"_blank\" rel=\"noreferrer noopener\">Ver Acta Paritaria en formato .pdf<\/a><\/div>\n<\/div>\n\n\n\n<p><br><br>El acuerdo fija para el primer semestre un incremento del 30%, porcentaje que en consecuencia impacta en el aguinaldo.<\/p>\n\n\n\n<p>Esta pol\u00edtica salarial es el resultado innovador de aplicar una cl\u00e1usula gatillo pero con porcentajes superiores a la inflaci\u00f3n, que ser\u00e1 ajustado en Setiembre. Cabe destacar que la Justicia determin\u00f3 que podr\u00e1 haber acuerdos salariales locales, siempre por arriba de paritarias establecidas en la Ley 9.286.<\/p>\n\n\n\n<figure class=\"wp-block-image size-large\"><img loading=\"lazy\" decoding=\"async\" width=\"1024\" height=\"682\" src=\"https:\/\/www.municipales.org.ar\/festram\/wp-content\/uploads\/2022\/03\/IMG_6580s-1024x682.jpg\" alt=\"\" class=\"wp-image-15675\" srcset=\"https:\/\/municipales.org.ar\/festram\/wp-content\/uploads\/2022\/03\/IMG_6580s-1024x682.jpg 1024w, https:\/\/municipales.org.ar\/festram\/wp-content\/uploads\/2022\/03\/IMG_6580s-300x200.jpg 300w, https:\/\/municipales.org.ar\/festram\/wp-content\/uploads\/2022\/03\/IMG_6580s-768x512.jpg 768w, https:\/\/municipales.org.ar\/festram\/wp-content\/uploads\/2022\/03\/IMG_6580s-1536x1024.jpg 1536w, https:\/\/municipales.org.ar\/festram\/wp-content\/uploads\/2022\/03\/IMG_6580s.jpg 2000w\" sizes=\"auto, (max-width: 1024px) 100vw, 1024px\" \/><figcaption>Ignacio Noni Monz\u00f3n. Secretario General de FESTRAM<\/figcaption><\/figure>\n\n\n\n<p><em>\u201cEste acuerdo es trascendental, porque pone de manifiesto que pese a los interesados en romper esta paritaria, Intendentes y Presidentes Comunales se comprometieron para negociar con FESTRAM, en el \u00fanico \u00e1mbito legal vigente, el salario de los Trabajadores Municipales y Comunales de nuestra Provincia y hubo un marco de unidad y participaci\u00f3n de todos los Sindicatos del Interior<\/em>\u00bb expres\u00f3 Ignacio \u201cNoni\u201d Monz\u00f3n\u201d Secretario General.<\/p>\n\n\n\n<p>Por su parte, la Secretaria Adjunta Andrea Paz, resalt\u00f3 \u201c<em>es un acuerdo superador al del a\u00f1o pasado ya que es mayor en su primer tramo, y esto demuestra que FESTRAM cumple<\/em>\u201d.<\/p>\n\n\n\n<p>Por \u00faltimo, FESTRAM ratifica, que sobre la base del acuerdo logrado en el marco de la Ley 9.996 &#8211; que fija las condiciones salariales y formas de pago m\u00ednimas para la totalidad de los trabajadores y trabajadoras de Municipios y Comunas de la Provincia de Santa Fe- a partir de ahora los Sindicatos de base quedan facultados para obtener mejoras superiores al acuerdo.<\/p>\n\n\n\n<p><\/p>\n\n\n\n<h6 class=\"wp-block-heading\">Prensa FESTRAM<\/h6>\n\n\n","protected":false},"excerpt":{"rendered":"<p>Arranca con un aumento en Marzo del 22% y llega a Junio con 30% en Aguinaldo y 46% en Setiembre. Alcanza a todas las modalidades de contrataci\u00f3n<\/p>\n","protected":false},"author":1,"featured_media":15674,"comment_status":"closed","ping_status":"closed","sticky":false,"template":"","format":"standard","meta":{"_jetpack_memberships_contains_paid_content":false,"footnotes":"","jetpack_publicize_message":"","jetpack_publicize_feature_enabled":true,"jetpack_social_post_already_shared":true,"jetpack_social_options":{"image_generator_settings":{"template":"highway","default_image_id":0,"font":"","enabled":false},"version":2}},"categories":[241,60],"tags":[68,109,41,69],"class_list":["post-15673","post","type-post","status-publish","format-standard","has-post-thumbnail","hentry","category-comunicados-2022","category-salarios-mas-notas","tag-economia-provincial","tag-la-provincia","tag-paritaria","tag-politica-salarial"],"yoast_head":"<!-- This site is optimized with the Yoast SEO plugin v25.9 - https:\/\/yoast.com\/wordpress\/plugins\/seo\/ -->\n<title>FESTRAM acord\u00f3 un aumento salarial del 46% hasta el mes de septiembre donde habr\u00e1 revisi\u00f3n &#8211; FESTRAM<\/title>\n<meta name=\"description\" content=\"Arranca con un aumento en Marzo del 22% y llega a Junio con 30% en Aguinaldo y 46% en Setiembre. Alcanza a todas las modalidades de contrataci\u00f3n\" \/>\n<meta name=\"robots\" content=\"index, follow, max-snippet:-1, max-image-preview:large, max-video-preview:-1\" \/>\n<link rel=\"canonical\" href=\"https:\/\/municipales.org.ar\/festram\/festram-acordo-un-aumento-salarial-del-46-hasta-el-mes-de-septiembre-donde-habra-revision\/\" \/>\n<meta property=\"og:locale\" content=\"es_ES\" \/>\n<meta property=\"og:type\" content=\"article\" \/>\n<meta property=\"og:title\" content=\"FESTRAM acord\u00f3 un aumento salarial del 46% hasta el mes de septiembre donde habr\u00e1 revisi\u00f3n &#8211; FESTRAM\" \/>\n<meta property=\"og:description\" content=\"Arranca con un aumento en Marzo del 22% y llega a Junio con 30% en Aguinaldo y 46% en Setiembre. Alcanza a todas las modalidades de contrataci\u00f3n\" \/>\n<meta property=\"og:url\" content=\"https:\/\/municipales.org.ar\/festram\/festram-acordo-un-aumento-salarial-del-46-hasta-el-mes-de-septiembre-donde-habra-revision\/\" \/>\n<meta property=\"og:site_name\" content=\"FESTRAM\" \/>\n<meta property=\"article:publisher\" content=\"https:\/\/www.facebook.com\/MunicipalesSF\" \/>\n<meta property=\"article:published_time\" content=\"2022-03-10T21:50:09+00:00\" \/>\n<meta property=\"article:modified_time\" content=\"2022-05-05T15:07:46+00:00\" \/>\n<meta property=\"og:image\" content=\"https:\/\/municipales.org.ar\/festram\/wp-content\/uploads\/2022\/03\/IMG_6578s.jpg\" \/>\n\t<meta property=\"og:image:width\" content=\"2000\" \/>\n\t<meta property=\"og:image:height\" content=\"1333\" \/>\n\t<meta property=\"og:image:type\" content=\"image\/jpeg\" \/>\n<meta name=\"author\" content=\"mun_admin\" \/>\n<meta name=\"twitter:card\" content=\"summary_large_image\" \/>\n<meta name=\"twitter:creator\" content=\"@MunicipalesSF\" \/>\n<meta name=\"twitter:site\" content=\"@MunicipalesSF\" \/>\n<meta name=\"twitter:label1\" content=\"Escrito por\" \/>\n\t<meta name=\"twitter:data1\" content=\"mun_admin\" \/>\n\t<meta name=\"twitter:label2\" content=\"Tiempo de lectura\" \/>\n\t<meta name=\"twitter:data2\" content=\"3 minutos\" \/>\n<script type=\"application\/ld+json\" class=\"yoast-schema-graph\">{\"@context\":\"https:\/\/schema.org\",\"@graph\":[{\"@type\":\"Article\",\"@id\":\"https:\/\/municipales.org.ar\/festram\/festram-acordo-un-aumento-salarial-del-46-hasta-el-mes-de-septiembre-donde-habra-revision\/#article\",\"isPartOf\":{\"@id\":\"https:\/\/municipales.org.ar\/festram\/festram-acordo-un-aumento-salarial-del-46-hasta-el-mes-de-septiembre-donde-habra-revision\/\"},\"author\":{\"name\":\"mun_admin\",\"@id\":\"https:\/\/municipales.org.ar\/festram\/#\/schema\/person\/49096a774c48ce9063df4d59ec059f9e\"},\"headline\":\"FESTRAM acord\u00f3 un aumento salarial del 46% hasta el mes de septiembre donde habr\u00e1 revisi\u00f3n\",\"datePublished\":\"2022-03-10T21:50:09+00:00\",\"dateModified\":\"2022-05-05T15:07:46+00:00\",\"mainEntityOfPage\":{\"@id\":\"https:\/\/municipales.org.ar\/festram\/festram-acordo-un-aumento-salarial-del-46-hasta-el-mes-de-septiembre-donde-habra-revision\/\"},\"wordCount\":406,\"publisher\":{\"@id\":\"https:\/\/municipales.org.ar\/festram\/#organization\"},\"image\":{\"@id\":\"https:\/\/municipales.org.ar\/festram\/festram-acordo-un-aumento-salarial-del-46-hasta-el-mes-de-septiembre-donde-habra-revision\/#primaryimage\"},\"thumbnailUrl\":\"https:\/\/municipales.org.ar\/festram\/wp-content\/uploads\/2022\/03\/IMG_6578s.jpg\",\"keywords\":[\"econom\u00eda provincial\",\"la provincia\",\"paritaria\",\"pol\u00edtica salarial\"],\"articleSection\":[\"Comunicados 2022\",\"Salarios M\u00e1s Notas\"],\"inLanguage\":\"es\"},{\"@type\":\"WebPage\",\"@id\":\"https:\/\/municipales.org.ar\/festram\/festram-acordo-un-aumento-salarial-del-46-hasta-el-mes-de-septiembre-donde-habra-revision\/\",\"url\":\"https:\/\/municipales.org.ar\/festram\/festram-acordo-un-aumento-salarial-del-46-hasta-el-mes-de-septiembre-donde-habra-revision\/\",\"name\":\"FESTRAM acord\u00f3 un aumento salarial del 46% hasta el mes de septiembre donde habr\u00e1 revisi\u00f3n &#8211; FESTRAM\",\"isPartOf\":{\"@id\":\"https:\/\/municipales.org.ar\/festram\/#website\"},\"primaryImageOfPage\":{\"@id\":\"https:\/\/municipales.org.ar\/festram\/festram-acordo-un-aumento-salarial-del-46-hasta-el-mes-de-septiembre-donde-habra-revision\/#primaryimage\"},\"image\":{\"@id\":\"https:\/\/municipales.org.ar\/festram\/festram-acordo-un-aumento-salarial-del-46-hasta-el-mes-de-septiembre-donde-habra-revision\/#primaryimage\"},\"thumbnailUrl\":\"https:\/\/municipales.org.ar\/festram\/wp-content\/uploads\/2022\/03\/IMG_6578s.jpg\",\"datePublished\":\"2022-03-10T21:50:09+00:00\",\"dateModified\":\"2022-05-05T15:07:46+00:00\",\"description\":\"Arranca con un aumento en Marzo del 22% y llega a Junio con 30% en Aguinaldo y 46% en Setiembre. Alcanza a todas las modalidades de contrataci\u00f3n\",\"breadcrumb\":{\"@id\":\"https:\/\/municipales.org.ar\/festram\/festram-acordo-un-aumento-salarial-del-46-hasta-el-mes-de-septiembre-donde-habra-revision\/#breadcrumb\"},\"inLanguage\":\"es\",\"potentialAction\":[{\"@type\":\"ReadAction\",\"target\":[\"https:\/\/municipales.org.ar\/festram\/festram-acordo-un-aumento-salarial-del-46-hasta-el-mes-de-septiembre-donde-habra-revision\/\"]}]},{\"@type\":\"ImageObject\",\"inLanguage\":\"es\",\"@id\":\"https:\/\/municipales.org.ar\/festram\/festram-acordo-un-aumento-salarial-del-46-hasta-el-mes-de-septiembre-donde-habra-revision\/#primaryimage\",\"url\":\"https:\/\/municipales.org.ar\/festram\/wp-content\/uploads\/2022\/03\/IMG_6578s.jpg\",\"contentUrl\":\"https:\/\/municipales.org.ar\/festram\/wp-content\/uploads\/2022\/03\/IMG_6578s.jpg\",\"width\":2000,\"height\":1333},{\"@type\":\"BreadcrumbList\",\"@id\":\"https:\/\/municipales.org.ar\/festram\/festram-acordo-un-aumento-salarial-del-46-hasta-el-mes-de-septiembre-donde-habra-revision\/#breadcrumb\",\"itemListElement\":[{\"@type\":\"ListItem\",\"position\":1,\"name\":\"Portada\",\"item\":\"https:\/\/municipales.org.ar\/festram\/\"},{\"@type\":\"ListItem\",\"position\":2,\"name\":\"FESTRAM acord\u00f3 un aumento salarial del 46% hasta el mes de septiembre donde habr\u00e1 revisi\u00f3n\"}]},{\"@type\":\"WebSite\",\"@id\":\"https:\/\/municipales.org.ar\/festram\/#website\",\"url\":\"https:\/\/municipales.org.ar\/festram\/\",\"name\":\"FESTRAM\",\"description\":\"La web de los trabajadores municipales\",\"publisher\":{\"@id\":\"https:\/\/municipales.org.ar\/festram\/#organization\"},\"potentialAction\":[{\"@type\":\"SearchAction\",\"target\":{\"@type\":\"EntryPoint\",\"urlTemplate\":\"https:\/\/municipales.org.ar\/festram\/?s={search_term_string}\"},\"query-input\":{\"@type\":\"PropertyValueSpecification\",\"valueRequired\":true,\"valueName\":\"search_term_string\"}}],\"inLanguage\":\"es\"},{\"@type\":\"Organization\",\"@id\":\"https:\/\/municipales.org.ar\/festram\/#organization\",\"name\":\"Federaci\u00f3n de Sindicatos de Trabajadores Municipales de la Provincia de Santa Fe\",\"url\":\"https:\/\/municipales.org.ar\/festram\/\",\"logo\":{\"@type\":\"ImageObject\",\"inLanguage\":\"es\",\"@id\":\"https:\/\/municipales.org.ar\/festram\/#\/schema\/logo\/image\/\",\"url\":\"https:\/\/www.municipales.org.ar\/festram\/wp-content\/uploads\/2014\/07\/logo_fes.jpg\",\"contentUrl\":\"https:\/\/www.municipales.org.ar\/festram\/wp-content\/uploads\/2014\/07\/logo_fes.jpg\",\"width\":661,\"height\":673,\"caption\":\"Federaci\u00f3n de Sindicatos de Trabajadores Municipales de la Provincia de Santa Fe\"},\"image\":{\"@id\":\"https:\/\/municipales.org.ar\/festram\/#\/schema\/logo\/image\/\"},\"sameAs\":[\"https:\/\/www.facebook.com\/MunicipalesSF\",\"https:\/\/x.com\/MunicipalesSF\",\"https:\/\/www.youtube.com\/user\/festram\"]},{\"@type\":\"Person\",\"@id\":\"https:\/\/municipales.org.ar\/festram\/#\/schema\/person\/49096a774c48ce9063df4d59ec059f9e\",\"name\":\"mun_admin\"}]}<\/script>\n<!-- \/ Yoast SEO plugin. -->","yoast_head_json":{"title":"FESTRAM acord\u00f3 un aumento salarial del 46% hasta el mes de septiembre donde habr\u00e1 revisi\u00f3n &#8211; FESTRAM","description":"Arranca con un aumento en Marzo del 22% y llega a Junio con 30% en Aguinaldo y 46% en Setiembre. Alcanza a todas las modalidades de contrataci\u00f3n","robots":{"index":"index","follow":"follow","max-snippet":"max-snippet:-1","max-image-preview":"max-image-preview:large","max-video-preview":"max-video-preview:-1"},"canonical":"https:\/\/municipales.org.ar\/festram\/festram-acordo-un-aumento-salarial-del-46-hasta-el-mes-de-septiembre-donde-habra-revision\/","og_locale":"es_ES","og_type":"article","og_title":"FESTRAM acord\u00f3 un aumento salarial del 46% hasta el mes de septiembre donde habr\u00e1 revisi\u00f3n &#8211; FESTRAM","og_description":"Arranca con un aumento en Marzo del 22% y llega a Junio con 30% en Aguinaldo y 46% en Setiembre. Alcanza a todas las modalidades de contrataci\u00f3n","og_url":"https:\/\/municipales.org.ar\/festram\/festram-acordo-un-aumento-salarial-del-46-hasta-el-mes-de-septiembre-donde-habra-revision\/","og_site_name":"FESTRAM","article_publisher":"https:\/\/www.facebook.com\/MunicipalesSF","article_published_time":"2022-03-10T21:50:09+00:00","article_modified_time":"2022-05-05T15:07:46+00:00","og_image":[{"width":2000,"height":1333,"url":"https:\/\/municipales.org.ar\/festram\/wp-content\/uploads\/2022\/03\/IMG_6578s.jpg","type":"image\/jpeg"}],"author":"mun_admin","twitter_card":"summary_large_image","twitter_creator":"@MunicipalesSF","twitter_site":"@MunicipalesSF","twitter_misc":{"Escrito por":"mun_admin","Tiempo de lectura":"3 minutos"},"schema":{"@context":"https:\/\/schema.org","@graph":[{"@type":"Article","@id":"https:\/\/municipales.org.ar\/festram\/festram-acordo-un-aumento-salarial-del-46-hasta-el-mes-de-septiembre-donde-habra-revision\/#article","isPartOf":{"@id":"https:\/\/municipales.org.ar\/festram\/festram-acordo-un-aumento-salarial-del-46-hasta-el-mes-de-septiembre-donde-habra-revision\/"},"author":{"name":"mun_admin","@id":"https:\/\/municipales.org.ar\/festram\/#\/schema\/person\/49096a774c48ce9063df4d59ec059f9e"},"headline":"FESTRAM acord\u00f3 un aumento salarial del 46% hasta el mes de septiembre donde habr\u00e1 revisi\u00f3n","datePublished":"2022-03-10T21:50:09+00:00","dateModified":"2022-05-05T15:07:46+00:00","mainEntityOfPage":{"@id":"https:\/\/municipales.org.ar\/festram\/festram-acordo-un-aumento-salarial-del-46-hasta-el-mes-de-septiembre-donde-habra-revision\/"},"wordCount":406,"publisher":{"@id":"https:\/\/municipales.org.ar\/festram\/#organization"},"image":{"@id":"https:\/\/municipales.org.ar\/festram\/festram-acordo-un-aumento-salarial-del-46-hasta-el-mes-de-septiembre-donde-habra-revision\/#primaryimage"},"thumbnailUrl":"https:\/\/municipales.org.ar\/festram\/wp-content\/uploads\/2022\/03\/IMG_6578s.jpg","keywords":["econom\u00eda provincial","la provincia","paritaria","pol\u00edtica salarial"],"articleSection":["Comunicados 2022","Salarios M\u00e1s Notas"],"inLanguage":"es"},{"@type":"WebPage","@id":"https:\/\/municipales.org.ar\/festram\/festram-acordo-un-aumento-salarial-del-46-hasta-el-mes-de-septiembre-donde-habra-revision\/","url":"https:\/\/municipales.org.ar\/festram\/festram-acordo-un-aumento-salarial-del-46-hasta-el-mes-de-septiembre-donde-habra-revision\/","name":"FESTRAM acord\u00f3 un aumento salarial del 46% hasta el mes de septiembre donde habr\u00e1 revisi\u00f3n &#8211; FESTRAM","isPartOf":{"@id":"https:\/\/municipales.org.ar\/festram\/#website"},"primaryImageOfPage":{"@id":"https:\/\/municipales.org.ar\/festram\/festram-acordo-un-aumento-salarial-del-46-hasta-el-mes-de-septiembre-donde-habra-revision\/#primaryimage"},"image":{"@id":"https:\/\/municipales.org.ar\/festram\/festram-acordo-un-aumento-salarial-del-46-hasta-el-mes-de-septiembre-donde-habra-revision\/#primaryimage"},"thumbnailUrl":"https:\/\/municipales.org.ar\/festram\/wp-content\/uploads\/2022\/03\/IMG_6578s.jpg","datePublished":"2022-03-10T21:50:09+00:00","dateModified":"2022-05-05T15:07:46+00:00","description":"Arranca con un aumento en Marzo del 22% y llega a Junio con 30% en Aguinaldo y 46% en Setiembre. Alcanza a todas las modalidades de contrataci\u00f3n","breadcrumb":{"@id":"https:\/\/municipales.org.ar\/festram\/festram-acordo-un-aumento-salarial-del-46-hasta-el-mes-de-septiembre-donde-habra-revision\/#breadcrumb"},"inLanguage":"es","potentialAction":[{"@type":"ReadAction","target":["https:\/\/municipales.org.ar\/festram\/festram-acordo-un-aumento-salarial-del-46-hasta-el-mes-de-septiembre-donde-habra-revision\/"]}]},{"@type":"ImageObject","inLanguage":"es","@id":"https:\/\/municipales.org.ar\/festram\/festram-acordo-un-aumento-salarial-del-46-hasta-el-mes-de-septiembre-donde-habra-revision\/#primaryimage","url":"https:\/\/municipales.org.ar\/festram\/wp-content\/uploads\/2022\/03\/IMG_6578s.jpg","contentUrl":"https:\/\/municipales.org.ar\/festram\/wp-content\/uploads\/2022\/03\/IMG_6578s.jpg","width":2000,"height":1333},{"@type":"BreadcrumbList","@id":"https:\/\/municipales.org.ar\/festram\/festram-acordo-un-aumento-salarial-del-46-hasta-el-mes-de-septiembre-donde-habra-revision\/#breadcrumb","itemListElement":[{"@type":"ListItem","position":1,"name":"Portada","item":"https:\/\/municipales.org.ar\/festram\/"},{"@type":"ListItem","position":2,"name":"FESTRAM acord\u00f3 un aumento salarial del 46% hasta el mes de septiembre donde habr\u00e1 revisi\u00f3n"}]},{"@type":"WebSite","@id":"https:\/\/municipales.org.ar\/festram\/#website","url":"https:\/\/municipales.org.ar\/festram\/","name":"FESTRAM","description":"La web de los trabajadores municipales","publisher":{"@id":"https:\/\/municipales.org.ar\/festram\/#organization"},"potentialAction":[{"@type":"SearchAction","target":{"@type":"EntryPoint","urlTemplate":"https:\/\/municipales.org.ar\/festram\/?s={search_term_string}"},"query-input":{"@type":"PropertyValueSpecification","valueRequired":true,"valueName":"search_term_string"}}],"inLanguage":"es"},{"@type":"Organization","@id":"https:\/\/municipales.org.ar\/festram\/#organization","name":"Federaci\u00f3n de Sindicatos de Trabajadores Municipales de la Provincia de Santa Fe","url":"https:\/\/municipales.org.ar\/festram\/","logo":{"@type":"ImageObject","inLanguage":"es","@id":"https:\/\/municipales.org.ar\/festram\/#\/schema\/logo\/image\/","url":"https:\/\/www.municipales.org.ar\/festram\/wp-content\/uploads\/2014\/07\/logo_fes.jpg","contentUrl":"https:\/\/www.municipales.org.ar\/festram\/wp-content\/uploads\/2014\/07\/logo_fes.jpg","width":661,"height":673,"caption":"Federaci\u00f3n de Sindicatos de Trabajadores Municipales de la Provincia de Santa Fe"},"image":{"@id":"https:\/\/municipales.org.ar\/festram\/#\/schema\/logo\/image\/"},"sameAs":["https:\/\/www.facebook.com\/MunicipalesSF","https:\/\/x.com\/MunicipalesSF","https:\/\/www.youtube.com\/user\/festram"]},{"@type":"Person","@id":"https:\/\/municipales.org.ar\/festram\/#\/schema\/person\/49096a774c48ce9063df4d59ec059f9e","name":"mun_admin"}]}},"jetpack_publicize_connections":[],"jetpack_featured_media_url":"https:\/\/municipales.org.ar\/festram\/wp-content\/uploads\/2022\/03\/IMG_6578s.jpg","jetpack_sharing_enabled":true,"jetpack_likes_enabled":false,"jetpack_shortlink":"https:\/\/wp.me\/p7l4x1-44N","_links":{"self":[{"href":"https:\/\/municipales.org.ar\/festram\/wp-json\/wp\/v2\/posts\/15673","targetHints":{"allow":["GET"]}}],"collection":[{"href":"https:\/\/municipales.org.ar\/festram\/wp-json\/wp\/v2\/posts"}],"about":[{"href":"https:\/\/municipales.org.ar\/festram\/wp-json\/wp\/v2\/types\/post"}],"author":[{"embeddable":true,"href":"https:\/\/municipales.org.ar\/festram\/wp-json\/wp\/v2\/users\/1"}],"replies":[{"embeddable":true,"href":"https:\/\/municipales.org.ar\/festram\/wp-json\/wp\/v2\/comments?post=15673"}],"version-history":[{"count":4,"href":"https:\/\/municipales.org.ar\/festram\/wp-json\/wp\/v2\/posts\/15673\/revisions"}],"predecessor-version":[{"id":15716,"href":"https:\/\/municipales.org.ar\/festram\/wp-json\/wp\/v2\/posts\/15673\/revisions\/15716"}],"wp:featuredmedia":[{"embeddable":true,"href":"https:\/\/municipales.org.ar\/festram\/wp-json\/wp\/v2\/media\/15674"}],"wp:attachment":[{"href":"https:\/\/municipales.org.ar\/festram\/wp-json\/wp\/v2\/media?parent=15673"}],"wp:term":[{"taxonomy":"category","embeddable":true,"href":"https:\/\/municipales.org.ar\/festram\/wp-json\/wp\/v2\/categories?post=15673"},{"taxonomy":"post_tag","embeddable":true,"href":"https:\/\/municipales.org.ar\/festram\/wp-json\/wp\/v2\/tags?post=15673"}],"curies":[{"name":"wp","href":"https:\/\/api.w.org\/{rel}","templated":true}]}}