{"id":15723,"date":"2022-04-01T09:40:51","date_gmt":"2022-04-01T12:40:51","guid":{"rendered":"https:\/\/www.municipales.org.ar\/festram\/?p=15723"},"modified":"2022-05-11T10:59:34","modified_gmt":"2022-05-11T13:59:34","slug":"preocupacion-por-el-desfinanciamiento-de-la-caja-municipal-de-santa-fe","status":"publish","type":"post","link":"https:\/\/municipales.org.ar\/festram\/preocupacion-por-el-desfinanciamiento-de-la-caja-municipal-de-santa-fe\/","title":{"rendered":"Preocupaci\u00f3n por el desfinanciamiento de la Caja Municipal de Santa Fe"},"content":{"rendered":"\n<p><\/p>\n\n\n\n<h2 class=\"wp-block-heading\"><strong>Grave situaci\u00f3n financiera por los acuerdos locales en perjuicio de 51 localidades.<\/strong><br><br><\/h2>\n\n\n\n<p>Durante la ma\u00f1ana del d\u00eda 29 de marzo se llev\u00f3 a cabo la primera reuni\u00f3n entre miembros del nuevo Consejo Directivo de FESTRAM, -representantes de los Sindicatos de G\u00e1lvez, Casilda y San Jorge-con el Presidente del Centro de Jubilados y Pensionados de Santa Fe, Dr. Eduardo C\u00f3ceres, y el CPN Manuel Arroyo, Tesorero de esa instituci\u00f3n.&nbsp;<\/p>\n\n\n\n<p>La problem\u00e1tica que se abord\u00f3 fue la grave situaci\u00f3n econ\u00f3mica y financiera de la Caja Municipal de Jubilaciones y Pensiones de Santa Fe, que deriva de los acuerdos entre ASOEM Santa Fe y el Municipio de esa ciudad, donde hist\u00f3ricamente no se ha respetado lo firmado por FESTRAM en la Paritaria Municipal, Ley 9996, y se repite la incorporaci\u00f3n de sumas no remunerativas y no bonificables al salario de los activos municipales de la ciudad de Santa Fe.&nbsp;<\/p>\n\n\n\n<figure class=\"wp-block-image size-large\"><img loading=\"lazy\" decoding=\"async\" width=\"1024\" height=\"768\" src=\"https:\/\/www.municipales.org.ar\/festram\/wp-content\/uploads\/2022\/04\/CJ1-1024x768.jpg\" alt=\"\" class=\"wp-image-15725\" srcset=\"https:\/\/municipales.org.ar\/festram\/wp-content\/uploads\/2022\/04\/CJ1-1024x768.jpg 1024w, https:\/\/municipales.org.ar\/festram\/wp-content\/uploads\/2022\/04\/CJ1-300x225.jpg 300w, https:\/\/municipales.org.ar\/festram\/wp-content\/uploads\/2022\/04\/CJ1-768x576.jpg 768w, https:\/\/municipales.org.ar\/festram\/wp-content\/uploads\/2022\/04\/CJ1-1536x1152.jpg 1536w, https:\/\/municipales.org.ar\/festram\/wp-content\/uploads\/2022\/04\/CJ1.jpg 1600w\" sizes=\"auto, (max-width: 1024px) 100vw, 1024px\" \/><\/figure>\n\n\n\n<p>El Intendente de la Ciudad de Santa Fe Emilio Jat\u00f3n ha tomado la lamentable decisi\u00f3n de perjudicar al sector pasivo violando la Ordenanza Municipal 6166 con el acuerdo cerrado con ASOEM Santa Fe.<\/p>\n\n\n\n<p>Lo descripto representa grandes dificultades a los actuales jubilados como para quienes sean beneficiados por este sistema a futuro. Desde la Secretar\u00eda de Previsi\u00f3n y Acci\u00f3n Social de FESTRAM; a cargo de Raquel Toledo, se dar\u00e1 inicio a acciones en forma conjunta con los miembros del Centro de Jubilados y Pensionados, a los fines de arbitrar todos los recursos necesarios para lograr una resoluci\u00f3n favorable en esta tem\u00e1tica.<\/p>\n\n\n\n<h6 class=\"wp-block-heading\">Prensa FESTRAM<\/h6>\n","protected":false},"excerpt":{"rendered":"<p>Grave situaci\u00f3n financiera por los acuerdos locales en perjuicio de 51 localidades.<\/p>\n","protected":false},"author":1,"featured_media":15724,"comment_status":"closed","ping_status":"closed","sticky":false,"template":"","format":"standard","meta":{"_jetpack_memberships_contains_paid_content":false,"footnotes":"","jetpack_publicize_message":"","jetpack_publicize_feature_enabled":true,"jetpack_social_post_already_shared":true,"jetpack_social_options":{"image_generator_settings":{"template":"highway","default_image_id":0,"font":"","enabled":false},"version":2}},"categories":[241],"tags":[82,155,67],"class_list":["post-15723","post","type-post","status-publish","format-standard","has-post-thumbnail","hentry","category-comunicados-2022","tag-jubilaciones","tag-santa-fe","tag-sindicatos-afiliados"],"yoast_head":"<!-- This site is optimized with the Yoast SEO plugin v25.9 - https:\/\/yoast.com\/wordpress\/plugins\/seo\/ -->\n<title>Preocupaci\u00f3n por el desfinanciamiento de la Caja Municipal de Santa Fe &#8211; FESTRAM<\/title>\n<meta name=\"description\" content=\"Grave situaci\u00f3n financiera por los acuerdos locales en perjuicio de 51 localidades.\" \/>\n<meta name=\"robots\" content=\"index, follow, max-snippet:-1, max-image-preview:large, max-video-preview:-1\" \/>\n<link rel=\"canonical\" href=\"https:\/\/municipales.org.ar\/festram\/preocupacion-por-el-desfinanciamiento-de-la-caja-municipal-de-santa-fe\/\" \/>\n<meta property=\"og:locale\" content=\"es_ES\" \/>\n<meta property=\"og:type\" content=\"article\" \/>\n<meta property=\"og:title\" content=\"Preocupaci\u00f3n por el desfinanciamiento de la Caja Municipal de Santa Fe &#8211; FESTRAM\" \/>\n<meta property=\"og:description\" content=\"Grave situaci\u00f3n financiera por los acuerdos locales en perjuicio de 51 localidades.\" \/>\n<meta property=\"og:url\" content=\"https:\/\/municipales.org.ar\/festram\/preocupacion-por-el-desfinanciamiento-de-la-caja-municipal-de-santa-fe\/\" \/>\n<meta property=\"og:site_name\" content=\"FESTRAM\" \/>\n<meta property=\"article:publisher\" content=\"https:\/\/www.facebook.com\/MunicipalesSF\" \/>\n<meta property=\"article:published_time\" content=\"2022-04-01T12:40:51+00:00\" \/>\n<meta property=\"article:modified_time\" content=\"2022-05-11T13:59:34+00:00\" \/>\n<meta property=\"og:image\" content=\"https:\/\/municipales.org.ar\/festram\/wp-content\/uploads\/2022\/04\/what.jpeg\" \/>\n\t<meta property=\"og:image:width\" content=\"1280\" \/>\n\t<meta property=\"og:image:height\" content=\"960\" \/>\n\t<meta property=\"og:image:type\" content=\"image\/jpeg\" \/>\n<meta name=\"author\" content=\"mun_admin\" \/>\n<meta name=\"twitter:card\" content=\"summary_large_image\" \/>\n<meta name=\"twitter:creator\" content=\"@MunicipalesSF\" \/>\n<meta name=\"twitter:site\" content=\"@MunicipalesSF\" \/>\n<meta name=\"twitter:label1\" content=\"Escrito por\" \/>\n\t<meta name=\"twitter:data1\" content=\"mun_admin\" \/>\n\t<meta name=\"twitter:label2\" content=\"Tiempo de lectura\" \/>\n\t<meta name=\"twitter:data2\" content=\"2 minutos\" \/>\n<script type=\"application\/ld+json\" class=\"yoast-schema-graph\">{\"@context\":\"https:\/\/schema.org\",\"@graph\":[{\"@type\":\"Article\",\"@id\":\"https:\/\/municipales.org.ar\/festram\/preocupacion-por-el-desfinanciamiento-de-la-caja-municipal-de-santa-fe\/#article\",\"isPartOf\":{\"@id\":\"https:\/\/municipales.org.ar\/festram\/preocupacion-por-el-desfinanciamiento-de-la-caja-municipal-de-santa-fe\/\"},\"author\":{\"name\":\"mun_admin\",\"@id\":\"https:\/\/municipales.org.ar\/festram\/#\/schema\/person\/49096a774c48ce9063df4d59ec059f9e\"},\"headline\":\"Preocupaci\u00f3n por el desfinanciamiento de la Caja Municipal de Santa Fe\",\"datePublished\":\"2022-04-01T12:40:51+00:00\",\"dateModified\":\"2022-05-11T13:59:34+00:00\",\"mainEntityOfPage\":{\"@id\":\"https:\/\/municipales.org.ar\/festram\/preocupacion-por-el-desfinanciamiento-de-la-caja-municipal-de-santa-fe\/\"},\"wordCount\":278,\"publisher\":{\"@id\":\"https:\/\/municipales.org.ar\/festram\/#organization\"},\"image\":{\"@id\":\"https:\/\/municipales.org.ar\/festram\/preocupacion-por-el-desfinanciamiento-de-la-caja-municipal-de-santa-fe\/#primaryimage\"},\"thumbnailUrl\":\"https:\/\/municipales.org.ar\/festram\/wp-content\/uploads\/2022\/04\/what.jpeg\",\"keywords\":[\"jubilaciones\",\"santa fe\",\"sindicatos afiliados\"],\"articleSection\":[\"Comunicados 2022\"],\"inLanguage\":\"es\"},{\"@type\":\"WebPage\",\"@id\":\"https:\/\/municipales.org.ar\/festram\/preocupacion-por-el-desfinanciamiento-de-la-caja-municipal-de-santa-fe\/\",\"url\":\"https:\/\/municipales.org.ar\/festram\/preocupacion-por-el-desfinanciamiento-de-la-caja-municipal-de-santa-fe\/\",\"name\":\"Preocupaci\u00f3n por el desfinanciamiento de la Caja Municipal de Santa Fe &#8211; FESTRAM\",\"isPartOf\":{\"@id\":\"https:\/\/municipales.org.ar\/festram\/#website\"},\"primaryImageOfPage\":{\"@id\":\"https:\/\/municipales.org.ar\/festram\/preocupacion-por-el-desfinanciamiento-de-la-caja-municipal-de-santa-fe\/#primaryimage\"},\"image\":{\"@id\":\"https:\/\/municipales.org.ar\/festram\/preocupacion-por-el-desfinanciamiento-de-la-caja-municipal-de-santa-fe\/#primaryimage\"},\"thumbnailUrl\":\"https:\/\/municipales.org.ar\/festram\/wp-content\/uploads\/2022\/04\/what.jpeg\",\"datePublished\":\"2022-04-01T12:40:51+00:00\",\"dateModified\":\"2022-05-11T13:59:34+00:00\",\"description\":\"Grave situaci\u00f3n financiera por los acuerdos locales en perjuicio de 51 localidades.\",\"breadcrumb\":{\"@id\":\"https:\/\/municipales.org.ar\/festram\/preocupacion-por-el-desfinanciamiento-de-la-caja-municipal-de-santa-fe\/#breadcrumb\"},\"inLanguage\":\"es\",\"potentialAction\":[{\"@type\":\"ReadAction\",\"target\":[\"https:\/\/municipales.org.ar\/festram\/preocupacion-por-el-desfinanciamiento-de-la-caja-municipal-de-santa-fe\/\"]}]},{\"@type\":\"ImageObject\",\"inLanguage\":\"es\",\"@id\":\"https:\/\/municipales.org.ar\/festram\/preocupacion-por-el-desfinanciamiento-de-la-caja-municipal-de-santa-fe\/#primaryimage\",\"url\":\"https:\/\/municipales.org.ar\/festram\/wp-content\/uploads\/2022\/04\/what.jpeg\",\"contentUrl\":\"https:\/\/municipales.org.ar\/festram\/wp-content\/uploads\/2022\/04\/what.jpeg\",\"width\":1280,\"height\":960},{\"@type\":\"BreadcrumbList\",\"@id\":\"https:\/\/municipales.org.ar\/festram\/preocupacion-por-el-desfinanciamiento-de-la-caja-municipal-de-santa-fe\/#breadcrumb\",\"itemListElement\":[{\"@type\":\"ListItem\",\"position\":1,\"name\":\"Portada\",\"item\":\"https:\/\/municipales.org.ar\/festram\/\"},{\"@type\":\"ListItem\",\"position\":2,\"name\":\"Preocupaci\u00f3n por el desfinanciamiento de la Caja Municipal de Santa Fe\"}]},{\"@type\":\"WebSite\",\"@id\":\"https:\/\/municipales.org.ar\/festram\/#website\",\"url\":\"https:\/\/municipales.org.ar\/festram\/\",\"name\":\"FESTRAM\",\"description\":\"La web de los trabajadores municipales\",\"publisher\":{\"@id\":\"https:\/\/municipales.org.ar\/festram\/#organization\"},\"potentialAction\":[{\"@type\":\"SearchAction\",\"target\":{\"@type\":\"EntryPoint\",\"urlTemplate\":\"https:\/\/municipales.org.ar\/festram\/?s={search_term_string}\"},\"query-input\":{\"@type\":\"PropertyValueSpecification\",\"valueRequired\":true,\"valueName\":\"search_term_string\"}}],\"inLanguage\":\"es\"},{\"@type\":\"Organization\",\"@id\":\"https:\/\/municipales.org.ar\/festram\/#organization\",\"name\":\"Federaci\u00f3n de Sindicatos de Trabajadores Municipales de la Provincia de Santa Fe\",\"url\":\"https:\/\/municipales.org.ar\/festram\/\",\"logo\":{\"@type\":\"ImageObject\",\"inLanguage\":\"es\",\"@id\":\"https:\/\/municipales.org.ar\/festram\/#\/schema\/logo\/image\/\",\"url\":\"https:\/\/www.municipales.org.ar\/festram\/wp-content\/uploads\/2014\/07\/logo_fes.jpg\",\"contentUrl\":\"https:\/\/www.municipales.org.ar\/festram\/wp-content\/uploads\/2014\/07\/logo_fes.jpg\",\"width\":661,\"height\":673,\"caption\":\"Federaci\u00f3n de Sindicatos de Trabajadores Municipales de la Provincia de Santa Fe\"},\"image\":{\"@id\":\"https:\/\/municipales.org.ar\/festram\/#\/schema\/logo\/image\/\"},\"sameAs\":[\"https:\/\/www.facebook.com\/MunicipalesSF\",\"https:\/\/x.com\/MunicipalesSF\",\"https:\/\/www.youtube.com\/user\/festram\"]},{\"@type\":\"Person\",\"@id\":\"https:\/\/municipales.org.ar\/festram\/#\/schema\/person\/49096a774c48ce9063df4d59ec059f9e\",\"name\":\"mun_admin\"}]}<\/script>\n<!-- \/ Yoast SEO plugin. -->","yoast_head_json":{"title":"Preocupaci\u00f3n por el desfinanciamiento de la Caja Municipal de Santa Fe &#8211; FESTRAM","description":"Grave situaci\u00f3n financiera por los acuerdos locales en perjuicio de 51 localidades.","robots":{"index":"index","follow":"follow","max-snippet":"max-snippet:-1","max-image-preview":"max-image-preview:large","max-video-preview":"max-video-preview:-1"},"canonical":"https:\/\/municipales.org.ar\/festram\/preocupacion-por-el-desfinanciamiento-de-la-caja-municipal-de-santa-fe\/","og_locale":"es_ES","og_type":"article","og_title":"Preocupaci\u00f3n por el desfinanciamiento de la Caja Municipal de Santa Fe &#8211; FESTRAM","og_description":"Grave situaci\u00f3n financiera por los acuerdos locales en perjuicio de 51 localidades.","og_url":"https:\/\/municipales.org.ar\/festram\/preocupacion-por-el-desfinanciamiento-de-la-caja-municipal-de-santa-fe\/","og_site_name":"FESTRAM","article_publisher":"https:\/\/www.facebook.com\/MunicipalesSF","article_published_time":"2022-04-01T12:40:51+00:00","article_modified_time":"2022-05-11T13:59:34+00:00","og_image":[{"width":1280,"height":960,"url":"https:\/\/municipales.org.ar\/festram\/wp-content\/uploads\/2022\/04\/what.jpeg","type":"image\/jpeg"}],"author":"mun_admin","twitter_card":"summary_large_image","twitter_creator":"@MunicipalesSF","twitter_site":"@MunicipalesSF","twitter_misc":{"Escrito por":"mun_admin","Tiempo de lectura":"2 minutos"},"schema":{"@context":"https:\/\/schema.org","@graph":[{"@type":"Article","@id":"https:\/\/municipales.org.ar\/festram\/preocupacion-por-el-desfinanciamiento-de-la-caja-municipal-de-santa-fe\/#article","isPartOf":{"@id":"https:\/\/municipales.org.ar\/festram\/preocupacion-por-el-desfinanciamiento-de-la-caja-municipal-de-santa-fe\/"},"author":{"name":"mun_admin","@id":"https:\/\/municipales.org.ar\/festram\/#\/schema\/person\/49096a774c48ce9063df4d59ec059f9e"},"headline":"Preocupaci\u00f3n por el desfinanciamiento de la Caja Municipal de Santa Fe","datePublished":"2022-04-01T12:40:51+00:00","dateModified":"2022-05-11T13:59:34+00:00","mainEntityOfPage":{"@id":"https:\/\/municipales.org.ar\/festram\/preocupacion-por-el-desfinanciamiento-de-la-caja-municipal-de-santa-fe\/"},"wordCount":278,"publisher":{"@id":"https:\/\/municipales.org.ar\/festram\/#organization"},"image":{"@id":"https:\/\/municipales.org.ar\/festram\/preocupacion-por-el-desfinanciamiento-de-la-caja-municipal-de-santa-fe\/#primaryimage"},"thumbnailUrl":"https:\/\/municipales.org.ar\/festram\/wp-content\/uploads\/2022\/04\/what.jpeg","keywords":["jubilaciones","santa fe","sindicatos afiliados"],"articleSection":["Comunicados 2022"],"inLanguage":"es"},{"@type":"WebPage","@id":"https:\/\/municipales.org.ar\/festram\/preocupacion-por-el-desfinanciamiento-de-la-caja-municipal-de-santa-fe\/","url":"https:\/\/municipales.org.ar\/festram\/preocupacion-por-el-desfinanciamiento-de-la-caja-municipal-de-santa-fe\/","name":"Preocupaci\u00f3n por el desfinanciamiento de la Caja Municipal de Santa Fe &#8211; FESTRAM","isPartOf":{"@id":"https:\/\/municipales.org.ar\/festram\/#website"},"primaryImageOfPage":{"@id":"https:\/\/municipales.org.ar\/festram\/preocupacion-por-el-desfinanciamiento-de-la-caja-municipal-de-santa-fe\/#primaryimage"},"image":{"@id":"https:\/\/municipales.org.ar\/festram\/preocupacion-por-el-desfinanciamiento-de-la-caja-municipal-de-santa-fe\/#primaryimage"},"thumbnailUrl":"https:\/\/municipales.org.ar\/festram\/wp-content\/uploads\/2022\/04\/what.jpeg","datePublished":"2022-04-01T12:40:51+00:00","dateModified":"2022-05-11T13:59:34+00:00","description":"Grave situaci\u00f3n financiera por los acuerdos locales en perjuicio de 51 localidades.","breadcrumb":{"@id":"https:\/\/municipales.org.ar\/festram\/preocupacion-por-el-desfinanciamiento-de-la-caja-municipal-de-santa-fe\/#breadcrumb"},"inLanguage":"es","potentialAction":[{"@type":"ReadAction","target":["https:\/\/municipales.org.ar\/festram\/preocupacion-por-el-desfinanciamiento-de-la-caja-municipal-de-santa-fe\/"]}]},{"@type":"ImageObject","inLanguage":"es","@id":"https:\/\/municipales.org.ar\/festram\/preocupacion-por-el-desfinanciamiento-de-la-caja-municipal-de-santa-fe\/#primaryimage","url":"https:\/\/municipales.org.ar\/festram\/wp-content\/uploads\/2022\/04\/what.jpeg","contentUrl":"https:\/\/municipales.org.ar\/festram\/wp-content\/uploads\/2022\/04\/what.jpeg","width":1280,"height":960},{"@type":"BreadcrumbList","@id":"https:\/\/municipales.org.ar\/festram\/preocupacion-por-el-desfinanciamiento-de-la-caja-municipal-de-santa-fe\/#breadcrumb","itemListElement":[{"@type":"ListItem","position":1,"name":"Portada","item":"https:\/\/municipales.org.ar\/festram\/"},{"@type":"ListItem","position":2,"name":"Preocupaci\u00f3n por el desfinanciamiento de la Caja Municipal de Santa Fe"}]},{"@type":"WebSite","@id":"https:\/\/municipales.org.ar\/festram\/#website","url":"https:\/\/municipales.org.ar\/festram\/","name":"FESTRAM","description":"La web de los trabajadores municipales","publisher":{"@id":"https:\/\/municipales.org.ar\/festram\/#organization"},"potentialAction":[{"@type":"SearchAction","target":{"@type":"EntryPoint","urlTemplate":"https:\/\/municipales.org.ar\/festram\/?s={search_term_string}"},"query-input":{"@type":"PropertyValueSpecification","valueRequired":true,"valueName":"search_term_string"}}],"inLanguage":"es"},{"@type":"Organization","@id":"https:\/\/municipales.org.ar\/festram\/#organization","name":"Federaci\u00f3n de Sindicatos de Trabajadores Municipales de la Provincia de Santa Fe","url":"https:\/\/municipales.org.ar\/festram\/","logo":{"@type":"ImageObject","inLanguage":"es","@id":"https:\/\/municipales.org.ar\/festram\/#\/schema\/logo\/image\/","url":"https:\/\/www.municipales.org.ar\/festram\/wp-content\/uploads\/2014\/07\/logo_fes.jpg","contentUrl":"https:\/\/www.municipales.org.ar\/festram\/wp-content\/uploads\/2014\/07\/logo_fes.jpg","width":661,"height":673,"caption":"Federaci\u00f3n de Sindicatos de Trabajadores Municipales de la Provincia de Santa Fe"},"image":{"@id":"https:\/\/municipales.org.ar\/festram\/#\/schema\/logo\/image\/"},"sameAs":["https:\/\/www.facebook.com\/MunicipalesSF","https:\/\/x.com\/MunicipalesSF","https:\/\/www.youtube.com\/user\/festram"]},{"@type":"Person","@id":"https:\/\/municipales.org.ar\/festram\/#\/schema\/person\/49096a774c48ce9063df4d59ec059f9e","name":"mun_admin"}]}},"jetpack_publicize_connections":[],"jetpack_featured_media_url":"https:\/\/municipales.org.ar\/festram\/wp-content\/uploads\/2022\/04\/what.jpeg","jetpack_sharing_enabled":true,"jetpack_likes_enabled":false,"jetpack_shortlink":"https:\/\/wp.me\/p7l4x1-45B","_links":{"self":[{"href":"https:\/\/municipales.org.ar\/festram\/wp-json\/wp\/v2\/posts\/15723","targetHints":{"allow":["GET"]}}],"collection":[{"href":"https:\/\/municipales.org.ar\/festram\/wp-json\/wp\/v2\/posts"}],"about":[{"href":"https:\/\/municipales.org.ar\/festram\/wp-json\/wp\/v2\/types\/post"}],"author":[{"embeddable":true,"href":"https:\/\/municipales.org.ar\/festram\/wp-json\/wp\/v2\/users\/1"}],"replies":[{"embeddable":true,"href":"https:\/\/municipales.org.ar\/festram\/wp-json\/wp\/v2\/comments?post=15723"}],"version-history":[{"count":2,"href":"https:\/\/municipales.org.ar\/festram\/wp-json\/wp\/v2\/posts\/15723\/revisions"}],"predecessor-version":[{"id":15763,"href":"https:\/\/municipales.org.ar\/festram\/wp-json\/wp\/v2\/posts\/15723\/revisions\/15763"}],"wp:featuredmedia":[{"embeddable":true,"href":"https:\/\/municipales.org.ar\/festram\/wp-json\/wp\/v2\/media\/15724"}],"wp:attachment":[{"href":"https:\/\/municipales.org.ar\/festram\/wp-json\/wp\/v2\/media?parent=15723"}],"wp:term":[{"taxonomy":"category","embeddable":true,"href":"https:\/\/municipales.org.ar\/festram\/wp-json\/wp\/v2\/categories?post=15723"},{"taxonomy":"post_tag","embeddable":true,"href":"https:\/\/municipales.org.ar\/festram\/wp-json\/wp\/v2\/tags?post=15723"}],"curies":[{"name":"wp","href":"https:\/\/api.w.org\/{rel}","templated":true}]}}