{"id":15744,"date":"2022-04-28T22:29:29","date_gmt":"2022-04-29T01:29:29","guid":{"rendered":"https:\/\/municipales.org.ar\/festram\/?p=15744"},"modified":"2022-04-28T22:29:32","modified_gmt":"2022-04-29T01:29:32","slug":"trabajadores-de-canada-rosquin-intensifican-plan-de-lucha","status":"publish","type":"post","link":"https:\/\/municipales.org.ar\/festram\/trabajadores-de-canada-rosquin-intensifican-plan-de-lucha\/","title":{"rendered":"Trabajadores de Ca\u00f1ada Rosqu\u00edn intensifican plan de lucha"},"content":{"rendered":"\n<p><\/p>\n\n\n\n<h2 class=\"wp-block-heading\"><strong>Paro por tiempo indeterminado tras no haber avances en la reuni\u00f3n del d\u00eda de ayer.<\/strong><br><br><\/h2>\n\n\n\n<p>Desde hace varios d\u00edas se iniciaron medidas de fuerza en la localidad de Ca\u00f1ada Rosqu\u00edn por el reclamo del pase a Planta Permanente pactado meses atr\u00e1s en dos Actas, las cuales fueron incumplidas por el Ejecutivo Local. Adem\u00e1s, se suman temas pendientes como suplementos y recategorizaci\u00f3n, conformaci\u00f3n de Junta de Disciplina y Reclamos, descuentos de adicionales, entre otros.<\/p>\n\n\n\n<p>El Sindicato ha dado muestras de avanzar en una mesa de di\u00e1logo, pero el Presidente Comunal distorsiona la discusi\u00f3n planteando acusaciones y haciendo referencia a hechos que no tienen que ver a la esencia de los problemas planteados, para negar el leg\u00edtimo derecho de los trabajadores.<\/p>\n\n\n\n<figure class=\"wp-block-gallery has-nested-images columns-default is-cropped wp-block-gallery-1 is-layout-flex wp-block-gallery-is-layout-flex\">\n<figure class=\"wp-block-image size-large\"><img loading=\"lazy\" decoding=\"async\" width=\"960\" height=\"720\" data-id=\"15747\" src=\"https:\/\/municipales.org.ar\/festram\/wp-content\/uploads\/2022\/04\/can\u0303ada-rosquin1.jpg\" alt=\"\" class=\"wp-image-15747\" srcset=\"https:\/\/municipales.org.ar\/festram\/wp-content\/uploads\/2022\/04\/can\u0303ada-rosquin1.jpg 960w, https:\/\/municipales.org.ar\/festram\/wp-content\/uploads\/2022\/04\/can\u0303ada-rosquin1-300x225.jpg 300w, https:\/\/municipales.org.ar\/festram\/wp-content\/uploads\/2022\/04\/can\u0303ada-rosquin1-768x576.jpg 768w\" sizes=\"auto, (max-width: 960px) 100vw, 960px\" \/><\/figure>\n\n\n\n<figure class=\"wp-block-image size-large\"><img loading=\"lazy\" decoding=\"async\" width=\"1024\" height=\"768\" data-id=\"15746\" src=\"https:\/\/municipales.org.ar\/festram\/wp-content\/uploads\/2022\/04\/can\u0303ada-rosquin3-1024x768.jpg\" alt=\"\" class=\"wp-image-15746\" srcset=\"https:\/\/municipales.org.ar\/festram\/wp-content\/uploads\/2022\/04\/can\u0303ada-rosquin3-1024x768.jpg 1024w, https:\/\/municipales.org.ar\/festram\/wp-content\/uploads\/2022\/04\/can\u0303ada-rosquin3-300x225.jpg 300w, https:\/\/municipales.org.ar\/festram\/wp-content\/uploads\/2022\/04\/can\u0303ada-rosquin3-768x576.jpg 768w, https:\/\/municipales.org.ar\/festram\/wp-content\/uploads\/2022\/04\/can\u0303ada-rosquin3-1536x1152.jpg 1536w, https:\/\/municipales.org.ar\/festram\/wp-content\/uploads\/2022\/04\/can\u0303ada-rosquin3.jpg 1600w\" sizes=\"auto, (max-width: 1024px) 100vw, 1024px\" \/><\/figure>\n<\/figure>\n\n\n\n<p>Luego de una reuni\u00f3n de m\u00e1s de tres horas, con el acompa\u00f1amiento de la Regional OESTE y dirigentes de FESTRAM, Ulises Puntonet no ha dado muestras de querer solucionar el conflicto ya que s\u00f3lo deber\u00eda acatar y dar cumplimiento a lo resuelto y firmado en dos Actas.&nbsp;<\/p>\n\n\n\n<p>Por tal raz\u00f3n, el Paro que ya es acatado por la totalidad de los compa\u00f1eros\/as de la localidad, ser\u00e1 por tiempo indeterminado.<\/p>\n\n\n\n<p>FESTRAM advierte que ante la falta de resoluci\u00f3n de estos problemas y de profundizarse el plan de lucha, no descarta la provincializaci\u00f3n del conflicto.<\/p>\n\n\n\n<h6 class=\"wp-block-heading\">Prensa FESTRAM<\/h6>\n","protected":false},"excerpt":{"rendered":"<p>Paro por tiempo indeterminado tras no haber avances en la reuni\u00f3n del d\u00eda de ayer.<\/p>\n","protected":false},"author":1,"featured_media":15748,"comment_status":"closed","ping_status":"closed","sticky":false,"template":"","format":"standard","meta":{"_jetpack_memberships_contains_paid_content":false,"footnotes":"","jetpack_publicize_message":"Paro por tiempo indeterminado en Ca\u00f1ada Rosqu\u00edn","jetpack_publicize_feature_enabled":true,"jetpack_social_post_already_shared":true,"jetpack_social_options":{"image_generator_settings":{"template":"highway","default_image_id":0,"font":"","enabled":false},"version":2}},"categories":[38],"tags":[134,67],"class_list":["post-15744","post","type-post","status-publish","format-standard","has-post-thumbnail","hentry","category-comunicados","tag-las-rosas","tag-sindicatos-afiliados"],"yoast_head":"<!-- This site is optimized with the Yoast SEO plugin v25.9 - https:\/\/yoast.com\/wordpress\/plugins\/seo\/ -->\n<title>Trabajadores de Ca\u00f1ada Rosqu\u00edn intensifican plan de lucha &#8211; FESTRAM<\/title>\n<meta name=\"description\" content=\"Paro por tiempo indeterminado tras no haber avances en la reuni\u00f3n del d\u00eda de ayer.\" \/>\n<meta name=\"robots\" content=\"index, follow, max-snippet:-1, max-image-preview:large, max-video-preview:-1\" \/>\n<link rel=\"canonical\" href=\"https:\/\/municipales.org.ar\/festram\/trabajadores-de-canada-rosquin-intensifican-plan-de-lucha\/\" \/>\n<meta property=\"og:locale\" content=\"es_ES\" \/>\n<meta property=\"og:type\" content=\"article\" \/>\n<meta property=\"og:title\" content=\"Trabajadores de Ca\u00f1ada Rosqu\u00edn intensifican plan de lucha &#8211; FESTRAM\" \/>\n<meta property=\"og:description\" content=\"Paro por tiempo indeterminado tras no haber avances en la reuni\u00f3n del d\u00eda de ayer.\" \/>\n<meta property=\"og:url\" content=\"https:\/\/municipales.org.ar\/festram\/trabajadores-de-canada-rosquin-intensifican-plan-de-lucha\/\" \/>\n<meta property=\"og:site_name\" content=\"FESTRAM\" \/>\n<meta property=\"article:publisher\" content=\"https:\/\/www.facebook.com\/MunicipalesSF\" \/>\n<meta property=\"article:published_time\" content=\"2022-04-29T01:29:29+00:00\" \/>\n<meta property=\"article:modified_time\" content=\"2022-04-29T01:29:32+00:00\" \/>\n<meta property=\"og:image\" content=\"https:\/\/municipales.org.ar\/festram\/wp-content\/uploads\/2022\/04\/can\u0303ada-rosquin.jpg\" \/>\n\t<meta property=\"og:image:width\" content=\"2048\" \/>\n\t<meta property=\"og:image:height\" content=\"1536\" \/>\n\t<meta property=\"og:image:type\" content=\"image\/jpeg\" \/>\n<meta name=\"author\" content=\"mun_admin\" \/>\n<meta name=\"twitter:card\" content=\"summary_large_image\" \/>\n<meta name=\"twitter:creator\" content=\"@MunicipalesSF\" \/>\n<meta name=\"twitter:site\" content=\"@MunicipalesSF\" \/>\n<meta name=\"twitter:label1\" content=\"Escrito por\" \/>\n\t<meta name=\"twitter:data1\" content=\"mun_admin\" \/>\n\t<meta name=\"twitter:label2\" content=\"Tiempo de lectura\" \/>\n\t<meta name=\"twitter:data2\" content=\"2 minutos\" \/>\n<script type=\"application\/ld+json\" class=\"yoast-schema-graph\">{\"@context\":\"https:\/\/schema.org\",\"@graph\":[{\"@type\":\"Article\",\"@id\":\"https:\/\/municipales.org.ar\/festram\/trabajadores-de-canada-rosquin-intensifican-plan-de-lucha\/#article\",\"isPartOf\":{\"@id\":\"https:\/\/municipales.org.ar\/festram\/trabajadores-de-canada-rosquin-intensifican-plan-de-lucha\/\"},\"author\":{\"name\":\"mun_admin\",\"@id\":\"https:\/\/municipales.org.ar\/festram\/#\/schema\/person\/49096a774c48ce9063df4d59ec059f9e\"},\"headline\":\"Trabajadores de Ca\u00f1ada Rosqu\u00edn intensifican plan de lucha\",\"datePublished\":\"2022-04-29T01:29:29+00:00\",\"dateModified\":\"2022-04-29T01:29:32+00:00\",\"mainEntityOfPage\":{\"@id\":\"https:\/\/municipales.org.ar\/festram\/trabajadores-de-canada-rosquin-intensifican-plan-de-lucha\/\"},\"wordCount\":247,\"publisher\":{\"@id\":\"https:\/\/municipales.org.ar\/festram\/#organization\"},\"image\":{\"@id\":\"https:\/\/municipales.org.ar\/festram\/trabajadores-de-canada-rosquin-intensifican-plan-de-lucha\/#primaryimage\"},\"thumbnailUrl\":\"https:\/\/municipales.org.ar\/festram\/wp-content\/uploads\/2022\/04\/can\u0303ada-rosquin.jpg\",\"keywords\":[\"las rosas\",\"sindicatos afiliados\"],\"articleSection\":[\"Comunicados\"],\"inLanguage\":\"es\"},{\"@type\":\"WebPage\",\"@id\":\"https:\/\/municipales.org.ar\/festram\/trabajadores-de-canada-rosquin-intensifican-plan-de-lucha\/\",\"url\":\"https:\/\/municipales.org.ar\/festram\/trabajadores-de-canada-rosquin-intensifican-plan-de-lucha\/\",\"name\":\"Trabajadores de Ca\u00f1ada Rosqu\u00edn intensifican plan de lucha &#8211; FESTRAM\",\"isPartOf\":{\"@id\":\"https:\/\/municipales.org.ar\/festram\/#website\"},\"primaryImageOfPage\":{\"@id\":\"https:\/\/municipales.org.ar\/festram\/trabajadores-de-canada-rosquin-intensifican-plan-de-lucha\/#primaryimage\"},\"image\":{\"@id\":\"https:\/\/municipales.org.ar\/festram\/trabajadores-de-canada-rosquin-intensifican-plan-de-lucha\/#primaryimage\"},\"thumbnailUrl\":\"https:\/\/municipales.org.ar\/festram\/wp-content\/uploads\/2022\/04\/can\u0303ada-rosquin.jpg\",\"datePublished\":\"2022-04-29T01:29:29+00:00\",\"dateModified\":\"2022-04-29T01:29:32+00:00\",\"description\":\"Paro por tiempo indeterminado tras no haber avances en la reuni\u00f3n del d\u00eda de ayer.\",\"breadcrumb\":{\"@id\":\"https:\/\/municipales.org.ar\/festram\/trabajadores-de-canada-rosquin-intensifican-plan-de-lucha\/#breadcrumb\"},\"inLanguage\":\"es\",\"potentialAction\":[{\"@type\":\"ReadAction\",\"target\":[\"https:\/\/municipales.org.ar\/festram\/trabajadores-de-canada-rosquin-intensifican-plan-de-lucha\/\"]}]},{\"@type\":\"ImageObject\",\"inLanguage\":\"es\",\"@id\":\"https:\/\/municipales.org.ar\/festram\/trabajadores-de-canada-rosquin-intensifican-plan-de-lucha\/#primaryimage\",\"url\":\"https:\/\/municipales.org.ar\/festram\/wp-content\/uploads\/2022\/04\/can\u0303ada-rosquin.jpg\",\"contentUrl\":\"https:\/\/municipales.org.ar\/festram\/wp-content\/uploads\/2022\/04\/can\u0303ada-rosquin.jpg\",\"width\":2048,\"height\":1536},{\"@type\":\"BreadcrumbList\",\"@id\":\"https:\/\/municipales.org.ar\/festram\/trabajadores-de-canada-rosquin-intensifican-plan-de-lucha\/#breadcrumb\",\"itemListElement\":[{\"@type\":\"ListItem\",\"position\":1,\"name\":\"Portada\",\"item\":\"https:\/\/municipales.org.ar\/festram\/\"},{\"@type\":\"ListItem\",\"position\":2,\"name\":\"Trabajadores de Ca\u00f1ada Rosqu\u00edn intensifican plan de lucha\"}]},{\"@type\":\"WebSite\",\"@id\":\"https:\/\/municipales.org.ar\/festram\/#website\",\"url\":\"https:\/\/municipales.org.ar\/festram\/\",\"name\":\"FESTRAM\",\"description\":\"La web de los trabajadores municipales\",\"publisher\":{\"@id\":\"https:\/\/municipales.org.ar\/festram\/#organization\"},\"potentialAction\":[{\"@type\":\"SearchAction\",\"target\":{\"@type\":\"EntryPoint\",\"urlTemplate\":\"https:\/\/municipales.org.ar\/festram\/?s={search_term_string}\"},\"query-input\":{\"@type\":\"PropertyValueSpecification\",\"valueRequired\":true,\"valueName\":\"search_term_string\"}}],\"inLanguage\":\"es\"},{\"@type\":\"Organization\",\"@id\":\"https:\/\/municipales.org.ar\/festram\/#organization\",\"name\":\"Federaci\u00f3n de Sindicatos de Trabajadores Municipales de la Provincia de Santa Fe\",\"url\":\"https:\/\/municipales.org.ar\/festram\/\",\"logo\":{\"@type\":\"ImageObject\",\"inLanguage\":\"es\",\"@id\":\"https:\/\/municipales.org.ar\/festram\/#\/schema\/logo\/image\/\",\"url\":\"https:\/\/www.municipales.org.ar\/festram\/wp-content\/uploads\/2014\/07\/logo_fes.jpg\",\"contentUrl\":\"https:\/\/www.municipales.org.ar\/festram\/wp-content\/uploads\/2014\/07\/logo_fes.jpg\",\"width\":661,\"height\":673,\"caption\":\"Federaci\u00f3n de Sindicatos de Trabajadores Municipales de la Provincia de Santa Fe\"},\"image\":{\"@id\":\"https:\/\/municipales.org.ar\/festram\/#\/schema\/logo\/image\/\"},\"sameAs\":[\"https:\/\/www.facebook.com\/MunicipalesSF\",\"https:\/\/x.com\/MunicipalesSF\",\"https:\/\/www.youtube.com\/user\/festram\"]},{\"@type\":\"Person\",\"@id\":\"https:\/\/municipales.org.ar\/festram\/#\/schema\/person\/49096a774c48ce9063df4d59ec059f9e\",\"name\":\"mun_admin\"}]}<\/script>\n<!-- \/ Yoast SEO plugin. -->","yoast_head_json":{"title":"Trabajadores de Ca\u00f1ada Rosqu\u00edn intensifican plan de lucha &#8211; FESTRAM","description":"Paro por tiempo indeterminado tras no haber avances en la reuni\u00f3n del d\u00eda de ayer.","robots":{"index":"index","follow":"follow","max-snippet":"max-snippet:-1","max-image-preview":"max-image-preview:large","max-video-preview":"max-video-preview:-1"},"canonical":"https:\/\/municipales.org.ar\/festram\/trabajadores-de-canada-rosquin-intensifican-plan-de-lucha\/","og_locale":"es_ES","og_type":"article","og_title":"Trabajadores de Ca\u00f1ada Rosqu\u00edn intensifican plan de lucha &#8211; FESTRAM","og_description":"Paro por tiempo indeterminado tras no haber avances en la reuni\u00f3n del d\u00eda de ayer.","og_url":"https:\/\/municipales.org.ar\/festram\/trabajadores-de-canada-rosquin-intensifican-plan-de-lucha\/","og_site_name":"FESTRAM","article_publisher":"https:\/\/www.facebook.com\/MunicipalesSF","article_published_time":"2022-04-29T01:29:29+00:00","article_modified_time":"2022-04-29T01:29:32+00:00","og_image":[{"width":2048,"height":1536,"url":"https:\/\/municipales.org.ar\/festram\/wp-content\/uploads\/2022\/04\/can\u0303ada-rosquin.jpg","type":"image\/jpeg"}],"author":"mun_admin","twitter_card":"summary_large_image","twitter_creator":"@MunicipalesSF","twitter_site":"@MunicipalesSF","twitter_misc":{"Escrito por":"mun_admin","Tiempo de lectura":"2 minutos"},"schema":{"@context":"https:\/\/schema.org","@graph":[{"@type":"Article","@id":"https:\/\/municipales.org.ar\/festram\/trabajadores-de-canada-rosquin-intensifican-plan-de-lucha\/#article","isPartOf":{"@id":"https:\/\/municipales.org.ar\/festram\/trabajadores-de-canada-rosquin-intensifican-plan-de-lucha\/"},"author":{"name":"mun_admin","@id":"https:\/\/municipales.org.ar\/festram\/#\/schema\/person\/49096a774c48ce9063df4d59ec059f9e"},"headline":"Trabajadores de Ca\u00f1ada Rosqu\u00edn intensifican plan de lucha","datePublished":"2022-04-29T01:29:29+00:00","dateModified":"2022-04-29T01:29:32+00:00","mainEntityOfPage":{"@id":"https:\/\/municipales.org.ar\/festram\/trabajadores-de-canada-rosquin-intensifican-plan-de-lucha\/"},"wordCount":247,"publisher":{"@id":"https:\/\/municipales.org.ar\/festram\/#organization"},"image":{"@id":"https:\/\/municipales.org.ar\/festram\/trabajadores-de-canada-rosquin-intensifican-plan-de-lucha\/#primaryimage"},"thumbnailUrl":"https:\/\/municipales.org.ar\/festram\/wp-content\/uploads\/2022\/04\/can\u0303ada-rosquin.jpg","keywords":["las rosas","sindicatos afiliados"],"articleSection":["Comunicados"],"inLanguage":"es"},{"@type":"WebPage","@id":"https:\/\/municipales.org.ar\/festram\/trabajadores-de-canada-rosquin-intensifican-plan-de-lucha\/","url":"https:\/\/municipales.org.ar\/festram\/trabajadores-de-canada-rosquin-intensifican-plan-de-lucha\/","name":"Trabajadores de Ca\u00f1ada Rosqu\u00edn intensifican plan de lucha &#8211; FESTRAM","isPartOf":{"@id":"https:\/\/municipales.org.ar\/festram\/#website"},"primaryImageOfPage":{"@id":"https:\/\/municipales.org.ar\/festram\/trabajadores-de-canada-rosquin-intensifican-plan-de-lucha\/#primaryimage"},"image":{"@id":"https:\/\/municipales.org.ar\/festram\/trabajadores-de-canada-rosquin-intensifican-plan-de-lucha\/#primaryimage"},"thumbnailUrl":"https:\/\/municipales.org.ar\/festram\/wp-content\/uploads\/2022\/04\/can\u0303ada-rosquin.jpg","datePublished":"2022-04-29T01:29:29+00:00","dateModified":"2022-04-29T01:29:32+00:00","description":"Paro por tiempo indeterminado tras no haber avances en la reuni\u00f3n del d\u00eda de ayer.","breadcrumb":{"@id":"https:\/\/municipales.org.ar\/festram\/trabajadores-de-canada-rosquin-intensifican-plan-de-lucha\/#breadcrumb"},"inLanguage":"es","potentialAction":[{"@type":"ReadAction","target":["https:\/\/municipales.org.ar\/festram\/trabajadores-de-canada-rosquin-intensifican-plan-de-lucha\/"]}]},{"@type":"ImageObject","inLanguage":"es","@id":"https:\/\/municipales.org.ar\/festram\/trabajadores-de-canada-rosquin-intensifican-plan-de-lucha\/#primaryimage","url":"https:\/\/municipales.org.ar\/festram\/wp-content\/uploads\/2022\/04\/can\u0303ada-rosquin.jpg","contentUrl":"https:\/\/municipales.org.ar\/festram\/wp-content\/uploads\/2022\/04\/can\u0303ada-rosquin.jpg","width":2048,"height":1536},{"@type":"BreadcrumbList","@id":"https:\/\/municipales.org.ar\/festram\/trabajadores-de-canada-rosquin-intensifican-plan-de-lucha\/#breadcrumb","itemListElement":[{"@type":"ListItem","position":1,"name":"Portada","item":"https:\/\/municipales.org.ar\/festram\/"},{"@type":"ListItem","position":2,"name":"Trabajadores de Ca\u00f1ada Rosqu\u00edn intensifican plan de lucha"}]},{"@type":"WebSite","@id":"https:\/\/municipales.org.ar\/festram\/#website","url":"https:\/\/municipales.org.ar\/festram\/","name":"FESTRAM","description":"La web de los trabajadores municipales","publisher":{"@id":"https:\/\/municipales.org.ar\/festram\/#organization"},"potentialAction":[{"@type":"SearchAction","target":{"@type":"EntryPoint","urlTemplate":"https:\/\/municipales.org.ar\/festram\/?s={search_term_string}"},"query-input":{"@type":"PropertyValueSpecification","valueRequired":true,"valueName":"search_term_string"}}],"inLanguage":"es"},{"@type":"Organization","@id":"https:\/\/municipales.org.ar\/festram\/#organization","name":"Federaci\u00f3n de Sindicatos de Trabajadores Municipales de la Provincia de Santa Fe","url":"https:\/\/municipales.org.ar\/festram\/","logo":{"@type":"ImageObject","inLanguage":"es","@id":"https:\/\/municipales.org.ar\/festram\/#\/schema\/logo\/image\/","url":"https:\/\/www.municipales.org.ar\/festram\/wp-content\/uploads\/2014\/07\/logo_fes.jpg","contentUrl":"https:\/\/www.municipales.org.ar\/festram\/wp-content\/uploads\/2014\/07\/logo_fes.jpg","width":661,"height":673,"caption":"Federaci\u00f3n de Sindicatos de Trabajadores Municipales de la Provincia de Santa Fe"},"image":{"@id":"https:\/\/municipales.org.ar\/festram\/#\/schema\/logo\/image\/"},"sameAs":["https:\/\/www.facebook.com\/MunicipalesSF","https:\/\/x.com\/MunicipalesSF","https:\/\/www.youtube.com\/user\/festram"]},{"@type":"Person","@id":"https:\/\/municipales.org.ar\/festram\/#\/schema\/person\/49096a774c48ce9063df4d59ec059f9e","name":"mun_admin"}]}},"jetpack_publicize_connections":[],"jetpack_featured_media_url":"https:\/\/municipales.org.ar\/festram\/wp-content\/uploads\/2022\/04\/can\u0303ada-rosquin.jpg","jetpack_sharing_enabled":true,"jetpack_likes_enabled":false,"jetpack_shortlink":"https:\/\/wp.me\/p7l4x1-45W","_links":{"self":[{"href":"https:\/\/municipales.org.ar\/festram\/wp-json\/wp\/v2\/posts\/15744","targetHints":{"allow":["GET"]}}],"collection":[{"href":"https:\/\/municipales.org.ar\/festram\/wp-json\/wp\/v2\/posts"}],"about":[{"href":"https:\/\/municipales.org.ar\/festram\/wp-json\/wp\/v2\/types\/post"}],"author":[{"embeddable":true,"href":"https:\/\/municipales.org.ar\/festram\/wp-json\/wp\/v2\/users\/1"}],"replies":[{"embeddable":true,"href":"https:\/\/municipales.org.ar\/festram\/wp-json\/wp\/v2\/comments?post=15744"}],"version-history":[{"count":1,"href":"https:\/\/municipales.org.ar\/festram\/wp-json\/wp\/v2\/posts\/15744\/revisions"}],"predecessor-version":[{"id":15749,"href":"https:\/\/municipales.org.ar\/festram\/wp-json\/wp\/v2\/posts\/15744\/revisions\/15749"}],"wp:featuredmedia":[{"embeddable":true,"href":"https:\/\/municipales.org.ar\/festram\/wp-json\/wp\/v2\/media\/15748"}],"wp:attachment":[{"href":"https:\/\/municipales.org.ar\/festram\/wp-json\/wp\/v2\/media?parent=15744"}],"wp:term":[{"taxonomy":"category","embeddable":true,"href":"https:\/\/municipales.org.ar\/festram\/wp-json\/wp\/v2\/categories?post=15744"},{"taxonomy":"post_tag","embeddable":true,"href":"https:\/\/municipales.org.ar\/festram\/wp-json\/wp\/v2\/tags?post=15744"}],"curies":[{"name":"wp","href":"https:\/\/api.w.org\/{rel}","templated":true}]}}