{"id":15767,"date":"2022-05-20T19:47:18","date_gmt":"2022-05-20T22:47:18","guid":{"rendered":"https:\/\/municipales.org.ar\/festram\/?p=15767"},"modified":"2022-07-12T11:12:40","modified_gmt":"2022-07-12T14:12:40","slug":"la-problematica-de-la-caja-municipal-de-jubilaciones-y-pensiones-de-santa-f","status":"publish","type":"post","link":"https:\/\/municipales.org.ar\/festram\/la-problematica-de-la-caja-municipal-de-jubilaciones-y-pensiones-de-santa-f\/","title":{"rendered":"La problem\u00e1tica de la Caja Municipal de Jubilaciones y Pensiones de Santa Fe"},"content":{"rendered":"\n<p><\/p>\n\n\n\n<h2 class=\"wp-block-heading\"><strong>La Secretaria de Acci\u00f3n y Previsi\u00f3n Social y dirigentes de las Regionales de FESTRAM se reunieron con Directivos del&nbsp;Centro de Jubilados y Pensionados para&nbsp;avanzar con los reclamos.<\/strong><br><\/h2>\n\n\n\n<p><\/p>\n\n\n\n<p><\/p>\n\n\n\n<p>Dirigentes de los Sindicatos de las Regionales Centro, Noroeste y Sudeste -cuyas jurisdicciones comprenden Municipios y Comunas que aportan a la Caja Municipal de la ciudad de Santa Fe- se reunieron en G\u00e1lvez junto a Directivos del Centro de Jubilados y Pensionados de dicha Caja, encabezado por el Dr. Eduardo C\u00f3ceres, Ofelia Araoz y Benito Marchese, reuni\u00f3n coordinada por FESTRAM a trav\u00e9s de la Secretaria de Acci\u00f3n y Previsi\u00f3n Social, Raquel Toledo.<\/p>\n\n\n\n<p>Similar encuentro se desarroll\u00f3 con los Sindicatos que integran la Regional Noreste que tambi\u00e9n tiene aportantes y beneficiarios a la Caja de la ciudad de Santa Fe.<\/p>\n\n\n\n<p>Las reuniones fueron organizadas debido a la situaci\u00f3n que viven los Jubilados y Pensionados Municipales y Comunales, como tambi\u00e9n los Trabajadores Activos que dependen de esta Caja, con el objeto de continuar tratando la problem\u00e1tica del sector pasivo derivado de las omisiones de la representaci\u00f3n pol\u00edtica del organismo.<\/p>\n\n\n\n<figure class=\"wp-block-image size-large\"><img loading=\"lazy\" decoding=\"async\" width=\"1024\" height=\"473\" src=\"https:\/\/municipales.org.ar\/festram\/wp-content\/uploads\/2022\/05\/4848B472-E94F-4298-BF28-566DD626E783-1024x473.jpeg\" alt=\"\" class=\"wp-image-15769\" srcset=\"https:\/\/municipales.org.ar\/festram\/wp-content\/uploads\/2022\/05\/4848B472-E94F-4298-BF28-566DD626E783-1024x473.jpeg 1024w, https:\/\/municipales.org.ar\/festram\/wp-content\/uploads\/2022\/05\/4848B472-E94F-4298-BF28-566DD626E783-300x138.jpeg 300w, https:\/\/municipales.org.ar\/festram\/wp-content\/uploads\/2022\/05\/4848B472-E94F-4298-BF28-566DD626E783-768x354.jpeg 768w, https:\/\/municipales.org.ar\/festram\/wp-content\/uploads\/2022\/05\/4848B472-E94F-4298-BF28-566DD626E783.jpeg 1040w\" sizes=\"auto, (max-width: 1024px) 100vw, 1024px\" \/><\/figure>\n\n\n\n<p>Luego de un profundo an\u00e1lisis se resolvi\u00f3 reiterar el pedido de participaci\u00f3n en el Consejo de Administraci\u00f3n y tramitar una audiencia con las Autoridades pol\u00edticas del Ente, es decir, el Intendente Emilio Jat\u00f3n y con los Concejales que conforman el Cuerpo Legislativo de la ciudad de Santa Fe ya que esta problem\u00e1tica involucra y en desmedro de las 12 Municipalidades y 39 Comunas que aportan al mismo.<\/p>\n\n\n\n<p>FESTRAM ha solicitado la informaci\u00f3n actualizada sobre el funcionamiento de la Caja, incluyendo el Balance correspondiente al a\u00f1o 2021, como as\u00ed tambi\u00e9n las medidas y\/o previsiones presupuestarias decididas por la Junta Administradora tendientes a darle sustentabilidad al sistema previsional ante la grave situaci\u00f3n que es consecuencia del acuerdo local al que ha arribado la Municipalidad de Santa Fe con ASOEM al establecer sumas no remunerativas violando las ordenanzas vigentes. Lamentablemente, el organismo no ha cumplimentado lo requerido.<\/p>\n\n\n\n<h6 class=\"wp-block-heading\">Prensa FESTRAM<\/h6>\n","protected":false},"excerpt":{"rendered":"<p>La Secretaria de Acci\u00f3n y Previsi\u00f3n Social y dirigentes de las Regionales de FESTRAM se reunieron con Directivos del\u00a0Centro de Jubilados y Pensionados para\u00a0avanzar con los reclamos.<\/p>\n","protected":false},"author":1,"featured_media":15768,"comment_status":"closed","ping_status":"closed","sticky":false,"template":"","format":"standard","meta":{"_jetpack_memberships_contains_paid_content":false,"footnotes":"","jetpack_publicize_message":"","jetpack_publicize_feature_enabled":true,"jetpack_social_post_already_shared":true,"jetpack_social_options":{"image_generator_settings":{"template":"highway","default_image_id":0,"font":"","enabled":false},"version":2}},"categories":[38],"tags":[82,155,67],"class_list":["post-15767","post","type-post","status-publish","format-standard","has-post-thumbnail","hentry","category-comunicados","tag-jubilaciones","tag-santa-fe","tag-sindicatos-afiliados"],"yoast_head":"<!-- This site is optimized with the Yoast SEO plugin v25.9 - https:\/\/yoast.com\/wordpress\/plugins\/seo\/ -->\n<title>La problem\u00e1tica de la Caja Municipal de Jubilaciones y Pensiones de Santa Fe &#8211; FESTRAM<\/title>\n<meta name=\"description\" content=\"La Secretaria de Acci\u00f3n y Previsi\u00f3n Social y dirigentes de las Regionales de FESTRAM se reunieron con Directivos del\u00a0Centro de Jubilados y Pensionados para\u00a0avanzar con los reclamos.\" \/>\n<meta name=\"robots\" content=\"index, follow, max-snippet:-1, max-image-preview:large, max-video-preview:-1\" \/>\n<link rel=\"canonical\" href=\"https:\/\/municipales.org.ar\/festram\/la-problematica-de-la-caja-municipal-de-jubilaciones-y-pensiones-de-santa-f\/\" \/>\n<meta property=\"og:locale\" content=\"es_ES\" \/>\n<meta property=\"og:type\" content=\"article\" \/>\n<meta property=\"og:title\" content=\"La problem\u00e1tica de la Caja Municipal de Jubilaciones y Pensiones de Santa Fe &#8211; FESTRAM\" \/>\n<meta property=\"og:description\" content=\"La Secretaria de Acci\u00f3n y Previsi\u00f3n Social y dirigentes de las Regionales de FESTRAM se reunieron con Directivos del\u00a0Centro de Jubilados y Pensionados para\u00a0avanzar con los reclamos.\" \/>\n<meta property=\"og:url\" content=\"https:\/\/municipales.org.ar\/festram\/la-problematica-de-la-caja-municipal-de-jubilaciones-y-pensiones-de-santa-f\/\" \/>\n<meta property=\"og:site_name\" content=\"FESTRAM\" \/>\n<meta property=\"article:publisher\" content=\"https:\/\/www.facebook.com\/MunicipalesSF\" \/>\n<meta property=\"article:published_time\" content=\"2022-05-20T22:47:18+00:00\" \/>\n<meta property=\"article:modified_time\" content=\"2022-07-12T14:12:40+00:00\" \/>\n<meta property=\"og:image\" content=\"https:\/\/municipales.org.ar\/festram\/wp-content\/uploads\/2022\/05\/546EF395-B248-4949-9997-7CFBFA29CECB.jpeg\" \/>\n\t<meta property=\"og:image:width\" content=\"1040\" \/>\n\t<meta property=\"og:image:height\" content=\"480\" \/>\n\t<meta property=\"og:image:type\" content=\"image\/jpeg\" \/>\n<meta name=\"author\" content=\"mun_admin\" \/>\n<meta name=\"twitter:card\" content=\"summary_large_image\" \/>\n<meta name=\"twitter:creator\" content=\"@MunicipalesSF\" \/>\n<meta name=\"twitter:site\" content=\"@MunicipalesSF\" \/>\n<meta name=\"twitter:label1\" content=\"Escrito por\" \/>\n\t<meta name=\"twitter:data1\" content=\"mun_admin\" \/>\n\t<meta name=\"twitter:label2\" content=\"Tiempo de lectura\" \/>\n\t<meta name=\"twitter:data2\" content=\"2 minutos\" \/>\n<script type=\"application\/ld+json\" class=\"yoast-schema-graph\">{\"@context\":\"https:\/\/schema.org\",\"@graph\":[{\"@type\":\"Article\",\"@id\":\"https:\/\/municipales.org.ar\/festram\/la-problematica-de-la-caja-municipal-de-jubilaciones-y-pensiones-de-santa-f\/#article\",\"isPartOf\":{\"@id\":\"https:\/\/municipales.org.ar\/festram\/la-problematica-de-la-caja-municipal-de-jubilaciones-y-pensiones-de-santa-f\/\"},\"author\":{\"name\":\"mun_admin\",\"@id\":\"https:\/\/municipales.org.ar\/festram\/#\/schema\/person\/49096a774c48ce9063df4d59ec059f9e\"},\"headline\":\"La problem\u00e1tica de la Caja Municipal de Jubilaciones y Pensiones de Santa Fe\",\"datePublished\":\"2022-05-20T22:47:18+00:00\",\"dateModified\":\"2022-07-12T14:12:40+00:00\",\"mainEntityOfPage\":{\"@id\":\"https:\/\/municipales.org.ar\/festram\/la-problematica-de-la-caja-municipal-de-jubilaciones-y-pensiones-de-santa-f\/\"},\"wordCount\":360,\"publisher\":{\"@id\":\"https:\/\/municipales.org.ar\/festram\/#organization\"},\"image\":{\"@id\":\"https:\/\/municipales.org.ar\/festram\/la-problematica-de-la-caja-municipal-de-jubilaciones-y-pensiones-de-santa-f\/#primaryimage\"},\"thumbnailUrl\":\"https:\/\/municipales.org.ar\/festram\/wp-content\/uploads\/2022\/05\/546EF395-B248-4949-9997-7CFBFA29CECB.jpeg\",\"keywords\":[\"jubilaciones\",\"santa fe\",\"sindicatos afiliados\"],\"articleSection\":[\"Comunicados\"],\"inLanguage\":\"es\"},{\"@type\":\"WebPage\",\"@id\":\"https:\/\/municipales.org.ar\/festram\/la-problematica-de-la-caja-municipal-de-jubilaciones-y-pensiones-de-santa-f\/\",\"url\":\"https:\/\/municipales.org.ar\/festram\/la-problematica-de-la-caja-municipal-de-jubilaciones-y-pensiones-de-santa-f\/\",\"name\":\"La problem\u00e1tica de la Caja Municipal de Jubilaciones y Pensiones de Santa Fe &#8211; FESTRAM\",\"isPartOf\":{\"@id\":\"https:\/\/municipales.org.ar\/festram\/#website\"},\"primaryImageOfPage\":{\"@id\":\"https:\/\/municipales.org.ar\/festram\/la-problematica-de-la-caja-municipal-de-jubilaciones-y-pensiones-de-santa-f\/#primaryimage\"},\"image\":{\"@id\":\"https:\/\/municipales.org.ar\/festram\/la-problematica-de-la-caja-municipal-de-jubilaciones-y-pensiones-de-santa-f\/#primaryimage\"},\"thumbnailUrl\":\"https:\/\/municipales.org.ar\/festram\/wp-content\/uploads\/2022\/05\/546EF395-B248-4949-9997-7CFBFA29CECB.jpeg\",\"datePublished\":\"2022-05-20T22:47:18+00:00\",\"dateModified\":\"2022-07-12T14:12:40+00:00\",\"description\":\"La Secretaria de Acci\u00f3n y Previsi\u00f3n Social y dirigentes de las Regionales de FESTRAM se reunieron con Directivos del\u00a0Centro de Jubilados y Pensionados para\u00a0avanzar con los reclamos.\",\"breadcrumb\":{\"@id\":\"https:\/\/municipales.org.ar\/festram\/la-problematica-de-la-caja-municipal-de-jubilaciones-y-pensiones-de-santa-f\/#breadcrumb\"},\"inLanguage\":\"es\",\"potentialAction\":[{\"@type\":\"ReadAction\",\"target\":[\"https:\/\/municipales.org.ar\/festram\/la-problematica-de-la-caja-municipal-de-jubilaciones-y-pensiones-de-santa-f\/\"]}]},{\"@type\":\"ImageObject\",\"inLanguage\":\"es\",\"@id\":\"https:\/\/municipales.org.ar\/festram\/la-problematica-de-la-caja-municipal-de-jubilaciones-y-pensiones-de-santa-f\/#primaryimage\",\"url\":\"https:\/\/municipales.org.ar\/festram\/wp-content\/uploads\/2022\/05\/546EF395-B248-4949-9997-7CFBFA29CECB.jpeg\",\"contentUrl\":\"https:\/\/municipales.org.ar\/festram\/wp-content\/uploads\/2022\/05\/546EF395-B248-4949-9997-7CFBFA29CECB.jpeg\",\"width\":1040,\"height\":480},{\"@type\":\"BreadcrumbList\",\"@id\":\"https:\/\/municipales.org.ar\/festram\/la-problematica-de-la-caja-municipal-de-jubilaciones-y-pensiones-de-santa-f\/#breadcrumb\",\"itemListElement\":[{\"@type\":\"ListItem\",\"position\":1,\"name\":\"Portada\",\"item\":\"https:\/\/municipales.org.ar\/festram\/\"},{\"@type\":\"ListItem\",\"position\":2,\"name\":\"La problem\u00e1tica de la Caja Municipal de Jubilaciones y Pensiones de Santa Fe\"}]},{\"@type\":\"WebSite\",\"@id\":\"https:\/\/municipales.org.ar\/festram\/#website\",\"url\":\"https:\/\/municipales.org.ar\/festram\/\",\"name\":\"FESTRAM\",\"description\":\"La web de los trabajadores municipales\",\"publisher\":{\"@id\":\"https:\/\/municipales.org.ar\/festram\/#organization\"},\"potentialAction\":[{\"@type\":\"SearchAction\",\"target\":{\"@type\":\"EntryPoint\",\"urlTemplate\":\"https:\/\/municipales.org.ar\/festram\/?s={search_term_string}\"},\"query-input\":{\"@type\":\"PropertyValueSpecification\",\"valueRequired\":true,\"valueName\":\"search_term_string\"}}],\"inLanguage\":\"es\"},{\"@type\":\"Organization\",\"@id\":\"https:\/\/municipales.org.ar\/festram\/#organization\",\"name\":\"Federaci\u00f3n de Sindicatos de Trabajadores Municipales de la Provincia de Santa Fe\",\"url\":\"https:\/\/municipales.org.ar\/festram\/\",\"logo\":{\"@type\":\"ImageObject\",\"inLanguage\":\"es\",\"@id\":\"https:\/\/municipales.org.ar\/festram\/#\/schema\/logo\/image\/\",\"url\":\"https:\/\/www.municipales.org.ar\/festram\/wp-content\/uploads\/2014\/07\/logo_fes.jpg\",\"contentUrl\":\"https:\/\/www.municipales.org.ar\/festram\/wp-content\/uploads\/2014\/07\/logo_fes.jpg\",\"width\":661,\"height\":673,\"caption\":\"Federaci\u00f3n de Sindicatos de Trabajadores Municipales de la Provincia de Santa Fe\"},\"image\":{\"@id\":\"https:\/\/municipales.org.ar\/festram\/#\/schema\/logo\/image\/\"},\"sameAs\":[\"https:\/\/www.facebook.com\/MunicipalesSF\",\"https:\/\/x.com\/MunicipalesSF\",\"https:\/\/www.youtube.com\/user\/festram\"]},{\"@type\":\"Person\",\"@id\":\"https:\/\/municipales.org.ar\/festram\/#\/schema\/person\/49096a774c48ce9063df4d59ec059f9e\",\"name\":\"mun_admin\"}]}<\/script>\n<!-- \/ Yoast SEO plugin. -->","yoast_head_json":{"title":"La problem\u00e1tica de la Caja Municipal de Jubilaciones y Pensiones de Santa Fe &#8211; FESTRAM","description":"La Secretaria de Acci\u00f3n y Previsi\u00f3n Social y dirigentes de las Regionales de FESTRAM se reunieron con Directivos del\u00a0Centro de Jubilados y Pensionados para\u00a0avanzar con los reclamos.","robots":{"index":"index","follow":"follow","max-snippet":"max-snippet:-1","max-image-preview":"max-image-preview:large","max-video-preview":"max-video-preview:-1"},"canonical":"https:\/\/municipales.org.ar\/festram\/la-problematica-de-la-caja-municipal-de-jubilaciones-y-pensiones-de-santa-f\/","og_locale":"es_ES","og_type":"article","og_title":"La problem\u00e1tica de la Caja Municipal de Jubilaciones y Pensiones de Santa Fe &#8211; FESTRAM","og_description":"La Secretaria de Acci\u00f3n y Previsi\u00f3n Social y dirigentes de las Regionales de FESTRAM se reunieron con Directivos del\u00a0Centro de Jubilados y Pensionados para\u00a0avanzar con los reclamos.","og_url":"https:\/\/municipales.org.ar\/festram\/la-problematica-de-la-caja-municipal-de-jubilaciones-y-pensiones-de-santa-f\/","og_site_name":"FESTRAM","article_publisher":"https:\/\/www.facebook.com\/MunicipalesSF","article_published_time":"2022-05-20T22:47:18+00:00","article_modified_time":"2022-07-12T14:12:40+00:00","og_image":[{"width":1040,"height":480,"url":"https:\/\/municipales.org.ar\/festram\/wp-content\/uploads\/2022\/05\/546EF395-B248-4949-9997-7CFBFA29CECB.jpeg","type":"image\/jpeg"}],"author":"mun_admin","twitter_card":"summary_large_image","twitter_creator":"@MunicipalesSF","twitter_site":"@MunicipalesSF","twitter_misc":{"Escrito por":"mun_admin","Tiempo de lectura":"2 minutos"},"schema":{"@context":"https:\/\/schema.org","@graph":[{"@type":"Article","@id":"https:\/\/municipales.org.ar\/festram\/la-problematica-de-la-caja-municipal-de-jubilaciones-y-pensiones-de-santa-f\/#article","isPartOf":{"@id":"https:\/\/municipales.org.ar\/festram\/la-problematica-de-la-caja-municipal-de-jubilaciones-y-pensiones-de-santa-f\/"},"author":{"name":"mun_admin","@id":"https:\/\/municipales.org.ar\/festram\/#\/schema\/person\/49096a774c48ce9063df4d59ec059f9e"},"headline":"La problem\u00e1tica de la Caja Municipal de Jubilaciones y Pensiones de Santa Fe","datePublished":"2022-05-20T22:47:18+00:00","dateModified":"2022-07-12T14:12:40+00:00","mainEntityOfPage":{"@id":"https:\/\/municipales.org.ar\/festram\/la-problematica-de-la-caja-municipal-de-jubilaciones-y-pensiones-de-santa-f\/"},"wordCount":360,"publisher":{"@id":"https:\/\/municipales.org.ar\/festram\/#organization"},"image":{"@id":"https:\/\/municipales.org.ar\/festram\/la-problematica-de-la-caja-municipal-de-jubilaciones-y-pensiones-de-santa-f\/#primaryimage"},"thumbnailUrl":"https:\/\/municipales.org.ar\/festram\/wp-content\/uploads\/2022\/05\/546EF395-B248-4949-9997-7CFBFA29CECB.jpeg","keywords":["jubilaciones","santa fe","sindicatos afiliados"],"articleSection":["Comunicados"],"inLanguage":"es"},{"@type":"WebPage","@id":"https:\/\/municipales.org.ar\/festram\/la-problematica-de-la-caja-municipal-de-jubilaciones-y-pensiones-de-santa-f\/","url":"https:\/\/municipales.org.ar\/festram\/la-problematica-de-la-caja-municipal-de-jubilaciones-y-pensiones-de-santa-f\/","name":"La problem\u00e1tica de la Caja Municipal de Jubilaciones y Pensiones de Santa Fe &#8211; FESTRAM","isPartOf":{"@id":"https:\/\/municipales.org.ar\/festram\/#website"},"primaryImageOfPage":{"@id":"https:\/\/municipales.org.ar\/festram\/la-problematica-de-la-caja-municipal-de-jubilaciones-y-pensiones-de-santa-f\/#primaryimage"},"image":{"@id":"https:\/\/municipales.org.ar\/festram\/la-problematica-de-la-caja-municipal-de-jubilaciones-y-pensiones-de-santa-f\/#primaryimage"},"thumbnailUrl":"https:\/\/municipales.org.ar\/festram\/wp-content\/uploads\/2022\/05\/546EF395-B248-4949-9997-7CFBFA29CECB.jpeg","datePublished":"2022-05-20T22:47:18+00:00","dateModified":"2022-07-12T14:12:40+00:00","description":"La Secretaria de Acci\u00f3n y Previsi\u00f3n Social y dirigentes de las Regionales de FESTRAM se reunieron con Directivos del\u00a0Centro de Jubilados y Pensionados para\u00a0avanzar con los reclamos.","breadcrumb":{"@id":"https:\/\/municipales.org.ar\/festram\/la-problematica-de-la-caja-municipal-de-jubilaciones-y-pensiones-de-santa-f\/#breadcrumb"},"inLanguage":"es","potentialAction":[{"@type":"ReadAction","target":["https:\/\/municipales.org.ar\/festram\/la-problematica-de-la-caja-municipal-de-jubilaciones-y-pensiones-de-santa-f\/"]}]},{"@type":"ImageObject","inLanguage":"es","@id":"https:\/\/municipales.org.ar\/festram\/la-problematica-de-la-caja-municipal-de-jubilaciones-y-pensiones-de-santa-f\/#primaryimage","url":"https:\/\/municipales.org.ar\/festram\/wp-content\/uploads\/2022\/05\/546EF395-B248-4949-9997-7CFBFA29CECB.jpeg","contentUrl":"https:\/\/municipales.org.ar\/festram\/wp-content\/uploads\/2022\/05\/546EF395-B248-4949-9997-7CFBFA29CECB.jpeg","width":1040,"height":480},{"@type":"BreadcrumbList","@id":"https:\/\/municipales.org.ar\/festram\/la-problematica-de-la-caja-municipal-de-jubilaciones-y-pensiones-de-santa-f\/#breadcrumb","itemListElement":[{"@type":"ListItem","position":1,"name":"Portada","item":"https:\/\/municipales.org.ar\/festram\/"},{"@type":"ListItem","position":2,"name":"La problem\u00e1tica de la Caja Municipal de Jubilaciones y Pensiones de Santa Fe"}]},{"@type":"WebSite","@id":"https:\/\/municipales.org.ar\/festram\/#website","url":"https:\/\/municipales.org.ar\/festram\/","name":"FESTRAM","description":"La web de los trabajadores municipales","publisher":{"@id":"https:\/\/municipales.org.ar\/festram\/#organization"},"potentialAction":[{"@type":"SearchAction","target":{"@type":"EntryPoint","urlTemplate":"https:\/\/municipales.org.ar\/festram\/?s={search_term_string}"},"query-input":{"@type":"PropertyValueSpecification","valueRequired":true,"valueName":"search_term_string"}}],"inLanguage":"es"},{"@type":"Organization","@id":"https:\/\/municipales.org.ar\/festram\/#organization","name":"Federaci\u00f3n de Sindicatos de Trabajadores Municipales de la Provincia de Santa Fe","url":"https:\/\/municipales.org.ar\/festram\/","logo":{"@type":"ImageObject","inLanguage":"es","@id":"https:\/\/municipales.org.ar\/festram\/#\/schema\/logo\/image\/","url":"https:\/\/www.municipales.org.ar\/festram\/wp-content\/uploads\/2014\/07\/logo_fes.jpg","contentUrl":"https:\/\/www.municipales.org.ar\/festram\/wp-content\/uploads\/2014\/07\/logo_fes.jpg","width":661,"height":673,"caption":"Federaci\u00f3n de Sindicatos de Trabajadores Municipales de la Provincia de Santa Fe"},"image":{"@id":"https:\/\/municipales.org.ar\/festram\/#\/schema\/logo\/image\/"},"sameAs":["https:\/\/www.facebook.com\/MunicipalesSF","https:\/\/x.com\/MunicipalesSF","https:\/\/www.youtube.com\/user\/festram"]},{"@type":"Person","@id":"https:\/\/municipales.org.ar\/festram\/#\/schema\/person\/49096a774c48ce9063df4d59ec059f9e","name":"mun_admin"}]}},"jetpack_publicize_connections":[],"jetpack_featured_media_url":"https:\/\/municipales.org.ar\/festram\/wp-content\/uploads\/2022\/05\/546EF395-B248-4949-9997-7CFBFA29CECB.jpeg","jetpack_sharing_enabled":true,"jetpack_likes_enabled":false,"jetpack_shortlink":"https:\/\/wp.me\/p7l4x1-46j","_links":{"self":[{"href":"https:\/\/municipales.org.ar\/festram\/wp-json\/wp\/v2\/posts\/15767","targetHints":{"allow":["GET"]}}],"collection":[{"href":"https:\/\/municipales.org.ar\/festram\/wp-json\/wp\/v2\/posts"}],"about":[{"href":"https:\/\/municipales.org.ar\/festram\/wp-json\/wp\/v2\/types\/post"}],"author":[{"embeddable":true,"href":"https:\/\/municipales.org.ar\/festram\/wp-json\/wp\/v2\/users\/1"}],"replies":[{"embeddable":true,"href":"https:\/\/municipales.org.ar\/festram\/wp-json\/wp\/v2\/comments?post=15767"}],"version-history":[{"count":2,"href":"https:\/\/municipales.org.ar\/festram\/wp-json\/wp\/v2\/posts\/15767\/revisions"}],"predecessor-version":[{"id":15771,"href":"https:\/\/municipales.org.ar\/festram\/wp-json\/wp\/v2\/posts\/15767\/revisions\/15771"}],"wp:featuredmedia":[{"embeddable":true,"href":"https:\/\/municipales.org.ar\/festram\/wp-json\/wp\/v2\/media\/15768"}],"wp:attachment":[{"href":"https:\/\/municipales.org.ar\/festram\/wp-json\/wp\/v2\/media?parent=15767"}],"wp:term":[{"taxonomy":"category","embeddable":true,"href":"https:\/\/municipales.org.ar\/festram\/wp-json\/wp\/v2\/categories?post=15767"},{"taxonomy":"post_tag","embeddable":true,"href":"https:\/\/municipales.org.ar\/festram\/wp-json\/wp\/v2\/tags?post=15767"}],"curies":[{"name":"wp","href":"https:\/\/api.w.org\/{rel}","templated":true}]}}