{"id":15820,"date":"2022-06-24T09:33:21","date_gmt":"2022-06-24T12:33:21","guid":{"rendered":"https:\/\/municipales.org.ar\/festram\/?p=15820"},"modified":"2022-09-13T17:32:29","modified_gmt":"2022-09-13T20:32:29","slug":"imputados-por-estafa-devolvieron-los-fondos-a-festram","status":"publish","type":"post","link":"https:\/\/municipales.org.ar\/festram\/imputados-por-estafa-devolvieron-los-fondos-a-festram\/","title":{"rendered":"Imputados por estafa devolvieron los fondos a FESTRAM"},"content":{"rendered":"\n<p><\/p>\n\n\n\n<h2 class=\"wp-block-heading\">Los dirigentes de ASOEM Santa Fe Juan Medina y Pablo Casale tuvieron que reintegrar montos millonarios por defraudaci\u00f3n a la entidad gremial.<br><br><\/h2>\n\n\n\n<p><strong>El d\u00eda 7 de junio FESTRAM recibi\u00f3 en sus cuentas la suma de $3.400.000 (tres millones cuatrocientos mil pesos) por parte de Medina y Casale, correspondiendo $2.400.000 (dos millones cuatrocientos mil pesos) como devoluci\u00f3n y $1.000.000 (un mill\u00f3n de pesos) como reparaci\u00f3n.<\/strong><\/p>\n\n\n\n<p>Dicha suma de dinero fue pagada a FESTRAM por los dirigentes Medina y Casale para cerrar la causa penal y as\u00ed evitar resoluci\u00f3n judicial final inminente en su contra atento a las pruebas irrefutables ofrecidas por FESTRAM.<\/p>\n\n\n\n<p>Es necesario recordar tambi\u00e9n que por la fraudulenta maniobra, los nombrados fueron expulsados del Consejo Directivo de nuestra Federaci\u00f3n, luego de una investigaci\u00f3n interna que ventil\u00f3 la maniobra defraudatoria.&nbsp;La situaci\u00f3n de haber sido expulsados de una Entidad Sindical, ha imposibilitado a los mismos ser reconocidos como autoridades de ASOEM Santa Fe por el Ministerio de Trabajo de la Naci\u00f3n, vale decir que el gremio permanece sin autoridades constituidas.<\/p>\n\n\n\n<p>El fraude sucede como consecuencia de las afirmaciones de FESTRAM, sobre la escandalosa deuda salarial, perjudicando a sus trabajadores representados, que estos directivos generaron en un acuerdo de paritaria local. Seguidamente los nombrados dirigentes inventaron una supuesta desafiliaci\u00f3n a la Federaci\u00f3n para quedarse con los aportes sindicales correspondientes a la entidad sindical de orden provincial. Esto motiv\u00f3 una denuncia penal por estafa, de las cuales resultaron imputados los mencionados dirigentes.<\/p>\n\n\n\n<p>Para evitar la continuidad del proceso penal, intentaron una Asamblea fraudulenta para desafilarse de FESTRAM y justificar la estafa. Ante las claras irregularidades, el Ministerio de Trabajo de la Naci\u00f3n anul\u00f3 la desafiliaci\u00f3n, lo que motiv\u00f3 finalmente a los directivos de ASOEM Santa Fe a devolver los fondos que hab\u00edan apropiado ilegalmente.<\/p>\n\n\n\n<p>Frente a esta realidad inocultable, la dirigencia de ASOEM Santa Fe afirm\u00f3 en su sitio web: \u201cAl analizar el caso, la fiscal Rosana Peresin determin\u00f3 desestimar la denuncia y archivar la investigaci\u00f3n ya que no se encontr\u00f3 ninguna prueba s\u00f3lida que sostenga el supuesto delito por el que hab\u00edan sido acusados el Secretario General y Secretario Adjunto de la ASOEM -Santa Fe-; aduciendo la acusaci\u00f3n a un conflicto pol\u00edtico-sindical.\u201d. Ahora bien, \u00bfsino hab\u00eda delito, por qu\u00e9 devolvieron el dinero y adem\u00e1s agregaron un monto como reparaci\u00f3n?<\/p>\n\n\n\n<p>FESTRAM ten\u00eda raz\u00f3n y estos hechos vuelven a corroborarlo. Una cuesti\u00f3n son las posibles y l\u00f3gicas diferencias en pol\u00edtica sindical que pueden existir en cualquier entidad gremial y otra, apropiarse de recursos que corresponden a una de ellas.<\/p>\n\n\n\n<p>Las cuentas son claras. La verdad est\u00e1 a la vista.<\/p>\n\n\n\n<p>Sin embargo, el dep\u00f3sito de los fondos habilita a investigar el verdadero origen de los mismos, dado que los pagos no efectuados a FESTRAM no figuran en los balances de la ASOEM Santa Fe y la devoluci\u00f3n de los recursos provienen de la entidad sindical, lo que abre una nueva sospecha de fraude pero ahora al gremio municipal de la ciudad de Santa Fe.<\/p>\n\n\n\n<p>No se descarta la intervenci\u00f3n de la Unidad de Investigaciones Financiera (UIF) en las entidades bancarias donde operan ASOEM Santa Fe y la Mutual de ASOEM, situaci\u00f3n que junto con otras irregularidades del proceso electoral, han determinado el no reconocimiento legal de las actuales autoridades de ASOEM por parte del organismo de control de las Asociaciones Sindicales que es el MTEYSS de la Naci\u00f3n.<\/p>\n\n\n\n<h6 class=\"wp-block-heading\">Prensa FESTRAM<\/h6>\n","protected":false},"excerpt":{"rendered":"<p>Los dirigentes de ASOEM Santa Fe Juan Medina y Pablo Casale tuvieron que reintegrar montos millonarios por defraudaci\u00f3n a la entidad gremial.<\/p>\n","protected":false},"author":1,"featured_media":15821,"comment_status":"closed","ping_status":"closed","sticky":false,"template":"","format":"standard","meta":{"_jetpack_memberships_contains_paid_content":false,"footnotes":"","jetpack_publicize_message":"","jetpack_publicize_feature_enabled":true,"jetpack_social_post_already_shared":true,"jetpack_social_options":{"image_generator_settings":{"template":"highway","default_image_id":0,"font":"","enabled":false},"version":2}},"categories":[241],"tags":[155,67],"class_list":["post-15820","post","type-post","status-publish","format-standard","has-post-thumbnail","hentry","category-comunicados-2022","tag-santa-fe","tag-sindicatos-afiliados"],"yoast_head":"<!-- This site is optimized with the Yoast SEO plugin v25.9 - https:\/\/yoast.com\/wordpress\/plugins\/seo\/ -->\n<title>Imputados por estafa devolvieron los fondos a FESTRAM &#8211; FESTRAM<\/title>\n<meta name=\"description\" content=\"Los dirigentes de ASOEM Santa Fe Juan Medina y Pablo Casale tuvieron que reintegrar montos millonarios por defraudaci\u00f3n a la entidad gremial.\" \/>\n<meta name=\"robots\" content=\"index, follow, max-snippet:-1, max-image-preview:large, max-video-preview:-1\" \/>\n<link rel=\"canonical\" href=\"https:\/\/municipales.org.ar\/festram\/imputados-por-estafa-devolvieron-los-fondos-a-festram\/\" \/>\n<meta property=\"og:locale\" content=\"es_ES\" \/>\n<meta property=\"og:type\" content=\"article\" \/>\n<meta property=\"og:title\" content=\"Imputados por estafa devolvieron los fondos a FESTRAM &#8211; FESTRAM\" \/>\n<meta property=\"og:description\" content=\"Los dirigentes de ASOEM Santa Fe Juan Medina y Pablo Casale tuvieron que reintegrar montos millonarios por defraudaci\u00f3n a la entidad gremial.\" \/>\n<meta property=\"og:url\" content=\"https:\/\/municipales.org.ar\/festram\/imputados-por-estafa-devolvieron-los-fondos-a-festram\/\" \/>\n<meta property=\"og:site_name\" content=\"FESTRAM\" \/>\n<meta property=\"article:publisher\" content=\"https:\/\/www.facebook.com\/MunicipalesSF\" \/>\n<meta property=\"article:published_time\" content=\"2022-06-24T12:33:21+00:00\" \/>\n<meta property=\"article:modified_time\" content=\"2022-09-13T20:32:29+00:00\" \/>\n<meta property=\"og:image\" content=\"https:\/\/municipales.org.ar\/festram\/wp-content\/uploads\/2022\/06\/safe_image.jpeg\" \/>\n\t<meta property=\"og:image:width\" content=\"850\" \/>\n\t<meta property=\"og:image:height\" content=\"443\" \/>\n\t<meta property=\"og:image:type\" content=\"image\/jpeg\" \/>\n<meta name=\"author\" content=\"mun_admin\" \/>\n<meta name=\"twitter:card\" content=\"summary_large_image\" \/>\n<meta name=\"twitter:creator\" content=\"@MunicipalesSF\" \/>\n<meta name=\"twitter:site\" content=\"@MunicipalesSF\" \/>\n<meta name=\"twitter:label1\" content=\"Escrito por\" \/>\n\t<meta name=\"twitter:data1\" content=\"mun_admin\" \/>\n\t<meta name=\"twitter:label2\" content=\"Tiempo de lectura\" \/>\n\t<meta name=\"twitter:data2\" content=\"3 minutos\" \/>\n<script type=\"application\/ld+json\" class=\"yoast-schema-graph\">{\"@context\":\"https:\/\/schema.org\",\"@graph\":[{\"@type\":\"Article\",\"@id\":\"https:\/\/municipales.org.ar\/festram\/imputados-por-estafa-devolvieron-los-fondos-a-festram\/#article\",\"isPartOf\":{\"@id\":\"https:\/\/municipales.org.ar\/festram\/imputados-por-estafa-devolvieron-los-fondos-a-festram\/\"},\"author\":{\"name\":\"mun_admin\",\"@id\":\"https:\/\/municipales.org.ar\/festram\/#\/schema\/person\/49096a774c48ce9063df4d59ec059f9e\"},\"headline\":\"Imputados por estafa devolvieron los fondos a FESTRAM\",\"datePublished\":\"2022-06-24T12:33:21+00:00\",\"dateModified\":\"2022-09-13T20:32:29+00:00\",\"mainEntityOfPage\":{\"@id\":\"https:\/\/municipales.org.ar\/festram\/imputados-por-estafa-devolvieron-los-fondos-a-festram\/\"},\"wordCount\":595,\"publisher\":{\"@id\":\"https:\/\/municipales.org.ar\/festram\/#organization\"},\"image\":{\"@id\":\"https:\/\/municipales.org.ar\/festram\/imputados-por-estafa-devolvieron-los-fondos-a-festram\/#primaryimage\"},\"thumbnailUrl\":\"https:\/\/municipales.org.ar\/festram\/wp-content\/uploads\/2022\/06\/safe_image.jpeg\",\"keywords\":[\"santa fe\",\"sindicatos afiliados\"],\"articleSection\":[\"Comunicados 2022\"],\"inLanguage\":\"es\"},{\"@type\":\"WebPage\",\"@id\":\"https:\/\/municipales.org.ar\/festram\/imputados-por-estafa-devolvieron-los-fondos-a-festram\/\",\"url\":\"https:\/\/municipales.org.ar\/festram\/imputados-por-estafa-devolvieron-los-fondos-a-festram\/\",\"name\":\"Imputados por estafa devolvieron los fondos a FESTRAM &#8211; FESTRAM\",\"isPartOf\":{\"@id\":\"https:\/\/municipales.org.ar\/festram\/#website\"},\"primaryImageOfPage\":{\"@id\":\"https:\/\/municipales.org.ar\/festram\/imputados-por-estafa-devolvieron-los-fondos-a-festram\/#primaryimage\"},\"image\":{\"@id\":\"https:\/\/municipales.org.ar\/festram\/imputados-por-estafa-devolvieron-los-fondos-a-festram\/#primaryimage\"},\"thumbnailUrl\":\"https:\/\/municipales.org.ar\/festram\/wp-content\/uploads\/2022\/06\/safe_image.jpeg\",\"datePublished\":\"2022-06-24T12:33:21+00:00\",\"dateModified\":\"2022-09-13T20:32:29+00:00\",\"description\":\"Los dirigentes de ASOEM Santa Fe Juan Medina y Pablo Casale tuvieron que reintegrar montos millonarios por defraudaci\u00f3n a la entidad gremial.\",\"breadcrumb\":{\"@id\":\"https:\/\/municipales.org.ar\/festram\/imputados-por-estafa-devolvieron-los-fondos-a-festram\/#breadcrumb\"},\"inLanguage\":\"es\",\"potentialAction\":[{\"@type\":\"ReadAction\",\"target\":[\"https:\/\/municipales.org.ar\/festram\/imputados-por-estafa-devolvieron-los-fondos-a-festram\/\"]}]},{\"@type\":\"ImageObject\",\"inLanguage\":\"es\",\"@id\":\"https:\/\/municipales.org.ar\/festram\/imputados-por-estafa-devolvieron-los-fondos-a-festram\/#primaryimage\",\"url\":\"https:\/\/municipales.org.ar\/festram\/wp-content\/uploads\/2022\/06\/safe_image.jpeg\",\"contentUrl\":\"https:\/\/municipales.org.ar\/festram\/wp-content\/uploads\/2022\/06\/safe_image.jpeg\",\"width\":850,\"height\":443},{\"@type\":\"BreadcrumbList\",\"@id\":\"https:\/\/municipales.org.ar\/festram\/imputados-por-estafa-devolvieron-los-fondos-a-festram\/#breadcrumb\",\"itemListElement\":[{\"@type\":\"ListItem\",\"position\":1,\"name\":\"Portada\",\"item\":\"https:\/\/municipales.org.ar\/festram\/\"},{\"@type\":\"ListItem\",\"position\":2,\"name\":\"Imputados por estafa devolvieron los fondos a FESTRAM\"}]},{\"@type\":\"WebSite\",\"@id\":\"https:\/\/municipales.org.ar\/festram\/#website\",\"url\":\"https:\/\/municipales.org.ar\/festram\/\",\"name\":\"FESTRAM\",\"description\":\"La web de los trabajadores municipales\",\"publisher\":{\"@id\":\"https:\/\/municipales.org.ar\/festram\/#organization\"},\"potentialAction\":[{\"@type\":\"SearchAction\",\"target\":{\"@type\":\"EntryPoint\",\"urlTemplate\":\"https:\/\/municipales.org.ar\/festram\/?s={search_term_string}\"},\"query-input\":{\"@type\":\"PropertyValueSpecification\",\"valueRequired\":true,\"valueName\":\"search_term_string\"}}],\"inLanguage\":\"es\"},{\"@type\":\"Organization\",\"@id\":\"https:\/\/municipales.org.ar\/festram\/#organization\",\"name\":\"Federaci\u00f3n de Sindicatos de Trabajadores Municipales de la Provincia de Santa Fe\",\"url\":\"https:\/\/municipales.org.ar\/festram\/\",\"logo\":{\"@type\":\"ImageObject\",\"inLanguage\":\"es\",\"@id\":\"https:\/\/municipales.org.ar\/festram\/#\/schema\/logo\/image\/\",\"url\":\"https:\/\/www.municipales.org.ar\/festram\/wp-content\/uploads\/2014\/07\/logo_fes.jpg\",\"contentUrl\":\"https:\/\/www.municipales.org.ar\/festram\/wp-content\/uploads\/2014\/07\/logo_fes.jpg\",\"width\":661,\"height\":673,\"caption\":\"Federaci\u00f3n de Sindicatos de Trabajadores Municipales de la Provincia de Santa Fe\"},\"image\":{\"@id\":\"https:\/\/municipales.org.ar\/festram\/#\/schema\/logo\/image\/\"},\"sameAs\":[\"https:\/\/www.facebook.com\/MunicipalesSF\",\"https:\/\/x.com\/MunicipalesSF\",\"https:\/\/www.youtube.com\/user\/festram\"]},{\"@type\":\"Person\",\"@id\":\"https:\/\/municipales.org.ar\/festram\/#\/schema\/person\/49096a774c48ce9063df4d59ec059f9e\",\"name\":\"mun_admin\"}]}<\/script>\n<!-- \/ Yoast SEO plugin. -->","yoast_head_json":{"title":"Imputados por estafa devolvieron los fondos a FESTRAM &#8211; FESTRAM","description":"Los dirigentes de ASOEM Santa Fe Juan Medina y Pablo Casale tuvieron que reintegrar montos millonarios por defraudaci\u00f3n a la entidad gremial.","robots":{"index":"index","follow":"follow","max-snippet":"max-snippet:-1","max-image-preview":"max-image-preview:large","max-video-preview":"max-video-preview:-1"},"canonical":"https:\/\/municipales.org.ar\/festram\/imputados-por-estafa-devolvieron-los-fondos-a-festram\/","og_locale":"es_ES","og_type":"article","og_title":"Imputados por estafa devolvieron los fondos a FESTRAM &#8211; FESTRAM","og_description":"Los dirigentes de ASOEM Santa Fe Juan Medina y Pablo Casale tuvieron que reintegrar montos millonarios por defraudaci\u00f3n a la entidad gremial.","og_url":"https:\/\/municipales.org.ar\/festram\/imputados-por-estafa-devolvieron-los-fondos-a-festram\/","og_site_name":"FESTRAM","article_publisher":"https:\/\/www.facebook.com\/MunicipalesSF","article_published_time":"2022-06-24T12:33:21+00:00","article_modified_time":"2022-09-13T20:32:29+00:00","og_image":[{"width":850,"height":443,"url":"https:\/\/municipales.org.ar\/festram\/wp-content\/uploads\/2022\/06\/safe_image.jpeg","type":"image\/jpeg"}],"author":"mun_admin","twitter_card":"summary_large_image","twitter_creator":"@MunicipalesSF","twitter_site":"@MunicipalesSF","twitter_misc":{"Escrito por":"mun_admin","Tiempo de lectura":"3 minutos"},"schema":{"@context":"https:\/\/schema.org","@graph":[{"@type":"Article","@id":"https:\/\/municipales.org.ar\/festram\/imputados-por-estafa-devolvieron-los-fondos-a-festram\/#article","isPartOf":{"@id":"https:\/\/municipales.org.ar\/festram\/imputados-por-estafa-devolvieron-los-fondos-a-festram\/"},"author":{"name":"mun_admin","@id":"https:\/\/municipales.org.ar\/festram\/#\/schema\/person\/49096a774c48ce9063df4d59ec059f9e"},"headline":"Imputados por estafa devolvieron los fondos a FESTRAM","datePublished":"2022-06-24T12:33:21+00:00","dateModified":"2022-09-13T20:32:29+00:00","mainEntityOfPage":{"@id":"https:\/\/municipales.org.ar\/festram\/imputados-por-estafa-devolvieron-los-fondos-a-festram\/"},"wordCount":595,"publisher":{"@id":"https:\/\/municipales.org.ar\/festram\/#organization"},"image":{"@id":"https:\/\/municipales.org.ar\/festram\/imputados-por-estafa-devolvieron-los-fondos-a-festram\/#primaryimage"},"thumbnailUrl":"https:\/\/municipales.org.ar\/festram\/wp-content\/uploads\/2022\/06\/safe_image.jpeg","keywords":["santa fe","sindicatos afiliados"],"articleSection":["Comunicados 2022"],"inLanguage":"es"},{"@type":"WebPage","@id":"https:\/\/municipales.org.ar\/festram\/imputados-por-estafa-devolvieron-los-fondos-a-festram\/","url":"https:\/\/municipales.org.ar\/festram\/imputados-por-estafa-devolvieron-los-fondos-a-festram\/","name":"Imputados por estafa devolvieron los fondos a FESTRAM &#8211; FESTRAM","isPartOf":{"@id":"https:\/\/municipales.org.ar\/festram\/#website"},"primaryImageOfPage":{"@id":"https:\/\/municipales.org.ar\/festram\/imputados-por-estafa-devolvieron-los-fondos-a-festram\/#primaryimage"},"image":{"@id":"https:\/\/municipales.org.ar\/festram\/imputados-por-estafa-devolvieron-los-fondos-a-festram\/#primaryimage"},"thumbnailUrl":"https:\/\/municipales.org.ar\/festram\/wp-content\/uploads\/2022\/06\/safe_image.jpeg","datePublished":"2022-06-24T12:33:21+00:00","dateModified":"2022-09-13T20:32:29+00:00","description":"Los dirigentes de ASOEM Santa Fe Juan Medina y Pablo Casale tuvieron que reintegrar montos millonarios por defraudaci\u00f3n a la entidad gremial.","breadcrumb":{"@id":"https:\/\/municipales.org.ar\/festram\/imputados-por-estafa-devolvieron-los-fondos-a-festram\/#breadcrumb"},"inLanguage":"es","potentialAction":[{"@type":"ReadAction","target":["https:\/\/municipales.org.ar\/festram\/imputados-por-estafa-devolvieron-los-fondos-a-festram\/"]}]},{"@type":"ImageObject","inLanguage":"es","@id":"https:\/\/municipales.org.ar\/festram\/imputados-por-estafa-devolvieron-los-fondos-a-festram\/#primaryimage","url":"https:\/\/municipales.org.ar\/festram\/wp-content\/uploads\/2022\/06\/safe_image.jpeg","contentUrl":"https:\/\/municipales.org.ar\/festram\/wp-content\/uploads\/2022\/06\/safe_image.jpeg","width":850,"height":443},{"@type":"BreadcrumbList","@id":"https:\/\/municipales.org.ar\/festram\/imputados-por-estafa-devolvieron-los-fondos-a-festram\/#breadcrumb","itemListElement":[{"@type":"ListItem","position":1,"name":"Portada","item":"https:\/\/municipales.org.ar\/festram\/"},{"@type":"ListItem","position":2,"name":"Imputados por estafa devolvieron los fondos a FESTRAM"}]},{"@type":"WebSite","@id":"https:\/\/municipales.org.ar\/festram\/#website","url":"https:\/\/municipales.org.ar\/festram\/","name":"FESTRAM","description":"La web de los trabajadores municipales","publisher":{"@id":"https:\/\/municipales.org.ar\/festram\/#organization"},"potentialAction":[{"@type":"SearchAction","target":{"@type":"EntryPoint","urlTemplate":"https:\/\/municipales.org.ar\/festram\/?s={search_term_string}"},"query-input":{"@type":"PropertyValueSpecification","valueRequired":true,"valueName":"search_term_string"}}],"inLanguage":"es"},{"@type":"Organization","@id":"https:\/\/municipales.org.ar\/festram\/#organization","name":"Federaci\u00f3n de Sindicatos de Trabajadores Municipales de la Provincia de Santa Fe","url":"https:\/\/municipales.org.ar\/festram\/","logo":{"@type":"ImageObject","inLanguage":"es","@id":"https:\/\/municipales.org.ar\/festram\/#\/schema\/logo\/image\/","url":"https:\/\/www.municipales.org.ar\/festram\/wp-content\/uploads\/2014\/07\/logo_fes.jpg","contentUrl":"https:\/\/www.municipales.org.ar\/festram\/wp-content\/uploads\/2014\/07\/logo_fes.jpg","width":661,"height":673,"caption":"Federaci\u00f3n de Sindicatos de Trabajadores Municipales de la Provincia de Santa Fe"},"image":{"@id":"https:\/\/municipales.org.ar\/festram\/#\/schema\/logo\/image\/"},"sameAs":["https:\/\/www.facebook.com\/MunicipalesSF","https:\/\/x.com\/MunicipalesSF","https:\/\/www.youtube.com\/user\/festram"]},{"@type":"Person","@id":"https:\/\/municipales.org.ar\/festram\/#\/schema\/person\/49096a774c48ce9063df4d59ec059f9e","name":"mun_admin"}]}},"jetpack_publicize_connections":[],"jetpack_featured_media_url":"https:\/\/municipales.org.ar\/festram\/wp-content\/uploads\/2022\/06\/safe_image.jpeg","jetpack_sharing_enabled":true,"jetpack_likes_enabled":false,"jetpack_shortlink":"https:\/\/wp.me\/p7l4x1-47a","_links":{"self":[{"href":"https:\/\/municipales.org.ar\/festram\/wp-json\/wp\/v2\/posts\/15820","targetHints":{"allow":["GET"]}}],"collection":[{"href":"https:\/\/municipales.org.ar\/festram\/wp-json\/wp\/v2\/posts"}],"about":[{"href":"https:\/\/municipales.org.ar\/festram\/wp-json\/wp\/v2\/types\/post"}],"author":[{"embeddable":true,"href":"https:\/\/municipales.org.ar\/festram\/wp-json\/wp\/v2\/users\/1"}],"replies":[{"embeddable":true,"href":"https:\/\/municipales.org.ar\/festram\/wp-json\/wp\/v2\/comments?post=15820"}],"version-history":[{"count":3,"href":"https:\/\/municipales.org.ar\/festram\/wp-json\/wp\/v2\/posts\/15820\/revisions"}],"predecessor-version":[{"id":16082,"href":"https:\/\/municipales.org.ar\/festram\/wp-json\/wp\/v2\/posts\/15820\/revisions\/16082"}],"wp:featuredmedia":[{"embeddable":true,"href":"https:\/\/municipales.org.ar\/festram\/wp-json\/wp\/v2\/media\/15821"}],"wp:attachment":[{"href":"https:\/\/municipales.org.ar\/festram\/wp-json\/wp\/v2\/media?parent=15820"}],"wp:term":[{"taxonomy":"category","embeddable":true,"href":"https:\/\/municipales.org.ar\/festram\/wp-json\/wp\/v2\/categories?post=15820"},{"taxonomy":"post_tag","embeddable":true,"href":"https:\/\/municipales.org.ar\/festram\/wp-json\/wp\/v2\/tags?post=15820"}],"curies":[{"name":"wp","href":"https:\/\/api.w.org\/{rel}","templated":true}]}}