{"id":15923,"date":"2022-08-01T12:32:59","date_gmt":"2022-08-01T15:32:59","guid":{"rendered":"https:\/\/municipales.org.ar\/festram\/?p=15923"},"modified":"2022-08-01T12:33:03","modified_gmt":"2022-08-01T15:33:03","slug":"festram-se-sumo-al-observatorio-de-practicas-comunicacionales-sobre-trabajadores","status":"publish","type":"post","link":"https:\/\/municipales.org.ar\/festram\/festram-se-sumo-al-observatorio-de-practicas-comunicacionales-sobre-trabajadores\/","title":{"rendered":"FESTRAM se sum\u00f3 al Observatorio de Pr\u00e1cticas Comunicacionales sobre Trabajadores"},"content":{"rendered":"\n<h3 class=\"wp-block-heading\">La Federaci\u00f3n de Sindicatos de Trabajadores Municipales de la Provincia de Santa Fe como integrante de la Intersindical de Comunicaci\u00f3n a nivel nacional se ha sumado al Consejo Asesor del Observatorio de Pr\u00e1cticas Comunicacionales sobre Trabajadorxs y sus Organizaciones Sindicales de reciente constituci\u00f3n en el marco de la Defensor\u00eda del P\u00fablico presidida por Myrian Lewin, y creada \u00e9sta, en su momento a instancias de la Ley de Servicios de Comunicaci\u00f3n Audiovisual.<br><br><\/h3>\n\n\n\n<p>Este Observatorio tiene como objetivo monitorear el tratamiento de las noticias sindicales de todo tipo que se generan o reproducen en todos los medios del territorio nacional.<\/p>\n\n\n\n<p>FESTRAM considera estrat\u00e9gica esta iniciativa e impulsa la creaci\u00f3n de delegaciones en el interior del pa\u00eds, con el claro objetivo de seguir visualizando y federalizaci\u00f3n las acciones en comunicaci\u00f3n. Participan del mismo, entre otros: Edgardo Llano, Secretario General APA, y los secretarios de Prensa y Comunicaci\u00f3n y diferentes equipos: Lucas Denna, UPCN; Mauro Dovena y Germ\u00e1n Saadi, APL; Luciana Flesler, Julio Vega y Yael Gabrieli, APA; Paula Galigniana, UTE; Noelia Laurenti, SUTPA; Alberto Lamas, La Bancaria; Ricardo Su\u00e1rez y Guillermo Ramos, Gr\u00e1ficos; Federico Patern\u00f3, Sutepa; Mat\u00edas \u00c1lvarez, Seguros; Elisa Semino, SUTEBA; Gerardo Alzamora; SADOP, Julio Barrios y Marcela Lucero; Ladrilleros, Maria Van Loy; Pedro Lantieri, FESTRAM y Enrique Rositto, AGTySUBTE.<\/p>\n\n\n\n<p>Las grandes corporaciones de medios constituidas como empresas repetidamente hacen tratamientos distorsionados de los conflictos sindicales, de las luchas obreras y de los derechos de los trabajadores y trabajadoras; por lo tanto es vital el seguimiento de esta informaci\u00f3n y la posibilidad de generar propuestas y recomendaciones en la materia; partiendo de la base del abordaje responsable de todas las problem\u00e1ticas que se presenten en este \u00e1mbito.<\/p>\n\n\n\n<p>Por otro lado, FESTRAM se ha integrado formalmente a la Coalici\u00f3n por una Comunicaci\u00f3n Democr\u00e1tica, y en ese sentido alienta la difusi\u00f3n y concreci\u00f3n de las propuestas esbozadas en su \u00faltima reuni\u00f3n.<\/p>\n\n\n\n<h6 class=\"wp-block-heading\">Prensa FESTRAM<\/h6>\n","protected":false},"excerpt":{"rendered":"<p>La Federaci\u00f3n de Sindicatos de Trabajadores Municipales de la Provincia de Santa Fe como integrante de la Intersindical de Comunicaci\u00f3n a nivel nacional se ha sumado al Consejo Asesor del Observatorio de Pr\u00e1cticas Comunicacionales sobre Trabajadorxs y sus Organizaciones Sindicales de reciente constituci\u00f3n en el marco de la Defensor\u00eda del P\u00fablico presidida por Myrian Lewin, y creada \u00e9sta, en su momento a instancias de la Ley de Servicios de Comunicaci\u00f3n Audiovisual.<\/p>\n","protected":false},"author":1,"featured_media":15924,"comment_status":"closed","ping_status":"closed","sticky":false,"template":"","format":"standard","meta":{"_jetpack_memberships_contains_paid_content":false,"footnotes":"","jetpack_publicize_message":"","jetpack_publicize_feature_enabled":true,"jetpack_social_post_already_shared":true,"jetpack_social_options":{"image_generator_settings":{"template":"highway","default_image_id":0,"font":"","enabled":false},"version":2}},"categories":[218],"tags":[152,163],"class_list":["post-15923","post","type-post","status-publish","format-standard","has-post-thumbnail","hentry","category-movimiento-obrero","tag-cgt","tag-cta"],"yoast_head":"<!-- This site is optimized with the Yoast SEO plugin v25.9 - https:\/\/yoast.com\/wordpress\/plugins\/seo\/ -->\n<title>FESTRAM se sum\u00f3 al Observatorio de Pr\u00e1cticas Comunicacionales sobre Trabajadores &#8211; FESTRAM<\/title>\n<meta name=\"description\" content=\"La Federaci\u00f3n de Sindicatos de Trabajadores Municipales de la Provincia de Santa Fe como integrante de la Intersindical de Comunicaci\u00f3n a nivel nacional se ha sumado al Consejo Asesor del Observatorio de Pr\u00e1cticas Comunicacionales sobre Trabajadorxs y sus Organizaciones Sindicales de reciente constituci\u00f3n en el marco de la Defensor\u00eda del P\u00fablico presidida por Myrian Lewin, y creada \u00e9sta, en su momento a instancias de la Ley de Servicios de Comunicaci\u00f3n Audiovisual.\" \/>\n<meta name=\"robots\" content=\"index, follow, max-snippet:-1, max-image-preview:large, max-video-preview:-1\" \/>\n<link rel=\"canonical\" href=\"https:\/\/municipales.org.ar\/festram\/festram-se-sumo-al-observatorio-de-practicas-comunicacionales-sobre-trabajadores\/\" \/>\n<meta property=\"og:locale\" content=\"es_ES\" \/>\n<meta property=\"og:type\" content=\"article\" \/>\n<meta property=\"og:title\" content=\"FESTRAM se sum\u00f3 al Observatorio de Pr\u00e1cticas Comunicacionales sobre Trabajadores &#8211; FESTRAM\" \/>\n<meta property=\"og:description\" content=\"La Federaci\u00f3n de Sindicatos de Trabajadores Municipales de la Provincia de Santa Fe como integrante de la Intersindical de Comunicaci\u00f3n a nivel nacional se ha sumado al Consejo Asesor del Observatorio de Pr\u00e1cticas Comunicacionales sobre Trabajadorxs y sus Organizaciones Sindicales de reciente constituci\u00f3n en el marco de la Defensor\u00eda del P\u00fablico presidida por Myrian Lewin, y creada \u00e9sta, en su momento a instancias de la Ley de Servicios de Comunicaci\u00f3n Audiovisual.\" \/>\n<meta property=\"og:url\" content=\"https:\/\/municipales.org.ar\/festram\/festram-se-sumo-al-observatorio-de-practicas-comunicacionales-sobre-trabajadores\/\" \/>\n<meta property=\"og:site_name\" content=\"FESTRAM\" \/>\n<meta property=\"article:publisher\" content=\"https:\/\/www.facebook.com\/MunicipalesSF\" \/>\n<meta property=\"article:published_time\" content=\"2022-08-01T15:32:59+00:00\" \/>\n<meta property=\"article:modified_time\" content=\"2022-08-01T15:33:03+00:00\" \/>\n<meta property=\"og:image\" content=\"https:\/\/municipales.org.ar\/festram\/wp-content\/uploads\/2022\/08\/intersindical-de-comunicacion.jpg\" \/>\n\t<meta property=\"og:image:width\" content=\"1280\" \/>\n\t<meta property=\"og:image:height\" content=\"621\" \/>\n\t<meta property=\"og:image:type\" content=\"image\/jpeg\" \/>\n<meta name=\"author\" content=\"mun_admin\" \/>\n<meta name=\"twitter:card\" content=\"summary_large_image\" \/>\n<meta name=\"twitter:creator\" content=\"@MunicipalesSF\" \/>\n<meta name=\"twitter:site\" content=\"@MunicipalesSF\" \/>\n<meta name=\"twitter:label1\" content=\"Escrito por\" \/>\n\t<meta name=\"twitter:data1\" content=\"mun_admin\" \/>\n\t<meta name=\"twitter:label2\" content=\"Tiempo de lectura\" \/>\n\t<meta name=\"twitter:data2\" content=\"2 minutos\" \/>\n<script type=\"application\/ld+json\" class=\"yoast-schema-graph\">{\"@context\":\"https:\/\/schema.org\",\"@graph\":[{\"@type\":\"Article\",\"@id\":\"https:\/\/municipales.org.ar\/festram\/festram-se-sumo-al-observatorio-de-practicas-comunicacionales-sobre-trabajadores\/#article\",\"isPartOf\":{\"@id\":\"https:\/\/municipales.org.ar\/festram\/festram-se-sumo-al-observatorio-de-practicas-comunicacionales-sobre-trabajadores\/\"},\"author\":{\"name\":\"mun_admin\",\"@id\":\"https:\/\/municipales.org.ar\/festram\/#\/schema\/person\/49096a774c48ce9063df4d59ec059f9e\"},\"headline\":\"FESTRAM se sum\u00f3 al Observatorio de Pr\u00e1cticas Comunicacionales sobre Trabajadores\",\"datePublished\":\"2022-08-01T15:32:59+00:00\",\"dateModified\":\"2022-08-01T15:33:03+00:00\",\"mainEntityOfPage\":{\"@id\":\"https:\/\/municipales.org.ar\/festram\/festram-se-sumo-al-observatorio-de-practicas-comunicacionales-sobre-trabajadores\/\"},\"wordCount\":345,\"publisher\":{\"@id\":\"https:\/\/municipales.org.ar\/festram\/#organization\"},\"image\":{\"@id\":\"https:\/\/municipales.org.ar\/festram\/festram-se-sumo-al-observatorio-de-practicas-comunicacionales-sobre-trabajadores\/#primaryimage\"},\"thumbnailUrl\":\"https:\/\/municipales.org.ar\/festram\/wp-content\/uploads\/2022\/08\/intersindical-de-comunicacion.jpg\",\"keywords\":[\"CGT\",\"CTA\"],\"articleSection\":[\"Movimiento Obrero\"],\"inLanguage\":\"es\"},{\"@type\":\"WebPage\",\"@id\":\"https:\/\/municipales.org.ar\/festram\/festram-se-sumo-al-observatorio-de-practicas-comunicacionales-sobre-trabajadores\/\",\"url\":\"https:\/\/municipales.org.ar\/festram\/festram-se-sumo-al-observatorio-de-practicas-comunicacionales-sobre-trabajadores\/\",\"name\":\"FESTRAM se sum\u00f3 al Observatorio de Pr\u00e1cticas Comunicacionales sobre Trabajadores &#8211; FESTRAM\",\"isPartOf\":{\"@id\":\"https:\/\/municipales.org.ar\/festram\/#website\"},\"primaryImageOfPage\":{\"@id\":\"https:\/\/municipales.org.ar\/festram\/festram-se-sumo-al-observatorio-de-practicas-comunicacionales-sobre-trabajadores\/#primaryimage\"},\"image\":{\"@id\":\"https:\/\/municipales.org.ar\/festram\/festram-se-sumo-al-observatorio-de-practicas-comunicacionales-sobre-trabajadores\/#primaryimage\"},\"thumbnailUrl\":\"https:\/\/municipales.org.ar\/festram\/wp-content\/uploads\/2022\/08\/intersindical-de-comunicacion.jpg\",\"datePublished\":\"2022-08-01T15:32:59+00:00\",\"dateModified\":\"2022-08-01T15:33:03+00:00\",\"description\":\"La Federaci\u00f3n de Sindicatos de Trabajadores Municipales de la Provincia de Santa Fe como integrante de la Intersindical de Comunicaci\u00f3n a nivel nacional se ha sumado al Consejo Asesor del Observatorio de Pr\u00e1cticas Comunicacionales sobre Trabajadorxs y sus Organizaciones Sindicales de reciente constituci\u00f3n en el marco de la Defensor\u00eda del P\u00fablico presidida por Myrian Lewin, y creada \u00e9sta, en su momento a instancias de la Ley de Servicios de Comunicaci\u00f3n Audiovisual.\",\"breadcrumb\":{\"@id\":\"https:\/\/municipales.org.ar\/festram\/festram-se-sumo-al-observatorio-de-practicas-comunicacionales-sobre-trabajadores\/#breadcrumb\"},\"inLanguage\":\"es\",\"potentialAction\":[{\"@type\":\"ReadAction\",\"target\":[\"https:\/\/municipales.org.ar\/festram\/festram-se-sumo-al-observatorio-de-practicas-comunicacionales-sobre-trabajadores\/\"]}]},{\"@type\":\"ImageObject\",\"inLanguage\":\"es\",\"@id\":\"https:\/\/municipales.org.ar\/festram\/festram-se-sumo-al-observatorio-de-practicas-comunicacionales-sobre-trabajadores\/#primaryimage\",\"url\":\"https:\/\/municipales.org.ar\/festram\/wp-content\/uploads\/2022\/08\/intersindical-de-comunicacion.jpg\",\"contentUrl\":\"https:\/\/municipales.org.ar\/festram\/wp-content\/uploads\/2022\/08\/intersindical-de-comunicacion.jpg\",\"width\":1280,\"height\":621},{\"@type\":\"BreadcrumbList\",\"@id\":\"https:\/\/municipales.org.ar\/festram\/festram-se-sumo-al-observatorio-de-practicas-comunicacionales-sobre-trabajadores\/#breadcrumb\",\"itemListElement\":[{\"@type\":\"ListItem\",\"position\":1,\"name\":\"Portada\",\"item\":\"https:\/\/municipales.org.ar\/festram\/\"},{\"@type\":\"ListItem\",\"position\":2,\"name\":\"FESTRAM se sum\u00f3 al Observatorio de Pr\u00e1cticas Comunicacionales sobre Trabajadores\"}]},{\"@type\":\"WebSite\",\"@id\":\"https:\/\/municipales.org.ar\/festram\/#website\",\"url\":\"https:\/\/municipales.org.ar\/festram\/\",\"name\":\"FESTRAM\",\"description\":\"La web de los trabajadores municipales\",\"publisher\":{\"@id\":\"https:\/\/municipales.org.ar\/festram\/#organization\"},\"potentialAction\":[{\"@type\":\"SearchAction\",\"target\":{\"@type\":\"EntryPoint\",\"urlTemplate\":\"https:\/\/municipales.org.ar\/festram\/?s={search_term_string}\"},\"query-input\":{\"@type\":\"PropertyValueSpecification\",\"valueRequired\":true,\"valueName\":\"search_term_string\"}}],\"inLanguage\":\"es\"},{\"@type\":\"Organization\",\"@id\":\"https:\/\/municipales.org.ar\/festram\/#organization\",\"name\":\"Federaci\u00f3n de Sindicatos de Trabajadores Municipales de la Provincia de Santa Fe\",\"url\":\"https:\/\/municipales.org.ar\/festram\/\",\"logo\":{\"@type\":\"ImageObject\",\"inLanguage\":\"es\",\"@id\":\"https:\/\/municipales.org.ar\/festram\/#\/schema\/logo\/image\/\",\"url\":\"https:\/\/www.municipales.org.ar\/festram\/wp-content\/uploads\/2014\/07\/logo_fes.jpg\",\"contentUrl\":\"https:\/\/www.municipales.org.ar\/festram\/wp-content\/uploads\/2014\/07\/logo_fes.jpg\",\"width\":661,\"height\":673,\"caption\":\"Federaci\u00f3n de Sindicatos de Trabajadores Municipales de la Provincia de Santa Fe\"},\"image\":{\"@id\":\"https:\/\/municipales.org.ar\/festram\/#\/schema\/logo\/image\/\"},\"sameAs\":[\"https:\/\/www.facebook.com\/MunicipalesSF\",\"https:\/\/x.com\/MunicipalesSF\",\"https:\/\/www.youtube.com\/user\/festram\"]},{\"@type\":\"Person\",\"@id\":\"https:\/\/municipales.org.ar\/festram\/#\/schema\/person\/49096a774c48ce9063df4d59ec059f9e\",\"name\":\"mun_admin\"}]}<\/script>\n<!-- \/ Yoast SEO plugin. -->","yoast_head_json":{"title":"FESTRAM se sum\u00f3 al Observatorio de Pr\u00e1cticas Comunicacionales sobre Trabajadores &#8211; FESTRAM","description":"La Federaci\u00f3n de Sindicatos de Trabajadores Municipales de la Provincia de Santa Fe como integrante de la Intersindical de Comunicaci\u00f3n a nivel nacional se ha sumado al Consejo Asesor del Observatorio de Pr\u00e1cticas Comunicacionales sobre Trabajadorxs y sus Organizaciones Sindicales de reciente constituci\u00f3n en el marco de la Defensor\u00eda del P\u00fablico presidida por Myrian Lewin, y creada \u00e9sta, en su momento a instancias de la Ley de Servicios de Comunicaci\u00f3n Audiovisual.","robots":{"index":"index","follow":"follow","max-snippet":"max-snippet:-1","max-image-preview":"max-image-preview:large","max-video-preview":"max-video-preview:-1"},"canonical":"https:\/\/municipales.org.ar\/festram\/festram-se-sumo-al-observatorio-de-practicas-comunicacionales-sobre-trabajadores\/","og_locale":"es_ES","og_type":"article","og_title":"FESTRAM se sum\u00f3 al Observatorio de Pr\u00e1cticas Comunicacionales sobre Trabajadores &#8211; FESTRAM","og_description":"La Federaci\u00f3n de Sindicatos de Trabajadores Municipales de la Provincia de Santa Fe como integrante de la Intersindical de Comunicaci\u00f3n a nivel nacional se ha sumado al Consejo Asesor del Observatorio de Pr\u00e1cticas Comunicacionales sobre Trabajadorxs y sus Organizaciones Sindicales de reciente constituci\u00f3n en el marco de la Defensor\u00eda del P\u00fablico presidida por Myrian Lewin, y creada \u00e9sta, en su momento a instancias de la Ley de Servicios de Comunicaci\u00f3n Audiovisual.","og_url":"https:\/\/municipales.org.ar\/festram\/festram-se-sumo-al-observatorio-de-practicas-comunicacionales-sobre-trabajadores\/","og_site_name":"FESTRAM","article_publisher":"https:\/\/www.facebook.com\/MunicipalesSF","article_published_time":"2022-08-01T15:32:59+00:00","article_modified_time":"2022-08-01T15:33:03+00:00","og_image":[{"width":1280,"height":621,"url":"https:\/\/municipales.org.ar\/festram\/wp-content\/uploads\/2022\/08\/intersindical-de-comunicacion.jpg","type":"image\/jpeg"}],"author":"mun_admin","twitter_card":"summary_large_image","twitter_creator":"@MunicipalesSF","twitter_site":"@MunicipalesSF","twitter_misc":{"Escrito por":"mun_admin","Tiempo de lectura":"2 minutos"},"schema":{"@context":"https:\/\/schema.org","@graph":[{"@type":"Article","@id":"https:\/\/municipales.org.ar\/festram\/festram-se-sumo-al-observatorio-de-practicas-comunicacionales-sobre-trabajadores\/#article","isPartOf":{"@id":"https:\/\/municipales.org.ar\/festram\/festram-se-sumo-al-observatorio-de-practicas-comunicacionales-sobre-trabajadores\/"},"author":{"name":"mun_admin","@id":"https:\/\/municipales.org.ar\/festram\/#\/schema\/person\/49096a774c48ce9063df4d59ec059f9e"},"headline":"FESTRAM se sum\u00f3 al Observatorio de Pr\u00e1cticas Comunicacionales sobre Trabajadores","datePublished":"2022-08-01T15:32:59+00:00","dateModified":"2022-08-01T15:33:03+00:00","mainEntityOfPage":{"@id":"https:\/\/municipales.org.ar\/festram\/festram-se-sumo-al-observatorio-de-practicas-comunicacionales-sobre-trabajadores\/"},"wordCount":345,"publisher":{"@id":"https:\/\/municipales.org.ar\/festram\/#organization"},"image":{"@id":"https:\/\/municipales.org.ar\/festram\/festram-se-sumo-al-observatorio-de-practicas-comunicacionales-sobre-trabajadores\/#primaryimage"},"thumbnailUrl":"https:\/\/municipales.org.ar\/festram\/wp-content\/uploads\/2022\/08\/intersindical-de-comunicacion.jpg","keywords":["CGT","CTA"],"articleSection":["Movimiento Obrero"],"inLanguage":"es"},{"@type":"WebPage","@id":"https:\/\/municipales.org.ar\/festram\/festram-se-sumo-al-observatorio-de-practicas-comunicacionales-sobre-trabajadores\/","url":"https:\/\/municipales.org.ar\/festram\/festram-se-sumo-al-observatorio-de-practicas-comunicacionales-sobre-trabajadores\/","name":"FESTRAM se sum\u00f3 al Observatorio de Pr\u00e1cticas Comunicacionales sobre Trabajadores &#8211; FESTRAM","isPartOf":{"@id":"https:\/\/municipales.org.ar\/festram\/#website"},"primaryImageOfPage":{"@id":"https:\/\/municipales.org.ar\/festram\/festram-se-sumo-al-observatorio-de-practicas-comunicacionales-sobre-trabajadores\/#primaryimage"},"image":{"@id":"https:\/\/municipales.org.ar\/festram\/festram-se-sumo-al-observatorio-de-practicas-comunicacionales-sobre-trabajadores\/#primaryimage"},"thumbnailUrl":"https:\/\/municipales.org.ar\/festram\/wp-content\/uploads\/2022\/08\/intersindical-de-comunicacion.jpg","datePublished":"2022-08-01T15:32:59+00:00","dateModified":"2022-08-01T15:33:03+00:00","description":"La Federaci\u00f3n de Sindicatos de Trabajadores Municipales de la Provincia de Santa Fe como integrante de la Intersindical de Comunicaci\u00f3n a nivel nacional se ha sumado al Consejo Asesor del Observatorio de Pr\u00e1cticas Comunicacionales sobre Trabajadorxs y sus Organizaciones Sindicales de reciente constituci\u00f3n en el marco de la Defensor\u00eda del P\u00fablico presidida por Myrian Lewin, y creada \u00e9sta, en su momento a instancias de la Ley de Servicios de Comunicaci\u00f3n Audiovisual.","breadcrumb":{"@id":"https:\/\/municipales.org.ar\/festram\/festram-se-sumo-al-observatorio-de-practicas-comunicacionales-sobre-trabajadores\/#breadcrumb"},"inLanguage":"es","potentialAction":[{"@type":"ReadAction","target":["https:\/\/municipales.org.ar\/festram\/festram-se-sumo-al-observatorio-de-practicas-comunicacionales-sobre-trabajadores\/"]}]},{"@type":"ImageObject","inLanguage":"es","@id":"https:\/\/municipales.org.ar\/festram\/festram-se-sumo-al-observatorio-de-practicas-comunicacionales-sobre-trabajadores\/#primaryimage","url":"https:\/\/municipales.org.ar\/festram\/wp-content\/uploads\/2022\/08\/intersindical-de-comunicacion.jpg","contentUrl":"https:\/\/municipales.org.ar\/festram\/wp-content\/uploads\/2022\/08\/intersindical-de-comunicacion.jpg","width":1280,"height":621},{"@type":"BreadcrumbList","@id":"https:\/\/municipales.org.ar\/festram\/festram-se-sumo-al-observatorio-de-practicas-comunicacionales-sobre-trabajadores\/#breadcrumb","itemListElement":[{"@type":"ListItem","position":1,"name":"Portada","item":"https:\/\/municipales.org.ar\/festram\/"},{"@type":"ListItem","position":2,"name":"FESTRAM se sum\u00f3 al Observatorio de Pr\u00e1cticas Comunicacionales sobre Trabajadores"}]},{"@type":"WebSite","@id":"https:\/\/municipales.org.ar\/festram\/#website","url":"https:\/\/municipales.org.ar\/festram\/","name":"FESTRAM","description":"La web de los trabajadores municipales","publisher":{"@id":"https:\/\/municipales.org.ar\/festram\/#organization"},"potentialAction":[{"@type":"SearchAction","target":{"@type":"EntryPoint","urlTemplate":"https:\/\/municipales.org.ar\/festram\/?s={search_term_string}"},"query-input":{"@type":"PropertyValueSpecification","valueRequired":true,"valueName":"search_term_string"}}],"inLanguage":"es"},{"@type":"Organization","@id":"https:\/\/municipales.org.ar\/festram\/#organization","name":"Federaci\u00f3n de Sindicatos de Trabajadores Municipales de la Provincia de Santa Fe","url":"https:\/\/municipales.org.ar\/festram\/","logo":{"@type":"ImageObject","inLanguage":"es","@id":"https:\/\/municipales.org.ar\/festram\/#\/schema\/logo\/image\/","url":"https:\/\/www.municipales.org.ar\/festram\/wp-content\/uploads\/2014\/07\/logo_fes.jpg","contentUrl":"https:\/\/www.municipales.org.ar\/festram\/wp-content\/uploads\/2014\/07\/logo_fes.jpg","width":661,"height":673,"caption":"Federaci\u00f3n de Sindicatos de Trabajadores Municipales de la Provincia de Santa Fe"},"image":{"@id":"https:\/\/municipales.org.ar\/festram\/#\/schema\/logo\/image\/"},"sameAs":["https:\/\/www.facebook.com\/MunicipalesSF","https:\/\/x.com\/MunicipalesSF","https:\/\/www.youtube.com\/user\/festram"]},{"@type":"Person","@id":"https:\/\/municipales.org.ar\/festram\/#\/schema\/person\/49096a774c48ce9063df4d59ec059f9e","name":"mun_admin"}]}},"jetpack_publicize_connections":[],"jetpack_featured_media_url":"https:\/\/municipales.org.ar\/festram\/wp-content\/uploads\/2022\/08\/intersindical-de-comunicacion.jpg","jetpack_sharing_enabled":true,"jetpack_likes_enabled":false,"jetpack_shortlink":"https:\/\/wp.me\/p7l4x1-48P","_links":{"self":[{"href":"https:\/\/municipales.org.ar\/festram\/wp-json\/wp\/v2\/posts\/15923","targetHints":{"allow":["GET"]}}],"collection":[{"href":"https:\/\/municipales.org.ar\/festram\/wp-json\/wp\/v2\/posts"}],"about":[{"href":"https:\/\/municipales.org.ar\/festram\/wp-json\/wp\/v2\/types\/post"}],"author":[{"embeddable":true,"href":"https:\/\/municipales.org.ar\/festram\/wp-json\/wp\/v2\/users\/1"}],"replies":[{"embeddable":true,"href":"https:\/\/municipales.org.ar\/festram\/wp-json\/wp\/v2\/comments?post=15923"}],"version-history":[{"count":2,"href":"https:\/\/municipales.org.ar\/festram\/wp-json\/wp\/v2\/posts\/15923\/revisions"}],"predecessor-version":[{"id":15926,"href":"https:\/\/municipales.org.ar\/festram\/wp-json\/wp\/v2\/posts\/15923\/revisions\/15926"}],"wp:featuredmedia":[{"embeddable":true,"href":"https:\/\/municipales.org.ar\/festram\/wp-json\/wp\/v2\/media\/15924"}],"wp:attachment":[{"href":"https:\/\/municipales.org.ar\/festram\/wp-json\/wp\/v2\/media?parent=15923"}],"wp:term":[{"taxonomy":"category","embeddable":true,"href":"https:\/\/municipales.org.ar\/festram\/wp-json\/wp\/v2\/categories?post=15923"},{"taxonomy":"post_tag","embeddable":true,"href":"https:\/\/municipales.org.ar\/festram\/wp-json\/wp\/v2\/tags?post=15923"}],"curies":[{"name":"wp","href":"https:\/\/api.w.org\/{rel}","templated":true}]}}