{"id":15929,"date":"2022-08-03T18:01:40","date_gmt":"2022-08-03T21:01:40","guid":{"rendered":"https:\/\/municipales.org.ar\/festram\/?p=15929"},"modified":"2022-11-22T19:53:25","modified_gmt":"2022-11-22T22:53:25","slug":"la-justicia-volvio-a-ratificar-la-constitucionalidad-de-la-paritaria-municipal-ley-9-996","status":"publish","type":"post","link":"https:\/\/municipales.org.ar\/festram\/la-justicia-volvio-a-ratificar-la-constitucionalidad-de-la-paritaria-municipal-ley-9-996\/","title":{"rendered":"La Justicia volvi\u00f3 a ratificar la constitucionalidad de la Paritaria Municipal (Ley 9.996)"},"content":{"rendered":"\n<p><\/p>\n\n\n\n<h2 class=\"wp-block-heading\">La Sala II de la C\u00e1mara de Apelaci\u00f3n Laboral de la ciudad de Rosario rechaz\u00f3 el planteo de Sindicatos no afiliados a FESTRAM, que ped\u00edan la inconstitucionalidad de la Comisi\u00f3n Paritaria de la Ley 9.996.<br><\/h2>\n\n\n\n<p>El fallo reiter\u00f3 que, por su representaci\u00f3n en el territorio provincial, FESTRAM es el \u00fanico gremio que puede participar de paritaria.<\/p>\n\n\n\n<p>El Tribunal respald\u00f3 la paritaria con argumentos s\u00f3lidos basados en la unicidad de la representaci\u00f3n en cabeza de FESTRAM, y principalmente cristaliz\u00f3 la falta de presencia territorial de otros gremios del sector no afiliados a FESTRAM que no cuentan con dicha representaci\u00f3n provincial. Es decir que la intervenci\u00f3n de FESTRAM en la PARITARIA MUNICIPAL encuentra fundamento en su representatividad.<\/p>\n\n\n\n<blockquote class=\"wp-block-quote is-layout-flow wp-block-quote-is-layout-flow\"><p>El fallo reiter\u00f3 que, por su representaci\u00f3n en el territorio provincial, FESTRAM es el \u00fanico gremio que puede participar de paritaria.<\/p><\/blockquote>\n\n\n\n<p>Lo obtenido por FESTRAM en la negociaci\u00f3n colectiva, en todo caso, se erige como un piso m\u00ednimo que no impide de ning\u00fan modo que \u201cOtros Gremios\u201d negocien, en el \u00e1mbito de su propia representaci\u00f3n regional, mejores condiciones para sus afiliados. Sostuvo as\u00ed la C\u00e1mara Laboral que en ning\u00fan modo el funcionamiento paritario provoca violaci\u00f3n a la libertad sindical. Vemos c\u00f3mo se refuerza el criterio de que la paritaria funciona como primer basamento de condiciones laborales que ulteriormente puede ser mejorado en cada jurisdicci\u00f3n. Ello tambi\u00e9n armoniza debidamente la discusi\u00f3n de la autonom\u00eda municipal: la misma puede garantizarse respetando un piso m\u00ednimo de derechos derivados de la relaci\u00f3n de empleo para todos los Trabajadores Municipales y Comunales de la Provincia.<\/p>\n\n\n\n<p>La Justicia Santafesina, devolvi\u00f3 a la Corte Nacional, el expediente que conten\u00eda la resoluci\u00f3n de esa Corte que \u201cestablec\u00eda una tensi\u00f3n entre la Paritaria y la Autonom\u00eda Municipal\u201d ya que sin determinar claramente sobre el motivo real de la sentencia (pero que visiblemente no obedec\u00eda a la negociaci\u00f3n paritaria) la Corte emiti\u00f3 un juicio pol\u00edtico y no jur\u00eddico. Ese car\u00e1cter pol\u00edtico del fallo motiv\u00f3 a FESTRAM a efectuar un reclamo ante la OIT.<\/p>\n\n\n\n<h6 class=\"wp-block-heading\">Prensa FESTRAM<\/h6>\n","protected":false},"excerpt":{"rendered":"<p>La Sala II de la C\u00e1mara de Apelaci\u00f3n Laboral de la ciudad de Rosario rechaz\u00f3 el planteo de Sindicatos no afiliados a FESTRAM, que ped\u00edan la inconstitucionalidad de la Comisi\u00f3n Paritaria de la Ley 9.996.<\/p>\n","protected":false},"author":1,"featured_media":15930,"comment_status":"closed","ping_status":"closed","sticky":false,"template":"","format":"standard","meta":{"_jetpack_memberships_contains_paid_content":false,"footnotes":"","jetpack_publicize_message":"La Sala II de la C\u00e1mara de Apelaci\u00f3n Laboral de la ciudad de Rosario rechaz\u00f3 el planteo de Sindicatos no afiliados a FESTRAM, que ped\u00edan la inconstitucionalidad de la Comisi\u00f3n Paritaria de la Ley 9.996.","jetpack_publicize_feature_enabled":true,"jetpack_social_post_already_shared":true,"jetpack_social_options":{"image_generator_settings":{"template":"highway","default_image_id":0,"font":"","enabled":false},"version":2}},"categories":[241,54,59],"tags":[39,89,41,69],"class_list":["post-15929","post","type-post","status-publish","format-standard","has-post-thumbnail","hentry","category-comunicados-2022","category-legislacion-fallos","category-salarios-y-paritarias","tag-fallos","tag-fallos-juridicos","tag-paritaria","tag-politica-salarial"],"yoast_head":"<!-- This site is optimized with the Yoast SEO plugin v25.9 - https:\/\/yoast.com\/wordpress\/plugins\/seo\/ -->\n<title>La Justicia volvi\u00f3 a ratificar la constitucionalidad de la Paritaria Municipal (Ley 9.996) &#8211; FESTRAM<\/title>\n<meta name=\"description\" content=\"La Sala II de la C\u00e1mara de Apelaci\u00f3n Laboral de la ciudad de Rosario rechaz\u00f3 el planteo de Sindicatos no afiliados a FESTRAM, que ped\u00edan la inconstitucionalidad de la Comisi\u00f3n Paritaria de la Ley 9.996.\" \/>\n<meta name=\"robots\" content=\"index, follow, max-snippet:-1, max-image-preview:large, max-video-preview:-1\" \/>\n<link rel=\"canonical\" href=\"https:\/\/municipales.org.ar\/festram\/la-justicia-volvio-a-ratificar-la-constitucionalidad-de-la-paritaria-municipal-ley-9-996\/\" \/>\n<meta property=\"og:locale\" content=\"es_ES\" \/>\n<meta property=\"og:type\" content=\"article\" \/>\n<meta property=\"og:title\" content=\"La Justicia volvi\u00f3 a ratificar la constitucionalidad de la Paritaria Municipal (Ley 9.996) &#8211; FESTRAM\" \/>\n<meta property=\"og:description\" content=\"La Sala II de la C\u00e1mara de Apelaci\u00f3n Laboral de la ciudad de Rosario rechaz\u00f3 el planteo de Sindicatos no afiliados a FESTRAM, que ped\u00edan la inconstitucionalidad de la Comisi\u00f3n Paritaria de la Ley 9.996.\" \/>\n<meta property=\"og:url\" content=\"https:\/\/municipales.org.ar\/festram\/la-justicia-volvio-a-ratificar-la-constitucionalidad-de-la-paritaria-municipal-ley-9-996\/\" \/>\n<meta property=\"og:site_name\" content=\"FESTRAM\" \/>\n<meta property=\"article:publisher\" content=\"https:\/\/www.facebook.com\/MunicipalesSF\" \/>\n<meta property=\"article:published_time\" content=\"2022-08-03T21:01:40+00:00\" \/>\n<meta property=\"article:modified_time\" content=\"2022-11-22T22:53:25+00:00\" \/>\n<meta property=\"og:image\" content=\"https:\/\/municipales.org.ar\/festram\/wp-content\/uploads\/2022\/08\/Justicia.jpg\" \/>\n\t<meta property=\"og:image:width\" content=\"1200\" \/>\n\t<meta property=\"og:image:height\" content=\"675\" \/>\n\t<meta property=\"og:image:type\" content=\"image\/jpeg\" \/>\n<meta name=\"author\" content=\"mun_admin\" \/>\n<meta name=\"twitter:card\" content=\"summary_large_image\" \/>\n<meta name=\"twitter:creator\" content=\"@MunicipalesSF\" \/>\n<meta name=\"twitter:site\" content=\"@MunicipalesSF\" \/>\n<meta name=\"twitter:label1\" content=\"Escrito por\" \/>\n\t<meta name=\"twitter:data1\" content=\"mun_admin\" \/>\n\t<meta name=\"twitter:label2\" content=\"Tiempo de lectura\" \/>\n\t<meta name=\"twitter:data2\" content=\"2 minutos\" \/>\n<script type=\"application\/ld+json\" class=\"yoast-schema-graph\">{\"@context\":\"https:\/\/schema.org\",\"@graph\":[{\"@type\":\"Article\",\"@id\":\"https:\/\/municipales.org.ar\/festram\/la-justicia-volvio-a-ratificar-la-constitucionalidad-de-la-paritaria-municipal-ley-9-996\/#article\",\"isPartOf\":{\"@id\":\"https:\/\/municipales.org.ar\/festram\/la-justicia-volvio-a-ratificar-la-constitucionalidad-de-la-paritaria-municipal-ley-9-996\/\"},\"author\":{\"name\":\"mun_admin\",\"@id\":\"https:\/\/municipales.org.ar\/festram\/#\/schema\/person\/49096a774c48ce9063df4d59ec059f9e\"},\"headline\":\"La Justicia volvi\u00f3 a ratificar la constitucionalidad de la Paritaria Municipal (Ley 9.996)\",\"datePublished\":\"2022-08-03T21:01:40+00:00\",\"dateModified\":\"2022-11-22T22:53:25+00:00\",\"mainEntityOfPage\":{\"@id\":\"https:\/\/municipales.org.ar\/festram\/la-justicia-volvio-a-ratificar-la-constitucionalidad-de-la-paritaria-municipal-ley-9-996\/\"},\"wordCount\":376,\"publisher\":{\"@id\":\"https:\/\/municipales.org.ar\/festram\/#organization\"},\"image\":{\"@id\":\"https:\/\/municipales.org.ar\/festram\/la-justicia-volvio-a-ratificar-la-constitucionalidad-de-la-paritaria-municipal-ley-9-996\/#primaryimage\"},\"thumbnailUrl\":\"https:\/\/municipales.org.ar\/festram\/wp-content\/uploads\/2022\/08\/Justicia.jpg\",\"keywords\":[\"fallos\",\"fallos jur\u00eddicos\",\"paritaria\",\"pol\u00edtica salarial\"],\"articleSection\":[\"Comunicados 2022\",\"Legislaci\u00f3n Fallos\",\"Salarios y Paritarias\"],\"inLanguage\":\"es\"},{\"@type\":\"WebPage\",\"@id\":\"https:\/\/municipales.org.ar\/festram\/la-justicia-volvio-a-ratificar-la-constitucionalidad-de-la-paritaria-municipal-ley-9-996\/\",\"url\":\"https:\/\/municipales.org.ar\/festram\/la-justicia-volvio-a-ratificar-la-constitucionalidad-de-la-paritaria-municipal-ley-9-996\/\",\"name\":\"La Justicia volvi\u00f3 a ratificar la constitucionalidad de la Paritaria Municipal (Ley 9.996) &#8211; FESTRAM\",\"isPartOf\":{\"@id\":\"https:\/\/municipales.org.ar\/festram\/#website\"},\"primaryImageOfPage\":{\"@id\":\"https:\/\/municipales.org.ar\/festram\/la-justicia-volvio-a-ratificar-la-constitucionalidad-de-la-paritaria-municipal-ley-9-996\/#primaryimage\"},\"image\":{\"@id\":\"https:\/\/municipales.org.ar\/festram\/la-justicia-volvio-a-ratificar-la-constitucionalidad-de-la-paritaria-municipal-ley-9-996\/#primaryimage\"},\"thumbnailUrl\":\"https:\/\/municipales.org.ar\/festram\/wp-content\/uploads\/2022\/08\/Justicia.jpg\",\"datePublished\":\"2022-08-03T21:01:40+00:00\",\"dateModified\":\"2022-11-22T22:53:25+00:00\",\"description\":\"La Sala II de la C\u00e1mara de Apelaci\u00f3n Laboral de la ciudad de Rosario rechaz\u00f3 el planteo de Sindicatos no afiliados a FESTRAM, que ped\u00edan la inconstitucionalidad de la Comisi\u00f3n Paritaria de la Ley 9.996.\",\"breadcrumb\":{\"@id\":\"https:\/\/municipales.org.ar\/festram\/la-justicia-volvio-a-ratificar-la-constitucionalidad-de-la-paritaria-municipal-ley-9-996\/#breadcrumb\"},\"inLanguage\":\"es\",\"potentialAction\":[{\"@type\":\"ReadAction\",\"target\":[\"https:\/\/municipales.org.ar\/festram\/la-justicia-volvio-a-ratificar-la-constitucionalidad-de-la-paritaria-municipal-ley-9-996\/\"]}]},{\"@type\":\"ImageObject\",\"inLanguage\":\"es\",\"@id\":\"https:\/\/municipales.org.ar\/festram\/la-justicia-volvio-a-ratificar-la-constitucionalidad-de-la-paritaria-municipal-ley-9-996\/#primaryimage\",\"url\":\"https:\/\/municipales.org.ar\/festram\/wp-content\/uploads\/2022\/08\/Justicia.jpg\",\"contentUrl\":\"https:\/\/municipales.org.ar\/festram\/wp-content\/uploads\/2022\/08\/Justicia.jpg\",\"width\":1200,\"height\":675},{\"@type\":\"BreadcrumbList\",\"@id\":\"https:\/\/municipales.org.ar\/festram\/la-justicia-volvio-a-ratificar-la-constitucionalidad-de-la-paritaria-municipal-ley-9-996\/#breadcrumb\",\"itemListElement\":[{\"@type\":\"ListItem\",\"position\":1,\"name\":\"Portada\",\"item\":\"https:\/\/municipales.org.ar\/festram\/\"},{\"@type\":\"ListItem\",\"position\":2,\"name\":\"La Justicia volvi\u00f3 a ratificar la constitucionalidad de la Paritaria Municipal (Ley 9.996)\"}]},{\"@type\":\"WebSite\",\"@id\":\"https:\/\/municipales.org.ar\/festram\/#website\",\"url\":\"https:\/\/municipales.org.ar\/festram\/\",\"name\":\"FESTRAM\",\"description\":\"La web de los trabajadores municipales\",\"publisher\":{\"@id\":\"https:\/\/municipales.org.ar\/festram\/#organization\"},\"potentialAction\":[{\"@type\":\"SearchAction\",\"target\":{\"@type\":\"EntryPoint\",\"urlTemplate\":\"https:\/\/municipales.org.ar\/festram\/?s={search_term_string}\"},\"query-input\":{\"@type\":\"PropertyValueSpecification\",\"valueRequired\":true,\"valueName\":\"search_term_string\"}}],\"inLanguage\":\"es\"},{\"@type\":\"Organization\",\"@id\":\"https:\/\/municipales.org.ar\/festram\/#organization\",\"name\":\"Federaci\u00f3n de Sindicatos de Trabajadores Municipales de la Provincia de Santa Fe\",\"url\":\"https:\/\/municipales.org.ar\/festram\/\",\"logo\":{\"@type\":\"ImageObject\",\"inLanguage\":\"es\",\"@id\":\"https:\/\/municipales.org.ar\/festram\/#\/schema\/logo\/image\/\",\"url\":\"https:\/\/www.municipales.org.ar\/festram\/wp-content\/uploads\/2014\/07\/logo_fes.jpg\",\"contentUrl\":\"https:\/\/www.municipales.org.ar\/festram\/wp-content\/uploads\/2014\/07\/logo_fes.jpg\",\"width\":661,\"height\":673,\"caption\":\"Federaci\u00f3n de Sindicatos de Trabajadores Municipales de la Provincia de Santa Fe\"},\"image\":{\"@id\":\"https:\/\/municipales.org.ar\/festram\/#\/schema\/logo\/image\/\"},\"sameAs\":[\"https:\/\/www.facebook.com\/MunicipalesSF\",\"https:\/\/x.com\/MunicipalesSF\",\"https:\/\/www.youtube.com\/user\/festram\"]},{\"@type\":\"Person\",\"@id\":\"https:\/\/municipales.org.ar\/festram\/#\/schema\/person\/49096a774c48ce9063df4d59ec059f9e\",\"name\":\"mun_admin\"}]}<\/script>\n<!-- \/ Yoast SEO plugin. -->","yoast_head_json":{"title":"La Justicia volvi\u00f3 a ratificar la constitucionalidad de la Paritaria Municipal (Ley 9.996) &#8211; FESTRAM","description":"La Sala II de la C\u00e1mara de Apelaci\u00f3n Laboral de la ciudad de Rosario rechaz\u00f3 el planteo de Sindicatos no afiliados a FESTRAM, que ped\u00edan la inconstitucionalidad de la Comisi\u00f3n Paritaria de la Ley 9.996.","robots":{"index":"index","follow":"follow","max-snippet":"max-snippet:-1","max-image-preview":"max-image-preview:large","max-video-preview":"max-video-preview:-1"},"canonical":"https:\/\/municipales.org.ar\/festram\/la-justicia-volvio-a-ratificar-la-constitucionalidad-de-la-paritaria-municipal-ley-9-996\/","og_locale":"es_ES","og_type":"article","og_title":"La Justicia volvi\u00f3 a ratificar la constitucionalidad de la Paritaria Municipal (Ley 9.996) &#8211; FESTRAM","og_description":"La Sala II de la C\u00e1mara de Apelaci\u00f3n Laboral de la ciudad de Rosario rechaz\u00f3 el planteo de Sindicatos no afiliados a FESTRAM, que ped\u00edan la inconstitucionalidad de la Comisi\u00f3n Paritaria de la Ley 9.996.","og_url":"https:\/\/municipales.org.ar\/festram\/la-justicia-volvio-a-ratificar-la-constitucionalidad-de-la-paritaria-municipal-ley-9-996\/","og_site_name":"FESTRAM","article_publisher":"https:\/\/www.facebook.com\/MunicipalesSF","article_published_time":"2022-08-03T21:01:40+00:00","article_modified_time":"2022-11-22T22:53:25+00:00","og_image":[{"width":1200,"height":675,"url":"https:\/\/municipales.org.ar\/festram\/wp-content\/uploads\/2022\/08\/Justicia.jpg","type":"image\/jpeg"}],"author":"mun_admin","twitter_card":"summary_large_image","twitter_creator":"@MunicipalesSF","twitter_site":"@MunicipalesSF","twitter_misc":{"Escrito por":"mun_admin","Tiempo de lectura":"2 minutos"},"schema":{"@context":"https:\/\/schema.org","@graph":[{"@type":"Article","@id":"https:\/\/municipales.org.ar\/festram\/la-justicia-volvio-a-ratificar-la-constitucionalidad-de-la-paritaria-municipal-ley-9-996\/#article","isPartOf":{"@id":"https:\/\/municipales.org.ar\/festram\/la-justicia-volvio-a-ratificar-la-constitucionalidad-de-la-paritaria-municipal-ley-9-996\/"},"author":{"name":"mun_admin","@id":"https:\/\/municipales.org.ar\/festram\/#\/schema\/person\/49096a774c48ce9063df4d59ec059f9e"},"headline":"La Justicia volvi\u00f3 a ratificar la constitucionalidad de la Paritaria Municipal (Ley 9.996)","datePublished":"2022-08-03T21:01:40+00:00","dateModified":"2022-11-22T22:53:25+00:00","mainEntityOfPage":{"@id":"https:\/\/municipales.org.ar\/festram\/la-justicia-volvio-a-ratificar-la-constitucionalidad-de-la-paritaria-municipal-ley-9-996\/"},"wordCount":376,"publisher":{"@id":"https:\/\/municipales.org.ar\/festram\/#organization"},"image":{"@id":"https:\/\/municipales.org.ar\/festram\/la-justicia-volvio-a-ratificar-la-constitucionalidad-de-la-paritaria-municipal-ley-9-996\/#primaryimage"},"thumbnailUrl":"https:\/\/municipales.org.ar\/festram\/wp-content\/uploads\/2022\/08\/Justicia.jpg","keywords":["fallos","fallos jur\u00eddicos","paritaria","pol\u00edtica salarial"],"articleSection":["Comunicados 2022","Legislaci\u00f3n Fallos","Salarios y Paritarias"],"inLanguage":"es"},{"@type":"WebPage","@id":"https:\/\/municipales.org.ar\/festram\/la-justicia-volvio-a-ratificar-la-constitucionalidad-de-la-paritaria-municipal-ley-9-996\/","url":"https:\/\/municipales.org.ar\/festram\/la-justicia-volvio-a-ratificar-la-constitucionalidad-de-la-paritaria-municipal-ley-9-996\/","name":"La Justicia volvi\u00f3 a ratificar la constitucionalidad de la Paritaria Municipal (Ley 9.996) &#8211; FESTRAM","isPartOf":{"@id":"https:\/\/municipales.org.ar\/festram\/#website"},"primaryImageOfPage":{"@id":"https:\/\/municipales.org.ar\/festram\/la-justicia-volvio-a-ratificar-la-constitucionalidad-de-la-paritaria-municipal-ley-9-996\/#primaryimage"},"image":{"@id":"https:\/\/municipales.org.ar\/festram\/la-justicia-volvio-a-ratificar-la-constitucionalidad-de-la-paritaria-municipal-ley-9-996\/#primaryimage"},"thumbnailUrl":"https:\/\/municipales.org.ar\/festram\/wp-content\/uploads\/2022\/08\/Justicia.jpg","datePublished":"2022-08-03T21:01:40+00:00","dateModified":"2022-11-22T22:53:25+00:00","description":"La Sala II de la C\u00e1mara de Apelaci\u00f3n Laboral de la ciudad de Rosario rechaz\u00f3 el planteo de Sindicatos no afiliados a FESTRAM, que ped\u00edan la inconstitucionalidad de la Comisi\u00f3n Paritaria de la Ley 9.996.","breadcrumb":{"@id":"https:\/\/municipales.org.ar\/festram\/la-justicia-volvio-a-ratificar-la-constitucionalidad-de-la-paritaria-municipal-ley-9-996\/#breadcrumb"},"inLanguage":"es","potentialAction":[{"@type":"ReadAction","target":["https:\/\/municipales.org.ar\/festram\/la-justicia-volvio-a-ratificar-la-constitucionalidad-de-la-paritaria-municipal-ley-9-996\/"]}]},{"@type":"ImageObject","inLanguage":"es","@id":"https:\/\/municipales.org.ar\/festram\/la-justicia-volvio-a-ratificar-la-constitucionalidad-de-la-paritaria-municipal-ley-9-996\/#primaryimage","url":"https:\/\/municipales.org.ar\/festram\/wp-content\/uploads\/2022\/08\/Justicia.jpg","contentUrl":"https:\/\/municipales.org.ar\/festram\/wp-content\/uploads\/2022\/08\/Justicia.jpg","width":1200,"height":675},{"@type":"BreadcrumbList","@id":"https:\/\/municipales.org.ar\/festram\/la-justicia-volvio-a-ratificar-la-constitucionalidad-de-la-paritaria-municipal-ley-9-996\/#breadcrumb","itemListElement":[{"@type":"ListItem","position":1,"name":"Portada","item":"https:\/\/municipales.org.ar\/festram\/"},{"@type":"ListItem","position":2,"name":"La Justicia volvi\u00f3 a ratificar la constitucionalidad de la Paritaria Municipal (Ley 9.996)"}]},{"@type":"WebSite","@id":"https:\/\/municipales.org.ar\/festram\/#website","url":"https:\/\/municipales.org.ar\/festram\/","name":"FESTRAM","description":"La web de los trabajadores municipales","publisher":{"@id":"https:\/\/municipales.org.ar\/festram\/#organization"},"potentialAction":[{"@type":"SearchAction","target":{"@type":"EntryPoint","urlTemplate":"https:\/\/municipales.org.ar\/festram\/?s={search_term_string}"},"query-input":{"@type":"PropertyValueSpecification","valueRequired":true,"valueName":"search_term_string"}}],"inLanguage":"es"},{"@type":"Organization","@id":"https:\/\/municipales.org.ar\/festram\/#organization","name":"Federaci\u00f3n de Sindicatos de Trabajadores Municipales de la Provincia de Santa Fe","url":"https:\/\/municipales.org.ar\/festram\/","logo":{"@type":"ImageObject","inLanguage":"es","@id":"https:\/\/municipales.org.ar\/festram\/#\/schema\/logo\/image\/","url":"https:\/\/www.municipales.org.ar\/festram\/wp-content\/uploads\/2014\/07\/logo_fes.jpg","contentUrl":"https:\/\/www.municipales.org.ar\/festram\/wp-content\/uploads\/2014\/07\/logo_fes.jpg","width":661,"height":673,"caption":"Federaci\u00f3n de Sindicatos de Trabajadores Municipales de la Provincia de Santa Fe"},"image":{"@id":"https:\/\/municipales.org.ar\/festram\/#\/schema\/logo\/image\/"},"sameAs":["https:\/\/www.facebook.com\/MunicipalesSF","https:\/\/x.com\/MunicipalesSF","https:\/\/www.youtube.com\/user\/festram"]},{"@type":"Person","@id":"https:\/\/municipales.org.ar\/festram\/#\/schema\/person\/49096a774c48ce9063df4d59ec059f9e","name":"mun_admin"}]}},"jetpack_publicize_connections":[],"jetpack_featured_media_url":"https:\/\/municipales.org.ar\/festram\/wp-content\/uploads\/2022\/08\/Justicia.jpg","jetpack_sharing_enabled":true,"jetpack_likes_enabled":false,"jetpack_shortlink":"https:\/\/wp.me\/p7l4x1-48V","_links":{"self":[{"href":"https:\/\/municipales.org.ar\/festram\/wp-json\/wp\/v2\/posts\/15929","targetHints":{"allow":["GET"]}}],"collection":[{"href":"https:\/\/municipales.org.ar\/festram\/wp-json\/wp\/v2\/posts"}],"about":[{"href":"https:\/\/municipales.org.ar\/festram\/wp-json\/wp\/v2\/types\/post"}],"author":[{"embeddable":true,"href":"https:\/\/municipales.org.ar\/festram\/wp-json\/wp\/v2\/users\/1"}],"replies":[{"embeddable":true,"href":"https:\/\/municipales.org.ar\/festram\/wp-json\/wp\/v2\/comments?post=15929"}],"version-history":[{"count":1,"href":"https:\/\/municipales.org.ar\/festram\/wp-json\/wp\/v2\/posts\/15929\/revisions"}],"predecessor-version":[{"id":15931,"href":"https:\/\/municipales.org.ar\/festram\/wp-json\/wp\/v2\/posts\/15929\/revisions\/15931"}],"wp:featuredmedia":[{"embeddable":true,"href":"https:\/\/municipales.org.ar\/festram\/wp-json\/wp\/v2\/media\/15930"}],"wp:attachment":[{"href":"https:\/\/municipales.org.ar\/festram\/wp-json\/wp\/v2\/media?parent=15929"}],"wp:term":[{"taxonomy":"category","embeddable":true,"href":"https:\/\/municipales.org.ar\/festram\/wp-json\/wp\/v2\/categories?post=15929"},{"taxonomy":"post_tag","embeddable":true,"href":"https:\/\/municipales.org.ar\/festram\/wp-json\/wp\/v2\/tags?post=15929"}],"curies":[{"name":"wp","href":"https:\/\/api.w.org\/{rel}","templated":true}]}}