{"id":15935,"date":"2022-08-13T11:32:15","date_gmt":"2022-08-13T14:32:15","guid":{"rendered":"https:\/\/municipales.org.ar\/festram\/?p=15935"},"modified":"2022-08-13T13:03:54","modified_gmt":"2022-08-13T16:03:54","slug":"primer-encuentro-de-pacientes-y-familiares-de-enfermedades-poco-frecuentes-y-discapacidad","status":"publish","type":"post","link":"https:\/\/municipales.org.ar\/festram\/primer-encuentro-de-pacientes-y-familiares-de-enfermedades-poco-frecuentes-y-discapacidad\/","title":{"rendered":"Primer Encuentro de Pacientes y Familiares de Enfermedades Poco Frecuentes y Discapacidad"},"content":{"rendered":"\n<p><\/p>\n\n\n\n<h3 class=\"wp-block-heading\">Se realiz\u00f3 el martes \u00faltimo, en el auditorio de FESTRAM en la ciudad de Santa Fe, organizado por la Asociaci\u00f3n Civil de Enfermedades Poco Frecuentes (Acepof) y con la asistencia de dos centenares de participantes y especialistas de distintas disciplinas que desarrollaron sus exposiciones sobre las problem\u00e1ticas comunes, diagn\u00f3sticos, legislaci\u00f3n, derechos y accesibilidad.<br><\/h3>\n\n\n\n<h3 class=\"wp-block-heading\"><br><\/h3>\n\n\n\n<figure class=\"wp-block-gallery has-nested-images columns-default is-cropped wp-block-gallery-1 is-layout-flex wp-block-gallery-is-layout-flex\">\n<figure class=\"wp-block-image size-large\"><img loading=\"lazy\" decoding=\"async\" width=\"1024\" height=\"683\" data-id=\"15936\" src=\"https:\/\/municipales.org.ar\/festram\/wp-content\/uploads\/2022\/08\/297329836_2138639219644102_6758007658453260505_n-1024x683.jpg\" alt=\"\" class=\"wp-image-15936\" srcset=\"https:\/\/municipales.org.ar\/festram\/wp-content\/uploads\/2022\/08\/297329836_2138639219644102_6758007658453260505_n-1024x683.jpg 1024w, https:\/\/municipales.org.ar\/festram\/wp-content\/uploads\/2022\/08\/297329836_2138639219644102_6758007658453260505_n-300x200.jpg 300w, https:\/\/municipales.org.ar\/festram\/wp-content\/uploads\/2022\/08\/297329836_2138639219644102_6758007658453260505_n-768x512.jpg 768w, https:\/\/municipales.org.ar\/festram\/wp-content\/uploads\/2022\/08\/297329836_2138639219644102_6758007658453260505_n-1536x1024.jpg 1536w, https:\/\/municipales.org.ar\/festram\/wp-content\/uploads\/2022\/08\/297329836_2138639219644102_6758007658453260505_n.jpg 2048w\" sizes=\"auto, (max-width: 1024px) 100vw, 1024px\" \/><\/figure>\n\n\n\n<figure class=\"wp-block-image size-large\"><img loading=\"lazy\" decoding=\"async\" width=\"1024\" height=\"683\" data-id=\"15941\" src=\"https:\/\/municipales.org.ar\/festram\/wp-content\/uploads\/2022\/08\/297372320_2138639522977405_2724070292051823285_n-1024x683.jpg\" alt=\"\" class=\"wp-image-15941\" srcset=\"https:\/\/municipales.org.ar\/festram\/wp-content\/uploads\/2022\/08\/297372320_2138639522977405_2724070292051823285_n-1024x683.jpg 1024w, https:\/\/municipales.org.ar\/festram\/wp-content\/uploads\/2022\/08\/297372320_2138639522977405_2724070292051823285_n-300x200.jpg 300w, https:\/\/municipales.org.ar\/festram\/wp-content\/uploads\/2022\/08\/297372320_2138639522977405_2724070292051823285_n-768x512.jpg 768w, https:\/\/municipales.org.ar\/festram\/wp-content\/uploads\/2022\/08\/297372320_2138639522977405_2724070292051823285_n-1536x1024.jpg 1536w, https:\/\/municipales.org.ar\/festram\/wp-content\/uploads\/2022\/08\/297372320_2138639522977405_2724070292051823285_n.jpg 2048w\" sizes=\"auto, (max-width: 1024px) 100vw, 1024px\" \/><\/figure>\n\n\n\n<figure class=\"wp-block-image size-large\"><img loading=\"lazy\" decoding=\"async\" width=\"1024\" height=\"683\" data-id=\"15940\" src=\"https:\/\/municipales.org.ar\/festram\/wp-content\/uploads\/2022\/08\/297759768_2138638952977462_5715869991905524346_n-1024x683.jpg\" alt=\"\" class=\"wp-image-15940\" srcset=\"https:\/\/municipales.org.ar\/festram\/wp-content\/uploads\/2022\/08\/297759768_2138638952977462_5715869991905524346_n-1024x683.jpg 1024w, https:\/\/municipales.org.ar\/festram\/wp-content\/uploads\/2022\/08\/297759768_2138638952977462_5715869991905524346_n-300x200.jpg 300w, https:\/\/municipales.org.ar\/festram\/wp-content\/uploads\/2022\/08\/297759768_2138638952977462_5715869991905524346_n-768x512.jpg 768w, https:\/\/municipales.org.ar\/festram\/wp-content\/uploads\/2022\/08\/297759768_2138638952977462_5715869991905524346_n-1536x1024.jpg 1536w, https:\/\/municipales.org.ar\/festram\/wp-content\/uploads\/2022\/08\/297759768_2138638952977462_5715869991905524346_n.jpg 2048w\" sizes=\"auto, (max-width: 1024px) 100vw, 1024px\" \/><\/figure>\n\n\n\n<figure class=\"wp-block-image size-large\"><img loading=\"lazy\" decoding=\"async\" width=\"1024\" height=\"683\" data-id=\"15939\" src=\"https:\/\/municipales.org.ar\/festram\/wp-content\/uploads\/2022\/08\/297872336_2138640759643948_7118184388783801735_n-1024x683.jpg\" alt=\"\" class=\"wp-image-15939\" srcset=\"https:\/\/municipales.org.ar\/festram\/wp-content\/uploads\/2022\/08\/297872336_2138640759643948_7118184388783801735_n-1024x683.jpg 1024w, https:\/\/municipales.org.ar\/festram\/wp-content\/uploads\/2022\/08\/297872336_2138640759643948_7118184388783801735_n-300x200.jpg 300w, https:\/\/municipales.org.ar\/festram\/wp-content\/uploads\/2022\/08\/297872336_2138640759643948_7118184388783801735_n-768x512.jpg 768w, https:\/\/municipales.org.ar\/festram\/wp-content\/uploads\/2022\/08\/297872336_2138640759643948_7118184388783801735_n-1536x1024.jpg 1536w, https:\/\/municipales.org.ar\/festram\/wp-content\/uploads\/2022\/08\/297872336_2138640759643948_7118184388783801735_n.jpg 2048w\" sizes=\"auto, (max-width: 1024px) 100vw, 1024px\" \/><\/figure>\n\n\n\n<figure class=\"wp-block-image size-large\"><img loading=\"lazy\" decoding=\"async\" width=\"1024\" height=\"683\" data-id=\"15937\" src=\"https:\/\/municipales.org.ar\/festram\/wp-content\/uploads\/2022\/08\/298079753_2138635899644434_349031328576469343_n-1024x683.jpg\" alt=\"\" class=\"wp-image-15937\" srcset=\"https:\/\/municipales.org.ar\/festram\/wp-content\/uploads\/2022\/08\/298079753_2138635899644434_349031328576469343_n-1024x683.jpg 1024w, https:\/\/municipales.org.ar\/festram\/wp-content\/uploads\/2022\/08\/298079753_2138635899644434_349031328576469343_n-300x200.jpg 300w, https:\/\/municipales.org.ar\/festram\/wp-content\/uploads\/2022\/08\/298079753_2138635899644434_349031328576469343_n-768x512.jpg 768w, https:\/\/municipales.org.ar\/festram\/wp-content\/uploads\/2022\/08\/298079753_2138635899644434_349031328576469343_n-1536x1024.jpg 1536w, https:\/\/municipales.org.ar\/festram\/wp-content\/uploads\/2022\/08\/298079753_2138635899644434_349031328576469343_n.jpg 2048w\" sizes=\"auto, (max-width: 1024px) 100vw, 1024px\" \/><\/figure>\n\n\n\n<figure class=\"wp-block-image size-large\"><img loading=\"lazy\" decoding=\"async\" width=\"1024\" height=\"683\" data-id=\"15938\" src=\"https:\/\/municipales.org.ar\/festram\/wp-content\/uploads\/2022\/08\/298219951_2138640422977315_2026325511473774716_n-1024x683.jpg\" alt=\"\" class=\"wp-image-15938\" srcset=\"https:\/\/municipales.org.ar\/festram\/wp-content\/uploads\/2022\/08\/298219951_2138640422977315_2026325511473774716_n-1024x683.jpg 1024w, https:\/\/municipales.org.ar\/festram\/wp-content\/uploads\/2022\/08\/298219951_2138640422977315_2026325511473774716_n-300x200.jpg 300w, https:\/\/municipales.org.ar\/festram\/wp-content\/uploads\/2022\/08\/298219951_2138640422977315_2026325511473774716_n-768x512.jpg 768w, https:\/\/municipales.org.ar\/festram\/wp-content\/uploads\/2022\/08\/298219951_2138640422977315_2026325511473774716_n-1536x1024.jpg 1536w, https:\/\/municipales.org.ar\/festram\/wp-content\/uploads\/2022\/08\/298219951_2138640422977315_2026325511473774716_n.jpg 2048w\" sizes=\"auto, (max-width: 1024px) 100vw, 1024px\" \/><\/figure>\n\n\n\n<figure class=\"wp-block-image size-large\"><img loading=\"lazy\" decoding=\"async\" width=\"1024\" height=\"683\" data-id=\"15942\" src=\"https:\/\/municipales.org.ar\/festram\/wp-content\/uploads\/2022\/08\/298228983_2138641166310574_4847170696611073252_n-1024x683.jpg\" alt=\"\" class=\"wp-image-15942\" srcset=\"https:\/\/municipales.org.ar\/festram\/wp-content\/uploads\/2022\/08\/298228983_2138641166310574_4847170696611073252_n-1024x683.jpg 1024w, https:\/\/municipales.org.ar\/festram\/wp-content\/uploads\/2022\/08\/298228983_2138641166310574_4847170696611073252_n-300x200.jpg 300w, https:\/\/municipales.org.ar\/festram\/wp-content\/uploads\/2022\/08\/298228983_2138641166310574_4847170696611073252_n-768x512.jpg 768w, https:\/\/municipales.org.ar\/festram\/wp-content\/uploads\/2022\/08\/298228983_2138641166310574_4847170696611073252_n-1536x1024.jpg 1536w, https:\/\/municipales.org.ar\/festram\/wp-content\/uploads\/2022\/08\/298228983_2138641166310574_4847170696611073252_n.jpg 2048w\" sizes=\"auto, (max-width: 1024px) 100vw, 1024px\" \/><\/figure>\n\n\n\n<figure class=\"wp-block-image size-large\"><img loading=\"lazy\" decoding=\"async\" width=\"1024\" height=\"683\" data-id=\"15943\" src=\"https:\/\/municipales.org.ar\/festram\/wp-content\/uploads\/2022\/08\/298254459_2138634959644528_9161543030977402078_n-1024x683.jpg\" alt=\"\" class=\"wp-image-15943\" srcset=\"https:\/\/municipales.org.ar\/festram\/wp-content\/uploads\/2022\/08\/298254459_2138634959644528_9161543030977402078_n-1024x683.jpg 1024w, https:\/\/municipales.org.ar\/festram\/wp-content\/uploads\/2022\/08\/298254459_2138634959644528_9161543030977402078_n-300x200.jpg 300w, https:\/\/municipales.org.ar\/festram\/wp-content\/uploads\/2022\/08\/298254459_2138634959644528_9161543030977402078_n-768x512.jpg 768w, https:\/\/municipales.org.ar\/festram\/wp-content\/uploads\/2022\/08\/298254459_2138634959644528_9161543030977402078_n-1536x1024.jpg 1536w, https:\/\/municipales.org.ar\/festram\/wp-content\/uploads\/2022\/08\/298254459_2138634959644528_9161543030977402078_n.jpg 2048w\" sizes=\"auto, (max-width: 1024px) 100vw, 1024px\" \/><\/figure>\n\n\n\n<figure class=\"wp-block-image size-large\"><img loading=\"lazy\" decoding=\"async\" width=\"1024\" height=\"683\" data-id=\"15945\" src=\"https:\/\/municipales.org.ar\/festram\/wp-content\/uploads\/2022\/08\/298338021_2138640356310655_6217383997032489634_n-1024x683.jpg\" alt=\"\" class=\"wp-image-15945\" srcset=\"https:\/\/municipales.org.ar\/festram\/wp-content\/uploads\/2022\/08\/298338021_2138640356310655_6217383997032489634_n-1024x683.jpg 1024w, https:\/\/municipales.org.ar\/festram\/wp-content\/uploads\/2022\/08\/298338021_2138640356310655_6217383997032489634_n-300x200.jpg 300w, https:\/\/municipales.org.ar\/festram\/wp-content\/uploads\/2022\/08\/298338021_2138640356310655_6217383997032489634_n-768x512.jpg 768w, https:\/\/municipales.org.ar\/festram\/wp-content\/uploads\/2022\/08\/298338021_2138640356310655_6217383997032489634_n-1536x1024.jpg 1536w, https:\/\/municipales.org.ar\/festram\/wp-content\/uploads\/2022\/08\/298338021_2138640356310655_6217383997032489634_n.jpg 2048w\" sizes=\"auto, (max-width: 1024px) 100vw, 1024px\" \/><\/figure>\n\n\n\n<figure class=\"wp-block-image size-large\"><img loading=\"lazy\" decoding=\"async\" width=\"1024\" height=\"683\" data-id=\"15946\" src=\"https:\/\/municipales.org.ar\/festram\/wp-content\/uploads\/2022\/08\/298401925_2138641502977207_3244276580494010768_n-1024x683.jpg\" alt=\"\" class=\"wp-image-15946\" srcset=\"https:\/\/municipales.org.ar\/festram\/wp-content\/uploads\/2022\/08\/298401925_2138641502977207_3244276580494010768_n-1024x683.jpg 1024w, https:\/\/municipales.org.ar\/festram\/wp-content\/uploads\/2022\/08\/298401925_2138641502977207_3244276580494010768_n-300x200.jpg 300w, https:\/\/municipales.org.ar\/festram\/wp-content\/uploads\/2022\/08\/298401925_2138641502977207_3244276580494010768_n-768x512.jpg 768w, https:\/\/municipales.org.ar\/festram\/wp-content\/uploads\/2022\/08\/298401925_2138641502977207_3244276580494010768_n-1536x1024.jpg 1536w, https:\/\/municipales.org.ar\/festram\/wp-content\/uploads\/2022\/08\/298401925_2138641502977207_3244276580494010768_n.jpg 2048w\" sizes=\"auto, (max-width: 1024px) 100vw, 1024px\" \/><\/figure>\n\n\n\n<figure class=\"wp-block-image size-large\"><img loading=\"lazy\" decoding=\"async\" width=\"1024\" height=\"683\" data-id=\"15947\" src=\"https:\/\/municipales.org.ar\/festram\/wp-content\/uploads\/2022\/08\/298579874_2138639249644099_6206381301595456988_n-1024x683.jpg\" alt=\"\" class=\"wp-image-15947\" srcset=\"https:\/\/municipales.org.ar\/festram\/wp-content\/uploads\/2022\/08\/298579874_2138639249644099_6206381301595456988_n-1024x683.jpg 1024w, https:\/\/municipales.org.ar\/festram\/wp-content\/uploads\/2022\/08\/298579874_2138639249644099_6206381301595456988_n-300x200.jpg 300w, https:\/\/municipales.org.ar\/festram\/wp-content\/uploads\/2022\/08\/298579874_2138639249644099_6206381301595456988_n-768x512.jpg 768w, https:\/\/municipales.org.ar\/festram\/wp-content\/uploads\/2022\/08\/298579874_2138639249644099_6206381301595456988_n-1536x1024.jpg 1536w, https:\/\/municipales.org.ar\/festram\/wp-content\/uploads\/2022\/08\/298579874_2138639249644099_6206381301595456988_n.jpg 2048w\" sizes=\"auto, (max-width: 1024px) 100vw, 1024px\" \/><\/figure>\n\n\n\n<figure class=\"wp-block-image size-large\"><img loading=\"lazy\" decoding=\"async\" width=\"1024\" height=\"683\" data-id=\"15948\" src=\"https:\/\/municipales.org.ar\/festram\/wp-content\/uploads\/2022\/08\/298602509_2138638882977469_3008679335101308577_n-1024x683.jpg\" alt=\"\" class=\"wp-image-15948\" srcset=\"https:\/\/municipales.org.ar\/festram\/wp-content\/uploads\/2022\/08\/298602509_2138638882977469_3008679335101308577_n-1024x683.jpg 1024w, https:\/\/municipales.org.ar\/festram\/wp-content\/uploads\/2022\/08\/298602509_2138638882977469_3008679335101308577_n-300x200.jpg 300w, https:\/\/municipales.org.ar\/festram\/wp-content\/uploads\/2022\/08\/298602509_2138638882977469_3008679335101308577_n-768x512.jpg 768w, https:\/\/municipales.org.ar\/festram\/wp-content\/uploads\/2022\/08\/298602509_2138638882977469_3008679335101308577_n-1536x1024.jpg 1536w, https:\/\/municipales.org.ar\/festram\/wp-content\/uploads\/2022\/08\/298602509_2138638882977469_3008679335101308577_n.jpg 2048w\" sizes=\"auto, (max-width: 1024px) 100vw, 1024px\" \/><\/figure>\n\n\n\n<figure class=\"wp-block-image size-large\"><img decoding=\"async\" data-id=\"15950\" src=\"https:\/\/municipales.org.ar\/festram\/wp-content\/uploads\/2022\/08\/298710865_2138641092977248_3383172888013468797_n-1024x683.jpg\" alt=\"\" class=\"wp-image-15950\"\/><\/figure>\n\n\n\n<figure class=\"wp-block-image size-large\"><img loading=\"lazy\" decoding=\"async\" width=\"1024\" height=\"683\" data-id=\"15951\" src=\"https:\/\/municipales.org.ar\/festram\/wp-content\/uploads\/2022\/08\/298795860_2138639322977425_7846178363673543195_n-1024x683.jpg\" alt=\"\" class=\"wp-image-15951\" srcset=\"https:\/\/municipales.org.ar\/festram\/wp-content\/uploads\/2022\/08\/298795860_2138639322977425_7846178363673543195_n-1024x683.jpg 1024w, https:\/\/municipales.org.ar\/festram\/wp-content\/uploads\/2022\/08\/298795860_2138639322977425_7846178363673543195_n-300x200.jpg 300w, https:\/\/municipales.org.ar\/festram\/wp-content\/uploads\/2022\/08\/298795860_2138639322977425_7846178363673543195_n-768x512.jpg 768w, https:\/\/municipales.org.ar\/festram\/wp-content\/uploads\/2022\/08\/298795860_2138639322977425_7846178363673543195_n-1536x1024.jpg 1536w, https:\/\/municipales.org.ar\/festram\/wp-content\/uploads\/2022\/08\/298795860_2138639322977425_7846178363673543195_n.jpg 2048w\" sizes=\"auto, (max-width: 1024px) 100vw, 1024px\" \/><\/figure>\n\n\n\n<figure class=\"wp-block-image size-large\"><img loading=\"lazy\" decoding=\"async\" width=\"1024\" height=\"683\" data-id=\"15952\" src=\"https:\/\/municipales.org.ar\/festram\/wp-content\/uploads\/2022\/08\/299021694_2138640109644013_1752131231431735345_n-1024x683.jpg\" alt=\"\" class=\"wp-image-15952\" srcset=\"https:\/\/municipales.org.ar\/festram\/wp-content\/uploads\/2022\/08\/299021694_2138640109644013_1752131231431735345_n-1024x683.jpg 1024w, https:\/\/municipales.org.ar\/festram\/wp-content\/uploads\/2022\/08\/299021694_2138640109644013_1752131231431735345_n-300x200.jpg 300w, https:\/\/municipales.org.ar\/festram\/wp-content\/uploads\/2022\/08\/299021694_2138640109644013_1752131231431735345_n-768x512.jpg 768w, https:\/\/municipales.org.ar\/festram\/wp-content\/uploads\/2022\/08\/299021694_2138640109644013_1752131231431735345_n-1536x1024.jpg 1536w, https:\/\/municipales.org.ar\/festram\/wp-content\/uploads\/2022\/08\/299021694_2138640109644013_1752131231431735345_n.jpg 2048w\" sizes=\"auto, (max-width: 1024px) 100vw, 1024px\" \/><\/figure>\n<\/figure>\n\n\n\n<p><br>Las disertaciones fueron guiadas por la Dra. Mariela Pe\u00f1a; el Dr. Ezequiel Gataz; el Dr. Mateo Helmfelt; la instructora de Educaci\u00f3n F\u00edsica, Fernanda Coronel; la Subdirectora de Accesibilidad y Derechos de las Personas con Discapacidad de la Municipalidad de Santa Fe, Gabriela Bruno y las Dras. Marcela Calcaterra y Rosal\u00eda Sanso de la Madrid, de la Direcci\u00f3n de Asistencia T\u00e9cnica en salud, discapacidad y ambiente de la Defensor\u00eda del Pueblo de la provincia de Santa Fe.<br><br>Durante toda la actividad hubo espacios para el intercambio de conceptos y experiencias con la concurrencia y tambi\u00e9n cont\u00f3 con una feria de arte, reciclaje y m\u00fasica a cargo pacientes emprendedores.<\/p>\n","protected":false},"excerpt":{"rendered":"<p>Organizado por la Asociaci\u00f3n Civil de Enfermedades Poco Frecuentes (Acepof) y con la asistencia de dos centenares de participantes y especialistas de distintas disciplinas que desarrollaron sus exposiciones sobre las problem\u00e1ticas comunes, diagn\u00f3sticos, legislaci\u00f3n, derechos y accesibilidad.<\/p>\n","protected":false},"author":1,"featured_media":15950,"comment_status":"closed","ping_status":"closed","sticky":false,"template":"","format":"standard","meta":{"_jetpack_memberships_contains_paid_content":false,"footnotes":"","jetpack_publicize_message":"","jetpack_publicize_feature_enabled":true,"jetpack_social_post_already_shared":true,"jetpack_social_options":{"image_generator_settings":{"template":"highway","default_image_id":0,"font":"","enabled":false},"version":2}},"categories":[167],"tags":[154],"class_list":["post-15935","post","type-post","status-publish","format-standard","has-post-thumbnail","hentry","category-actividades-en-el-complejo","tag-actividades-complejo"],"yoast_head":"<!-- This site is optimized with the Yoast SEO plugin v25.9 - https:\/\/yoast.com\/wordpress\/plugins\/seo\/ -->\n<title>Primer Encuentro de Pacientes y Familiares de Enfermedades Poco Frecuentes y Discapacidad &#8211; FESTRAM<\/title>\n<meta name=\"description\" content=\"Organizado por la Asociaci\u00f3n Civil de Enfermedades Poco Frecuentes (Acepof) y con la asistencia de dos centenares de participantes y especialistas de distintas disciplinas que desarrollaron sus exposiciones sobre las problem\u00e1ticas comunes, diagn\u00f3sticos, legislaci\u00f3n, derechos y accesibilidad.\" \/>\n<meta name=\"robots\" content=\"index, follow, max-snippet:-1, max-image-preview:large, max-video-preview:-1\" \/>\n<link rel=\"canonical\" href=\"https:\/\/municipales.org.ar\/festram\/primer-encuentro-de-pacientes-y-familiares-de-enfermedades-poco-frecuentes-y-discapacidad\/\" \/>\n<meta property=\"og:locale\" content=\"es_ES\" \/>\n<meta property=\"og:type\" content=\"article\" \/>\n<meta property=\"og:title\" content=\"Primer Encuentro de Pacientes y Familiares de Enfermedades Poco Frecuentes y Discapacidad &#8211; FESTRAM\" \/>\n<meta property=\"og:description\" content=\"Organizado por la Asociaci\u00f3n Civil de Enfermedades Poco Frecuentes (Acepof) y con la asistencia de dos centenares de participantes y especialistas de distintas disciplinas que desarrollaron sus exposiciones sobre las problem\u00e1ticas comunes, diagn\u00f3sticos, legislaci\u00f3n, derechos y accesibilidad.\" \/>\n<meta property=\"og:url\" content=\"https:\/\/municipales.org.ar\/festram\/primer-encuentro-de-pacientes-y-familiares-de-enfermedades-poco-frecuentes-y-discapacidad\/\" \/>\n<meta property=\"og:site_name\" content=\"FESTRAM\" \/>\n<meta property=\"article:publisher\" content=\"https:\/\/www.facebook.com\/MunicipalesSF\" \/>\n<meta property=\"article:published_time\" content=\"2022-08-13T14:32:15+00:00\" \/>\n<meta property=\"article:modified_time\" content=\"2022-08-13T16:03:54+00:00\" \/>\n<meta property=\"og:image\" content=\"https:\/\/municipales.org.ar\/festram\/wp-content\/uploads\/2022\/08\/298710865_2138641092977248_3383172888013468797_n-e1660401027871.jpg\" \/>\n\t<meta property=\"og:image:width\" content=\"2048\" \/>\n\t<meta property=\"og:image:height\" content=\"966\" \/>\n\t<meta property=\"og:image:type\" content=\"image\/jpeg\" \/>\n<meta name=\"author\" content=\"mun_admin\" \/>\n<meta name=\"twitter:card\" content=\"summary_large_image\" \/>\n<meta name=\"twitter:creator\" content=\"@MunicipalesSF\" \/>\n<meta name=\"twitter:site\" content=\"@MunicipalesSF\" \/>\n<meta name=\"twitter:label1\" content=\"Escrito por\" \/>\n\t<meta name=\"twitter:data1\" content=\"mun_admin\" \/>\n\t<meta name=\"twitter:label2\" content=\"Tiempo de lectura\" \/>\n\t<meta name=\"twitter:data2\" content=\"4 minutos\" \/>\n<script type=\"application\/ld+json\" class=\"yoast-schema-graph\">{\"@context\":\"https:\/\/schema.org\",\"@graph\":[{\"@type\":\"Article\",\"@id\":\"https:\/\/municipales.org.ar\/festram\/primer-encuentro-de-pacientes-y-familiares-de-enfermedades-poco-frecuentes-y-discapacidad\/#article\",\"isPartOf\":{\"@id\":\"https:\/\/municipales.org.ar\/festram\/primer-encuentro-de-pacientes-y-familiares-de-enfermedades-poco-frecuentes-y-discapacidad\/\"},\"author\":{\"name\":\"mun_admin\",\"@id\":\"https:\/\/municipales.org.ar\/festram\/#\/schema\/person\/49096a774c48ce9063df4d59ec059f9e\"},\"headline\":\"Primer Encuentro de Pacientes y Familiares de Enfermedades Poco Frecuentes y Discapacidad\",\"datePublished\":\"2022-08-13T14:32:15+00:00\",\"dateModified\":\"2022-08-13T16:03:54+00:00\",\"mainEntityOfPage\":{\"@id\":\"https:\/\/municipales.org.ar\/festram\/primer-encuentro-de-pacientes-y-familiares-de-enfermedades-poco-frecuentes-y-discapacidad\/\"},\"wordCount\":185,\"publisher\":{\"@id\":\"https:\/\/municipales.org.ar\/festram\/#organization\"},\"image\":{\"@id\":\"https:\/\/municipales.org.ar\/festram\/primer-encuentro-de-pacientes-y-familiares-de-enfermedades-poco-frecuentes-y-discapacidad\/#primaryimage\"},\"thumbnailUrl\":\"https:\/\/municipales.org.ar\/festram\/wp-content\/uploads\/2022\/08\/298710865_2138641092977248_3383172888013468797_n-e1660401027871.jpg\",\"keywords\":[\"actividades complejo\"],\"articleSection\":[\"actividades en el complejo\"],\"inLanguage\":\"es\"},{\"@type\":\"WebPage\",\"@id\":\"https:\/\/municipales.org.ar\/festram\/primer-encuentro-de-pacientes-y-familiares-de-enfermedades-poco-frecuentes-y-discapacidad\/\",\"url\":\"https:\/\/municipales.org.ar\/festram\/primer-encuentro-de-pacientes-y-familiares-de-enfermedades-poco-frecuentes-y-discapacidad\/\",\"name\":\"Primer Encuentro de Pacientes y Familiares de Enfermedades Poco Frecuentes y Discapacidad &#8211; FESTRAM\",\"isPartOf\":{\"@id\":\"https:\/\/municipales.org.ar\/festram\/#website\"},\"primaryImageOfPage\":{\"@id\":\"https:\/\/municipales.org.ar\/festram\/primer-encuentro-de-pacientes-y-familiares-de-enfermedades-poco-frecuentes-y-discapacidad\/#primaryimage\"},\"image\":{\"@id\":\"https:\/\/municipales.org.ar\/festram\/primer-encuentro-de-pacientes-y-familiares-de-enfermedades-poco-frecuentes-y-discapacidad\/#primaryimage\"},\"thumbnailUrl\":\"https:\/\/municipales.org.ar\/festram\/wp-content\/uploads\/2022\/08\/298710865_2138641092977248_3383172888013468797_n-e1660401027871.jpg\",\"datePublished\":\"2022-08-13T14:32:15+00:00\",\"dateModified\":\"2022-08-13T16:03:54+00:00\",\"description\":\"Organizado por la Asociaci\u00f3n Civil de Enfermedades Poco Frecuentes (Acepof) y con la asistencia de dos centenares de participantes y especialistas de distintas disciplinas que desarrollaron sus exposiciones sobre las problem\u00e1ticas comunes, diagn\u00f3sticos, legislaci\u00f3n, derechos y accesibilidad.\",\"breadcrumb\":{\"@id\":\"https:\/\/municipales.org.ar\/festram\/primer-encuentro-de-pacientes-y-familiares-de-enfermedades-poco-frecuentes-y-discapacidad\/#breadcrumb\"},\"inLanguage\":\"es\",\"potentialAction\":[{\"@type\":\"ReadAction\",\"target\":[\"https:\/\/municipales.org.ar\/festram\/primer-encuentro-de-pacientes-y-familiares-de-enfermedades-poco-frecuentes-y-discapacidad\/\"]}]},{\"@type\":\"ImageObject\",\"inLanguage\":\"es\",\"@id\":\"https:\/\/municipales.org.ar\/festram\/primer-encuentro-de-pacientes-y-familiares-de-enfermedades-poco-frecuentes-y-discapacidad\/#primaryimage\",\"url\":\"https:\/\/municipales.org.ar\/festram\/wp-content\/uploads\/2022\/08\/298710865_2138641092977248_3383172888013468797_n-e1660401027871.jpg\",\"contentUrl\":\"https:\/\/municipales.org.ar\/festram\/wp-content\/uploads\/2022\/08\/298710865_2138641092977248_3383172888013468797_n-e1660401027871.jpg\",\"width\":2048,\"height\":966},{\"@type\":\"BreadcrumbList\",\"@id\":\"https:\/\/municipales.org.ar\/festram\/primer-encuentro-de-pacientes-y-familiares-de-enfermedades-poco-frecuentes-y-discapacidad\/#breadcrumb\",\"itemListElement\":[{\"@type\":\"ListItem\",\"position\":1,\"name\":\"Portada\",\"item\":\"https:\/\/municipales.org.ar\/festram\/\"},{\"@type\":\"ListItem\",\"position\":2,\"name\":\"Primer Encuentro de Pacientes y Familiares de Enfermedades Poco Frecuentes y Discapacidad\"}]},{\"@type\":\"WebSite\",\"@id\":\"https:\/\/municipales.org.ar\/festram\/#website\",\"url\":\"https:\/\/municipales.org.ar\/festram\/\",\"name\":\"FESTRAM\",\"description\":\"La web de los trabajadores municipales\",\"publisher\":{\"@id\":\"https:\/\/municipales.org.ar\/festram\/#organization\"},\"potentialAction\":[{\"@type\":\"SearchAction\",\"target\":{\"@type\":\"EntryPoint\",\"urlTemplate\":\"https:\/\/municipales.org.ar\/festram\/?s={search_term_string}\"},\"query-input\":{\"@type\":\"PropertyValueSpecification\",\"valueRequired\":true,\"valueName\":\"search_term_string\"}}],\"inLanguage\":\"es\"},{\"@type\":\"Organization\",\"@id\":\"https:\/\/municipales.org.ar\/festram\/#organization\",\"name\":\"Federaci\u00f3n de Sindicatos de Trabajadores Municipales de la Provincia de Santa Fe\",\"url\":\"https:\/\/municipales.org.ar\/festram\/\",\"logo\":{\"@type\":\"ImageObject\",\"inLanguage\":\"es\",\"@id\":\"https:\/\/municipales.org.ar\/festram\/#\/schema\/logo\/image\/\",\"url\":\"https:\/\/www.municipales.org.ar\/festram\/wp-content\/uploads\/2014\/07\/logo_fes.jpg\",\"contentUrl\":\"https:\/\/www.municipales.org.ar\/festram\/wp-content\/uploads\/2014\/07\/logo_fes.jpg\",\"width\":661,\"height\":673,\"caption\":\"Federaci\u00f3n de Sindicatos de Trabajadores Municipales de la Provincia de Santa Fe\"},\"image\":{\"@id\":\"https:\/\/municipales.org.ar\/festram\/#\/schema\/logo\/image\/\"},\"sameAs\":[\"https:\/\/www.facebook.com\/MunicipalesSF\",\"https:\/\/x.com\/MunicipalesSF\",\"https:\/\/www.youtube.com\/user\/festram\"]},{\"@type\":\"Person\",\"@id\":\"https:\/\/municipales.org.ar\/festram\/#\/schema\/person\/49096a774c48ce9063df4d59ec059f9e\",\"name\":\"mun_admin\"}]}<\/script>\n<!-- \/ Yoast SEO plugin. -->","yoast_head_json":{"title":"Primer Encuentro de Pacientes y Familiares de Enfermedades Poco Frecuentes y Discapacidad &#8211; FESTRAM","description":"Organizado por la Asociaci\u00f3n Civil de Enfermedades Poco Frecuentes (Acepof) y con la asistencia de dos centenares de participantes y especialistas de distintas disciplinas que desarrollaron sus exposiciones sobre las problem\u00e1ticas comunes, diagn\u00f3sticos, legislaci\u00f3n, derechos y accesibilidad.","robots":{"index":"index","follow":"follow","max-snippet":"max-snippet:-1","max-image-preview":"max-image-preview:large","max-video-preview":"max-video-preview:-1"},"canonical":"https:\/\/municipales.org.ar\/festram\/primer-encuentro-de-pacientes-y-familiares-de-enfermedades-poco-frecuentes-y-discapacidad\/","og_locale":"es_ES","og_type":"article","og_title":"Primer Encuentro de Pacientes y Familiares de Enfermedades Poco Frecuentes y Discapacidad &#8211; FESTRAM","og_description":"Organizado por la Asociaci\u00f3n Civil de Enfermedades Poco Frecuentes (Acepof) y con la asistencia de dos centenares de participantes y especialistas de distintas disciplinas que desarrollaron sus exposiciones sobre las problem\u00e1ticas comunes, diagn\u00f3sticos, legislaci\u00f3n, derechos y accesibilidad.","og_url":"https:\/\/municipales.org.ar\/festram\/primer-encuentro-de-pacientes-y-familiares-de-enfermedades-poco-frecuentes-y-discapacidad\/","og_site_name":"FESTRAM","article_publisher":"https:\/\/www.facebook.com\/MunicipalesSF","article_published_time":"2022-08-13T14:32:15+00:00","article_modified_time":"2022-08-13T16:03:54+00:00","og_image":[{"width":2048,"height":966,"url":"https:\/\/municipales.org.ar\/festram\/wp-content\/uploads\/2022\/08\/298710865_2138641092977248_3383172888013468797_n-e1660401027871.jpg","type":"image\/jpeg"}],"author":"mun_admin","twitter_card":"summary_large_image","twitter_creator":"@MunicipalesSF","twitter_site":"@MunicipalesSF","twitter_misc":{"Escrito por":"mun_admin","Tiempo de lectura":"4 minutos"},"schema":{"@context":"https:\/\/schema.org","@graph":[{"@type":"Article","@id":"https:\/\/municipales.org.ar\/festram\/primer-encuentro-de-pacientes-y-familiares-de-enfermedades-poco-frecuentes-y-discapacidad\/#article","isPartOf":{"@id":"https:\/\/municipales.org.ar\/festram\/primer-encuentro-de-pacientes-y-familiares-de-enfermedades-poco-frecuentes-y-discapacidad\/"},"author":{"name":"mun_admin","@id":"https:\/\/municipales.org.ar\/festram\/#\/schema\/person\/49096a774c48ce9063df4d59ec059f9e"},"headline":"Primer Encuentro de Pacientes y Familiares de Enfermedades Poco Frecuentes y Discapacidad","datePublished":"2022-08-13T14:32:15+00:00","dateModified":"2022-08-13T16:03:54+00:00","mainEntityOfPage":{"@id":"https:\/\/municipales.org.ar\/festram\/primer-encuentro-de-pacientes-y-familiares-de-enfermedades-poco-frecuentes-y-discapacidad\/"},"wordCount":185,"publisher":{"@id":"https:\/\/municipales.org.ar\/festram\/#organization"},"image":{"@id":"https:\/\/municipales.org.ar\/festram\/primer-encuentro-de-pacientes-y-familiares-de-enfermedades-poco-frecuentes-y-discapacidad\/#primaryimage"},"thumbnailUrl":"https:\/\/municipales.org.ar\/festram\/wp-content\/uploads\/2022\/08\/298710865_2138641092977248_3383172888013468797_n-e1660401027871.jpg","keywords":["actividades complejo"],"articleSection":["actividades en el complejo"],"inLanguage":"es"},{"@type":"WebPage","@id":"https:\/\/municipales.org.ar\/festram\/primer-encuentro-de-pacientes-y-familiares-de-enfermedades-poco-frecuentes-y-discapacidad\/","url":"https:\/\/municipales.org.ar\/festram\/primer-encuentro-de-pacientes-y-familiares-de-enfermedades-poco-frecuentes-y-discapacidad\/","name":"Primer Encuentro de Pacientes y Familiares de Enfermedades Poco Frecuentes y Discapacidad &#8211; FESTRAM","isPartOf":{"@id":"https:\/\/municipales.org.ar\/festram\/#website"},"primaryImageOfPage":{"@id":"https:\/\/municipales.org.ar\/festram\/primer-encuentro-de-pacientes-y-familiares-de-enfermedades-poco-frecuentes-y-discapacidad\/#primaryimage"},"image":{"@id":"https:\/\/municipales.org.ar\/festram\/primer-encuentro-de-pacientes-y-familiares-de-enfermedades-poco-frecuentes-y-discapacidad\/#primaryimage"},"thumbnailUrl":"https:\/\/municipales.org.ar\/festram\/wp-content\/uploads\/2022\/08\/298710865_2138641092977248_3383172888013468797_n-e1660401027871.jpg","datePublished":"2022-08-13T14:32:15+00:00","dateModified":"2022-08-13T16:03:54+00:00","description":"Organizado por la Asociaci\u00f3n Civil de Enfermedades Poco Frecuentes (Acepof) y con la asistencia de dos centenares de participantes y especialistas de distintas disciplinas que desarrollaron sus exposiciones sobre las problem\u00e1ticas comunes, diagn\u00f3sticos, legislaci\u00f3n, derechos y accesibilidad.","breadcrumb":{"@id":"https:\/\/municipales.org.ar\/festram\/primer-encuentro-de-pacientes-y-familiares-de-enfermedades-poco-frecuentes-y-discapacidad\/#breadcrumb"},"inLanguage":"es","potentialAction":[{"@type":"ReadAction","target":["https:\/\/municipales.org.ar\/festram\/primer-encuentro-de-pacientes-y-familiares-de-enfermedades-poco-frecuentes-y-discapacidad\/"]}]},{"@type":"ImageObject","inLanguage":"es","@id":"https:\/\/municipales.org.ar\/festram\/primer-encuentro-de-pacientes-y-familiares-de-enfermedades-poco-frecuentes-y-discapacidad\/#primaryimage","url":"https:\/\/municipales.org.ar\/festram\/wp-content\/uploads\/2022\/08\/298710865_2138641092977248_3383172888013468797_n-e1660401027871.jpg","contentUrl":"https:\/\/municipales.org.ar\/festram\/wp-content\/uploads\/2022\/08\/298710865_2138641092977248_3383172888013468797_n-e1660401027871.jpg","width":2048,"height":966},{"@type":"BreadcrumbList","@id":"https:\/\/municipales.org.ar\/festram\/primer-encuentro-de-pacientes-y-familiares-de-enfermedades-poco-frecuentes-y-discapacidad\/#breadcrumb","itemListElement":[{"@type":"ListItem","position":1,"name":"Portada","item":"https:\/\/municipales.org.ar\/festram\/"},{"@type":"ListItem","position":2,"name":"Primer Encuentro de Pacientes y Familiares de Enfermedades Poco Frecuentes y Discapacidad"}]},{"@type":"WebSite","@id":"https:\/\/municipales.org.ar\/festram\/#website","url":"https:\/\/municipales.org.ar\/festram\/","name":"FESTRAM","description":"La web de los trabajadores municipales","publisher":{"@id":"https:\/\/municipales.org.ar\/festram\/#organization"},"potentialAction":[{"@type":"SearchAction","target":{"@type":"EntryPoint","urlTemplate":"https:\/\/municipales.org.ar\/festram\/?s={search_term_string}"},"query-input":{"@type":"PropertyValueSpecification","valueRequired":true,"valueName":"search_term_string"}}],"inLanguage":"es"},{"@type":"Organization","@id":"https:\/\/municipales.org.ar\/festram\/#organization","name":"Federaci\u00f3n de Sindicatos de Trabajadores Municipales de la Provincia de Santa Fe","url":"https:\/\/municipales.org.ar\/festram\/","logo":{"@type":"ImageObject","inLanguage":"es","@id":"https:\/\/municipales.org.ar\/festram\/#\/schema\/logo\/image\/","url":"https:\/\/www.municipales.org.ar\/festram\/wp-content\/uploads\/2014\/07\/logo_fes.jpg","contentUrl":"https:\/\/www.municipales.org.ar\/festram\/wp-content\/uploads\/2014\/07\/logo_fes.jpg","width":661,"height":673,"caption":"Federaci\u00f3n de Sindicatos de Trabajadores Municipales de la Provincia de Santa Fe"},"image":{"@id":"https:\/\/municipales.org.ar\/festram\/#\/schema\/logo\/image\/"},"sameAs":["https:\/\/www.facebook.com\/MunicipalesSF","https:\/\/x.com\/MunicipalesSF","https:\/\/www.youtube.com\/user\/festram"]},{"@type":"Person","@id":"https:\/\/municipales.org.ar\/festram\/#\/schema\/person\/49096a774c48ce9063df4d59ec059f9e","name":"mun_admin"}]}},"jetpack_publicize_connections":[],"jetpack_featured_media_url":"https:\/\/municipales.org.ar\/festram\/wp-content\/uploads\/2022\/08\/298710865_2138641092977248_3383172888013468797_n-e1660401027871.jpg","jetpack_sharing_enabled":true,"jetpack_likes_enabled":false,"jetpack_shortlink":"https:\/\/wp.me\/p7l4x1-491","_links":{"self":[{"href":"https:\/\/municipales.org.ar\/festram\/wp-json\/wp\/v2\/posts\/15935","targetHints":{"allow":["GET"]}}],"collection":[{"href":"https:\/\/municipales.org.ar\/festram\/wp-json\/wp\/v2\/posts"}],"about":[{"href":"https:\/\/municipales.org.ar\/festram\/wp-json\/wp\/v2\/types\/post"}],"author":[{"embeddable":true,"href":"https:\/\/municipales.org.ar\/festram\/wp-json\/wp\/v2\/users\/1"}],"replies":[{"embeddable":true,"href":"https:\/\/municipales.org.ar\/festram\/wp-json\/wp\/v2\/comments?post=15935"}],"version-history":[{"count":2,"href":"https:\/\/municipales.org.ar\/festram\/wp-json\/wp\/v2\/posts\/15935\/revisions"}],"predecessor-version":[{"id":15954,"href":"https:\/\/municipales.org.ar\/festram\/wp-json\/wp\/v2\/posts\/15935\/revisions\/15954"}],"wp:featuredmedia":[{"embeddable":true,"href":"https:\/\/municipales.org.ar\/festram\/wp-json\/wp\/v2\/media\/15950"}],"wp:attachment":[{"href":"https:\/\/municipales.org.ar\/festram\/wp-json\/wp\/v2\/media?parent=15935"}],"wp:term":[{"taxonomy":"category","embeddable":true,"href":"https:\/\/municipales.org.ar\/festram\/wp-json\/wp\/v2\/categories?post=15935"},{"taxonomy":"post_tag","embeddable":true,"href":"https:\/\/municipales.org.ar\/festram\/wp-json\/wp\/v2\/tags?post=15935"}],"curies":[{"name":"wp","href":"https:\/\/api.w.org\/{rel}","templated":true}]}}