{"id":16152,"date":"2022-11-22T19:54:16","date_gmt":"2022-11-22T22:54:16","guid":{"rendered":"https:\/\/municipales.org.ar\/festram\/?p=16152"},"modified":"2022-12-19T23:03:01","modified_gmt":"2022-12-20T02:03:01","slug":"festram-recibio-la-visita-del-presidente-de-la-nacion-junto-a-evo-morales","status":"publish","type":"post","link":"https:\/\/municipales.org.ar\/festram\/festram-recibio-la-visita-del-presidente-de-la-nacion-junto-a-evo-morales\/","title":{"rendered":"FESTRAM recibi\u00f3 la visita del Presidente de la Naci\u00f3n junto a Evo Morales"},"content":{"rendered":"\n<p><\/p>\n\n\n\n<h2 class=\"wp-block-heading\"><strong>Tras el encuentro con Alberto Fern\u00e1ndez el gremio propondr\u00e1 una Paritaria Nacional<\/strong><br><\/h2>\n\n\n\n<p>En el marco de la 5ta Feria del Libro Nacional y Popular que se lleva a cabo en el Complejo Presidente N\u00e9stor Kirchner, sede de FESTRAM, dirigentes de la Federaci\u00f3n recibieron al Presidente Alberto Fern\u00e1ndez y al ex Presidente del Estado Plurinacional de Bolivia, Evo Morales. Si bien Alberto Fern\u00e1ndez ya hab\u00eda visitado la sede gremial, su reconocimiento al complejo motiv\u00f3 la oportunidad de resaltar el valor de la Paritaria Municipal Ley 9286.&nbsp;<br><\/p>\n\n\n\n<figure class=\"wp-block-image size-large\"><img loading=\"lazy\" decoding=\"async\" width=\"1024\" height=\"683\" src=\"https:\/\/municipales.org.ar\/festram\/wp-content\/uploads\/2022\/11\/IMG_2126-1024x683.jpg\" alt=\"\" class=\"wp-image-16153\" srcset=\"https:\/\/municipales.org.ar\/festram\/wp-content\/uploads\/2022\/11\/IMG_2126-1024x683.jpg 1024w, https:\/\/municipales.org.ar\/festram\/wp-content\/uploads\/2022\/11\/IMG_2126-300x200.jpg 300w, https:\/\/municipales.org.ar\/festram\/wp-content\/uploads\/2022\/11\/IMG_2126-768x512.jpg 768w, https:\/\/municipales.org.ar\/festram\/wp-content\/uploads\/2022\/11\/IMG_2126-1536x1024.jpg 1536w, https:\/\/municipales.org.ar\/festram\/wp-content\/uploads\/2022\/11\/IMG_2126-2048x1366.jpg 2048w\" sizes=\"auto, (max-width: 1024px) 100vw, 1024px\" \/><\/figure>\n\n\n\n<p><br>Luego de las conversaciones con el Presidente y de los comentarios realizados por el Ministro Sergio Massa sobre los bajos salarios que perciben los Municipales de Argentina, FESTRAM consider\u00f3 necesario aportar una propuesta que est\u00e1 basada en el modelo de Negociaci\u00f3n Colectiva que se lleva adelante en la Provincia de Santa Fe.&nbsp;<\/p>\n\n\n\n<p>Por lo expuesto, tras el desarrollo del \u201cXXII Seminario para el an\u00e1lisis de la de nueva estrategia sindical para el a\u00f1o 2023\u201d -al que supo asistir el ex presidente N\u00e9stor Kirchner- se elevar\u00e1 la propuesta de Paritaria Nacional Municipal, con similares caracter\u00edsticas a la Paritaria Nacional Docente establecida en la gesti\u00f3n del propio N\u00e9stor Kirchner.<br><\/p>\n\n\n\n<h6 class=\"wp-block-heading\">Prensa FESTRAM<\/h6>\n","protected":false},"excerpt":{"rendered":"<p>Tras el encuentro con Alberto Fern\u00e1ndez el gremio propondr\u00e1 una Paritaria Nacional<\/p>\n","protected":false},"author":1,"featured_media":16154,"comment_status":"closed","ping_status":"closed","sticky":false,"template":"","format":"standard","meta":{"_jetpack_memberships_contains_paid_content":false,"footnotes":"","jetpack_publicize_message":"","jetpack_publicize_feature_enabled":true,"jetpack_social_post_already_shared":true,"jetpack_social_options":{"image_generator_settings":{"template":"highway","default_image_id":0,"font":"","enabled":false},"version":2}},"categories":[241],"tags":[70,109,41,69],"class_list":["post-16152","post","type-post","status-publish","format-standard","has-post-thumbnail","hentry","category-comunicados-2022","tag-el-pais","tag-la-provincia","tag-paritaria","tag-politica-salarial"],"yoast_head":"<!-- This site is optimized with the Yoast SEO plugin v25.9 - https:\/\/yoast.com\/wordpress\/plugins\/seo\/ -->\n<title>FESTRAM recibi\u00f3 la visita del Presidente de la Naci\u00f3n junto a Evo Morales &#8211; FESTRAM<\/title>\n<meta name=\"description\" content=\"Tras el encuentro con Alberto Fern\u00e1ndez el gremio propondr\u00e1 una Paritaria Nacional\" \/>\n<meta name=\"robots\" content=\"index, follow, max-snippet:-1, max-image-preview:large, max-video-preview:-1\" \/>\n<link rel=\"canonical\" href=\"https:\/\/municipales.org.ar\/festram\/festram-recibio-la-visita-del-presidente-de-la-nacion-junto-a-evo-morales\/\" \/>\n<meta property=\"og:locale\" content=\"es_ES\" \/>\n<meta property=\"og:type\" content=\"article\" \/>\n<meta property=\"og:title\" content=\"FESTRAM recibi\u00f3 la visita del Presidente de la Naci\u00f3n junto a Evo Morales &#8211; FESTRAM\" \/>\n<meta property=\"og:description\" content=\"Tras el encuentro con Alberto Fern\u00e1ndez el gremio propondr\u00e1 una Paritaria Nacional\" \/>\n<meta property=\"og:url\" content=\"https:\/\/municipales.org.ar\/festram\/festram-recibio-la-visita-del-presidente-de-la-nacion-junto-a-evo-morales\/\" \/>\n<meta property=\"og:site_name\" content=\"FESTRAM\" \/>\n<meta property=\"article:publisher\" content=\"https:\/\/www.facebook.com\/MunicipalesSF\" \/>\n<meta property=\"article:published_time\" content=\"2022-11-22T22:54:16+00:00\" \/>\n<meta property=\"article:modified_time\" content=\"2022-12-20T02:03:01+00:00\" \/>\n<meta property=\"og:image\" content=\"https:\/\/municipales.org.ar\/festram\/wp-content\/uploads\/2022\/11\/IMG_2122.jpg\" \/>\n\t<meta property=\"og:image:width\" content=\"2500\" \/>\n\t<meta property=\"og:image:height\" content=\"1667\" \/>\n\t<meta property=\"og:image:type\" content=\"image\/jpeg\" \/>\n<meta name=\"author\" content=\"mun_admin\" \/>\n<meta name=\"twitter:card\" content=\"summary_large_image\" \/>\n<meta name=\"twitter:creator\" content=\"@MunicipalesSF\" \/>\n<meta name=\"twitter:site\" content=\"@MunicipalesSF\" \/>\n<meta name=\"twitter:label1\" content=\"Escrito por\" \/>\n\t<meta name=\"twitter:data1\" content=\"mun_admin\" \/>\n\t<meta name=\"twitter:label2\" content=\"Tiempo de lectura\" \/>\n\t<meta name=\"twitter:data2\" content=\"2 minutos\" \/>\n<script type=\"application\/ld+json\" class=\"yoast-schema-graph\">{\"@context\":\"https:\/\/schema.org\",\"@graph\":[{\"@type\":\"Article\",\"@id\":\"https:\/\/municipales.org.ar\/festram\/festram-recibio-la-visita-del-presidente-de-la-nacion-junto-a-evo-morales\/#article\",\"isPartOf\":{\"@id\":\"https:\/\/municipales.org.ar\/festram\/festram-recibio-la-visita-del-presidente-de-la-nacion-junto-a-evo-morales\/\"},\"author\":{\"name\":\"mun_admin\",\"@id\":\"https:\/\/municipales.org.ar\/festram\/#\/schema\/person\/49096a774c48ce9063df4d59ec059f9e\"},\"headline\":\"FESTRAM recibi\u00f3 la visita del Presidente de la Naci\u00f3n junto a Evo Morales\",\"datePublished\":\"2022-11-22T22:54:16+00:00\",\"dateModified\":\"2022-12-20T02:03:01+00:00\",\"mainEntityOfPage\":{\"@id\":\"https:\/\/municipales.org.ar\/festram\/festram-recibio-la-visita-del-presidente-de-la-nacion-junto-a-evo-morales\/\"},\"wordCount\":221,\"publisher\":{\"@id\":\"https:\/\/municipales.org.ar\/festram\/#organization\"},\"image\":{\"@id\":\"https:\/\/municipales.org.ar\/festram\/festram-recibio-la-visita-del-presidente-de-la-nacion-junto-a-evo-morales\/#primaryimage\"},\"thumbnailUrl\":\"https:\/\/municipales.org.ar\/festram\/wp-content\/uploads\/2022\/11\/IMG_2122.jpg\",\"keywords\":[\"el pa\u00eds\",\"la provincia\",\"paritaria\",\"pol\u00edtica salarial\"],\"articleSection\":[\"Comunicados 2022\"],\"inLanguage\":\"es\"},{\"@type\":\"WebPage\",\"@id\":\"https:\/\/municipales.org.ar\/festram\/festram-recibio-la-visita-del-presidente-de-la-nacion-junto-a-evo-morales\/\",\"url\":\"https:\/\/municipales.org.ar\/festram\/festram-recibio-la-visita-del-presidente-de-la-nacion-junto-a-evo-morales\/\",\"name\":\"FESTRAM recibi\u00f3 la visita del Presidente de la Naci\u00f3n junto a Evo Morales &#8211; FESTRAM\",\"isPartOf\":{\"@id\":\"https:\/\/municipales.org.ar\/festram\/#website\"},\"primaryImageOfPage\":{\"@id\":\"https:\/\/municipales.org.ar\/festram\/festram-recibio-la-visita-del-presidente-de-la-nacion-junto-a-evo-morales\/#primaryimage\"},\"image\":{\"@id\":\"https:\/\/municipales.org.ar\/festram\/festram-recibio-la-visita-del-presidente-de-la-nacion-junto-a-evo-morales\/#primaryimage\"},\"thumbnailUrl\":\"https:\/\/municipales.org.ar\/festram\/wp-content\/uploads\/2022\/11\/IMG_2122.jpg\",\"datePublished\":\"2022-11-22T22:54:16+00:00\",\"dateModified\":\"2022-12-20T02:03:01+00:00\",\"description\":\"Tras el encuentro con Alberto Fern\u00e1ndez el gremio propondr\u00e1 una Paritaria Nacional\",\"breadcrumb\":{\"@id\":\"https:\/\/municipales.org.ar\/festram\/festram-recibio-la-visita-del-presidente-de-la-nacion-junto-a-evo-morales\/#breadcrumb\"},\"inLanguage\":\"es\",\"potentialAction\":[{\"@type\":\"ReadAction\",\"target\":[\"https:\/\/municipales.org.ar\/festram\/festram-recibio-la-visita-del-presidente-de-la-nacion-junto-a-evo-morales\/\"]}]},{\"@type\":\"ImageObject\",\"inLanguage\":\"es\",\"@id\":\"https:\/\/municipales.org.ar\/festram\/festram-recibio-la-visita-del-presidente-de-la-nacion-junto-a-evo-morales\/#primaryimage\",\"url\":\"https:\/\/municipales.org.ar\/festram\/wp-content\/uploads\/2022\/11\/IMG_2122.jpg\",\"contentUrl\":\"https:\/\/municipales.org.ar\/festram\/wp-content\/uploads\/2022\/11\/IMG_2122.jpg\",\"width\":2500,\"height\":1667},{\"@type\":\"BreadcrumbList\",\"@id\":\"https:\/\/municipales.org.ar\/festram\/festram-recibio-la-visita-del-presidente-de-la-nacion-junto-a-evo-morales\/#breadcrumb\",\"itemListElement\":[{\"@type\":\"ListItem\",\"position\":1,\"name\":\"Portada\",\"item\":\"https:\/\/municipales.org.ar\/festram\/\"},{\"@type\":\"ListItem\",\"position\":2,\"name\":\"FESTRAM recibi\u00f3 la visita del Presidente de la Naci\u00f3n junto a Evo Morales\"}]},{\"@type\":\"WebSite\",\"@id\":\"https:\/\/municipales.org.ar\/festram\/#website\",\"url\":\"https:\/\/municipales.org.ar\/festram\/\",\"name\":\"FESTRAM\",\"description\":\"La web de los trabajadores municipales\",\"publisher\":{\"@id\":\"https:\/\/municipales.org.ar\/festram\/#organization\"},\"potentialAction\":[{\"@type\":\"SearchAction\",\"target\":{\"@type\":\"EntryPoint\",\"urlTemplate\":\"https:\/\/municipales.org.ar\/festram\/?s={search_term_string}\"},\"query-input\":{\"@type\":\"PropertyValueSpecification\",\"valueRequired\":true,\"valueName\":\"search_term_string\"}}],\"inLanguage\":\"es\"},{\"@type\":\"Organization\",\"@id\":\"https:\/\/municipales.org.ar\/festram\/#organization\",\"name\":\"Federaci\u00f3n de Sindicatos de Trabajadores Municipales de la Provincia de Santa Fe\",\"url\":\"https:\/\/municipales.org.ar\/festram\/\",\"logo\":{\"@type\":\"ImageObject\",\"inLanguage\":\"es\",\"@id\":\"https:\/\/municipales.org.ar\/festram\/#\/schema\/logo\/image\/\",\"url\":\"https:\/\/www.municipales.org.ar\/festram\/wp-content\/uploads\/2014\/07\/logo_fes.jpg\",\"contentUrl\":\"https:\/\/www.municipales.org.ar\/festram\/wp-content\/uploads\/2014\/07\/logo_fes.jpg\",\"width\":661,\"height\":673,\"caption\":\"Federaci\u00f3n de Sindicatos de Trabajadores Municipales de la Provincia de Santa Fe\"},\"image\":{\"@id\":\"https:\/\/municipales.org.ar\/festram\/#\/schema\/logo\/image\/\"},\"sameAs\":[\"https:\/\/www.facebook.com\/MunicipalesSF\",\"https:\/\/x.com\/MunicipalesSF\",\"https:\/\/www.youtube.com\/user\/festram\"]},{\"@type\":\"Person\",\"@id\":\"https:\/\/municipales.org.ar\/festram\/#\/schema\/person\/49096a774c48ce9063df4d59ec059f9e\",\"name\":\"mun_admin\"}]}<\/script>\n<!-- \/ Yoast SEO plugin. -->","yoast_head_json":{"title":"FESTRAM recibi\u00f3 la visita del Presidente de la Naci\u00f3n junto a Evo Morales &#8211; FESTRAM","description":"Tras el encuentro con Alberto Fern\u00e1ndez el gremio propondr\u00e1 una Paritaria Nacional","robots":{"index":"index","follow":"follow","max-snippet":"max-snippet:-1","max-image-preview":"max-image-preview:large","max-video-preview":"max-video-preview:-1"},"canonical":"https:\/\/municipales.org.ar\/festram\/festram-recibio-la-visita-del-presidente-de-la-nacion-junto-a-evo-morales\/","og_locale":"es_ES","og_type":"article","og_title":"FESTRAM recibi\u00f3 la visita del Presidente de la Naci\u00f3n junto a Evo Morales &#8211; FESTRAM","og_description":"Tras el encuentro con Alberto Fern\u00e1ndez el gremio propondr\u00e1 una Paritaria Nacional","og_url":"https:\/\/municipales.org.ar\/festram\/festram-recibio-la-visita-del-presidente-de-la-nacion-junto-a-evo-morales\/","og_site_name":"FESTRAM","article_publisher":"https:\/\/www.facebook.com\/MunicipalesSF","article_published_time":"2022-11-22T22:54:16+00:00","article_modified_time":"2022-12-20T02:03:01+00:00","og_image":[{"width":2500,"height":1667,"url":"https:\/\/municipales.org.ar\/festram\/wp-content\/uploads\/2022\/11\/IMG_2122.jpg","type":"image\/jpeg"}],"author":"mun_admin","twitter_card":"summary_large_image","twitter_creator":"@MunicipalesSF","twitter_site":"@MunicipalesSF","twitter_misc":{"Escrito por":"mun_admin","Tiempo de lectura":"2 minutos"},"schema":{"@context":"https:\/\/schema.org","@graph":[{"@type":"Article","@id":"https:\/\/municipales.org.ar\/festram\/festram-recibio-la-visita-del-presidente-de-la-nacion-junto-a-evo-morales\/#article","isPartOf":{"@id":"https:\/\/municipales.org.ar\/festram\/festram-recibio-la-visita-del-presidente-de-la-nacion-junto-a-evo-morales\/"},"author":{"name":"mun_admin","@id":"https:\/\/municipales.org.ar\/festram\/#\/schema\/person\/49096a774c48ce9063df4d59ec059f9e"},"headline":"FESTRAM recibi\u00f3 la visita del Presidente de la Naci\u00f3n junto a Evo Morales","datePublished":"2022-11-22T22:54:16+00:00","dateModified":"2022-12-20T02:03:01+00:00","mainEntityOfPage":{"@id":"https:\/\/municipales.org.ar\/festram\/festram-recibio-la-visita-del-presidente-de-la-nacion-junto-a-evo-morales\/"},"wordCount":221,"publisher":{"@id":"https:\/\/municipales.org.ar\/festram\/#organization"},"image":{"@id":"https:\/\/municipales.org.ar\/festram\/festram-recibio-la-visita-del-presidente-de-la-nacion-junto-a-evo-morales\/#primaryimage"},"thumbnailUrl":"https:\/\/municipales.org.ar\/festram\/wp-content\/uploads\/2022\/11\/IMG_2122.jpg","keywords":["el pa\u00eds","la provincia","paritaria","pol\u00edtica salarial"],"articleSection":["Comunicados 2022"],"inLanguage":"es"},{"@type":"WebPage","@id":"https:\/\/municipales.org.ar\/festram\/festram-recibio-la-visita-del-presidente-de-la-nacion-junto-a-evo-morales\/","url":"https:\/\/municipales.org.ar\/festram\/festram-recibio-la-visita-del-presidente-de-la-nacion-junto-a-evo-morales\/","name":"FESTRAM recibi\u00f3 la visita del Presidente de la Naci\u00f3n junto a Evo Morales &#8211; FESTRAM","isPartOf":{"@id":"https:\/\/municipales.org.ar\/festram\/#website"},"primaryImageOfPage":{"@id":"https:\/\/municipales.org.ar\/festram\/festram-recibio-la-visita-del-presidente-de-la-nacion-junto-a-evo-morales\/#primaryimage"},"image":{"@id":"https:\/\/municipales.org.ar\/festram\/festram-recibio-la-visita-del-presidente-de-la-nacion-junto-a-evo-morales\/#primaryimage"},"thumbnailUrl":"https:\/\/municipales.org.ar\/festram\/wp-content\/uploads\/2022\/11\/IMG_2122.jpg","datePublished":"2022-11-22T22:54:16+00:00","dateModified":"2022-12-20T02:03:01+00:00","description":"Tras el encuentro con Alberto Fern\u00e1ndez el gremio propondr\u00e1 una Paritaria Nacional","breadcrumb":{"@id":"https:\/\/municipales.org.ar\/festram\/festram-recibio-la-visita-del-presidente-de-la-nacion-junto-a-evo-morales\/#breadcrumb"},"inLanguage":"es","potentialAction":[{"@type":"ReadAction","target":["https:\/\/municipales.org.ar\/festram\/festram-recibio-la-visita-del-presidente-de-la-nacion-junto-a-evo-morales\/"]}]},{"@type":"ImageObject","inLanguage":"es","@id":"https:\/\/municipales.org.ar\/festram\/festram-recibio-la-visita-del-presidente-de-la-nacion-junto-a-evo-morales\/#primaryimage","url":"https:\/\/municipales.org.ar\/festram\/wp-content\/uploads\/2022\/11\/IMG_2122.jpg","contentUrl":"https:\/\/municipales.org.ar\/festram\/wp-content\/uploads\/2022\/11\/IMG_2122.jpg","width":2500,"height":1667},{"@type":"BreadcrumbList","@id":"https:\/\/municipales.org.ar\/festram\/festram-recibio-la-visita-del-presidente-de-la-nacion-junto-a-evo-morales\/#breadcrumb","itemListElement":[{"@type":"ListItem","position":1,"name":"Portada","item":"https:\/\/municipales.org.ar\/festram\/"},{"@type":"ListItem","position":2,"name":"FESTRAM recibi\u00f3 la visita del Presidente de la Naci\u00f3n junto a Evo Morales"}]},{"@type":"WebSite","@id":"https:\/\/municipales.org.ar\/festram\/#website","url":"https:\/\/municipales.org.ar\/festram\/","name":"FESTRAM","description":"La web de los trabajadores municipales","publisher":{"@id":"https:\/\/municipales.org.ar\/festram\/#organization"},"potentialAction":[{"@type":"SearchAction","target":{"@type":"EntryPoint","urlTemplate":"https:\/\/municipales.org.ar\/festram\/?s={search_term_string}"},"query-input":{"@type":"PropertyValueSpecification","valueRequired":true,"valueName":"search_term_string"}}],"inLanguage":"es"},{"@type":"Organization","@id":"https:\/\/municipales.org.ar\/festram\/#organization","name":"Federaci\u00f3n de Sindicatos de Trabajadores Municipales de la Provincia de Santa Fe","url":"https:\/\/municipales.org.ar\/festram\/","logo":{"@type":"ImageObject","inLanguage":"es","@id":"https:\/\/municipales.org.ar\/festram\/#\/schema\/logo\/image\/","url":"https:\/\/www.municipales.org.ar\/festram\/wp-content\/uploads\/2014\/07\/logo_fes.jpg","contentUrl":"https:\/\/www.municipales.org.ar\/festram\/wp-content\/uploads\/2014\/07\/logo_fes.jpg","width":661,"height":673,"caption":"Federaci\u00f3n de Sindicatos de Trabajadores Municipales de la Provincia de Santa Fe"},"image":{"@id":"https:\/\/municipales.org.ar\/festram\/#\/schema\/logo\/image\/"},"sameAs":["https:\/\/www.facebook.com\/MunicipalesSF","https:\/\/x.com\/MunicipalesSF","https:\/\/www.youtube.com\/user\/festram"]},{"@type":"Person","@id":"https:\/\/municipales.org.ar\/festram\/#\/schema\/person\/49096a774c48ce9063df4d59ec059f9e","name":"mun_admin"}]}},"jetpack_publicize_connections":[],"jetpack_featured_media_url":"https:\/\/municipales.org.ar\/festram\/wp-content\/uploads\/2022\/11\/IMG_2122.jpg","jetpack_sharing_enabled":true,"jetpack_likes_enabled":false,"jetpack_shortlink":"https:\/\/wp.me\/p7l4x1-4cw","_links":{"self":[{"href":"https:\/\/municipales.org.ar\/festram\/wp-json\/wp\/v2\/posts\/16152","targetHints":{"allow":["GET"]}}],"collection":[{"href":"https:\/\/municipales.org.ar\/festram\/wp-json\/wp\/v2\/posts"}],"about":[{"href":"https:\/\/municipales.org.ar\/festram\/wp-json\/wp\/v2\/types\/post"}],"author":[{"embeddable":true,"href":"https:\/\/municipales.org.ar\/festram\/wp-json\/wp\/v2\/users\/1"}],"replies":[{"embeddable":true,"href":"https:\/\/municipales.org.ar\/festram\/wp-json\/wp\/v2\/comments?post=16152"}],"version-history":[{"count":2,"href":"https:\/\/municipales.org.ar\/festram\/wp-json\/wp\/v2\/posts\/16152\/revisions"}],"predecessor-version":[{"id":16242,"href":"https:\/\/municipales.org.ar\/festram\/wp-json\/wp\/v2\/posts\/16152\/revisions\/16242"}],"wp:featuredmedia":[{"embeddable":true,"href":"https:\/\/municipales.org.ar\/festram\/wp-json\/wp\/v2\/media\/16154"}],"wp:attachment":[{"href":"https:\/\/municipales.org.ar\/festram\/wp-json\/wp\/v2\/media?parent=16152"}],"wp:term":[{"taxonomy":"category","embeddable":true,"href":"https:\/\/municipales.org.ar\/festram\/wp-json\/wp\/v2\/categories?post=16152"},{"taxonomy":"post_tag","embeddable":true,"href":"https:\/\/municipales.org.ar\/festram\/wp-json\/wp\/v2\/tags?post=16152"}],"curies":[{"name":"wp","href":"https:\/\/api.w.org\/{rel}","templated":true}]}}