{"id":16294,"date":"2023-03-15T17:11:36","date_gmt":"2023-03-15T20:11:36","guid":{"rendered":"https:\/\/municipales.org.ar\/festram\/?p=16294"},"modified":"2023-05-21T18:36:33","modified_gmt":"2023-05-21T21:36:33","slug":"festram-denunciara-penalmente-a-la-municipalidad-de-santa-fe-en-una-investigacion-que-involucra-a-sus-maximas-autoridades","status":"publish","type":"post","link":"https:\/\/municipales.org.ar\/festram\/festram-denunciara-penalmente-a-la-municipalidad-de-santa-fe-en-una-investigacion-que-involucra-a-sus-maximas-autoridades\/","title":{"rendered":"FESTRAM denunciar\u00e1 penalmente a la Municipalidad de Santa Fe en una investigaci\u00f3n que involucra a sus m\u00e1ximas autoridades"},"content":{"rendered":"\n<p><\/p>\n\n\n\n<h2 class=\"wp-block-heading\"><strong>Se desconoci\u00f3 y viol\u00f3 un compromiso institucional entre la Municipalidad de Santa Fe y FESTRAM<\/strong><br><br><\/h2>\n\n\n\n<p>Mediante una operatoria de las mismas caracter\u00edsticas a la que termin\u00f3 con dirigentes de ASOEM imputados por estafa y obligados a devolver fondos a FESTRAM, la Municipalidad de Santa Fe -mediante un procedimiento plagado de irregularidades- deposit\u00f3 judicialmente fondos que son propiedad de FESTRAM, con clara intenci\u00f3n de desfinanciar y afectar la capacidad negociadora en materia salarial de esta Entidad para los m\u00e1s de 45.000 trabajadores en toda la Provincia de Santa Fe.<\/p>\n\n\n\n<p>Antes de denunciar penalmente al ex Intendente Jos\u00e9 Corral, la Municipalidad firm\u00f3 un acuerdo con FESTRAM para transferir la cuota sindical, hasta tanto ASOEM demuestre, con la aprobaci\u00f3n del Ministerio de Trabajo, la supuesta desafiliaci\u00f3n. Cabe recordar que la Asamblea de ASOEM fue rechazada por la cartera laboral quien dej\u00f3 firme la obligaci\u00f3n de pago a FESTRAM.<\/p>\n\n\n\n<p>La Asamblea que tuvo lugar en la sede gremial de ASOEM cont\u00f3 en su interior con el Cuerpo de Infanter\u00eda de la Polic\u00eda Provincial, y de igual manera ocurri\u00f3 en una segunda asamblea, que se efectu\u00f3 sin la presencia del Ministerio de Trabajo de la Naci\u00f3n.&nbsp;<\/p>\n\n\n\n<p>Lo cierto es que los dirigentes que fueron oportunamente imputados por estafas, sin aprobaci\u00f3n de Asamblea ni certificado de autoridades y mucho menos con autorizaci\u00f3n para efectuar descuentos por planillas de parte de ASOEM, han puesto a la m\u00e1xima autoridad del Municipio Santafesino en varios incumplimientos a sus deberes de funcionario p\u00fablico, hechos por los que ser\u00e1n denunciados penalmente por FESTRAM, ante el grave da\u00f1o ocasionado a la \u00fanica entidad con capacidad legal de discutir salarios.<\/p>\n\n\n\n<h6 class=\"wp-block-heading\">Prensa FESTRAM<\/h6>\n","protected":false},"excerpt":{"rendered":"<p>Se desconoci\u00f3 y viol\u00f3 un compromiso institucional entre la Municipalidad de Santa Fe y FESTRAM<\/p>\n","protected":false},"author":1,"featured_media":16297,"comment_status":"closed","ping_status":"closed","sticky":false,"template":"","format":"standard","meta":{"_jetpack_memberships_contains_paid_content":false,"footnotes":"","jetpack_publicize_message":"","jetpack_publicize_feature_enabled":true,"jetpack_social_post_already_shared":true,"jetpack_social_options":{"image_generator_settings":{"template":"highway","default_image_id":0,"font":"","enabled":false},"version":2}},"categories":[247,57],"tags":[155,67],"class_list":["post-16294","post","type-post","status-publish","format-standard","has-post-thumbnail","hentry","category-comunicados-2023","category-sindicatos-noticias","tag-santa-fe","tag-sindicatos-afiliados"],"yoast_head":"<!-- This site is optimized with the Yoast SEO plugin v25.9 - https:\/\/yoast.com\/wordpress\/plugins\/seo\/ -->\n<title>FESTRAM denunciar\u00e1 penalmente a la Municipalidad de Santa Fe en una investigaci\u00f3n que involucra a sus m\u00e1ximas autoridades &#8211; FESTRAM<\/title>\n<meta name=\"description\" content=\"Se desconoci\u00f3 y viol\u00f3 un compromiso institucional entre la Municipalidad de Santa Fe y FESTRAM\" \/>\n<meta name=\"robots\" content=\"index, follow, max-snippet:-1, max-image-preview:large, max-video-preview:-1\" \/>\n<link rel=\"canonical\" href=\"https:\/\/municipales.org.ar\/festram\/festram-denunciara-penalmente-a-la-municipalidad-de-santa-fe-en-una-investigacion-que-involucra-a-sus-maximas-autoridades\/\" \/>\n<meta property=\"og:locale\" content=\"es_ES\" \/>\n<meta property=\"og:type\" content=\"article\" \/>\n<meta property=\"og:title\" content=\"FESTRAM denunciar\u00e1 penalmente a la Municipalidad de Santa Fe en una investigaci\u00f3n que involucra a sus m\u00e1ximas autoridades &#8211; FESTRAM\" \/>\n<meta property=\"og:description\" content=\"Se desconoci\u00f3 y viol\u00f3 un compromiso institucional entre la Municipalidad de Santa Fe y FESTRAM\" \/>\n<meta property=\"og:url\" content=\"https:\/\/municipales.org.ar\/festram\/festram-denunciara-penalmente-a-la-municipalidad-de-santa-fe-en-una-investigacion-que-involucra-a-sus-maximas-autoridades\/\" \/>\n<meta property=\"og:site_name\" content=\"FESTRAM\" \/>\n<meta property=\"article:publisher\" content=\"https:\/\/www.facebook.com\/MunicipalesSF\" \/>\n<meta property=\"article:published_time\" content=\"2023-03-15T20:11:36+00:00\" \/>\n<meta property=\"article:modified_time\" content=\"2023-05-21T21:36:33+00:00\" \/>\n<meta property=\"og:image\" content=\"https:\/\/municipales.org.ar\/festram\/wp-content\/uploads\/2023\/03\/jaton.jpeg\" \/>\n\t<meta property=\"og:image:width\" content=\"1280\" \/>\n\t<meta property=\"og:image:height\" content=\"853\" \/>\n\t<meta property=\"og:image:type\" content=\"image\/jpeg\" \/>\n<meta name=\"author\" content=\"mun_admin\" \/>\n<meta name=\"twitter:card\" content=\"summary_large_image\" \/>\n<meta name=\"twitter:creator\" content=\"@MunicipalesSF\" \/>\n<meta name=\"twitter:site\" content=\"@MunicipalesSF\" \/>\n<meta name=\"twitter:label1\" content=\"Escrito por\" \/>\n\t<meta name=\"twitter:data1\" content=\"mun_admin\" \/>\n\t<meta name=\"twitter:label2\" content=\"Tiempo de lectura\" \/>\n\t<meta name=\"twitter:data2\" content=\"2 minutos\" \/>\n<script type=\"application\/ld+json\" class=\"yoast-schema-graph\">{\"@context\":\"https:\/\/schema.org\",\"@graph\":[{\"@type\":\"Article\",\"@id\":\"https:\/\/municipales.org.ar\/festram\/festram-denunciara-penalmente-a-la-municipalidad-de-santa-fe-en-una-investigacion-que-involucra-a-sus-maximas-autoridades\/#article\",\"isPartOf\":{\"@id\":\"https:\/\/municipales.org.ar\/festram\/festram-denunciara-penalmente-a-la-municipalidad-de-santa-fe-en-una-investigacion-que-involucra-a-sus-maximas-autoridades\/\"},\"author\":{\"name\":\"mun_admin\",\"@id\":\"https:\/\/municipales.org.ar\/festram\/#\/schema\/person\/49096a774c48ce9063df4d59ec059f9e\"},\"headline\":\"FESTRAM denunciar\u00e1 penalmente a la Municipalidad de Santa Fe en una investigaci\u00f3n que involucra a sus m\u00e1ximas autoridades\",\"datePublished\":\"2023-03-15T20:11:36+00:00\",\"dateModified\":\"2023-05-21T21:36:33+00:00\",\"mainEntityOfPage\":{\"@id\":\"https:\/\/municipales.org.ar\/festram\/festram-denunciara-penalmente-a-la-municipalidad-de-santa-fe-en-una-investigacion-que-involucra-a-sus-maximas-autoridades\/\"},\"wordCount\":304,\"publisher\":{\"@id\":\"https:\/\/municipales.org.ar\/festram\/#organization\"},\"image\":{\"@id\":\"https:\/\/municipales.org.ar\/festram\/festram-denunciara-penalmente-a-la-municipalidad-de-santa-fe-en-una-investigacion-que-involucra-a-sus-maximas-autoridades\/#primaryimage\"},\"thumbnailUrl\":\"https:\/\/municipales.org.ar\/festram\/wp-content\/uploads\/2023\/03\/jaton.jpeg\",\"keywords\":[\"santa fe\",\"sindicatos afiliados\"],\"articleSection\":[\"Comunicados 2023\",\"Sindicatos Noticias\"],\"inLanguage\":\"es\"},{\"@type\":\"WebPage\",\"@id\":\"https:\/\/municipales.org.ar\/festram\/festram-denunciara-penalmente-a-la-municipalidad-de-santa-fe-en-una-investigacion-que-involucra-a-sus-maximas-autoridades\/\",\"url\":\"https:\/\/municipales.org.ar\/festram\/festram-denunciara-penalmente-a-la-municipalidad-de-santa-fe-en-una-investigacion-que-involucra-a-sus-maximas-autoridades\/\",\"name\":\"FESTRAM denunciar\u00e1 penalmente a la Municipalidad de Santa Fe en una investigaci\u00f3n que involucra a sus m\u00e1ximas autoridades &#8211; FESTRAM\",\"isPartOf\":{\"@id\":\"https:\/\/municipales.org.ar\/festram\/#website\"},\"primaryImageOfPage\":{\"@id\":\"https:\/\/municipales.org.ar\/festram\/festram-denunciara-penalmente-a-la-municipalidad-de-santa-fe-en-una-investigacion-que-involucra-a-sus-maximas-autoridades\/#primaryimage\"},\"image\":{\"@id\":\"https:\/\/municipales.org.ar\/festram\/festram-denunciara-penalmente-a-la-municipalidad-de-santa-fe-en-una-investigacion-que-involucra-a-sus-maximas-autoridades\/#primaryimage\"},\"thumbnailUrl\":\"https:\/\/municipales.org.ar\/festram\/wp-content\/uploads\/2023\/03\/jaton.jpeg\",\"datePublished\":\"2023-03-15T20:11:36+00:00\",\"dateModified\":\"2023-05-21T21:36:33+00:00\",\"description\":\"Se desconoci\u00f3 y viol\u00f3 un compromiso institucional entre la Municipalidad de Santa Fe y FESTRAM\",\"breadcrumb\":{\"@id\":\"https:\/\/municipales.org.ar\/festram\/festram-denunciara-penalmente-a-la-municipalidad-de-santa-fe-en-una-investigacion-que-involucra-a-sus-maximas-autoridades\/#breadcrumb\"},\"inLanguage\":\"es\",\"potentialAction\":[{\"@type\":\"ReadAction\",\"target\":[\"https:\/\/municipales.org.ar\/festram\/festram-denunciara-penalmente-a-la-municipalidad-de-santa-fe-en-una-investigacion-que-involucra-a-sus-maximas-autoridades\/\"]}]},{\"@type\":\"ImageObject\",\"inLanguage\":\"es\",\"@id\":\"https:\/\/municipales.org.ar\/festram\/festram-denunciara-penalmente-a-la-municipalidad-de-santa-fe-en-una-investigacion-que-involucra-a-sus-maximas-autoridades\/#primaryimage\",\"url\":\"https:\/\/municipales.org.ar\/festram\/wp-content\/uploads\/2023\/03\/jaton.jpeg\",\"contentUrl\":\"https:\/\/municipales.org.ar\/festram\/wp-content\/uploads\/2023\/03\/jaton.jpeg\",\"width\":1280,\"height\":853},{\"@type\":\"BreadcrumbList\",\"@id\":\"https:\/\/municipales.org.ar\/festram\/festram-denunciara-penalmente-a-la-municipalidad-de-santa-fe-en-una-investigacion-que-involucra-a-sus-maximas-autoridades\/#breadcrumb\",\"itemListElement\":[{\"@type\":\"ListItem\",\"position\":1,\"name\":\"Portada\",\"item\":\"https:\/\/municipales.org.ar\/festram\/\"},{\"@type\":\"ListItem\",\"position\":2,\"name\":\"FESTRAM denunciar\u00e1 penalmente a la Municipalidad de Santa Fe en una investigaci\u00f3n que involucra a sus m\u00e1ximas autoridades\"}]},{\"@type\":\"WebSite\",\"@id\":\"https:\/\/municipales.org.ar\/festram\/#website\",\"url\":\"https:\/\/municipales.org.ar\/festram\/\",\"name\":\"FESTRAM\",\"description\":\"La web de los trabajadores municipales\",\"publisher\":{\"@id\":\"https:\/\/municipales.org.ar\/festram\/#organization\"},\"potentialAction\":[{\"@type\":\"SearchAction\",\"target\":{\"@type\":\"EntryPoint\",\"urlTemplate\":\"https:\/\/municipales.org.ar\/festram\/?s={search_term_string}\"},\"query-input\":{\"@type\":\"PropertyValueSpecification\",\"valueRequired\":true,\"valueName\":\"search_term_string\"}}],\"inLanguage\":\"es\"},{\"@type\":\"Organization\",\"@id\":\"https:\/\/municipales.org.ar\/festram\/#organization\",\"name\":\"Federaci\u00f3n de Sindicatos de Trabajadores Municipales de la Provincia de Santa Fe\",\"url\":\"https:\/\/municipales.org.ar\/festram\/\",\"logo\":{\"@type\":\"ImageObject\",\"inLanguage\":\"es\",\"@id\":\"https:\/\/municipales.org.ar\/festram\/#\/schema\/logo\/image\/\",\"url\":\"https:\/\/www.municipales.org.ar\/festram\/wp-content\/uploads\/2014\/07\/logo_fes.jpg\",\"contentUrl\":\"https:\/\/www.municipales.org.ar\/festram\/wp-content\/uploads\/2014\/07\/logo_fes.jpg\",\"width\":661,\"height\":673,\"caption\":\"Federaci\u00f3n de Sindicatos de Trabajadores Municipales de la Provincia de Santa Fe\"},\"image\":{\"@id\":\"https:\/\/municipales.org.ar\/festram\/#\/schema\/logo\/image\/\"},\"sameAs\":[\"https:\/\/www.facebook.com\/MunicipalesSF\",\"https:\/\/x.com\/MunicipalesSF\",\"https:\/\/www.youtube.com\/user\/festram\"]},{\"@type\":\"Person\",\"@id\":\"https:\/\/municipales.org.ar\/festram\/#\/schema\/person\/49096a774c48ce9063df4d59ec059f9e\",\"name\":\"mun_admin\"}]}<\/script>\n<!-- \/ Yoast SEO plugin. -->","yoast_head_json":{"title":"FESTRAM denunciar\u00e1 penalmente a la Municipalidad de Santa Fe en una investigaci\u00f3n que involucra a sus m\u00e1ximas autoridades &#8211; FESTRAM","description":"Se desconoci\u00f3 y viol\u00f3 un compromiso institucional entre la Municipalidad de Santa Fe y FESTRAM","robots":{"index":"index","follow":"follow","max-snippet":"max-snippet:-1","max-image-preview":"max-image-preview:large","max-video-preview":"max-video-preview:-1"},"canonical":"https:\/\/municipales.org.ar\/festram\/festram-denunciara-penalmente-a-la-municipalidad-de-santa-fe-en-una-investigacion-que-involucra-a-sus-maximas-autoridades\/","og_locale":"es_ES","og_type":"article","og_title":"FESTRAM denunciar\u00e1 penalmente a la Municipalidad de Santa Fe en una investigaci\u00f3n que involucra a sus m\u00e1ximas autoridades &#8211; FESTRAM","og_description":"Se desconoci\u00f3 y viol\u00f3 un compromiso institucional entre la Municipalidad de Santa Fe y FESTRAM","og_url":"https:\/\/municipales.org.ar\/festram\/festram-denunciara-penalmente-a-la-municipalidad-de-santa-fe-en-una-investigacion-que-involucra-a-sus-maximas-autoridades\/","og_site_name":"FESTRAM","article_publisher":"https:\/\/www.facebook.com\/MunicipalesSF","article_published_time":"2023-03-15T20:11:36+00:00","article_modified_time":"2023-05-21T21:36:33+00:00","og_image":[{"width":1280,"height":853,"url":"https:\/\/municipales.org.ar\/festram\/wp-content\/uploads\/2023\/03\/jaton.jpeg","type":"image\/jpeg"}],"author":"mun_admin","twitter_card":"summary_large_image","twitter_creator":"@MunicipalesSF","twitter_site":"@MunicipalesSF","twitter_misc":{"Escrito por":"mun_admin","Tiempo de lectura":"2 minutos"},"schema":{"@context":"https:\/\/schema.org","@graph":[{"@type":"Article","@id":"https:\/\/municipales.org.ar\/festram\/festram-denunciara-penalmente-a-la-municipalidad-de-santa-fe-en-una-investigacion-que-involucra-a-sus-maximas-autoridades\/#article","isPartOf":{"@id":"https:\/\/municipales.org.ar\/festram\/festram-denunciara-penalmente-a-la-municipalidad-de-santa-fe-en-una-investigacion-que-involucra-a-sus-maximas-autoridades\/"},"author":{"name":"mun_admin","@id":"https:\/\/municipales.org.ar\/festram\/#\/schema\/person\/49096a774c48ce9063df4d59ec059f9e"},"headline":"FESTRAM denunciar\u00e1 penalmente a la Municipalidad de Santa Fe en una investigaci\u00f3n que involucra a sus m\u00e1ximas autoridades","datePublished":"2023-03-15T20:11:36+00:00","dateModified":"2023-05-21T21:36:33+00:00","mainEntityOfPage":{"@id":"https:\/\/municipales.org.ar\/festram\/festram-denunciara-penalmente-a-la-municipalidad-de-santa-fe-en-una-investigacion-que-involucra-a-sus-maximas-autoridades\/"},"wordCount":304,"publisher":{"@id":"https:\/\/municipales.org.ar\/festram\/#organization"},"image":{"@id":"https:\/\/municipales.org.ar\/festram\/festram-denunciara-penalmente-a-la-municipalidad-de-santa-fe-en-una-investigacion-que-involucra-a-sus-maximas-autoridades\/#primaryimage"},"thumbnailUrl":"https:\/\/municipales.org.ar\/festram\/wp-content\/uploads\/2023\/03\/jaton.jpeg","keywords":["santa fe","sindicatos afiliados"],"articleSection":["Comunicados 2023","Sindicatos Noticias"],"inLanguage":"es"},{"@type":"WebPage","@id":"https:\/\/municipales.org.ar\/festram\/festram-denunciara-penalmente-a-la-municipalidad-de-santa-fe-en-una-investigacion-que-involucra-a-sus-maximas-autoridades\/","url":"https:\/\/municipales.org.ar\/festram\/festram-denunciara-penalmente-a-la-municipalidad-de-santa-fe-en-una-investigacion-que-involucra-a-sus-maximas-autoridades\/","name":"FESTRAM denunciar\u00e1 penalmente a la Municipalidad de Santa Fe en una investigaci\u00f3n que involucra a sus m\u00e1ximas autoridades &#8211; FESTRAM","isPartOf":{"@id":"https:\/\/municipales.org.ar\/festram\/#website"},"primaryImageOfPage":{"@id":"https:\/\/municipales.org.ar\/festram\/festram-denunciara-penalmente-a-la-municipalidad-de-santa-fe-en-una-investigacion-que-involucra-a-sus-maximas-autoridades\/#primaryimage"},"image":{"@id":"https:\/\/municipales.org.ar\/festram\/festram-denunciara-penalmente-a-la-municipalidad-de-santa-fe-en-una-investigacion-que-involucra-a-sus-maximas-autoridades\/#primaryimage"},"thumbnailUrl":"https:\/\/municipales.org.ar\/festram\/wp-content\/uploads\/2023\/03\/jaton.jpeg","datePublished":"2023-03-15T20:11:36+00:00","dateModified":"2023-05-21T21:36:33+00:00","description":"Se desconoci\u00f3 y viol\u00f3 un compromiso institucional entre la Municipalidad de Santa Fe y FESTRAM","breadcrumb":{"@id":"https:\/\/municipales.org.ar\/festram\/festram-denunciara-penalmente-a-la-municipalidad-de-santa-fe-en-una-investigacion-que-involucra-a-sus-maximas-autoridades\/#breadcrumb"},"inLanguage":"es","potentialAction":[{"@type":"ReadAction","target":["https:\/\/municipales.org.ar\/festram\/festram-denunciara-penalmente-a-la-municipalidad-de-santa-fe-en-una-investigacion-que-involucra-a-sus-maximas-autoridades\/"]}]},{"@type":"ImageObject","inLanguage":"es","@id":"https:\/\/municipales.org.ar\/festram\/festram-denunciara-penalmente-a-la-municipalidad-de-santa-fe-en-una-investigacion-que-involucra-a-sus-maximas-autoridades\/#primaryimage","url":"https:\/\/municipales.org.ar\/festram\/wp-content\/uploads\/2023\/03\/jaton.jpeg","contentUrl":"https:\/\/municipales.org.ar\/festram\/wp-content\/uploads\/2023\/03\/jaton.jpeg","width":1280,"height":853},{"@type":"BreadcrumbList","@id":"https:\/\/municipales.org.ar\/festram\/festram-denunciara-penalmente-a-la-municipalidad-de-santa-fe-en-una-investigacion-que-involucra-a-sus-maximas-autoridades\/#breadcrumb","itemListElement":[{"@type":"ListItem","position":1,"name":"Portada","item":"https:\/\/municipales.org.ar\/festram\/"},{"@type":"ListItem","position":2,"name":"FESTRAM denunciar\u00e1 penalmente a la Municipalidad de Santa Fe en una investigaci\u00f3n que involucra a sus m\u00e1ximas autoridades"}]},{"@type":"WebSite","@id":"https:\/\/municipales.org.ar\/festram\/#website","url":"https:\/\/municipales.org.ar\/festram\/","name":"FESTRAM","description":"La web de los trabajadores municipales","publisher":{"@id":"https:\/\/municipales.org.ar\/festram\/#organization"},"potentialAction":[{"@type":"SearchAction","target":{"@type":"EntryPoint","urlTemplate":"https:\/\/municipales.org.ar\/festram\/?s={search_term_string}"},"query-input":{"@type":"PropertyValueSpecification","valueRequired":true,"valueName":"search_term_string"}}],"inLanguage":"es"},{"@type":"Organization","@id":"https:\/\/municipales.org.ar\/festram\/#organization","name":"Federaci\u00f3n de Sindicatos de Trabajadores Municipales de la Provincia de Santa Fe","url":"https:\/\/municipales.org.ar\/festram\/","logo":{"@type":"ImageObject","inLanguage":"es","@id":"https:\/\/municipales.org.ar\/festram\/#\/schema\/logo\/image\/","url":"https:\/\/www.municipales.org.ar\/festram\/wp-content\/uploads\/2014\/07\/logo_fes.jpg","contentUrl":"https:\/\/www.municipales.org.ar\/festram\/wp-content\/uploads\/2014\/07\/logo_fes.jpg","width":661,"height":673,"caption":"Federaci\u00f3n de Sindicatos de Trabajadores Municipales de la Provincia de Santa Fe"},"image":{"@id":"https:\/\/municipales.org.ar\/festram\/#\/schema\/logo\/image\/"},"sameAs":["https:\/\/www.facebook.com\/MunicipalesSF","https:\/\/x.com\/MunicipalesSF","https:\/\/www.youtube.com\/user\/festram"]},{"@type":"Person","@id":"https:\/\/municipales.org.ar\/festram\/#\/schema\/person\/49096a774c48ce9063df4d59ec059f9e","name":"mun_admin"}]}},"jetpack_publicize_connections":[],"jetpack_featured_media_url":"https:\/\/municipales.org.ar\/festram\/wp-content\/uploads\/2023\/03\/jaton.jpeg","jetpack_sharing_enabled":true,"jetpack_likes_enabled":false,"jetpack_shortlink":"https:\/\/wp.me\/p7l4x1-4eO","_links":{"self":[{"href":"https:\/\/municipales.org.ar\/festram\/wp-json\/wp\/v2\/posts\/16294","targetHints":{"allow":["GET"]}}],"collection":[{"href":"https:\/\/municipales.org.ar\/festram\/wp-json\/wp\/v2\/posts"}],"about":[{"href":"https:\/\/municipales.org.ar\/festram\/wp-json\/wp\/v2\/types\/post"}],"author":[{"embeddable":true,"href":"https:\/\/municipales.org.ar\/festram\/wp-json\/wp\/v2\/users\/1"}],"replies":[{"embeddable":true,"href":"https:\/\/municipales.org.ar\/festram\/wp-json\/wp\/v2\/comments?post=16294"}],"version-history":[{"count":2,"href":"https:\/\/municipales.org.ar\/festram\/wp-json\/wp\/v2\/posts\/16294\/revisions"}],"predecessor-version":[{"id":16449,"href":"https:\/\/municipales.org.ar\/festram\/wp-json\/wp\/v2\/posts\/16294\/revisions\/16449"}],"wp:featuredmedia":[{"embeddable":true,"href":"https:\/\/municipales.org.ar\/festram\/wp-json\/wp\/v2\/media\/16297"}],"wp:attachment":[{"href":"https:\/\/municipales.org.ar\/festram\/wp-json\/wp\/v2\/media?parent=16294"}],"wp:term":[{"taxonomy":"category","embeddable":true,"href":"https:\/\/municipales.org.ar\/festram\/wp-json\/wp\/v2\/categories?post=16294"},{"taxonomy":"post_tag","embeddable":true,"href":"https:\/\/municipales.org.ar\/festram\/wp-json\/wp\/v2\/tags?post=16294"}],"curies":[{"name":"wp","href":"https:\/\/api.w.org\/{rel}","templated":true}]}}