{"id":16300,"date":"2023-03-16T17:08:44","date_gmt":"2023-03-16T20:08:44","guid":{"rendered":"https:\/\/municipales.org.ar\/festram\/?p=16300"},"modified":"2023-04-03T11:28:04","modified_gmt":"2023-04-03T14:28:04","slug":"acuerdo-provincial-de-la-mesa-paritaria-municipal-segun-ley-9-996","status":"publish","type":"post","link":"https:\/\/municipales.org.ar\/festram\/acuerdo-provincial-de-la-mesa-paritaria-municipal-segun-ley-9-996\/","title":{"rendered":"Acuerdo Provincial de la Mesa Paritaria Municipal seg\u00fan Ley 9.996"},"content":{"rendered":"\n<p><\/p>\n\n\n\n<h2 class=\"wp-block-heading\"><strong>El incremento representa un 40% al mes de julio y un 36% ingresa en el aguinaldo.<\/strong><br><br><\/h2>\n\n\n\n<p>La Federaci\u00f3n de Sindicatos de Trabajadores Municipales y los representantes de Intendentes y Presidentes Comunales alcanzaron un acuerdo salarial\u00a0que se abonar\u00e1 sobre la pol\u00edtica salarial vigente en cada jurisdicci\u00f3n de la siguiente forma: 21% en el mes de Marzo, 4% en Abril, 5% en Mayo, 6% para el mes de Junio (logrando un 36% que ingresa en el aguinaldo) y 4% en Julio.<br><br><\/p>\n\n\n\n<div class=\"wp-block-buttons is-layout-flex wp-block-buttons-is-layout-flex\">\n<div class=\"wp-block-button alignleft has-custom-font-size has-small-font-size\"><a class=\"wp-block-button__link has-white-color has-vivid-cyan-blue-background-color has-text-color has-background wp-element-button\" href=\"https:\/\/municipales.org.ar\/festram\/acuerdo-paritario-marzo-2023-cuadro-de-asignaciones-y-acta\/\" target=\"_blank\" rel=\"noreferrer noopener\">VER CUADRO DE ASIGNACIONES POR CATEGORIAS, ACTA PARITARIA Y EXPLICATIVO<\/a><\/div>\n<\/div>\n\n\n\n<p><br><br><br>Este acuerdo alcanza\u00a0<strong>al personal activo (planta permanente, contratados, eventuales y\/u otra modalidad de contrataci\u00f3n) de todos los Municipios y Comunas de la Provincia de Santa Fe.<\/strong>\u00a0De la misma manera, el aumento pactado, eleva el Salario M\u00ednimo Garantizado de Bolsillo a la suma de $131.046 al mes de Marzo y a $151.623 al mes de Julio.\u00a0<strong>Como es sabido, los acuerdos paritarios fijan los valores m\u00ednimos de referencia en el orden provincial, lo que posibilita que muchos Sindicatos acuerden pol\u00edticas salariales superiores en el \u00e1mbito local.<\/strong><\/p>\n\n\n\n<p>El porcentaje de <strong>incremento&nbsp;salarial y los tramos y porcentuales establecidos se deber\u00e1n trasladar a los beneficiarios pasivos de todas las Cajas Municipales y la Caja de Jubilaciones y Pensiones de la Provincia de Santa Fe.<\/strong><\/p>\n\n\n\n<p><\/p>\n\n\n<p><iframe loading=\"lazy\" src=\"https:\/\/www.facebook.com\/plugins\/post.php?href=https%3A%2F%2Fwww.facebook.com%2FMunicipalesSF%2Fposts%2Fpfbid0jLpJX97MZvXGmhN8LrdQYbBuEa3o9J49JY96x2p6Z6xih1v2NaAUmhe8b9Y3xNYnl&amp;show_text=true&amp;width=500\" width=\"500\" height=\"690\" style=\"border:none;overflow:hidden\" scrolling=\"no\" frameborder=\"0\" allowfullscreen=\"true\" allow=\"autoplay; clipboard-write; encrypted-media; picture-in-picture; web-share\"><\/iframe><\/p>\n\n\n\n<p><br><br>La mesa paritaria acord\u00f3 reunirse nuevamente el 24 de julio a los fines de revisar la pol\u00edtica salarial acordada y la evoluci\u00f3n de las variables inflacionarias.<\/p>\n\n\n\n<p>Tambi\u00e9n fue tema de debate <strong>la urgente necesidad de actualizar las Asignaciones Familiares y la regularizaci\u00f3n de los servicios de salud que brinda la Obra Social IAPOS<\/strong>. Qued\u00f3 institucionalizada una mesa de trabajo, la que mantendr\u00e1 su primera reuni\u00f3n la semana pr\u00f3xima, solicitando en forma conjunta la intervenci\u00f3n del Ministro de Trabajo de esta Provincia.<\/p>\n\n\n\n<p>Suscribieron el acta representantes paritarios de FESTRAM y por los Intendentes y Presidentes Comunales representantes de: Villa Gobernador G\u00e1lvez, Venado Tuerto, Reconquista, Tostado, Sauce Viejo, Montes de Oca, Helvecia y con la coordinaci\u00f3n de la Secretar\u00eda de Integraci\u00f3n y Fortalecimiento Institucional.<br><\/p>\n\n\n\n<h6 class=\"wp-block-heading\">Prensa FESTRAM<\/h6>\n","protected":false},"excerpt":{"rendered":"<p>El incremento representa un 40% al mes de julio y un 36% ingresa en el aguinaldo. La Federaci\u00f3n de Sindicatos de Trabajadores Municipales y los representantes de Intendentes y Presidentes Comunales alcanzaron un acuerdo salarial\u00a0que se abonar\u00e1 sobre la pol\u00edtica salarial vigente en cada jurisdicci\u00f3n de la siguiente forma: 21% en el mes de Marzo, [&hellip;]<\/p>\n","protected":false},"author":1,"featured_media":16301,"comment_status":"closed","ping_status":"closed","sticky":false,"template":"","format":"standard","meta":{"_jetpack_memberships_contains_paid_content":false,"footnotes":"","jetpack_publicize_message":"","jetpack_publicize_feature_enabled":true,"jetpack_social_post_already_shared":true,"jetpack_social_options":{"image_generator_settings":{"template":"highway","default_image_id":0,"font":"","enabled":false},"version":2}},"categories":[247,59],"tags":[73,68,205,109,41,69],"class_list":["post-16300","post","type-post","status-publish","format-standard","has-post-thumbnail","hentry","category-comunicados-2023","category-salarios-y-paritarias","tag-asignaciones-familiares","tag-economia-provincial","tag-iapos","tag-la-provincia","tag-paritaria","tag-politica-salarial"],"yoast_head":"<!-- This site is optimized with the Yoast SEO plugin v25.9 - https:\/\/yoast.com\/wordpress\/plugins\/seo\/ -->\n<title>Acuerdo Provincial de la Mesa Paritaria Municipal seg\u00fan Ley 9.996 &#8211; FESTRAM<\/title>\n<meta name=\"description\" content=\"El incremento representa un 40% al mes de julio y un 36% ingresa en el aguinaldo. La Federaci\u00f3n de Sindicatos de Trabajadores Municipales y los\" \/>\n<meta name=\"robots\" content=\"index, follow, max-snippet:-1, max-image-preview:large, max-video-preview:-1\" \/>\n<link rel=\"canonical\" href=\"https:\/\/municipales.org.ar\/festram\/acuerdo-provincial-de-la-mesa-paritaria-municipal-segun-ley-9-996\/\" \/>\n<meta property=\"og:locale\" content=\"es_ES\" \/>\n<meta property=\"og:type\" content=\"article\" \/>\n<meta property=\"og:title\" content=\"Acuerdo Provincial de la Mesa Paritaria Municipal seg\u00fan Ley 9.996 &#8211; FESTRAM\" \/>\n<meta property=\"og:description\" content=\"El incremento representa un 40% al mes de julio y un 36% ingresa en el aguinaldo. La Federaci\u00f3n de Sindicatos de Trabajadores Municipales y los\" \/>\n<meta property=\"og:url\" content=\"https:\/\/municipales.org.ar\/festram\/acuerdo-provincial-de-la-mesa-paritaria-municipal-segun-ley-9-996\/\" \/>\n<meta property=\"og:site_name\" content=\"FESTRAM\" \/>\n<meta property=\"article:publisher\" content=\"https:\/\/www.facebook.com\/MunicipalesSF\" \/>\n<meta property=\"article:published_time\" content=\"2023-03-16T20:08:44+00:00\" \/>\n<meta property=\"article:modified_time\" content=\"2023-04-03T14:28:04+00:00\" \/>\n<meta property=\"og:image\" content=\"https:\/\/municipales.org.ar\/festram\/wp-content\/uploads\/2023\/03\/20230316-paritaria-001.jpg\" \/>\n\t<meta property=\"og:image:width\" content=\"2000\" \/>\n\t<meta property=\"og:image:height\" content=\"1333\" \/>\n\t<meta property=\"og:image:type\" content=\"image\/jpeg\" \/>\n<meta name=\"author\" content=\"mun_admin\" \/>\n<meta name=\"twitter:card\" content=\"summary_large_image\" \/>\n<meta name=\"twitter:creator\" content=\"@MunicipalesSF\" \/>\n<meta name=\"twitter:site\" content=\"@MunicipalesSF\" \/>\n<meta name=\"twitter:label1\" content=\"Escrito por\" \/>\n\t<meta name=\"twitter:data1\" content=\"mun_admin\" \/>\n\t<meta name=\"twitter:label2\" content=\"Tiempo de lectura\" \/>\n\t<meta name=\"twitter:data2\" content=\"2 minutos\" \/>\n<script type=\"application\/ld+json\" class=\"yoast-schema-graph\">{\"@context\":\"https:\/\/schema.org\",\"@graph\":[{\"@type\":\"Article\",\"@id\":\"https:\/\/municipales.org.ar\/festram\/acuerdo-provincial-de-la-mesa-paritaria-municipal-segun-ley-9-996\/#article\",\"isPartOf\":{\"@id\":\"https:\/\/municipales.org.ar\/festram\/acuerdo-provincial-de-la-mesa-paritaria-municipal-segun-ley-9-996\/\"},\"author\":{\"name\":\"mun_admin\",\"@id\":\"https:\/\/municipales.org.ar\/festram\/#\/schema\/person\/49096a774c48ce9063df4d59ec059f9e\"},\"headline\":\"Acuerdo Provincial de la Mesa Paritaria Municipal seg\u00fan Ley 9.996\",\"datePublished\":\"2023-03-16T20:08:44+00:00\",\"dateModified\":\"2023-04-03T14:28:04+00:00\",\"mainEntityOfPage\":{\"@id\":\"https:\/\/municipales.org.ar\/festram\/acuerdo-provincial-de-la-mesa-paritaria-municipal-segun-ley-9-996\/\"},\"wordCount\":357,\"publisher\":{\"@id\":\"https:\/\/municipales.org.ar\/festram\/#organization\"},\"image\":{\"@id\":\"https:\/\/municipales.org.ar\/festram\/acuerdo-provincial-de-la-mesa-paritaria-municipal-segun-ley-9-996\/#primaryimage\"},\"thumbnailUrl\":\"https:\/\/municipales.org.ar\/festram\/wp-content\/uploads\/2023\/03\/20230316-paritaria-001.jpg\",\"keywords\":[\"asignaciones familiares\",\"econom\u00eda provincial\",\"iapos\",\"la provincia\",\"paritaria\",\"pol\u00edtica salarial\"],\"articleSection\":[\"Comunicados 2023\",\"Salarios y Paritarias\"],\"inLanguage\":\"es\"},{\"@type\":\"WebPage\",\"@id\":\"https:\/\/municipales.org.ar\/festram\/acuerdo-provincial-de-la-mesa-paritaria-municipal-segun-ley-9-996\/\",\"url\":\"https:\/\/municipales.org.ar\/festram\/acuerdo-provincial-de-la-mesa-paritaria-municipal-segun-ley-9-996\/\",\"name\":\"Acuerdo Provincial de la Mesa Paritaria Municipal seg\u00fan Ley 9.996 &#8211; FESTRAM\",\"isPartOf\":{\"@id\":\"https:\/\/municipales.org.ar\/festram\/#website\"},\"primaryImageOfPage\":{\"@id\":\"https:\/\/municipales.org.ar\/festram\/acuerdo-provincial-de-la-mesa-paritaria-municipal-segun-ley-9-996\/#primaryimage\"},\"image\":{\"@id\":\"https:\/\/municipales.org.ar\/festram\/acuerdo-provincial-de-la-mesa-paritaria-municipal-segun-ley-9-996\/#primaryimage\"},\"thumbnailUrl\":\"https:\/\/municipales.org.ar\/festram\/wp-content\/uploads\/2023\/03\/20230316-paritaria-001.jpg\",\"datePublished\":\"2023-03-16T20:08:44+00:00\",\"dateModified\":\"2023-04-03T14:28:04+00:00\",\"description\":\"El incremento representa un 40% al mes de julio y un 36% ingresa en el aguinaldo. La Federaci\u00f3n de Sindicatos de Trabajadores Municipales y los\",\"breadcrumb\":{\"@id\":\"https:\/\/municipales.org.ar\/festram\/acuerdo-provincial-de-la-mesa-paritaria-municipal-segun-ley-9-996\/#breadcrumb\"},\"inLanguage\":\"es\",\"potentialAction\":[{\"@type\":\"ReadAction\",\"target\":[\"https:\/\/municipales.org.ar\/festram\/acuerdo-provincial-de-la-mesa-paritaria-municipal-segun-ley-9-996\/\"]}]},{\"@type\":\"ImageObject\",\"inLanguage\":\"es\",\"@id\":\"https:\/\/municipales.org.ar\/festram\/acuerdo-provincial-de-la-mesa-paritaria-municipal-segun-ley-9-996\/#primaryimage\",\"url\":\"https:\/\/municipales.org.ar\/festram\/wp-content\/uploads\/2023\/03\/20230316-paritaria-001.jpg\",\"contentUrl\":\"https:\/\/municipales.org.ar\/festram\/wp-content\/uploads\/2023\/03\/20230316-paritaria-001.jpg\",\"width\":2000,\"height\":1333},{\"@type\":\"BreadcrumbList\",\"@id\":\"https:\/\/municipales.org.ar\/festram\/acuerdo-provincial-de-la-mesa-paritaria-municipal-segun-ley-9-996\/#breadcrumb\",\"itemListElement\":[{\"@type\":\"ListItem\",\"position\":1,\"name\":\"Portada\",\"item\":\"https:\/\/municipales.org.ar\/festram\/\"},{\"@type\":\"ListItem\",\"position\":2,\"name\":\"Acuerdo Provincial de la Mesa Paritaria Municipal seg\u00fan Ley 9.996\"}]},{\"@type\":\"WebSite\",\"@id\":\"https:\/\/municipales.org.ar\/festram\/#website\",\"url\":\"https:\/\/municipales.org.ar\/festram\/\",\"name\":\"FESTRAM\",\"description\":\"La web de los trabajadores municipales\",\"publisher\":{\"@id\":\"https:\/\/municipales.org.ar\/festram\/#organization\"},\"potentialAction\":[{\"@type\":\"SearchAction\",\"target\":{\"@type\":\"EntryPoint\",\"urlTemplate\":\"https:\/\/municipales.org.ar\/festram\/?s={search_term_string}\"},\"query-input\":{\"@type\":\"PropertyValueSpecification\",\"valueRequired\":true,\"valueName\":\"search_term_string\"}}],\"inLanguage\":\"es\"},{\"@type\":\"Organization\",\"@id\":\"https:\/\/municipales.org.ar\/festram\/#organization\",\"name\":\"Federaci\u00f3n de Sindicatos de Trabajadores Municipales de la Provincia de Santa Fe\",\"url\":\"https:\/\/municipales.org.ar\/festram\/\",\"logo\":{\"@type\":\"ImageObject\",\"inLanguage\":\"es\",\"@id\":\"https:\/\/municipales.org.ar\/festram\/#\/schema\/logo\/image\/\",\"url\":\"https:\/\/www.municipales.org.ar\/festram\/wp-content\/uploads\/2014\/07\/logo_fes.jpg\",\"contentUrl\":\"https:\/\/www.municipales.org.ar\/festram\/wp-content\/uploads\/2014\/07\/logo_fes.jpg\",\"width\":661,\"height\":673,\"caption\":\"Federaci\u00f3n de Sindicatos de Trabajadores Municipales de la Provincia de Santa Fe\"},\"image\":{\"@id\":\"https:\/\/municipales.org.ar\/festram\/#\/schema\/logo\/image\/\"},\"sameAs\":[\"https:\/\/www.facebook.com\/MunicipalesSF\",\"https:\/\/x.com\/MunicipalesSF\",\"https:\/\/www.youtube.com\/user\/festram\"]},{\"@type\":\"Person\",\"@id\":\"https:\/\/municipales.org.ar\/festram\/#\/schema\/person\/49096a774c48ce9063df4d59ec059f9e\",\"name\":\"mun_admin\"}]}<\/script>\n<!-- \/ Yoast SEO plugin. -->","yoast_head_json":{"title":"Acuerdo Provincial de la Mesa Paritaria Municipal seg\u00fan Ley 9.996 &#8211; FESTRAM","description":"El incremento representa un 40% al mes de julio y un 36% ingresa en el aguinaldo. La Federaci\u00f3n de Sindicatos de Trabajadores Municipales y los","robots":{"index":"index","follow":"follow","max-snippet":"max-snippet:-1","max-image-preview":"max-image-preview:large","max-video-preview":"max-video-preview:-1"},"canonical":"https:\/\/municipales.org.ar\/festram\/acuerdo-provincial-de-la-mesa-paritaria-municipal-segun-ley-9-996\/","og_locale":"es_ES","og_type":"article","og_title":"Acuerdo Provincial de la Mesa Paritaria Municipal seg\u00fan Ley 9.996 &#8211; FESTRAM","og_description":"El incremento representa un 40% al mes de julio y un 36% ingresa en el aguinaldo. La Federaci\u00f3n de Sindicatos de Trabajadores Municipales y los","og_url":"https:\/\/municipales.org.ar\/festram\/acuerdo-provincial-de-la-mesa-paritaria-municipal-segun-ley-9-996\/","og_site_name":"FESTRAM","article_publisher":"https:\/\/www.facebook.com\/MunicipalesSF","article_published_time":"2023-03-16T20:08:44+00:00","article_modified_time":"2023-04-03T14:28:04+00:00","og_image":[{"width":2000,"height":1333,"url":"https:\/\/municipales.org.ar\/festram\/wp-content\/uploads\/2023\/03\/20230316-paritaria-001.jpg","type":"image\/jpeg"}],"author":"mun_admin","twitter_card":"summary_large_image","twitter_creator":"@MunicipalesSF","twitter_site":"@MunicipalesSF","twitter_misc":{"Escrito por":"mun_admin","Tiempo de lectura":"2 minutos"},"schema":{"@context":"https:\/\/schema.org","@graph":[{"@type":"Article","@id":"https:\/\/municipales.org.ar\/festram\/acuerdo-provincial-de-la-mesa-paritaria-municipal-segun-ley-9-996\/#article","isPartOf":{"@id":"https:\/\/municipales.org.ar\/festram\/acuerdo-provincial-de-la-mesa-paritaria-municipal-segun-ley-9-996\/"},"author":{"name":"mun_admin","@id":"https:\/\/municipales.org.ar\/festram\/#\/schema\/person\/49096a774c48ce9063df4d59ec059f9e"},"headline":"Acuerdo Provincial de la Mesa Paritaria Municipal seg\u00fan Ley 9.996","datePublished":"2023-03-16T20:08:44+00:00","dateModified":"2023-04-03T14:28:04+00:00","mainEntityOfPage":{"@id":"https:\/\/municipales.org.ar\/festram\/acuerdo-provincial-de-la-mesa-paritaria-municipal-segun-ley-9-996\/"},"wordCount":357,"publisher":{"@id":"https:\/\/municipales.org.ar\/festram\/#organization"},"image":{"@id":"https:\/\/municipales.org.ar\/festram\/acuerdo-provincial-de-la-mesa-paritaria-municipal-segun-ley-9-996\/#primaryimage"},"thumbnailUrl":"https:\/\/municipales.org.ar\/festram\/wp-content\/uploads\/2023\/03\/20230316-paritaria-001.jpg","keywords":["asignaciones familiares","econom\u00eda provincial","iapos","la provincia","paritaria","pol\u00edtica salarial"],"articleSection":["Comunicados 2023","Salarios y Paritarias"],"inLanguage":"es"},{"@type":"WebPage","@id":"https:\/\/municipales.org.ar\/festram\/acuerdo-provincial-de-la-mesa-paritaria-municipal-segun-ley-9-996\/","url":"https:\/\/municipales.org.ar\/festram\/acuerdo-provincial-de-la-mesa-paritaria-municipal-segun-ley-9-996\/","name":"Acuerdo Provincial de la Mesa Paritaria Municipal seg\u00fan Ley 9.996 &#8211; FESTRAM","isPartOf":{"@id":"https:\/\/municipales.org.ar\/festram\/#website"},"primaryImageOfPage":{"@id":"https:\/\/municipales.org.ar\/festram\/acuerdo-provincial-de-la-mesa-paritaria-municipal-segun-ley-9-996\/#primaryimage"},"image":{"@id":"https:\/\/municipales.org.ar\/festram\/acuerdo-provincial-de-la-mesa-paritaria-municipal-segun-ley-9-996\/#primaryimage"},"thumbnailUrl":"https:\/\/municipales.org.ar\/festram\/wp-content\/uploads\/2023\/03\/20230316-paritaria-001.jpg","datePublished":"2023-03-16T20:08:44+00:00","dateModified":"2023-04-03T14:28:04+00:00","description":"El incremento representa un 40% al mes de julio y un 36% ingresa en el aguinaldo. La Federaci\u00f3n de Sindicatos de Trabajadores Municipales y los","breadcrumb":{"@id":"https:\/\/municipales.org.ar\/festram\/acuerdo-provincial-de-la-mesa-paritaria-municipal-segun-ley-9-996\/#breadcrumb"},"inLanguage":"es","potentialAction":[{"@type":"ReadAction","target":["https:\/\/municipales.org.ar\/festram\/acuerdo-provincial-de-la-mesa-paritaria-municipal-segun-ley-9-996\/"]}]},{"@type":"ImageObject","inLanguage":"es","@id":"https:\/\/municipales.org.ar\/festram\/acuerdo-provincial-de-la-mesa-paritaria-municipal-segun-ley-9-996\/#primaryimage","url":"https:\/\/municipales.org.ar\/festram\/wp-content\/uploads\/2023\/03\/20230316-paritaria-001.jpg","contentUrl":"https:\/\/municipales.org.ar\/festram\/wp-content\/uploads\/2023\/03\/20230316-paritaria-001.jpg","width":2000,"height":1333},{"@type":"BreadcrumbList","@id":"https:\/\/municipales.org.ar\/festram\/acuerdo-provincial-de-la-mesa-paritaria-municipal-segun-ley-9-996\/#breadcrumb","itemListElement":[{"@type":"ListItem","position":1,"name":"Portada","item":"https:\/\/municipales.org.ar\/festram\/"},{"@type":"ListItem","position":2,"name":"Acuerdo Provincial de la Mesa Paritaria Municipal seg\u00fan Ley 9.996"}]},{"@type":"WebSite","@id":"https:\/\/municipales.org.ar\/festram\/#website","url":"https:\/\/municipales.org.ar\/festram\/","name":"FESTRAM","description":"La web de los trabajadores municipales","publisher":{"@id":"https:\/\/municipales.org.ar\/festram\/#organization"},"potentialAction":[{"@type":"SearchAction","target":{"@type":"EntryPoint","urlTemplate":"https:\/\/municipales.org.ar\/festram\/?s={search_term_string}"},"query-input":{"@type":"PropertyValueSpecification","valueRequired":true,"valueName":"search_term_string"}}],"inLanguage":"es"},{"@type":"Organization","@id":"https:\/\/municipales.org.ar\/festram\/#organization","name":"Federaci\u00f3n de Sindicatos de Trabajadores Municipales de la Provincia de Santa Fe","url":"https:\/\/municipales.org.ar\/festram\/","logo":{"@type":"ImageObject","inLanguage":"es","@id":"https:\/\/municipales.org.ar\/festram\/#\/schema\/logo\/image\/","url":"https:\/\/www.municipales.org.ar\/festram\/wp-content\/uploads\/2014\/07\/logo_fes.jpg","contentUrl":"https:\/\/www.municipales.org.ar\/festram\/wp-content\/uploads\/2014\/07\/logo_fes.jpg","width":661,"height":673,"caption":"Federaci\u00f3n de Sindicatos de Trabajadores Municipales de la Provincia de Santa Fe"},"image":{"@id":"https:\/\/municipales.org.ar\/festram\/#\/schema\/logo\/image\/"},"sameAs":["https:\/\/www.facebook.com\/MunicipalesSF","https:\/\/x.com\/MunicipalesSF","https:\/\/www.youtube.com\/user\/festram"]},{"@type":"Person","@id":"https:\/\/municipales.org.ar\/festram\/#\/schema\/person\/49096a774c48ce9063df4d59ec059f9e","name":"mun_admin"}]}},"jetpack_publicize_connections":[],"jetpack_featured_media_url":"https:\/\/municipales.org.ar\/festram\/wp-content\/uploads\/2023\/03\/20230316-paritaria-001.jpg","jetpack_sharing_enabled":true,"jetpack_likes_enabled":false,"jetpack_shortlink":"https:\/\/wp.me\/p7l4x1-4eU","_links":{"self":[{"href":"https:\/\/municipales.org.ar\/festram\/wp-json\/wp\/v2\/posts\/16300","targetHints":{"allow":["GET"]}}],"collection":[{"href":"https:\/\/municipales.org.ar\/festram\/wp-json\/wp\/v2\/posts"}],"about":[{"href":"https:\/\/municipales.org.ar\/festram\/wp-json\/wp\/v2\/types\/post"}],"author":[{"embeddable":true,"href":"https:\/\/municipales.org.ar\/festram\/wp-json\/wp\/v2\/users\/1"}],"replies":[{"embeddable":true,"href":"https:\/\/municipales.org.ar\/festram\/wp-json\/wp\/v2\/comments?post=16300"}],"version-history":[{"count":4,"href":"https:\/\/municipales.org.ar\/festram\/wp-json\/wp\/v2\/posts\/16300\/revisions"}],"predecessor-version":[{"id":16351,"href":"https:\/\/municipales.org.ar\/festram\/wp-json\/wp\/v2\/posts\/16300\/revisions\/16351"}],"wp:featuredmedia":[{"embeddable":true,"href":"https:\/\/municipales.org.ar\/festram\/wp-json\/wp\/v2\/media\/16301"}],"wp:attachment":[{"href":"https:\/\/municipales.org.ar\/festram\/wp-json\/wp\/v2\/media?parent=16300"}],"wp:term":[{"taxonomy":"category","embeddable":true,"href":"https:\/\/municipales.org.ar\/festram\/wp-json\/wp\/v2\/categories?post=16300"},{"taxonomy":"post_tag","embeddable":true,"href":"https:\/\/municipales.org.ar\/festram\/wp-json\/wp\/v2\/tags?post=16300"}],"curies":[{"name":"wp","href":"https:\/\/api.w.org\/{rel}","templated":true}]}}