{"id":16307,"date":"2023-03-19T22:32:54","date_gmt":"2023-03-20T01:32:54","guid":{"rendered":"https:\/\/municipales.org.ar\/festram\/?p=16307"},"modified":"2023-04-03T16:18:45","modified_gmt":"2023-04-03T19:18:45","slug":"acuerdo-paritario-marzo-2023-cuadro-de-asignaciones-y-acta","status":"publish","type":"post","link":"https:\/\/municipales.org.ar\/festram\/acuerdo-paritario-marzo-2023-cuadro-de-asignaciones-y-acta\/","title":{"rendered":"Acuerdo Paritario Marzo 2023. Cuadro de Asignaciones y Acta"},"content":{"rendered":"\n<p>El incremento salarial del Acuerdo alcanzado en marzo 2023 consiste en:<\/p>\n\n\n\n<p>Un incremento del 40% (CUARENTA por ciento) sobre la pol\u00edtica salarial vigente en cada jurisdicci\u00f3n tomando como base al mes de enero 2023, que se abonar\u00e1 de la siguiente manera:<\/p>\n\n\n\n<ul class=\"wp-block-list\">\n<li>21% A PARTIR DE MARZO 2023<\/li>\n\n\n\n<li>4% A PARTIR DE ABRIL 2023<\/li>\n\n\n\n<li>5% A PARTIR DE MAYO 2023<\/li>\n\n\n\n<li>6% A PARTIR DEL JUNIO 2023<\/li>\n\n\n\n<li>4% A PARTIR DE JULIO 2023<\/li>\n<\/ul>\n\n\n\n<p><strong>Este acuerdo corresponde a la pol\u00edtica salarial del a\u00f1o 202<\/strong>3 <strong>para el personal activo (planta permanente, contratados, eventuales y\/u otra modalidad de contrataci\u00f3n) de todos los municipios y comunas de la provincia de Santa Fe.<\/strong><br><\/p>\n\n\n\n<div class=\"wp-block-buttons is-layout-flex wp-block-buttons-is-layout-flex\">\n<div class=\"wp-block-button is-style-fill\"><a class=\"wp-block-button__link has-vivid-cyan-blue-background-color has-background wp-element-button\" href=\"https:\/\/municipales.org.ar\/festram\/wp-content\/uploads\/2023\/03\/20230316-Acta-Paritaria.pdf\" target=\"_blank\" rel=\"noreferrer noopener\">ACTA PARITARIA MARZO 2023<\/a><\/div>\n<\/div>\n\n\n\n<div class=\"wp-block-buttons is-layout-flex wp-block-buttons-is-layout-flex\">\n<div class=\"wp-block-button\"><a class=\"wp-block-button__link has-vivid-cyan-blue-background-color has-background wp-element-button\" href=\"https:\/\/municipales.org.ar\/festram\/wp-content\/uploads\/2023\/03\/EXPLICATIVO-ACTA-PARITARIA-20230316.pdf\" target=\"_blank\" rel=\"noreferrer noopener\">Explicativo del Acta Paritaria Marzo 2023<\/a><\/div>\n<\/div>\n\n\n\n<h2 class=\"wp-block-heading\"><br><br>CUADRO DE ASIGNACIONES MARZO 2023<\/h2>\n\n\n\n<h2 class=\"wp-block-heading\"><br><\/h2>\n\n\n\n<table id=\"tablepress-32\" class=\"tablepress tablepress-id-32\">\n<thead>\n<tr class=\"row-1\">\n\t<th class=\"column-1\">CAT.<\/th><th class=\"column-2\">ENE<br \/>\n2023<br \/>\n<\/th><th class=\"column-3\">MAR<br \/>\n2023<br \/>\n21%<\/th><th class=\"column-4\">ABR<br \/>\n2023<br \/>\n25%<\/th><th class=\"column-5\">MAY<br \/>\n2023<br \/>\n30%<\/th><th class=\"column-6\">JUN<br \/>\n2023<br \/>\n36%<\/th><th class=\"column-7\">JUL<br \/>\n2023<br \/>\n40%<\/th>\n<\/tr>\n<\/thead>\n<tbody class=\"row-striping row-hover\">\n<tr class=\"row-2\">\n\t<td class=\"column-1\">8<\/td><td class=\"column-2\">61.107,11<\/td><td class=\"column-3\">73.939,60<\/td><td class=\"column-4\">76.383,88<\/td><td class=\"column-5\">79.439,24<\/td><td class=\"column-6\">83.105,66<\/td><td class=\"column-7\">85.549,95<\/td>\n<\/tr>\n<tr class=\"row-3\">\n\t<td class=\"column-1\">9<\/td><td class=\"column-2\">65.790,79<\/td><td class=\"column-3\">79.606,86<\/td><td class=\"column-4\">82.238,49<\/td><td class=\"column-5\">85.528,03<\/td><td class=\"column-6\">89.475,47<\/td><td class=\"column-7\">92.107,11<\/td>\n<\/tr>\n<tr class=\"row-4\">\n\t<td class=\"column-1\">10<\/td><td class=\"column-2\">68.232,73<\/td><td class=\"column-3\">82.561,60<\/td><td class=\"column-4\">85.290,91<\/td><td class=\"column-5\">88.702,54<\/td><td class=\"column-6\">92.796,51<\/td><td class=\"column-7\">95.525,82<\/td>\n<\/tr>\n<tr class=\"row-5\">\n\t<td class=\"column-1\">11<\/td><td class=\"column-2\">72.510,89<\/td><td class=\"column-3\">87.738,18<\/td><td class=\"column-4\">90.638,62<\/td><td class=\"column-5\">94.264,16<\/td><td class=\"column-6\">98.614,82<\/td><td class=\"column-7\">101.515,25<\/td>\n<\/tr>\n<tr class=\"row-6\">\n\t<td class=\"column-1\">12<\/td><td class=\"column-2\">76.176,96<\/td><td class=\"column-3\">92.174,12<\/td><td class=\"column-4\">95.221,19<\/td><td class=\"column-5\">99.030,04<\/td><td class=\"column-6\">103.600,66<\/td><td class=\"column-7\">106.647,74<\/td>\n<\/tr>\n<tr class=\"row-7\">\n\t<td class=\"column-1\">13<\/td><td class=\"column-2\">81.065,97<\/td><td class=\"column-3\">98.089,82<\/td><td class=\"column-4\">101.332,46<\/td><td class=\"column-5\">105.385,76<\/td><td class=\"column-6\">110.249,71<\/td><td class=\"column-7\">113.492,35<\/td>\n<\/tr>\n<tr class=\"row-8\">\n\t<td class=\"column-1\">14<\/td><td class=\"column-2\">87.176,66<\/td><td class=\"column-3\">105.483,76<\/td><td class=\"column-4\">108.970,82<\/td><td class=\"column-5\">113.329,66<\/td><td class=\"column-6\">118.560,26<\/td><td class=\"column-7\">122.047,32<\/td>\n<\/tr>\n<tr class=\"row-9\">\n\t<td class=\"column-1\">15<\/td><td class=\"column-2\">95.120,47<\/td><td class=\"column-3\">115.095,77<\/td><td class=\"column-4\">118.900,59<\/td><td class=\"column-5\">123.656,61<\/td><td class=\"column-6\">129.363,84<\/td><td class=\"column-7\">133.168,66<\/td>\n<\/tr>\n<tr class=\"row-10\">\n\t<td class=\"column-1\">16<\/td><td class=\"column-2\">109.786,15<\/td><td class=\"column-3\">132.841,24<\/td><td class=\"column-4\">137.232,69<\/td><td class=\"column-5\">142.722,00<\/td><td class=\"column-6\">149.309,16<\/td><td class=\"column-7\">153.700,61<\/td>\n<\/tr>\n<tr class=\"row-11\">\n\t<td class=\"column-1\">17<\/td><td class=\"column-2\">112.841,12<\/td><td class=\"column-3\">136.537,75<\/td><td class=\"column-4\">141.051,40<\/td><td class=\"column-5\">146.693,45<\/td><td class=\"column-6\">153.463,92<\/td><td class=\"column-7\">157.977,57<\/td>\n<\/tr>\n<tr class=\"row-12\">\n\t<td class=\"column-1\">18<\/td><td class=\"column-2\">118.951,81<\/td><td class=\"column-3\">143.931,69<\/td><td class=\"column-4\">148.689,77<\/td><td class=\"column-5\">154.637,36<\/td><td class=\"column-6\">161.774,46<\/td><td class=\"column-7\">166.532,54<\/td>\n<\/tr>\n<tr class=\"row-13\">\n\t<td class=\"column-1\">19<\/td><td class=\"column-2\">154.596,84<\/td><td class=\"column-3\">187.062,17<\/td><td class=\"column-4\">193.246,05<\/td><td class=\"column-5\">200.975,89<\/td><td class=\"column-6\">210.251,70<\/td><td class=\"column-7\">216.435,57<\/td>\n<\/tr>\n<tr class=\"row-14\">\n\t<td class=\"column-1\">20<\/td><td class=\"column-2\">160.300,16<\/td><td class=\"column-3\">193.963,20<\/td><td class=\"column-4\">200.375,20<\/td><td class=\"column-5\">208.390,21<\/td><td class=\"column-6\">218.008,22<\/td><td class=\"column-7\">224.420,23<\/td>\n<\/tr>\n<tr class=\"row-15\">\n\t<td class=\"column-1\">21<\/td><td class=\"column-2\">170.281,15<\/td><td class=\"column-3\">206.040,19<\/td><td class=\"column-4\">212.851,44<\/td><td class=\"column-5\">221.365,50<\/td><td class=\"column-6\">231.582,37<\/td><td class=\"column-7\">238.393,61<\/td>\n<\/tr>\n<tr class=\"row-16\">\n\t<td class=\"column-1\">22<\/td><td class=\"column-2\">177.409,47<\/td><td class=\"column-3\">214.665,45<\/td><td class=\"column-4\">221.761,83<\/td><td class=\"column-5\">230.632,31<\/td><td class=\"column-6\">241.276,87<\/td><td class=\"column-7\">248.373,25<\/td>\n<\/tr>\n<tr class=\"row-17\">\n\t<td class=\"column-1\">23<\/td><td class=\"column-2\">189.019,51<\/td><td class=\"column-3\">228.713,60<\/td><td class=\"column-4\">236.274,38<\/td><td class=\"column-5\">245.725,36<\/td><td class=\"column-6\">257.066,53<\/td><td class=\"column-7\">262.627,31<\/td>\n<\/tr>\n<tr class=\"row-18\">\n\t<td class=\"column-1\">24<\/td><td class=\"column-2\">197.575,25<\/td><td class=\"column-3\">239.066,06<\/td><td class=\"column-4\">246.969,07<\/td><td class=\"column-5\">256.847,83<\/td><td class=\"column-6\">268.702,34<\/td><td class=\"column-7\">276.605,35<\/td>\n<\/tr>\n<\/tbody>\n<\/table>\n<!-- #tablepress-32 from cache -->\n\n\n\n<p><br><br><\/p>\n\n\n\n<h3 class=\"has-text-align-left wp-block-heading\"><br><br>Salario M\u00ednimo Garantizado de bolsillo<br>(excluyendo horas extras, asignaciones familiares y presentismo)<br><\/h3>\n\n\n\n<ul class=\"wp-block-list\">\n<li><strong>Monto actual base Enero de 2023: $ 108.302,30<\/strong><\/li>\n\n\n\n<li><strong>Monto Mes de Marzo con la aplicaci\u00f3n del 21%: $ 131.046,00<\/strong><\/li>\n\n\n\n<li><strong>Monto Mes de Abril con la aplicaci\u00f3n del 4% (25% total): $135.378,00<\/strong><\/li>\n\n\n\n<li><strong>Monto Mes de Mayo con la aplicaci\u00f3n del 5% (30% total): $140.793,00<\/strong><\/li>\n\n\n\n<li><strong>Monto Mes de Junio con la aplicaci\u00f3n del 6% (36% total): $147.291,00<\/strong><\/li>\n\n\n\n<li><strong>Monto Mes de Julio con la aplicaci\u00f3n del 4% (40% total): $151.623,50<br><\/strong><\/li>\n<\/ul>\n","protected":false},"excerpt":{"rendered":"<p>El incremento salarial del Acuerdo alcanzado en marzo 2023 consiste en: Un incremento del 40% (CUARENTA por ciento) sobre la pol\u00edtica salarial vigente en cada jurisdicci\u00f3n tomando como base al mes de enero 2023, que se abonar\u00e1 de la siguiente manera: Este acuerdo corresponde a la pol\u00edtica salarial del a\u00f1o 2023 para el personal activo [&hellip;]<\/p>\n","protected":false},"author":1,"featured_media":16311,"comment_status":"closed","ping_status":"closed","sticky":false,"template":"","format":"standard","meta":{"_jetpack_memberships_contains_paid_content":false,"footnotes":"","jetpack_publicize_message":"","jetpack_publicize_feature_enabled":true,"jetpack_social_post_already_shared":true,"jetpack_social_options":{"image_generator_settings":{"template":"highway","default_image_id":0,"font":"","enabled":false},"version":2}},"categories":[42,59],"tags":[68,109,41,69,228],"class_list":["post-16307","post","type-post","status-publish","format-standard","has-post-thumbnail","hentry","category-acuerdos-paritarios","category-salarios-y-paritarias","tag-economia-provincial","tag-la-provincia","tag-paritaria","tag-politica-salarial","tag-titular3"],"yoast_head":"<!-- This site is optimized with the Yoast SEO plugin v25.9 - https:\/\/yoast.com\/wordpress\/plugins\/seo\/ -->\n<title>Acuerdo Paritario Marzo 2023. Cuadro de Asignaciones y Acta &#8211; FESTRAM<\/title>\n<meta name=\"description\" content=\"El incremento salarial del Acuerdo alcanzado en marzo 2023 consiste en: Un incremento del 40% (CUARENTA por ciento) sobre la pol\u00edtica salarial vigente en\" \/>\n<meta name=\"robots\" content=\"index, follow, max-snippet:-1, max-image-preview:large, max-video-preview:-1\" \/>\n<link rel=\"canonical\" href=\"https:\/\/municipales.org.ar\/festram\/acuerdo-paritario-marzo-2023-cuadro-de-asignaciones-y-acta\/\" \/>\n<meta property=\"og:locale\" content=\"es_ES\" \/>\n<meta property=\"og:type\" content=\"article\" \/>\n<meta property=\"og:title\" content=\"Acuerdo Paritario Marzo 2023. Cuadro de Asignaciones y Acta &#8211; FESTRAM\" \/>\n<meta property=\"og:description\" content=\"El incremento salarial del Acuerdo alcanzado en marzo 2023 consiste en: Un incremento del 40% (CUARENTA por ciento) sobre la pol\u00edtica salarial vigente en\" \/>\n<meta property=\"og:url\" content=\"https:\/\/municipales.org.ar\/festram\/acuerdo-paritario-marzo-2023-cuadro-de-asignaciones-y-acta\/\" \/>\n<meta property=\"og:site_name\" content=\"FESTRAM\" \/>\n<meta property=\"article:publisher\" content=\"https:\/\/www.facebook.com\/MunicipalesSF\" \/>\n<meta property=\"article:published_time\" content=\"2023-03-20T01:32:54+00:00\" \/>\n<meta property=\"article:modified_time\" content=\"2023-04-03T19:18:45+00:00\" \/>\n<meta property=\"og:image\" content=\"https:\/\/municipales.org.ar\/festram\/wp-content\/uploads\/2023\/03\/paritaria2023.jpg\" \/>\n\t<meta property=\"og:image:width\" content=\"2000\" \/>\n\t<meta property=\"og:image:height\" content=\"1413\" \/>\n\t<meta property=\"og:image:type\" content=\"image\/jpeg\" \/>\n<meta name=\"author\" content=\"mun_admin\" \/>\n<meta name=\"twitter:card\" content=\"summary_large_image\" \/>\n<meta name=\"twitter:creator\" content=\"@MunicipalesSF\" \/>\n<meta name=\"twitter:site\" content=\"@MunicipalesSF\" \/>\n<meta name=\"twitter:label1\" content=\"Escrito por\" \/>\n\t<meta name=\"twitter:data1\" content=\"mun_admin\" \/>\n\t<meta name=\"twitter:label2\" content=\"Tiempo de lectura\" \/>\n\t<meta name=\"twitter:data2\" content=\"1 minuto\" \/>\n<script type=\"application\/ld+json\" class=\"yoast-schema-graph\">{\"@context\":\"https:\/\/schema.org\",\"@graph\":[{\"@type\":\"Article\",\"@id\":\"https:\/\/municipales.org.ar\/festram\/acuerdo-paritario-marzo-2023-cuadro-de-asignaciones-y-acta\/#article\",\"isPartOf\":{\"@id\":\"https:\/\/municipales.org.ar\/festram\/acuerdo-paritario-marzo-2023-cuadro-de-asignaciones-y-acta\/\"},\"author\":{\"name\":\"mun_admin\",\"@id\":\"https:\/\/municipales.org.ar\/festram\/#\/schema\/person\/49096a774c48ce9063df4d59ec059f9e\"},\"headline\":\"Acuerdo Paritario Marzo 2023. Cuadro de Asignaciones y Acta\",\"datePublished\":\"2023-03-20T01:32:54+00:00\",\"dateModified\":\"2023-04-03T19:18:45+00:00\",\"mainEntityOfPage\":{\"@id\":\"https:\/\/municipales.org.ar\/festram\/acuerdo-paritario-marzo-2023-cuadro-de-asignaciones-y-acta\/\"},\"wordCount\":187,\"publisher\":{\"@id\":\"https:\/\/municipales.org.ar\/festram\/#organization\"},\"image\":{\"@id\":\"https:\/\/municipales.org.ar\/festram\/acuerdo-paritario-marzo-2023-cuadro-de-asignaciones-y-acta\/#primaryimage\"},\"thumbnailUrl\":\"https:\/\/municipales.org.ar\/festram\/wp-content\/uploads\/2023\/03\/paritaria2023.jpg\",\"keywords\":[\"econom\u00eda provincial\",\"la provincia\",\"paritaria\",\"pol\u00edtica salarial\",\"titular3\"],\"articleSection\":[\"Acuerdos Paritarios\",\"Salarios y Paritarias\"],\"inLanguage\":\"es\"},{\"@type\":\"WebPage\",\"@id\":\"https:\/\/municipales.org.ar\/festram\/acuerdo-paritario-marzo-2023-cuadro-de-asignaciones-y-acta\/\",\"url\":\"https:\/\/municipales.org.ar\/festram\/acuerdo-paritario-marzo-2023-cuadro-de-asignaciones-y-acta\/\",\"name\":\"Acuerdo Paritario Marzo 2023. Cuadro de Asignaciones y Acta &#8211; FESTRAM\",\"isPartOf\":{\"@id\":\"https:\/\/municipales.org.ar\/festram\/#website\"},\"primaryImageOfPage\":{\"@id\":\"https:\/\/municipales.org.ar\/festram\/acuerdo-paritario-marzo-2023-cuadro-de-asignaciones-y-acta\/#primaryimage\"},\"image\":{\"@id\":\"https:\/\/municipales.org.ar\/festram\/acuerdo-paritario-marzo-2023-cuadro-de-asignaciones-y-acta\/#primaryimage\"},\"thumbnailUrl\":\"https:\/\/municipales.org.ar\/festram\/wp-content\/uploads\/2023\/03\/paritaria2023.jpg\",\"datePublished\":\"2023-03-20T01:32:54+00:00\",\"dateModified\":\"2023-04-03T19:18:45+00:00\",\"description\":\"El incremento salarial del Acuerdo alcanzado en marzo 2023 consiste en: Un incremento del 40% (CUARENTA por ciento) sobre la pol\u00edtica salarial vigente en\",\"breadcrumb\":{\"@id\":\"https:\/\/municipales.org.ar\/festram\/acuerdo-paritario-marzo-2023-cuadro-de-asignaciones-y-acta\/#breadcrumb\"},\"inLanguage\":\"es\",\"potentialAction\":[{\"@type\":\"ReadAction\",\"target\":[\"https:\/\/municipales.org.ar\/festram\/acuerdo-paritario-marzo-2023-cuadro-de-asignaciones-y-acta\/\"]}]},{\"@type\":\"ImageObject\",\"inLanguage\":\"es\",\"@id\":\"https:\/\/municipales.org.ar\/festram\/acuerdo-paritario-marzo-2023-cuadro-de-asignaciones-y-acta\/#primaryimage\",\"url\":\"https:\/\/municipales.org.ar\/festram\/wp-content\/uploads\/2023\/03\/paritaria2023.jpg\",\"contentUrl\":\"https:\/\/municipales.org.ar\/festram\/wp-content\/uploads\/2023\/03\/paritaria2023.jpg\",\"width\":2000,\"height\":1413},{\"@type\":\"BreadcrumbList\",\"@id\":\"https:\/\/municipales.org.ar\/festram\/acuerdo-paritario-marzo-2023-cuadro-de-asignaciones-y-acta\/#breadcrumb\",\"itemListElement\":[{\"@type\":\"ListItem\",\"position\":1,\"name\":\"Portada\",\"item\":\"https:\/\/municipales.org.ar\/festram\/\"},{\"@type\":\"ListItem\",\"position\":2,\"name\":\"Acuerdo Paritario Marzo 2023. Cuadro de Asignaciones y Acta\"}]},{\"@type\":\"WebSite\",\"@id\":\"https:\/\/municipales.org.ar\/festram\/#website\",\"url\":\"https:\/\/municipales.org.ar\/festram\/\",\"name\":\"FESTRAM\",\"description\":\"La web de los trabajadores municipales\",\"publisher\":{\"@id\":\"https:\/\/municipales.org.ar\/festram\/#organization\"},\"potentialAction\":[{\"@type\":\"SearchAction\",\"target\":{\"@type\":\"EntryPoint\",\"urlTemplate\":\"https:\/\/municipales.org.ar\/festram\/?s={search_term_string}\"},\"query-input\":{\"@type\":\"PropertyValueSpecification\",\"valueRequired\":true,\"valueName\":\"search_term_string\"}}],\"inLanguage\":\"es\"},{\"@type\":\"Organization\",\"@id\":\"https:\/\/municipales.org.ar\/festram\/#organization\",\"name\":\"Federaci\u00f3n de Sindicatos de Trabajadores Municipales de la Provincia de Santa Fe\",\"url\":\"https:\/\/municipales.org.ar\/festram\/\",\"logo\":{\"@type\":\"ImageObject\",\"inLanguage\":\"es\",\"@id\":\"https:\/\/municipales.org.ar\/festram\/#\/schema\/logo\/image\/\",\"url\":\"https:\/\/www.municipales.org.ar\/festram\/wp-content\/uploads\/2014\/07\/logo_fes.jpg\",\"contentUrl\":\"https:\/\/www.municipales.org.ar\/festram\/wp-content\/uploads\/2014\/07\/logo_fes.jpg\",\"width\":661,\"height\":673,\"caption\":\"Federaci\u00f3n de Sindicatos de Trabajadores Municipales de la Provincia de Santa Fe\"},\"image\":{\"@id\":\"https:\/\/municipales.org.ar\/festram\/#\/schema\/logo\/image\/\"},\"sameAs\":[\"https:\/\/www.facebook.com\/MunicipalesSF\",\"https:\/\/x.com\/MunicipalesSF\",\"https:\/\/www.youtube.com\/user\/festram\"]},{\"@type\":\"Person\",\"@id\":\"https:\/\/municipales.org.ar\/festram\/#\/schema\/person\/49096a774c48ce9063df4d59ec059f9e\",\"name\":\"mun_admin\"}]}<\/script>\n<!-- \/ Yoast SEO plugin. -->","yoast_head_json":{"title":"Acuerdo Paritario Marzo 2023. Cuadro de Asignaciones y Acta &#8211; FESTRAM","description":"El incremento salarial del Acuerdo alcanzado en marzo 2023 consiste en: Un incremento del 40% (CUARENTA por ciento) sobre la pol\u00edtica salarial vigente en","robots":{"index":"index","follow":"follow","max-snippet":"max-snippet:-1","max-image-preview":"max-image-preview:large","max-video-preview":"max-video-preview:-1"},"canonical":"https:\/\/municipales.org.ar\/festram\/acuerdo-paritario-marzo-2023-cuadro-de-asignaciones-y-acta\/","og_locale":"es_ES","og_type":"article","og_title":"Acuerdo Paritario Marzo 2023. Cuadro de Asignaciones y Acta &#8211; FESTRAM","og_description":"El incremento salarial del Acuerdo alcanzado en marzo 2023 consiste en: Un incremento del 40% (CUARENTA por ciento) sobre la pol\u00edtica salarial vigente en","og_url":"https:\/\/municipales.org.ar\/festram\/acuerdo-paritario-marzo-2023-cuadro-de-asignaciones-y-acta\/","og_site_name":"FESTRAM","article_publisher":"https:\/\/www.facebook.com\/MunicipalesSF","article_published_time":"2023-03-20T01:32:54+00:00","article_modified_time":"2023-04-03T19:18:45+00:00","og_image":[{"width":2000,"height":1413,"url":"https:\/\/municipales.org.ar\/festram\/wp-content\/uploads\/2023\/03\/paritaria2023.jpg","type":"image\/jpeg"}],"author":"mun_admin","twitter_card":"summary_large_image","twitter_creator":"@MunicipalesSF","twitter_site":"@MunicipalesSF","twitter_misc":{"Escrito por":"mun_admin","Tiempo de lectura":"1 minuto"},"schema":{"@context":"https:\/\/schema.org","@graph":[{"@type":"Article","@id":"https:\/\/municipales.org.ar\/festram\/acuerdo-paritario-marzo-2023-cuadro-de-asignaciones-y-acta\/#article","isPartOf":{"@id":"https:\/\/municipales.org.ar\/festram\/acuerdo-paritario-marzo-2023-cuadro-de-asignaciones-y-acta\/"},"author":{"name":"mun_admin","@id":"https:\/\/municipales.org.ar\/festram\/#\/schema\/person\/49096a774c48ce9063df4d59ec059f9e"},"headline":"Acuerdo Paritario Marzo 2023. Cuadro de Asignaciones y Acta","datePublished":"2023-03-20T01:32:54+00:00","dateModified":"2023-04-03T19:18:45+00:00","mainEntityOfPage":{"@id":"https:\/\/municipales.org.ar\/festram\/acuerdo-paritario-marzo-2023-cuadro-de-asignaciones-y-acta\/"},"wordCount":187,"publisher":{"@id":"https:\/\/municipales.org.ar\/festram\/#organization"},"image":{"@id":"https:\/\/municipales.org.ar\/festram\/acuerdo-paritario-marzo-2023-cuadro-de-asignaciones-y-acta\/#primaryimage"},"thumbnailUrl":"https:\/\/municipales.org.ar\/festram\/wp-content\/uploads\/2023\/03\/paritaria2023.jpg","keywords":["econom\u00eda provincial","la provincia","paritaria","pol\u00edtica salarial","titular3"],"articleSection":["Acuerdos Paritarios","Salarios y Paritarias"],"inLanguage":"es"},{"@type":"WebPage","@id":"https:\/\/municipales.org.ar\/festram\/acuerdo-paritario-marzo-2023-cuadro-de-asignaciones-y-acta\/","url":"https:\/\/municipales.org.ar\/festram\/acuerdo-paritario-marzo-2023-cuadro-de-asignaciones-y-acta\/","name":"Acuerdo Paritario Marzo 2023. Cuadro de Asignaciones y Acta &#8211; FESTRAM","isPartOf":{"@id":"https:\/\/municipales.org.ar\/festram\/#website"},"primaryImageOfPage":{"@id":"https:\/\/municipales.org.ar\/festram\/acuerdo-paritario-marzo-2023-cuadro-de-asignaciones-y-acta\/#primaryimage"},"image":{"@id":"https:\/\/municipales.org.ar\/festram\/acuerdo-paritario-marzo-2023-cuadro-de-asignaciones-y-acta\/#primaryimage"},"thumbnailUrl":"https:\/\/municipales.org.ar\/festram\/wp-content\/uploads\/2023\/03\/paritaria2023.jpg","datePublished":"2023-03-20T01:32:54+00:00","dateModified":"2023-04-03T19:18:45+00:00","description":"El incremento salarial del Acuerdo alcanzado en marzo 2023 consiste en: Un incremento del 40% (CUARENTA por ciento) sobre la pol\u00edtica salarial vigente en","breadcrumb":{"@id":"https:\/\/municipales.org.ar\/festram\/acuerdo-paritario-marzo-2023-cuadro-de-asignaciones-y-acta\/#breadcrumb"},"inLanguage":"es","potentialAction":[{"@type":"ReadAction","target":["https:\/\/municipales.org.ar\/festram\/acuerdo-paritario-marzo-2023-cuadro-de-asignaciones-y-acta\/"]}]},{"@type":"ImageObject","inLanguage":"es","@id":"https:\/\/municipales.org.ar\/festram\/acuerdo-paritario-marzo-2023-cuadro-de-asignaciones-y-acta\/#primaryimage","url":"https:\/\/municipales.org.ar\/festram\/wp-content\/uploads\/2023\/03\/paritaria2023.jpg","contentUrl":"https:\/\/municipales.org.ar\/festram\/wp-content\/uploads\/2023\/03\/paritaria2023.jpg","width":2000,"height":1413},{"@type":"BreadcrumbList","@id":"https:\/\/municipales.org.ar\/festram\/acuerdo-paritario-marzo-2023-cuadro-de-asignaciones-y-acta\/#breadcrumb","itemListElement":[{"@type":"ListItem","position":1,"name":"Portada","item":"https:\/\/municipales.org.ar\/festram\/"},{"@type":"ListItem","position":2,"name":"Acuerdo Paritario Marzo 2023. Cuadro de Asignaciones y Acta"}]},{"@type":"WebSite","@id":"https:\/\/municipales.org.ar\/festram\/#website","url":"https:\/\/municipales.org.ar\/festram\/","name":"FESTRAM","description":"La web de los trabajadores municipales","publisher":{"@id":"https:\/\/municipales.org.ar\/festram\/#organization"},"potentialAction":[{"@type":"SearchAction","target":{"@type":"EntryPoint","urlTemplate":"https:\/\/municipales.org.ar\/festram\/?s={search_term_string}"},"query-input":{"@type":"PropertyValueSpecification","valueRequired":true,"valueName":"search_term_string"}}],"inLanguage":"es"},{"@type":"Organization","@id":"https:\/\/municipales.org.ar\/festram\/#organization","name":"Federaci\u00f3n de Sindicatos de Trabajadores Municipales de la Provincia de Santa Fe","url":"https:\/\/municipales.org.ar\/festram\/","logo":{"@type":"ImageObject","inLanguage":"es","@id":"https:\/\/municipales.org.ar\/festram\/#\/schema\/logo\/image\/","url":"https:\/\/www.municipales.org.ar\/festram\/wp-content\/uploads\/2014\/07\/logo_fes.jpg","contentUrl":"https:\/\/www.municipales.org.ar\/festram\/wp-content\/uploads\/2014\/07\/logo_fes.jpg","width":661,"height":673,"caption":"Federaci\u00f3n de Sindicatos de Trabajadores Municipales de la Provincia de Santa Fe"},"image":{"@id":"https:\/\/municipales.org.ar\/festram\/#\/schema\/logo\/image\/"},"sameAs":["https:\/\/www.facebook.com\/MunicipalesSF","https:\/\/x.com\/MunicipalesSF","https:\/\/www.youtube.com\/user\/festram"]},{"@type":"Person","@id":"https:\/\/municipales.org.ar\/festram\/#\/schema\/person\/49096a774c48ce9063df4d59ec059f9e","name":"mun_admin"}]}},"jetpack_publicize_connections":[],"jetpack_featured_media_url":"https:\/\/municipales.org.ar\/festram\/wp-content\/uploads\/2023\/03\/paritaria2023.jpg","jetpack_sharing_enabled":true,"jetpack_likes_enabled":false,"jetpack_shortlink":"https:\/\/wp.me\/p7l4x1-4f1","_links":{"self":[{"href":"https:\/\/municipales.org.ar\/festram\/wp-json\/wp\/v2\/posts\/16307","targetHints":{"allow":["GET"]}}],"collection":[{"href":"https:\/\/municipales.org.ar\/festram\/wp-json\/wp\/v2\/posts"}],"about":[{"href":"https:\/\/municipales.org.ar\/festram\/wp-json\/wp\/v2\/types\/post"}],"author":[{"embeddable":true,"href":"https:\/\/municipales.org.ar\/festram\/wp-json\/wp\/v2\/users\/1"}],"replies":[{"embeddable":true,"href":"https:\/\/municipales.org.ar\/festram\/wp-json\/wp\/v2\/comments?post=16307"}],"version-history":[{"count":3,"href":"https:\/\/municipales.org.ar\/festram\/wp-json\/wp\/v2\/posts\/16307\/revisions"}],"predecessor-version":[{"id":16354,"href":"https:\/\/municipales.org.ar\/festram\/wp-json\/wp\/v2\/posts\/16307\/revisions\/16354"}],"wp:featuredmedia":[{"embeddable":true,"href":"https:\/\/municipales.org.ar\/festram\/wp-json\/wp\/v2\/media\/16311"}],"wp:attachment":[{"href":"https:\/\/municipales.org.ar\/festram\/wp-json\/wp\/v2\/media?parent=16307"}],"wp:term":[{"taxonomy":"category","embeddable":true,"href":"https:\/\/municipales.org.ar\/festram\/wp-json\/wp\/v2\/categories?post=16307"},{"taxonomy":"post_tag","embeddable":true,"href":"https:\/\/municipales.org.ar\/festram\/wp-json\/wp\/v2\/tags?post=16307"}],"curies":[{"name":"wp","href":"https:\/\/api.w.org\/{rel}","templated":true}]}}