{"id":16468,"date":"2023-06-02T18:56:29","date_gmt":"2023-06-02T21:56:29","guid":{"rendered":"https:\/\/municipales.org.ar\/festram\/?p=16468"},"modified":"2023-06-09T12:55:30","modified_gmt":"2023-06-09T15:55:30","slug":"repudio-sindical-a-la-represion-en-las-rosas","status":"publish","type":"post","link":"https:\/\/municipales.org.ar\/festram\/repudio-sindical-a-la-represion-en-las-rosas\/","title":{"rendered":"Repudio Sindical a la represi\u00f3n en Las Rosas"},"content":{"rendered":"\n<p><\/p>\n\n\n\n<h2 class=\"wp-block-heading\">Queremos manifestar nuestra absoluta preocupaci\u00f3n por el intento de supresi\u00f3n de derechos fundamentales vinculados a los trabajadores que sufren compa\u00f1eros y compa\u00f1eras municipales de la ciudad de Las Rosas, y expresamos nuestra m\u00e1s absoluta solidaridad con FESTRAM.<br><br><\/h2>\n\n\n\n<p>Repudiamos en\u00e9rgicamente la represi\u00f3n de la fuerza de seguridad contra los trabajadores y trabajadoras municipales llevada adelante por la Polic\u00eda de la Provincia de Santa Fe. Parece que existe un resabio de los peores elementos de una polic\u00eda antidemocr\u00e1tica que ofici\u00f3 como brazo armado de un proceso de derecha neoliberal que concluy\u00f3 con la desaparici\u00f3n de miles de compa\u00f1eros\/as en esta Rep\u00fablica Argentina. A esta aberraci\u00f3n ideol\u00f3gica le decimos NUNCA MAS.&nbsp;<\/p>\n\n\n\n<p>La situaci\u00f3n representa una manifiesta violaci\u00f3n al orden democr\u00e1tico consagrado tanto en la Constituci\u00f3n Nacional como en documentos Internacionales con fuerza de tal, que en el orden colectivo garantizan a los trabajadores el derecho de huelga, de peticionar a las Autoridades, entre otros, y en el plano individual establece una esfera de protecci\u00f3n de integridad f\u00edsica, ps\u00edquica y moral y el derecho al respeto debido a la dignidad inherente al ser humano, y que en los episodios vividos han sido absolutamente desconocidos.<br><\/p>\n\n\n\n<figure class=\"wp-block-gallery has-nested-images columns-default is-cropped wp-block-gallery-1 is-layout-flex wp-block-gallery-is-layout-flex\">\n<figure class=\"wp-block-image size-large\"><img loading=\"lazy\" decoding=\"async\" width=\"1024\" height=\"683\" data-id=\"16475\" src=\"https:\/\/municipales.org.ar\/festram\/wp-content\/uploads\/2023\/06\/Reunion-conflicto-Las-Rosas-FESTRAM-02-06-23-2-de-77-1-1024x683.jpg\" alt=\"\" class=\"wp-image-16475\" srcset=\"https:\/\/municipales.org.ar\/festram\/wp-content\/uploads\/2023\/06\/Reunion-conflicto-Las-Rosas-FESTRAM-02-06-23-2-de-77-1-1024x683.jpg 1024w, https:\/\/municipales.org.ar\/festram\/wp-content\/uploads\/2023\/06\/Reunion-conflicto-Las-Rosas-FESTRAM-02-06-23-2-de-77-1-300x200.jpg 300w, https:\/\/municipales.org.ar\/festram\/wp-content\/uploads\/2023\/06\/Reunion-conflicto-Las-Rosas-FESTRAM-02-06-23-2-de-77-1-768x512.jpg 768w, https:\/\/municipales.org.ar\/festram\/wp-content\/uploads\/2023\/06\/Reunion-conflicto-Las-Rosas-FESTRAM-02-06-23-2-de-77-1.jpg 1200w\" sizes=\"auto, (max-width: 1024px) 100vw, 1024px\" \/><\/figure>\n\n\n\n<figure class=\"wp-block-image size-large\"><img loading=\"lazy\" decoding=\"async\" width=\"1024\" height=\"683\" data-id=\"16477\" src=\"https:\/\/municipales.org.ar\/festram\/wp-content\/uploads\/2023\/06\/Reunion-conflicto-Las-Rosas-FESTRAM-02-06-23-3-de-77-1-1024x683.jpg\" alt=\"\" class=\"wp-image-16477\" srcset=\"https:\/\/municipales.org.ar\/festram\/wp-content\/uploads\/2023\/06\/Reunion-conflicto-Las-Rosas-FESTRAM-02-06-23-3-de-77-1-1024x683.jpg 1024w, https:\/\/municipales.org.ar\/festram\/wp-content\/uploads\/2023\/06\/Reunion-conflicto-Las-Rosas-FESTRAM-02-06-23-3-de-77-1-300x200.jpg 300w, https:\/\/municipales.org.ar\/festram\/wp-content\/uploads\/2023\/06\/Reunion-conflicto-Las-Rosas-FESTRAM-02-06-23-3-de-77-1-768x512.jpg 768w, https:\/\/municipales.org.ar\/festram\/wp-content\/uploads\/2023\/06\/Reunion-conflicto-Las-Rosas-FESTRAM-02-06-23-3-de-77-1.jpg 1200w\" sizes=\"auto, (max-width: 1024px) 100vw, 1024px\" \/><\/figure>\n\n\n\n<figure class=\"wp-block-image size-large\"><img loading=\"lazy\" decoding=\"async\" width=\"1024\" height=\"683\" data-id=\"16476\" src=\"https:\/\/municipales.org.ar\/festram\/wp-content\/uploads\/2023\/06\/Reunion-conflicto-Las-Rosas-FESTRAM-02-06-23-6-de-77-1024x683.jpg\" alt=\"\" class=\"wp-image-16476\" srcset=\"https:\/\/municipales.org.ar\/festram\/wp-content\/uploads\/2023\/06\/Reunion-conflicto-Las-Rosas-FESTRAM-02-06-23-6-de-77-1024x683.jpg 1024w, https:\/\/municipales.org.ar\/festram\/wp-content\/uploads\/2023\/06\/Reunion-conflicto-Las-Rosas-FESTRAM-02-06-23-6-de-77-300x200.jpg 300w, https:\/\/municipales.org.ar\/festram\/wp-content\/uploads\/2023\/06\/Reunion-conflicto-Las-Rosas-FESTRAM-02-06-23-6-de-77-768x512.jpg 768w, https:\/\/municipales.org.ar\/festram\/wp-content\/uploads\/2023\/06\/Reunion-conflicto-Las-Rosas-FESTRAM-02-06-23-6-de-77.jpg 1200w\" sizes=\"auto, (max-width: 1024px) 100vw, 1024px\" \/><\/figure>\n\n\n\n<figure class=\"wp-block-image size-large\"><img loading=\"lazy\" decoding=\"async\" width=\"1024\" height=\"683\" data-id=\"16479\" src=\"https:\/\/municipales.org.ar\/festram\/wp-content\/uploads\/2023\/06\/Reunion-conflicto-Las-Rosas-FESTRAM-02-06-23-41-de-77-1024x683.jpg\" alt=\"\" class=\"wp-image-16479\" srcset=\"https:\/\/municipales.org.ar\/festram\/wp-content\/uploads\/2023\/06\/Reunion-conflicto-Las-Rosas-FESTRAM-02-06-23-41-de-77-1024x683.jpg 1024w, https:\/\/municipales.org.ar\/festram\/wp-content\/uploads\/2023\/06\/Reunion-conflicto-Las-Rosas-FESTRAM-02-06-23-41-de-77-300x200.jpg 300w, https:\/\/municipales.org.ar\/festram\/wp-content\/uploads\/2023\/06\/Reunion-conflicto-Las-Rosas-FESTRAM-02-06-23-41-de-77-768x512.jpg 768w, https:\/\/municipales.org.ar\/festram\/wp-content\/uploads\/2023\/06\/Reunion-conflicto-Las-Rosas-FESTRAM-02-06-23-41-de-77.jpg 1200w\" sizes=\"auto, (max-width: 1024px) 100vw, 1024px\" \/><\/figure>\n\n\n\n<figure class=\"wp-block-image size-large\"><img loading=\"lazy\" decoding=\"async\" width=\"1024\" height=\"683\" data-id=\"16478\" src=\"https:\/\/municipales.org.ar\/festram\/wp-content\/uploads\/2023\/06\/Reunion-conflicto-Las-Rosas-FESTRAM-02-06-23-40-de-77-1-1024x683.jpg\" alt=\"\" class=\"wp-image-16478\" srcset=\"https:\/\/municipales.org.ar\/festram\/wp-content\/uploads\/2023\/06\/Reunion-conflicto-Las-Rosas-FESTRAM-02-06-23-40-de-77-1-1024x683.jpg 1024w, https:\/\/municipales.org.ar\/festram\/wp-content\/uploads\/2023\/06\/Reunion-conflicto-Las-Rosas-FESTRAM-02-06-23-40-de-77-1-300x200.jpg 300w, https:\/\/municipales.org.ar\/festram\/wp-content\/uploads\/2023\/06\/Reunion-conflicto-Las-Rosas-FESTRAM-02-06-23-40-de-77-1-768x512.jpg 768w, https:\/\/municipales.org.ar\/festram\/wp-content\/uploads\/2023\/06\/Reunion-conflicto-Las-Rosas-FESTRAM-02-06-23-40-de-77-1.jpg 1200w\" sizes=\"auto, (max-width: 1024px) 100vw, 1024px\" \/><\/figure>\n\n\n\n<figure class=\"wp-block-image size-large\"><img loading=\"lazy\" decoding=\"async\" width=\"1024\" height=\"683\" data-id=\"16480\" src=\"https:\/\/municipales.org.ar\/festram\/wp-content\/uploads\/2023\/06\/Reunion-conflicto-Las-Rosas-FESTRAM-02-06-23-26-de-77-1024x683.jpg\" alt=\"\" class=\"wp-image-16480\" srcset=\"https:\/\/municipales.org.ar\/festram\/wp-content\/uploads\/2023\/06\/Reunion-conflicto-Las-Rosas-FESTRAM-02-06-23-26-de-77-1024x683.jpg 1024w, https:\/\/municipales.org.ar\/festram\/wp-content\/uploads\/2023\/06\/Reunion-conflicto-Las-Rosas-FESTRAM-02-06-23-26-de-77-300x200.jpg 300w, https:\/\/municipales.org.ar\/festram\/wp-content\/uploads\/2023\/06\/Reunion-conflicto-Las-Rosas-FESTRAM-02-06-23-26-de-77-768x512.jpg 768w, https:\/\/municipales.org.ar\/festram\/wp-content\/uploads\/2023\/06\/Reunion-conflicto-Las-Rosas-FESTRAM-02-06-23-26-de-77.jpg 1200w\" sizes=\"auto, (max-width: 1024px) 100vw, 1024px\" \/><\/figure>\n\n\n\n<figure class=\"wp-block-image size-large\"><img loading=\"lazy\" decoding=\"async\" width=\"1024\" height=\"683\" data-id=\"16481\" src=\"https:\/\/municipales.org.ar\/festram\/wp-content\/uploads\/2023\/06\/Reunion-conflicto-Las-Rosas-FESTRAM-02-06-23-74-de-77-1024x683.jpg\" alt=\"\" class=\"wp-image-16481\" srcset=\"https:\/\/municipales.org.ar\/festram\/wp-content\/uploads\/2023\/06\/Reunion-conflicto-Las-Rosas-FESTRAM-02-06-23-74-de-77-1024x683.jpg 1024w, https:\/\/municipales.org.ar\/festram\/wp-content\/uploads\/2023\/06\/Reunion-conflicto-Las-Rosas-FESTRAM-02-06-23-74-de-77-300x200.jpg 300w, https:\/\/municipales.org.ar\/festram\/wp-content\/uploads\/2023\/06\/Reunion-conflicto-Las-Rosas-FESTRAM-02-06-23-74-de-77-768x512.jpg 768w, https:\/\/municipales.org.ar\/festram\/wp-content\/uploads\/2023\/06\/Reunion-conflicto-Las-Rosas-FESTRAM-02-06-23-74-de-77.jpg 1200w\" sizes=\"auto, (max-width: 1024px) 100vw, 1024px\" \/><\/figure>\n\n\n\n<figure class=\"wp-block-image size-large\"><img loading=\"lazy\" decoding=\"async\" width=\"1024\" height=\"683\" data-id=\"16482\" src=\"https:\/\/municipales.org.ar\/festram\/wp-content\/uploads\/2023\/06\/Reunion-conflicto-Las-Rosas-FESTRAM-02-06-23-34-de-77-1024x683.jpg\" alt=\"\" class=\"wp-image-16482\" srcset=\"https:\/\/municipales.org.ar\/festram\/wp-content\/uploads\/2023\/06\/Reunion-conflicto-Las-Rosas-FESTRAM-02-06-23-34-de-77-1024x683.jpg 1024w, https:\/\/municipales.org.ar\/festram\/wp-content\/uploads\/2023\/06\/Reunion-conflicto-Las-Rosas-FESTRAM-02-06-23-34-de-77-300x200.jpg 300w, https:\/\/municipales.org.ar\/festram\/wp-content\/uploads\/2023\/06\/Reunion-conflicto-Las-Rosas-FESTRAM-02-06-23-34-de-77-768x512.jpg 768w, https:\/\/municipales.org.ar\/festram\/wp-content\/uploads\/2023\/06\/Reunion-conflicto-Las-Rosas-FESTRAM-02-06-23-34-de-77.jpg 1200w\" sizes=\"auto, (max-width: 1024px) 100vw, 1024px\" \/><\/figure>\n\n\n\n<figure class=\"wp-block-image size-large\"><img loading=\"lazy\" decoding=\"async\" width=\"1024\" height=\"683\" data-id=\"16483\" src=\"https:\/\/municipales.org.ar\/festram\/wp-content\/uploads\/2023\/06\/Reunion-conflicto-Las-Rosas-FESTRAM-02-06-23-35-de-77-1024x683.jpg\" alt=\"\" class=\"wp-image-16483\" srcset=\"https:\/\/municipales.org.ar\/festram\/wp-content\/uploads\/2023\/06\/Reunion-conflicto-Las-Rosas-FESTRAM-02-06-23-35-de-77-1024x683.jpg 1024w, https:\/\/municipales.org.ar\/festram\/wp-content\/uploads\/2023\/06\/Reunion-conflicto-Las-Rosas-FESTRAM-02-06-23-35-de-77-300x200.jpg 300w, https:\/\/municipales.org.ar\/festram\/wp-content\/uploads\/2023\/06\/Reunion-conflicto-Las-Rosas-FESTRAM-02-06-23-35-de-77-768x512.jpg 768w, https:\/\/municipales.org.ar\/festram\/wp-content\/uploads\/2023\/06\/Reunion-conflicto-Las-Rosas-FESTRAM-02-06-23-35-de-77.jpg 1200w\" sizes=\"auto, (max-width: 1024px) 100vw, 1024px\" \/><\/figure>\n\n\n\n<figure class=\"wp-block-image size-large\"><img loading=\"lazy\" decoding=\"async\" width=\"1024\" height=\"683\" data-id=\"16484\" src=\"https:\/\/municipales.org.ar\/festram\/wp-content\/uploads\/2023\/06\/Reunion-conflicto-Las-Rosas-FESTRAM-02-06-23-30-de-77-1024x683.jpg\" alt=\"\" class=\"wp-image-16484\" srcset=\"https:\/\/municipales.org.ar\/festram\/wp-content\/uploads\/2023\/06\/Reunion-conflicto-Las-Rosas-FESTRAM-02-06-23-30-de-77-1024x683.jpg 1024w, https:\/\/municipales.org.ar\/festram\/wp-content\/uploads\/2023\/06\/Reunion-conflicto-Las-Rosas-FESTRAM-02-06-23-30-de-77-300x200.jpg 300w, https:\/\/municipales.org.ar\/festram\/wp-content\/uploads\/2023\/06\/Reunion-conflicto-Las-Rosas-FESTRAM-02-06-23-30-de-77-768x512.jpg 768w, https:\/\/municipales.org.ar\/festram\/wp-content\/uploads\/2023\/06\/Reunion-conflicto-Las-Rosas-FESTRAM-02-06-23-30-de-77.jpg 1200w\" sizes=\"auto, (max-width: 1024px) 100vw, 1024px\" \/><\/figure>\n\n\n\n<figure class=\"wp-block-image size-large\"><img loading=\"lazy\" decoding=\"async\" width=\"1024\" height=\"683\" data-id=\"16485\" src=\"https:\/\/municipales.org.ar\/festram\/wp-content\/uploads\/2023\/06\/Reunion-conflicto-Las-Rosas-FESTRAM-02-06-23-29-de-77-1024x683.jpg\" alt=\"\" class=\"wp-image-16485\" srcset=\"https:\/\/municipales.org.ar\/festram\/wp-content\/uploads\/2023\/06\/Reunion-conflicto-Las-Rosas-FESTRAM-02-06-23-29-de-77-1024x683.jpg 1024w, https:\/\/municipales.org.ar\/festram\/wp-content\/uploads\/2023\/06\/Reunion-conflicto-Las-Rosas-FESTRAM-02-06-23-29-de-77-300x200.jpg 300w, https:\/\/municipales.org.ar\/festram\/wp-content\/uploads\/2023\/06\/Reunion-conflicto-Las-Rosas-FESTRAM-02-06-23-29-de-77-768x512.jpg 768w, https:\/\/municipales.org.ar\/festram\/wp-content\/uploads\/2023\/06\/Reunion-conflicto-Las-Rosas-FESTRAM-02-06-23-29-de-77.jpg 1200w\" sizes=\"auto, (max-width: 1024px) 100vw, 1024px\" \/><\/figure>\n<\/figure>\n\n\n\n<p><br><br>Resulta inconcebible que despu\u00e9s de 40 a\u00f1os de democracia existan Autoridades P\u00fablicas, en este caso un Intendente Municipal, que tenga licencias para desconocer instituciones que forman parte de la construcci\u00f3n del sistema democr\u00e1tico como resultan ser la obligaci\u00f3n institucional de contribuir al di\u00e1logo social con los representantes de las entidades sindicales y de respetar el Art\u00edculo 14 Bis de la Constituci\u00f3n Nacional que establece el principio seg\u00fan el cual el trabajo gozar\u00e1 de la protecci\u00f3n de las leyes.<\/p>\n\n\n\n<p>Entendemos que el poder Ejecutivo Provincial debe dictar en forma urgente a Conciliaci\u00f3n Obligatoria, herramienta legal que obliga a las partes a establecer una negociaci\u00f3n tendiente a superar el conflicto vigente y contribuir al sostenimiento de la Paz Social.<br><\/p>\n\n\n\n<h5 class=\"wp-block-heading\">CTA DE LOS TRABAJADORES- ATE- SOEPU- AMSAFE- SADOP- CGT REGIONAL SANTA FE \u2013 CGT SAN LORENZO \u2013 CGT REGIONAL RECONQUISTA- CTA AUT\u00d3NOMA \u2013 SIPRUS- ADUL-AAPEM-FENAT-SIDUT- SOCRA- CAMIONEROS- ASOCIACION TRABAJADORES DE PRENSA DE SANTA FE- SUPASO-ASOCIACI\u00d3N ARGENTINA DE ACTORES- UTEPLIM -APOPS- CORRIENTE FEDERAL DE TRABAJADORES- INTERSINDICAL DE CASILDA<\/h5>\n","protected":false},"excerpt":{"rendered":"<p>Queremos manifestar nuestra absoluta preocupaci\u00f3n por el intento de supresi\u00f3n de derechos fundamentales vinculados a los trabajadores que sufren compa\u00f1eros y compa\u00f1eras municipales de la ciudad de Las Rosas, y expresamos nuestra m\u00e1s absoluta solidaridad con FESTRAM.<\/p>\n","protected":false},"author":1,"featured_media":16486,"comment_status":"closed","ping_status":"closed","sticky":false,"template":"","format":"standard","meta":{"_jetpack_memberships_contains_paid_content":false,"footnotes":"","jetpack_publicize_message":"","jetpack_publicize_feature_enabled":true,"jetpack_social_post_already_shared":true,"jetpack_social_options":{"image_generator_settings":{"template":"highway","default_image_id":0,"font":"","enabled":false},"version":2}},"categories":[247],"tags":[163,109,134,71,67],"class_list":["post-16468","post","type-post","status-publish","format-standard","has-post-thumbnail","hentry","category-comunicados-2023","tag-cta","tag-la-provincia","tag-las-rosas","tag-medidas-de-fuerza","tag-sindicatos-afiliados"],"yoast_head":"<!-- This site is optimized with the Yoast SEO plugin v25.9 - https:\/\/yoast.com\/wordpress\/plugins\/seo\/ -->\n<title>Repudio Sindical a la represi\u00f3n en Las Rosas &#8211; FESTRAM<\/title>\n<meta name=\"description\" content=\"Queremos manifestar nuestra absoluta preocupaci\u00f3n por el intento de supresi\u00f3n de derechos fundamentales vinculados a los trabajadores que sufren compa\u00f1eros y compa\u00f1eras municipales de la ciudad de Las Rosas, y expresamos nuestra m\u00e1s absoluta solidaridad con FESTRAM.\" \/>\n<meta name=\"robots\" content=\"index, follow, max-snippet:-1, max-image-preview:large, max-video-preview:-1\" \/>\n<link rel=\"canonical\" href=\"https:\/\/municipales.org.ar\/festram\/repudio-sindical-a-la-represion-en-las-rosas\/\" \/>\n<meta property=\"og:locale\" content=\"es_ES\" \/>\n<meta property=\"og:type\" content=\"article\" \/>\n<meta property=\"og:title\" content=\"Repudio Sindical a la represi\u00f3n en Las Rosas &#8211; FESTRAM\" \/>\n<meta property=\"og:description\" content=\"Queremos manifestar nuestra absoluta preocupaci\u00f3n por el intento de supresi\u00f3n de derechos fundamentales vinculados a los trabajadores que sufren compa\u00f1eros y compa\u00f1eras municipales de la ciudad de Las Rosas, y expresamos nuestra m\u00e1s absoluta solidaridad con FESTRAM.\" \/>\n<meta property=\"og:url\" content=\"https:\/\/municipales.org.ar\/festram\/repudio-sindical-a-la-represion-en-las-rosas\/\" \/>\n<meta property=\"og:site_name\" content=\"FESTRAM\" \/>\n<meta property=\"article:publisher\" content=\"https:\/\/www.facebook.com\/MunicipalesSF\" \/>\n<meta property=\"article:published_time\" content=\"2023-06-02T21:56:29+00:00\" \/>\n<meta property=\"article:modified_time\" content=\"2023-06-09T15:55:30+00:00\" \/>\n<meta property=\"og:image\" content=\"https:\/\/municipales.org.ar\/festram\/wp-content\/uploads\/2023\/06\/Reunion-conflicto-Las-Rosas-FESTRAM-02-06-23-28-de-77-scaled.jpg\" \/>\n\t<meta property=\"og:image:width\" content=\"2560\" \/>\n\t<meta property=\"og:image:height\" content=\"1707\" \/>\n\t<meta property=\"og:image:type\" content=\"image\/jpeg\" \/>\n<meta name=\"author\" content=\"mun_admin\" \/>\n<meta name=\"twitter:card\" content=\"summary_large_image\" \/>\n<meta name=\"twitter:creator\" content=\"@MunicipalesSF\" \/>\n<meta name=\"twitter:site\" content=\"@MunicipalesSF\" \/>\n<meta name=\"twitter:label1\" content=\"Escrito por\" \/>\n\t<meta name=\"twitter:data1\" content=\"mun_admin\" \/>\n\t<meta name=\"twitter:label2\" content=\"Tiempo de lectura\" \/>\n\t<meta name=\"twitter:data2\" content=\"4 minutos\" \/>\n<script type=\"application\/ld+json\" class=\"yoast-schema-graph\">{\"@context\":\"https:\/\/schema.org\",\"@graph\":[{\"@type\":\"Article\",\"@id\":\"https:\/\/municipales.org.ar\/festram\/repudio-sindical-a-la-represion-en-las-rosas\/#article\",\"isPartOf\":{\"@id\":\"https:\/\/municipales.org.ar\/festram\/repudio-sindical-a-la-represion-en-las-rosas\/\"},\"author\":{\"name\":\"mun_admin\",\"@id\":\"https:\/\/municipales.org.ar\/festram\/#\/schema\/person\/49096a774c48ce9063df4d59ec059f9e\"},\"headline\":\"Repudio Sindical a la represi\u00f3n en Las Rosas\",\"datePublished\":\"2023-06-02T21:56:29+00:00\",\"dateModified\":\"2023-06-09T15:55:30+00:00\",\"mainEntityOfPage\":{\"@id\":\"https:\/\/municipales.org.ar\/festram\/repudio-sindical-a-la-represion-en-las-rosas\/\"},\"wordCount\":397,\"publisher\":{\"@id\":\"https:\/\/municipales.org.ar\/festram\/#organization\"},\"image\":{\"@id\":\"https:\/\/municipales.org.ar\/festram\/repudio-sindical-a-la-represion-en-las-rosas\/#primaryimage\"},\"thumbnailUrl\":\"https:\/\/municipales.org.ar\/festram\/wp-content\/uploads\/2023\/06\/Reunion-conflicto-Las-Rosas-FESTRAM-02-06-23-28-de-77-scaled.jpg\",\"keywords\":[\"CTA\",\"la provincia\",\"las rosas\",\"medidas de fuerza\",\"sindicatos afiliados\"],\"articleSection\":[\"Comunicados 2023\"],\"inLanguage\":\"es\"},{\"@type\":\"WebPage\",\"@id\":\"https:\/\/municipales.org.ar\/festram\/repudio-sindical-a-la-represion-en-las-rosas\/\",\"url\":\"https:\/\/municipales.org.ar\/festram\/repudio-sindical-a-la-represion-en-las-rosas\/\",\"name\":\"Repudio Sindical a la represi\u00f3n en Las Rosas &#8211; FESTRAM\",\"isPartOf\":{\"@id\":\"https:\/\/municipales.org.ar\/festram\/#website\"},\"primaryImageOfPage\":{\"@id\":\"https:\/\/municipales.org.ar\/festram\/repudio-sindical-a-la-represion-en-las-rosas\/#primaryimage\"},\"image\":{\"@id\":\"https:\/\/municipales.org.ar\/festram\/repudio-sindical-a-la-represion-en-las-rosas\/#primaryimage\"},\"thumbnailUrl\":\"https:\/\/municipales.org.ar\/festram\/wp-content\/uploads\/2023\/06\/Reunion-conflicto-Las-Rosas-FESTRAM-02-06-23-28-de-77-scaled.jpg\",\"datePublished\":\"2023-06-02T21:56:29+00:00\",\"dateModified\":\"2023-06-09T15:55:30+00:00\",\"description\":\"Queremos manifestar nuestra absoluta preocupaci\u00f3n por el intento de supresi\u00f3n de derechos fundamentales vinculados a los trabajadores que sufren compa\u00f1eros y compa\u00f1eras municipales de la ciudad de Las Rosas, y expresamos nuestra m\u00e1s absoluta solidaridad con FESTRAM.\",\"breadcrumb\":{\"@id\":\"https:\/\/municipales.org.ar\/festram\/repudio-sindical-a-la-represion-en-las-rosas\/#breadcrumb\"},\"inLanguage\":\"es\",\"potentialAction\":[{\"@type\":\"ReadAction\",\"target\":[\"https:\/\/municipales.org.ar\/festram\/repudio-sindical-a-la-represion-en-las-rosas\/\"]}]},{\"@type\":\"ImageObject\",\"inLanguage\":\"es\",\"@id\":\"https:\/\/municipales.org.ar\/festram\/repudio-sindical-a-la-represion-en-las-rosas\/#primaryimage\",\"url\":\"https:\/\/municipales.org.ar\/festram\/wp-content\/uploads\/2023\/06\/Reunion-conflicto-Las-Rosas-FESTRAM-02-06-23-28-de-77-scaled.jpg\",\"contentUrl\":\"https:\/\/municipales.org.ar\/festram\/wp-content\/uploads\/2023\/06\/Reunion-conflicto-Las-Rosas-FESTRAM-02-06-23-28-de-77-scaled.jpg\",\"width\":2560,\"height\":1707},{\"@type\":\"BreadcrumbList\",\"@id\":\"https:\/\/municipales.org.ar\/festram\/repudio-sindical-a-la-represion-en-las-rosas\/#breadcrumb\",\"itemListElement\":[{\"@type\":\"ListItem\",\"position\":1,\"name\":\"Portada\",\"item\":\"https:\/\/municipales.org.ar\/festram\/\"},{\"@type\":\"ListItem\",\"position\":2,\"name\":\"Repudio Sindical a la represi\u00f3n en Las Rosas\"}]},{\"@type\":\"WebSite\",\"@id\":\"https:\/\/municipales.org.ar\/festram\/#website\",\"url\":\"https:\/\/municipales.org.ar\/festram\/\",\"name\":\"FESTRAM\",\"description\":\"La web de los trabajadores municipales\",\"publisher\":{\"@id\":\"https:\/\/municipales.org.ar\/festram\/#organization\"},\"potentialAction\":[{\"@type\":\"SearchAction\",\"target\":{\"@type\":\"EntryPoint\",\"urlTemplate\":\"https:\/\/municipales.org.ar\/festram\/?s={search_term_string}\"},\"query-input\":{\"@type\":\"PropertyValueSpecification\",\"valueRequired\":true,\"valueName\":\"search_term_string\"}}],\"inLanguage\":\"es\"},{\"@type\":\"Organization\",\"@id\":\"https:\/\/municipales.org.ar\/festram\/#organization\",\"name\":\"Federaci\u00f3n de Sindicatos de Trabajadores Municipales de la Provincia de Santa Fe\",\"url\":\"https:\/\/municipales.org.ar\/festram\/\",\"logo\":{\"@type\":\"ImageObject\",\"inLanguage\":\"es\",\"@id\":\"https:\/\/municipales.org.ar\/festram\/#\/schema\/logo\/image\/\",\"url\":\"https:\/\/www.municipales.org.ar\/festram\/wp-content\/uploads\/2014\/07\/logo_fes.jpg\",\"contentUrl\":\"https:\/\/www.municipales.org.ar\/festram\/wp-content\/uploads\/2014\/07\/logo_fes.jpg\",\"width\":661,\"height\":673,\"caption\":\"Federaci\u00f3n de Sindicatos de Trabajadores Municipales de la Provincia de Santa Fe\"},\"image\":{\"@id\":\"https:\/\/municipales.org.ar\/festram\/#\/schema\/logo\/image\/\"},\"sameAs\":[\"https:\/\/www.facebook.com\/MunicipalesSF\",\"https:\/\/x.com\/MunicipalesSF\",\"https:\/\/www.youtube.com\/user\/festram\"]},{\"@type\":\"Person\",\"@id\":\"https:\/\/municipales.org.ar\/festram\/#\/schema\/person\/49096a774c48ce9063df4d59ec059f9e\",\"name\":\"mun_admin\"}]}<\/script>\n<!-- \/ Yoast SEO plugin. -->","yoast_head_json":{"title":"Repudio Sindical a la represi\u00f3n en Las Rosas &#8211; FESTRAM","description":"Queremos manifestar nuestra absoluta preocupaci\u00f3n por el intento de supresi\u00f3n de derechos fundamentales vinculados a los trabajadores que sufren compa\u00f1eros y compa\u00f1eras municipales de la ciudad de Las Rosas, y expresamos nuestra m\u00e1s absoluta solidaridad con FESTRAM.","robots":{"index":"index","follow":"follow","max-snippet":"max-snippet:-1","max-image-preview":"max-image-preview:large","max-video-preview":"max-video-preview:-1"},"canonical":"https:\/\/municipales.org.ar\/festram\/repudio-sindical-a-la-represion-en-las-rosas\/","og_locale":"es_ES","og_type":"article","og_title":"Repudio Sindical a la represi\u00f3n en Las Rosas &#8211; FESTRAM","og_description":"Queremos manifestar nuestra absoluta preocupaci\u00f3n por el intento de supresi\u00f3n de derechos fundamentales vinculados a los trabajadores que sufren compa\u00f1eros y compa\u00f1eras municipales de la ciudad de Las Rosas, y expresamos nuestra m\u00e1s absoluta solidaridad con FESTRAM.","og_url":"https:\/\/municipales.org.ar\/festram\/repudio-sindical-a-la-represion-en-las-rosas\/","og_site_name":"FESTRAM","article_publisher":"https:\/\/www.facebook.com\/MunicipalesSF","article_published_time":"2023-06-02T21:56:29+00:00","article_modified_time":"2023-06-09T15:55:30+00:00","og_image":[{"width":2560,"height":1707,"url":"https:\/\/municipales.org.ar\/festram\/wp-content\/uploads\/2023\/06\/Reunion-conflicto-Las-Rosas-FESTRAM-02-06-23-28-de-77-scaled.jpg","type":"image\/jpeg"}],"author":"mun_admin","twitter_card":"summary_large_image","twitter_creator":"@MunicipalesSF","twitter_site":"@MunicipalesSF","twitter_misc":{"Escrito por":"mun_admin","Tiempo de lectura":"4 minutos"},"schema":{"@context":"https:\/\/schema.org","@graph":[{"@type":"Article","@id":"https:\/\/municipales.org.ar\/festram\/repudio-sindical-a-la-represion-en-las-rosas\/#article","isPartOf":{"@id":"https:\/\/municipales.org.ar\/festram\/repudio-sindical-a-la-represion-en-las-rosas\/"},"author":{"name":"mun_admin","@id":"https:\/\/municipales.org.ar\/festram\/#\/schema\/person\/49096a774c48ce9063df4d59ec059f9e"},"headline":"Repudio Sindical a la represi\u00f3n en Las Rosas","datePublished":"2023-06-02T21:56:29+00:00","dateModified":"2023-06-09T15:55:30+00:00","mainEntityOfPage":{"@id":"https:\/\/municipales.org.ar\/festram\/repudio-sindical-a-la-represion-en-las-rosas\/"},"wordCount":397,"publisher":{"@id":"https:\/\/municipales.org.ar\/festram\/#organization"},"image":{"@id":"https:\/\/municipales.org.ar\/festram\/repudio-sindical-a-la-represion-en-las-rosas\/#primaryimage"},"thumbnailUrl":"https:\/\/municipales.org.ar\/festram\/wp-content\/uploads\/2023\/06\/Reunion-conflicto-Las-Rosas-FESTRAM-02-06-23-28-de-77-scaled.jpg","keywords":["CTA","la provincia","las rosas","medidas de fuerza","sindicatos afiliados"],"articleSection":["Comunicados 2023"],"inLanguage":"es"},{"@type":"WebPage","@id":"https:\/\/municipales.org.ar\/festram\/repudio-sindical-a-la-represion-en-las-rosas\/","url":"https:\/\/municipales.org.ar\/festram\/repudio-sindical-a-la-represion-en-las-rosas\/","name":"Repudio Sindical a la represi\u00f3n en Las Rosas &#8211; FESTRAM","isPartOf":{"@id":"https:\/\/municipales.org.ar\/festram\/#website"},"primaryImageOfPage":{"@id":"https:\/\/municipales.org.ar\/festram\/repudio-sindical-a-la-represion-en-las-rosas\/#primaryimage"},"image":{"@id":"https:\/\/municipales.org.ar\/festram\/repudio-sindical-a-la-represion-en-las-rosas\/#primaryimage"},"thumbnailUrl":"https:\/\/municipales.org.ar\/festram\/wp-content\/uploads\/2023\/06\/Reunion-conflicto-Las-Rosas-FESTRAM-02-06-23-28-de-77-scaled.jpg","datePublished":"2023-06-02T21:56:29+00:00","dateModified":"2023-06-09T15:55:30+00:00","description":"Queremos manifestar nuestra absoluta preocupaci\u00f3n por el intento de supresi\u00f3n de derechos fundamentales vinculados a los trabajadores que sufren compa\u00f1eros y compa\u00f1eras municipales de la ciudad de Las Rosas, y expresamos nuestra m\u00e1s absoluta solidaridad con FESTRAM.","breadcrumb":{"@id":"https:\/\/municipales.org.ar\/festram\/repudio-sindical-a-la-represion-en-las-rosas\/#breadcrumb"},"inLanguage":"es","potentialAction":[{"@type":"ReadAction","target":["https:\/\/municipales.org.ar\/festram\/repudio-sindical-a-la-represion-en-las-rosas\/"]}]},{"@type":"ImageObject","inLanguage":"es","@id":"https:\/\/municipales.org.ar\/festram\/repudio-sindical-a-la-represion-en-las-rosas\/#primaryimage","url":"https:\/\/municipales.org.ar\/festram\/wp-content\/uploads\/2023\/06\/Reunion-conflicto-Las-Rosas-FESTRAM-02-06-23-28-de-77-scaled.jpg","contentUrl":"https:\/\/municipales.org.ar\/festram\/wp-content\/uploads\/2023\/06\/Reunion-conflicto-Las-Rosas-FESTRAM-02-06-23-28-de-77-scaled.jpg","width":2560,"height":1707},{"@type":"BreadcrumbList","@id":"https:\/\/municipales.org.ar\/festram\/repudio-sindical-a-la-represion-en-las-rosas\/#breadcrumb","itemListElement":[{"@type":"ListItem","position":1,"name":"Portada","item":"https:\/\/municipales.org.ar\/festram\/"},{"@type":"ListItem","position":2,"name":"Repudio Sindical a la represi\u00f3n en Las Rosas"}]},{"@type":"WebSite","@id":"https:\/\/municipales.org.ar\/festram\/#website","url":"https:\/\/municipales.org.ar\/festram\/","name":"FESTRAM","description":"La web de los trabajadores municipales","publisher":{"@id":"https:\/\/municipales.org.ar\/festram\/#organization"},"potentialAction":[{"@type":"SearchAction","target":{"@type":"EntryPoint","urlTemplate":"https:\/\/municipales.org.ar\/festram\/?s={search_term_string}"},"query-input":{"@type":"PropertyValueSpecification","valueRequired":true,"valueName":"search_term_string"}}],"inLanguage":"es"},{"@type":"Organization","@id":"https:\/\/municipales.org.ar\/festram\/#organization","name":"Federaci\u00f3n de Sindicatos de Trabajadores Municipales de la Provincia de Santa Fe","url":"https:\/\/municipales.org.ar\/festram\/","logo":{"@type":"ImageObject","inLanguage":"es","@id":"https:\/\/municipales.org.ar\/festram\/#\/schema\/logo\/image\/","url":"https:\/\/www.municipales.org.ar\/festram\/wp-content\/uploads\/2014\/07\/logo_fes.jpg","contentUrl":"https:\/\/www.municipales.org.ar\/festram\/wp-content\/uploads\/2014\/07\/logo_fes.jpg","width":661,"height":673,"caption":"Federaci\u00f3n de Sindicatos de Trabajadores Municipales de la Provincia de Santa Fe"},"image":{"@id":"https:\/\/municipales.org.ar\/festram\/#\/schema\/logo\/image\/"},"sameAs":["https:\/\/www.facebook.com\/MunicipalesSF","https:\/\/x.com\/MunicipalesSF","https:\/\/www.youtube.com\/user\/festram"]},{"@type":"Person","@id":"https:\/\/municipales.org.ar\/festram\/#\/schema\/person\/49096a774c48ce9063df4d59ec059f9e","name":"mun_admin"}]}},"jetpack_publicize_connections":[],"jetpack_featured_media_url":"https:\/\/municipales.org.ar\/festram\/wp-content\/uploads\/2023\/06\/Reunion-conflicto-Las-Rosas-FESTRAM-02-06-23-28-de-77-scaled.jpg","jetpack_sharing_enabled":true,"jetpack_likes_enabled":false,"jetpack_shortlink":"https:\/\/wp.me\/p7l4x1-4hC","_links":{"self":[{"href":"https:\/\/municipales.org.ar\/festram\/wp-json\/wp\/v2\/posts\/16468","targetHints":{"allow":["GET"]}}],"collection":[{"href":"https:\/\/municipales.org.ar\/festram\/wp-json\/wp\/v2\/posts"}],"about":[{"href":"https:\/\/municipales.org.ar\/festram\/wp-json\/wp\/v2\/types\/post"}],"author":[{"embeddable":true,"href":"https:\/\/municipales.org.ar\/festram\/wp-json\/wp\/v2\/users\/1"}],"replies":[{"embeddable":true,"href":"https:\/\/municipales.org.ar\/festram\/wp-json\/wp\/v2\/comments?post=16468"}],"version-history":[{"count":1,"href":"https:\/\/municipales.org.ar\/festram\/wp-json\/wp\/v2\/posts\/16468\/revisions"}],"predecessor-version":[{"id":16487,"href":"https:\/\/municipales.org.ar\/festram\/wp-json\/wp\/v2\/posts\/16468\/revisions\/16487"}],"wp:featuredmedia":[{"embeddable":true,"href":"https:\/\/municipales.org.ar\/festram\/wp-json\/wp\/v2\/media\/16486"}],"wp:attachment":[{"href":"https:\/\/municipales.org.ar\/festram\/wp-json\/wp\/v2\/media?parent=16468"}],"wp:term":[{"taxonomy":"category","embeddable":true,"href":"https:\/\/municipales.org.ar\/festram\/wp-json\/wp\/v2\/categories?post=16468"},{"taxonomy":"post_tag","embeddable":true,"href":"https:\/\/municipales.org.ar\/festram\/wp-json\/wp\/v2\/tags?post=16468"}],"curies":[{"name":"wp","href":"https:\/\/api.w.org\/{rel}","templated":true}]}}