{"id":16517,"date":"2023-06-14T16:31:29","date_gmt":"2023-06-14T19:31:29","guid":{"rendered":"https:\/\/municipales.org.ar\/festram\/?p=16517"},"modified":"2023-08-07T07:33:51","modified_gmt":"2023-08-07T10:33:51","slug":"festram-participo-de-la-multisectorial-por-la-paz-en-rosario","status":"publish","type":"post","link":"https:\/\/municipales.org.ar\/festram\/festram-participo-de-la-multisectorial-por-la-paz-en-rosario\/","title":{"rendered":"FESTRAM particip\u00f3 de la Multisectorial por la Paz en Rosario"},"content":{"rendered":"\n<p><\/p>\n\n\n\n<h2 class=\"wp-block-heading\">El pasado viernes 9 de junio numerosas organizaciones sindicales y sociales convocaron a un encuentro en el que se constituy\u00f3 la constituci\u00f3n de la \u201cMultisectorial por la Paz\u201d, ante los hechos de violencia que se vienen produciendo y agudizando en la ciudad de Rosario y localidades aleda\u00f1as.<br><br><\/h2>\n\n\n\n<p>En los fundamentos de la convocatoria expresa: \u201cNos convocamos ante la grav\u00edsima situaci\u00f3n que estamos atravesando en relaci\u00f3n a la violencia entendiendo que es necesario abordarla con todos los actores de la sociedad.&nbsp; Llamamos a construir el paro regional y una gran movilizaci\u00f3n ciudadana. Sostenemos que la escuela sola no puede, que debemos rodear nuestras escuelas, hospitales y a la ciudadan\u00eda en general.&nbsp; Sostenemos que \u201clas escuelas son territorios de paz \u00bb y que no podemos dejar solos a nuestros maestros y nuestros estudiantes.&nbsp; Exigimos a las autoridades el cese de la violencia en Rosario y la regi\u00f3n.&nbsp; Exigimos al Gobierno Provincial, a la Justicia y a las Fuerzas de Seguridad, la resoluci\u00f3n de esta grave situaci\u00f3n que tiene a toda la ciudadan\u00eda de reh\u00e9n. \u00a1Construyamos entre todas y todos un contundente paro regional ciudadano!\u201d<\/p>\n\n\n\n<p><\/p>\n\n\n\n<figure class=\"wp-block-gallery has-nested-images columns-default is-cropped wp-block-gallery-1 is-layout-flex wp-block-gallery-is-layout-flex\">\n<figure class=\"wp-block-image size-large\"><img loading=\"lazy\" decoding=\"async\" width=\"825\" height=\"651\" data-id=\"16518\" src=\"https:\/\/municipales.org.ar\/festram\/wp-content\/uploads\/2023\/06\/7d1d1fbd-ef56-43fb-9b58-233dc6832ca8.jpg\" alt=\"\" class=\"wp-image-16518\" srcset=\"https:\/\/municipales.org.ar\/festram\/wp-content\/uploads\/2023\/06\/7d1d1fbd-ef56-43fb-9b58-233dc6832ca8.jpg 825w, https:\/\/municipales.org.ar\/festram\/wp-content\/uploads\/2023\/06\/7d1d1fbd-ef56-43fb-9b58-233dc6832ca8-300x237.jpg 300w, https:\/\/municipales.org.ar\/festram\/wp-content\/uploads\/2023\/06\/7d1d1fbd-ef56-43fb-9b58-233dc6832ca8-768x606.jpg 768w\" sizes=\"auto, (max-width: 825px) 100vw, 825px\" \/><\/figure>\n\n\n\n<figure class=\"wp-block-image size-large\"><img loading=\"lazy\" decoding=\"async\" width=\"1024\" height=\"576\" data-id=\"16520\" src=\"https:\/\/municipales.org.ar\/festram\/wp-content\/uploads\/2023\/06\/ed0de22e-918f-44ad-b00e-f75fd84a0aef-1024x576.jpg\" alt=\"\" class=\"wp-image-16520\" srcset=\"https:\/\/municipales.org.ar\/festram\/wp-content\/uploads\/2023\/06\/ed0de22e-918f-44ad-b00e-f75fd84a0aef-1024x576.jpg 1024w, https:\/\/municipales.org.ar\/festram\/wp-content\/uploads\/2023\/06\/ed0de22e-918f-44ad-b00e-f75fd84a0aef-300x169.jpg 300w, https:\/\/municipales.org.ar\/festram\/wp-content\/uploads\/2023\/06\/ed0de22e-918f-44ad-b00e-f75fd84a0aef-768x432.jpg 768w, https:\/\/municipales.org.ar\/festram\/wp-content\/uploads\/2023\/06\/ed0de22e-918f-44ad-b00e-f75fd84a0aef-1536x864.jpg 1536w, https:\/\/municipales.org.ar\/festram\/wp-content\/uploads\/2023\/06\/ed0de22e-918f-44ad-b00e-f75fd84a0aef.jpg 1600w\" sizes=\"auto, (max-width: 1024px) 100vw, 1024px\" \/><\/figure>\n<\/figure>\n\n\n\n<p><br><br>El Secretario de Relaciones Internacionales y Derechos Humanos de FESTRAM, Luis Cruz particip\u00f3 en representaci\u00f3n de la misma. Es importante se\u00f1alar que desde distintos estamentos obreros, pol\u00edticos, sociales y de instituciones intermedias se est\u00e1n organizando medidas de protesta y paros, frente a la situaci\u00f3n antes descripta.<\/p>\n\n\n\n<p>Las Organizaciones que constituyen la Multisectorial son: CTA De los Trabajadores y Trabajadoras Provincia de Santa Fe, MSR, AMSAFE Provincial, Delegaciones AMSAFE Iriondo-San Lorenzo-Villa Constituci\u00f3n, SADOP Rosario, ATE Verde y Blanca, FESTRAM, SITRAM, Asociaci\u00f3n Bancaria, Luz y Fuerza, Sindicato de Prensa Rosario, Sindicato de Correos, SIPRUS, Agrup. Azul y Blanca COAD, APYME, Sindicato Almaceneros, Sindicato Peluqueros, Movimiento Libertador San Martin, Mesa Encuentro Barrial, Movimiento Fed. Belgrano, Ciudad Futura, Centro de Estudiantes Normal N\u00b0 1, Pastoral Social Evang\u00e9lica, CCC, PCCE, MTE Vientos de Libertad, La Colmena-Baigorria, La Poderosa, Centro Ecum\u00e9nico Poriajhu, FM Aire Libre, Acci\u00f3n Popular, La Corriente de Rosario, Estudiantes y Docentes Mov. Evita, Secretaria General de la FUR, AIRE, UES-Uni\u00f3n de Estudiantes Secundarios, Bases \u2013 Ps, Foro de Infancias Rosario, Intersectorial Barrio San Francisquito, Aldeas Infantiles ONG, Equipo Socio Educativo, Colegio de Psic\u00f3logos, Soberanos Rosario, La Porfiada Memoria, DIputadas Matilde Bruera y Lucila De Ponti, Concejal Juan Monteverde y Concejala Carem Tep.<\/p>\n","protected":false},"excerpt":{"rendered":"<p>El pasado viernes 9 de junio numerosas organizaciones sindicales y sociales convocaron a un encuentro en el que se constituy\u00f3 la constituci\u00f3n de la \u201cMultisectorial por la Paz\u201d, ante los hechos de violencia que se vienen produciendo y agudizando en la ciudad de Rosario y localidades aleda\u00f1as.<\/p>\n","protected":false},"author":1,"featured_media":16519,"comment_status":"closed","ping_status":"closed","sticky":false,"template":"","format":"standard","meta":{"_jetpack_memberships_contains_paid_content":false,"footnotes":"","jetpack_publicize_message":"","jetpack_publicize_feature_enabled":true,"jetpack_social_post_already_shared":true,"jetpack_social_options":{"image_generator_settings":{"template":"highway","default_image_id":0,"font":"","enabled":false},"version":2}},"categories":[247,218],"tags":[163],"class_list":["post-16517","post","type-post","status-publish","format-standard","has-post-thumbnail","hentry","category-comunicados-2023","category-movimiento-obrero","tag-cta"],"yoast_head":"<!-- This site is optimized with the Yoast SEO plugin v25.9 - https:\/\/yoast.com\/wordpress\/plugins\/seo\/ -->\n<title>FESTRAM particip\u00f3 de la Multisectorial por la Paz en Rosario &#8211; FESTRAM<\/title>\n<meta name=\"description\" content=\"El pasado viernes 9 de junio numerosas organizaciones sindicales y sociales convocaron a un encuentro en el que se constituy\u00f3 la constituci\u00f3n de la \u201cMultisectorial por la Paz\u201d, ante los hechos de violencia que se vienen produciendo y agudizando en la ciudad de Rosario y localidades aleda\u00f1as.\" \/>\n<meta name=\"robots\" content=\"index, follow, max-snippet:-1, max-image-preview:large, max-video-preview:-1\" \/>\n<link rel=\"canonical\" href=\"https:\/\/municipales.org.ar\/festram\/festram-participo-de-la-multisectorial-por-la-paz-en-rosario\/\" \/>\n<meta property=\"og:locale\" content=\"es_ES\" \/>\n<meta property=\"og:type\" content=\"article\" \/>\n<meta property=\"og:title\" content=\"FESTRAM particip\u00f3 de la Multisectorial por la Paz en Rosario &#8211; FESTRAM\" \/>\n<meta property=\"og:description\" content=\"El pasado viernes 9 de junio numerosas organizaciones sindicales y sociales convocaron a un encuentro en el que se constituy\u00f3 la constituci\u00f3n de la \u201cMultisectorial por la Paz\u201d, ante los hechos de violencia que se vienen produciendo y agudizando en la ciudad de Rosario y localidades aleda\u00f1as.\" \/>\n<meta property=\"og:url\" content=\"https:\/\/municipales.org.ar\/festram\/festram-participo-de-la-multisectorial-por-la-paz-en-rosario\/\" \/>\n<meta property=\"og:site_name\" content=\"FESTRAM\" \/>\n<meta property=\"article:publisher\" content=\"https:\/\/www.facebook.com\/MunicipalesSF\" \/>\n<meta property=\"article:published_time\" content=\"2023-06-14T19:31:29+00:00\" \/>\n<meta property=\"article:modified_time\" content=\"2023-08-07T10:33:51+00:00\" \/>\n<meta property=\"og:image\" content=\"https:\/\/municipales.org.ar\/festram\/wp-content\/uploads\/2023\/06\/multisectorial-por-la-paz1-e1686770979174.jpg\" \/>\n\t<meta property=\"og:image:width\" content=\"1280\" \/>\n\t<meta property=\"og:image:height\" content=\"700\" \/>\n\t<meta property=\"og:image:type\" content=\"image\/jpeg\" \/>\n<meta name=\"author\" content=\"mun_admin\" \/>\n<meta name=\"twitter:card\" content=\"summary_large_image\" \/>\n<meta name=\"twitter:creator\" content=\"@MunicipalesSF\" \/>\n<meta name=\"twitter:site\" content=\"@MunicipalesSF\" \/>\n<meta name=\"twitter:label1\" content=\"Escrito por\" \/>\n\t<meta name=\"twitter:data1\" content=\"mun_admin\" \/>\n\t<meta name=\"twitter:label2\" content=\"Tiempo de lectura\" \/>\n\t<meta name=\"twitter:data2\" content=\"3 minutos\" \/>\n<script type=\"application\/ld+json\" class=\"yoast-schema-graph\">{\"@context\":\"https:\/\/schema.org\",\"@graph\":[{\"@type\":\"Article\",\"@id\":\"https:\/\/municipales.org.ar\/festram\/festram-participo-de-la-multisectorial-por-la-paz-en-rosario\/#article\",\"isPartOf\":{\"@id\":\"https:\/\/municipales.org.ar\/festram\/festram-participo-de-la-multisectorial-por-la-paz-en-rosario\/\"},\"author\":{\"name\":\"mun_admin\",\"@id\":\"https:\/\/municipales.org.ar\/festram\/#\/schema\/person\/49096a774c48ce9063df4d59ec059f9e\"},\"headline\":\"FESTRAM particip\u00f3 de la Multisectorial por la Paz en Rosario\",\"datePublished\":\"2023-06-14T19:31:29+00:00\",\"dateModified\":\"2023-08-07T10:33:51+00:00\",\"mainEntityOfPage\":{\"@id\":\"https:\/\/municipales.org.ar\/festram\/festram-participo-de-la-multisectorial-por-la-paz-en-rosario\/\"},\"wordCount\":415,\"publisher\":{\"@id\":\"https:\/\/municipales.org.ar\/festram\/#organization\"},\"image\":{\"@id\":\"https:\/\/municipales.org.ar\/festram\/festram-participo-de-la-multisectorial-por-la-paz-en-rosario\/#primaryimage\"},\"thumbnailUrl\":\"https:\/\/municipales.org.ar\/festram\/wp-content\/uploads\/2023\/06\/multisectorial-por-la-paz1-e1686770979174.jpg\",\"keywords\":[\"CTA\"],\"articleSection\":[\"Comunicados 2023\",\"Movimiento Obrero\"],\"inLanguage\":\"es\"},{\"@type\":\"WebPage\",\"@id\":\"https:\/\/municipales.org.ar\/festram\/festram-participo-de-la-multisectorial-por-la-paz-en-rosario\/\",\"url\":\"https:\/\/municipales.org.ar\/festram\/festram-participo-de-la-multisectorial-por-la-paz-en-rosario\/\",\"name\":\"FESTRAM particip\u00f3 de la Multisectorial por la Paz en Rosario &#8211; FESTRAM\",\"isPartOf\":{\"@id\":\"https:\/\/municipales.org.ar\/festram\/#website\"},\"primaryImageOfPage\":{\"@id\":\"https:\/\/municipales.org.ar\/festram\/festram-participo-de-la-multisectorial-por-la-paz-en-rosario\/#primaryimage\"},\"image\":{\"@id\":\"https:\/\/municipales.org.ar\/festram\/festram-participo-de-la-multisectorial-por-la-paz-en-rosario\/#primaryimage\"},\"thumbnailUrl\":\"https:\/\/municipales.org.ar\/festram\/wp-content\/uploads\/2023\/06\/multisectorial-por-la-paz1-e1686770979174.jpg\",\"datePublished\":\"2023-06-14T19:31:29+00:00\",\"dateModified\":\"2023-08-07T10:33:51+00:00\",\"description\":\"El pasado viernes 9 de junio numerosas organizaciones sindicales y sociales convocaron a un encuentro en el que se constituy\u00f3 la constituci\u00f3n de la \u201cMultisectorial por la Paz\u201d, ante los hechos de violencia que se vienen produciendo y agudizando en la ciudad de Rosario y localidades aleda\u00f1as.\",\"breadcrumb\":{\"@id\":\"https:\/\/municipales.org.ar\/festram\/festram-participo-de-la-multisectorial-por-la-paz-en-rosario\/#breadcrumb\"},\"inLanguage\":\"es\",\"potentialAction\":[{\"@type\":\"ReadAction\",\"target\":[\"https:\/\/municipales.org.ar\/festram\/festram-participo-de-la-multisectorial-por-la-paz-en-rosario\/\"]}]},{\"@type\":\"ImageObject\",\"inLanguage\":\"es\",\"@id\":\"https:\/\/municipales.org.ar\/festram\/festram-participo-de-la-multisectorial-por-la-paz-en-rosario\/#primaryimage\",\"url\":\"https:\/\/municipales.org.ar\/festram\/wp-content\/uploads\/2023\/06\/multisectorial-por-la-paz1-e1686770979174.jpg\",\"contentUrl\":\"https:\/\/municipales.org.ar\/festram\/wp-content\/uploads\/2023\/06\/multisectorial-por-la-paz1-e1686770979174.jpg\",\"width\":1280,\"height\":700},{\"@type\":\"BreadcrumbList\",\"@id\":\"https:\/\/municipales.org.ar\/festram\/festram-participo-de-la-multisectorial-por-la-paz-en-rosario\/#breadcrumb\",\"itemListElement\":[{\"@type\":\"ListItem\",\"position\":1,\"name\":\"Portada\",\"item\":\"https:\/\/municipales.org.ar\/festram\/\"},{\"@type\":\"ListItem\",\"position\":2,\"name\":\"FESTRAM particip\u00f3 de la Multisectorial por la Paz en Rosario\"}]},{\"@type\":\"WebSite\",\"@id\":\"https:\/\/municipales.org.ar\/festram\/#website\",\"url\":\"https:\/\/municipales.org.ar\/festram\/\",\"name\":\"FESTRAM\",\"description\":\"La web de los trabajadores municipales\",\"publisher\":{\"@id\":\"https:\/\/municipales.org.ar\/festram\/#organization\"},\"potentialAction\":[{\"@type\":\"SearchAction\",\"target\":{\"@type\":\"EntryPoint\",\"urlTemplate\":\"https:\/\/municipales.org.ar\/festram\/?s={search_term_string}\"},\"query-input\":{\"@type\":\"PropertyValueSpecification\",\"valueRequired\":true,\"valueName\":\"search_term_string\"}}],\"inLanguage\":\"es\"},{\"@type\":\"Organization\",\"@id\":\"https:\/\/municipales.org.ar\/festram\/#organization\",\"name\":\"Federaci\u00f3n de Sindicatos de Trabajadores Municipales de la Provincia de Santa Fe\",\"url\":\"https:\/\/municipales.org.ar\/festram\/\",\"logo\":{\"@type\":\"ImageObject\",\"inLanguage\":\"es\",\"@id\":\"https:\/\/municipales.org.ar\/festram\/#\/schema\/logo\/image\/\",\"url\":\"https:\/\/www.municipales.org.ar\/festram\/wp-content\/uploads\/2014\/07\/logo_fes.jpg\",\"contentUrl\":\"https:\/\/www.municipales.org.ar\/festram\/wp-content\/uploads\/2014\/07\/logo_fes.jpg\",\"width\":661,\"height\":673,\"caption\":\"Federaci\u00f3n de Sindicatos de Trabajadores Municipales de la Provincia de Santa Fe\"},\"image\":{\"@id\":\"https:\/\/municipales.org.ar\/festram\/#\/schema\/logo\/image\/\"},\"sameAs\":[\"https:\/\/www.facebook.com\/MunicipalesSF\",\"https:\/\/x.com\/MunicipalesSF\",\"https:\/\/www.youtube.com\/user\/festram\"]},{\"@type\":\"Person\",\"@id\":\"https:\/\/municipales.org.ar\/festram\/#\/schema\/person\/49096a774c48ce9063df4d59ec059f9e\",\"name\":\"mun_admin\"}]}<\/script>\n<!-- \/ Yoast SEO plugin. -->","yoast_head_json":{"title":"FESTRAM particip\u00f3 de la Multisectorial por la Paz en Rosario &#8211; FESTRAM","description":"El pasado viernes 9 de junio numerosas organizaciones sindicales y sociales convocaron a un encuentro en el que se constituy\u00f3 la constituci\u00f3n de la \u201cMultisectorial por la Paz\u201d, ante los hechos de violencia que se vienen produciendo y agudizando en la ciudad de Rosario y localidades aleda\u00f1as.","robots":{"index":"index","follow":"follow","max-snippet":"max-snippet:-1","max-image-preview":"max-image-preview:large","max-video-preview":"max-video-preview:-1"},"canonical":"https:\/\/municipales.org.ar\/festram\/festram-participo-de-la-multisectorial-por-la-paz-en-rosario\/","og_locale":"es_ES","og_type":"article","og_title":"FESTRAM particip\u00f3 de la Multisectorial por la Paz en Rosario &#8211; FESTRAM","og_description":"El pasado viernes 9 de junio numerosas organizaciones sindicales y sociales convocaron a un encuentro en el que se constituy\u00f3 la constituci\u00f3n de la \u201cMultisectorial por la Paz\u201d, ante los hechos de violencia que se vienen produciendo y agudizando en la ciudad de Rosario y localidades aleda\u00f1as.","og_url":"https:\/\/municipales.org.ar\/festram\/festram-participo-de-la-multisectorial-por-la-paz-en-rosario\/","og_site_name":"FESTRAM","article_publisher":"https:\/\/www.facebook.com\/MunicipalesSF","article_published_time":"2023-06-14T19:31:29+00:00","article_modified_time":"2023-08-07T10:33:51+00:00","og_image":[{"width":1280,"height":700,"url":"https:\/\/municipales.org.ar\/festram\/wp-content\/uploads\/2023\/06\/multisectorial-por-la-paz1-e1686770979174.jpg","type":"image\/jpeg"}],"author":"mun_admin","twitter_card":"summary_large_image","twitter_creator":"@MunicipalesSF","twitter_site":"@MunicipalesSF","twitter_misc":{"Escrito por":"mun_admin","Tiempo de lectura":"3 minutos"},"schema":{"@context":"https:\/\/schema.org","@graph":[{"@type":"Article","@id":"https:\/\/municipales.org.ar\/festram\/festram-participo-de-la-multisectorial-por-la-paz-en-rosario\/#article","isPartOf":{"@id":"https:\/\/municipales.org.ar\/festram\/festram-participo-de-la-multisectorial-por-la-paz-en-rosario\/"},"author":{"name":"mun_admin","@id":"https:\/\/municipales.org.ar\/festram\/#\/schema\/person\/49096a774c48ce9063df4d59ec059f9e"},"headline":"FESTRAM particip\u00f3 de la Multisectorial por la Paz en Rosario","datePublished":"2023-06-14T19:31:29+00:00","dateModified":"2023-08-07T10:33:51+00:00","mainEntityOfPage":{"@id":"https:\/\/municipales.org.ar\/festram\/festram-participo-de-la-multisectorial-por-la-paz-en-rosario\/"},"wordCount":415,"publisher":{"@id":"https:\/\/municipales.org.ar\/festram\/#organization"},"image":{"@id":"https:\/\/municipales.org.ar\/festram\/festram-participo-de-la-multisectorial-por-la-paz-en-rosario\/#primaryimage"},"thumbnailUrl":"https:\/\/municipales.org.ar\/festram\/wp-content\/uploads\/2023\/06\/multisectorial-por-la-paz1-e1686770979174.jpg","keywords":["CTA"],"articleSection":["Comunicados 2023","Movimiento Obrero"],"inLanguage":"es"},{"@type":"WebPage","@id":"https:\/\/municipales.org.ar\/festram\/festram-participo-de-la-multisectorial-por-la-paz-en-rosario\/","url":"https:\/\/municipales.org.ar\/festram\/festram-participo-de-la-multisectorial-por-la-paz-en-rosario\/","name":"FESTRAM particip\u00f3 de la Multisectorial por la Paz en Rosario &#8211; FESTRAM","isPartOf":{"@id":"https:\/\/municipales.org.ar\/festram\/#website"},"primaryImageOfPage":{"@id":"https:\/\/municipales.org.ar\/festram\/festram-participo-de-la-multisectorial-por-la-paz-en-rosario\/#primaryimage"},"image":{"@id":"https:\/\/municipales.org.ar\/festram\/festram-participo-de-la-multisectorial-por-la-paz-en-rosario\/#primaryimage"},"thumbnailUrl":"https:\/\/municipales.org.ar\/festram\/wp-content\/uploads\/2023\/06\/multisectorial-por-la-paz1-e1686770979174.jpg","datePublished":"2023-06-14T19:31:29+00:00","dateModified":"2023-08-07T10:33:51+00:00","description":"El pasado viernes 9 de junio numerosas organizaciones sindicales y sociales convocaron a un encuentro en el que se constituy\u00f3 la constituci\u00f3n de la \u201cMultisectorial por la Paz\u201d, ante los hechos de violencia que se vienen produciendo y agudizando en la ciudad de Rosario y localidades aleda\u00f1as.","breadcrumb":{"@id":"https:\/\/municipales.org.ar\/festram\/festram-participo-de-la-multisectorial-por-la-paz-en-rosario\/#breadcrumb"},"inLanguage":"es","potentialAction":[{"@type":"ReadAction","target":["https:\/\/municipales.org.ar\/festram\/festram-participo-de-la-multisectorial-por-la-paz-en-rosario\/"]}]},{"@type":"ImageObject","inLanguage":"es","@id":"https:\/\/municipales.org.ar\/festram\/festram-participo-de-la-multisectorial-por-la-paz-en-rosario\/#primaryimage","url":"https:\/\/municipales.org.ar\/festram\/wp-content\/uploads\/2023\/06\/multisectorial-por-la-paz1-e1686770979174.jpg","contentUrl":"https:\/\/municipales.org.ar\/festram\/wp-content\/uploads\/2023\/06\/multisectorial-por-la-paz1-e1686770979174.jpg","width":1280,"height":700},{"@type":"BreadcrumbList","@id":"https:\/\/municipales.org.ar\/festram\/festram-participo-de-la-multisectorial-por-la-paz-en-rosario\/#breadcrumb","itemListElement":[{"@type":"ListItem","position":1,"name":"Portada","item":"https:\/\/municipales.org.ar\/festram\/"},{"@type":"ListItem","position":2,"name":"FESTRAM particip\u00f3 de la Multisectorial por la Paz en Rosario"}]},{"@type":"WebSite","@id":"https:\/\/municipales.org.ar\/festram\/#website","url":"https:\/\/municipales.org.ar\/festram\/","name":"FESTRAM","description":"La web de los trabajadores municipales","publisher":{"@id":"https:\/\/municipales.org.ar\/festram\/#organization"},"potentialAction":[{"@type":"SearchAction","target":{"@type":"EntryPoint","urlTemplate":"https:\/\/municipales.org.ar\/festram\/?s={search_term_string}"},"query-input":{"@type":"PropertyValueSpecification","valueRequired":true,"valueName":"search_term_string"}}],"inLanguage":"es"},{"@type":"Organization","@id":"https:\/\/municipales.org.ar\/festram\/#organization","name":"Federaci\u00f3n de Sindicatos de Trabajadores Municipales de la Provincia de Santa Fe","url":"https:\/\/municipales.org.ar\/festram\/","logo":{"@type":"ImageObject","inLanguage":"es","@id":"https:\/\/municipales.org.ar\/festram\/#\/schema\/logo\/image\/","url":"https:\/\/www.municipales.org.ar\/festram\/wp-content\/uploads\/2014\/07\/logo_fes.jpg","contentUrl":"https:\/\/www.municipales.org.ar\/festram\/wp-content\/uploads\/2014\/07\/logo_fes.jpg","width":661,"height":673,"caption":"Federaci\u00f3n de Sindicatos de Trabajadores Municipales de la Provincia de Santa Fe"},"image":{"@id":"https:\/\/municipales.org.ar\/festram\/#\/schema\/logo\/image\/"},"sameAs":["https:\/\/www.facebook.com\/MunicipalesSF","https:\/\/x.com\/MunicipalesSF","https:\/\/www.youtube.com\/user\/festram"]},{"@type":"Person","@id":"https:\/\/municipales.org.ar\/festram\/#\/schema\/person\/49096a774c48ce9063df4d59ec059f9e","name":"mun_admin"}]}},"jetpack_publicize_connections":[],"jetpack_featured_media_url":"https:\/\/municipales.org.ar\/festram\/wp-content\/uploads\/2023\/06\/multisectorial-por-la-paz1-e1686770979174.jpg","jetpack_sharing_enabled":true,"jetpack_likes_enabled":false,"jetpack_shortlink":"https:\/\/wp.me\/p7l4x1-4ip","_links":{"self":[{"href":"https:\/\/municipales.org.ar\/festram\/wp-json\/wp\/v2\/posts\/16517","targetHints":{"allow":["GET"]}}],"collection":[{"href":"https:\/\/municipales.org.ar\/festram\/wp-json\/wp\/v2\/posts"}],"about":[{"href":"https:\/\/municipales.org.ar\/festram\/wp-json\/wp\/v2\/types\/post"}],"author":[{"embeddable":true,"href":"https:\/\/municipales.org.ar\/festram\/wp-json\/wp\/v2\/users\/1"}],"replies":[{"embeddable":true,"href":"https:\/\/municipales.org.ar\/festram\/wp-json\/wp\/v2\/comments?post=16517"}],"version-history":[{"count":2,"href":"https:\/\/municipales.org.ar\/festram\/wp-json\/wp\/v2\/posts\/16517\/revisions"}],"predecessor-version":[{"id":16603,"href":"https:\/\/municipales.org.ar\/festram\/wp-json\/wp\/v2\/posts\/16517\/revisions\/16603"}],"wp:featuredmedia":[{"embeddable":true,"href":"https:\/\/municipales.org.ar\/festram\/wp-json\/wp\/v2\/media\/16519"}],"wp:attachment":[{"href":"https:\/\/municipales.org.ar\/festram\/wp-json\/wp\/v2\/media?parent=16517"}],"wp:term":[{"taxonomy":"category","embeddable":true,"href":"https:\/\/municipales.org.ar\/festram\/wp-json\/wp\/v2\/categories?post=16517"},{"taxonomy":"post_tag","embeddable":true,"href":"https:\/\/municipales.org.ar\/festram\/wp-json\/wp\/v2\/tags?post=16517"}],"curies":[{"name":"wp","href":"https:\/\/api.w.org\/{rel}","templated":true}]}}