{"id":16523,"date":"2023-06-15T23:20:40","date_gmt":"2023-06-16T02:20:40","guid":{"rendered":"https:\/\/municipales.org.ar\/festram\/?p=16523"},"modified":"2023-06-22T23:36:26","modified_gmt":"2023-06-23T02:36:26","slug":"conciliacion-obligatoria-en-el-conflicto-de-las-rosas","status":"publish","type":"post","link":"https:\/\/municipales.org.ar\/festram\/conciliacion-obligatoria-en-el-conflicto-de-las-rosas\/","title":{"rendered":"Conciliaci\u00f3n Obligatoria en el conflicto de Las Rosas"},"content":{"rendered":"\n<p><\/p>\n\n\n\n<h2 class=\"wp-block-heading\">Luego de la reuni\u00f3n convocada a las partes involucradas en el conflicto de Las Rosas, el Ministerio de Trabajo de la Provincia dict\u00f3 la Conciliaci\u00f3n Obligatoria por el plazo de 15 d\u00edas h\u00e1biles, o sea, hasta la hora 24 del d\u00eda 7\/7\/2023<br><br><\/h2>\n\n\n\n<p>Desde FESTRAM ven\u00edamos reclamando esta medida por parte de la autoridad provincial y resaltamos, oportunamente, la cantidad de inconvenientes y situaciones que se desencadenaron a partir de no efectivizarla en su momento.<\/p>\n\n\n\n<p>Las compa\u00f1eras y compa\u00f1eros de Las Rosas han decido levantar la medida de fuerza y acatar la resoluci\u00f3n de referencia.&nbsp;<\/p>\n\n\n\n<p>El Intendente Javier Meyer debe cumplir, de igual manera, lo establecido por las autoridades provinciales y&nbsp;<strong>abonar los salarios adeudados<\/strong>, pues sino se seguir\u00eda negando la posibilidad elemental de que las trabajadoras y trabajadores puedan mantener y alimentar a sus familias. De no ser as\u00ed, el Ministerio deber\u00e1 actuar de acuerdo a las herramientas y sanciones establecidas en la Ley Provincial N\u00b010.468.<\/p>\n\n\n\n<p>Apostamos al di\u00e1logo y a la construcci\u00f3n de consensos, pero nunca permitiremos que se retrotraigan derechos elementales conseguidos con nuestra lucha e inclusive conquistas hist\u00f3ricas del movimiento obrero argentino, como lo es el derecho a huelga.<br><\/p>\n\n\n\n<h6 class=\"wp-block-heading\">Prensa FESTRAM&nbsp;<\/h6>\n","protected":false},"excerpt":{"rendered":"<p>Luego de la reuni\u00f3n convocada a las partes involucradas en el conflicto de Las Rosas, el Ministerio de Trabajo de la Provincia dict\u00f3 la Conciliaci\u00f3n Obligatoria por el plazo de 15 d\u00edas h\u00e1biles, o sea, hasta la hora 24 del d\u00eda 7\/7\/2023<\/p>\n","protected":false},"author":1,"featured_media":16527,"comment_status":"closed","ping_status":"closed","sticky":false,"template":"","format":"standard","meta":{"_jetpack_memberships_contains_paid_content":false,"footnotes":"","jetpack_publicize_message":"","jetpack_publicize_feature_enabled":true,"jetpack_social_post_already_shared":true,"jetpack_social_options":{"image_generator_settings":{"template":"highway","default_image_id":0,"font":"","enabled":false},"version":2}},"categories":[247,57],"tags":[109,134,71,67],"class_list":["post-16523","post","type-post","status-publish","format-standard","has-post-thumbnail","hentry","category-comunicados-2023","category-sindicatos-noticias","tag-la-provincia","tag-las-rosas","tag-medidas-de-fuerza","tag-sindicatos-afiliados"],"yoast_head":"<!-- This site is optimized with the Yoast SEO plugin v25.9 - https:\/\/yoast.com\/wordpress\/plugins\/seo\/ -->\n<title>Conciliaci\u00f3n Obligatoria en el conflicto de Las Rosas &#8211; FESTRAM<\/title>\n<meta name=\"description\" content=\"Luego de la reuni\u00f3n convocada a las partes involucradas en el conflicto de Las Rosas, el Ministerio de Trabajo de la Provincia dict\u00f3 la Conciliaci\u00f3n Obligatoria por el plazo de 15 d\u00edas h\u00e1biles, o sea, hasta la hora 24 del d\u00eda 7\/7\/2023\" \/>\n<meta name=\"robots\" content=\"index, follow, max-snippet:-1, max-image-preview:large, max-video-preview:-1\" \/>\n<link rel=\"canonical\" href=\"https:\/\/municipales.org.ar\/festram\/conciliacion-obligatoria-en-el-conflicto-de-las-rosas\/\" \/>\n<meta property=\"og:locale\" content=\"es_ES\" \/>\n<meta property=\"og:type\" content=\"article\" \/>\n<meta property=\"og:title\" content=\"Conciliaci\u00f3n Obligatoria en el conflicto de Las Rosas &#8211; FESTRAM\" \/>\n<meta property=\"og:description\" content=\"Luego de la reuni\u00f3n convocada a las partes involucradas en el conflicto de Las Rosas, el Ministerio de Trabajo de la Provincia dict\u00f3 la Conciliaci\u00f3n Obligatoria por el plazo de 15 d\u00edas h\u00e1biles, o sea, hasta la hora 24 del d\u00eda 7\/7\/2023\" \/>\n<meta property=\"og:url\" content=\"https:\/\/municipales.org.ar\/festram\/conciliacion-obligatoria-en-el-conflicto-de-las-rosas\/\" \/>\n<meta property=\"og:site_name\" content=\"FESTRAM\" \/>\n<meta property=\"article:publisher\" content=\"https:\/\/www.facebook.com\/MunicipalesSF\" \/>\n<meta property=\"article:published_time\" content=\"2023-06-16T02:20:40+00:00\" \/>\n<meta property=\"article:modified_time\" content=\"2023-06-23T02:36:26+00:00\" \/>\n<meta property=\"og:image\" content=\"https:\/\/municipales.org.ar\/festram\/wp-content\/uploads\/2023\/06\/QH6KMZYTP5EWRI4OXQYYOJF26I.jpg\" \/>\n\t<meta property=\"og:image:width\" content=\"1920\" \/>\n\t<meta property=\"og:image:height\" content=\"1080\" \/>\n\t<meta property=\"og:image:type\" content=\"image\/jpeg\" \/>\n<meta name=\"author\" content=\"mun_admin\" \/>\n<meta name=\"twitter:card\" content=\"summary_large_image\" \/>\n<meta name=\"twitter:creator\" content=\"@MunicipalesSF\" \/>\n<meta name=\"twitter:site\" content=\"@MunicipalesSF\" \/>\n<meta name=\"twitter:label1\" content=\"Escrito por\" \/>\n\t<meta name=\"twitter:data1\" content=\"mun_admin\" \/>\n\t<meta name=\"twitter:label2\" content=\"Tiempo de lectura\" \/>\n\t<meta name=\"twitter:data2\" content=\"1 minuto\" \/>\n<script type=\"application\/ld+json\" class=\"yoast-schema-graph\">{\"@context\":\"https:\/\/schema.org\",\"@graph\":[{\"@type\":\"Article\",\"@id\":\"https:\/\/municipales.org.ar\/festram\/conciliacion-obligatoria-en-el-conflicto-de-las-rosas\/#article\",\"isPartOf\":{\"@id\":\"https:\/\/municipales.org.ar\/festram\/conciliacion-obligatoria-en-el-conflicto-de-las-rosas\/\"},\"author\":{\"name\":\"mun_admin\",\"@id\":\"https:\/\/municipales.org.ar\/festram\/#\/schema\/person\/49096a774c48ce9063df4d59ec059f9e\"},\"headline\":\"Conciliaci\u00f3n Obligatoria en el conflicto de Las Rosas\",\"datePublished\":\"2023-06-16T02:20:40+00:00\",\"dateModified\":\"2023-06-23T02:36:26+00:00\",\"mainEntityOfPage\":{\"@id\":\"https:\/\/municipales.org.ar\/festram\/conciliacion-obligatoria-en-el-conflicto-de-las-rosas\/\"},\"wordCount\":216,\"publisher\":{\"@id\":\"https:\/\/municipales.org.ar\/festram\/#organization\"},\"image\":{\"@id\":\"https:\/\/municipales.org.ar\/festram\/conciliacion-obligatoria-en-el-conflicto-de-las-rosas\/#primaryimage\"},\"thumbnailUrl\":\"https:\/\/municipales.org.ar\/festram\/wp-content\/uploads\/2023\/06\/QH6KMZYTP5EWRI4OXQYYOJF26I.jpg\",\"keywords\":[\"la provincia\",\"las rosas\",\"medidas de fuerza\",\"sindicatos afiliados\"],\"articleSection\":[\"Comunicados 2023\",\"Sindicatos Noticias\"],\"inLanguage\":\"es\"},{\"@type\":\"WebPage\",\"@id\":\"https:\/\/municipales.org.ar\/festram\/conciliacion-obligatoria-en-el-conflicto-de-las-rosas\/\",\"url\":\"https:\/\/municipales.org.ar\/festram\/conciliacion-obligatoria-en-el-conflicto-de-las-rosas\/\",\"name\":\"Conciliaci\u00f3n Obligatoria en el conflicto de Las Rosas &#8211; FESTRAM\",\"isPartOf\":{\"@id\":\"https:\/\/municipales.org.ar\/festram\/#website\"},\"primaryImageOfPage\":{\"@id\":\"https:\/\/municipales.org.ar\/festram\/conciliacion-obligatoria-en-el-conflicto-de-las-rosas\/#primaryimage\"},\"image\":{\"@id\":\"https:\/\/municipales.org.ar\/festram\/conciliacion-obligatoria-en-el-conflicto-de-las-rosas\/#primaryimage\"},\"thumbnailUrl\":\"https:\/\/municipales.org.ar\/festram\/wp-content\/uploads\/2023\/06\/QH6KMZYTP5EWRI4OXQYYOJF26I.jpg\",\"datePublished\":\"2023-06-16T02:20:40+00:00\",\"dateModified\":\"2023-06-23T02:36:26+00:00\",\"description\":\"Luego de la reuni\u00f3n convocada a las partes involucradas en el conflicto de Las Rosas, el Ministerio de Trabajo de la Provincia dict\u00f3 la Conciliaci\u00f3n Obligatoria por el plazo de 15 d\u00edas h\u00e1biles, o sea, hasta la hora 24 del d\u00eda 7\/7\/2023\",\"breadcrumb\":{\"@id\":\"https:\/\/municipales.org.ar\/festram\/conciliacion-obligatoria-en-el-conflicto-de-las-rosas\/#breadcrumb\"},\"inLanguage\":\"es\",\"potentialAction\":[{\"@type\":\"ReadAction\",\"target\":[\"https:\/\/municipales.org.ar\/festram\/conciliacion-obligatoria-en-el-conflicto-de-las-rosas\/\"]}]},{\"@type\":\"ImageObject\",\"inLanguage\":\"es\",\"@id\":\"https:\/\/municipales.org.ar\/festram\/conciliacion-obligatoria-en-el-conflicto-de-las-rosas\/#primaryimage\",\"url\":\"https:\/\/municipales.org.ar\/festram\/wp-content\/uploads\/2023\/06\/QH6KMZYTP5EWRI4OXQYYOJF26I.jpg\",\"contentUrl\":\"https:\/\/municipales.org.ar\/festram\/wp-content\/uploads\/2023\/06\/QH6KMZYTP5EWRI4OXQYYOJF26I.jpg\",\"width\":1920,\"height\":1080},{\"@type\":\"BreadcrumbList\",\"@id\":\"https:\/\/municipales.org.ar\/festram\/conciliacion-obligatoria-en-el-conflicto-de-las-rosas\/#breadcrumb\",\"itemListElement\":[{\"@type\":\"ListItem\",\"position\":1,\"name\":\"Portada\",\"item\":\"https:\/\/municipales.org.ar\/festram\/\"},{\"@type\":\"ListItem\",\"position\":2,\"name\":\"Conciliaci\u00f3n Obligatoria en el conflicto de Las Rosas\"}]},{\"@type\":\"WebSite\",\"@id\":\"https:\/\/municipales.org.ar\/festram\/#website\",\"url\":\"https:\/\/municipales.org.ar\/festram\/\",\"name\":\"FESTRAM\",\"description\":\"La web de los trabajadores municipales\",\"publisher\":{\"@id\":\"https:\/\/municipales.org.ar\/festram\/#organization\"},\"potentialAction\":[{\"@type\":\"SearchAction\",\"target\":{\"@type\":\"EntryPoint\",\"urlTemplate\":\"https:\/\/municipales.org.ar\/festram\/?s={search_term_string}\"},\"query-input\":{\"@type\":\"PropertyValueSpecification\",\"valueRequired\":true,\"valueName\":\"search_term_string\"}}],\"inLanguage\":\"es\"},{\"@type\":\"Organization\",\"@id\":\"https:\/\/municipales.org.ar\/festram\/#organization\",\"name\":\"Federaci\u00f3n de Sindicatos de Trabajadores Municipales de la Provincia de Santa Fe\",\"url\":\"https:\/\/municipales.org.ar\/festram\/\",\"logo\":{\"@type\":\"ImageObject\",\"inLanguage\":\"es\",\"@id\":\"https:\/\/municipales.org.ar\/festram\/#\/schema\/logo\/image\/\",\"url\":\"https:\/\/www.municipales.org.ar\/festram\/wp-content\/uploads\/2014\/07\/logo_fes.jpg\",\"contentUrl\":\"https:\/\/www.municipales.org.ar\/festram\/wp-content\/uploads\/2014\/07\/logo_fes.jpg\",\"width\":661,\"height\":673,\"caption\":\"Federaci\u00f3n de Sindicatos de Trabajadores Municipales de la Provincia de Santa Fe\"},\"image\":{\"@id\":\"https:\/\/municipales.org.ar\/festram\/#\/schema\/logo\/image\/\"},\"sameAs\":[\"https:\/\/www.facebook.com\/MunicipalesSF\",\"https:\/\/x.com\/MunicipalesSF\",\"https:\/\/www.youtube.com\/user\/festram\"]},{\"@type\":\"Person\",\"@id\":\"https:\/\/municipales.org.ar\/festram\/#\/schema\/person\/49096a774c48ce9063df4d59ec059f9e\",\"name\":\"mun_admin\"}]}<\/script>\n<!-- \/ Yoast SEO plugin. -->","yoast_head_json":{"title":"Conciliaci\u00f3n Obligatoria en el conflicto de Las Rosas &#8211; FESTRAM","description":"Luego de la reuni\u00f3n convocada a las partes involucradas en el conflicto de Las Rosas, el Ministerio de Trabajo de la Provincia dict\u00f3 la Conciliaci\u00f3n Obligatoria por el plazo de 15 d\u00edas h\u00e1biles, o sea, hasta la hora 24 del d\u00eda 7\/7\/2023","robots":{"index":"index","follow":"follow","max-snippet":"max-snippet:-1","max-image-preview":"max-image-preview:large","max-video-preview":"max-video-preview:-1"},"canonical":"https:\/\/municipales.org.ar\/festram\/conciliacion-obligatoria-en-el-conflicto-de-las-rosas\/","og_locale":"es_ES","og_type":"article","og_title":"Conciliaci\u00f3n Obligatoria en el conflicto de Las Rosas &#8211; FESTRAM","og_description":"Luego de la reuni\u00f3n convocada a las partes involucradas en el conflicto de Las Rosas, el Ministerio de Trabajo de la Provincia dict\u00f3 la Conciliaci\u00f3n Obligatoria por el plazo de 15 d\u00edas h\u00e1biles, o sea, hasta la hora 24 del d\u00eda 7\/7\/2023","og_url":"https:\/\/municipales.org.ar\/festram\/conciliacion-obligatoria-en-el-conflicto-de-las-rosas\/","og_site_name":"FESTRAM","article_publisher":"https:\/\/www.facebook.com\/MunicipalesSF","article_published_time":"2023-06-16T02:20:40+00:00","article_modified_time":"2023-06-23T02:36:26+00:00","og_image":[{"width":1920,"height":1080,"url":"https:\/\/municipales.org.ar\/festram\/wp-content\/uploads\/2023\/06\/QH6KMZYTP5EWRI4OXQYYOJF26I.jpg","type":"image\/jpeg"}],"author":"mun_admin","twitter_card":"summary_large_image","twitter_creator":"@MunicipalesSF","twitter_site":"@MunicipalesSF","twitter_misc":{"Escrito por":"mun_admin","Tiempo de lectura":"1 minuto"},"schema":{"@context":"https:\/\/schema.org","@graph":[{"@type":"Article","@id":"https:\/\/municipales.org.ar\/festram\/conciliacion-obligatoria-en-el-conflicto-de-las-rosas\/#article","isPartOf":{"@id":"https:\/\/municipales.org.ar\/festram\/conciliacion-obligatoria-en-el-conflicto-de-las-rosas\/"},"author":{"name":"mun_admin","@id":"https:\/\/municipales.org.ar\/festram\/#\/schema\/person\/49096a774c48ce9063df4d59ec059f9e"},"headline":"Conciliaci\u00f3n Obligatoria en el conflicto de Las Rosas","datePublished":"2023-06-16T02:20:40+00:00","dateModified":"2023-06-23T02:36:26+00:00","mainEntityOfPage":{"@id":"https:\/\/municipales.org.ar\/festram\/conciliacion-obligatoria-en-el-conflicto-de-las-rosas\/"},"wordCount":216,"publisher":{"@id":"https:\/\/municipales.org.ar\/festram\/#organization"},"image":{"@id":"https:\/\/municipales.org.ar\/festram\/conciliacion-obligatoria-en-el-conflicto-de-las-rosas\/#primaryimage"},"thumbnailUrl":"https:\/\/municipales.org.ar\/festram\/wp-content\/uploads\/2023\/06\/QH6KMZYTP5EWRI4OXQYYOJF26I.jpg","keywords":["la provincia","las rosas","medidas de fuerza","sindicatos afiliados"],"articleSection":["Comunicados 2023","Sindicatos Noticias"],"inLanguage":"es"},{"@type":"WebPage","@id":"https:\/\/municipales.org.ar\/festram\/conciliacion-obligatoria-en-el-conflicto-de-las-rosas\/","url":"https:\/\/municipales.org.ar\/festram\/conciliacion-obligatoria-en-el-conflicto-de-las-rosas\/","name":"Conciliaci\u00f3n Obligatoria en el conflicto de Las Rosas &#8211; FESTRAM","isPartOf":{"@id":"https:\/\/municipales.org.ar\/festram\/#website"},"primaryImageOfPage":{"@id":"https:\/\/municipales.org.ar\/festram\/conciliacion-obligatoria-en-el-conflicto-de-las-rosas\/#primaryimage"},"image":{"@id":"https:\/\/municipales.org.ar\/festram\/conciliacion-obligatoria-en-el-conflicto-de-las-rosas\/#primaryimage"},"thumbnailUrl":"https:\/\/municipales.org.ar\/festram\/wp-content\/uploads\/2023\/06\/QH6KMZYTP5EWRI4OXQYYOJF26I.jpg","datePublished":"2023-06-16T02:20:40+00:00","dateModified":"2023-06-23T02:36:26+00:00","description":"Luego de la reuni\u00f3n convocada a las partes involucradas en el conflicto de Las Rosas, el Ministerio de Trabajo de la Provincia dict\u00f3 la Conciliaci\u00f3n Obligatoria por el plazo de 15 d\u00edas h\u00e1biles, o sea, hasta la hora 24 del d\u00eda 7\/7\/2023","breadcrumb":{"@id":"https:\/\/municipales.org.ar\/festram\/conciliacion-obligatoria-en-el-conflicto-de-las-rosas\/#breadcrumb"},"inLanguage":"es","potentialAction":[{"@type":"ReadAction","target":["https:\/\/municipales.org.ar\/festram\/conciliacion-obligatoria-en-el-conflicto-de-las-rosas\/"]}]},{"@type":"ImageObject","inLanguage":"es","@id":"https:\/\/municipales.org.ar\/festram\/conciliacion-obligatoria-en-el-conflicto-de-las-rosas\/#primaryimage","url":"https:\/\/municipales.org.ar\/festram\/wp-content\/uploads\/2023\/06\/QH6KMZYTP5EWRI4OXQYYOJF26I.jpg","contentUrl":"https:\/\/municipales.org.ar\/festram\/wp-content\/uploads\/2023\/06\/QH6KMZYTP5EWRI4OXQYYOJF26I.jpg","width":1920,"height":1080},{"@type":"BreadcrumbList","@id":"https:\/\/municipales.org.ar\/festram\/conciliacion-obligatoria-en-el-conflicto-de-las-rosas\/#breadcrumb","itemListElement":[{"@type":"ListItem","position":1,"name":"Portada","item":"https:\/\/municipales.org.ar\/festram\/"},{"@type":"ListItem","position":2,"name":"Conciliaci\u00f3n Obligatoria en el conflicto de Las Rosas"}]},{"@type":"WebSite","@id":"https:\/\/municipales.org.ar\/festram\/#website","url":"https:\/\/municipales.org.ar\/festram\/","name":"FESTRAM","description":"La web de los trabajadores municipales","publisher":{"@id":"https:\/\/municipales.org.ar\/festram\/#organization"},"potentialAction":[{"@type":"SearchAction","target":{"@type":"EntryPoint","urlTemplate":"https:\/\/municipales.org.ar\/festram\/?s={search_term_string}"},"query-input":{"@type":"PropertyValueSpecification","valueRequired":true,"valueName":"search_term_string"}}],"inLanguage":"es"},{"@type":"Organization","@id":"https:\/\/municipales.org.ar\/festram\/#organization","name":"Federaci\u00f3n de Sindicatos de Trabajadores Municipales de la Provincia de Santa Fe","url":"https:\/\/municipales.org.ar\/festram\/","logo":{"@type":"ImageObject","inLanguage":"es","@id":"https:\/\/municipales.org.ar\/festram\/#\/schema\/logo\/image\/","url":"https:\/\/www.municipales.org.ar\/festram\/wp-content\/uploads\/2014\/07\/logo_fes.jpg","contentUrl":"https:\/\/www.municipales.org.ar\/festram\/wp-content\/uploads\/2014\/07\/logo_fes.jpg","width":661,"height":673,"caption":"Federaci\u00f3n de Sindicatos de Trabajadores Municipales de la Provincia de Santa Fe"},"image":{"@id":"https:\/\/municipales.org.ar\/festram\/#\/schema\/logo\/image\/"},"sameAs":["https:\/\/www.facebook.com\/MunicipalesSF","https:\/\/x.com\/MunicipalesSF","https:\/\/www.youtube.com\/user\/festram"]},{"@type":"Person","@id":"https:\/\/municipales.org.ar\/festram\/#\/schema\/person\/49096a774c48ce9063df4d59ec059f9e","name":"mun_admin"}]}},"jetpack_publicize_connections":[],"jetpack_featured_media_url":"https:\/\/municipales.org.ar\/festram\/wp-content\/uploads\/2023\/06\/QH6KMZYTP5EWRI4OXQYYOJF26I.jpg","jetpack_sharing_enabled":true,"jetpack_likes_enabled":false,"jetpack_shortlink":"https:\/\/wp.me\/p7l4x1-4iv","_links":{"self":[{"href":"https:\/\/municipales.org.ar\/festram\/wp-json\/wp\/v2\/posts\/16523","targetHints":{"allow":["GET"]}}],"collection":[{"href":"https:\/\/municipales.org.ar\/festram\/wp-json\/wp\/v2\/posts"}],"about":[{"href":"https:\/\/municipales.org.ar\/festram\/wp-json\/wp\/v2\/types\/post"}],"author":[{"embeddable":true,"href":"https:\/\/municipales.org.ar\/festram\/wp-json\/wp\/v2\/users\/1"}],"replies":[{"embeddable":true,"href":"https:\/\/municipales.org.ar\/festram\/wp-json\/wp\/v2\/comments?post=16523"}],"version-history":[{"count":1,"href":"https:\/\/municipales.org.ar\/festram\/wp-json\/wp\/v2\/posts\/16523\/revisions"}],"predecessor-version":[{"id":16525,"href":"https:\/\/municipales.org.ar\/festram\/wp-json\/wp\/v2\/posts\/16523\/revisions\/16525"}],"wp:featuredmedia":[{"embeddable":true,"href":"https:\/\/municipales.org.ar\/festram\/wp-json\/wp\/v2\/media\/16527"}],"wp:attachment":[{"href":"https:\/\/municipales.org.ar\/festram\/wp-json\/wp\/v2\/media?parent=16523"}],"wp:term":[{"taxonomy":"category","embeddable":true,"href":"https:\/\/municipales.org.ar\/festram\/wp-json\/wp\/v2\/categories?post=16523"},{"taxonomy":"post_tag","embeddable":true,"href":"https:\/\/municipales.org.ar\/festram\/wp-json\/wp\/v2\/tags?post=16523"}],"curies":[{"name":"wp","href":"https:\/\/api.w.org\/{rel}","templated":true}]}}