{"id":16543,"date":"2023-06-29T14:23:16","date_gmt":"2023-06-29T17:23:16","guid":{"rendered":"https:\/\/municipales.org.ar\/festram\/?p=16543"},"modified":"2023-07-04T22:07:41","modified_gmt":"2023-07-05T01:07:41","slug":"festram-dispone-el-estado-de-alerta-y-movilizacion","status":"publish","type":"post","link":"https:\/\/municipales.org.ar\/festram\/festram-dispone-el-estado-de-alerta-y-movilizacion\/","title":{"rendered":"FESTRAM dispone el estado de alerta y  movilizaci\u00f3n"},"content":{"rendered":"\n<p><\/p>\n\n\n\n<h2 class=\"wp-block-heading\"><strong>EL INTENDENTE DE LAS ROSAS INCUMPLE NUEVAMENTE CON LA LEY<\/strong><br><br><\/h2>\n\n\n\n<p>Pasada m\u00e1s de una semana del dictado de la Conciliaci\u00f3n Obligatoria por el conflicto de Las Rosas, lo que supone que los trabajadores deb\u00edan cobrar sus salarios, el Intendente Javier Meyer sigue demostrando absoluto odio contra los compa\u00f1eros y compa\u00f1eras en conflicto.<\/p>\n\n\n\n<p>Desconociendo lo dispuesto por la Autoridad Laboral de la Provincia el Intendente de Las Rosas no ha cumplido la Conciliaci\u00f3n Obligatoria y en consecuencia mantiene a muchos trabajadores y a sus familias privados de bienes elementales para su subsistencia, ello como forma de pisotear la dignidad de los compa\u00f1eros que siguen peleando por sus derechos.<\/p>\n\n\n\n<p>Lamentamos la tibieza de las Autoridades Provinciales que hasta la fecha no han aplicado las multas y sanciones que la Ley establece para los casos de incumplimiento a un dictado de Conciliaci\u00f3n Obligatoria como lo viene haciendo el ya nombrado Intendente Meyer.<\/p>\n\n\n\n<p>La situaci\u00f3n lleva a esta Federaci\u00f3n a solidarizarse con los trabajadores de Las Rosas que luchan por su dignidad debiendo en consecuencia provincializar el conflicto&nbsp;<strong>dictando el Estado de Alerta y Movilizaci\u00f3n&nbsp;<\/strong>avanzando en medidas concretas de protesta que incluir\u00e1n cortes de rutas en los lugares que las Regionales de FESTRAM as\u00ed lo dispongan.<\/p>\n\n\n\n<p>No resignaremos la dignidad ante ninguna autoridad que pretenda desconocer banderas hist\u00f3ricas del movimiento obrero, all\u00ed estar\u00e1n todos los trabajadores y trabajadoras municipales de la Provincia unidos y saliendo adelante ante esta adversidad. No resulta nuevo para los compa\u00f1eros pelear y superar a quienes han querido hist\u00f3ricamente demonizarnos.&nbsp;<\/p>\n\n\n\n<h6 class=\"wp-block-heading\">Prensa FESTRAM<\/h6>\n","protected":false},"excerpt":{"rendered":"<p>EL INTENDENTE DE LAS ROSAS INCUMPLE NUEVAMENTE CON LA LEY<\/p>\n","protected":false},"author":1,"featured_media":16547,"comment_status":"closed","ping_status":"closed","sticky":false,"template":"","format":"standard","meta":{"_jetpack_memberships_contains_paid_content":false,"footnotes":"","jetpack_publicize_message":"","jetpack_publicize_feature_enabled":true,"jetpack_social_post_already_shared":true,"jetpack_social_options":{"image_generator_settings":{"template":"highway","default_image_id":0,"font":"","enabled":false},"version":2}},"categories":[247,57],"tags":[134,67],"class_list":["post-16543","post","type-post","status-publish","format-standard","has-post-thumbnail","hentry","category-comunicados-2023","category-sindicatos-noticias","tag-las-rosas","tag-sindicatos-afiliados"],"yoast_head":"<!-- This site is optimized with the Yoast SEO plugin v25.9 - https:\/\/yoast.com\/wordpress\/plugins\/seo\/ -->\n<title>FESTRAM dispone el estado de alerta y movilizaci\u00f3n &#8211; FESTRAM<\/title>\n<meta name=\"description\" content=\"EL INTENDENTE DE LAS ROSAS INCUMPLE NUEVAMENTE CON LA LEY\" \/>\n<meta name=\"robots\" content=\"index, follow, max-snippet:-1, max-image-preview:large, max-video-preview:-1\" \/>\n<link rel=\"canonical\" href=\"https:\/\/municipales.org.ar\/festram\/festram-dispone-el-estado-de-alerta-y-movilizacion\/\" \/>\n<meta property=\"og:locale\" content=\"es_ES\" \/>\n<meta property=\"og:type\" content=\"article\" \/>\n<meta property=\"og:title\" content=\"FESTRAM dispone el estado de alerta y movilizaci\u00f3n &#8211; FESTRAM\" \/>\n<meta property=\"og:description\" content=\"EL INTENDENTE DE LAS ROSAS INCUMPLE NUEVAMENTE CON LA LEY\" \/>\n<meta property=\"og:url\" content=\"https:\/\/municipales.org.ar\/festram\/festram-dispone-el-estado-de-alerta-y-movilizacion\/\" \/>\n<meta property=\"og:site_name\" content=\"FESTRAM\" \/>\n<meta property=\"article:publisher\" content=\"https:\/\/www.facebook.com\/MunicipalesSF\" \/>\n<meta property=\"article:published_time\" content=\"2023-06-29T17:23:16+00:00\" \/>\n<meta property=\"article:modified_time\" content=\"2023-07-05T01:07:41+00:00\" \/>\n<meta property=\"og:image\" content=\"https:\/\/municipales.org.ar\/festram\/wp-content\/uploads\/2023\/06\/multimedia.normal.a681241c0faf2024.6a6176696572206d657965725f6e6f726d616c2e77656270.jpg\" \/>\n\t<meta property=\"og:image:width\" content=\"1311\" \/>\n\t<meta property=\"og:image:height\" content=\"761\" \/>\n\t<meta property=\"og:image:type\" content=\"image\/jpeg\" \/>\n<meta name=\"author\" content=\"mun_admin\" \/>\n<meta name=\"twitter:card\" content=\"summary_large_image\" \/>\n<meta name=\"twitter:creator\" content=\"@MunicipalesSF\" \/>\n<meta name=\"twitter:site\" content=\"@MunicipalesSF\" \/>\n<meta name=\"twitter:label1\" content=\"Escrito por\" \/>\n\t<meta name=\"twitter:data1\" content=\"mun_admin\" \/>\n\t<meta name=\"twitter:label2\" content=\"Tiempo de lectura\" \/>\n\t<meta name=\"twitter:data2\" content=\"2 minutos\" \/>\n<script type=\"application\/ld+json\" class=\"yoast-schema-graph\">{\"@context\":\"https:\/\/schema.org\",\"@graph\":[{\"@type\":\"Article\",\"@id\":\"https:\/\/municipales.org.ar\/festram\/festram-dispone-el-estado-de-alerta-y-movilizacion\/#article\",\"isPartOf\":{\"@id\":\"https:\/\/municipales.org.ar\/festram\/festram-dispone-el-estado-de-alerta-y-movilizacion\/\"},\"author\":{\"name\":\"mun_admin\",\"@id\":\"https:\/\/municipales.org.ar\/festram\/#\/schema\/person\/49096a774c48ce9063df4d59ec059f9e\"},\"headline\":\"FESTRAM dispone el estado de alerta y movilizaci\u00f3n\",\"datePublished\":\"2023-06-29T17:23:16+00:00\",\"dateModified\":\"2023-07-05T01:07:41+00:00\",\"mainEntityOfPage\":{\"@id\":\"https:\/\/municipales.org.ar\/festram\/festram-dispone-el-estado-de-alerta-y-movilizacion\/\"},\"wordCount\":281,\"publisher\":{\"@id\":\"https:\/\/municipales.org.ar\/festram\/#organization\"},\"image\":{\"@id\":\"https:\/\/municipales.org.ar\/festram\/festram-dispone-el-estado-de-alerta-y-movilizacion\/#primaryimage\"},\"thumbnailUrl\":\"https:\/\/municipales.org.ar\/festram\/wp-content\/uploads\/2023\/06\/multimedia.normal.a681241c0faf2024.6a6176696572206d657965725f6e6f726d616c2e77656270.jpg\",\"keywords\":[\"las rosas\",\"sindicatos afiliados\"],\"articleSection\":[\"Comunicados 2023\",\"Sindicatos Noticias\"],\"inLanguage\":\"es\"},{\"@type\":\"WebPage\",\"@id\":\"https:\/\/municipales.org.ar\/festram\/festram-dispone-el-estado-de-alerta-y-movilizacion\/\",\"url\":\"https:\/\/municipales.org.ar\/festram\/festram-dispone-el-estado-de-alerta-y-movilizacion\/\",\"name\":\"FESTRAM dispone el estado de alerta y movilizaci\u00f3n &#8211; FESTRAM\",\"isPartOf\":{\"@id\":\"https:\/\/municipales.org.ar\/festram\/#website\"},\"primaryImageOfPage\":{\"@id\":\"https:\/\/municipales.org.ar\/festram\/festram-dispone-el-estado-de-alerta-y-movilizacion\/#primaryimage\"},\"image\":{\"@id\":\"https:\/\/municipales.org.ar\/festram\/festram-dispone-el-estado-de-alerta-y-movilizacion\/#primaryimage\"},\"thumbnailUrl\":\"https:\/\/municipales.org.ar\/festram\/wp-content\/uploads\/2023\/06\/multimedia.normal.a681241c0faf2024.6a6176696572206d657965725f6e6f726d616c2e77656270.jpg\",\"datePublished\":\"2023-06-29T17:23:16+00:00\",\"dateModified\":\"2023-07-05T01:07:41+00:00\",\"description\":\"EL INTENDENTE DE LAS ROSAS INCUMPLE NUEVAMENTE CON LA LEY\",\"breadcrumb\":{\"@id\":\"https:\/\/municipales.org.ar\/festram\/festram-dispone-el-estado-de-alerta-y-movilizacion\/#breadcrumb\"},\"inLanguage\":\"es\",\"potentialAction\":[{\"@type\":\"ReadAction\",\"target\":[\"https:\/\/municipales.org.ar\/festram\/festram-dispone-el-estado-de-alerta-y-movilizacion\/\"]}]},{\"@type\":\"ImageObject\",\"inLanguage\":\"es\",\"@id\":\"https:\/\/municipales.org.ar\/festram\/festram-dispone-el-estado-de-alerta-y-movilizacion\/#primaryimage\",\"url\":\"https:\/\/municipales.org.ar\/festram\/wp-content\/uploads\/2023\/06\/multimedia.normal.a681241c0faf2024.6a6176696572206d657965725f6e6f726d616c2e77656270.jpg\",\"contentUrl\":\"https:\/\/municipales.org.ar\/festram\/wp-content\/uploads\/2023\/06\/multimedia.normal.a681241c0faf2024.6a6176696572206d657965725f6e6f726d616c2e77656270.jpg\",\"width\":1311,\"height\":761},{\"@type\":\"BreadcrumbList\",\"@id\":\"https:\/\/municipales.org.ar\/festram\/festram-dispone-el-estado-de-alerta-y-movilizacion\/#breadcrumb\",\"itemListElement\":[{\"@type\":\"ListItem\",\"position\":1,\"name\":\"Portada\",\"item\":\"https:\/\/municipales.org.ar\/festram\/\"},{\"@type\":\"ListItem\",\"position\":2,\"name\":\"FESTRAM dispone el estado de alerta y movilizaci\u00f3n\"}]},{\"@type\":\"WebSite\",\"@id\":\"https:\/\/municipales.org.ar\/festram\/#website\",\"url\":\"https:\/\/municipales.org.ar\/festram\/\",\"name\":\"FESTRAM\",\"description\":\"La web de los trabajadores municipales\",\"publisher\":{\"@id\":\"https:\/\/municipales.org.ar\/festram\/#organization\"},\"potentialAction\":[{\"@type\":\"SearchAction\",\"target\":{\"@type\":\"EntryPoint\",\"urlTemplate\":\"https:\/\/municipales.org.ar\/festram\/?s={search_term_string}\"},\"query-input\":{\"@type\":\"PropertyValueSpecification\",\"valueRequired\":true,\"valueName\":\"search_term_string\"}}],\"inLanguage\":\"es\"},{\"@type\":\"Organization\",\"@id\":\"https:\/\/municipales.org.ar\/festram\/#organization\",\"name\":\"Federaci\u00f3n de Sindicatos de Trabajadores Municipales de la Provincia de Santa Fe\",\"url\":\"https:\/\/municipales.org.ar\/festram\/\",\"logo\":{\"@type\":\"ImageObject\",\"inLanguage\":\"es\",\"@id\":\"https:\/\/municipales.org.ar\/festram\/#\/schema\/logo\/image\/\",\"url\":\"https:\/\/www.municipales.org.ar\/festram\/wp-content\/uploads\/2014\/07\/logo_fes.jpg\",\"contentUrl\":\"https:\/\/www.municipales.org.ar\/festram\/wp-content\/uploads\/2014\/07\/logo_fes.jpg\",\"width\":661,\"height\":673,\"caption\":\"Federaci\u00f3n de Sindicatos de Trabajadores Municipales de la Provincia de Santa Fe\"},\"image\":{\"@id\":\"https:\/\/municipales.org.ar\/festram\/#\/schema\/logo\/image\/\"},\"sameAs\":[\"https:\/\/www.facebook.com\/MunicipalesSF\",\"https:\/\/x.com\/MunicipalesSF\",\"https:\/\/www.youtube.com\/user\/festram\"]},{\"@type\":\"Person\",\"@id\":\"https:\/\/municipales.org.ar\/festram\/#\/schema\/person\/49096a774c48ce9063df4d59ec059f9e\",\"name\":\"mun_admin\"}]}<\/script>\n<!-- \/ Yoast SEO plugin. -->","yoast_head_json":{"title":"FESTRAM dispone el estado de alerta y movilizaci\u00f3n &#8211; FESTRAM","description":"EL INTENDENTE DE LAS ROSAS INCUMPLE NUEVAMENTE CON LA LEY","robots":{"index":"index","follow":"follow","max-snippet":"max-snippet:-1","max-image-preview":"max-image-preview:large","max-video-preview":"max-video-preview:-1"},"canonical":"https:\/\/municipales.org.ar\/festram\/festram-dispone-el-estado-de-alerta-y-movilizacion\/","og_locale":"es_ES","og_type":"article","og_title":"FESTRAM dispone el estado de alerta y movilizaci\u00f3n &#8211; FESTRAM","og_description":"EL INTENDENTE DE LAS ROSAS INCUMPLE NUEVAMENTE CON LA LEY","og_url":"https:\/\/municipales.org.ar\/festram\/festram-dispone-el-estado-de-alerta-y-movilizacion\/","og_site_name":"FESTRAM","article_publisher":"https:\/\/www.facebook.com\/MunicipalesSF","article_published_time":"2023-06-29T17:23:16+00:00","article_modified_time":"2023-07-05T01:07:41+00:00","og_image":[{"width":1311,"height":761,"url":"https:\/\/municipales.org.ar\/festram\/wp-content\/uploads\/2023\/06\/multimedia.normal.a681241c0faf2024.6a6176696572206d657965725f6e6f726d616c2e77656270.jpg","type":"image\/jpeg"}],"author":"mun_admin","twitter_card":"summary_large_image","twitter_creator":"@MunicipalesSF","twitter_site":"@MunicipalesSF","twitter_misc":{"Escrito por":"mun_admin","Tiempo de lectura":"2 minutos"},"schema":{"@context":"https:\/\/schema.org","@graph":[{"@type":"Article","@id":"https:\/\/municipales.org.ar\/festram\/festram-dispone-el-estado-de-alerta-y-movilizacion\/#article","isPartOf":{"@id":"https:\/\/municipales.org.ar\/festram\/festram-dispone-el-estado-de-alerta-y-movilizacion\/"},"author":{"name":"mun_admin","@id":"https:\/\/municipales.org.ar\/festram\/#\/schema\/person\/49096a774c48ce9063df4d59ec059f9e"},"headline":"FESTRAM dispone el estado de alerta y movilizaci\u00f3n","datePublished":"2023-06-29T17:23:16+00:00","dateModified":"2023-07-05T01:07:41+00:00","mainEntityOfPage":{"@id":"https:\/\/municipales.org.ar\/festram\/festram-dispone-el-estado-de-alerta-y-movilizacion\/"},"wordCount":281,"publisher":{"@id":"https:\/\/municipales.org.ar\/festram\/#organization"},"image":{"@id":"https:\/\/municipales.org.ar\/festram\/festram-dispone-el-estado-de-alerta-y-movilizacion\/#primaryimage"},"thumbnailUrl":"https:\/\/municipales.org.ar\/festram\/wp-content\/uploads\/2023\/06\/multimedia.normal.a681241c0faf2024.6a6176696572206d657965725f6e6f726d616c2e77656270.jpg","keywords":["las rosas","sindicatos afiliados"],"articleSection":["Comunicados 2023","Sindicatos Noticias"],"inLanguage":"es"},{"@type":"WebPage","@id":"https:\/\/municipales.org.ar\/festram\/festram-dispone-el-estado-de-alerta-y-movilizacion\/","url":"https:\/\/municipales.org.ar\/festram\/festram-dispone-el-estado-de-alerta-y-movilizacion\/","name":"FESTRAM dispone el estado de alerta y movilizaci\u00f3n &#8211; FESTRAM","isPartOf":{"@id":"https:\/\/municipales.org.ar\/festram\/#website"},"primaryImageOfPage":{"@id":"https:\/\/municipales.org.ar\/festram\/festram-dispone-el-estado-de-alerta-y-movilizacion\/#primaryimage"},"image":{"@id":"https:\/\/municipales.org.ar\/festram\/festram-dispone-el-estado-de-alerta-y-movilizacion\/#primaryimage"},"thumbnailUrl":"https:\/\/municipales.org.ar\/festram\/wp-content\/uploads\/2023\/06\/multimedia.normal.a681241c0faf2024.6a6176696572206d657965725f6e6f726d616c2e77656270.jpg","datePublished":"2023-06-29T17:23:16+00:00","dateModified":"2023-07-05T01:07:41+00:00","description":"EL INTENDENTE DE LAS ROSAS INCUMPLE NUEVAMENTE CON LA LEY","breadcrumb":{"@id":"https:\/\/municipales.org.ar\/festram\/festram-dispone-el-estado-de-alerta-y-movilizacion\/#breadcrumb"},"inLanguage":"es","potentialAction":[{"@type":"ReadAction","target":["https:\/\/municipales.org.ar\/festram\/festram-dispone-el-estado-de-alerta-y-movilizacion\/"]}]},{"@type":"ImageObject","inLanguage":"es","@id":"https:\/\/municipales.org.ar\/festram\/festram-dispone-el-estado-de-alerta-y-movilizacion\/#primaryimage","url":"https:\/\/municipales.org.ar\/festram\/wp-content\/uploads\/2023\/06\/multimedia.normal.a681241c0faf2024.6a6176696572206d657965725f6e6f726d616c2e77656270.jpg","contentUrl":"https:\/\/municipales.org.ar\/festram\/wp-content\/uploads\/2023\/06\/multimedia.normal.a681241c0faf2024.6a6176696572206d657965725f6e6f726d616c2e77656270.jpg","width":1311,"height":761},{"@type":"BreadcrumbList","@id":"https:\/\/municipales.org.ar\/festram\/festram-dispone-el-estado-de-alerta-y-movilizacion\/#breadcrumb","itemListElement":[{"@type":"ListItem","position":1,"name":"Portada","item":"https:\/\/municipales.org.ar\/festram\/"},{"@type":"ListItem","position":2,"name":"FESTRAM dispone el estado de alerta y movilizaci\u00f3n"}]},{"@type":"WebSite","@id":"https:\/\/municipales.org.ar\/festram\/#website","url":"https:\/\/municipales.org.ar\/festram\/","name":"FESTRAM","description":"La web de los trabajadores municipales","publisher":{"@id":"https:\/\/municipales.org.ar\/festram\/#organization"},"potentialAction":[{"@type":"SearchAction","target":{"@type":"EntryPoint","urlTemplate":"https:\/\/municipales.org.ar\/festram\/?s={search_term_string}"},"query-input":{"@type":"PropertyValueSpecification","valueRequired":true,"valueName":"search_term_string"}}],"inLanguage":"es"},{"@type":"Organization","@id":"https:\/\/municipales.org.ar\/festram\/#organization","name":"Federaci\u00f3n de Sindicatos de Trabajadores Municipales de la Provincia de Santa Fe","url":"https:\/\/municipales.org.ar\/festram\/","logo":{"@type":"ImageObject","inLanguage":"es","@id":"https:\/\/municipales.org.ar\/festram\/#\/schema\/logo\/image\/","url":"https:\/\/www.municipales.org.ar\/festram\/wp-content\/uploads\/2014\/07\/logo_fes.jpg","contentUrl":"https:\/\/www.municipales.org.ar\/festram\/wp-content\/uploads\/2014\/07\/logo_fes.jpg","width":661,"height":673,"caption":"Federaci\u00f3n de Sindicatos de Trabajadores Municipales de la Provincia de Santa Fe"},"image":{"@id":"https:\/\/municipales.org.ar\/festram\/#\/schema\/logo\/image\/"},"sameAs":["https:\/\/www.facebook.com\/MunicipalesSF","https:\/\/x.com\/MunicipalesSF","https:\/\/www.youtube.com\/user\/festram"]},{"@type":"Person","@id":"https:\/\/municipales.org.ar\/festram\/#\/schema\/person\/49096a774c48ce9063df4d59ec059f9e","name":"mun_admin"}]}},"jetpack_publicize_connections":[],"jetpack_featured_media_url":"https:\/\/municipales.org.ar\/festram\/wp-content\/uploads\/2023\/06\/multimedia.normal.a681241c0faf2024.6a6176696572206d657965725f6e6f726d616c2e77656270.jpg","jetpack_sharing_enabled":true,"jetpack_likes_enabled":false,"jetpack_shortlink":"https:\/\/wp.me\/p7l4x1-4iP","_links":{"self":[{"href":"https:\/\/municipales.org.ar\/festram\/wp-json\/wp\/v2\/posts\/16543","targetHints":{"allow":["GET"]}}],"collection":[{"href":"https:\/\/municipales.org.ar\/festram\/wp-json\/wp\/v2\/posts"}],"about":[{"href":"https:\/\/municipales.org.ar\/festram\/wp-json\/wp\/v2\/types\/post"}],"author":[{"embeddable":true,"href":"https:\/\/municipales.org.ar\/festram\/wp-json\/wp\/v2\/users\/1"}],"replies":[{"embeddable":true,"href":"https:\/\/municipales.org.ar\/festram\/wp-json\/wp\/v2\/comments?post=16543"}],"version-history":[{"count":1,"href":"https:\/\/municipales.org.ar\/festram\/wp-json\/wp\/v2\/posts\/16543\/revisions"}],"predecessor-version":[{"id":16548,"href":"https:\/\/municipales.org.ar\/festram\/wp-json\/wp\/v2\/posts\/16543\/revisions\/16548"}],"wp:featuredmedia":[{"embeddable":true,"href":"https:\/\/municipales.org.ar\/festram\/wp-json\/wp\/v2\/media\/16547"}],"wp:attachment":[{"href":"https:\/\/municipales.org.ar\/festram\/wp-json\/wp\/v2\/media?parent=16543"}],"wp:term":[{"taxonomy":"category","embeddable":true,"href":"https:\/\/municipales.org.ar\/festram\/wp-json\/wp\/v2\/categories?post=16543"},{"taxonomy":"post_tag","embeddable":true,"href":"https:\/\/municipales.org.ar\/festram\/wp-json\/wp\/v2\/tags?post=16543"}],"curies":[{"name":"wp","href":"https:\/\/api.w.org\/{rel}","templated":true}]}}