{"id":16594,"date":"2023-08-01T12:29:04","date_gmt":"2023-08-01T15:29:04","guid":{"rendered":"https:\/\/municipales.org.ar\/festram\/?p=16594"},"modified":"2023-08-01T12:29:57","modified_gmt":"2023-08-01T15:29:57","slug":"la-ctmra-apoya-a-festram-en-la-defensa-de-los-derechos-de-los-trabajadores-en-las-rosas","status":"publish","type":"post","link":"https:\/\/municipales.org.ar\/festram\/la-ctmra-apoya-a-festram-en-la-defensa-de-los-derechos-de-los-trabajadores-en-las-rosas\/","title":{"rendered":"La CTMRA apoya a FESTRAM en la defensa de los derechos de los Trabajadores en Las Rosas"},"content":{"rendered":"\n<p><\/p>\n\n\n\n<h2 class=\"wp-block-heading\">La Confederaci\u00f3n de Trabajadores Municipales de la Rep\u00fablica Argentina expres\u00f3 su solidaridad con FESTRAM ante el conflicto suscitado por el Intendente Javier Meyer de la ciudad de Las Rosas y contra la criminalizaci\u00f3n de la protesta social en dicha localidad.<br><\/h2>\n\n\n\n<p>A su vez, denunci\u00f3 la intromisi\u00f3n del Poder Judicial quien ha adoptado medidas penales a favor de la intendencia mientras que el origen del reclamo y la represi\u00f3n sufrida por los compa\u00f1eros y compa\u00f1eras siguen sin tener respuestas.<\/p>\n\n\n\n<figure class=\"wp-block-gallery has-nested-images columns-default is-cropped wp-block-gallery-1 is-layout-flex wp-block-gallery-is-layout-flex\">\n<figure class=\"wp-block-image size-large\"><img loading=\"lazy\" decoding=\"async\" width=\"1024\" height=\"1024\" data-id=\"16595\" src=\"https:\/\/municipales.org.ar\/festram\/wp-content\/uploads\/2023\/08\/PHOTO-2023-07-31-11-22-49-1024x1024.jpg\" alt=\"\" class=\"wp-image-16595\" srcset=\"https:\/\/municipales.org.ar\/festram\/wp-content\/uploads\/2023\/08\/PHOTO-2023-07-31-11-22-49-1024x1024.jpg 1024w, https:\/\/municipales.org.ar\/festram\/wp-content\/uploads\/2023\/08\/PHOTO-2023-07-31-11-22-49-300x300.jpg 300w, https:\/\/municipales.org.ar\/festram\/wp-content\/uploads\/2023\/08\/PHOTO-2023-07-31-11-22-49-150x150.jpg 150w, https:\/\/municipales.org.ar\/festram\/wp-content\/uploads\/2023\/08\/PHOTO-2023-07-31-11-22-49-768x768.jpg 768w, https:\/\/municipales.org.ar\/festram\/wp-content\/uploads\/2023\/08\/PHOTO-2023-07-31-11-22-49-80x80.jpg 80w, https:\/\/municipales.org.ar\/festram\/wp-content\/uploads\/2023\/08\/PHOTO-2023-07-31-11-22-49.jpg 1080w\" sizes=\"auto, (max-width: 1024px) 100vw, 1024px\" \/><\/figure>\n<\/figure>\n\n\n\n<p>Con la firma de su Secretario General Hern\u00e1n Doval, la CTM destaca que donde haya un trabajador luchando, la misma estar\u00e1 siempre presente.<\/p>\n\n\n\n<p>Agradecemos el acompa\u00f1amiento de la Organizaci\u00f3n Nacional, dando muestras de la necesidad de la Unidad de los Trabajadores y Trabajadoras Municipales de la Rep\u00fablica Argentina.<\/p>\n\n\n\n<h6 class=\"wp-block-heading\"><br>Prensa FESTRAM<\/h6>\n","protected":false},"excerpt":{"rendered":"<p>La Confederaci\u00f3n de Trabajadores Municipales de la Rep\u00fablica Argentina expres\u00f3 su solidaridad con FESTRAM ante el conflicto suscitado por el Intendente Javier Meyer de la ciudad de Las Rosas y contra la criminalizaci\u00f3n de la protesta social en dicha localidad.<\/p>\n","protected":false},"author":1,"featured_media":16527,"comment_status":"closed","ping_status":"closed","sticky":false,"template":"","format":"standard","meta":{"_jetpack_memberships_contains_paid_content":false,"footnotes":"","jetpack_publicize_message":"","jetpack_publicize_feature_enabled":true,"jetpack_social_post_already_shared":true,"jetpack_social_options":{"image_generator_settings":{"template":"highway","default_image_id":0,"font":"","enabled":false},"version":2}},"categories":[38,57],"tags":[134,67],"class_list":["post-16594","post","type-post","status-publish","format-standard","has-post-thumbnail","hentry","category-comunicados","category-sindicatos-noticias","tag-las-rosas","tag-sindicatos-afiliados"],"yoast_head":"<!-- This site is optimized with the Yoast SEO plugin v25.9 - https:\/\/yoast.com\/wordpress\/plugins\/seo\/ -->\n<title>La CTMRA apoya a FESTRAM en la defensa de los derechos de los Trabajadores en Las Rosas &#8211; FESTRAM<\/title>\n<meta name=\"description\" content=\"La Confederaci\u00f3n de Trabajadores Municipales de la Rep\u00fablica Argentina expres\u00f3 su solidaridad con FESTRAM ante el conflicto suscitado por el Intendente Javier Meyer de la ciudad de Las Rosas y contra la criminalizaci\u00f3n de la protesta social en dicha localidad.\" \/>\n<meta name=\"robots\" content=\"index, follow, max-snippet:-1, max-image-preview:large, max-video-preview:-1\" \/>\n<link rel=\"canonical\" href=\"https:\/\/municipales.org.ar\/festram\/la-ctmra-apoya-a-festram-en-la-defensa-de-los-derechos-de-los-trabajadores-en-las-rosas\/\" \/>\n<meta property=\"og:locale\" content=\"es_ES\" \/>\n<meta property=\"og:type\" content=\"article\" \/>\n<meta property=\"og:title\" content=\"La CTMRA apoya a FESTRAM en la defensa de los derechos de los Trabajadores en Las Rosas &#8211; FESTRAM\" \/>\n<meta property=\"og:description\" content=\"La Confederaci\u00f3n de Trabajadores Municipales de la Rep\u00fablica Argentina expres\u00f3 su solidaridad con FESTRAM ante el conflicto suscitado por el Intendente Javier Meyer de la ciudad de Las Rosas y contra la criminalizaci\u00f3n de la protesta social en dicha localidad.\" \/>\n<meta property=\"og:url\" content=\"https:\/\/municipales.org.ar\/festram\/la-ctmra-apoya-a-festram-en-la-defensa-de-los-derechos-de-los-trabajadores-en-las-rosas\/\" \/>\n<meta property=\"og:site_name\" content=\"FESTRAM\" \/>\n<meta property=\"article:publisher\" content=\"https:\/\/www.facebook.com\/MunicipalesSF\" \/>\n<meta property=\"article:published_time\" content=\"2023-08-01T15:29:04+00:00\" \/>\n<meta property=\"article:modified_time\" content=\"2023-08-01T15:29:57+00:00\" \/>\n<meta property=\"og:image\" content=\"https:\/\/municipales.org.ar\/festram\/wp-content\/uploads\/2023\/06\/QH6KMZYTP5EWRI4OXQYYOJF26I.jpg\" \/>\n\t<meta property=\"og:image:width\" content=\"1920\" \/>\n\t<meta property=\"og:image:height\" content=\"1080\" \/>\n\t<meta property=\"og:image:type\" content=\"image\/jpeg\" \/>\n<meta name=\"author\" content=\"mun_admin\" \/>\n<meta name=\"twitter:card\" content=\"summary_large_image\" \/>\n<meta name=\"twitter:creator\" content=\"@MunicipalesSF\" \/>\n<meta name=\"twitter:site\" content=\"@MunicipalesSF\" \/>\n<meta name=\"twitter:label1\" content=\"Escrito por\" \/>\n\t<meta name=\"twitter:data1\" content=\"mun_admin\" \/>\n\t<meta name=\"twitter:label2\" content=\"Tiempo de lectura\" \/>\n\t<meta name=\"twitter:data2\" content=\"1 minuto\" \/>\n<script type=\"application\/ld+json\" class=\"yoast-schema-graph\">{\"@context\":\"https:\/\/schema.org\",\"@graph\":[{\"@type\":\"Article\",\"@id\":\"https:\/\/municipales.org.ar\/festram\/la-ctmra-apoya-a-festram-en-la-defensa-de-los-derechos-de-los-trabajadores-en-las-rosas\/#article\",\"isPartOf\":{\"@id\":\"https:\/\/municipales.org.ar\/festram\/la-ctmra-apoya-a-festram-en-la-defensa-de-los-derechos-de-los-trabajadores-en-las-rosas\/\"},\"author\":{\"name\":\"mun_admin\",\"@id\":\"https:\/\/municipales.org.ar\/festram\/#\/schema\/person\/49096a774c48ce9063df4d59ec059f9e\"},\"headline\":\"La CTMRA apoya a FESTRAM en la defensa de los derechos de los Trabajadores en Las Rosas\",\"datePublished\":\"2023-08-01T15:29:04+00:00\",\"dateModified\":\"2023-08-01T15:29:57+00:00\",\"mainEntityOfPage\":{\"@id\":\"https:\/\/municipales.org.ar\/festram\/la-ctmra-apoya-a-festram-en-la-defensa-de-los-derechos-de-los-trabajadores-en-las-rosas\/\"},\"wordCount\":156,\"publisher\":{\"@id\":\"https:\/\/municipales.org.ar\/festram\/#organization\"},\"image\":{\"@id\":\"https:\/\/municipales.org.ar\/festram\/la-ctmra-apoya-a-festram-en-la-defensa-de-los-derechos-de-los-trabajadores-en-las-rosas\/#primaryimage\"},\"thumbnailUrl\":\"https:\/\/municipales.org.ar\/festram\/wp-content\/uploads\/2023\/06\/QH6KMZYTP5EWRI4OXQYYOJF26I.jpg\",\"keywords\":[\"las rosas\",\"sindicatos afiliados\"],\"articleSection\":[\"Comunicados\",\"Sindicatos Noticias\"],\"inLanguage\":\"es\"},{\"@type\":\"WebPage\",\"@id\":\"https:\/\/municipales.org.ar\/festram\/la-ctmra-apoya-a-festram-en-la-defensa-de-los-derechos-de-los-trabajadores-en-las-rosas\/\",\"url\":\"https:\/\/municipales.org.ar\/festram\/la-ctmra-apoya-a-festram-en-la-defensa-de-los-derechos-de-los-trabajadores-en-las-rosas\/\",\"name\":\"La CTMRA apoya a FESTRAM en la defensa de los derechos de los Trabajadores en Las Rosas &#8211; FESTRAM\",\"isPartOf\":{\"@id\":\"https:\/\/municipales.org.ar\/festram\/#website\"},\"primaryImageOfPage\":{\"@id\":\"https:\/\/municipales.org.ar\/festram\/la-ctmra-apoya-a-festram-en-la-defensa-de-los-derechos-de-los-trabajadores-en-las-rosas\/#primaryimage\"},\"image\":{\"@id\":\"https:\/\/municipales.org.ar\/festram\/la-ctmra-apoya-a-festram-en-la-defensa-de-los-derechos-de-los-trabajadores-en-las-rosas\/#primaryimage\"},\"thumbnailUrl\":\"https:\/\/municipales.org.ar\/festram\/wp-content\/uploads\/2023\/06\/QH6KMZYTP5EWRI4OXQYYOJF26I.jpg\",\"datePublished\":\"2023-08-01T15:29:04+00:00\",\"dateModified\":\"2023-08-01T15:29:57+00:00\",\"description\":\"La Confederaci\u00f3n de Trabajadores Municipales de la Rep\u00fablica Argentina expres\u00f3 su solidaridad con FESTRAM ante el conflicto suscitado por el Intendente Javier Meyer de la ciudad de Las Rosas y contra la criminalizaci\u00f3n de la protesta social en dicha localidad.\",\"breadcrumb\":{\"@id\":\"https:\/\/municipales.org.ar\/festram\/la-ctmra-apoya-a-festram-en-la-defensa-de-los-derechos-de-los-trabajadores-en-las-rosas\/#breadcrumb\"},\"inLanguage\":\"es\",\"potentialAction\":[{\"@type\":\"ReadAction\",\"target\":[\"https:\/\/municipales.org.ar\/festram\/la-ctmra-apoya-a-festram-en-la-defensa-de-los-derechos-de-los-trabajadores-en-las-rosas\/\"]}]},{\"@type\":\"ImageObject\",\"inLanguage\":\"es\",\"@id\":\"https:\/\/municipales.org.ar\/festram\/la-ctmra-apoya-a-festram-en-la-defensa-de-los-derechos-de-los-trabajadores-en-las-rosas\/#primaryimage\",\"url\":\"https:\/\/municipales.org.ar\/festram\/wp-content\/uploads\/2023\/06\/QH6KMZYTP5EWRI4OXQYYOJF26I.jpg\",\"contentUrl\":\"https:\/\/municipales.org.ar\/festram\/wp-content\/uploads\/2023\/06\/QH6KMZYTP5EWRI4OXQYYOJF26I.jpg\",\"width\":1920,\"height\":1080},{\"@type\":\"BreadcrumbList\",\"@id\":\"https:\/\/municipales.org.ar\/festram\/la-ctmra-apoya-a-festram-en-la-defensa-de-los-derechos-de-los-trabajadores-en-las-rosas\/#breadcrumb\",\"itemListElement\":[{\"@type\":\"ListItem\",\"position\":1,\"name\":\"Portada\",\"item\":\"https:\/\/municipales.org.ar\/festram\/\"},{\"@type\":\"ListItem\",\"position\":2,\"name\":\"La CTMRA apoya a FESTRAM en la defensa de los derechos de los Trabajadores en Las Rosas\"}]},{\"@type\":\"WebSite\",\"@id\":\"https:\/\/municipales.org.ar\/festram\/#website\",\"url\":\"https:\/\/municipales.org.ar\/festram\/\",\"name\":\"FESTRAM\",\"description\":\"La web de los trabajadores municipales\",\"publisher\":{\"@id\":\"https:\/\/municipales.org.ar\/festram\/#organization\"},\"potentialAction\":[{\"@type\":\"SearchAction\",\"target\":{\"@type\":\"EntryPoint\",\"urlTemplate\":\"https:\/\/municipales.org.ar\/festram\/?s={search_term_string}\"},\"query-input\":{\"@type\":\"PropertyValueSpecification\",\"valueRequired\":true,\"valueName\":\"search_term_string\"}}],\"inLanguage\":\"es\"},{\"@type\":\"Organization\",\"@id\":\"https:\/\/municipales.org.ar\/festram\/#organization\",\"name\":\"Federaci\u00f3n de Sindicatos de Trabajadores Municipales de la Provincia de Santa Fe\",\"url\":\"https:\/\/municipales.org.ar\/festram\/\",\"logo\":{\"@type\":\"ImageObject\",\"inLanguage\":\"es\",\"@id\":\"https:\/\/municipales.org.ar\/festram\/#\/schema\/logo\/image\/\",\"url\":\"https:\/\/www.municipales.org.ar\/festram\/wp-content\/uploads\/2014\/07\/logo_fes.jpg\",\"contentUrl\":\"https:\/\/www.municipales.org.ar\/festram\/wp-content\/uploads\/2014\/07\/logo_fes.jpg\",\"width\":661,\"height\":673,\"caption\":\"Federaci\u00f3n de Sindicatos de Trabajadores Municipales de la Provincia de Santa Fe\"},\"image\":{\"@id\":\"https:\/\/municipales.org.ar\/festram\/#\/schema\/logo\/image\/\"},\"sameAs\":[\"https:\/\/www.facebook.com\/MunicipalesSF\",\"https:\/\/x.com\/MunicipalesSF\",\"https:\/\/www.youtube.com\/user\/festram\"]},{\"@type\":\"Person\",\"@id\":\"https:\/\/municipales.org.ar\/festram\/#\/schema\/person\/49096a774c48ce9063df4d59ec059f9e\",\"name\":\"mun_admin\"}]}<\/script>\n<!-- \/ Yoast SEO plugin. -->","yoast_head_json":{"title":"La CTMRA apoya a FESTRAM en la defensa de los derechos de los Trabajadores en Las Rosas &#8211; FESTRAM","description":"La Confederaci\u00f3n de Trabajadores Municipales de la Rep\u00fablica Argentina expres\u00f3 su solidaridad con FESTRAM ante el conflicto suscitado por el Intendente Javier Meyer de la ciudad de Las Rosas y contra la criminalizaci\u00f3n de la protesta social en dicha localidad.","robots":{"index":"index","follow":"follow","max-snippet":"max-snippet:-1","max-image-preview":"max-image-preview:large","max-video-preview":"max-video-preview:-1"},"canonical":"https:\/\/municipales.org.ar\/festram\/la-ctmra-apoya-a-festram-en-la-defensa-de-los-derechos-de-los-trabajadores-en-las-rosas\/","og_locale":"es_ES","og_type":"article","og_title":"La CTMRA apoya a FESTRAM en la defensa de los derechos de los Trabajadores en Las Rosas &#8211; FESTRAM","og_description":"La Confederaci\u00f3n de Trabajadores Municipales de la Rep\u00fablica Argentina expres\u00f3 su solidaridad con FESTRAM ante el conflicto suscitado por el Intendente Javier Meyer de la ciudad de Las Rosas y contra la criminalizaci\u00f3n de la protesta social en dicha localidad.","og_url":"https:\/\/municipales.org.ar\/festram\/la-ctmra-apoya-a-festram-en-la-defensa-de-los-derechos-de-los-trabajadores-en-las-rosas\/","og_site_name":"FESTRAM","article_publisher":"https:\/\/www.facebook.com\/MunicipalesSF","article_published_time":"2023-08-01T15:29:04+00:00","article_modified_time":"2023-08-01T15:29:57+00:00","og_image":[{"width":1920,"height":1080,"url":"https:\/\/municipales.org.ar\/festram\/wp-content\/uploads\/2023\/06\/QH6KMZYTP5EWRI4OXQYYOJF26I.jpg","type":"image\/jpeg"}],"author":"mun_admin","twitter_card":"summary_large_image","twitter_creator":"@MunicipalesSF","twitter_site":"@MunicipalesSF","twitter_misc":{"Escrito por":"mun_admin","Tiempo de lectura":"1 minuto"},"schema":{"@context":"https:\/\/schema.org","@graph":[{"@type":"Article","@id":"https:\/\/municipales.org.ar\/festram\/la-ctmra-apoya-a-festram-en-la-defensa-de-los-derechos-de-los-trabajadores-en-las-rosas\/#article","isPartOf":{"@id":"https:\/\/municipales.org.ar\/festram\/la-ctmra-apoya-a-festram-en-la-defensa-de-los-derechos-de-los-trabajadores-en-las-rosas\/"},"author":{"name":"mun_admin","@id":"https:\/\/municipales.org.ar\/festram\/#\/schema\/person\/49096a774c48ce9063df4d59ec059f9e"},"headline":"La CTMRA apoya a FESTRAM en la defensa de los derechos de los Trabajadores en Las Rosas","datePublished":"2023-08-01T15:29:04+00:00","dateModified":"2023-08-01T15:29:57+00:00","mainEntityOfPage":{"@id":"https:\/\/municipales.org.ar\/festram\/la-ctmra-apoya-a-festram-en-la-defensa-de-los-derechos-de-los-trabajadores-en-las-rosas\/"},"wordCount":156,"publisher":{"@id":"https:\/\/municipales.org.ar\/festram\/#organization"},"image":{"@id":"https:\/\/municipales.org.ar\/festram\/la-ctmra-apoya-a-festram-en-la-defensa-de-los-derechos-de-los-trabajadores-en-las-rosas\/#primaryimage"},"thumbnailUrl":"https:\/\/municipales.org.ar\/festram\/wp-content\/uploads\/2023\/06\/QH6KMZYTP5EWRI4OXQYYOJF26I.jpg","keywords":["las rosas","sindicatos afiliados"],"articleSection":["Comunicados","Sindicatos Noticias"],"inLanguage":"es"},{"@type":"WebPage","@id":"https:\/\/municipales.org.ar\/festram\/la-ctmra-apoya-a-festram-en-la-defensa-de-los-derechos-de-los-trabajadores-en-las-rosas\/","url":"https:\/\/municipales.org.ar\/festram\/la-ctmra-apoya-a-festram-en-la-defensa-de-los-derechos-de-los-trabajadores-en-las-rosas\/","name":"La CTMRA apoya a FESTRAM en la defensa de los derechos de los Trabajadores en Las Rosas &#8211; FESTRAM","isPartOf":{"@id":"https:\/\/municipales.org.ar\/festram\/#website"},"primaryImageOfPage":{"@id":"https:\/\/municipales.org.ar\/festram\/la-ctmra-apoya-a-festram-en-la-defensa-de-los-derechos-de-los-trabajadores-en-las-rosas\/#primaryimage"},"image":{"@id":"https:\/\/municipales.org.ar\/festram\/la-ctmra-apoya-a-festram-en-la-defensa-de-los-derechos-de-los-trabajadores-en-las-rosas\/#primaryimage"},"thumbnailUrl":"https:\/\/municipales.org.ar\/festram\/wp-content\/uploads\/2023\/06\/QH6KMZYTP5EWRI4OXQYYOJF26I.jpg","datePublished":"2023-08-01T15:29:04+00:00","dateModified":"2023-08-01T15:29:57+00:00","description":"La Confederaci\u00f3n de Trabajadores Municipales de la Rep\u00fablica Argentina expres\u00f3 su solidaridad con FESTRAM ante el conflicto suscitado por el Intendente Javier Meyer de la ciudad de Las Rosas y contra la criminalizaci\u00f3n de la protesta social en dicha localidad.","breadcrumb":{"@id":"https:\/\/municipales.org.ar\/festram\/la-ctmra-apoya-a-festram-en-la-defensa-de-los-derechos-de-los-trabajadores-en-las-rosas\/#breadcrumb"},"inLanguage":"es","potentialAction":[{"@type":"ReadAction","target":["https:\/\/municipales.org.ar\/festram\/la-ctmra-apoya-a-festram-en-la-defensa-de-los-derechos-de-los-trabajadores-en-las-rosas\/"]}]},{"@type":"ImageObject","inLanguage":"es","@id":"https:\/\/municipales.org.ar\/festram\/la-ctmra-apoya-a-festram-en-la-defensa-de-los-derechos-de-los-trabajadores-en-las-rosas\/#primaryimage","url":"https:\/\/municipales.org.ar\/festram\/wp-content\/uploads\/2023\/06\/QH6KMZYTP5EWRI4OXQYYOJF26I.jpg","contentUrl":"https:\/\/municipales.org.ar\/festram\/wp-content\/uploads\/2023\/06\/QH6KMZYTP5EWRI4OXQYYOJF26I.jpg","width":1920,"height":1080},{"@type":"BreadcrumbList","@id":"https:\/\/municipales.org.ar\/festram\/la-ctmra-apoya-a-festram-en-la-defensa-de-los-derechos-de-los-trabajadores-en-las-rosas\/#breadcrumb","itemListElement":[{"@type":"ListItem","position":1,"name":"Portada","item":"https:\/\/municipales.org.ar\/festram\/"},{"@type":"ListItem","position":2,"name":"La CTMRA apoya a FESTRAM en la defensa de los derechos de los Trabajadores en Las Rosas"}]},{"@type":"WebSite","@id":"https:\/\/municipales.org.ar\/festram\/#website","url":"https:\/\/municipales.org.ar\/festram\/","name":"FESTRAM","description":"La web de los trabajadores municipales","publisher":{"@id":"https:\/\/municipales.org.ar\/festram\/#organization"},"potentialAction":[{"@type":"SearchAction","target":{"@type":"EntryPoint","urlTemplate":"https:\/\/municipales.org.ar\/festram\/?s={search_term_string}"},"query-input":{"@type":"PropertyValueSpecification","valueRequired":true,"valueName":"search_term_string"}}],"inLanguage":"es"},{"@type":"Organization","@id":"https:\/\/municipales.org.ar\/festram\/#organization","name":"Federaci\u00f3n de Sindicatos de Trabajadores Municipales de la Provincia de Santa Fe","url":"https:\/\/municipales.org.ar\/festram\/","logo":{"@type":"ImageObject","inLanguage":"es","@id":"https:\/\/municipales.org.ar\/festram\/#\/schema\/logo\/image\/","url":"https:\/\/www.municipales.org.ar\/festram\/wp-content\/uploads\/2014\/07\/logo_fes.jpg","contentUrl":"https:\/\/www.municipales.org.ar\/festram\/wp-content\/uploads\/2014\/07\/logo_fes.jpg","width":661,"height":673,"caption":"Federaci\u00f3n de Sindicatos de Trabajadores Municipales de la Provincia de Santa Fe"},"image":{"@id":"https:\/\/municipales.org.ar\/festram\/#\/schema\/logo\/image\/"},"sameAs":["https:\/\/www.facebook.com\/MunicipalesSF","https:\/\/x.com\/MunicipalesSF","https:\/\/www.youtube.com\/user\/festram"]},{"@type":"Person","@id":"https:\/\/municipales.org.ar\/festram\/#\/schema\/person\/49096a774c48ce9063df4d59ec059f9e","name":"mun_admin"}]}},"jetpack_publicize_connections":[],"jetpack_featured_media_url":"https:\/\/municipales.org.ar\/festram\/wp-content\/uploads\/2023\/06\/QH6KMZYTP5EWRI4OXQYYOJF26I.jpg","jetpack_sharing_enabled":true,"jetpack_likes_enabled":false,"jetpack_shortlink":"https:\/\/wp.me\/p7l4x1-4jE","_links":{"self":[{"href":"https:\/\/municipales.org.ar\/festram\/wp-json\/wp\/v2\/posts\/16594","targetHints":{"allow":["GET"]}}],"collection":[{"href":"https:\/\/municipales.org.ar\/festram\/wp-json\/wp\/v2\/posts"}],"about":[{"href":"https:\/\/municipales.org.ar\/festram\/wp-json\/wp\/v2\/types\/post"}],"author":[{"embeddable":true,"href":"https:\/\/municipales.org.ar\/festram\/wp-json\/wp\/v2\/users\/1"}],"replies":[{"embeddable":true,"href":"https:\/\/municipales.org.ar\/festram\/wp-json\/wp\/v2\/comments?post=16594"}],"version-history":[{"count":1,"href":"https:\/\/municipales.org.ar\/festram\/wp-json\/wp\/v2\/posts\/16594\/revisions"}],"predecessor-version":[{"id":16596,"href":"https:\/\/municipales.org.ar\/festram\/wp-json\/wp\/v2\/posts\/16594\/revisions\/16596"}],"wp:featuredmedia":[{"embeddable":true,"href":"https:\/\/municipales.org.ar\/festram\/wp-json\/wp\/v2\/media\/16527"}],"wp:attachment":[{"href":"https:\/\/municipales.org.ar\/festram\/wp-json\/wp\/v2\/media?parent=16594"}],"wp:term":[{"taxonomy":"category","embeddable":true,"href":"https:\/\/municipales.org.ar\/festram\/wp-json\/wp\/v2\/categories?post=16594"},{"taxonomy":"post_tag","embeddable":true,"href":"https:\/\/municipales.org.ar\/festram\/wp-json\/wp\/v2\/tags?post=16594"}],"curies":[{"name":"wp","href":"https:\/\/api.w.org\/{rel}","templated":true}]}}