{"id":16695,"date":"2023-10-02T09:40:46","date_gmt":"2023-10-02T12:40:46","guid":{"rendered":"https:\/\/municipales.org.ar\/festram\/?p=16695"},"modified":"2023-12-29T15:04:08","modified_gmt":"2023-12-29T18:04:08","slug":"un-fallo-a-favor-de-la-tutela-sindical","status":"publish","type":"post","link":"https:\/\/municipales.org.ar\/festram\/un-fallo-a-favor-de-la-tutela-sindical\/","title":{"rendered":"Un fallo a favor de la tutela sindical"},"content":{"rendered":"\n<p><\/p>\n\n\n\n<h2 class=\"wp-block-heading\"><strong>Resoluci\u00f3n judicial garantizando el salario \u00edntegro de una dirigenta de FESTRAM.<\/strong><br><\/h2>\n\n\n\n<p>La justicia orden\u00f3 el reintegro de suplementos que hab\u00edan sido descontados a una trabajadora por gozar de Licencia Gremial.<\/p>\n\n\n\n<p>El Juzgado Civil, Comercial y del Trabajo de la ciudad de San Crist\u00f3bal resolvi\u00f3 en favor de una compa\u00f1era dirigenta del Sindicato de San Crist\u00f3bal y de FESTRAM una acci\u00f3n de amparo presentada por la misma en virtud que la Comuna de la que es empleada hab\u00eda procedido al descuento del suplemento presentismo con motivo de que la compa\u00f1era gozaba de Licencia Gremial.<\/p>\n\n\n\n<p>En los fundamentos de la decisi\u00f3n, el juzgado destac\u00f3 que:&nbsp;&nbsp;\u201c\u2026la tutela sindical tiene como finalidad fundamental la intangibilidad de los derechos laborales para aquellos trabajadores llamados a cumplir funciones de representaci\u00f3n o similar y que se traduce en el goce de estabilidad en su puesto de trabajo y del el cobro del salario antes de la licencia sindical; para evitar cualquier conducta tendiente a modificar las condiciones de trabajo, siempre que no se de una causal que justifique proceder de manera contraria al derecho mencionado.&nbsp;<\/p>\n\n\n\n<p>La tutela espec\u00edfica de los trabajadores amparados por garant\u00edas gremiales, tiene como objetivo esencial preservar a los representantes sindicales de cualquier acto patronal de represalia expl\u00edcita o encubierta que pudiera afectar su situaci\u00f3n de empleo en cuanto a lugar, horarios, beneficio y salario entre otros factores, siendo a cargo del empleador la carga de la prueba que justifique la adopci\u00f3n de medidas que modifiquen, suspendan o extingan la relaci\u00f3n laboral.\u201d<\/p>\n\n\n\n<p>El fallo garantiza que el ejercicio sindical en ning\u00fan modo puede significar un perjuicio salarial para los compa\u00f1eros\/as. Cualquier decisi\u00f3n en sentido contrario viola la Ley de asociaciones sindicales.<br><\/p>\n\n\n\n<h6 class=\"wp-block-heading\">Prensa FESTRAM<\/h6>\n","protected":false},"excerpt":{"rendered":"<p>Resoluci\u00f3n judicial garantizando el salario \u00edntegro de una dirigenta de FESTRAM.<\/p>\n","protected":false},"author":1,"featured_media":604,"comment_status":"closed","ping_status":"closed","sticky":false,"template":"","format":"standard","meta":{"_jetpack_memberships_contains_paid_content":false,"footnotes":"","jetpack_publicize_message":"","jetpack_publicize_feature_enabled":true,"jetpack_social_post_already_shared":true,"jetpack_social_options":{"image_generator_settings":{"template":"highway","default_image_id":0,"font":"","enabled":false},"version":2}},"categories":[247,54],"tags":[39,89],"class_list":["post-16695","post","type-post","status-publish","format-standard","has-post-thumbnail","hentry","category-comunicados-2023","category-legislacion-fallos","tag-fallos","tag-fallos-juridicos"],"yoast_head":"<!-- This site is optimized with the Yoast SEO plugin v25.9 - https:\/\/yoast.com\/wordpress\/plugins\/seo\/ -->\n<title>Un fallo a favor de la tutela sindical &#8211; FESTRAM<\/title>\n<meta name=\"description\" content=\"Resoluci\u00f3n judicial garantizando el salario \u00edntegro de una dirigenta de FESTRAM.\" \/>\n<meta name=\"robots\" content=\"index, follow, max-snippet:-1, max-image-preview:large, max-video-preview:-1\" \/>\n<link rel=\"canonical\" href=\"https:\/\/municipales.org.ar\/festram\/un-fallo-a-favor-de-la-tutela-sindical\/\" \/>\n<meta property=\"og:locale\" content=\"es_ES\" \/>\n<meta property=\"og:type\" content=\"article\" \/>\n<meta property=\"og:title\" content=\"Un fallo a favor de la tutela sindical &#8211; FESTRAM\" \/>\n<meta property=\"og:description\" content=\"Resoluci\u00f3n judicial garantizando el salario \u00edntegro de una dirigenta de FESTRAM.\" \/>\n<meta property=\"og:url\" content=\"https:\/\/municipales.org.ar\/festram\/un-fallo-a-favor-de-la-tutela-sindical\/\" \/>\n<meta property=\"og:site_name\" content=\"FESTRAM\" \/>\n<meta property=\"article:publisher\" content=\"https:\/\/www.facebook.com\/MunicipalesSF\" \/>\n<meta property=\"article:published_time\" content=\"2023-10-02T12:40:46+00:00\" \/>\n<meta property=\"article:modified_time\" content=\"2023-12-29T18:04:08+00:00\" \/>\n<meta property=\"og:image\" content=\"https:\/\/municipales.org.ar\/festram\/wp-content\/uploads\/2009\/02\/justicia.jpg\" \/>\n\t<meta property=\"og:image:width\" content=\"1000\" \/>\n\t<meta property=\"og:image:height\" content=\"667\" \/>\n\t<meta property=\"og:image:type\" content=\"image\/jpeg\" \/>\n<meta name=\"author\" content=\"mun_admin\" \/>\n<meta name=\"twitter:card\" content=\"summary_large_image\" \/>\n<meta name=\"twitter:creator\" content=\"@MunicipalesSF\" \/>\n<meta name=\"twitter:site\" content=\"@MunicipalesSF\" \/>\n<meta name=\"twitter:label1\" content=\"Escrito por\" \/>\n\t<meta name=\"twitter:data1\" content=\"mun_admin\" \/>\n\t<meta name=\"twitter:label2\" content=\"Tiempo de lectura\" \/>\n\t<meta name=\"twitter:data2\" content=\"2 minutos\" \/>\n<script type=\"application\/ld+json\" class=\"yoast-schema-graph\">{\"@context\":\"https:\/\/schema.org\",\"@graph\":[{\"@type\":\"Article\",\"@id\":\"https:\/\/municipales.org.ar\/festram\/un-fallo-a-favor-de-la-tutela-sindical\/#article\",\"isPartOf\":{\"@id\":\"https:\/\/municipales.org.ar\/festram\/un-fallo-a-favor-de-la-tutela-sindical\/\"},\"author\":{\"name\":\"mun_admin\",\"@id\":\"https:\/\/municipales.org.ar\/festram\/#\/schema\/person\/49096a774c48ce9063df4d59ec059f9e\"},\"headline\":\"Un fallo a favor de la tutela sindical\",\"datePublished\":\"2023-10-02T12:40:46+00:00\",\"dateModified\":\"2023-12-29T18:04:08+00:00\",\"mainEntityOfPage\":{\"@id\":\"https:\/\/municipales.org.ar\/festram\/un-fallo-a-favor-de-la-tutela-sindical\/\"},\"wordCount\":311,\"publisher\":{\"@id\":\"https:\/\/municipales.org.ar\/festram\/#organization\"},\"image\":{\"@id\":\"https:\/\/municipales.org.ar\/festram\/un-fallo-a-favor-de-la-tutela-sindical\/#primaryimage\"},\"thumbnailUrl\":\"https:\/\/municipales.org.ar\/festram\/wp-content\/uploads\/2009\/02\/justicia.jpg\",\"keywords\":[\"fallos\",\"fallos jur\u00eddicos\"],\"articleSection\":[\"Comunicados 2023\",\"Legislaci\u00f3n Fallos\"],\"inLanguage\":\"es\"},{\"@type\":\"WebPage\",\"@id\":\"https:\/\/municipales.org.ar\/festram\/un-fallo-a-favor-de-la-tutela-sindical\/\",\"url\":\"https:\/\/municipales.org.ar\/festram\/un-fallo-a-favor-de-la-tutela-sindical\/\",\"name\":\"Un fallo a favor de la tutela sindical &#8211; FESTRAM\",\"isPartOf\":{\"@id\":\"https:\/\/municipales.org.ar\/festram\/#website\"},\"primaryImageOfPage\":{\"@id\":\"https:\/\/municipales.org.ar\/festram\/un-fallo-a-favor-de-la-tutela-sindical\/#primaryimage\"},\"image\":{\"@id\":\"https:\/\/municipales.org.ar\/festram\/un-fallo-a-favor-de-la-tutela-sindical\/#primaryimage\"},\"thumbnailUrl\":\"https:\/\/municipales.org.ar\/festram\/wp-content\/uploads\/2009\/02\/justicia.jpg\",\"datePublished\":\"2023-10-02T12:40:46+00:00\",\"dateModified\":\"2023-12-29T18:04:08+00:00\",\"description\":\"Resoluci\u00f3n judicial garantizando el salario \u00edntegro de una dirigenta de FESTRAM.\",\"breadcrumb\":{\"@id\":\"https:\/\/municipales.org.ar\/festram\/un-fallo-a-favor-de-la-tutela-sindical\/#breadcrumb\"},\"inLanguage\":\"es\",\"potentialAction\":[{\"@type\":\"ReadAction\",\"target\":[\"https:\/\/municipales.org.ar\/festram\/un-fallo-a-favor-de-la-tutela-sindical\/\"]}]},{\"@type\":\"ImageObject\",\"inLanguage\":\"es\",\"@id\":\"https:\/\/municipales.org.ar\/festram\/un-fallo-a-favor-de-la-tutela-sindical\/#primaryimage\",\"url\":\"https:\/\/municipales.org.ar\/festram\/wp-content\/uploads\/2009\/02\/justicia.jpg\",\"contentUrl\":\"https:\/\/municipales.org.ar\/festram\/wp-content\/uploads\/2009\/02\/justicia.jpg\",\"width\":1000,\"height\":667},{\"@type\":\"BreadcrumbList\",\"@id\":\"https:\/\/municipales.org.ar\/festram\/un-fallo-a-favor-de-la-tutela-sindical\/#breadcrumb\",\"itemListElement\":[{\"@type\":\"ListItem\",\"position\":1,\"name\":\"Portada\",\"item\":\"https:\/\/municipales.org.ar\/festram\/\"},{\"@type\":\"ListItem\",\"position\":2,\"name\":\"Un fallo a favor de la tutela sindical\"}]},{\"@type\":\"WebSite\",\"@id\":\"https:\/\/municipales.org.ar\/festram\/#website\",\"url\":\"https:\/\/municipales.org.ar\/festram\/\",\"name\":\"FESTRAM\",\"description\":\"La web de los trabajadores municipales\",\"publisher\":{\"@id\":\"https:\/\/municipales.org.ar\/festram\/#organization\"},\"potentialAction\":[{\"@type\":\"SearchAction\",\"target\":{\"@type\":\"EntryPoint\",\"urlTemplate\":\"https:\/\/municipales.org.ar\/festram\/?s={search_term_string}\"},\"query-input\":{\"@type\":\"PropertyValueSpecification\",\"valueRequired\":true,\"valueName\":\"search_term_string\"}}],\"inLanguage\":\"es\"},{\"@type\":\"Organization\",\"@id\":\"https:\/\/municipales.org.ar\/festram\/#organization\",\"name\":\"Federaci\u00f3n de Sindicatos de Trabajadores Municipales de la Provincia de Santa Fe\",\"url\":\"https:\/\/municipales.org.ar\/festram\/\",\"logo\":{\"@type\":\"ImageObject\",\"inLanguage\":\"es\",\"@id\":\"https:\/\/municipales.org.ar\/festram\/#\/schema\/logo\/image\/\",\"url\":\"https:\/\/www.municipales.org.ar\/festram\/wp-content\/uploads\/2014\/07\/logo_fes.jpg\",\"contentUrl\":\"https:\/\/www.municipales.org.ar\/festram\/wp-content\/uploads\/2014\/07\/logo_fes.jpg\",\"width\":661,\"height\":673,\"caption\":\"Federaci\u00f3n de Sindicatos de Trabajadores Municipales de la Provincia de Santa Fe\"},\"image\":{\"@id\":\"https:\/\/municipales.org.ar\/festram\/#\/schema\/logo\/image\/\"},\"sameAs\":[\"https:\/\/www.facebook.com\/MunicipalesSF\",\"https:\/\/x.com\/MunicipalesSF\",\"https:\/\/www.youtube.com\/user\/festram\"]},{\"@type\":\"Person\",\"@id\":\"https:\/\/municipales.org.ar\/festram\/#\/schema\/person\/49096a774c48ce9063df4d59ec059f9e\",\"name\":\"mun_admin\"}]}<\/script>\n<!-- \/ Yoast SEO plugin. -->","yoast_head_json":{"title":"Un fallo a favor de la tutela sindical &#8211; FESTRAM","description":"Resoluci\u00f3n judicial garantizando el salario \u00edntegro de una dirigenta de FESTRAM.","robots":{"index":"index","follow":"follow","max-snippet":"max-snippet:-1","max-image-preview":"max-image-preview:large","max-video-preview":"max-video-preview:-1"},"canonical":"https:\/\/municipales.org.ar\/festram\/un-fallo-a-favor-de-la-tutela-sindical\/","og_locale":"es_ES","og_type":"article","og_title":"Un fallo a favor de la tutela sindical &#8211; FESTRAM","og_description":"Resoluci\u00f3n judicial garantizando el salario \u00edntegro de una dirigenta de FESTRAM.","og_url":"https:\/\/municipales.org.ar\/festram\/un-fallo-a-favor-de-la-tutela-sindical\/","og_site_name":"FESTRAM","article_publisher":"https:\/\/www.facebook.com\/MunicipalesSF","article_published_time":"2023-10-02T12:40:46+00:00","article_modified_time":"2023-12-29T18:04:08+00:00","og_image":[{"width":1000,"height":667,"url":"https:\/\/municipales.org.ar\/festram\/wp-content\/uploads\/2009\/02\/justicia.jpg","type":"image\/jpeg"}],"author":"mun_admin","twitter_card":"summary_large_image","twitter_creator":"@MunicipalesSF","twitter_site":"@MunicipalesSF","twitter_misc":{"Escrito por":"mun_admin","Tiempo de lectura":"2 minutos"},"schema":{"@context":"https:\/\/schema.org","@graph":[{"@type":"Article","@id":"https:\/\/municipales.org.ar\/festram\/un-fallo-a-favor-de-la-tutela-sindical\/#article","isPartOf":{"@id":"https:\/\/municipales.org.ar\/festram\/un-fallo-a-favor-de-la-tutela-sindical\/"},"author":{"name":"mun_admin","@id":"https:\/\/municipales.org.ar\/festram\/#\/schema\/person\/49096a774c48ce9063df4d59ec059f9e"},"headline":"Un fallo a favor de la tutela sindical","datePublished":"2023-10-02T12:40:46+00:00","dateModified":"2023-12-29T18:04:08+00:00","mainEntityOfPage":{"@id":"https:\/\/municipales.org.ar\/festram\/un-fallo-a-favor-de-la-tutela-sindical\/"},"wordCount":311,"publisher":{"@id":"https:\/\/municipales.org.ar\/festram\/#organization"},"image":{"@id":"https:\/\/municipales.org.ar\/festram\/un-fallo-a-favor-de-la-tutela-sindical\/#primaryimage"},"thumbnailUrl":"https:\/\/municipales.org.ar\/festram\/wp-content\/uploads\/2009\/02\/justicia.jpg","keywords":["fallos","fallos jur\u00eddicos"],"articleSection":["Comunicados 2023","Legislaci\u00f3n Fallos"],"inLanguage":"es"},{"@type":"WebPage","@id":"https:\/\/municipales.org.ar\/festram\/un-fallo-a-favor-de-la-tutela-sindical\/","url":"https:\/\/municipales.org.ar\/festram\/un-fallo-a-favor-de-la-tutela-sindical\/","name":"Un fallo a favor de la tutela sindical &#8211; FESTRAM","isPartOf":{"@id":"https:\/\/municipales.org.ar\/festram\/#website"},"primaryImageOfPage":{"@id":"https:\/\/municipales.org.ar\/festram\/un-fallo-a-favor-de-la-tutela-sindical\/#primaryimage"},"image":{"@id":"https:\/\/municipales.org.ar\/festram\/un-fallo-a-favor-de-la-tutela-sindical\/#primaryimage"},"thumbnailUrl":"https:\/\/municipales.org.ar\/festram\/wp-content\/uploads\/2009\/02\/justicia.jpg","datePublished":"2023-10-02T12:40:46+00:00","dateModified":"2023-12-29T18:04:08+00:00","description":"Resoluci\u00f3n judicial garantizando el salario \u00edntegro de una dirigenta de FESTRAM.","breadcrumb":{"@id":"https:\/\/municipales.org.ar\/festram\/un-fallo-a-favor-de-la-tutela-sindical\/#breadcrumb"},"inLanguage":"es","potentialAction":[{"@type":"ReadAction","target":["https:\/\/municipales.org.ar\/festram\/un-fallo-a-favor-de-la-tutela-sindical\/"]}]},{"@type":"ImageObject","inLanguage":"es","@id":"https:\/\/municipales.org.ar\/festram\/un-fallo-a-favor-de-la-tutela-sindical\/#primaryimage","url":"https:\/\/municipales.org.ar\/festram\/wp-content\/uploads\/2009\/02\/justicia.jpg","contentUrl":"https:\/\/municipales.org.ar\/festram\/wp-content\/uploads\/2009\/02\/justicia.jpg","width":1000,"height":667},{"@type":"BreadcrumbList","@id":"https:\/\/municipales.org.ar\/festram\/un-fallo-a-favor-de-la-tutela-sindical\/#breadcrumb","itemListElement":[{"@type":"ListItem","position":1,"name":"Portada","item":"https:\/\/municipales.org.ar\/festram\/"},{"@type":"ListItem","position":2,"name":"Un fallo a favor de la tutela sindical"}]},{"@type":"WebSite","@id":"https:\/\/municipales.org.ar\/festram\/#website","url":"https:\/\/municipales.org.ar\/festram\/","name":"FESTRAM","description":"La web de los trabajadores municipales","publisher":{"@id":"https:\/\/municipales.org.ar\/festram\/#organization"},"potentialAction":[{"@type":"SearchAction","target":{"@type":"EntryPoint","urlTemplate":"https:\/\/municipales.org.ar\/festram\/?s={search_term_string}"},"query-input":{"@type":"PropertyValueSpecification","valueRequired":true,"valueName":"search_term_string"}}],"inLanguage":"es"},{"@type":"Organization","@id":"https:\/\/municipales.org.ar\/festram\/#organization","name":"Federaci\u00f3n de Sindicatos de Trabajadores Municipales de la Provincia de Santa Fe","url":"https:\/\/municipales.org.ar\/festram\/","logo":{"@type":"ImageObject","inLanguage":"es","@id":"https:\/\/municipales.org.ar\/festram\/#\/schema\/logo\/image\/","url":"https:\/\/www.municipales.org.ar\/festram\/wp-content\/uploads\/2014\/07\/logo_fes.jpg","contentUrl":"https:\/\/www.municipales.org.ar\/festram\/wp-content\/uploads\/2014\/07\/logo_fes.jpg","width":661,"height":673,"caption":"Federaci\u00f3n de Sindicatos de Trabajadores Municipales de la Provincia de Santa Fe"},"image":{"@id":"https:\/\/municipales.org.ar\/festram\/#\/schema\/logo\/image\/"},"sameAs":["https:\/\/www.facebook.com\/MunicipalesSF","https:\/\/x.com\/MunicipalesSF","https:\/\/www.youtube.com\/user\/festram"]},{"@type":"Person","@id":"https:\/\/municipales.org.ar\/festram\/#\/schema\/person\/49096a774c48ce9063df4d59ec059f9e","name":"mun_admin"}]}},"jetpack_publicize_connections":[],"jetpack_featured_media_url":"https:\/\/municipales.org.ar\/festram\/wp-content\/uploads\/2009\/02\/justicia.jpg","jetpack_sharing_enabled":true,"jetpack_likes_enabled":false,"jetpack_shortlink":"https:\/\/wp.me\/p7l4x1-4lh","_links":{"self":[{"href":"https:\/\/municipales.org.ar\/festram\/wp-json\/wp\/v2\/posts\/16695","targetHints":{"allow":["GET"]}}],"collection":[{"href":"https:\/\/municipales.org.ar\/festram\/wp-json\/wp\/v2\/posts"}],"about":[{"href":"https:\/\/municipales.org.ar\/festram\/wp-json\/wp\/v2\/types\/post"}],"author":[{"embeddable":true,"href":"https:\/\/municipales.org.ar\/festram\/wp-json\/wp\/v2\/users\/1"}],"replies":[{"embeddable":true,"href":"https:\/\/municipales.org.ar\/festram\/wp-json\/wp\/v2\/comments?post=16695"}],"version-history":[{"count":1,"href":"https:\/\/municipales.org.ar\/festram\/wp-json\/wp\/v2\/posts\/16695\/revisions"}],"predecessor-version":[{"id":16696,"href":"https:\/\/municipales.org.ar\/festram\/wp-json\/wp\/v2\/posts\/16695\/revisions\/16696"}],"wp:featuredmedia":[{"embeddable":true,"href":"https:\/\/municipales.org.ar\/festram\/wp-json\/wp\/v2\/media\/604"}],"wp:attachment":[{"href":"https:\/\/municipales.org.ar\/festram\/wp-json\/wp\/v2\/media?parent=16695"}],"wp:term":[{"taxonomy":"category","embeddable":true,"href":"https:\/\/municipales.org.ar\/festram\/wp-json\/wp\/v2\/categories?post=16695"},{"taxonomy":"post_tag","embeddable":true,"href":"https:\/\/municipales.org.ar\/festram\/wp-json\/wp\/v2\/tags?post=16695"}],"curies":[{"name":"wp","href":"https:\/\/api.w.org\/{rel}","templated":true}]}}