{"id":16741,"date":"2023-10-25T16:07:13","date_gmt":"2023-10-25T19:07:13","guid":{"rendered":"https:\/\/municipales.org.ar\/festram\/?p=16741"},"modified":"2023-11-29T19:08:02","modified_gmt":"2023-11-29T22:08:02","slug":"el-plenario-de-secretarios-generales-de-festram-acepto-la-propuesta-salarial","status":"publish","type":"post","link":"https:\/\/municipales.org.ar\/festram\/el-plenario-de-secretarios-generales-de-festram-acepto-la-propuesta-salarial\/","title":{"rendered":"El Plenario de Secretarios Generales de FESTRAM acept\u00f3 la propuesta salarial"},"content":{"rendered":"\n<p><\/p>\n\n\n\n<h2 class=\"wp-block-heading\">El martes 24&nbsp;se realiz\u00f3 la reuni\u00f3n de la Mesa Paritaria, Ley 9.996. En la misma la representaci\u00f3n de los Intendentes y Presidentes Comunales trasladaron una propuesta salarial por los meses de Setiembre y Octubre.&nbsp;<\/h2>\n\n\n\n<p><\/p>\n\n\n\n<p>El ofrecimiento consisti\u00f3 en <strong>un incremento salarial del 11% para el mes de Setiembre sumado al 6% ya abonado y un 13% para el mes de Octubre totalizando un aumento acumulado hasta el momento del 93%.<\/strong> El incremento acordado es \u00edntegramente remunerativo y bonificable, alcanzando en la misma proporci\u00f3n a activos y jubilados.<\/p>\n\n\n\n<p>Dicha propuesta fue analizada y aprobada por el Plenario de Secretarios Generales de la Federaci\u00f3n que sesion\u00f3 en la fecha, con amplia participaci\u00f3n de Sindicatos correspondientes a todo el \u00e1mbito provincial nucleados en FESTRAM.<\/p>\n\n\n\n<p>Los trabajadores y trabajadoras municipales, producto de la oferta aceptada, <strong>percibir\u00e1n un aumento total acumulado del 35% en el mes de Octubre, y se retomar\u00e1n las negociaciones en el mes de Noviembre<\/strong> para acordar la pol\u00edtica salarial de los \u00faltimos meses del corriente a\u00f1o.<\/p>\n\n\n\n<p><br><\/p>\n\n\n<p><iframe loading=\"lazy\" src=\"https:\/\/www.facebook.com\/plugins\/post.php?href=https%3A%2F%2Fwww.facebook.com%2FMunicipalesSF%2Fposts%2Fpfbid035uJBsLy2x21JKmRJeeGMnGhepVcfatxo69HwyXiraNvaLL3TQM9Yfe5yLt5Snnrpl&#038;show_text=true&#038;width=500\" width=\"500\" height=\"250\" style=\"border:none;overflow:hidden\" scrolling=\"no\" frameborder=\"0\" allowfullscreen=\"true\" allow=\"autoplay; clipboard-write; encrypted-media; picture-in-picture; web-share\"><\/iframe><\/p>\n\n\n\n<p><\/p>\n\n\n\n<h2 class=\"wp-block-heading\"><br>C\u00f3mo se compone el 35%?<\/h2>\n\n\n\n<p><\/p>\n\n\n\n<ul class=\"wp-block-list\">\n<li>Se ha logrado un incremento salarial que llega a este mes de Octubre 2023 al 93% tomando como base salarial el mes de Febrero de 2023. El procedimiento garantiza un aumento real y concreto de bolsillo para este mes de Octubre del 24% (11% de setiembre + el 13% de Octubre), m\u00e1s el 11% retroactivo al mes de setiembre.<br><\/li>\n\n\n\n<li>El Incremento Salarial acumulado a cobrar para el mes de Octubre ser\u00e1 del 35 % (treinta y cinco por ciento) que se aplicar\u00e1 sobre la pol\u00edtica salarial vigente en cada jurisdicci\u00f3n al mes de Febrero 2023.<br><\/li>\n\n\n\n<li>La liquidaci\u00f3n del mes de Octubre se deber\u00e1 abonar de la siguiente forma: calculado sobre la base del mes de Febrero de 2023 deber\u00e1 abonarse el 11% (correspondiente al mes de setiembre) m\u00e1s el 13% del mes de Octubre (compuesto por un 6% obtenido en la paritaria del mes de julio m\u00e1s un 7% acordado el mes de octubre).<br><\/li>\n\n\n\n<li>M\u00e1s el 11% retroactivo al mes de setiembre obtenido en paritaria de octubre, por \u00fanica vez.<\/li>\n\n\n\n<li>Del 13% alcanzado para el mes de Octubre s\u00f3lo el 7% puede abonarse por planilla complementaria hasta el 15 de Noviembre.<\/li>\n<\/ul>\n\n\n\n<h6 class=\"wp-block-heading\">Prensa FESTRAM<\/h6>\n","protected":false},"excerpt":{"rendered":"<p>El martes 24\u00a0se realiz\u00f3 la reuni\u00f3n de la Mesa Paritaria, Ley 9.996. En la misma la representaci\u00f3n de los Intendentes y Presidentes Comunales trasladaron una propuesta salarial por los meses de Setiembre y Octubre.\u00a0<\/p>\n","protected":false},"author":1,"featured_media":16742,"comment_status":"closed","ping_status":"closed","sticky":false,"template":"","format":"standard","meta":{"_jetpack_memberships_contains_paid_content":false,"footnotes":"","jetpack_publicize_message":"","jetpack_publicize_feature_enabled":true,"jetpack_social_post_already_shared":true,"jetpack_social_options":{"image_generator_settings":{"template":"highway","default_image_id":0,"font":"","enabled":false},"version":2}},"categories":[247],"tags":[68,109,41,69],"class_list":["post-16741","post","type-post","status-publish","format-standard","has-post-thumbnail","hentry","category-comunicados-2023","tag-economia-provincial","tag-la-provincia","tag-paritaria","tag-politica-salarial"],"yoast_head":"<!-- This site is optimized with the Yoast SEO plugin v25.9 - https:\/\/yoast.com\/wordpress\/plugins\/seo\/ -->\n<title>El Plenario de Secretarios Generales de FESTRAM acept\u00f3 la propuesta salarial &#8211; FESTRAM<\/title>\n<meta name=\"description\" content=\"El martes 24\u00a0se realiz\u00f3 la reuni\u00f3n de la Mesa Paritaria, Ley 9.996. En la misma la representaci\u00f3n de los Intendentes y Presidentes Comunales trasladaron una propuesta salarial por los meses de Setiembre y Octubre.\u00a0\" \/>\n<meta name=\"robots\" content=\"index, follow, max-snippet:-1, max-image-preview:large, max-video-preview:-1\" \/>\n<link rel=\"canonical\" href=\"https:\/\/municipales.org.ar\/festram\/el-plenario-de-secretarios-generales-de-festram-acepto-la-propuesta-salarial\/\" \/>\n<meta property=\"og:locale\" content=\"es_ES\" \/>\n<meta property=\"og:type\" content=\"article\" \/>\n<meta property=\"og:title\" content=\"El Plenario de Secretarios Generales de FESTRAM acept\u00f3 la propuesta salarial &#8211; FESTRAM\" \/>\n<meta property=\"og:description\" content=\"El martes 24\u00a0se realiz\u00f3 la reuni\u00f3n de la Mesa Paritaria, Ley 9.996. En la misma la representaci\u00f3n de los Intendentes y Presidentes Comunales trasladaron una propuesta salarial por los meses de Setiembre y Octubre.\u00a0\" \/>\n<meta property=\"og:url\" content=\"https:\/\/municipales.org.ar\/festram\/el-plenario-de-secretarios-generales-de-festram-acepto-la-propuesta-salarial\/\" \/>\n<meta property=\"og:site_name\" content=\"FESTRAM\" \/>\n<meta property=\"article:publisher\" content=\"https:\/\/www.facebook.com\/MunicipalesSF\" \/>\n<meta property=\"article:published_time\" content=\"2023-10-25T19:07:13+00:00\" \/>\n<meta property=\"article:modified_time\" content=\"2023-11-29T22:08:02+00:00\" \/>\n<meta property=\"og:image\" content=\"https:\/\/municipales.org.ar\/festram\/wp-content\/uploads\/2023\/10\/DSC3588.jpg\" \/>\n\t<meta property=\"og:image:width\" content=\"2500\" \/>\n\t<meta property=\"og:image:height\" content=\"1667\" \/>\n\t<meta property=\"og:image:type\" content=\"image\/jpeg\" \/>\n<meta name=\"author\" content=\"mun_admin\" \/>\n<meta name=\"twitter:card\" content=\"summary_large_image\" \/>\n<meta name=\"twitter:creator\" content=\"@MunicipalesSF\" \/>\n<meta name=\"twitter:site\" content=\"@MunicipalesSF\" \/>\n<meta name=\"twitter:label1\" content=\"Escrito por\" \/>\n\t<meta name=\"twitter:data1\" content=\"mun_admin\" \/>\n\t<meta name=\"twitter:label2\" content=\"Tiempo de lectura\" \/>\n\t<meta name=\"twitter:data2\" content=\"2 minutos\" \/>\n<script type=\"application\/ld+json\" class=\"yoast-schema-graph\">{\"@context\":\"https:\/\/schema.org\",\"@graph\":[{\"@type\":\"Article\",\"@id\":\"https:\/\/municipales.org.ar\/festram\/el-plenario-de-secretarios-generales-de-festram-acepto-la-propuesta-salarial\/#article\",\"isPartOf\":{\"@id\":\"https:\/\/municipales.org.ar\/festram\/el-plenario-de-secretarios-generales-de-festram-acepto-la-propuesta-salarial\/\"},\"author\":{\"name\":\"mun_admin\",\"@id\":\"https:\/\/municipales.org.ar\/festram\/#\/schema\/person\/49096a774c48ce9063df4d59ec059f9e\"},\"headline\":\"El Plenario de Secretarios Generales de FESTRAM acept\u00f3 la propuesta salarial\",\"datePublished\":\"2023-10-25T19:07:13+00:00\",\"dateModified\":\"2023-11-29T22:08:02+00:00\",\"mainEntityOfPage\":{\"@id\":\"https:\/\/municipales.org.ar\/festram\/el-plenario-de-secretarios-generales-de-festram-acepto-la-propuesta-salarial\/\"},\"wordCount\":367,\"publisher\":{\"@id\":\"https:\/\/municipales.org.ar\/festram\/#organization\"},\"image\":{\"@id\":\"https:\/\/municipales.org.ar\/festram\/el-plenario-de-secretarios-generales-de-festram-acepto-la-propuesta-salarial\/#primaryimage\"},\"thumbnailUrl\":\"https:\/\/municipales.org.ar\/festram\/wp-content\/uploads\/2023\/10\/DSC3588.jpg\",\"keywords\":[\"econom\u00eda provincial\",\"la provincia\",\"paritaria\",\"pol\u00edtica salarial\"],\"articleSection\":[\"Comunicados 2023\"],\"inLanguage\":\"es\"},{\"@type\":\"WebPage\",\"@id\":\"https:\/\/municipales.org.ar\/festram\/el-plenario-de-secretarios-generales-de-festram-acepto-la-propuesta-salarial\/\",\"url\":\"https:\/\/municipales.org.ar\/festram\/el-plenario-de-secretarios-generales-de-festram-acepto-la-propuesta-salarial\/\",\"name\":\"El Plenario de Secretarios Generales de FESTRAM acept\u00f3 la propuesta salarial &#8211; FESTRAM\",\"isPartOf\":{\"@id\":\"https:\/\/municipales.org.ar\/festram\/#website\"},\"primaryImageOfPage\":{\"@id\":\"https:\/\/municipales.org.ar\/festram\/el-plenario-de-secretarios-generales-de-festram-acepto-la-propuesta-salarial\/#primaryimage\"},\"image\":{\"@id\":\"https:\/\/municipales.org.ar\/festram\/el-plenario-de-secretarios-generales-de-festram-acepto-la-propuesta-salarial\/#primaryimage\"},\"thumbnailUrl\":\"https:\/\/municipales.org.ar\/festram\/wp-content\/uploads\/2023\/10\/DSC3588.jpg\",\"datePublished\":\"2023-10-25T19:07:13+00:00\",\"dateModified\":\"2023-11-29T22:08:02+00:00\",\"description\":\"El martes 24\u00a0se realiz\u00f3 la reuni\u00f3n de la Mesa Paritaria, Ley 9.996. En la misma la representaci\u00f3n de los Intendentes y Presidentes Comunales trasladaron una propuesta salarial por los meses de Setiembre y Octubre.\u00a0\",\"breadcrumb\":{\"@id\":\"https:\/\/municipales.org.ar\/festram\/el-plenario-de-secretarios-generales-de-festram-acepto-la-propuesta-salarial\/#breadcrumb\"},\"inLanguage\":\"es\",\"potentialAction\":[{\"@type\":\"ReadAction\",\"target\":[\"https:\/\/municipales.org.ar\/festram\/el-plenario-de-secretarios-generales-de-festram-acepto-la-propuesta-salarial\/\"]}]},{\"@type\":\"ImageObject\",\"inLanguage\":\"es\",\"@id\":\"https:\/\/municipales.org.ar\/festram\/el-plenario-de-secretarios-generales-de-festram-acepto-la-propuesta-salarial\/#primaryimage\",\"url\":\"https:\/\/municipales.org.ar\/festram\/wp-content\/uploads\/2023\/10\/DSC3588.jpg\",\"contentUrl\":\"https:\/\/municipales.org.ar\/festram\/wp-content\/uploads\/2023\/10\/DSC3588.jpg\",\"width\":2500,\"height\":1667},{\"@type\":\"BreadcrumbList\",\"@id\":\"https:\/\/municipales.org.ar\/festram\/el-plenario-de-secretarios-generales-de-festram-acepto-la-propuesta-salarial\/#breadcrumb\",\"itemListElement\":[{\"@type\":\"ListItem\",\"position\":1,\"name\":\"Portada\",\"item\":\"https:\/\/municipales.org.ar\/festram\/\"},{\"@type\":\"ListItem\",\"position\":2,\"name\":\"El Plenario de Secretarios Generales de FESTRAM acept\u00f3 la propuesta salarial\"}]},{\"@type\":\"WebSite\",\"@id\":\"https:\/\/municipales.org.ar\/festram\/#website\",\"url\":\"https:\/\/municipales.org.ar\/festram\/\",\"name\":\"FESTRAM\",\"description\":\"La web de los trabajadores municipales\",\"publisher\":{\"@id\":\"https:\/\/municipales.org.ar\/festram\/#organization\"},\"potentialAction\":[{\"@type\":\"SearchAction\",\"target\":{\"@type\":\"EntryPoint\",\"urlTemplate\":\"https:\/\/municipales.org.ar\/festram\/?s={search_term_string}\"},\"query-input\":{\"@type\":\"PropertyValueSpecification\",\"valueRequired\":true,\"valueName\":\"search_term_string\"}}],\"inLanguage\":\"es\"},{\"@type\":\"Organization\",\"@id\":\"https:\/\/municipales.org.ar\/festram\/#organization\",\"name\":\"Federaci\u00f3n de Sindicatos de Trabajadores Municipales de la Provincia de Santa Fe\",\"url\":\"https:\/\/municipales.org.ar\/festram\/\",\"logo\":{\"@type\":\"ImageObject\",\"inLanguage\":\"es\",\"@id\":\"https:\/\/municipales.org.ar\/festram\/#\/schema\/logo\/image\/\",\"url\":\"https:\/\/www.municipales.org.ar\/festram\/wp-content\/uploads\/2014\/07\/logo_fes.jpg\",\"contentUrl\":\"https:\/\/www.municipales.org.ar\/festram\/wp-content\/uploads\/2014\/07\/logo_fes.jpg\",\"width\":661,\"height\":673,\"caption\":\"Federaci\u00f3n de Sindicatos de Trabajadores Municipales de la Provincia de Santa Fe\"},\"image\":{\"@id\":\"https:\/\/municipales.org.ar\/festram\/#\/schema\/logo\/image\/\"},\"sameAs\":[\"https:\/\/www.facebook.com\/MunicipalesSF\",\"https:\/\/x.com\/MunicipalesSF\",\"https:\/\/www.youtube.com\/user\/festram\"]},{\"@type\":\"Person\",\"@id\":\"https:\/\/municipales.org.ar\/festram\/#\/schema\/person\/49096a774c48ce9063df4d59ec059f9e\",\"name\":\"mun_admin\"}]}<\/script>\n<!-- \/ Yoast SEO plugin. -->","yoast_head_json":{"title":"El Plenario de Secretarios Generales de FESTRAM acept\u00f3 la propuesta salarial &#8211; FESTRAM","description":"El martes 24\u00a0se realiz\u00f3 la reuni\u00f3n de la Mesa Paritaria, Ley 9.996. En la misma la representaci\u00f3n de los Intendentes y Presidentes Comunales trasladaron una propuesta salarial por los meses de Setiembre y Octubre.\u00a0","robots":{"index":"index","follow":"follow","max-snippet":"max-snippet:-1","max-image-preview":"max-image-preview:large","max-video-preview":"max-video-preview:-1"},"canonical":"https:\/\/municipales.org.ar\/festram\/el-plenario-de-secretarios-generales-de-festram-acepto-la-propuesta-salarial\/","og_locale":"es_ES","og_type":"article","og_title":"El Plenario de Secretarios Generales de FESTRAM acept\u00f3 la propuesta salarial &#8211; FESTRAM","og_description":"El martes 24\u00a0se realiz\u00f3 la reuni\u00f3n de la Mesa Paritaria, Ley 9.996. En la misma la representaci\u00f3n de los Intendentes y Presidentes Comunales trasladaron una propuesta salarial por los meses de Setiembre y Octubre.\u00a0","og_url":"https:\/\/municipales.org.ar\/festram\/el-plenario-de-secretarios-generales-de-festram-acepto-la-propuesta-salarial\/","og_site_name":"FESTRAM","article_publisher":"https:\/\/www.facebook.com\/MunicipalesSF","article_published_time":"2023-10-25T19:07:13+00:00","article_modified_time":"2023-11-29T22:08:02+00:00","og_image":[{"width":2500,"height":1667,"url":"https:\/\/municipales.org.ar\/festram\/wp-content\/uploads\/2023\/10\/DSC3588.jpg","type":"image\/jpeg"}],"author":"mun_admin","twitter_card":"summary_large_image","twitter_creator":"@MunicipalesSF","twitter_site":"@MunicipalesSF","twitter_misc":{"Escrito por":"mun_admin","Tiempo de lectura":"2 minutos"},"schema":{"@context":"https:\/\/schema.org","@graph":[{"@type":"Article","@id":"https:\/\/municipales.org.ar\/festram\/el-plenario-de-secretarios-generales-de-festram-acepto-la-propuesta-salarial\/#article","isPartOf":{"@id":"https:\/\/municipales.org.ar\/festram\/el-plenario-de-secretarios-generales-de-festram-acepto-la-propuesta-salarial\/"},"author":{"name":"mun_admin","@id":"https:\/\/municipales.org.ar\/festram\/#\/schema\/person\/49096a774c48ce9063df4d59ec059f9e"},"headline":"El Plenario de Secretarios Generales de FESTRAM acept\u00f3 la propuesta salarial","datePublished":"2023-10-25T19:07:13+00:00","dateModified":"2023-11-29T22:08:02+00:00","mainEntityOfPage":{"@id":"https:\/\/municipales.org.ar\/festram\/el-plenario-de-secretarios-generales-de-festram-acepto-la-propuesta-salarial\/"},"wordCount":367,"publisher":{"@id":"https:\/\/municipales.org.ar\/festram\/#organization"},"image":{"@id":"https:\/\/municipales.org.ar\/festram\/el-plenario-de-secretarios-generales-de-festram-acepto-la-propuesta-salarial\/#primaryimage"},"thumbnailUrl":"https:\/\/municipales.org.ar\/festram\/wp-content\/uploads\/2023\/10\/DSC3588.jpg","keywords":["econom\u00eda provincial","la provincia","paritaria","pol\u00edtica salarial"],"articleSection":["Comunicados 2023"],"inLanguage":"es"},{"@type":"WebPage","@id":"https:\/\/municipales.org.ar\/festram\/el-plenario-de-secretarios-generales-de-festram-acepto-la-propuesta-salarial\/","url":"https:\/\/municipales.org.ar\/festram\/el-plenario-de-secretarios-generales-de-festram-acepto-la-propuesta-salarial\/","name":"El Plenario de Secretarios Generales de FESTRAM acept\u00f3 la propuesta salarial &#8211; FESTRAM","isPartOf":{"@id":"https:\/\/municipales.org.ar\/festram\/#website"},"primaryImageOfPage":{"@id":"https:\/\/municipales.org.ar\/festram\/el-plenario-de-secretarios-generales-de-festram-acepto-la-propuesta-salarial\/#primaryimage"},"image":{"@id":"https:\/\/municipales.org.ar\/festram\/el-plenario-de-secretarios-generales-de-festram-acepto-la-propuesta-salarial\/#primaryimage"},"thumbnailUrl":"https:\/\/municipales.org.ar\/festram\/wp-content\/uploads\/2023\/10\/DSC3588.jpg","datePublished":"2023-10-25T19:07:13+00:00","dateModified":"2023-11-29T22:08:02+00:00","description":"El martes 24\u00a0se realiz\u00f3 la reuni\u00f3n de la Mesa Paritaria, Ley 9.996. En la misma la representaci\u00f3n de los Intendentes y Presidentes Comunales trasladaron una propuesta salarial por los meses de Setiembre y Octubre.\u00a0","breadcrumb":{"@id":"https:\/\/municipales.org.ar\/festram\/el-plenario-de-secretarios-generales-de-festram-acepto-la-propuesta-salarial\/#breadcrumb"},"inLanguage":"es","potentialAction":[{"@type":"ReadAction","target":["https:\/\/municipales.org.ar\/festram\/el-plenario-de-secretarios-generales-de-festram-acepto-la-propuesta-salarial\/"]}]},{"@type":"ImageObject","inLanguage":"es","@id":"https:\/\/municipales.org.ar\/festram\/el-plenario-de-secretarios-generales-de-festram-acepto-la-propuesta-salarial\/#primaryimage","url":"https:\/\/municipales.org.ar\/festram\/wp-content\/uploads\/2023\/10\/DSC3588.jpg","contentUrl":"https:\/\/municipales.org.ar\/festram\/wp-content\/uploads\/2023\/10\/DSC3588.jpg","width":2500,"height":1667},{"@type":"BreadcrumbList","@id":"https:\/\/municipales.org.ar\/festram\/el-plenario-de-secretarios-generales-de-festram-acepto-la-propuesta-salarial\/#breadcrumb","itemListElement":[{"@type":"ListItem","position":1,"name":"Portada","item":"https:\/\/municipales.org.ar\/festram\/"},{"@type":"ListItem","position":2,"name":"El Plenario de Secretarios Generales de FESTRAM acept\u00f3 la propuesta salarial"}]},{"@type":"WebSite","@id":"https:\/\/municipales.org.ar\/festram\/#website","url":"https:\/\/municipales.org.ar\/festram\/","name":"FESTRAM","description":"La web de los trabajadores municipales","publisher":{"@id":"https:\/\/municipales.org.ar\/festram\/#organization"},"potentialAction":[{"@type":"SearchAction","target":{"@type":"EntryPoint","urlTemplate":"https:\/\/municipales.org.ar\/festram\/?s={search_term_string}"},"query-input":{"@type":"PropertyValueSpecification","valueRequired":true,"valueName":"search_term_string"}}],"inLanguage":"es"},{"@type":"Organization","@id":"https:\/\/municipales.org.ar\/festram\/#organization","name":"Federaci\u00f3n de Sindicatos de Trabajadores Municipales de la Provincia de Santa Fe","url":"https:\/\/municipales.org.ar\/festram\/","logo":{"@type":"ImageObject","inLanguage":"es","@id":"https:\/\/municipales.org.ar\/festram\/#\/schema\/logo\/image\/","url":"https:\/\/www.municipales.org.ar\/festram\/wp-content\/uploads\/2014\/07\/logo_fes.jpg","contentUrl":"https:\/\/www.municipales.org.ar\/festram\/wp-content\/uploads\/2014\/07\/logo_fes.jpg","width":661,"height":673,"caption":"Federaci\u00f3n de Sindicatos de Trabajadores Municipales de la Provincia de Santa Fe"},"image":{"@id":"https:\/\/municipales.org.ar\/festram\/#\/schema\/logo\/image\/"},"sameAs":["https:\/\/www.facebook.com\/MunicipalesSF","https:\/\/x.com\/MunicipalesSF","https:\/\/www.youtube.com\/user\/festram"]},{"@type":"Person","@id":"https:\/\/municipales.org.ar\/festram\/#\/schema\/person\/49096a774c48ce9063df4d59ec059f9e","name":"mun_admin"}]}},"jetpack_publicize_connections":[],"jetpack_featured_media_url":"https:\/\/municipales.org.ar\/festram\/wp-content\/uploads\/2023\/10\/DSC3588.jpg","jetpack_sharing_enabled":true,"jetpack_likes_enabled":false,"jetpack_shortlink":"https:\/\/wp.me\/p7l4x1-4m1","_links":{"self":[{"href":"https:\/\/municipales.org.ar\/festram\/wp-json\/wp\/v2\/posts\/16741","targetHints":{"allow":["GET"]}}],"collection":[{"href":"https:\/\/municipales.org.ar\/festram\/wp-json\/wp\/v2\/posts"}],"about":[{"href":"https:\/\/municipales.org.ar\/festram\/wp-json\/wp\/v2\/types\/post"}],"author":[{"embeddable":true,"href":"https:\/\/municipales.org.ar\/festram\/wp-json\/wp\/v2\/users\/1"}],"replies":[{"embeddable":true,"href":"https:\/\/municipales.org.ar\/festram\/wp-json\/wp\/v2\/comments?post=16741"}],"version-history":[{"count":3,"href":"https:\/\/municipales.org.ar\/festram\/wp-json\/wp\/v2\/posts\/16741\/revisions"}],"predecessor-version":[{"id":16748,"href":"https:\/\/municipales.org.ar\/festram\/wp-json\/wp\/v2\/posts\/16741\/revisions\/16748"}],"wp:featuredmedia":[{"embeddable":true,"href":"https:\/\/municipales.org.ar\/festram\/wp-json\/wp\/v2\/media\/16742"}],"wp:attachment":[{"href":"https:\/\/municipales.org.ar\/festram\/wp-json\/wp\/v2\/media?parent=16741"}],"wp:term":[{"taxonomy":"category","embeddable":true,"href":"https:\/\/municipales.org.ar\/festram\/wp-json\/wp\/v2\/categories?post=16741"},{"taxonomy":"post_tag","embeddable":true,"href":"https:\/\/municipales.org.ar\/festram\/wp-json\/wp\/v2\/tags?post=16741"}],"curies":[{"name":"wp","href":"https:\/\/api.w.org\/{rel}","templated":true}]}}