{"id":16763,"date":"2023-11-02T12:25:19","date_gmt":"2023-11-02T15:25:19","guid":{"rendered":"https:\/\/municipales.org.ar\/festram\/?p=16763"},"modified":"2023-12-13T14:27:44","modified_gmt":"2023-12-13T17:27:44","slug":"alerta-y-movilizacion-en-defensa-de-jubilados-y-pensionados","status":"publish","type":"post","link":"https:\/\/municipales.org.ar\/festram\/alerta-y-movilizacion-en-defensa-de-jubilados-y-pensionados\/","title":{"rendered":"Alerta y Movilizaci\u00f3n en defensa de Jubilados y Pensionados"},"content":{"rendered":"\n<p><\/p>\n\n\n\n<h2 class=\"wp-block-heading\"><strong>La Caja de Jubilaciones de la Provincia vuelve a incumplir con el sector pasivo municipal.<\/strong><\/h2>\n\n\n\n<p><br>La Caja de Jubilaciones y Pensiones de la Provincia de Santa Fe no abon\u00f3 a los Jubilados Municipales y Comunales el Acuerdo Paritario que estableci\u00f3 un 11% de aumento en el mes de septiembre con m\u00e1s un acumulado del 93% para el mes de Octubre y que beneficia al sector pasivo como se fij\u00f3 en la paritaria.&nbsp;<\/p>\n\n\n\n<p>Resulta pertinente transcribir el punto 3 del Acta paritaria para dejar aclarada perfectamente la situaci\u00f3n:&nbsp;<strong>\u201cse acuerda que los jubilados y pensionados municipales recibir\u00e1n los incrementos previstos en el punto anterior en sus mismos t\u00e9rminos y condiciones, instando a las Cajas de Jubilaciones de las diferentes jurisdicciones que ya hubiesen realizado las liquidaciones, abonen el presente acuerdo por planilla complementaria\u201d.<\/strong><br><br><\/p>\n\n\n\n<div class=\"wp-block-buttons is-layout-flex wp-block-buttons-is-layout-flex\">\n<div class=\"wp-block-button\"><a class=\"wp-block-button__link has-vivid-cyan-blue-background-color has-background wp-element-button\" href=\"https:\/\/municipales.org.ar\/festram\/wp-content\/uploads\/2023\/10\/20231025-acta-paritaria.pdf\" target=\"_blank\" rel=\"noreferrer noopener\">Ver Acta Paritaria Octubre 2023<\/a><\/div>\n<\/div>\n\n\n\n<p><br><br><br><strong>La Caja Provincial recauda de los Municipios y Comunas los aportes y contribuciones patronales con los incrementos salariales, se hace de los fondos, pero los retiene ilegalmente a costas de uno los grupos m\u00e1s golpeados en este contexto econ\u00f3mico como lo es el pasivo.<\/strong><\/p>\n\n\n\n<p>El Gobierno Provincial desconoce no s\u00f3lo la paritaria del sector, sino que vuelve a repetir esta metodolog\u00eda aduciendo temas de falta de comunicaci\u00f3n y plazos que ya a esta altura de los acontecimientos carecen de validez. Por lo tanto, exigimos que se cumplimente el acuerdo de referencia, v\u00eda planilla complementaria.&nbsp;&nbsp;<br><\/p>\n\n\n\n<h6 class=\"wp-block-heading\">Prensa FESTRAM<\/h6>\n","protected":false},"excerpt":{"rendered":"<p>La Caja de Jubilaciones de la Provincia vuelve a incumplir con el sector pasivo municipal.<\/p>\n","protected":false},"author":1,"featured_media":16601,"comment_status":"closed","ping_status":"closed","sticky":false,"template":"","format":"standard","meta":{"_jetpack_memberships_contains_paid_content":false,"footnotes":"","jetpack_publicize_message":"","jetpack_publicize_feature_enabled":true,"jetpack_social_post_already_shared":true,"jetpack_social_options":{"image_generator_settings":{"template":"highway","default_image_id":0,"font":"","enabled":false},"version":2}},"categories":[247],"tags":[68,82,109,41,69],"class_list":["post-16763","post","type-post","status-publish","format-standard","has-post-thumbnail","hentry","category-comunicados-2023","tag-economia-provincial","tag-jubilaciones","tag-la-provincia","tag-paritaria","tag-politica-salarial"],"yoast_head":"<!-- This site is optimized with the Yoast SEO plugin v25.9 - https:\/\/yoast.com\/wordpress\/plugins\/seo\/ -->\n<title>Alerta y Movilizaci\u00f3n en defensa de Jubilados y Pensionados &#8211; FESTRAM<\/title>\n<meta name=\"description\" content=\"La Caja de Jubilaciones de la Provincia vuelve a incumplir con el sector pasivo municipal.\" \/>\n<meta name=\"robots\" content=\"index, follow, max-snippet:-1, max-image-preview:large, max-video-preview:-1\" \/>\n<link rel=\"canonical\" href=\"https:\/\/municipales.org.ar\/festram\/alerta-y-movilizacion-en-defensa-de-jubilados-y-pensionados\/\" \/>\n<meta property=\"og:locale\" content=\"es_ES\" \/>\n<meta property=\"og:type\" content=\"article\" \/>\n<meta property=\"og:title\" content=\"Alerta y Movilizaci\u00f3n en defensa de Jubilados y Pensionados &#8211; FESTRAM\" \/>\n<meta property=\"og:description\" content=\"La Caja de Jubilaciones de la Provincia vuelve a incumplir con el sector pasivo municipal.\" \/>\n<meta property=\"og:url\" content=\"https:\/\/municipales.org.ar\/festram\/alerta-y-movilizacion-en-defensa-de-jubilados-y-pensionados\/\" \/>\n<meta property=\"og:site_name\" content=\"FESTRAM\" \/>\n<meta property=\"article:publisher\" content=\"https:\/\/www.facebook.com\/MunicipalesSF\" \/>\n<meta property=\"article:published_time\" content=\"2023-11-02T15:25:19+00:00\" \/>\n<meta property=\"article:modified_time\" content=\"2023-12-13T17:27:44+00:00\" \/>\n<meta property=\"og:image\" content=\"https:\/\/municipales.org.ar\/festram\/wp-content\/uploads\/2023\/08\/ajubi-1.jpg\" \/>\n\t<meta property=\"og:image:width\" content=\"800\" \/>\n\t<meta property=\"og:image:height\" content=\"600\" \/>\n\t<meta property=\"og:image:type\" content=\"image\/jpeg\" \/>\n<meta name=\"author\" content=\"mun_admin\" \/>\n<meta name=\"twitter:card\" content=\"summary_large_image\" \/>\n<meta name=\"twitter:creator\" content=\"@MunicipalesSF\" \/>\n<meta name=\"twitter:site\" content=\"@MunicipalesSF\" \/>\n<meta name=\"twitter:label1\" content=\"Escrito por\" \/>\n\t<meta name=\"twitter:data1\" content=\"mun_admin\" \/>\n\t<meta name=\"twitter:label2\" content=\"Tiempo de lectura\" \/>\n\t<meta name=\"twitter:data2\" content=\"2 minutos\" \/>\n<script type=\"application\/ld+json\" class=\"yoast-schema-graph\">{\"@context\":\"https:\/\/schema.org\",\"@graph\":[{\"@type\":\"Article\",\"@id\":\"https:\/\/municipales.org.ar\/festram\/alerta-y-movilizacion-en-defensa-de-jubilados-y-pensionados\/#article\",\"isPartOf\":{\"@id\":\"https:\/\/municipales.org.ar\/festram\/alerta-y-movilizacion-en-defensa-de-jubilados-y-pensionados\/\"},\"author\":{\"name\":\"mun_admin\",\"@id\":\"https:\/\/municipales.org.ar\/festram\/#\/schema\/person\/49096a774c48ce9063df4d59ec059f9e\"},\"headline\":\"Alerta y Movilizaci\u00f3n en defensa de Jubilados y Pensionados\",\"datePublished\":\"2023-11-02T15:25:19+00:00\",\"dateModified\":\"2023-12-13T17:27:44+00:00\",\"mainEntityOfPage\":{\"@id\":\"https:\/\/municipales.org.ar\/festram\/alerta-y-movilizacion-en-defensa-de-jubilados-y-pensionados\/\"},\"wordCount\":253,\"publisher\":{\"@id\":\"https:\/\/municipales.org.ar\/festram\/#organization\"},\"image\":{\"@id\":\"https:\/\/municipales.org.ar\/festram\/alerta-y-movilizacion-en-defensa-de-jubilados-y-pensionados\/#primaryimage\"},\"thumbnailUrl\":\"https:\/\/municipales.org.ar\/festram\/wp-content\/uploads\/2023\/08\/ajubi-1.jpg\",\"keywords\":[\"econom\u00eda provincial\",\"jubilaciones\",\"la provincia\",\"paritaria\",\"pol\u00edtica salarial\"],\"articleSection\":[\"Comunicados 2023\"],\"inLanguage\":\"es\"},{\"@type\":\"WebPage\",\"@id\":\"https:\/\/municipales.org.ar\/festram\/alerta-y-movilizacion-en-defensa-de-jubilados-y-pensionados\/\",\"url\":\"https:\/\/municipales.org.ar\/festram\/alerta-y-movilizacion-en-defensa-de-jubilados-y-pensionados\/\",\"name\":\"Alerta y Movilizaci\u00f3n en defensa de Jubilados y Pensionados &#8211; FESTRAM\",\"isPartOf\":{\"@id\":\"https:\/\/municipales.org.ar\/festram\/#website\"},\"primaryImageOfPage\":{\"@id\":\"https:\/\/municipales.org.ar\/festram\/alerta-y-movilizacion-en-defensa-de-jubilados-y-pensionados\/#primaryimage\"},\"image\":{\"@id\":\"https:\/\/municipales.org.ar\/festram\/alerta-y-movilizacion-en-defensa-de-jubilados-y-pensionados\/#primaryimage\"},\"thumbnailUrl\":\"https:\/\/municipales.org.ar\/festram\/wp-content\/uploads\/2023\/08\/ajubi-1.jpg\",\"datePublished\":\"2023-11-02T15:25:19+00:00\",\"dateModified\":\"2023-12-13T17:27:44+00:00\",\"description\":\"La Caja de Jubilaciones de la Provincia vuelve a incumplir con el sector pasivo municipal.\",\"breadcrumb\":{\"@id\":\"https:\/\/municipales.org.ar\/festram\/alerta-y-movilizacion-en-defensa-de-jubilados-y-pensionados\/#breadcrumb\"},\"inLanguage\":\"es\",\"potentialAction\":[{\"@type\":\"ReadAction\",\"target\":[\"https:\/\/municipales.org.ar\/festram\/alerta-y-movilizacion-en-defensa-de-jubilados-y-pensionados\/\"]}]},{\"@type\":\"ImageObject\",\"inLanguage\":\"es\",\"@id\":\"https:\/\/municipales.org.ar\/festram\/alerta-y-movilizacion-en-defensa-de-jubilados-y-pensionados\/#primaryimage\",\"url\":\"https:\/\/municipales.org.ar\/festram\/wp-content\/uploads\/2023\/08\/ajubi-1.jpg\",\"contentUrl\":\"https:\/\/municipales.org.ar\/festram\/wp-content\/uploads\/2023\/08\/ajubi-1.jpg\",\"width\":800,\"height\":600},{\"@type\":\"BreadcrumbList\",\"@id\":\"https:\/\/municipales.org.ar\/festram\/alerta-y-movilizacion-en-defensa-de-jubilados-y-pensionados\/#breadcrumb\",\"itemListElement\":[{\"@type\":\"ListItem\",\"position\":1,\"name\":\"Portada\",\"item\":\"https:\/\/municipales.org.ar\/festram\/\"},{\"@type\":\"ListItem\",\"position\":2,\"name\":\"Alerta y Movilizaci\u00f3n en defensa de Jubilados y Pensionados\"}]},{\"@type\":\"WebSite\",\"@id\":\"https:\/\/municipales.org.ar\/festram\/#website\",\"url\":\"https:\/\/municipales.org.ar\/festram\/\",\"name\":\"FESTRAM\",\"description\":\"La web de los trabajadores municipales\",\"publisher\":{\"@id\":\"https:\/\/municipales.org.ar\/festram\/#organization\"},\"potentialAction\":[{\"@type\":\"SearchAction\",\"target\":{\"@type\":\"EntryPoint\",\"urlTemplate\":\"https:\/\/municipales.org.ar\/festram\/?s={search_term_string}\"},\"query-input\":{\"@type\":\"PropertyValueSpecification\",\"valueRequired\":true,\"valueName\":\"search_term_string\"}}],\"inLanguage\":\"es\"},{\"@type\":\"Organization\",\"@id\":\"https:\/\/municipales.org.ar\/festram\/#organization\",\"name\":\"Federaci\u00f3n de Sindicatos de Trabajadores Municipales de la Provincia de Santa Fe\",\"url\":\"https:\/\/municipales.org.ar\/festram\/\",\"logo\":{\"@type\":\"ImageObject\",\"inLanguage\":\"es\",\"@id\":\"https:\/\/municipales.org.ar\/festram\/#\/schema\/logo\/image\/\",\"url\":\"https:\/\/www.municipales.org.ar\/festram\/wp-content\/uploads\/2014\/07\/logo_fes.jpg\",\"contentUrl\":\"https:\/\/www.municipales.org.ar\/festram\/wp-content\/uploads\/2014\/07\/logo_fes.jpg\",\"width\":661,\"height\":673,\"caption\":\"Federaci\u00f3n de Sindicatos de Trabajadores Municipales de la Provincia de Santa Fe\"},\"image\":{\"@id\":\"https:\/\/municipales.org.ar\/festram\/#\/schema\/logo\/image\/\"},\"sameAs\":[\"https:\/\/www.facebook.com\/MunicipalesSF\",\"https:\/\/x.com\/MunicipalesSF\",\"https:\/\/www.youtube.com\/user\/festram\"]},{\"@type\":\"Person\",\"@id\":\"https:\/\/municipales.org.ar\/festram\/#\/schema\/person\/49096a774c48ce9063df4d59ec059f9e\",\"name\":\"mun_admin\"}]}<\/script>\n<!-- \/ Yoast SEO plugin. -->","yoast_head_json":{"title":"Alerta y Movilizaci\u00f3n en defensa de Jubilados y Pensionados &#8211; FESTRAM","description":"La Caja de Jubilaciones de la Provincia vuelve a incumplir con el sector pasivo municipal.","robots":{"index":"index","follow":"follow","max-snippet":"max-snippet:-1","max-image-preview":"max-image-preview:large","max-video-preview":"max-video-preview:-1"},"canonical":"https:\/\/municipales.org.ar\/festram\/alerta-y-movilizacion-en-defensa-de-jubilados-y-pensionados\/","og_locale":"es_ES","og_type":"article","og_title":"Alerta y Movilizaci\u00f3n en defensa de Jubilados y Pensionados &#8211; FESTRAM","og_description":"La Caja de Jubilaciones de la Provincia vuelve a incumplir con el sector pasivo municipal.","og_url":"https:\/\/municipales.org.ar\/festram\/alerta-y-movilizacion-en-defensa-de-jubilados-y-pensionados\/","og_site_name":"FESTRAM","article_publisher":"https:\/\/www.facebook.com\/MunicipalesSF","article_published_time":"2023-11-02T15:25:19+00:00","article_modified_time":"2023-12-13T17:27:44+00:00","og_image":[{"width":800,"height":600,"url":"https:\/\/municipales.org.ar\/festram\/wp-content\/uploads\/2023\/08\/ajubi-1.jpg","type":"image\/jpeg"}],"author":"mun_admin","twitter_card":"summary_large_image","twitter_creator":"@MunicipalesSF","twitter_site":"@MunicipalesSF","twitter_misc":{"Escrito por":"mun_admin","Tiempo de lectura":"2 minutos"},"schema":{"@context":"https:\/\/schema.org","@graph":[{"@type":"Article","@id":"https:\/\/municipales.org.ar\/festram\/alerta-y-movilizacion-en-defensa-de-jubilados-y-pensionados\/#article","isPartOf":{"@id":"https:\/\/municipales.org.ar\/festram\/alerta-y-movilizacion-en-defensa-de-jubilados-y-pensionados\/"},"author":{"name":"mun_admin","@id":"https:\/\/municipales.org.ar\/festram\/#\/schema\/person\/49096a774c48ce9063df4d59ec059f9e"},"headline":"Alerta y Movilizaci\u00f3n en defensa de Jubilados y Pensionados","datePublished":"2023-11-02T15:25:19+00:00","dateModified":"2023-12-13T17:27:44+00:00","mainEntityOfPage":{"@id":"https:\/\/municipales.org.ar\/festram\/alerta-y-movilizacion-en-defensa-de-jubilados-y-pensionados\/"},"wordCount":253,"publisher":{"@id":"https:\/\/municipales.org.ar\/festram\/#organization"},"image":{"@id":"https:\/\/municipales.org.ar\/festram\/alerta-y-movilizacion-en-defensa-de-jubilados-y-pensionados\/#primaryimage"},"thumbnailUrl":"https:\/\/municipales.org.ar\/festram\/wp-content\/uploads\/2023\/08\/ajubi-1.jpg","keywords":["econom\u00eda provincial","jubilaciones","la provincia","paritaria","pol\u00edtica salarial"],"articleSection":["Comunicados 2023"],"inLanguage":"es"},{"@type":"WebPage","@id":"https:\/\/municipales.org.ar\/festram\/alerta-y-movilizacion-en-defensa-de-jubilados-y-pensionados\/","url":"https:\/\/municipales.org.ar\/festram\/alerta-y-movilizacion-en-defensa-de-jubilados-y-pensionados\/","name":"Alerta y Movilizaci\u00f3n en defensa de Jubilados y Pensionados &#8211; FESTRAM","isPartOf":{"@id":"https:\/\/municipales.org.ar\/festram\/#website"},"primaryImageOfPage":{"@id":"https:\/\/municipales.org.ar\/festram\/alerta-y-movilizacion-en-defensa-de-jubilados-y-pensionados\/#primaryimage"},"image":{"@id":"https:\/\/municipales.org.ar\/festram\/alerta-y-movilizacion-en-defensa-de-jubilados-y-pensionados\/#primaryimage"},"thumbnailUrl":"https:\/\/municipales.org.ar\/festram\/wp-content\/uploads\/2023\/08\/ajubi-1.jpg","datePublished":"2023-11-02T15:25:19+00:00","dateModified":"2023-12-13T17:27:44+00:00","description":"La Caja de Jubilaciones de la Provincia vuelve a incumplir con el sector pasivo municipal.","breadcrumb":{"@id":"https:\/\/municipales.org.ar\/festram\/alerta-y-movilizacion-en-defensa-de-jubilados-y-pensionados\/#breadcrumb"},"inLanguage":"es","potentialAction":[{"@type":"ReadAction","target":["https:\/\/municipales.org.ar\/festram\/alerta-y-movilizacion-en-defensa-de-jubilados-y-pensionados\/"]}]},{"@type":"ImageObject","inLanguage":"es","@id":"https:\/\/municipales.org.ar\/festram\/alerta-y-movilizacion-en-defensa-de-jubilados-y-pensionados\/#primaryimage","url":"https:\/\/municipales.org.ar\/festram\/wp-content\/uploads\/2023\/08\/ajubi-1.jpg","contentUrl":"https:\/\/municipales.org.ar\/festram\/wp-content\/uploads\/2023\/08\/ajubi-1.jpg","width":800,"height":600},{"@type":"BreadcrumbList","@id":"https:\/\/municipales.org.ar\/festram\/alerta-y-movilizacion-en-defensa-de-jubilados-y-pensionados\/#breadcrumb","itemListElement":[{"@type":"ListItem","position":1,"name":"Portada","item":"https:\/\/municipales.org.ar\/festram\/"},{"@type":"ListItem","position":2,"name":"Alerta y Movilizaci\u00f3n en defensa de Jubilados y Pensionados"}]},{"@type":"WebSite","@id":"https:\/\/municipales.org.ar\/festram\/#website","url":"https:\/\/municipales.org.ar\/festram\/","name":"FESTRAM","description":"La web de los trabajadores municipales","publisher":{"@id":"https:\/\/municipales.org.ar\/festram\/#organization"},"potentialAction":[{"@type":"SearchAction","target":{"@type":"EntryPoint","urlTemplate":"https:\/\/municipales.org.ar\/festram\/?s={search_term_string}"},"query-input":{"@type":"PropertyValueSpecification","valueRequired":true,"valueName":"search_term_string"}}],"inLanguage":"es"},{"@type":"Organization","@id":"https:\/\/municipales.org.ar\/festram\/#organization","name":"Federaci\u00f3n de Sindicatos de Trabajadores Municipales de la Provincia de Santa Fe","url":"https:\/\/municipales.org.ar\/festram\/","logo":{"@type":"ImageObject","inLanguage":"es","@id":"https:\/\/municipales.org.ar\/festram\/#\/schema\/logo\/image\/","url":"https:\/\/www.municipales.org.ar\/festram\/wp-content\/uploads\/2014\/07\/logo_fes.jpg","contentUrl":"https:\/\/www.municipales.org.ar\/festram\/wp-content\/uploads\/2014\/07\/logo_fes.jpg","width":661,"height":673,"caption":"Federaci\u00f3n de Sindicatos de Trabajadores Municipales de la Provincia de Santa Fe"},"image":{"@id":"https:\/\/municipales.org.ar\/festram\/#\/schema\/logo\/image\/"},"sameAs":["https:\/\/www.facebook.com\/MunicipalesSF","https:\/\/x.com\/MunicipalesSF","https:\/\/www.youtube.com\/user\/festram"]},{"@type":"Person","@id":"https:\/\/municipales.org.ar\/festram\/#\/schema\/person\/49096a774c48ce9063df4d59ec059f9e","name":"mun_admin"}]}},"jetpack_publicize_connections":[],"jetpack_featured_media_url":"https:\/\/municipales.org.ar\/festram\/wp-content\/uploads\/2023\/08\/ajubi-1.jpg","jetpack_sharing_enabled":true,"jetpack_likes_enabled":false,"jetpack_shortlink":"https:\/\/wp.me\/p7l4x1-4mn","_links":{"self":[{"href":"https:\/\/municipales.org.ar\/festram\/wp-json\/wp\/v2\/posts\/16763","targetHints":{"allow":["GET"]}}],"collection":[{"href":"https:\/\/municipales.org.ar\/festram\/wp-json\/wp\/v2\/posts"}],"about":[{"href":"https:\/\/municipales.org.ar\/festram\/wp-json\/wp\/v2\/types\/post"}],"author":[{"embeddable":true,"href":"https:\/\/municipales.org.ar\/festram\/wp-json\/wp\/v2\/users\/1"}],"replies":[{"embeddable":true,"href":"https:\/\/municipales.org.ar\/festram\/wp-json\/wp\/v2\/comments?post=16763"}],"version-history":[{"count":4,"href":"https:\/\/municipales.org.ar\/festram\/wp-json\/wp\/v2\/posts\/16763\/revisions"}],"predecessor-version":[{"id":16768,"href":"https:\/\/municipales.org.ar\/festram\/wp-json\/wp\/v2\/posts\/16763\/revisions\/16768"}],"wp:featuredmedia":[{"embeddable":true,"href":"https:\/\/municipales.org.ar\/festram\/wp-json\/wp\/v2\/media\/16601"}],"wp:attachment":[{"href":"https:\/\/municipales.org.ar\/festram\/wp-json\/wp\/v2\/media?parent=16763"}],"wp:term":[{"taxonomy":"category","embeddable":true,"href":"https:\/\/municipales.org.ar\/festram\/wp-json\/wp\/v2\/categories?post=16763"},{"taxonomy":"post_tag","embeddable":true,"href":"https:\/\/municipales.org.ar\/festram\/wp-json\/wp\/v2\/tags?post=16763"}],"curies":[{"name":"wp","href":"https:\/\/api.w.org\/{rel}","templated":true}]}}