{"id":16778,"date":"2023-11-09T20:44:31","date_gmt":"2023-11-09T23:44:31","guid":{"rendered":"https:\/\/municipales.org.ar\/festram\/?p=16778"},"modified":"2023-11-09T20:44:36","modified_gmt":"2023-11-09T23:44:36","slug":"la-ministra-de-trabajo-recibio-a-las-mujeres-sindicalistas-de-la-cft","status":"publish","type":"post","link":"https:\/\/municipales.org.ar\/festram\/la-ministra-de-trabajo-recibio-a-las-mujeres-sindicalistas-de-la-cft\/","title":{"rendered":"La Ministra de Trabajo recibi\u00f3 a las Mujeres Sindicalistas de la CFT"},"content":{"rendered":"\n<p><\/p>\n\n\n\n<h2 class=\"wp-block-heading\">FESTRAM particip\u00f3 de la reuni\u00f3n de las Mujeres Sindicalistas de la Corriente Federal de Trabajadores con la Ministra de Trabajo de la Naci\u00f3n, Raquel \u201cKelly\u201d Olmos, realizada el pasado lunes en la sede de la cartera laboral. En el encuentro, la Ministra recibi\u00f3 por parte de las representantes sindicales los cuatro cuadernillos de formaci\u00f3n para que los mismos formen parte de la Biblioteca Bialet Mass\u00e9 y sean de uso p\u00fablico y de investigaci\u00f3n.\u00a0<br><\/h2>\n\n\n\n<p>Se trata de los cuatro tomos elaborados por Mujeres Sindicalistas en los que se abordan aspectos relacionados con las desigualdades del mundo laboral y la participaci\u00f3n pol\u00edtica y sindical con perspectiva de g\u00e9nero.&nbsp;&nbsp;<\/p>\n\n\n\n<p>Estuvieron presentes en la reuni\u00f3n la Diputada Nacional y Secretaria General de FE-SITRAJU, Vanesa Siley, la Subsecretaria de Pol\u00edticas de Inclusi\u00f3n en el Mundo Laboral, Cecilia Cross; la Diputada Nacional, Mar\u00eda Rosa Mart\u00ednez; la Directora de Pol\u00edticas de Trabajo y Cuidados del Ministerio de las Mujeres de la Provincia de Buenos Aires, Claudia L\u00e1zzaro; junto a referentes de distintos gremios hermanos. En representaci\u00f3n del FESTRAM particip\u00f3 la Secretaria de Pol\u00edticas de G\u00e9nero, Ni\u00f1es, Familia y Medio Ambiente Andrea Luna.\u00a0<\/p>\n\n\n\n<p><br><\/p>\n\n\n\n<figure class=\"wp-block-gallery has-nested-images columns-default is-cropped wp-block-gallery-1 is-layout-flex wp-block-gallery-is-layout-flex\">\n<figure class=\"wp-block-image size-large\"><img loading=\"lazy\" decoding=\"async\" width=\"1024\" height=\"682\" data-id=\"16780\" src=\"https:\/\/municipales.org.ar\/festram\/wp-content\/uploads\/2023\/11\/sg-1.jpg\" alt=\"\" class=\"wp-image-16780\" srcset=\"https:\/\/municipales.org.ar\/festram\/wp-content\/uploads\/2023\/11\/sg-1.jpg 1024w, https:\/\/municipales.org.ar\/festram\/wp-content\/uploads\/2023\/11\/sg-1-300x200.jpg 300w, https:\/\/municipales.org.ar\/festram\/wp-content\/uploads\/2023\/11\/sg-1-768x512.jpg 768w\" sizes=\"auto, (max-width: 1024px) 100vw, 1024px\" \/><\/figure>\n\n\n\n<figure class=\"wp-block-image size-large\"><img loading=\"lazy\" decoding=\"async\" width=\"1024\" height=\"682\" data-id=\"16781\" src=\"https:\/\/municipales.org.ar\/festram\/wp-content\/uploads\/2023\/11\/sg-2.jpg\" alt=\"\" class=\"wp-image-16781\" srcset=\"https:\/\/municipales.org.ar\/festram\/wp-content\/uploads\/2023\/11\/sg-2.jpg 1024w, https:\/\/municipales.org.ar\/festram\/wp-content\/uploads\/2023\/11\/sg-2-300x200.jpg 300w, https:\/\/municipales.org.ar\/festram\/wp-content\/uploads\/2023\/11\/sg-2-768x512.jpg 768w\" sizes=\"auto, (max-width: 1024px) 100vw, 1024px\" \/><\/figure>\n<\/figure>\n\n\n\n<p><br><br>Asimismo, la representante de FESTRAM pudo explicar la importancia de sostener la Paritaria en la Provincia de Santa Fe, y donde la Ministra remarc\u00f3 que comparte el pronunciamiento del Ministro de Econom\u00eda Sergio Massa de impulsar, como presidente, una Paritaria Nacional de los Municipales, que fije un piso salarial y funcione como marco.\u00a0<\/p>\n\n\n\n<p>&nbsp;Pod\u00e9s acceder a los cuadernillos en los siguientes links:&nbsp;<\/p>\n\n\n\n<p>1. La participaci\u00f3n de las mujeres en el mundo laboral, la doble jornada laboral, la feminizaci\u00f3n de la pobreza, entre otros.&nbsp;<a href=\"http:\/\/sindicalfederal.com.ar\/pdf\/FINAL-CuadernilloMS.pdf\" target=\"_blank\" rel=\"noreferrer noopener\">http:\/\/sindicalfederal.com.ar\/pdf\/FINAL-CuadernilloMS.pdf<\/a>&nbsp;<\/p>\n\n\n\n<p>2. La desigualdad entre hombres y mujeres en el mundo laboral y como condiciona la organizaci\u00f3n de la vida privada.&nbsp;<a href=\"https:\/\/www.portalsur.com.ar\/wp-content\/uploads\/2019\/02\/cuadernilllo-final-2019-muj-sind.pdf\" target=\"_blank\" rel=\"noreferrer noopener\">https:\/\/www.portalsur.com.ar\/wp-content\/uploads\/2019\/02\/cuadernilllo-final-2019-muj-sind.pdf<\/a>&nbsp;<\/p>\n\n\n\n<p>3. Las tareas de cuidado y su valorizaci\u00f3n simb\u00f3lico, monetaria y real.&nbsp;<a href=\"https:\/\/sindicalfederal.com.ar\/wp-content\/uploads\/FINAL-cuadernillo-2020-mujeres-sindicalistas1.pdf\" target=\"_blank\" rel=\"noreferrer noopener\">https:\/\/sindicalfederal.com.ar\/wp-content\/uploads\/FINAL-cuadernillo-2020-mujeres-sindicalistas1.pdf<\/a>&nbsp;<\/p>\n\n\n\n<p>4. La reducci\u00f3n de la jornada laboral sin disminuir salarios. La redistribuci\u00f3n y creaci\u00f3n de nuevos puestos de trabajo.&nbsp;<a href=\"https:\/\/sindicalfederal.com.ar\/wp-content\/uploads\/Cuadernillo-4to-final-web.pdf\" target=\"_blank\" rel=\"noreferrer noopener\">https:\/\/sindicalfederal.com.ar\/wp-content\/uploads\/Cuadernillo-4to-final-web.pdf<\/a>&nbsp;<\/p>\n","protected":false},"excerpt":{"rendered":"<p>FESTRAM particip\u00f3 de la reuni\u00f3n de las Mujeres Sindicalistas de la Corriente Federal de Trabajadores con la Ministra de Trabajo de la Naci\u00f3n, Raquel \u201cKelly\u201d Olmos, realizada el pasado lunes en la sede de la cartera laboral. En el encuentro, la Ministra recibi\u00f3 por parte de las representantes sindicales los cuatro cuadernillos de formaci\u00f3n para que los mismos formen parte de la Biblioteca Bialet Mass\u00e9 y sean de uso p\u00fablico y de investigaci\u00f3n.\u00a0<\/p>\n","protected":false},"author":1,"featured_media":16779,"comment_status":"closed","ping_status":"closed","sticky":false,"template":"","format":"standard","meta":{"_jetpack_memberships_contains_paid_content":false,"footnotes":"","jetpack_publicize_message":"","jetpack_publicize_feature_enabled":true,"jetpack_social_post_already_shared":true,"jetpack_social_options":{"image_generator_settings":{"template":"highway","default_image_id":0,"font":"","enabled":false},"version":2}},"categories":[247,50,218],"tags":[212,87],"class_list":["post-16778","post","type-post","status-publish","format-standard","has-post-thumbnail","hentry","category-comunicados-2023","category-genero","category-movimiento-obrero","tag-cft","tag-genero-2"],"yoast_head":"<!-- This site is optimized with the Yoast SEO plugin v25.9 - https:\/\/yoast.com\/wordpress\/plugins\/seo\/ -->\n<title>La Ministra de Trabajo recibi\u00f3 a las Mujeres Sindicalistas de la CFT &#8211; FESTRAM<\/title>\n<meta name=\"description\" content=\"FESTRAM particip\u00f3 de la reuni\u00f3n de las Mujeres Sindicalistas de la Corriente Federal de Trabajadores con la Ministra de Trabajo de la Naci\u00f3n, Raquel \u201cKelly\u201d Olmos, realizada el pasado lunes en la sede de la cartera laboral. En el encuentro, la Ministra recibi\u00f3 por parte de las representantes sindicales los cuatro cuadernillos de formaci\u00f3n para que los mismos formen parte de la Biblioteca Bialet Mass\u00e9 y sean de uso p\u00fablico y de investigaci\u00f3n.\u00a0\" \/>\n<meta name=\"robots\" content=\"index, follow, max-snippet:-1, max-image-preview:large, max-video-preview:-1\" \/>\n<link rel=\"canonical\" href=\"https:\/\/municipales.org.ar\/festram\/la-ministra-de-trabajo-recibio-a-las-mujeres-sindicalistas-de-la-cft\/\" \/>\n<meta property=\"og:locale\" content=\"es_ES\" \/>\n<meta property=\"og:type\" content=\"article\" \/>\n<meta property=\"og:title\" content=\"La Ministra de Trabajo recibi\u00f3 a las Mujeres Sindicalistas de la CFT &#8211; FESTRAM\" \/>\n<meta property=\"og:description\" content=\"FESTRAM particip\u00f3 de la reuni\u00f3n de las Mujeres Sindicalistas de la Corriente Federal de Trabajadores con la Ministra de Trabajo de la Naci\u00f3n, Raquel \u201cKelly\u201d Olmos, realizada el pasado lunes en la sede de la cartera laboral. En el encuentro, la Ministra recibi\u00f3 por parte de las representantes sindicales los cuatro cuadernillos de formaci\u00f3n para que los mismos formen parte de la Biblioteca Bialet Mass\u00e9 y sean de uso p\u00fablico y de investigaci\u00f3n.\u00a0\" \/>\n<meta property=\"og:url\" content=\"https:\/\/municipales.org.ar\/festram\/la-ministra-de-trabajo-recibio-a-las-mujeres-sindicalistas-de-la-cft\/\" \/>\n<meta property=\"og:site_name\" content=\"FESTRAM\" \/>\n<meta property=\"article:publisher\" content=\"https:\/\/www.facebook.com\/MunicipalesSF\" \/>\n<meta property=\"article:published_time\" content=\"2023-11-09T23:44:31+00:00\" \/>\n<meta property=\"article:modified_time\" content=\"2023-11-09T23:44:36+00:00\" \/>\n<meta property=\"og:image\" content=\"https:\/\/municipales.org.ar\/festram\/wp-content\/uploads\/2023\/11\/sg-3.jpg\" \/>\n\t<meta property=\"og:image:width\" content=\"1280\" \/>\n\t<meta property=\"og:image:height\" content=\"853\" \/>\n\t<meta property=\"og:image:type\" content=\"image\/jpeg\" \/>\n<meta name=\"author\" content=\"mun_admin\" \/>\n<meta name=\"twitter:card\" content=\"summary_large_image\" \/>\n<meta name=\"twitter:creator\" content=\"@MunicipalesSF\" \/>\n<meta name=\"twitter:site\" content=\"@MunicipalesSF\" \/>\n<meta name=\"twitter:label1\" content=\"Escrito por\" \/>\n\t<meta name=\"twitter:data1\" content=\"mun_admin\" \/>\n\t<meta name=\"twitter:label2\" content=\"Tiempo de lectura\" \/>\n\t<meta name=\"twitter:data2\" content=\"2 minutos\" \/>\n<script type=\"application\/ld+json\" class=\"yoast-schema-graph\">{\"@context\":\"https:\/\/schema.org\",\"@graph\":[{\"@type\":\"Article\",\"@id\":\"https:\/\/municipales.org.ar\/festram\/la-ministra-de-trabajo-recibio-a-las-mujeres-sindicalistas-de-la-cft\/#article\",\"isPartOf\":{\"@id\":\"https:\/\/municipales.org.ar\/festram\/la-ministra-de-trabajo-recibio-a-las-mujeres-sindicalistas-de-la-cft\/\"},\"author\":{\"name\":\"mun_admin\",\"@id\":\"https:\/\/municipales.org.ar\/festram\/#\/schema\/person\/49096a774c48ce9063df4d59ec059f9e\"},\"headline\":\"La Ministra de Trabajo recibi\u00f3 a las Mujeres Sindicalistas de la CFT\",\"datePublished\":\"2023-11-09T23:44:31+00:00\",\"dateModified\":\"2023-11-09T23:44:36+00:00\",\"mainEntityOfPage\":{\"@id\":\"https:\/\/municipales.org.ar\/festram\/la-ministra-de-trabajo-recibio-a-las-mujeres-sindicalistas-de-la-cft\/\"},\"wordCount\":403,\"publisher\":{\"@id\":\"https:\/\/municipales.org.ar\/festram\/#organization\"},\"image\":{\"@id\":\"https:\/\/municipales.org.ar\/festram\/la-ministra-de-trabajo-recibio-a-las-mujeres-sindicalistas-de-la-cft\/#primaryimage\"},\"thumbnailUrl\":\"https:\/\/municipales.org.ar\/festram\/wp-content\/uploads\/2023\/11\/sg-3.jpg\",\"keywords\":[\"CFT\",\"g\u00e9nero\"],\"articleSection\":[\"Comunicados 2023\",\"G\u00e9nero\",\"Movimiento Obrero\"],\"inLanguage\":\"es\"},{\"@type\":\"WebPage\",\"@id\":\"https:\/\/municipales.org.ar\/festram\/la-ministra-de-trabajo-recibio-a-las-mujeres-sindicalistas-de-la-cft\/\",\"url\":\"https:\/\/municipales.org.ar\/festram\/la-ministra-de-trabajo-recibio-a-las-mujeres-sindicalistas-de-la-cft\/\",\"name\":\"La Ministra de Trabajo recibi\u00f3 a las Mujeres Sindicalistas de la CFT &#8211; FESTRAM\",\"isPartOf\":{\"@id\":\"https:\/\/municipales.org.ar\/festram\/#website\"},\"primaryImageOfPage\":{\"@id\":\"https:\/\/municipales.org.ar\/festram\/la-ministra-de-trabajo-recibio-a-las-mujeres-sindicalistas-de-la-cft\/#primaryimage\"},\"image\":{\"@id\":\"https:\/\/municipales.org.ar\/festram\/la-ministra-de-trabajo-recibio-a-las-mujeres-sindicalistas-de-la-cft\/#primaryimage\"},\"thumbnailUrl\":\"https:\/\/municipales.org.ar\/festram\/wp-content\/uploads\/2023\/11\/sg-3.jpg\",\"datePublished\":\"2023-11-09T23:44:31+00:00\",\"dateModified\":\"2023-11-09T23:44:36+00:00\",\"description\":\"FESTRAM particip\u00f3 de la reuni\u00f3n de las Mujeres Sindicalistas de la Corriente Federal de Trabajadores con la Ministra de Trabajo de la Naci\u00f3n, Raquel \u201cKelly\u201d Olmos, realizada el pasado lunes en la sede de la cartera laboral. En el encuentro, la Ministra recibi\u00f3 por parte de las representantes sindicales los cuatro cuadernillos de formaci\u00f3n para que los mismos formen parte de la Biblioteca Bialet Mass\u00e9 y sean de uso p\u00fablico y de investigaci\u00f3n.\u00a0\",\"breadcrumb\":{\"@id\":\"https:\/\/municipales.org.ar\/festram\/la-ministra-de-trabajo-recibio-a-las-mujeres-sindicalistas-de-la-cft\/#breadcrumb\"},\"inLanguage\":\"es\",\"potentialAction\":[{\"@type\":\"ReadAction\",\"target\":[\"https:\/\/municipales.org.ar\/festram\/la-ministra-de-trabajo-recibio-a-las-mujeres-sindicalistas-de-la-cft\/\"]}]},{\"@type\":\"ImageObject\",\"inLanguage\":\"es\",\"@id\":\"https:\/\/municipales.org.ar\/festram\/la-ministra-de-trabajo-recibio-a-las-mujeres-sindicalistas-de-la-cft\/#primaryimage\",\"url\":\"https:\/\/municipales.org.ar\/festram\/wp-content\/uploads\/2023\/11\/sg-3.jpg\",\"contentUrl\":\"https:\/\/municipales.org.ar\/festram\/wp-content\/uploads\/2023\/11\/sg-3.jpg\",\"width\":1280,\"height\":853},{\"@type\":\"BreadcrumbList\",\"@id\":\"https:\/\/municipales.org.ar\/festram\/la-ministra-de-trabajo-recibio-a-las-mujeres-sindicalistas-de-la-cft\/#breadcrumb\",\"itemListElement\":[{\"@type\":\"ListItem\",\"position\":1,\"name\":\"Portada\",\"item\":\"https:\/\/municipales.org.ar\/festram\/\"},{\"@type\":\"ListItem\",\"position\":2,\"name\":\"La Ministra de Trabajo recibi\u00f3 a las Mujeres Sindicalistas de la CFT\"}]},{\"@type\":\"WebSite\",\"@id\":\"https:\/\/municipales.org.ar\/festram\/#website\",\"url\":\"https:\/\/municipales.org.ar\/festram\/\",\"name\":\"FESTRAM\",\"description\":\"La web de los trabajadores municipales\",\"publisher\":{\"@id\":\"https:\/\/municipales.org.ar\/festram\/#organization\"},\"potentialAction\":[{\"@type\":\"SearchAction\",\"target\":{\"@type\":\"EntryPoint\",\"urlTemplate\":\"https:\/\/municipales.org.ar\/festram\/?s={search_term_string}\"},\"query-input\":{\"@type\":\"PropertyValueSpecification\",\"valueRequired\":true,\"valueName\":\"search_term_string\"}}],\"inLanguage\":\"es\"},{\"@type\":\"Organization\",\"@id\":\"https:\/\/municipales.org.ar\/festram\/#organization\",\"name\":\"Federaci\u00f3n de Sindicatos de Trabajadores Municipales de la Provincia de Santa Fe\",\"url\":\"https:\/\/municipales.org.ar\/festram\/\",\"logo\":{\"@type\":\"ImageObject\",\"inLanguage\":\"es\",\"@id\":\"https:\/\/municipales.org.ar\/festram\/#\/schema\/logo\/image\/\",\"url\":\"https:\/\/www.municipales.org.ar\/festram\/wp-content\/uploads\/2014\/07\/logo_fes.jpg\",\"contentUrl\":\"https:\/\/www.municipales.org.ar\/festram\/wp-content\/uploads\/2014\/07\/logo_fes.jpg\",\"width\":661,\"height\":673,\"caption\":\"Federaci\u00f3n de Sindicatos de Trabajadores Municipales de la Provincia de Santa Fe\"},\"image\":{\"@id\":\"https:\/\/municipales.org.ar\/festram\/#\/schema\/logo\/image\/\"},\"sameAs\":[\"https:\/\/www.facebook.com\/MunicipalesSF\",\"https:\/\/x.com\/MunicipalesSF\",\"https:\/\/www.youtube.com\/user\/festram\"]},{\"@type\":\"Person\",\"@id\":\"https:\/\/municipales.org.ar\/festram\/#\/schema\/person\/49096a774c48ce9063df4d59ec059f9e\",\"name\":\"mun_admin\"}]}<\/script>\n<!-- \/ Yoast SEO plugin. -->","yoast_head_json":{"title":"La Ministra de Trabajo recibi\u00f3 a las Mujeres Sindicalistas de la CFT &#8211; FESTRAM","description":"FESTRAM particip\u00f3 de la reuni\u00f3n de las Mujeres Sindicalistas de la Corriente Federal de Trabajadores con la Ministra de Trabajo de la Naci\u00f3n, Raquel \u201cKelly\u201d Olmos, realizada el pasado lunes en la sede de la cartera laboral. En el encuentro, la Ministra recibi\u00f3 por parte de las representantes sindicales los cuatro cuadernillos de formaci\u00f3n para que los mismos formen parte de la Biblioteca Bialet Mass\u00e9 y sean de uso p\u00fablico y de investigaci\u00f3n.\u00a0","robots":{"index":"index","follow":"follow","max-snippet":"max-snippet:-1","max-image-preview":"max-image-preview:large","max-video-preview":"max-video-preview:-1"},"canonical":"https:\/\/municipales.org.ar\/festram\/la-ministra-de-trabajo-recibio-a-las-mujeres-sindicalistas-de-la-cft\/","og_locale":"es_ES","og_type":"article","og_title":"La Ministra de Trabajo recibi\u00f3 a las Mujeres Sindicalistas de la CFT &#8211; FESTRAM","og_description":"FESTRAM particip\u00f3 de la reuni\u00f3n de las Mujeres Sindicalistas de la Corriente Federal de Trabajadores con la Ministra de Trabajo de la Naci\u00f3n, Raquel \u201cKelly\u201d Olmos, realizada el pasado lunes en la sede de la cartera laboral. En el encuentro, la Ministra recibi\u00f3 por parte de las representantes sindicales los cuatro cuadernillos de formaci\u00f3n para que los mismos formen parte de la Biblioteca Bialet Mass\u00e9 y sean de uso p\u00fablico y de investigaci\u00f3n.\u00a0","og_url":"https:\/\/municipales.org.ar\/festram\/la-ministra-de-trabajo-recibio-a-las-mujeres-sindicalistas-de-la-cft\/","og_site_name":"FESTRAM","article_publisher":"https:\/\/www.facebook.com\/MunicipalesSF","article_published_time":"2023-11-09T23:44:31+00:00","article_modified_time":"2023-11-09T23:44:36+00:00","og_image":[{"width":1280,"height":853,"url":"https:\/\/municipales.org.ar\/festram\/wp-content\/uploads\/2023\/11\/sg-3.jpg","type":"image\/jpeg"}],"author":"mun_admin","twitter_card":"summary_large_image","twitter_creator":"@MunicipalesSF","twitter_site":"@MunicipalesSF","twitter_misc":{"Escrito por":"mun_admin","Tiempo de lectura":"2 minutos"},"schema":{"@context":"https:\/\/schema.org","@graph":[{"@type":"Article","@id":"https:\/\/municipales.org.ar\/festram\/la-ministra-de-trabajo-recibio-a-las-mujeres-sindicalistas-de-la-cft\/#article","isPartOf":{"@id":"https:\/\/municipales.org.ar\/festram\/la-ministra-de-trabajo-recibio-a-las-mujeres-sindicalistas-de-la-cft\/"},"author":{"name":"mun_admin","@id":"https:\/\/municipales.org.ar\/festram\/#\/schema\/person\/49096a774c48ce9063df4d59ec059f9e"},"headline":"La Ministra de Trabajo recibi\u00f3 a las Mujeres Sindicalistas de la CFT","datePublished":"2023-11-09T23:44:31+00:00","dateModified":"2023-11-09T23:44:36+00:00","mainEntityOfPage":{"@id":"https:\/\/municipales.org.ar\/festram\/la-ministra-de-trabajo-recibio-a-las-mujeres-sindicalistas-de-la-cft\/"},"wordCount":403,"publisher":{"@id":"https:\/\/municipales.org.ar\/festram\/#organization"},"image":{"@id":"https:\/\/municipales.org.ar\/festram\/la-ministra-de-trabajo-recibio-a-las-mujeres-sindicalistas-de-la-cft\/#primaryimage"},"thumbnailUrl":"https:\/\/municipales.org.ar\/festram\/wp-content\/uploads\/2023\/11\/sg-3.jpg","keywords":["CFT","g\u00e9nero"],"articleSection":["Comunicados 2023","G\u00e9nero","Movimiento Obrero"],"inLanguage":"es"},{"@type":"WebPage","@id":"https:\/\/municipales.org.ar\/festram\/la-ministra-de-trabajo-recibio-a-las-mujeres-sindicalistas-de-la-cft\/","url":"https:\/\/municipales.org.ar\/festram\/la-ministra-de-trabajo-recibio-a-las-mujeres-sindicalistas-de-la-cft\/","name":"La Ministra de Trabajo recibi\u00f3 a las Mujeres Sindicalistas de la CFT &#8211; FESTRAM","isPartOf":{"@id":"https:\/\/municipales.org.ar\/festram\/#website"},"primaryImageOfPage":{"@id":"https:\/\/municipales.org.ar\/festram\/la-ministra-de-trabajo-recibio-a-las-mujeres-sindicalistas-de-la-cft\/#primaryimage"},"image":{"@id":"https:\/\/municipales.org.ar\/festram\/la-ministra-de-trabajo-recibio-a-las-mujeres-sindicalistas-de-la-cft\/#primaryimage"},"thumbnailUrl":"https:\/\/municipales.org.ar\/festram\/wp-content\/uploads\/2023\/11\/sg-3.jpg","datePublished":"2023-11-09T23:44:31+00:00","dateModified":"2023-11-09T23:44:36+00:00","description":"FESTRAM particip\u00f3 de la reuni\u00f3n de las Mujeres Sindicalistas de la Corriente Federal de Trabajadores con la Ministra de Trabajo de la Naci\u00f3n, Raquel \u201cKelly\u201d Olmos, realizada el pasado lunes en la sede de la cartera laboral. En el encuentro, la Ministra recibi\u00f3 por parte de las representantes sindicales los cuatro cuadernillos de formaci\u00f3n para que los mismos formen parte de la Biblioteca Bialet Mass\u00e9 y sean de uso p\u00fablico y de investigaci\u00f3n.\u00a0","breadcrumb":{"@id":"https:\/\/municipales.org.ar\/festram\/la-ministra-de-trabajo-recibio-a-las-mujeres-sindicalistas-de-la-cft\/#breadcrumb"},"inLanguage":"es","potentialAction":[{"@type":"ReadAction","target":["https:\/\/municipales.org.ar\/festram\/la-ministra-de-trabajo-recibio-a-las-mujeres-sindicalistas-de-la-cft\/"]}]},{"@type":"ImageObject","inLanguage":"es","@id":"https:\/\/municipales.org.ar\/festram\/la-ministra-de-trabajo-recibio-a-las-mujeres-sindicalistas-de-la-cft\/#primaryimage","url":"https:\/\/municipales.org.ar\/festram\/wp-content\/uploads\/2023\/11\/sg-3.jpg","contentUrl":"https:\/\/municipales.org.ar\/festram\/wp-content\/uploads\/2023\/11\/sg-3.jpg","width":1280,"height":853},{"@type":"BreadcrumbList","@id":"https:\/\/municipales.org.ar\/festram\/la-ministra-de-trabajo-recibio-a-las-mujeres-sindicalistas-de-la-cft\/#breadcrumb","itemListElement":[{"@type":"ListItem","position":1,"name":"Portada","item":"https:\/\/municipales.org.ar\/festram\/"},{"@type":"ListItem","position":2,"name":"La Ministra de Trabajo recibi\u00f3 a las Mujeres Sindicalistas de la CFT"}]},{"@type":"WebSite","@id":"https:\/\/municipales.org.ar\/festram\/#website","url":"https:\/\/municipales.org.ar\/festram\/","name":"FESTRAM","description":"La web de los trabajadores municipales","publisher":{"@id":"https:\/\/municipales.org.ar\/festram\/#organization"},"potentialAction":[{"@type":"SearchAction","target":{"@type":"EntryPoint","urlTemplate":"https:\/\/municipales.org.ar\/festram\/?s={search_term_string}"},"query-input":{"@type":"PropertyValueSpecification","valueRequired":true,"valueName":"search_term_string"}}],"inLanguage":"es"},{"@type":"Organization","@id":"https:\/\/municipales.org.ar\/festram\/#organization","name":"Federaci\u00f3n de Sindicatos de Trabajadores Municipales de la Provincia de Santa Fe","url":"https:\/\/municipales.org.ar\/festram\/","logo":{"@type":"ImageObject","inLanguage":"es","@id":"https:\/\/municipales.org.ar\/festram\/#\/schema\/logo\/image\/","url":"https:\/\/www.municipales.org.ar\/festram\/wp-content\/uploads\/2014\/07\/logo_fes.jpg","contentUrl":"https:\/\/www.municipales.org.ar\/festram\/wp-content\/uploads\/2014\/07\/logo_fes.jpg","width":661,"height":673,"caption":"Federaci\u00f3n de Sindicatos de Trabajadores Municipales de la Provincia de Santa Fe"},"image":{"@id":"https:\/\/municipales.org.ar\/festram\/#\/schema\/logo\/image\/"},"sameAs":["https:\/\/www.facebook.com\/MunicipalesSF","https:\/\/x.com\/MunicipalesSF","https:\/\/www.youtube.com\/user\/festram"]},{"@type":"Person","@id":"https:\/\/municipales.org.ar\/festram\/#\/schema\/person\/49096a774c48ce9063df4d59ec059f9e","name":"mun_admin"}]}},"jetpack_publicize_connections":[],"jetpack_featured_media_url":"https:\/\/municipales.org.ar\/festram\/wp-content\/uploads\/2023\/11\/sg-3.jpg","jetpack_sharing_enabled":true,"jetpack_likes_enabled":false,"jetpack_shortlink":"https:\/\/wp.me\/p7l4x1-4mC","_links":{"self":[{"href":"https:\/\/municipales.org.ar\/festram\/wp-json\/wp\/v2\/posts\/16778","targetHints":{"allow":["GET"]}}],"collection":[{"href":"https:\/\/municipales.org.ar\/festram\/wp-json\/wp\/v2\/posts"}],"about":[{"href":"https:\/\/municipales.org.ar\/festram\/wp-json\/wp\/v2\/types\/post"}],"author":[{"embeddable":true,"href":"https:\/\/municipales.org.ar\/festram\/wp-json\/wp\/v2\/users\/1"}],"replies":[{"embeddable":true,"href":"https:\/\/municipales.org.ar\/festram\/wp-json\/wp\/v2\/comments?post=16778"}],"version-history":[{"count":1,"href":"https:\/\/municipales.org.ar\/festram\/wp-json\/wp\/v2\/posts\/16778\/revisions"}],"predecessor-version":[{"id":16782,"href":"https:\/\/municipales.org.ar\/festram\/wp-json\/wp\/v2\/posts\/16778\/revisions\/16782"}],"wp:featuredmedia":[{"embeddable":true,"href":"https:\/\/municipales.org.ar\/festram\/wp-json\/wp\/v2\/media\/16779"}],"wp:attachment":[{"href":"https:\/\/municipales.org.ar\/festram\/wp-json\/wp\/v2\/media?parent=16778"}],"wp:term":[{"taxonomy":"category","embeddable":true,"href":"https:\/\/municipales.org.ar\/festram\/wp-json\/wp\/v2\/categories?post=16778"},{"taxonomy":"post_tag","embeddable":true,"href":"https:\/\/municipales.org.ar\/festram\/wp-json\/wp\/v2\/tags?post=16778"}],"curies":[{"name":"wp","href":"https:\/\/api.w.org\/{rel}","templated":true}]}}