{"id":16789,"date":"2023-11-29T19:08:22","date_gmt":"2023-11-29T22:08:22","guid":{"rendered":"https:\/\/municipales.org.ar\/festram\/?p=16789"},"modified":"2023-12-18T10:21:04","modified_gmt":"2023-12-18T13:21:04","slug":"acuerdo-salarial-en-la-mesa-paritaria-municipal","status":"publish","type":"post","link":"https:\/\/municipales.org.ar\/festram\/acuerdo-salarial-en-la-mesa-paritaria-municipal\/","title":{"rendered":"Acuerdo Salarial en la Mesa Paritaria Municipal"},"content":{"rendered":"\n<p><\/p>\n\n\n\n<h2 class=\"wp-block-heading\">Los representantes de Intendentes y Presidentes Comunales y FESTRAM lograron un acuerdo en la Mesa de Negociaci\u00f3n Paritaria, Ley 9996.<\/h2>\n\n\n\n<p><strong>El aumento acumulado consiste en un incremento en la pol\u00edtica salarial del 18% para noviembre, 10% para diciembre y 10% para enero 2024, con base salarial febrero 2023.<\/strong><\/p>\n\n\n\n<p><strong>Lo acordado representa un acumulado en el presente a\u00f1o del 131%. El total de dicho incremento (131%) se computa para el pago del aguinaldo de diciembre 2023.<\/strong><\/p>\n\n\n\n<p><\/p>\n\n\n\n<div class=\"wp-block-buttons is-layout-flex wp-block-buttons-is-layout-flex\">\n<div class=\"wp-block-button\"><a class=\"wp-block-button__link has-vivid-cyan-blue-background-color has-background wp-element-button\" href=\"https:\/\/municipales.org.ar\/festram\/acuerdo-paritario-noviembre-2023-cuadro-de-asignaciones-acta-y-explicativo\/\" target=\"_blank\" rel=\"noreferrer noopener\">VER CUADRO DE ASIGNACIONES PRO CATEGOR\u00cdA, ACTA Y EXPLICATIVO<\/a><\/div>\n<\/div>\n\n\n\n<p><br>El acuerdo es \u00edntegramente remunerativo y bonificable, alcanzando en la misma proporci\u00f3n a Activos y Pasivos, en tiempo y forma.<\/p>\n\n\n\n<p>De esta forma se logr\u00f3 una mejora de la propuesta trasladada por los Intendentes y que hab\u00eda sido tratada en el Plenario de Secretarios Generales realizado en fecha 23 de Noviembre.<br><\/p>\n\n\n\n<figure class=\"wp-block-gallery has-nested-images columns-default is-cropped wp-block-gallery-1 is-layout-flex wp-block-gallery-is-layout-flex\">\n<figure class=\"wp-block-image size-large\"><img loading=\"lazy\" decoding=\"async\" width=\"768\" height=\"1024\" data-id=\"16790\" src=\"https:\/\/municipales.org.ar\/festram\/wp-content\/uploads\/2023\/11\/WhatsApp-Image-2023-11-29-at-18.54.16-1-768x1024.jpeg\" alt=\"\" class=\"wp-image-16790\" srcset=\"https:\/\/municipales.org.ar\/festram\/wp-content\/uploads\/2023\/11\/WhatsApp-Image-2023-11-29-at-18.54.16-1-768x1024.jpeg 768w, https:\/\/municipales.org.ar\/festram\/wp-content\/uploads\/2023\/11\/WhatsApp-Image-2023-11-29-at-18.54.16-1-225x300.jpeg 225w, https:\/\/municipales.org.ar\/festram\/wp-content\/uploads\/2023\/11\/WhatsApp-Image-2023-11-29-at-18.54.16-1-1152x1536.jpeg 1152w, https:\/\/municipales.org.ar\/festram\/wp-content\/uploads\/2023\/11\/WhatsApp-Image-2023-11-29-at-18.54.16-1.jpeg 1200w\" sizes=\"auto, (max-width: 768px) 100vw, 768px\" \/><\/figure>\n\n\n\n<figure class=\"wp-block-image size-large\"><img loading=\"lazy\" decoding=\"async\" width=\"768\" height=\"1024\" data-id=\"16793\" src=\"https:\/\/municipales.org.ar\/festram\/wp-content\/uploads\/2023\/11\/WhatsApp-Image-2023-11-29-at-18.54.16-768x1024.jpeg\" alt=\"\" class=\"wp-image-16793\" srcset=\"https:\/\/municipales.org.ar\/festram\/wp-content\/uploads\/2023\/11\/WhatsApp-Image-2023-11-29-at-18.54.16-768x1024.jpeg 768w, https:\/\/municipales.org.ar\/festram\/wp-content\/uploads\/2023\/11\/WhatsApp-Image-2023-11-29-at-18.54.16-225x300.jpeg 225w, https:\/\/municipales.org.ar\/festram\/wp-content\/uploads\/2023\/11\/WhatsApp-Image-2023-11-29-at-18.54.16-1152x1536.jpeg 1152w, https:\/\/municipales.org.ar\/festram\/wp-content\/uploads\/2023\/11\/WhatsApp-Image-2023-11-29-at-18.54.16.jpeg 1200w\" sizes=\"auto, (max-width: 768px) 100vw, 768px\" \/><\/figure>\n\n\n\n<figure class=\"wp-block-image size-large\"><img loading=\"lazy\" decoding=\"async\" width=\"768\" height=\"1024\" data-id=\"16794\" src=\"https:\/\/municipales.org.ar\/festram\/wp-content\/uploads\/2023\/11\/WhatsApp-Image-2023-11-29-at-18.54.16-2-768x1024.jpeg\" alt=\"\" class=\"wp-image-16794\" srcset=\"https:\/\/municipales.org.ar\/festram\/wp-content\/uploads\/2023\/11\/WhatsApp-Image-2023-11-29-at-18.54.16-2-768x1024.jpeg 768w, https:\/\/municipales.org.ar\/festram\/wp-content\/uploads\/2023\/11\/WhatsApp-Image-2023-11-29-at-18.54.16-2-225x300.jpeg 225w, https:\/\/municipales.org.ar\/festram\/wp-content\/uploads\/2023\/11\/WhatsApp-Image-2023-11-29-at-18.54.16-2-1152x1536.jpeg 1152w, https:\/\/municipales.org.ar\/festram\/wp-content\/uploads\/2023\/11\/WhatsApp-Image-2023-11-29-at-18.54.16-2.jpeg 1200w\" sizes=\"auto, (max-width: 768px) 100vw, 768px\" \/><\/figure>\n\n\n\n<figure class=\"wp-block-image size-large\"><img loading=\"lazy\" decoding=\"async\" width=\"768\" height=\"1024\" data-id=\"16791\" src=\"https:\/\/municipales.org.ar\/festram\/wp-content\/uploads\/2023\/11\/WhatsApp-Image-2023-11-29-at-18.54.15-768x1024.jpeg\" alt=\"\" class=\"wp-image-16791\" srcset=\"https:\/\/municipales.org.ar\/festram\/wp-content\/uploads\/2023\/11\/WhatsApp-Image-2023-11-29-at-18.54.15-768x1024.jpeg 768w, https:\/\/municipales.org.ar\/festram\/wp-content\/uploads\/2023\/11\/WhatsApp-Image-2023-11-29-at-18.54.15-225x300.jpeg 225w, https:\/\/municipales.org.ar\/festram\/wp-content\/uploads\/2023\/11\/WhatsApp-Image-2023-11-29-at-18.54.15-1152x1536.jpeg 1152w, https:\/\/municipales.org.ar\/festram\/wp-content\/uploads\/2023\/11\/WhatsApp-Image-2023-11-29-at-18.54.15.jpeg 1200w\" sizes=\"auto, (max-width: 768px) 100vw, 768px\" \/><\/figure>\n\n\n\n<figure class=\"wp-block-image size-large\"><img loading=\"lazy\" decoding=\"async\" width=\"768\" height=\"1024\" data-id=\"16792\" src=\"https:\/\/municipales.org.ar\/festram\/wp-content\/uploads\/2023\/11\/WhatsApp-Image-2023-11-29-at-18.54.17-1-768x1024.jpeg\" alt=\"\" class=\"wp-image-16792\" srcset=\"https:\/\/municipales.org.ar\/festram\/wp-content\/uploads\/2023\/11\/WhatsApp-Image-2023-11-29-at-18.54.17-1-768x1024.jpeg 768w, https:\/\/municipales.org.ar\/festram\/wp-content\/uploads\/2023\/11\/WhatsApp-Image-2023-11-29-at-18.54.17-1-225x300.jpeg 225w, https:\/\/municipales.org.ar\/festram\/wp-content\/uploads\/2023\/11\/WhatsApp-Image-2023-11-29-at-18.54.17-1.jpeg 960w\" sizes=\"auto, (max-width: 768px) 100vw, 768px\" \/><\/figure>\n\n\n\n<figure class=\"wp-block-image size-large\"><img loading=\"lazy\" decoding=\"async\" width=\"768\" height=\"1024\" data-id=\"16795\" src=\"https:\/\/municipales.org.ar\/festram\/wp-content\/uploads\/2023\/11\/WhatsApp-Image-2023-11-29-at-18.54.17-2-768x1024.jpeg\" alt=\"\" class=\"wp-image-16795\" srcset=\"https:\/\/municipales.org.ar\/festram\/wp-content\/uploads\/2023\/11\/WhatsApp-Image-2023-11-29-at-18.54.17-2-768x1024.jpeg 768w, https:\/\/municipales.org.ar\/festram\/wp-content\/uploads\/2023\/11\/WhatsApp-Image-2023-11-29-at-18.54.17-2-225x300.jpeg 225w, https:\/\/municipales.org.ar\/festram\/wp-content\/uploads\/2023\/11\/WhatsApp-Image-2023-11-29-at-18.54.17-2.jpeg 960w\" sizes=\"auto, (max-width: 768px) 100vw, 768px\" \/><\/figure>\n\n\n\n<figure class=\"wp-block-image size-large\"><img loading=\"lazy\" decoding=\"async\" width=\"768\" height=\"1024\" data-id=\"16796\" src=\"https:\/\/municipales.org.ar\/festram\/wp-content\/uploads\/2023\/11\/WhatsApp-Image-2023-11-29-at-18.54.17-768x1024.jpeg\" alt=\"\" class=\"wp-image-16796\" srcset=\"https:\/\/municipales.org.ar\/festram\/wp-content\/uploads\/2023\/11\/WhatsApp-Image-2023-11-29-at-18.54.17-768x1024.jpeg 768w, https:\/\/municipales.org.ar\/festram\/wp-content\/uploads\/2023\/11\/WhatsApp-Image-2023-11-29-at-18.54.17-225x300.jpeg 225w, https:\/\/municipales.org.ar\/festram\/wp-content\/uploads\/2023\/11\/WhatsApp-Image-2023-11-29-at-18.54.17-1152x1536.jpeg 1152w, https:\/\/municipales.org.ar\/festram\/wp-content\/uploads\/2023\/11\/WhatsApp-Image-2023-11-29-at-18.54.17.jpeg 1200w\" sizes=\"auto, (max-width: 768px) 100vw, 768px\" \/><\/figure>\n\n\n\n<figure class=\"wp-block-image size-large\"><img loading=\"lazy\" decoding=\"async\" width=\"768\" height=\"1024\" data-id=\"16797\" src=\"https:\/\/municipales.org.ar\/festram\/wp-content\/uploads\/2023\/11\/WhatsApp-Image-2023-11-29-at-18.54.18-1-768x1024.jpeg\" alt=\"\" class=\"wp-image-16797\" srcset=\"https:\/\/municipales.org.ar\/festram\/wp-content\/uploads\/2023\/11\/WhatsApp-Image-2023-11-29-at-18.54.18-1-768x1024.jpeg 768w, https:\/\/municipales.org.ar\/festram\/wp-content\/uploads\/2023\/11\/WhatsApp-Image-2023-11-29-at-18.54.18-1-225x300.jpeg 225w, https:\/\/municipales.org.ar\/festram\/wp-content\/uploads\/2023\/11\/WhatsApp-Image-2023-11-29-at-18.54.18-1.jpeg 960w\" sizes=\"auto, (max-width: 768px) 100vw, 768px\" \/><\/figure>\n\n\n\n<figure class=\"wp-block-image size-large\"><img loading=\"lazy\" decoding=\"async\" width=\"768\" height=\"1024\" data-id=\"16798\" src=\"https:\/\/municipales.org.ar\/festram\/wp-content\/uploads\/2023\/11\/WhatsApp-Image-2023-11-29-at-18.54.18-768x1024.jpeg\" alt=\"\" class=\"wp-image-16798\" srcset=\"https:\/\/municipales.org.ar\/festram\/wp-content\/uploads\/2023\/11\/WhatsApp-Image-2023-11-29-at-18.54.18-768x1024.jpeg 768w, https:\/\/municipales.org.ar\/festram\/wp-content\/uploads\/2023\/11\/WhatsApp-Image-2023-11-29-at-18.54.18-225x300.jpeg 225w, https:\/\/municipales.org.ar\/festram\/wp-content\/uploads\/2023\/11\/WhatsApp-Image-2023-11-29-at-18.54.18-1152x1536.jpeg 1152w, https:\/\/municipales.org.ar\/festram\/wp-content\/uploads\/2023\/11\/WhatsApp-Image-2023-11-29-at-18.54.18.jpeg 1200w\" sizes=\"auto, (max-width: 768px) 100vw, 768px\" \/><\/figure>\n\n\n\n<figure class=\"wp-block-image size-large\"><img loading=\"lazy\" decoding=\"async\" width=\"768\" height=\"1024\" data-id=\"16799\" src=\"https:\/\/municipales.org.ar\/festram\/wp-content\/uploads\/2023\/11\/WhatsApp-Image-2023-11-29-at-18.54.19-1-768x1024.jpeg\" alt=\"\" class=\"wp-image-16799\" srcset=\"https:\/\/municipales.org.ar\/festram\/wp-content\/uploads\/2023\/11\/WhatsApp-Image-2023-11-29-at-18.54.19-1-768x1024.jpeg 768w, https:\/\/municipales.org.ar\/festram\/wp-content\/uploads\/2023\/11\/WhatsApp-Image-2023-11-29-at-18.54.19-1-225x300.jpeg 225w, https:\/\/municipales.org.ar\/festram\/wp-content\/uploads\/2023\/11\/WhatsApp-Image-2023-11-29-at-18.54.19-1-1152x1536.jpeg 1152w, https:\/\/municipales.org.ar\/festram\/wp-content\/uploads\/2023\/11\/WhatsApp-Image-2023-11-29-at-18.54.19-1.jpeg 1200w\" sizes=\"auto, (max-width: 768px) 100vw, 768px\" \/><\/figure>\n\n\n\n<figure class=\"wp-block-image size-large\"><img loading=\"lazy\" decoding=\"async\" width=\"768\" height=\"1024\" data-id=\"16800\" src=\"https:\/\/municipales.org.ar\/festram\/wp-content\/uploads\/2023\/11\/WhatsApp-Image-2023-11-29-at-18.54.19-2-768x1024.jpeg\" alt=\"\" class=\"wp-image-16800\" srcset=\"https:\/\/municipales.org.ar\/festram\/wp-content\/uploads\/2023\/11\/WhatsApp-Image-2023-11-29-at-18.54.19-2-768x1024.jpeg 768w, https:\/\/municipales.org.ar\/festram\/wp-content\/uploads\/2023\/11\/WhatsApp-Image-2023-11-29-at-18.54.19-2-225x300.jpeg 225w, https:\/\/municipales.org.ar\/festram\/wp-content\/uploads\/2023\/11\/WhatsApp-Image-2023-11-29-at-18.54.19-2-1152x1536.jpeg 1152w, https:\/\/municipales.org.ar\/festram\/wp-content\/uploads\/2023\/11\/WhatsApp-Image-2023-11-29-at-18.54.19-2.jpeg 1200w\" sizes=\"auto, (max-width: 768px) 100vw, 768px\" \/><\/figure>\n\n\n\n<figure class=\"wp-block-image size-large\"><img loading=\"lazy\" decoding=\"async\" width=\"768\" height=\"1024\" data-id=\"16801\" src=\"https:\/\/municipales.org.ar\/festram\/wp-content\/uploads\/2023\/11\/WhatsApp-Image-2023-11-29-at-18.54.19-768x1024.jpeg\" alt=\"\" class=\"wp-image-16801\" srcset=\"https:\/\/municipales.org.ar\/festram\/wp-content\/uploads\/2023\/11\/WhatsApp-Image-2023-11-29-at-18.54.19-768x1024.jpeg 768w, https:\/\/municipales.org.ar\/festram\/wp-content\/uploads\/2023\/11\/WhatsApp-Image-2023-11-29-at-18.54.19-225x300.jpeg 225w, https:\/\/municipales.org.ar\/festram\/wp-content\/uploads\/2023\/11\/WhatsApp-Image-2023-11-29-at-18.54.19-1152x1536.jpeg 1152w, https:\/\/municipales.org.ar\/festram\/wp-content\/uploads\/2023\/11\/WhatsApp-Image-2023-11-29-at-18.54.19.jpeg 1200w\" sizes=\"auto, (max-width: 768px) 100vw, 768px\" \/><\/figure>\n\n\n\n<figure class=\"wp-block-image size-large\"><img loading=\"lazy\" decoding=\"async\" width=\"768\" height=\"1024\" data-id=\"16802\" src=\"https:\/\/municipales.org.ar\/festram\/wp-content\/uploads\/2023\/11\/WhatsApp-Image-2023-11-29-at-18.54.20-1-768x1024.jpeg\" alt=\"\" class=\"wp-image-16802\" srcset=\"https:\/\/municipales.org.ar\/festram\/wp-content\/uploads\/2023\/11\/WhatsApp-Image-2023-11-29-at-18.54.20-1-768x1024.jpeg 768w, https:\/\/municipales.org.ar\/festram\/wp-content\/uploads\/2023\/11\/WhatsApp-Image-2023-11-29-at-18.54.20-1-225x300.jpeg 225w, https:\/\/municipales.org.ar\/festram\/wp-content\/uploads\/2023\/11\/WhatsApp-Image-2023-11-29-at-18.54.20-1-1152x1536.jpeg 1152w, https:\/\/municipales.org.ar\/festram\/wp-content\/uploads\/2023\/11\/WhatsApp-Image-2023-11-29-at-18.54.20-1.jpeg 1200w\" sizes=\"auto, (max-width: 768px) 100vw, 768px\" \/><\/figure>\n\n\n\n<figure class=\"wp-block-image size-large\"><img loading=\"lazy\" decoding=\"async\" width=\"768\" height=\"1024\" data-id=\"16803\" src=\"https:\/\/municipales.org.ar\/festram\/wp-content\/uploads\/2023\/11\/WhatsApp-Image-2023-11-29-at-18.54.20-768x1024.jpeg\" alt=\"\" class=\"wp-image-16803\" srcset=\"https:\/\/municipales.org.ar\/festram\/wp-content\/uploads\/2023\/11\/WhatsApp-Image-2023-11-29-at-18.54.20-768x1024.jpeg 768w, https:\/\/municipales.org.ar\/festram\/wp-content\/uploads\/2023\/11\/WhatsApp-Image-2023-11-29-at-18.54.20-225x300.jpeg 225w, https:\/\/municipales.org.ar\/festram\/wp-content\/uploads\/2023\/11\/WhatsApp-Image-2023-11-29-at-18.54.20-1152x1536.jpeg 1152w, https:\/\/municipales.org.ar\/festram\/wp-content\/uploads\/2023\/11\/WhatsApp-Image-2023-11-29-at-18.54.20.jpeg 1200w\" sizes=\"auto, (max-width: 768px) 100vw, 768px\" \/><\/figure>\n\n\n\n<figure class=\"wp-block-image size-large\"><img loading=\"lazy\" decoding=\"async\" width=\"772\" height=\"1024\" data-id=\"16807\" src=\"https:\/\/municipales.org.ar\/festram\/wp-content\/uploads\/2023\/11\/WhatsApp-Image-2023-11-29-at-19.30.16-772x1024.jpeg\" alt=\"\" class=\"wp-image-16807\" srcset=\"https:\/\/municipales.org.ar\/festram\/wp-content\/uploads\/2023\/11\/WhatsApp-Image-2023-11-29-at-19.30.16-772x1024.jpeg 772w, https:\/\/municipales.org.ar\/festram\/wp-content\/uploads\/2023\/11\/WhatsApp-Image-2023-11-29-at-19.30.16-226x300.jpeg 226w, https:\/\/municipales.org.ar\/festram\/wp-content\/uploads\/2023\/11\/WhatsApp-Image-2023-11-29-at-19.30.16-768x1019.jpeg 768w, https:\/\/municipales.org.ar\/festram\/wp-content\/uploads\/2023\/11\/WhatsApp-Image-2023-11-29-at-19.30.16.jpeg 965w\" sizes=\"auto, (max-width: 772px) 100vw, 772px\" \/><\/figure>\n\n\n\n<figure class=\"wp-block-image size-large\"><img loading=\"lazy\" decoding=\"async\" width=\"768\" height=\"1024\" data-id=\"16808\" src=\"https:\/\/municipales.org.ar\/festram\/wp-content\/uploads\/2023\/11\/WhatsApp-Image-2023-11-29-at-19.30.18-1-768x1024.jpeg\" alt=\"\" class=\"wp-image-16808\" srcset=\"https:\/\/municipales.org.ar\/festram\/wp-content\/uploads\/2023\/11\/WhatsApp-Image-2023-11-29-at-19.30.18-1-768x1024.jpeg 768w, https:\/\/municipales.org.ar\/festram\/wp-content\/uploads\/2023\/11\/WhatsApp-Image-2023-11-29-at-19.30.18-1-225x300.jpeg 225w, https:\/\/municipales.org.ar\/festram\/wp-content\/uploads\/2023\/11\/WhatsApp-Image-2023-11-29-at-19.30.18-1.jpeg 960w\" sizes=\"auto, (max-width: 768px) 100vw, 768px\" \/><\/figure>\n\n\n\n<figure class=\"wp-block-image size-large\"><img loading=\"lazy\" decoding=\"async\" width=\"768\" height=\"1024\" data-id=\"16809\" src=\"https:\/\/municipales.org.ar\/festram\/wp-content\/uploads\/2023\/11\/WhatsApp-Image-2023-11-29-at-19.30.18-2-768x1024.jpeg\" alt=\"\" class=\"wp-image-16809\" srcset=\"https:\/\/municipales.org.ar\/festram\/wp-content\/uploads\/2023\/11\/WhatsApp-Image-2023-11-29-at-19.30.18-2-768x1024.jpeg 768w, https:\/\/municipales.org.ar\/festram\/wp-content\/uploads\/2023\/11\/WhatsApp-Image-2023-11-29-at-19.30.18-2-225x300.jpeg 225w, https:\/\/municipales.org.ar\/festram\/wp-content\/uploads\/2023\/11\/WhatsApp-Image-2023-11-29-at-19.30.18-2.jpeg 960w\" sizes=\"auto, (max-width: 768px) 100vw, 768px\" \/><\/figure>\n\n\n\n<figure class=\"wp-block-image size-large\"><img loading=\"lazy\" decoding=\"async\" width=\"1024\" height=\"768\" data-id=\"16810\" src=\"https:\/\/municipales.org.ar\/festram\/wp-content\/uploads\/2023\/11\/WhatsApp-Image-2023-11-29-at-19.31.10-1-1024x768.jpeg\" alt=\"\" class=\"wp-image-16810\" srcset=\"https:\/\/municipales.org.ar\/festram\/wp-content\/uploads\/2023\/11\/WhatsApp-Image-2023-11-29-at-19.31.10-1-1024x768.jpeg 1024w, https:\/\/municipales.org.ar\/festram\/wp-content\/uploads\/2023\/11\/WhatsApp-Image-2023-11-29-at-19.31.10-1-300x225.jpeg 300w, https:\/\/municipales.org.ar\/festram\/wp-content\/uploads\/2023\/11\/WhatsApp-Image-2023-11-29-at-19.31.10-1-768x576.jpeg 768w, https:\/\/municipales.org.ar\/festram\/wp-content\/uploads\/2023\/11\/WhatsApp-Image-2023-11-29-at-19.31.10-1-1536x1152.jpeg 1536w, https:\/\/municipales.org.ar\/festram\/wp-content\/uploads\/2023\/11\/WhatsApp-Image-2023-11-29-at-19.31.10-1.jpeg 1600w\" sizes=\"auto, (max-width: 1024px) 100vw, 1024px\" \/><\/figure>\n\n\n\n<figure class=\"wp-block-image size-large\"><img loading=\"lazy\" decoding=\"async\" width=\"1024\" height=\"768\" data-id=\"16811\" src=\"https:\/\/municipales.org.ar\/festram\/wp-content\/uploads\/2023\/11\/WhatsApp-Image-2023-11-29-at-19.31.10-2-1024x768.jpeg\" alt=\"\" class=\"wp-image-16811\" srcset=\"https:\/\/municipales.org.ar\/festram\/wp-content\/uploads\/2023\/11\/WhatsApp-Image-2023-11-29-at-19.31.10-2-1024x768.jpeg 1024w, https:\/\/municipales.org.ar\/festram\/wp-content\/uploads\/2023\/11\/WhatsApp-Image-2023-11-29-at-19.31.10-2-300x225.jpeg 300w, https:\/\/municipales.org.ar\/festram\/wp-content\/uploads\/2023\/11\/WhatsApp-Image-2023-11-29-at-19.31.10-2-768x576.jpeg 768w, https:\/\/municipales.org.ar\/festram\/wp-content\/uploads\/2023\/11\/WhatsApp-Image-2023-11-29-at-19.31.10-2-1536x1152.jpeg 1536w, https:\/\/municipales.org.ar\/festram\/wp-content\/uploads\/2023\/11\/WhatsApp-Image-2023-11-29-at-19.31.10-2.jpeg 1600w\" sizes=\"auto, (max-width: 1024px) 100vw, 1024px\" \/><\/figure>\n\n\n\n<figure class=\"wp-block-image size-large\"><img loading=\"lazy\" decoding=\"async\" width=\"1024\" height=\"768\" data-id=\"16812\" src=\"https:\/\/municipales.org.ar\/festram\/wp-content\/uploads\/2023\/11\/WhatsApp-Image-2023-11-29-at-19.31.11-1024x768.jpeg\" alt=\"\" class=\"wp-image-16812\" srcset=\"https:\/\/municipales.org.ar\/festram\/wp-content\/uploads\/2023\/11\/WhatsApp-Image-2023-11-29-at-19.31.11-1024x768.jpeg 1024w, https:\/\/municipales.org.ar\/festram\/wp-content\/uploads\/2023\/11\/WhatsApp-Image-2023-11-29-at-19.31.11-300x225.jpeg 300w, https:\/\/municipales.org.ar\/festram\/wp-content\/uploads\/2023\/11\/WhatsApp-Image-2023-11-29-at-19.31.11-768x576.jpeg 768w, https:\/\/municipales.org.ar\/festram\/wp-content\/uploads\/2023\/11\/WhatsApp-Image-2023-11-29-at-19.31.11-1536x1152.jpeg 1536w, https:\/\/municipales.org.ar\/festram\/wp-content\/uploads\/2023\/11\/WhatsApp-Image-2023-11-29-at-19.31.11.jpeg 1600w\" sizes=\"auto, (max-width: 1024px) 100vw, 1024px\" \/><\/figure>\n<\/figure>\n\n\n\n<p><br>Despu\u00e9s de un amplio debate y clara postura de los representantes de los trabajadores en defensa de los salarios, la Mesa Paritaria dej\u00f3 establecida una reuni\u00f3n para el mes de Febrero del 2024 donde ser\u00e1 considerada la inflaci\u00f3n acumulada durante el corriente a\u00f1o a los fines de resolver y cerrar la pol\u00edtica salarial 2023.<\/p>\n\n\n\n<h6 class=\"wp-block-heading\">Prensa FESTRAM<\/h6>\n","protected":false},"excerpt":{"rendered":"<p>Los representantes de Intendentes y Presidentes Comunales y FESTRAM lograron un acuerdo en la Mesa de Negociaci\u00f3n Paritaria, Ley 9996.<\/p>\n","protected":false},"author":1,"featured_media":16804,"comment_status":"closed","ping_status":"closed","sticky":false,"template":"","format":"standard","meta":{"_jetpack_memberships_contains_paid_content":false,"footnotes":"","jetpack_publicize_message":"","jetpack_publicize_feature_enabled":true,"jetpack_social_post_already_shared":true,"jetpack_social_options":{"image_generator_settings":{"template":"highway","default_image_id":0,"font":"","enabled":false},"version":2}},"categories":[247,59],"tags":[68,109,41,69],"class_list":["post-16789","post","type-post","status-publish","format-standard","has-post-thumbnail","hentry","category-comunicados-2023","category-salarios-y-paritarias","tag-economia-provincial","tag-la-provincia","tag-paritaria","tag-politica-salarial"],"yoast_head":"<!-- This site is optimized with the Yoast SEO plugin v25.9 - https:\/\/yoast.com\/wordpress\/plugins\/seo\/ -->\n<title>Acuerdo Salarial en la Mesa Paritaria Municipal &#8211; FESTRAM<\/title>\n<meta name=\"description\" content=\"Los representantes de Intendentes y Presidentes Comunales y FESTRAM lograron un acuerdo en la Mesa de Negociaci\u00f3n Paritaria, Ley 9996.\" \/>\n<meta name=\"robots\" content=\"index, follow, max-snippet:-1, max-image-preview:large, max-video-preview:-1\" \/>\n<link rel=\"canonical\" href=\"https:\/\/municipales.org.ar\/festram\/acuerdo-salarial-en-la-mesa-paritaria-municipal\/\" \/>\n<meta property=\"og:locale\" content=\"es_ES\" \/>\n<meta property=\"og:type\" content=\"article\" \/>\n<meta property=\"og:title\" content=\"Acuerdo Salarial en la Mesa Paritaria Municipal &#8211; FESTRAM\" \/>\n<meta property=\"og:description\" content=\"Los representantes de Intendentes y Presidentes Comunales y FESTRAM lograron un acuerdo en la Mesa de Negociaci\u00f3n Paritaria, Ley 9996.\" \/>\n<meta property=\"og:url\" content=\"https:\/\/municipales.org.ar\/festram\/acuerdo-salarial-en-la-mesa-paritaria-municipal\/\" \/>\n<meta property=\"og:site_name\" content=\"FESTRAM\" \/>\n<meta property=\"article:publisher\" content=\"https:\/\/www.facebook.com\/MunicipalesSF\" \/>\n<meta property=\"article:published_time\" content=\"2023-11-29T22:08:22+00:00\" \/>\n<meta property=\"article:modified_time\" content=\"2023-12-18T13:21:04+00:00\" \/>\n<meta property=\"og:image\" content=\"https:\/\/municipales.org.ar\/festram\/wp-content\/uploads\/2023\/11\/DSC3931.jpg\" \/>\n\t<meta property=\"og:image:width\" content=\"2500\" \/>\n\t<meta property=\"og:image:height\" content=\"1667\" \/>\n\t<meta property=\"og:image:type\" content=\"image\/jpeg\" \/>\n<meta name=\"author\" content=\"mun_admin\" \/>\n<meta name=\"twitter:card\" content=\"summary_large_image\" \/>\n<meta name=\"twitter:creator\" content=\"@MunicipalesSF\" \/>\n<meta name=\"twitter:site\" content=\"@MunicipalesSF\" \/>\n<meta name=\"twitter:label1\" content=\"Escrito por\" \/>\n\t<meta name=\"twitter:data1\" content=\"mun_admin\" \/>\n\t<meta name=\"twitter:label2\" content=\"Tiempo de lectura\" \/>\n\t<meta name=\"twitter:data2\" content=\"5 minutos\" \/>\n<script type=\"application\/ld+json\" class=\"yoast-schema-graph\">{\"@context\":\"https:\/\/schema.org\",\"@graph\":[{\"@type\":\"Article\",\"@id\":\"https:\/\/municipales.org.ar\/festram\/acuerdo-salarial-en-la-mesa-paritaria-municipal\/#article\",\"isPartOf\":{\"@id\":\"https:\/\/municipales.org.ar\/festram\/acuerdo-salarial-en-la-mesa-paritaria-municipal\/\"},\"author\":{\"name\":\"mun_admin\",\"@id\":\"https:\/\/municipales.org.ar\/festram\/#\/schema\/person\/49096a774c48ce9063df4d59ec059f9e\"},\"headline\":\"Acuerdo Salarial en la Mesa Paritaria Municipal\",\"datePublished\":\"2023-11-29T22:08:22+00:00\",\"dateModified\":\"2023-12-18T13:21:04+00:00\",\"mainEntityOfPage\":{\"@id\":\"https:\/\/municipales.org.ar\/festram\/acuerdo-salarial-en-la-mesa-paritaria-municipal\/\"},\"wordCount\":197,\"publisher\":{\"@id\":\"https:\/\/municipales.org.ar\/festram\/#organization\"},\"image\":{\"@id\":\"https:\/\/municipales.org.ar\/festram\/acuerdo-salarial-en-la-mesa-paritaria-municipal\/#primaryimage\"},\"thumbnailUrl\":\"https:\/\/municipales.org.ar\/festram\/wp-content\/uploads\/2023\/11\/DSC3931.jpg\",\"keywords\":[\"econom\u00eda provincial\",\"la provincia\",\"paritaria\",\"pol\u00edtica salarial\"],\"articleSection\":[\"Comunicados 2023\",\"Salarios y Paritarias\"],\"inLanguage\":\"es\"},{\"@type\":\"WebPage\",\"@id\":\"https:\/\/municipales.org.ar\/festram\/acuerdo-salarial-en-la-mesa-paritaria-municipal\/\",\"url\":\"https:\/\/municipales.org.ar\/festram\/acuerdo-salarial-en-la-mesa-paritaria-municipal\/\",\"name\":\"Acuerdo Salarial en la Mesa Paritaria Municipal &#8211; FESTRAM\",\"isPartOf\":{\"@id\":\"https:\/\/municipales.org.ar\/festram\/#website\"},\"primaryImageOfPage\":{\"@id\":\"https:\/\/municipales.org.ar\/festram\/acuerdo-salarial-en-la-mesa-paritaria-municipal\/#primaryimage\"},\"image\":{\"@id\":\"https:\/\/municipales.org.ar\/festram\/acuerdo-salarial-en-la-mesa-paritaria-municipal\/#primaryimage\"},\"thumbnailUrl\":\"https:\/\/municipales.org.ar\/festram\/wp-content\/uploads\/2023\/11\/DSC3931.jpg\",\"datePublished\":\"2023-11-29T22:08:22+00:00\",\"dateModified\":\"2023-12-18T13:21:04+00:00\",\"description\":\"Los representantes de Intendentes y Presidentes Comunales y FESTRAM lograron un acuerdo en la Mesa de Negociaci\u00f3n Paritaria, Ley 9996.\",\"breadcrumb\":{\"@id\":\"https:\/\/municipales.org.ar\/festram\/acuerdo-salarial-en-la-mesa-paritaria-municipal\/#breadcrumb\"},\"inLanguage\":\"es\",\"potentialAction\":[{\"@type\":\"ReadAction\",\"target\":[\"https:\/\/municipales.org.ar\/festram\/acuerdo-salarial-en-la-mesa-paritaria-municipal\/\"]}]},{\"@type\":\"ImageObject\",\"inLanguage\":\"es\",\"@id\":\"https:\/\/municipales.org.ar\/festram\/acuerdo-salarial-en-la-mesa-paritaria-municipal\/#primaryimage\",\"url\":\"https:\/\/municipales.org.ar\/festram\/wp-content\/uploads\/2023\/11\/DSC3931.jpg\",\"contentUrl\":\"https:\/\/municipales.org.ar\/festram\/wp-content\/uploads\/2023\/11\/DSC3931.jpg\",\"width\":2500,\"height\":1667},{\"@type\":\"BreadcrumbList\",\"@id\":\"https:\/\/municipales.org.ar\/festram\/acuerdo-salarial-en-la-mesa-paritaria-municipal\/#breadcrumb\",\"itemListElement\":[{\"@type\":\"ListItem\",\"position\":1,\"name\":\"Portada\",\"item\":\"https:\/\/municipales.org.ar\/festram\/\"},{\"@type\":\"ListItem\",\"position\":2,\"name\":\"Acuerdo Salarial en la Mesa Paritaria Municipal\"}]},{\"@type\":\"WebSite\",\"@id\":\"https:\/\/municipales.org.ar\/festram\/#website\",\"url\":\"https:\/\/municipales.org.ar\/festram\/\",\"name\":\"FESTRAM\",\"description\":\"La web de los trabajadores municipales\",\"publisher\":{\"@id\":\"https:\/\/municipales.org.ar\/festram\/#organization\"},\"potentialAction\":[{\"@type\":\"SearchAction\",\"target\":{\"@type\":\"EntryPoint\",\"urlTemplate\":\"https:\/\/municipales.org.ar\/festram\/?s={search_term_string}\"},\"query-input\":{\"@type\":\"PropertyValueSpecification\",\"valueRequired\":true,\"valueName\":\"search_term_string\"}}],\"inLanguage\":\"es\"},{\"@type\":\"Organization\",\"@id\":\"https:\/\/municipales.org.ar\/festram\/#organization\",\"name\":\"Federaci\u00f3n de Sindicatos de Trabajadores Municipales de la Provincia de Santa Fe\",\"url\":\"https:\/\/municipales.org.ar\/festram\/\",\"logo\":{\"@type\":\"ImageObject\",\"inLanguage\":\"es\",\"@id\":\"https:\/\/municipales.org.ar\/festram\/#\/schema\/logo\/image\/\",\"url\":\"https:\/\/www.municipales.org.ar\/festram\/wp-content\/uploads\/2014\/07\/logo_fes.jpg\",\"contentUrl\":\"https:\/\/www.municipales.org.ar\/festram\/wp-content\/uploads\/2014\/07\/logo_fes.jpg\",\"width\":661,\"height\":673,\"caption\":\"Federaci\u00f3n de Sindicatos de Trabajadores Municipales de la Provincia de Santa Fe\"},\"image\":{\"@id\":\"https:\/\/municipales.org.ar\/festram\/#\/schema\/logo\/image\/\"},\"sameAs\":[\"https:\/\/www.facebook.com\/MunicipalesSF\",\"https:\/\/x.com\/MunicipalesSF\",\"https:\/\/www.youtube.com\/user\/festram\"]},{\"@type\":\"Person\",\"@id\":\"https:\/\/municipales.org.ar\/festram\/#\/schema\/person\/49096a774c48ce9063df4d59ec059f9e\",\"name\":\"mun_admin\"}]}<\/script>\n<!-- \/ Yoast SEO plugin. -->","yoast_head_json":{"title":"Acuerdo Salarial en la Mesa Paritaria Municipal &#8211; FESTRAM","description":"Los representantes de Intendentes y Presidentes Comunales y FESTRAM lograron un acuerdo en la Mesa de Negociaci\u00f3n Paritaria, Ley 9996.","robots":{"index":"index","follow":"follow","max-snippet":"max-snippet:-1","max-image-preview":"max-image-preview:large","max-video-preview":"max-video-preview:-1"},"canonical":"https:\/\/municipales.org.ar\/festram\/acuerdo-salarial-en-la-mesa-paritaria-municipal\/","og_locale":"es_ES","og_type":"article","og_title":"Acuerdo Salarial en la Mesa Paritaria Municipal &#8211; FESTRAM","og_description":"Los representantes de Intendentes y Presidentes Comunales y FESTRAM lograron un acuerdo en la Mesa de Negociaci\u00f3n Paritaria, Ley 9996.","og_url":"https:\/\/municipales.org.ar\/festram\/acuerdo-salarial-en-la-mesa-paritaria-municipal\/","og_site_name":"FESTRAM","article_publisher":"https:\/\/www.facebook.com\/MunicipalesSF","article_published_time":"2023-11-29T22:08:22+00:00","article_modified_time":"2023-12-18T13:21:04+00:00","og_image":[{"width":2500,"height":1667,"url":"https:\/\/municipales.org.ar\/festram\/wp-content\/uploads\/2023\/11\/DSC3931.jpg","type":"image\/jpeg"}],"author":"mun_admin","twitter_card":"summary_large_image","twitter_creator":"@MunicipalesSF","twitter_site":"@MunicipalesSF","twitter_misc":{"Escrito por":"mun_admin","Tiempo de lectura":"5 minutos"},"schema":{"@context":"https:\/\/schema.org","@graph":[{"@type":"Article","@id":"https:\/\/municipales.org.ar\/festram\/acuerdo-salarial-en-la-mesa-paritaria-municipal\/#article","isPartOf":{"@id":"https:\/\/municipales.org.ar\/festram\/acuerdo-salarial-en-la-mesa-paritaria-municipal\/"},"author":{"name":"mun_admin","@id":"https:\/\/municipales.org.ar\/festram\/#\/schema\/person\/49096a774c48ce9063df4d59ec059f9e"},"headline":"Acuerdo Salarial en la Mesa Paritaria Municipal","datePublished":"2023-11-29T22:08:22+00:00","dateModified":"2023-12-18T13:21:04+00:00","mainEntityOfPage":{"@id":"https:\/\/municipales.org.ar\/festram\/acuerdo-salarial-en-la-mesa-paritaria-municipal\/"},"wordCount":197,"publisher":{"@id":"https:\/\/municipales.org.ar\/festram\/#organization"},"image":{"@id":"https:\/\/municipales.org.ar\/festram\/acuerdo-salarial-en-la-mesa-paritaria-municipal\/#primaryimage"},"thumbnailUrl":"https:\/\/municipales.org.ar\/festram\/wp-content\/uploads\/2023\/11\/DSC3931.jpg","keywords":["econom\u00eda provincial","la provincia","paritaria","pol\u00edtica salarial"],"articleSection":["Comunicados 2023","Salarios y Paritarias"],"inLanguage":"es"},{"@type":"WebPage","@id":"https:\/\/municipales.org.ar\/festram\/acuerdo-salarial-en-la-mesa-paritaria-municipal\/","url":"https:\/\/municipales.org.ar\/festram\/acuerdo-salarial-en-la-mesa-paritaria-municipal\/","name":"Acuerdo Salarial en la Mesa Paritaria Municipal &#8211; FESTRAM","isPartOf":{"@id":"https:\/\/municipales.org.ar\/festram\/#website"},"primaryImageOfPage":{"@id":"https:\/\/municipales.org.ar\/festram\/acuerdo-salarial-en-la-mesa-paritaria-municipal\/#primaryimage"},"image":{"@id":"https:\/\/municipales.org.ar\/festram\/acuerdo-salarial-en-la-mesa-paritaria-municipal\/#primaryimage"},"thumbnailUrl":"https:\/\/municipales.org.ar\/festram\/wp-content\/uploads\/2023\/11\/DSC3931.jpg","datePublished":"2023-11-29T22:08:22+00:00","dateModified":"2023-12-18T13:21:04+00:00","description":"Los representantes de Intendentes y Presidentes Comunales y FESTRAM lograron un acuerdo en la Mesa de Negociaci\u00f3n Paritaria, Ley 9996.","breadcrumb":{"@id":"https:\/\/municipales.org.ar\/festram\/acuerdo-salarial-en-la-mesa-paritaria-municipal\/#breadcrumb"},"inLanguage":"es","potentialAction":[{"@type":"ReadAction","target":["https:\/\/municipales.org.ar\/festram\/acuerdo-salarial-en-la-mesa-paritaria-municipal\/"]}]},{"@type":"ImageObject","inLanguage":"es","@id":"https:\/\/municipales.org.ar\/festram\/acuerdo-salarial-en-la-mesa-paritaria-municipal\/#primaryimage","url":"https:\/\/municipales.org.ar\/festram\/wp-content\/uploads\/2023\/11\/DSC3931.jpg","contentUrl":"https:\/\/municipales.org.ar\/festram\/wp-content\/uploads\/2023\/11\/DSC3931.jpg","width":2500,"height":1667},{"@type":"BreadcrumbList","@id":"https:\/\/municipales.org.ar\/festram\/acuerdo-salarial-en-la-mesa-paritaria-municipal\/#breadcrumb","itemListElement":[{"@type":"ListItem","position":1,"name":"Portada","item":"https:\/\/municipales.org.ar\/festram\/"},{"@type":"ListItem","position":2,"name":"Acuerdo Salarial en la Mesa Paritaria Municipal"}]},{"@type":"WebSite","@id":"https:\/\/municipales.org.ar\/festram\/#website","url":"https:\/\/municipales.org.ar\/festram\/","name":"FESTRAM","description":"La web de los trabajadores municipales","publisher":{"@id":"https:\/\/municipales.org.ar\/festram\/#organization"},"potentialAction":[{"@type":"SearchAction","target":{"@type":"EntryPoint","urlTemplate":"https:\/\/municipales.org.ar\/festram\/?s={search_term_string}"},"query-input":{"@type":"PropertyValueSpecification","valueRequired":true,"valueName":"search_term_string"}}],"inLanguage":"es"},{"@type":"Organization","@id":"https:\/\/municipales.org.ar\/festram\/#organization","name":"Federaci\u00f3n de Sindicatos de Trabajadores Municipales de la Provincia de Santa Fe","url":"https:\/\/municipales.org.ar\/festram\/","logo":{"@type":"ImageObject","inLanguage":"es","@id":"https:\/\/municipales.org.ar\/festram\/#\/schema\/logo\/image\/","url":"https:\/\/www.municipales.org.ar\/festram\/wp-content\/uploads\/2014\/07\/logo_fes.jpg","contentUrl":"https:\/\/www.municipales.org.ar\/festram\/wp-content\/uploads\/2014\/07\/logo_fes.jpg","width":661,"height":673,"caption":"Federaci\u00f3n de Sindicatos de Trabajadores Municipales de la Provincia de Santa Fe"},"image":{"@id":"https:\/\/municipales.org.ar\/festram\/#\/schema\/logo\/image\/"},"sameAs":["https:\/\/www.facebook.com\/MunicipalesSF","https:\/\/x.com\/MunicipalesSF","https:\/\/www.youtube.com\/user\/festram"]},{"@type":"Person","@id":"https:\/\/municipales.org.ar\/festram\/#\/schema\/person\/49096a774c48ce9063df4d59ec059f9e","name":"mun_admin"}]}},"jetpack_publicize_connections":[],"jetpack_featured_media_url":"https:\/\/municipales.org.ar\/festram\/wp-content\/uploads\/2023\/11\/DSC3931.jpg","jetpack_sharing_enabled":true,"jetpack_likes_enabled":false,"jetpack_shortlink":"https:\/\/wp.me\/p7l4x1-4mN","_links":{"self":[{"href":"https:\/\/municipales.org.ar\/festram\/wp-json\/wp\/v2\/posts\/16789","targetHints":{"allow":["GET"]}}],"collection":[{"href":"https:\/\/municipales.org.ar\/festram\/wp-json\/wp\/v2\/posts"}],"about":[{"href":"https:\/\/municipales.org.ar\/festram\/wp-json\/wp\/v2\/types\/post"}],"author":[{"embeddable":true,"href":"https:\/\/municipales.org.ar\/festram\/wp-json\/wp\/v2\/users\/1"}],"replies":[{"embeddable":true,"href":"https:\/\/municipales.org.ar\/festram\/wp-json\/wp\/v2\/comments?post=16789"}],"version-history":[{"count":3,"href":"https:\/\/municipales.org.ar\/festram\/wp-json\/wp\/v2\/posts\/16789\/revisions"}],"predecessor-version":[{"id":16822,"href":"https:\/\/municipales.org.ar\/festram\/wp-json\/wp\/v2\/posts\/16789\/revisions\/16822"}],"wp:featuredmedia":[{"embeddable":true,"href":"https:\/\/municipales.org.ar\/festram\/wp-json\/wp\/v2\/media\/16804"}],"wp:attachment":[{"href":"https:\/\/municipales.org.ar\/festram\/wp-json\/wp\/v2\/media?parent=16789"}],"wp:term":[{"taxonomy":"category","embeddable":true,"href":"https:\/\/municipales.org.ar\/festram\/wp-json\/wp\/v2\/categories?post=16789"},{"taxonomy":"post_tag","embeddable":true,"href":"https:\/\/municipales.org.ar\/festram\/wp-json\/wp\/v2\/tags?post=16789"}],"curies":[{"name":"wp","href":"https:\/\/api.w.org\/{rel}","templated":true}]}}