{"id":16851,"date":"2023-12-19T12:03:30","date_gmt":"2023-12-19T15:03:30","guid":{"rendered":"https:\/\/municipales.org.ar\/festram\/?p=16851"},"modified":"2023-12-19T12:03:35","modified_gmt":"2023-12-19T15:03:35","slug":"baldosa-del-proyecto-memorias-urbanas-feministas","status":"publish","type":"post","link":"https:\/\/municipales.org.ar\/festram\/baldosa-del-proyecto-memorias-urbanas-feministas\/","title":{"rendered":"\u201cBaldosa del Proyecto Memorias Urbanas Feministas\u201d"},"content":{"rendered":"\n<h2 class=\"wp-block-heading\">FESTRAM particip\u00f3 de la colocaci\u00f3n de la novena y d\u00e9cima \u201cBaldosa del Proyecto Memorias Urbanas Feministas\u201d. En Chacabuco 1246 de la Ciudad de Santa Fe, donde a principios de la d\u00e9cada de 1950 funcionara la Seccional 5ta. de Unidades B\u00e1sicas Femeninas Peronistas, se coloc\u00f3 la Novena\u00a0\u00a0Baldosa que recuerda a esas mujeres que salieron por primera vez de su casa para formarse laboralmente, sociabilizarse pol\u00edticamente y empoderarse en su condici\u00f3n de ciudadanas.\u00a0<\/h2>\n\n\n\n<p>Natalia Carabajal de la Red Interbarrial de Mujeres y Julia Pesaresi, dos generaciones de mujeres peronistas, herederas de aquellas que hace 70 a\u00f1os tuvieron entre otras tareas, la misi\u00f3n de censar para la confecci\u00f3n del padr\u00f3n electoral, se refirieron a las tareas que llevan adelante en el territorio recogiendo las banderas hist\u00f3ricas de aquellas entra\u00f1ables pioneras.<\/p>\n\n\n\n<p>La agenda continu\u00f3 el 7 de diciembre con la inauguraci\u00f3n de la d\u00e9cima Baldosa que record\u00f3 a las Sindicalistas, entre otras a la compa\u00f1era Marta Rodr\u00edguez, primera Secretaria General de la Central de Trabajadores Argentinos de la Provincia de Santa Fe \u2013 CTA-\u00a0\u00a0y se realiz\u00f3 en el Ministerio de Trabajo.\u00a0<\/p>\n\n\n\n<figure class=\"wp-block-gallery has-nested-images columns-default is-cropped wp-block-gallery-1 is-layout-flex wp-block-gallery-is-layout-flex\">\n<figure class=\"wp-block-image size-large\"><img loading=\"lazy\" decoding=\"async\" width=\"1024\" height=\"768\" data-id=\"16852\" src=\"https:\/\/municipales.org.ar\/festram\/wp-content\/uploads\/2023\/12\/PHOTO-2023-12-04-13-08-48-1-1024x768.jpg\" alt=\"\" class=\"wp-image-16852\" srcset=\"https:\/\/municipales.org.ar\/festram\/wp-content\/uploads\/2023\/12\/PHOTO-2023-12-04-13-08-48-1-1024x768.jpg 1024w, https:\/\/municipales.org.ar\/festram\/wp-content\/uploads\/2023\/12\/PHOTO-2023-12-04-13-08-48-1-300x225.jpg 300w, https:\/\/municipales.org.ar\/festram\/wp-content\/uploads\/2023\/12\/PHOTO-2023-12-04-13-08-48-1-768x576.jpg 768w, https:\/\/municipales.org.ar\/festram\/wp-content\/uploads\/2023\/12\/PHOTO-2023-12-04-13-08-48-1-1536x1152.jpg 1536w, https:\/\/municipales.org.ar\/festram\/wp-content\/uploads\/2023\/12\/PHOTO-2023-12-04-13-08-48-1.jpg 1600w\" sizes=\"auto, (max-width: 1024px) 100vw, 1024px\" \/><\/figure>\n\n\n\n<figure class=\"wp-block-image size-large\"><img loading=\"lazy\" decoding=\"async\" width=\"1024\" height=\"584\" data-id=\"16853\" src=\"https:\/\/municipales.org.ar\/festram\/wp-content\/uploads\/2023\/12\/PHOTO-2023-12-04-13-08-48-1024x584.jpg\" alt=\"\" class=\"wp-image-16853\" srcset=\"https:\/\/municipales.org.ar\/festram\/wp-content\/uploads\/2023\/12\/PHOTO-2023-12-04-13-08-48-1024x584.jpg 1024w, https:\/\/municipales.org.ar\/festram\/wp-content\/uploads\/2023\/12\/PHOTO-2023-12-04-13-08-48-300x171.jpg 300w, https:\/\/municipales.org.ar\/festram\/wp-content\/uploads\/2023\/12\/PHOTO-2023-12-04-13-08-48-768x438.jpg 768w, https:\/\/municipales.org.ar\/festram\/wp-content\/uploads\/2023\/12\/PHOTO-2023-12-04-13-08-48-1536x876.jpg 1536w, https:\/\/municipales.org.ar\/festram\/wp-content\/uploads\/2023\/12\/PHOTO-2023-12-04-13-08-48.jpg 1600w\" sizes=\"auto, (max-width: 1024px) 100vw, 1024px\" \/><\/figure>\n\n\n\n<figure class=\"wp-block-image size-large\"><img loading=\"lazy\" decoding=\"async\" width=\"768\" height=\"1024\" data-id=\"16856\" src=\"https:\/\/municipales.org.ar\/festram\/wp-content\/uploads\/2023\/12\/PHOTO-2023-12-04-13-08-49-1-768x1024.jpg\" alt=\"\" class=\"wp-image-16856\" srcset=\"https:\/\/municipales.org.ar\/festram\/wp-content\/uploads\/2023\/12\/PHOTO-2023-12-04-13-08-49-1-768x1024.jpg 768w, https:\/\/municipales.org.ar\/festram\/wp-content\/uploads\/2023\/12\/PHOTO-2023-12-04-13-08-49-1-225x300.jpg 225w, https:\/\/municipales.org.ar\/festram\/wp-content\/uploads\/2023\/12\/PHOTO-2023-12-04-13-08-49-1-1152x1536.jpg 1152w, https:\/\/municipales.org.ar\/festram\/wp-content\/uploads\/2023\/12\/PHOTO-2023-12-04-13-08-49-1.jpg 1200w\" sizes=\"auto, (max-width: 768px) 100vw, 768px\" \/><\/figure>\n\n\n\n<figure class=\"wp-block-image size-large\"><img loading=\"lazy\" decoding=\"async\" width=\"819\" height=\"1024\" data-id=\"16855\" src=\"https:\/\/municipales.org.ar\/festram\/wp-content\/uploads\/2023\/12\/PHOTO-2023-12-13-12-04-56-819x1024.jpg\" alt=\"\" class=\"wp-image-16855\" srcset=\"https:\/\/municipales.org.ar\/festram\/wp-content\/uploads\/2023\/12\/PHOTO-2023-12-13-12-04-56-819x1024.jpg 819w, https:\/\/municipales.org.ar\/festram\/wp-content\/uploads\/2023\/12\/PHOTO-2023-12-13-12-04-56-240x300.jpg 240w, https:\/\/municipales.org.ar\/festram\/wp-content\/uploads\/2023\/12\/PHOTO-2023-12-13-12-04-56-768x960.jpg 768w, https:\/\/municipales.org.ar\/festram\/wp-content\/uploads\/2023\/12\/PHOTO-2023-12-13-12-04-56.jpg 1080w\" sizes=\"auto, (max-width: 819px) 100vw, 819px\" \/><\/figure>\n\n\n\n<figure class=\"wp-block-image size-large\"><img loading=\"lazy\" decoding=\"async\" width=\"768\" height=\"1024\" data-id=\"16854\" src=\"https:\/\/municipales.org.ar\/festram\/wp-content\/uploads\/2023\/12\/PHOTO-2023-12-15-10-17-20-768x1024.jpg\" alt=\"\" class=\"wp-image-16854\" srcset=\"https:\/\/municipales.org.ar\/festram\/wp-content\/uploads\/2023\/12\/PHOTO-2023-12-15-10-17-20-768x1024.jpg 768w, https:\/\/municipales.org.ar\/festram\/wp-content\/uploads\/2023\/12\/PHOTO-2023-12-15-10-17-20-225x300.jpg 225w, https:\/\/municipales.org.ar\/festram\/wp-content\/uploads\/2023\/12\/PHOTO-2023-12-15-10-17-20.jpg 960w\" sizes=\"auto, (max-width: 768px) 100vw, 768px\" \/><\/figure>\n\n\n\n<figure class=\"wp-block-image size-large\"><img loading=\"lazy\" decoding=\"async\" width=\"1024\" height=\"768\" data-id=\"16857\" src=\"https:\/\/municipales.org.ar\/festram\/wp-content\/uploads\/2023\/12\/PHOTO-2023-12-15-10-18-21-1024x768.jpg\" alt=\"\" class=\"wp-image-16857\" srcset=\"https:\/\/municipales.org.ar\/festram\/wp-content\/uploads\/2023\/12\/PHOTO-2023-12-15-10-18-21-1024x768.jpg 1024w, https:\/\/municipales.org.ar\/festram\/wp-content\/uploads\/2023\/12\/PHOTO-2023-12-15-10-18-21-300x225.jpg 300w, https:\/\/municipales.org.ar\/festram\/wp-content\/uploads\/2023\/12\/PHOTO-2023-12-15-10-18-21-768x576.jpg 768w, https:\/\/municipales.org.ar\/festram\/wp-content\/uploads\/2023\/12\/PHOTO-2023-12-15-10-18-21-1536x1152.jpg 1536w, https:\/\/municipales.org.ar\/festram\/wp-content\/uploads\/2023\/12\/PHOTO-2023-12-15-10-18-21.jpg 1600w\" sizes=\"auto, (max-width: 1024px) 100vw, 1024px\" \/><\/figure>\n\n\n\n<figure class=\"wp-block-image size-large\"><img loading=\"lazy\" decoding=\"async\" width=\"768\" height=\"1024\" data-id=\"16858\" src=\"https:\/\/municipales.org.ar\/festram\/wp-content\/uploads\/2023\/12\/PHOTO-2023-12-15-10-18-22-768x1024.jpg\" alt=\"\" class=\"wp-image-16858\" srcset=\"https:\/\/municipales.org.ar\/festram\/wp-content\/uploads\/2023\/12\/PHOTO-2023-12-15-10-18-22-768x1024.jpg 768w, https:\/\/municipales.org.ar\/festram\/wp-content\/uploads\/2023\/12\/PHOTO-2023-12-15-10-18-22-225x300.jpg 225w, https:\/\/municipales.org.ar\/festram\/wp-content\/uploads\/2023\/12\/PHOTO-2023-12-15-10-18-22.jpg 960w\" sizes=\"auto, (max-width: 768px) 100vw, 768px\" \/><\/figure>\n<\/figure>\n\n\n\n<p>Las mujeres sindicalistas han logrado imponer mejoras (edilicias, guarder\u00edas infantiles, salariales, convenios colectivos, entre otros)&nbsp;pero la agenda hist\u00f3rica contin\u00faa en construcci\u00f3n: la representaci\u00f3n con paridad, los cargos de conducci\u00f3n, condiciones justas para ascensos seg\u00fan capacitaci\u00f3n. En la actualidad, las violencias laborales como el abuso, la violaci\u00f3n, el maltrato encontraron en la Ley Micaela y el convenio 190 un freno legal: pese a que la ley obliga su aplicaci\u00f3n s\u00f3lo en instituciones p\u00fablicas, las mujeres sindicalistas lograron imponerlas en sus respectivas asociaciones gremiales. El sindicalismo femenino no se detiene. El trabajo digno y la igualdad de oportunidades siguen siendo las principales banderas de las mujeres sindicalizadas.<\/p>\n\n\n\n<p>En ambas oportunidades se encontraban presentes funcionarias y funcionarios de dependencias provinciales y municipales, y por \u00e9sta Federaci\u00f3n Andrea Luna, Secretaria de Pol\u00edticas de G\u00e9nero de FESTRAM, Bel\u00e9n Guti\u00e9rrez, Secretaria Gremial del Sindicato Municipal de San Crist\u00f3bal, Mariel Marquez Secretaria General, Alejandra Lapcik, Secretaria de Diversidad y Mariela Yossen, Secretaria de Cultura del SITRAM Las Colonias,&nbsp;&nbsp;junto a organizaciones de mujeres de la ciudad y de agrupaciones peronistas.&nbsp;<\/p>\n\n\n\n<p>De esta esta manera, continuamos fortaleciendo la memoria hist\u00f3rica, compartiendo con sus protagonistas y herederas las trayectorias reconstruyendo genealog\u00edas que nos permitan seguir tramando presentes y futuros desde una perspectiva feminista.<\/p>\n","protected":false},"excerpt":{"rendered":"<p>FESTRAM particip\u00f3 de la colocaci\u00f3n de la novena y d\u00e9cima \u201cBaldosa del Proyecto Memorias Urbanas Feministas\u201d. En Chacabuco 1246 de la Ciudad de Santa Fe, donde a principios de la d\u00e9cada de 1950 funcionara la Seccional 5ta. de Unidades B\u00e1sicas Femeninas Peronistas, se coloc\u00f3 la Novena\u00a0\u00a0Baldosa que recuerda a esas mujeres que salieron por primera vez de su casa para formarse laboralmente, sociabilizarse pol\u00edticamente y empoderarse en su condici\u00f3n de ciudadanas.\u00a0<\/p>\n","protected":false},"author":1,"featured_media":16859,"comment_status":"closed","ping_status":"closed","sticky":false,"template":"","format":"standard","meta":{"_jetpack_memberships_contains_paid_content":false,"footnotes":"","jetpack_publicize_message":"","jetpack_publicize_feature_enabled":true,"jetpack_social_post_already_shared":true,"jetpack_social_options":{"image_generator_settings":{"template":"highway","default_image_id":0,"font":"","enabled":false},"version":2}},"categories":[50],"tags":[87],"class_list":["post-16851","post","type-post","status-publish","format-standard","has-post-thumbnail","hentry","category-genero","tag-genero-2"],"yoast_head":"<!-- This site is optimized with the Yoast SEO plugin v25.9 - https:\/\/yoast.com\/wordpress\/plugins\/seo\/ -->\n<title>\u201cBaldosa del Proyecto Memorias Urbanas Feministas\u201d &#8211; FESTRAM<\/title>\n<meta name=\"description\" content=\"FESTRAM particip\u00f3 de la colocaci\u00f3n de la novena y d\u00e9cima \u201cBaldosa del Proyecto Memorias Urbanas Feministas\u201d. En Chacabuco 1246 de la Ciudad de Santa Fe, donde a principios de la d\u00e9cada de 1950 funcionara la Seccional 5ta. de Unidades B\u00e1sicas Femeninas Peronistas, se coloc\u00f3 la Novena\u00a0\u00a0Baldosa que recuerda a esas mujeres que salieron por primera vez de su casa para formarse laboralmente, sociabilizarse pol\u00edticamente y empoderarse en su condici\u00f3n de ciudadanas.\u00a0\" \/>\n<meta name=\"robots\" content=\"index, follow, max-snippet:-1, max-image-preview:large, max-video-preview:-1\" \/>\n<link rel=\"canonical\" href=\"https:\/\/municipales.org.ar\/festram\/baldosa-del-proyecto-memorias-urbanas-feministas\/\" \/>\n<meta property=\"og:locale\" content=\"es_ES\" \/>\n<meta property=\"og:type\" content=\"article\" \/>\n<meta property=\"og:title\" content=\"\u201cBaldosa del Proyecto Memorias Urbanas Feministas\u201d &#8211; FESTRAM\" \/>\n<meta property=\"og:description\" content=\"FESTRAM particip\u00f3 de la colocaci\u00f3n de la novena y d\u00e9cima \u201cBaldosa del Proyecto Memorias Urbanas Feministas\u201d. En Chacabuco 1246 de la Ciudad de Santa Fe, donde a principios de la d\u00e9cada de 1950 funcionara la Seccional 5ta. de Unidades B\u00e1sicas Femeninas Peronistas, se coloc\u00f3 la Novena\u00a0\u00a0Baldosa que recuerda a esas mujeres que salieron por primera vez de su casa para formarse laboralmente, sociabilizarse pol\u00edticamente y empoderarse en su condici\u00f3n de ciudadanas.\u00a0\" \/>\n<meta property=\"og:url\" content=\"https:\/\/municipales.org.ar\/festram\/baldosa-del-proyecto-memorias-urbanas-feministas\/\" \/>\n<meta property=\"og:site_name\" content=\"FESTRAM\" \/>\n<meta property=\"article:publisher\" content=\"https:\/\/www.facebook.com\/MunicipalesSF\" \/>\n<meta property=\"article:published_time\" content=\"2023-12-19T15:03:30+00:00\" \/>\n<meta property=\"article:modified_time\" content=\"2023-12-19T15:03:35+00:00\" \/>\n<meta property=\"og:image\" content=\"https:\/\/municipales.org.ar\/festram\/wp-content\/uploads\/2023\/12\/PHOTO-2023-12-04-13-08-49.jpg\" \/>\n\t<meta property=\"og:image:width\" content=\"1600\" \/>\n\t<meta property=\"og:image:height\" content=\"900\" \/>\n\t<meta property=\"og:image:type\" content=\"image\/jpeg\" \/>\n<meta name=\"author\" content=\"mun_admin\" \/>\n<meta name=\"twitter:card\" content=\"summary_large_image\" \/>\n<meta name=\"twitter:creator\" content=\"@MunicipalesSF\" \/>\n<meta name=\"twitter:site\" content=\"@MunicipalesSF\" \/>\n<meta name=\"twitter:label1\" content=\"Escrito por\" \/>\n\t<meta name=\"twitter:data1\" content=\"mun_admin\" \/>\n\t<meta name=\"twitter:label2\" content=\"Tiempo de lectura\" \/>\n\t<meta name=\"twitter:data2\" content=\"4 minutos\" \/>\n<script type=\"application\/ld+json\" class=\"yoast-schema-graph\">{\"@context\":\"https:\/\/schema.org\",\"@graph\":[{\"@type\":\"Article\",\"@id\":\"https:\/\/municipales.org.ar\/festram\/baldosa-del-proyecto-memorias-urbanas-feministas\/#article\",\"isPartOf\":{\"@id\":\"https:\/\/municipales.org.ar\/festram\/baldosa-del-proyecto-memorias-urbanas-feministas\/\"},\"author\":{\"name\":\"mun_admin\",\"@id\":\"https:\/\/municipales.org.ar\/festram\/#\/schema\/person\/49096a774c48ce9063df4d59ec059f9e\"},\"headline\":\"\u201cBaldosa del Proyecto Memorias Urbanas Feministas\u201d\",\"datePublished\":\"2023-12-19T15:03:30+00:00\",\"dateModified\":\"2023-12-19T15:03:35+00:00\",\"mainEntityOfPage\":{\"@id\":\"https:\/\/municipales.org.ar\/festram\/baldosa-del-proyecto-memorias-urbanas-feministas\/\"},\"wordCount\":424,\"publisher\":{\"@id\":\"https:\/\/municipales.org.ar\/festram\/#organization\"},\"image\":{\"@id\":\"https:\/\/municipales.org.ar\/festram\/baldosa-del-proyecto-memorias-urbanas-feministas\/#primaryimage\"},\"thumbnailUrl\":\"https:\/\/municipales.org.ar\/festram\/wp-content\/uploads\/2023\/12\/PHOTO-2023-12-04-13-08-49.jpg\",\"keywords\":[\"g\u00e9nero\"],\"articleSection\":[\"G\u00e9nero\"],\"inLanguage\":\"es\"},{\"@type\":\"WebPage\",\"@id\":\"https:\/\/municipales.org.ar\/festram\/baldosa-del-proyecto-memorias-urbanas-feministas\/\",\"url\":\"https:\/\/municipales.org.ar\/festram\/baldosa-del-proyecto-memorias-urbanas-feministas\/\",\"name\":\"\u201cBaldosa del Proyecto Memorias Urbanas Feministas\u201d &#8211; FESTRAM\",\"isPartOf\":{\"@id\":\"https:\/\/municipales.org.ar\/festram\/#website\"},\"primaryImageOfPage\":{\"@id\":\"https:\/\/municipales.org.ar\/festram\/baldosa-del-proyecto-memorias-urbanas-feministas\/#primaryimage\"},\"image\":{\"@id\":\"https:\/\/municipales.org.ar\/festram\/baldosa-del-proyecto-memorias-urbanas-feministas\/#primaryimage\"},\"thumbnailUrl\":\"https:\/\/municipales.org.ar\/festram\/wp-content\/uploads\/2023\/12\/PHOTO-2023-12-04-13-08-49.jpg\",\"datePublished\":\"2023-12-19T15:03:30+00:00\",\"dateModified\":\"2023-12-19T15:03:35+00:00\",\"description\":\"FESTRAM particip\u00f3 de la colocaci\u00f3n de la novena y d\u00e9cima \u201cBaldosa del Proyecto Memorias Urbanas Feministas\u201d. En Chacabuco 1246 de la Ciudad de Santa Fe, donde a principios de la d\u00e9cada de 1950 funcionara la Seccional 5ta. de Unidades B\u00e1sicas Femeninas Peronistas, se coloc\u00f3 la Novena\u00a0\u00a0Baldosa que recuerda a esas mujeres que salieron por primera vez de su casa para formarse laboralmente, sociabilizarse pol\u00edticamente y empoderarse en su condici\u00f3n de ciudadanas.\u00a0\",\"breadcrumb\":{\"@id\":\"https:\/\/municipales.org.ar\/festram\/baldosa-del-proyecto-memorias-urbanas-feministas\/#breadcrumb\"},\"inLanguage\":\"es\",\"potentialAction\":[{\"@type\":\"ReadAction\",\"target\":[\"https:\/\/municipales.org.ar\/festram\/baldosa-del-proyecto-memorias-urbanas-feministas\/\"]}]},{\"@type\":\"ImageObject\",\"inLanguage\":\"es\",\"@id\":\"https:\/\/municipales.org.ar\/festram\/baldosa-del-proyecto-memorias-urbanas-feministas\/#primaryimage\",\"url\":\"https:\/\/municipales.org.ar\/festram\/wp-content\/uploads\/2023\/12\/PHOTO-2023-12-04-13-08-49.jpg\",\"contentUrl\":\"https:\/\/municipales.org.ar\/festram\/wp-content\/uploads\/2023\/12\/PHOTO-2023-12-04-13-08-49.jpg\",\"width\":1600,\"height\":900},{\"@type\":\"BreadcrumbList\",\"@id\":\"https:\/\/municipales.org.ar\/festram\/baldosa-del-proyecto-memorias-urbanas-feministas\/#breadcrumb\",\"itemListElement\":[{\"@type\":\"ListItem\",\"position\":1,\"name\":\"Portada\",\"item\":\"https:\/\/municipales.org.ar\/festram\/\"},{\"@type\":\"ListItem\",\"position\":2,\"name\":\"\u201cBaldosa del Proyecto Memorias Urbanas Feministas\u201d\"}]},{\"@type\":\"WebSite\",\"@id\":\"https:\/\/municipales.org.ar\/festram\/#website\",\"url\":\"https:\/\/municipales.org.ar\/festram\/\",\"name\":\"FESTRAM\",\"description\":\"La web de los trabajadores municipales\",\"publisher\":{\"@id\":\"https:\/\/municipales.org.ar\/festram\/#organization\"},\"potentialAction\":[{\"@type\":\"SearchAction\",\"target\":{\"@type\":\"EntryPoint\",\"urlTemplate\":\"https:\/\/municipales.org.ar\/festram\/?s={search_term_string}\"},\"query-input\":{\"@type\":\"PropertyValueSpecification\",\"valueRequired\":true,\"valueName\":\"search_term_string\"}}],\"inLanguage\":\"es\"},{\"@type\":\"Organization\",\"@id\":\"https:\/\/municipales.org.ar\/festram\/#organization\",\"name\":\"Federaci\u00f3n de Sindicatos de Trabajadores Municipales de la Provincia de Santa Fe\",\"url\":\"https:\/\/municipales.org.ar\/festram\/\",\"logo\":{\"@type\":\"ImageObject\",\"inLanguage\":\"es\",\"@id\":\"https:\/\/municipales.org.ar\/festram\/#\/schema\/logo\/image\/\",\"url\":\"https:\/\/www.municipales.org.ar\/festram\/wp-content\/uploads\/2014\/07\/logo_fes.jpg\",\"contentUrl\":\"https:\/\/www.municipales.org.ar\/festram\/wp-content\/uploads\/2014\/07\/logo_fes.jpg\",\"width\":661,\"height\":673,\"caption\":\"Federaci\u00f3n de Sindicatos de Trabajadores Municipales de la Provincia de Santa Fe\"},\"image\":{\"@id\":\"https:\/\/municipales.org.ar\/festram\/#\/schema\/logo\/image\/\"},\"sameAs\":[\"https:\/\/www.facebook.com\/MunicipalesSF\",\"https:\/\/x.com\/MunicipalesSF\",\"https:\/\/www.youtube.com\/user\/festram\"]},{\"@type\":\"Person\",\"@id\":\"https:\/\/municipales.org.ar\/festram\/#\/schema\/person\/49096a774c48ce9063df4d59ec059f9e\",\"name\":\"mun_admin\"}]}<\/script>\n<!-- \/ Yoast SEO plugin. -->","yoast_head_json":{"title":"\u201cBaldosa del Proyecto Memorias Urbanas Feministas\u201d &#8211; FESTRAM","description":"FESTRAM particip\u00f3 de la colocaci\u00f3n de la novena y d\u00e9cima \u201cBaldosa del Proyecto Memorias Urbanas Feministas\u201d. En Chacabuco 1246 de la Ciudad de Santa Fe, donde a principios de la d\u00e9cada de 1950 funcionara la Seccional 5ta. de Unidades B\u00e1sicas Femeninas Peronistas, se coloc\u00f3 la Novena\u00a0\u00a0Baldosa que recuerda a esas mujeres que salieron por primera vez de su casa para formarse laboralmente, sociabilizarse pol\u00edticamente y empoderarse en su condici\u00f3n de ciudadanas.\u00a0","robots":{"index":"index","follow":"follow","max-snippet":"max-snippet:-1","max-image-preview":"max-image-preview:large","max-video-preview":"max-video-preview:-1"},"canonical":"https:\/\/municipales.org.ar\/festram\/baldosa-del-proyecto-memorias-urbanas-feministas\/","og_locale":"es_ES","og_type":"article","og_title":"\u201cBaldosa del Proyecto Memorias Urbanas Feministas\u201d &#8211; FESTRAM","og_description":"FESTRAM particip\u00f3 de la colocaci\u00f3n de la novena y d\u00e9cima \u201cBaldosa del Proyecto Memorias Urbanas Feministas\u201d. En Chacabuco 1246 de la Ciudad de Santa Fe, donde a principios de la d\u00e9cada de 1950 funcionara la Seccional 5ta. de Unidades B\u00e1sicas Femeninas Peronistas, se coloc\u00f3 la Novena\u00a0\u00a0Baldosa que recuerda a esas mujeres que salieron por primera vez de su casa para formarse laboralmente, sociabilizarse pol\u00edticamente y empoderarse en su condici\u00f3n de ciudadanas.\u00a0","og_url":"https:\/\/municipales.org.ar\/festram\/baldosa-del-proyecto-memorias-urbanas-feministas\/","og_site_name":"FESTRAM","article_publisher":"https:\/\/www.facebook.com\/MunicipalesSF","article_published_time":"2023-12-19T15:03:30+00:00","article_modified_time":"2023-12-19T15:03:35+00:00","og_image":[{"width":1600,"height":900,"url":"https:\/\/municipales.org.ar\/festram\/wp-content\/uploads\/2023\/12\/PHOTO-2023-12-04-13-08-49.jpg","type":"image\/jpeg"}],"author":"mun_admin","twitter_card":"summary_large_image","twitter_creator":"@MunicipalesSF","twitter_site":"@MunicipalesSF","twitter_misc":{"Escrito por":"mun_admin","Tiempo de lectura":"4 minutos"},"schema":{"@context":"https:\/\/schema.org","@graph":[{"@type":"Article","@id":"https:\/\/municipales.org.ar\/festram\/baldosa-del-proyecto-memorias-urbanas-feministas\/#article","isPartOf":{"@id":"https:\/\/municipales.org.ar\/festram\/baldosa-del-proyecto-memorias-urbanas-feministas\/"},"author":{"name":"mun_admin","@id":"https:\/\/municipales.org.ar\/festram\/#\/schema\/person\/49096a774c48ce9063df4d59ec059f9e"},"headline":"\u201cBaldosa del Proyecto Memorias Urbanas Feministas\u201d","datePublished":"2023-12-19T15:03:30+00:00","dateModified":"2023-12-19T15:03:35+00:00","mainEntityOfPage":{"@id":"https:\/\/municipales.org.ar\/festram\/baldosa-del-proyecto-memorias-urbanas-feministas\/"},"wordCount":424,"publisher":{"@id":"https:\/\/municipales.org.ar\/festram\/#organization"},"image":{"@id":"https:\/\/municipales.org.ar\/festram\/baldosa-del-proyecto-memorias-urbanas-feministas\/#primaryimage"},"thumbnailUrl":"https:\/\/municipales.org.ar\/festram\/wp-content\/uploads\/2023\/12\/PHOTO-2023-12-04-13-08-49.jpg","keywords":["g\u00e9nero"],"articleSection":["G\u00e9nero"],"inLanguage":"es"},{"@type":"WebPage","@id":"https:\/\/municipales.org.ar\/festram\/baldosa-del-proyecto-memorias-urbanas-feministas\/","url":"https:\/\/municipales.org.ar\/festram\/baldosa-del-proyecto-memorias-urbanas-feministas\/","name":"\u201cBaldosa del Proyecto Memorias Urbanas Feministas\u201d &#8211; FESTRAM","isPartOf":{"@id":"https:\/\/municipales.org.ar\/festram\/#website"},"primaryImageOfPage":{"@id":"https:\/\/municipales.org.ar\/festram\/baldosa-del-proyecto-memorias-urbanas-feministas\/#primaryimage"},"image":{"@id":"https:\/\/municipales.org.ar\/festram\/baldosa-del-proyecto-memorias-urbanas-feministas\/#primaryimage"},"thumbnailUrl":"https:\/\/municipales.org.ar\/festram\/wp-content\/uploads\/2023\/12\/PHOTO-2023-12-04-13-08-49.jpg","datePublished":"2023-12-19T15:03:30+00:00","dateModified":"2023-12-19T15:03:35+00:00","description":"FESTRAM particip\u00f3 de la colocaci\u00f3n de la novena y d\u00e9cima \u201cBaldosa del Proyecto Memorias Urbanas Feministas\u201d. En Chacabuco 1246 de la Ciudad de Santa Fe, donde a principios de la d\u00e9cada de 1950 funcionara la Seccional 5ta. de Unidades B\u00e1sicas Femeninas Peronistas, se coloc\u00f3 la Novena\u00a0\u00a0Baldosa que recuerda a esas mujeres que salieron por primera vez de su casa para formarse laboralmente, sociabilizarse pol\u00edticamente y empoderarse en su condici\u00f3n de ciudadanas.\u00a0","breadcrumb":{"@id":"https:\/\/municipales.org.ar\/festram\/baldosa-del-proyecto-memorias-urbanas-feministas\/#breadcrumb"},"inLanguage":"es","potentialAction":[{"@type":"ReadAction","target":["https:\/\/municipales.org.ar\/festram\/baldosa-del-proyecto-memorias-urbanas-feministas\/"]}]},{"@type":"ImageObject","inLanguage":"es","@id":"https:\/\/municipales.org.ar\/festram\/baldosa-del-proyecto-memorias-urbanas-feministas\/#primaryimage","url":"https:\/\/municipales.org.ar\/festram\/wp-content\/uploads\/2023\/12\/PHOTO-2023-12-04-13-08-49.jpg","contentUrl":"https:\/\/municipales.org.ar\/festram\/wp-content\/uploads\/2023\/12\/PHOTO-2023-12-04-13-08-49.jpg","width":1600,"height":900},{"@type":"BreadcrumbList","@id":"https:\/\/municipales.org.ar\/festram\/baldosa-del-proyecto-memorias-urbanas-feministas\/#breadcrumb","itemListElement":[{"@type":"ListItem","position":1,"name":"Portada","item":"https:\/\/municipales.org.ar\/festram\/"},{"@type":"ListItem","position":2,"name":"\u201cBaldosa del Proyecto Memorias Urbanas Feministas\u201d"}]},{"@type":"WebSite","@id":"https:\/\/municipales.org.ar\/festram\/#website","url":"https:\/\/municipales.org.ar\/festram\/","name":"FESTRAM","description":"La web de los trabajadores municipales","publisher":{"@id":"https:\/\/municipales.org.ar\/festram\/#organization"},"potentialAction":[{"@type":"SearchAction","target":{"@type":"EntryPoint","urlTemplate":"https:\/\/municipales.org.ar\/festram\/?s={search_term_string}"},"query-input":{"@type":"PropertyValueSpecification","valueRequired":true,"valueName":"search_term_string"}}],"inLanguage":"es"},{"@type":"Organization","@id":"https:\/\/municipales.org.ar\/festram\/#organization","name":"Federaci\u00f3n de Sindicatos de Trabajadores Municipales de la Provincia de Santa Fe","url":"https:\/\/municipales.org.ar\/festram\/","logo":{"@type":"ImageObject","inLanguage":"es","@id":"https:\/\/municipales.org.ar\/festram\/#\/schema\/logo\/image\/","url":"https:\/\/www.municipales.org.ar\/festram\/wp-content\/uploads\/2014\/07\/logo_fes.jpg","contentUrl":"https:\/\/www.municipales.org.ar\/festram\/wp-content\/uploads\/2014\/07\/logo_fes.jpg","width":661,"height":673,"caption":"Federaci\u00f3n de Sindicatos de Trabajadores Municipales de la Provincia de Santa Fe"},"image":{"@id":"https:\/\/municipales.org.ar\/festram\/#\/schema\/logo\/image\/"},"sameAs":["https:\/\/www.facebook.com\/MunicipalesSF","https:\/\/x.com\/MunicipalesSF","https:\/\/www.youtube.com\/user\/festram"]},{"@type":"Person","@id":"https:\/\/municipales.org.ar\/festram\/#\/schema\/person\/49096a774c48ce9063df4d59ec059f9e","name":"mun_admin"}]}},"jetpack_publicize_connections":[],"jetpack_featured_media_url":"https:\/\/municipales.org.ar\/festram\/wp-content\/uploads\/2023\/12\/PHOTO-2023-12-04-13-08-49.jpg","jetpack_sharing_enabled":true,"jetpack_likes_enabled":false,"jetpack_shortlink":"https:\/\/wp.me\/p7l4x1-4nN","_links":{"self":[{"href":"https:\/\/municipales.org.ar\/festram\/wp-json\/wp\/v2\/posts\/16851","targetHints":{"allow":["GET"]}}],"collection":[{"href":"https:\/\/municipales.org.ar\/festram\/wp-json\/wp\/v2\/posts"}],"about":[{"href":"https:\/\/municipales.org.ar\/festram\/wp-json\/wp\/v2\/types\/post"}],"author":[{"embeddable":true,"href":"https:\/\/municipales.org.ar\/festram\/wp-json\/wp\/v2\/users\/1"}],"replies":[{"embeddable":true,"href":"https:\/\/municipales.org.ar\/festram\/wp-json\/wp\/v2\/comments?post=16851"}],"version-history":[{"count":2,"href":"https:\/\/municipales.org.ar\/festram\/wp-json\/wp\/v2\/posts\/16851\/revisions"}],"predecessor-version":[{"id":16861,"href":"https:\/\/municipales.org.ar\/festram\/wp-json\/wp\/v2\/posts\/16851\/revisions\/16861"}],"wp:featuredmedia":[{"embeddable":true,"href":"https:\/\/municipales.org.ar\/festram\/wp-json\/wp\/v2\/media\/16859"}],"wp:attachment":[{"href":"https:\/\/municipales.org.ar\/festram\/wp-json\/wp\/v2\/media?parent=16851"}],"wp:term":[{"taxonomy":"category","embeddable":true,"href":"https:\/\/municipales.org.ar\/festram\/wp-json\/wp\/v2\/categories?post=16851"},{"taxonomy":"post_tag","embeddable":true,"href":"https:\/\/municipales.org.ar\/festram\/wp-json\/wp\/v2\/tags?post=16851"}],"curies":[{"name":"wp","href":"https:\/\/api.w.org\/{rel}","templated":true}]}}