{"id":16863,"date":"2023-12-21T11:22:35","date_gmt":"2023-12-21T14:22:35","guid":{"rendered":"https:\/\/municipales.org.ar\/festram\/?p=16863"},"modified":"2023-12-21T11:22:40","modified_gmt":"2023-12-21T14:22:40","slug":"san-carlos-centro-otra-denuncia-penal-desestimada","status":"publish","type":"post","link":"https:\/\/municipales.org.ar\/festram\/san-carlos-centro-otra-denuncia-penal-desestimada\/","title":{"rendered":"San Carlos Centro: Otra denuncia penal desestimada"},"content":{"rendered":"\n<h2 class=\"wp-block-heading\">La Justicia Penal desestim\u00f3 y orden\u00f3 el archivo de una denuncia penal por amenaza de muerte radicada por el Intendente de San Carlos Centro Juan Jos\u00e9 Placenzotti. <\/h2>\n\n\n\n<p><br>Los hechos ocurrieron el Lunes 8 de Mayo de 2023 cuando un grupo de trabajadores del Municipio de San Carlos Centro le pidi\u00f3 al Intendente que les pagara sus salarios en forma igualitaria. Inmediatamente Placenzotti radic\u00f3 una denuncia penal aduciendo haber sido amenazado de muerte por los trabajadores lo que a la postre result\u00f3 ser absolutamente falso.<br><\/p>\n\n\n\n<p>El episodio de referencia que dio origen a la controversia, fue registrado en un video.<br><\/p>\n\n\n\n<figure class=\"wp-block-video\"><video controls src=\"https:\/\/municipales.org.ar\/festram\/wp-content\/uploads\/2023\/12\/WhatsApp-Video-2023-12-21-at-10.48.47.mp4\"><\/video><\/figure>\n\n\n\n<p><br><br>Esta resoluci\u00f3n del Poder Judicial se suma a otras que el mismo viene adoptando y que desestiman todos los planteos del titular del Ejecutivo de dicha localidad, donde el municipio queda obligado a pagar multas y costas por este tipo de acci\u00f3n antes mencionada.<\/p>\n","protected":false},"excerpt":{"rendered":"<p>La Justicia Penal desestim\u00f3 y orden\u00f3 el archivo de una denuncia penal por amenaza de muerte radicada por el Intendente de San Carlos Centro Juan Jos\u00e9 Placenzotti. <\/p>\n","protected":false},"author":1,"featured_media":16865,"comment_status":"closed","ping_status":"closed","sticky":false,"template":"","format":"standard","meta":{"_jetpack_memberships_contains_paid_content":false,"footnotes":"","jetpack_publicize_message":"","jetpack_publicize_feature_enabled":true,"jetpack_social_post_already_shared":true,"jetpack_social_options":{"image_generator_settings":{"template":"highway","default_image_id":0,"font":"","enabled":false},"version":2}},"categories":[57],"tags":[138,67],"class_list":["post-16863","post","type-post","status-publish","format-standard","has-post-thumbnail","hentry","category-sindicatos-noticias","tag-san-carlos-centro","tag-sindicatos-afiliados"],"yoast_head":"<!-- This site is optimized with the Yoast SEO plugin v25.9 - https:\/\/yoast.com\/wordpress\/plugins\/seo\/ -->\n<title>San Carlos Centro: Otra denuncia penal desestimada &#8211; FESTRAM<\/title>\n<meta name=\"description\" content=\"La Justicia Penal desestim\u00f3 y orden\u00f3 el archivo de una denuncia penal por amenaza de muerte radicada por el Intendente de San Carlos Centro Juan Jos\u00e9 Placenzotti.\" \/>\n<meta name=\"robots\" content=\"index, follow, max-snippet:-1, max-image-preview:large, max-video-preview:-1\" \/>\n<link rel=\"canonical\" href=\"https:\/\/municipales.org.ar\/festram\/san-carlos-centro-otra-denuncia-penal-desestimada\/\" \/>\n<meta property=\"og:locale\" content=\"es_ES\" \/>\n<meta property=\"og:type\" content=\"article\" \/>\n<meta property=\"og:title\" content=\"San Carlos Centro: Otra denuncia penal desestimada &#8211; FESTRAM\" \/>\n<meta property=\"og:description\" content=\"La Justicia Penal desestim\u00f3 y orden\u00f3 el archivo de una denuncia penal por amenaza de muerte radicada por el Intendente de San Carlos Centro Juan Jos\u00e9 Placenzotti.\" \/>\n<meta property=\"og:url\" content=\"https:\/\/municipales.org.ar\/festram\/san-carlos-centro-otra-denuncia-penal-desestimada\/\" \/>\n<meta property=\"og:site_name\" content=\"FESTRAM\" \/>\n<meta property=\"article:publisher\" content=\"https:\/\/www.facebook.com\/MunicipalesSF\" \/>\n<meta property=\"article:published_time\" content=\"2023-12-21T14:22:35+00:00\" \/>\n<meta property=\"article:modified_time\" content=\"2023-12-21T14:22:40+00:00\" \/>\n<meta property=\"og:image\" content=\"https:\/\/municipales.org.ar\/festram\/wp-content\/uploads\/2023\/12\/IMG-20231129-WA0140.jpg\" \/>\n\t<meta property=\"og:image:width\" content=\"2000\" \/>\n\t<meta property=\"og:image:height\" content=\"923\" \/>\n\t<meta property=\"og:image:type\" content=\"image\/jpeg\" \/>\n<meta name=\"author\" content=\"mun_admin\" \/>\n<meta name=\"twitter:card\" content=\"summary_large_image\" \/>\n<meta name=\"twitter:creator\" content=\"@MunicipalesSF\" \/>\n<meta name=\"twitter:site\" content=\"@MunicipalesSF\" \/>\n<meta name=\"twitter:label1\" content=\"Escrito por\" \/>\n\t<meta name=\"twitter:data1\" content=\"mun_admin\" \/>\n\t<meta name=\"twitter:label2\" content=\"Tiempo de lectura\" \/>\n\t<meta name=\"twitter:data2\" content=\"1 minuto\" \/>\n<script type=\"application\/ld+json\" class=\"yoast-schema-graph\">{\"@context\":\"https:\/\/schema.org\",\"@graph\":[{\"@type\":\"Article\",\"@id\":\"https:\/\/municipales.org.ar\/festram\/san-carlos-centro-otra-denuncia-penal-desestimada\/#article\",\"isPartOf\":{\"@id\":\"https:\/\/municipales.org.ar\/festram\/san-carlos-centro-otra-denuncia-penal-desestimada\/\"},\"author\":{\"name\":\"mun_admin\",\"@id\":\"https:\/\/municipales.org.ar\/festram\/#\/schema\/person\/49096a774c48ce9063df4d59ec059f9e\"},\"headline\":\"San Carlos Centro: Otra denuncia penal desestimada\",\"datePublished\":\"2023-12-21T14:22:35+00:00\",\"dateModified\":\"2023-12-21T14:22:40+00:00\",\"mainEntityOfPage\":{\"@id\":\"https:\/\/municipales.org.ar\/festram\/san-carlos-centro-otra-denuncia-penal-desestimada\/\"},\"wordCount\":150,\"publisher\":{\"@id\":\"https:\/\/municipales.org.ar\/festram\/#organization\"},\"image\":{\"@id\":\"https:\/\/municipales.org.ar\/festram\/san-carlos-centro-otra-denuncia-penal-desestimada\/#primaryimage\"},\"thumbnailUrl\":\"https:\/\/municipales.org.ar\/festram\/wp-content\/uploads\/2023\/12\/IMG-20231129-WA0140.jpg\",\"keywords\":[\"san carlos centro\",\"sindicatos afiliados\"],\"articleSection\":[\"Sindicatos Noticias\"],\"inLanguage\":\"es\"},{\"@type\":\"WebPage\",\"@id\":\"https:\/\/municipales.org.ar\/festram\/san-carlos-centro-otra-denuncia-penal-desestimada\/\",\"url\":\"https:\/\/municipales.org.ar\/festram\/san-carlos-centro-otra-denuncia-penal-desestimada\/\",\"name\":\"San Carlos Centro: Otra denuncia penal desestimada &#8211; FESTRAM\",\"isPartOf\":{\"@id\":\"https:\/\/municipales.org.ar\/festram\/#website\"},\"primaryImageOfPage\":{\"@id\":\"https:\/\/municipales.org.ar\/festram\/san-carlos-centro-otra-denuncia-penal-desestimada\/#primaryimage\"},\"image\":{\"@id\":\"https:\/\/municipales.org.ar\/festram\/san-carlos-centro-otra-denuncia-penal-desestimada\/#primaryimage\"},\"thumbnailUrl\":\"https:\/\/municipales.org.ar\/festram\/wp-content\/uploads\/2023\/12\/IMG-20231129-WA0140.jpg\",\"datePublished\":\"2023-12-21T14:22:35+00:00\",\"dateModified\":\"2023-12-21T14:22:40+00:00\",\"description\":\"La Justicia Penal desestim\u00f3 y orden\u00f3 el archivo de una denuncia penal por amenaza de muerte radicada por el Intendente de San Carlos Centro Juan Jos\u00e9 Placenzotti.\",\"breadcrumb\":{\"@id\":\"https:\/\/municipales.org.ar\/festram\/san-carlos-centro-otra-denuncia-penal-desestimada\/#breadcrumb\"},\"inLanguage\":\"es\",\"potentialAction\":[{\"@type\":\"ReadAction\",\"target\":[\"https:\/\/municipales.org.ar\/festram\/san-carlos-centro-otra-denuncia-penal-desestimada\/\"]}]},{\"@type\":\"ImageObject\",\"inLanguage\":\"es\",\"@id\":\"https:\/\/municipales.org.ar\/festram\/san-carlos-centro-otra-denuncia-penal-desestimada\/#primaryimage\",\"url\":\"https:\/\/municipales.org.ar\/festram\/wp-content\/uploads\/2023\/12\/IMG-20231129-WA0140.jpg\",\"contentUrl\":\"https:\/\/municipales.org.ar\/festram\/wp-content\/uploads\/2023\/12\/IMG-20231129-WA0140.jpg\",\"width\":2000,\"height\":923},{\"@type\":\"BreadcrumbList\",\"@id\":\"https:\/\/municipales.org.ar\/festram\/san-carlos-centro-otra-denuncia-penal-desestimada\/#breadcrumb\",\"itemListElement\":[{\"@type\":\"ListItem\",\"position\":1,\"name\":\"Portada\",\"item\":\"https:\/\/municipales.org.ar\/festram\/\"},{\"@type\":\"ListItem\",\"position\":2,\"name\":\"San Carlos Centro: Otra denuncia penal desestimada\"}]},{\"@type\":\"WebSite\",\"@id\":\"https:\/\/municipales.org.ar\/festram\/#website\",\"url\":\"https:\/\/municipales.org.ar\/festram\/\",\"name\":\"FESTRAM\",\"description\":\"La web de los trabajadores municipales\",\"publisher\":{\"@id\":\"https:\/\/municipales.org.ar\/festram\/#organization\"},\"potentialAction\":[{\"@type\":\"SearchAction\",\"target\":{\"@type\":\"EntryPoint\",\"urlTemplate\":\"https:\/\/municipales.org.ar\/festram\/?s={search_term_string}\"},\"query-input\":{\"@type\":\"PropertyValueSpecification\",\"valueRequired\":true,\"valueName\":\"search_term_string\"}}],\"inLanguage\":\"es\"},{\"@type\":\"Organization\",\"@id\":\"https:\/\/municipales.org.ar\/festram\/#organization\",\"name\":\"Federaci\u00f3n de Sindicatos de Trabajadores Municipales de la Provincia de Santa Fe\",\"url\":\"https:\/\/municipales.org.ar\/festram\/\",\"logo\":{\"@type\":\"ImageObject\",\"inLanguage\":\"es\",\"@id\":\"https:\/\/municipales.org.ar\/festram\/#\/schema\/logo\/image\/\",\"url\":\"https:\/\/www.municipales.org.ar\/festram\/wp-content\/uploads\/2014\/07\/logo_fes.jpg\",\"contentUrl\":\"https:\/\/www.municipales.org.ar\/festram\/wp-content\/uploads\/2014\/07\/logo_fes.jpg\",\"width\":661,\"height\":673,\"caption\":\"Federaci\u00f3n de Sindicatos de Trabajadores Municipales de la Provincia de Santa Fe\"},\"image\":{\"@id\":\"https:\/\/municipales.org.ar\/festram\/#\/schema\/logo\/image\/\"},\"sameAs\":[\"https:\/\/www.facebook.com\/MunicipalesSF\",\"https:\/\/x.com\/MunicipalesSF\",\"https:\/\/www.youtube.com\/user\/festram\"]},{\"@type\":\"Person\",\"@id\":\"https:\/\/municipales.org.ar\/festram\/#\/schema\/person\/49096a774c48ce9063df4d59ec059f9e\",\"name\":\"mun_admin\"}]}<\/script>\n<!-- \/ Yoast SEO plugin. -->","yoast_head_json":{"title":"San Carlos Centro: Otra denuncia penal desestimada &#8211; FESTRAM","description":"La Justicia Penal desestim\u00f3 y orden\u00f3 el archivo de una denuncia penal por amenaza de muerte radicada por el Intendente de San Carlos Centro Juan Jos\u00e9 Placenzotti.","robots":{"index":"index","follow":"follow","max-snippet":"max-snippet:-1","max-image-preview":"max-image-preview:large","max-video-preview":"max-video-preview:-1"},"canonical":"https:\/\/municipales.org.ar\/festram\/san-carlos-centro-otra-denuncia-penal-desestimada\/","og_locale":"es_ES","og_type":"article","og_title":"San Carlos Centro: Otra denuncia penal desestimada &#8211; FESTRAM","og_description":"La Justicia Penal desestim\u00f3 y orden\u00f3 el archivo de una denuncia penal por amenaza de muerte radicada por el Intendente de San Carlos Centro Juan Jos\u00e9 Placenzotti.","og_url":"https:\/\/municipales.org.ar\/festram\/san-carlos-centro-otra-denuncia-penal-desestimada\/","og_site_name":"FESTRAM","article_publisher":"https:\/\/www.facebook.com\/MunicipalesSF","article_published_time":"2023-12-21T14:22:35+00:00","article_modified_time":"2023-12-21T14:22:40+00:00","og_image":[{"width":2000,"height":923,"url":"https:\/\/municipales.org.ar\/festram\/wp-content\/uploads\/2023\/12\/IMG-20231129-WA0140.jpg","type":"image\/jpeg"}],"author":"mun_admin","twitter_card":"summary_large_image","twitter_creator":"@MunicipalesSF","twitter_site":"@MunicipalesSF","twitter_misc":{"Escrito por":"mun_admin","Tiempo de lectura":"1 minuto"},"schema":{"@context":"https:\/\/schema.org","@graph":[{"@type":"Article","@id":"https:\/\/municipales.org.ar\/festram\/san-carlos-centro-otra-denuncia-penal-desestimada\/#article","isPartOf":{"@id":"https:\/\/municipales.org.ar\/festram\/san-carlos-centro-otra-denuncia-penal-desestimada\/"},"author":{"name":"mun_admin","@id":"https:\/\/municipales.org.ar\/festram\/#\/schema\/person\/49096a774c48ce9063df4d59ec059f9e"},"headline":"San Carlos Centro: Otra denuncia penal desestimada","datePublished":"2023-12-21T14:22:35+00:00","dateModified":"2023-12-21T14:22:40+00:00","mainEntityOfPage":{"@id":"https:\/\/municipales.org.ar\/festram\/san-carlos-centro-otra-denuncia-penal-desestimada\/"},"wordCount":150,"publisher":{"@id":"https:\/\/municipales.org.ar\/festram\/#organization"},"image":{"@id":"https:\/\/municipales.org.ar\/festram\/san-carlos-centro-otra-denuncia-penal-desestimada\/#primaryimage"},"thumbnailUrl":"https:\/\/municipales.org.ar\/festram\/wp-content\/uploads\/2023\/12\/IMG-20231129-WA0140.jpg","keywords":["san carlos centro","sindicatos afiliados"],"articleSection":["Sindicatos Noticias"],"inLanguage":"es"},{"@type":"WebPage","@id":"https:\/\/municipales.org.ar\/festram\/san-carlos-centro-otra-denuncia-penal-desestimada\/","url":"https:\/\/municipales.org.ar\/festram\/san-carlos-centro-otra-denuncia-penal-desestimada\/","name":"San Carlos Centro: Otra denuncia penal desestimada &#8211; FESTRAM","isPartOf":{"@id":"https:\/\/municipales.org.ar\/festram\/#website"},"primaryImageOfPage":{"@id":"https:\/\/municipales.org.ar\/festram\/san-carlos-centro-otra-denuncia-penal-desestimada\/#primaryimage"},"image":{"@id":"https:\/\/municipales.org.ar\/festram\/san-carlos-centro-otra-denuncia-penal-desestimada\/#primaryimage"},"thumbnailUrl":"https:\/\/municipales.org.ar\/festram\/wp-content\/uploads\/2023\/12\/IMG-20231129-WA0140.jpg","datePublished":"2023-12-21T14:22:35+00:00","dateModified":"2023-12-21T14:22:40+00:00","description":"La Justicia Penal desestim\u00f3 y orden\u00f3 el archivo de una denuncia penal por amenaza de muerte radicada por el Intendente de San Carlos Centro Juan Jos\u00e9 Placenzotti.","breadcrumb":{"@id":"https:\/\/municipales.org.ar\/festram\/san-carlos-centro-otra-denuncia-penal-desestimada\/#breadcrumb"},"inLanguage":"es","potentialAction":[{"@type":"ReadAction","target":["https:\/\/municipales.org.ar\/festram\/san-carlos-centro-otra-denuncia-penal-desestimada\/"]}]},{"@type":"ImageObject","inLanguage":"es","@id":"https:\/\/municipales.org.ar\/festram\/san-carlos-centro-otra-denuncia-penal-desestimada\/#primaryimage","url":"https:\/\/municipales.org.ar\/festram\/wp-content\/uploads\/2023\/12\/IMG-20231129-WA0140.jpg","contentUrl":"https:\/\/municipales.org.ar\/festram\/wp-content\/uploads\/2023\/12\/IMG-20231129-WA0140.jpg","width":2000,"height":923},{"@type":"BreadcrumbList","@id":"https:\/\/municipales.org.ar\/festram\/san-carlos-centro-otra-denuncia-penal-desestimada\/#breadcrumb","itemListElement":[{"@type":"ListItem","position":1,"name":"Portada","item":"https:\/\/municipales.org.ar\/festram\/"},{"@type":"ListItem","position":2,"name":"San Carlos Centro: Otra denuncia penal desestimada"}]},{"@type":"WebSite","@id":"https:\/\/municipales.org.ar\/festram\/#website","url":"https:\/\/municipales.org.ar\/festram\/","name":"FESTRAM","description":"La web de los trabajadores municipales","publisher":{"@id":"https:\/\/municipales.org.ar\/festram\/#organization"},"potentialAction":[{"@type":"SearchAction","target":{"@type":"EntryPoint","urlTemplate":"https:\/\/municipales.org.ar\/festram\/?s={search_term_string}"},"query-input":{"@type":"PropertyValueSpecification","valueRequired":true,"valueName":"search_term_string"}}],"inLanguage":"es"},{"@type":"Organization","@id":"https:\/\/municipales.org.ar\/festram\/#organization","name":"Federaci\u00f3n de Sindicatos de Trabajadores Municipales de la Provincia de Santa Fe","url":"https:\/\/municipales.org.ar\/festram\/","logo":{"@type":"ImageObject","inLanguage":"es","@id":"https:\/\/municipales.org.ar\/festram\/#\/schema\/logo\/image\/","url":"https:\/\/www.municipales.org.ar\/festram\/wp-content\/uploads\/2014\/07\/logo_fes.jpg","contentUrl":"https:\/\/www.municipales.org.ar\/festram\/wp-content\/uploads\/2014\/07\/logo_fes.jpg","width":661,"height":673,"caption":"Federaci\u00f3n de Sindicatos de Trabajadores Municipales de la Provincia de Santa Fe"},"image":{"@id":"https:\/\/municipales.org.ar\/festram\/#\/schema\/logo\/image\/"},"sameAs":["https:\/\/www.facebook.com\/MunicipalesSF","https:\/\/x.com\/MunicipalesSF","https:\/\/www.youtube.com\/user\/festram"]},{"@type":"Person","@id":"https:\/\/municipales.org.ar\/festram\/#\/schema\/person\/49096a774c48ce9063df4d59ec059f9e","name":"mun_admin"}]}},"jetpack_publicize_connections":[],"jetpack_featured_media_url":"https:\/\/municipales.org.ar\/festram\/wp-content\/uploads\/2023\/12\/IMG-20231129-WA0140.jpg","jetpack_sharing_enabled":true,"jetpack_likes_enabled":false,"jetpack_shortlink":"https:\/\/wp.me\/p7l4x1-4nZ","_links":{"self":[{"href":"https:\/\/municipales.org.ar\/festram\/wp-json\/wp\/v2\/posts\/16863","targetHints":{"allow":["GET"]}}],"collection":[{"href":"https:\/\/municipales.org.ar\/festram\/wp-json\/wp\/v2\/posts"}],"about":[{"href":"https:\/\/municipales.org.ar\/festram\/wp-json\/wp\/v2\/types\/post"}],"author":[{"embeddable":true,"href":"https:\/\/municipales.org.ar\/festram\/wp-json\/wp\/v2\/users\/1"}],"replies":[{"embeddable":true,"href":"https:\/\/municipales.org.ar\/festram\/wp-json\/wp\/v2\/comments?post=16863"}],"version-history":[{"count":2,"href":"https:\/\/municipales.org.ar\/festram\/wp-json\/wp\/v2\/posts\/16863\/revisions"}],"predecessor-version":[{"id":16867,"href":"https:\/\/municipales.org.ar\/festram\/wp-json\/wp\/v2\/posts\/16863\/revisions\/16867"}],"wp:featuredmedia":[{"embeddable":true,"href":"https:\/\/municipales.org.ar\/festram\/wp-json\/wp\/v2\/media\/16865"}],"wp:attachment":[{"href":"https:\/\/municipales.org.ar\/festram\/wp-json\/wp\/v2\/media?parent=16863"}],"wp:term":[{"taxonomy":"category","embeddable":true,"href":"https:\/\/municipales.org.ar\/festram\/wp-json\/wp\/v2\/categories?post=16863"},{"taxonomy":"post_tag","embeddable":true,"href":"https:\/\/municipales.org.ar\/festram\/wp-json\/wp\/v2\/tags?post=16863"}],"curies":[{"name":"wp","href":"https:\/\/api.w.org\/{rel}","templated":true}]}}