{"id":16868,"date":"2023-12-21T15:02:05","date_gmt":"2023-12-21T18:02:05","guid":{"rendered":"https:\/\/municipales.org.ar\/festram\/?p=16868"},"modified":"2024-06-27T21:15:10","modified_gmt":"2024-06-28T00:15:10","slug":"coincidencias-y-trabajo-conjunto","status":"publish","type":"post","link":"https:\/\/municipales.org.ar\/festram\/coincidencias-y-trabajo-conjunto\/","title":{"rendered":"Coincidencias y Trabajo Conjunto"},"content":{"rendered":"\n<p><\/p>\n\n\n\n<h2 class=\"wp-block-heading\"><strong>REUNI\u00d3N DE FESTRAM CON LA CTMRA<\/strong><\/h2>\n\n\n\n<p><br><br>El mi\u00e9rcoles 13 del corriente mes, el Secretario General de FESTRAM Santa Fe, Ignacio Monz\u00f3n, junto a Mauricio Herzog, Adri\u00e1n Bertolini, Germ\u00e1n Ocampo y Alberto Quintana,\u00a0\u00a0integrantes del Consejo Directivo Provincial, se reunieron en la ciudad de Avellaneda (Buenos aires), con el Secretario General de la CTMRA, (Confederaci\u00f3n de Trabajadores Municipales de la Rep\u00fablica Argentina), Hern\u00e1n Doval, a los fines de intercambiar opiniones sobre el futuro de la organizaci\u00f3n nacional y los desaf\u00edos a los que estar\u00e1n expuestos los trabajadores municipales de todo el pa\u00eds en general y a lxs de nuestra provincia en particular.\u00a0\u00a0<\/p>\n\n\n\n<p>Se destac\u00f3 la importancia de encarar el futuro y las luchas a las que estaremos expuestos con total responsabilidad y unidad del movimiento sindical municipal, fundamentalmente en la defensa de las fuentes de trabajo y de los salarios; y que esto se debe realizar en total coincidencia con los proyectos que impulsa la CTMRA sobre Paritarias Nacionales, que incluyan a todos municipios del territorio nacional,&nbsp;&nbsp;sobre la base de consensos m\u00ednimos que garanticen, a todos igual remuneraci\u00f3n&nbsp;&nbsp;por igual tarea y salarios m\u00ednimos.<\/p>\n\n\n\n<p>Tambi\u00e9n se lo puso al tanto sobre el \u00faltimo fallo de la C\u00e1mara de Apelaci\u00f3n Laboral (Sala III) de la ciudad de San Lorenzo \u201cSINDICATO DE TRABAJADORES MUNICIPALES DE SAN LORENZO C\/MUNICIPALIDAD DE SAN LORENZO Y OTROS S\/OTRAS DILIGENCIAS\u201d CUIJ N\u00b0 21-17069013-0. El mismo, una vez m\u00e1s reconoce que, en materia de negociaci\u00f3n colectiva para el sector municipal y comunal de la Provincia de Santa Fe, a FESTRAM como la \u00fanica habilitada a tal efecto, y a la Paritaria Municipal Ley 9286\/9996 bajo la \u00f3rbita de la Secretar\u00eda de Municipios y Comunas del Gobierno Provincial.<\/p>\n\n\n\n<p>Por \u00faltimo, se coincidi\u00f3 en seguir trabajando por la unidad de todos los y las trabajadoras y trabajadores como herramienta fundamental, para hacer frente a las pol\u00edticas de ajuste que el Gobierno Nacional pretende llevar adelante, donde los \u00fanicos perjudicados son los asalariados y los que menos tienen.<\/p>\n\n\n\n<h6 class=\"wp-block-heading\">Prensa FESTRAM<\/h6>\n","protected":false},"excerpt":{"rendered":"<p>REUNI\u00d3N DE FESTRAM CON LA CTMRA<\/p>\n","protected":false},"author":1,"featured_media":16869,"comment_status":"closed","ping_status":"closed","sticky":false,"template":"","format":"standard","meta":{"_jetpack_memberships_contains_paid_content":false,"footnotes":"","jetpack_publicize_message":"","jetpack_publicize_feature_enabled":true,"jetpack_social_post_already_shared":true,"jetpack_social_options":{"image_generator_settings":{"template":"highway","default_image_id":0,"font":"","enabled":false},"version":2}},"categories":[247,218],"tags":[76,70,165],"class_list":["post-16868","post","type-post","status-publish","format-standard","has-post-thumbnail","hentry","category-comunicados-2023","category-movimiento-obrero","tag-ctm","tag-el-pais","tag-sindicalismo"],"yoast_head":"<!-- This site is optimized with the Yoast SEO plugin v25.9 - https:\/\/yoast.com\/wordpress\/plugins\/seo\/ -->\n<title>Coincidencias y Trabajo Conjunto &#8211; FESTRAM<\/title>\n<meta name=\"description\" content=\"REUNI\u00d3N DE FESTRAM CON LA CTMRA\" \/>\n<meta name=\"robots\" content=\"index, follow, max-snippet:-1, max-image-preview:large, max-video-preview:-1\" \/>\n<link rel=\"canonical\" href=\"https:\/\/municipales.org.ar\/festram\/coincidencias-y-trabajo-conjunto\/\" \/>\n<meta property=\"og:locale\" content=\"es_ES\" \/>\n<meta property=\"og:type\" content=\"article\" \/>\n<meta property=\"og:title\" content=\"Coincidencias y Trabajo Conjunto &#8211; FESTRAM\" \/>\n<meta property=\"og:description\" content=\"REUNI\u00d3N DE FESTRAM CON LA CTMRA\" \/>\n<meta property=\"og:url\" content=\"https:\/\/municipales.org.ar\/festram\/coincidencias-y-trabajo-conjunto\/\" \/>\n<meta property=\"og:site_name\" content=\"FESTRAM\" \/>\n<meta property=\"article:publisher\" content=\"https:\/\/www.facebook.com\/MunicipalesSF\" \/>\n<meta property=\"article:published_time\" content=\"2023-12-21T18:02:05+00:00\" \/>\n<meta property=\"article:modified_time\" content=\"2024-06-28T00:15:10+00:00\" \/>\n<meta property=\"og:image\" content=\"https:\/\/municipales.org.ar\/festram\/wp-content\/uploads\/2023\/12\/WhatsApp-Image-2023-12-21-at-13.31.53-e1703181701452.jpeg\" \/>\n\t<meta property=\"og:image:width\" content=\"1600\" \/>\n\t<meta property=\"og:image:height\" content=\"1008\" \/>\n\t<meta property=\"og:image:type\" content=\"image\/jpeg\" \/>\n<meta name=\"author\" content=\"mun_admin\" \/>\n<meta name=\"twitter:card\" content=\"summary_large_image\" \/>\n<meta name=\"twitter:creator\" content=\"@MunicipalesSF\" \/>\n<meta name=\"twitter:site\" content=\"@MunicipalesSF\" \/>\n<meta name=\"twitter:label1\" content=\"Escrito por\" \/>\n\t<meta name=\"twitter:data1\" content=\"mun_admin\" \/>\n\t<meta name=\"twitter:label2\" content=\"Tiempo de lectura\" \/>\n\t<meta name=\"twitter:data2\" content=\"2 minutos\" \/>\n<script type=\"application\/ld+json\" class=\"yoast-schema-graph\">{\"@context\":\"https:\/\/schema.org\",\"@graph\":[{\"@type\":\"Article\",\"@id\":\"https:\/\/municipales.org.ar\/festram\/coincidencias-y-trabajo-conjunto\/#article\",\"isPartOf\":{\"@id\":\"https:\/\/municipales.org.ar\/festram\/coincidencias-y-trabajo-conjunto\/\"},\"author\":{\"name\":\"mun_admin\",\"@id\":\"https:\/\/municipales.org.ar\/festram\/#\/schema\/person\/49096a774c48ce9063df4d59ec059f9e\"},\"headline\":\"Coincidencias y Trabajo Conjunto\",\"datePublished\":\"2023-12-21T18:02:05+00:00\",\"dateModified\":\"2024-06-28T00:15:10+00:00\",\"mainEntityOfPage\":{\"@id\":\"https:\/\/municipales.org.ar\/festram\/coincidencias-y-trabajo-conjunto\/\"},\"wordCount\":360,\"publisher\":{\"@id\":\"https:\/\/municipales.org.ar\/festram\/#organization\"},\"image\":{\"@id\":\"https:\/\/municipales.org.ar\/festram\/coincidencias-y-trabajo-conjunto\/#primaryimage\"},\"thumbnailUrl\":\"https:\/\/municipales.org.ar\/festram\/wp-content\/uploads\/2023\/12\/WhatsApp-Image-2023-12-21-at-13.31.53-e1703181701452.jpeg\",\"keywords\":[\"ctm\",\"el pa\u00eds\",\"sindicalismo\"],\"articleSection\":[\"Comunicados 2023\",\"Movimiento Obrero\"],\"inLanguage\":\"es\"},{\"@type\":\"WebPage\",\"@id\":\"https:\/\/municipales.org.ar\/festram\/coincidencias-y-trabajo-conjunto\/\",\"url\":\"https:\/\/municipales.org.ar\/festram\/coincidencias-y-trabajo-conjunto\/\",\"name\":\"Coincidencias y Trabajo Conjunto &#8211; FESTRAM\",\"isPartOf\":{\"@id\":\"https:\/\/municipales.org.ar\/festram\/#website\"},\"primaryImageOfPage\":{\"@id\":\"https:\/\/municipales.org.ar\/festram\/coincidencias-y-trabajo-conjunto\/#primaryimage\"},\"image\":{\"@id\":\"https:\/\/municipales.org.ar\/festram\/coincidencias-y-trabajo-conjunto\/#primaryimage\"},\"thumbnailUrl\":\"https:\/\/municipales.org.ar\/festram\/wp-content\/uploads\/2023\/12\/WhatsApp-Image-2023-12-21-at-13.31.53-e1703181701452.jpeg\",\"datePublished\":\"2023-12-21T18:02:05+00:00\",\"dateModified\":\"2024-06-28T00:15:10+00:00\",\"description\":\"REUNI\u00d3N DE FESTRAM CON LA CTMRA\",\"breadcrumb\":{\"@id\":\"https:\/\/municipales.org.ar\/festram\/coincidencias-y-trabajo-conjunto\/#breadcrumb\"},\"inLanguage\":\"es\",\"potentialAction\":[{\"@type\":\"ReadAction\",\"target\":[\"https:\/\/municipales.org.ar\/festram\/coincidencias-y-trabajo-conjunto\/\"]}]},{\"@type\":\"ImageObject\",\"inLanguage\":\"es\",\"@id\":\"https:\/\/municipales.org.ar\/festram\/coincidencias-y-trabajo-conjunto\/#primaryimage\",\"url\":\"https:\/\/municipales.org.ar\/festram\/wp-content\/uploads\/2023\/12\/WhatsApp-Image-2023-12-21-at-13.31.53-e1703181701452.jpeg\",\"contentUrl\":\"https:\/\/municipales.org.ar\/festram\/wp-content\/uploads\/2023\/12\/WhatsApp-Image-2023-12-21-at-13.31.53-e1703181701452.jpeg\",\"width\":1600,\"height\":1008},{\"@type\":\"BreadcrumbList\",\"@id\":\"https:\/\/municipales.org.ar\/festram\/coincidencias-y-trabajo-conjunto\/#breadcrumb\",\"itemListElement\":[{\"@type\":\"ListItem\",\"position\":1,\"name\":\"Portada\",\"item\":\"https:\/\/municipales.org.ar\/festram\/\"},{\"@type\":\"ListItem\",\"position\":2,\"name\":\"Coincidencias y Trabajo Conjunto\"}]},{\"@type\":\"WebSite\",\"@id\":\"https:\/\/municipales.org.ar\/festram\/#website\",\"url\":\"https:\/\/municipales.org.ar\/festram\/\",\"name\":\"FESTRAM\",\"description\":\"La web de los trabajadores municipales\",\"publisher\":{\"@id\":\"https:\/\/municipales.org.ar\/festram\/#organization\"},\"potentialAction\":[{\"@type\":\"SearchAction\",\"target\":{\"@type\":\"EntryPoint\",\"urlTemplate\":\"https:\/\/municipales.org.ar\/festram\/?s={search_term_string}\"},\"query-input\":{\"@type\":\"PropertyValueSpecification\",\"valueRequired\":true,\"valueName\":\"search_term_string\"}}],\"inLanguage\":\"es\"},{\"@type\":\"Organization\",\"@id\":\"https:\/\/municipales.org.ar\/festram\/#organization\",\"name\":\"Federaci\u00f3n de Sindicatos de Trabajadores Municipales de la Provincia de Santa Fe\",\"url\":\"https:\/\/municipales.org.ar\/festram\/\",\"logo\":{\"@type\":\"ImageObject\",\"inLanguage\":\"es\",\"@id\":\"https:\/\/municipales.org.ar\/festram\/#\/schema\/logo\/image\/\",\"url\":\"https:\/\/www.municipales.org.ar\/festram\/wp-content\/uploads\/2014\/07\/logo_fes.jpg\",\"contentUrl\":\"https:\/\/www.municipales.org.ar\/festram\/wp-content\/uploads\/2014\/07\/logo_fes.jpg\",\"width\":661,\"height\":673,\"caption\":\"Federaci\u00f3n de Sindicatos de Trabajadores Municipales de la Provincia de Santa Fe\"},\"image\":{\"@id\":\"https:\/\/municipales.org.ar\/festram\/#\/schema\/logo\/image\/\"},\"sameAs\":[\"https:\/\/www.facebook.com\/MunicipalesSF\",\"https:\/\/x.com\/MunicipalesSF\",\"https:\/\/www.youtube.com\/user\/festram\"]},{\"@type\":\"Person\",\"@id\":\"https:\/\/municipales.org.ar\/festram\/#\/schema\/person\/49096a774c48ce9063df4d59ec059f9e\",\"name\":\"mun_admin\"}]}<\/script>\n<!-- \/ Yoast SEO plugin. -->","yoast_head_json":{"title":"Coincidencias y Trabajo Conjunto &#8211; FESTRAM","description":"REUNI\u00d3N DE FESTRAM CON LA CTMRA","robots":{"index":"index","follow":"follow","max-snippet":"max-snippet:-1","max-image-preview":"max-image-preview:large","max-video-preview":"max-video-preview:-1"},"canonical":"https:\/\/municipales.org.ar\/festram\/coincidencias-y-trabajo-conjunto\/","og_locale":"es_ES","og_type":"article","og_title":"Coincidencias y Trabajo Conjunto &#8211; FESTRAM","og_description":"REUNI\u00d3N DE FESTRAM CON LA CTMRA","og_url":"https:\/\/municipales.org.ar\/festram\/coincidencias-y-trabajo-conjunto\/","og_site_name":"FESTRAM","article_publisher":"https:\/\/www.facebook.com\/MunicipalesSF","article_published_time":"2023-12-21T18:02:05+00:00","article_modified_time":"2024-06-28T00:15:10+00:00","og_image":[{"width":1600,"height":1008,"url":"https:\/\/municipales.org.ar\/festram\/wp-content\/uploads\/2023\/12\/WhatsApp-Image-2023-12-21-at-13.31.53-e1703181701452.jpeg","type":"image\/jpeg"}],"author":"mun_admin","twitter_card":"summary_large_image","twitter_creator":"@MunicipalesSF","twitter_site":"@MunicipalesSF","twitter_misc":{"Escrito por":"mun_admin","Tiempo de lectura":"2 minutos"},"schema":{"@context":"https:\/\/schema.org","@graph":[{"@type":"Article","@id":"https:\/\/municipales.org.ar\/festram\/coincidencias-y-trabajo-conjunto\/#article","isPartOf":{"@id":"https:\/\/municipales.org.ar\/festram\/coincidencias-y-trabajo-conjunto\/"},"author":{"name":"mun_admin","@id":"https:\/\/municipales.org.ar\/festram\/#\/schema\/person\/49096a774c48ce9063df4d59ec059f9e"},"headline":"Coincidencias y Trabajo Conjunto","datePublished":"2023-12-21T18:02:05+00:00","dateModified":"2024-06-28T00:15:10+00:00","mainEntityOfPage":{"@id":"https:\/\/municipales.org.ar\/festram\/coincidencias-y-trabajo-conjunto\/"},"wordCount":360,"publisher":{"@id":"https:\/\/municipales.org.ar\/festram\/#organization"},"image":{"@id":"https:\/\/municipales.org.ar\/festram\/coincidencias-y-trabajo-conjunto\/#primaryimage"},"thumbnailUrl":"https:\/\/municipales.org.ar\/festram\/wp-content\/uploads\/2023\/12\/WhatsApp-Image-2023-12-21-at-13.31.53-e1703181701452.jpeg","keywords":["ctm","el pa\u00eds","sindicalismo"],"articleSection":["Comunicados 2023","Movimiento Obrero"],"inLanguage":"es"},{"@type":"WebPage","@id":"https:\/\/municipales.org.ar\/festram\/coincidencias-y-trabajo-conjunto\/","url":"https:\/\/municipales.org.ar\/festram\/coincidencias-y-trabajo-conjunto\/","name":"Coincidencias y Trabajo Conjunto &#8211; FESTRAM","isPartOf":{"@id":"https:\/\/municipales.org.ar\/festram\/#website"},"primaryImageOfPage":{"@id":"https:\/\/municipales.org.ar\/festram\/coincidencias-y-trabajo-conjunto\/#primaryimage"},"image":{"@id":"https:\/\/municipales.org.ar\/festram\/coincidencias-y-trabajo-conjunto\/#primaryimage"},"thumbnailUrl":"https:\/\/municipales.org.ar\/festram\/wp-content\/uploads\/2023\/12\/WhatsApp-Image-2023-12-21-at-13.31.53-e1703181701452.jpeg","datePublished":"2023-12-21T18:02:05+00:00","dateModified":"2024-06-28T00:15:10+00:00","description":"REUNI\u00d3N DE FESTRAM CON LA CTMRA","breadcrumb":{"@id":"https:\/\/municipales.org.ar\/festram\/coincidencias-y-trabajo-conjunto\/#breadcrumb"},"inLanguage":"es","potentialAction":[{"@type":"ReadAction","target":["https:\/\/municipales.org.ar\/festram\/coincidencias-y-trabajo-conjunto\/"]}]},{"@type":"ImageObject","inLanguage":"es","@id":"https:\/\/municipales.org.ar\/festram\/coincidencias-y-trabajo-conjunto\/#primaryimage","url":"https:\/\/municipales.org.ar\/festram\/wp-content\/uploads\/2023\/12\/WhatsApp-Image-2023-12-21-at-13.31.53-e1703181701452.jpeg","contentUrl":"https:\/\/municipales.org.ar\/festram\/wp-content\/uploads\/2023\/12\/WhatsApp-Image-2023-12-21-at-13.31.53-e1703181701452.jpeg","width":1600,"height":1008},{"@type":"BreadcrumbList","@id":"https:\/\/municipales.org.ar\/festram\/coincidencias-y-trabajo-conjunto\/#breadcrumb","itemListElement":[{"@type":"ListItem","position":1,"name":"Portada","item":"https:\/\/municipales.org.ar\/festram\/"},{"@type":"ListItem","position":2,"name":"Coincidencias y Trabajo Conjunto"}]},{"@type":"WebSite","@id":"https:\/\/municipales.org.ar\/festram\/#website","url":"https:\/\/municipales.org.ar\/festram\/","name":"FESTRAM","description":"La web de los trabajadores municipales","publisher":{"@id":"https:\/\/municipales.org.ar\/festram\/#organization"},"potentialAction":[{"@type":"SearchAction","target":{"@type":"EntryPoint","urlTemplate":"https:\/\/municipales.org.ar\/festram\/?s={search_term_string}"},"query-input":{"@type":"PropertyValueSpecification","valueRequired":true,"valueName":"search_term_string"}}],"inLanguage":"es"},{"@type":"Organization","@id":"https:\/\/municipales.org.ar\/festram\/#organization","name":"Federaci\u00f3n de Sindicatos de Trabajadores Municipales de la Provincia de Santa Fe","url":"https:\/\/municipales.org.ar\/festram\/","logo":{"@type":"ImageObject","inLanguage":"es","@id":"https:\/\/municipales.org.ar\/festram\/#\/schema\/logo\/image\/","url":"https:\/\/www.municipales.org.ar\/festram\/wp-content\/uploads\/2014\/07\/logo_fes.jpg","contentUrl":"https:\/\/www.municipales.org.ar\/festram\/wp-content\/uploads\/2014\/07\/logo_fes.jpg","width":661,"height":673,"caption":"Federaci\u00f3n de Sindicatos de Trabajadores Municipales de la Provincia de Santa Fe"},"image":{"@id":"https:\/\/municipales.org.ar\/festram\/#\/schema\/logo\/image\/"},"sameAs":["https:\/\/www.facebook.com\/MunicipalesSF","https:\/\/x.com\/MunicipalesSF","https:\/\/www.youtube.com\/user\/festram"]},{"@type":"Person","@id":"https:\/\/municipales.org.ar\/festram\/#\/schema\/person\/49096a774c48ce9063df4d59ec059f9e","name":"mun_admin"}]}},"jetpack_publicize_connections":[],"jetpack_featured_media_url":"https:\/\/municipales.org.ar\/festram\/wp-content\/uploads\/2023\/12\/WhatsApp-Image-2023-12-21-at-13.31.53-e1703181701452.jpeg","jetpack_sharing_enabled":true,"jetpack_likes_enabled":false,"jetpack_shortlink":"https:\/\/wp.me\/p7l4x1-4o4","_links":{"self":[{"href":"https:\/\/municipales.org.ar\/festram\/wp-json\/wp\/v2\/posts\/16868","targetHints":{"allow":["GET"]}}],"collection":[{"href":"https:\/\/municipales.org.ar\/festram\/wp-json\/wp\/v2\/posts"}],"about":[{"href":"https:\/\/municipales.org.ar\/festram\/wp-json\/wp\/v2\/types\/post"}],"author":[{"embeddable":true,"href":"https:\/\/municipales.org.ar\/festram\/wp-json\/wp\/v2\/users\/1"}],"replies":[{"embeddable":true,"href":"https:\/\/municipales.org.ar\/festram\/wp-json\/wp\/v2\/comments?post=16868"}],"version-history":[{"count":1,"href":"https:\/\/municipales.org.ar\/festram\/wp-json\/wp\/v2\/posts\/16868\/revisions"}],"predecessor-version":[{"id":16870,"href":"https:\/\/municipales.org.ar\/festram\/wp-json\/wp\/v2\/posts\/16868\/revisions\/16870"}],"wp:featuredmedia":[{"embeddable":true,"href":"https:\/\/municipales.org.ar\/festram\/wp-json\/wp\/v2\/media\/16869"}],"wp:attachment":[{"href":"https:\/\/municipales.org.ar\/festram\/wp-json\/wp\/v2\/media?parent=16868"}],"wp:term":[{"taxonomy":"category","embeddable":true,"href":"https:\/\/municipales.org.ar\/festram\/wp-json\/wp\/v2\/categories?post=16868"},{"taxonomy":"post_tag","embeddable":true,"href":"https:\/\/municipales.org.ar\/festram\/wp-json\/wp\/v2\/tags?post=16868"}],"curies":[{"name":"wp","href":"https:\/\/api.w.org\/{rel}","templated":true}]}}