{"id":17094,"date":"2024-03-11T16:53:56","date_gmt":"2024-03-11T19:53:56","guid":{"rendered":"https:\/\/municipales.org.ar\/festram\/?p=17094"},"modified":"2024-09-26T10:55:31","modified_gmt":"2024-09-26T13:55:31","slug":"denuncia-penal-contra-dirigentes-del-seom-rafaela","status":"publish","type":"post","link":"https:\/\/municipales.org.ar\/festram\/denuncia-penal-contra-dirigentes-del-seom-rafaela\/","title":{"rendered":"Denuncia Penal contra dirigentes del SEOM Rafaela"},"content":{"rendered":"\n<p><\/p>\n\n\n\n<h2 class=\"wp-block-heading\"><strong>SE INVESTIGA UNA MILLONARIA DEFRAUDACI\u00d3N ECON\u00d3MICA A FESTRAM&nbsp;<\/strong><\/h2>\n\n\n\n<p><br>El pasado jueves 7 de marzo en la Fiscal\u00eda de la ciudad de Rafaela, FESTRAM present\u00f3 una denuncia penal -como se hab\u00eda oportunamente anunciado en conferencia de prensa- contra el Secretario General del SEOM Rafaela, Dar\u00edo Cocco y la Secretaria Adjunta Anah\u00ed Raffaelli.<\/p>\n\n\n\n<p>Los dirigentes del SEOM fueron denunciados ya que utilizando el argumento de la desafiliaci\u00f3n a FESTRAM, de manera enga\u00f1osa solicitaron a las Administraciones Municipales y Comunales, recursos que son propiedad de la Federaci\u00f3n, ocasion\u00e1ndole a nuestra organizaci\u00f3n sindical, un millonario da\u00f1o econ\u00f3mico. La desafiliaci\u00f3n de SEOM a FESTRAM no provoca el cambio de propiedad de recursos que forman parte de la Federaci\u00f3n.<\/p>\n\n\n\n<p>Tambi\u00e9n ser\u00e1 objeto de la investigaci\u00f3n si los Intendentes y Presidentes Comunales del Departamento Castellanos que dieron un destino equivocado al dinero de FESTRAM fueron inducidos a error o actuaron bajo un acuerdo con los dirigentes del SEOM que se encuentran denunciados.<\/p>\n\n\n\n<p>Queda de esta forma, nuevamente, expuesto el accionar de estos dirigentes, quienes avanzaron en su desafiliaci\u00f3n de nuestra Federaci\u00f3n y que en los hechos lo \u00fanico que han conseguido son acuerdos salariales a la baja, y diferenciados entre Rafaela y las Comunas, produciendo un deterioro real en los ingresos de la familia municipal.<\/p>\n\n\n\n<h6 class=\"wp-block-heading\">Prensa FESTRAM<\/h6>\n","protected":false},"excerpt":{"rendered":"<p>Se investiga una millonaria defraudaci\u00f3n econ\u00f3mica a FESTRAM<\/p>\n","protected":false},"author":1,"featured_media":17095,"comment_status":"closed","ping_status":"closed","sticky":false,"template":"","format":"standard","meta":{"_jetpack_memberships_contains_paid_content":false,"footnotes":"","jetpack_publicize_message":"","jetpack_publicize_feature_enabled":true,"jetpack_social_post_already_shared":true,"jetpack_social_options":{"image_generator_settings":{"template":"highway","default_image_id":0,"font":"","enabled":false},"version":2}},"categories":[253,57],"tags":[148,67],"class_list":["post-17094","post","type-post","status-publish","format-standard","has-post-thumbnail","hentry","category-comunicados-2024","category-sindicatos-noticias","tag-rafaela","tag-sindicatos-afiliados"],"yoast_head":"<!-- This site is optimized with the Yoast SEO plugin v25.9 - https:\/\/yoast.com\/wordpress\/plugins\/seo\/ -->\n<title>Denuncia Penal contra dirigentes del SEOM Rafaela &#8211; FESTRAM<\/title>\n<meta name=\"description\" content=\"Se investiga una millonaria defraudaci\u00f3n econ\u00f3mica a FESTRAM\" \/>\n<meta name=\"robots\" content=\"index, follow, max-snippet:-1, max-image-preview:large, max-video-preview:-1\" \/>\n<link rel=\"canonical\" href=\"https:\/\/municipales.org.ar\/festram\/denuncia-penal-contra-dirigentes-del-seom-rafaela\/\" \/>\n<meta property=\"og:locale\" content=\"es_ES\" \/>\n<meta property=\"og:type\" content=\"article\" \/>\n<meta property=\"og:title\" content=\"Denuncia Penal contra dirigentes del SEOM Rafaela &#8211; FESTRAM\" \/>\n<meta property=\"og:description\" content=\"Se investiga una millonaria defraudaci\u00f3n econ\u00f3mica a FESTRAM\" \/>\n<meta property=\"og:url\" content=\"https:\/\/municipales.org.ar\/festram\/denuncia-penal-contra-dirigentes-del-seom-rafaela\/\" \/>\n<meta property=\"og:site_name\" content=\"FESTRAM\" \/>\n<meta property=\"article:publisher\" content=\"https:\/\/www.facebook.com\/MunicipalesSF\" \/>\n<meta property=\"article:published_time\" content=\"2024-03-11T19:53:56+00:00\" \/>\n<meta property=\"article:modified_time\" content=\"2024-09-26T13:55:31+00:00\" \/>\n<meta property=\"og:image\" content=\"https:\/\/municipales.org.ar\/festram\/wp-content\/uploads\/2024\/03\/cocco.webp\" \/>\n\t<meta property=\"og:image:width\" content=\"1000\" \/>\n\t<meta property=\"og:image:height\" content=\"666\" \/>\n\t<meta property=\"og:image:type\" content=\"image\/webp\" \/>\n<meta name=\"author\" content=\"mun_admin\" \/>\n<meta name=\"twitter:card\" content=\"summary_large_image\" \/>\n<meta name=\"twitter:creator\" content=\"@MunicipalesSF\" \/>\n<meta name=\"twitter:site\" content=\"@MunicipalesSF\" \/>\n<meta name=\"twitter:label1\" content=\"Escrito por\" \/>\n\t<meta name=\"twitter:data1\" content=\"mun_admin\" \/>\n\t<meta name=\"twitter:label2\" content=\"Tiempo de lectura\" \/>\n\t<meta name=\"twitter:data2\" content=\"2 minutos\" \/>\n<script type=\"application\/ld+json\" class=\"yoast-schema-graph\">{\"@context\":\"https:\/\/schema.org\",\"@graph\":[{\"@type\":\"Article\",\"@id\":\"https:\/\/municipales.org.ar\/festram\/denuncia-penal-contra-dirigentes-del-seom-rafaela\/#article\",\"isPartOf\":{\"@id\":\"https:\/\/municipales.org.ar\/festram\/denuncia-penal-contra-dirigentes-del-seom-rafaela\/\"},\"author\":{\"name\":\"mun_admin\",\"@id\":\"https:\/\/municipales.org.ar\/festram\/#\/schema\/person\/49096a774c48ce9063df4d59ec059f9e\"},\"headline\":\"Denuncia Penal contra dirigentes del SEOM Rafaela\",\"datePublished\":\"2024-03-11T19:53:56+00:00\",\"dateModified\":\"2024-09-26T13:55:31+00:00\",\"mainEntityOfPage\":{\"@id\":\"https:\/\/municipales.org.ar\/festram\/denuncia-penal-contra-dirigentes-del-seom-rafaela\/\"},\"wordCount\":235,\"publisher\":{\"@id\":\"https:\/\/municipales.org.ar\/festram\/#organization\"},\"image\":{\"@id\":\"https:\/\/municipales.org.ar\/festram\/denuncia-penal-contra-dirigentes-del-seom-rafaela\/#primaryimage\"},\"thumbnailUrl\":\"https:\/\/municipales.org.ar\/festram\/wp-content\/uploads\/2024\/03\/cocco.webp\",\"keywords\":[\"rafaela\",\"sindicatos afiliados\"],\"articleSection\":[\"Comunicados 2024\",\"Sindicatos Noticias\"],\"inLanguage\":\"es\"},{\"@type\":\"WebPage\",\"@id\":\"https:\/\/municipales.org.ar\/festram\/denuncia-penal-contra-dirigentes-del-seom-rafaela\/\",\"url\":\"https:\/\/municipales.org.ar\/festram\/denuncia-penal-contra-dirigentes-del-seom-rafaela\/\",\"name\":\"Denuncia Penal contra dirigentes del SEOM Rafaela &#8211; FESTRAM\",\"isPartOf\":{\"@id\":\"https:\/\/municipales.org.ar\/festram\/#website\"},\"primaryImageOfPage\":{\"@id\":\"https:\/\/municipales.org.ar\/festram\/denuncia-penal-contra-dirigentes-del-seom-rafaela\/#primaryimage\"},\"image\":{\"@id\":\"https:\/\/municipales.org.ar\/festram\/denuncia-penal-contra-dirigentes-del-seom-rafaela\/#primaryimage\"},\"thumbnailUrl\":\"https:\/\/municipales.org.ar\/festram\/wp-content\/uploads\/2024\/03\/cocco.webp\",\"datePublished\":\"2024-03-11T19:53:56+00:00\",\"dateModified\":\"2024-09-26T13:55:31+00:00\",\"description\":\"Se investiga una millonaria defraudaci\u00f3n econ\u00f3mica a FESTRAM\",\"breadcrumb\":{\"@id\":\"https:\/\/municipales.org.ar\/festram\/denuncia-penal-contra-dirigentes-del-seom-rafaela\/#breadcrumb\"},\"inLanguage\":\"es\",\"potentialAction\":[{\"@type\":\"ReadAction\",\"target\":[\"https:\/\/municipales.org.ar\/festram\/denuncia-penal-contra-dirigentes-del-seom-rafaela\/\"]}]},{\"@type\":\"ImageObject\",\"inLanguage\":\"es\",\"@id\":\"https:\/\/municipales.org.ar\/festram\/denuncia-penal-contra-dirigentes-del-seom-rafaela\/#primaryimage\",\"url\":\"https:\/\/municipales.org.ar\/festram\/wp-content\/uploads\/2024\/03\/cocco.webp\",\"contentUrl\":\"https:\/\/municipales.org.ar\/festram\/wp-content\/uploads\/2024\/03\/cocco.webp\",\"width\":1000,\"height\":666},{\"@type\":\"BreadcrumbList\",\"@id\":\"https:\/\/municipales.org.ar\/festram\/denuncia-penal-contra-dirigentes-del-seom-rafaela\/#breadcrumb\",\"itemListElement\":[{\"@type\":\"ListItem\",\"position\":1,\"name\":\"Portada\",\"item\":\"https:\/\/municipales.org.ar\/festram\/\"},{\"@type\":\"ListItem\",\"position\":2,\"name\":\"Denuncia Penal contra dirigentes del SEOM Rafaela\"}]},{\"@type\":\"WebSite\",\"@id\":\"https:\/\/municipales.org.ar\/festram\/#website\",\"url\":\"https:\/\/municipales.org.ar\/festram\/\",\"name\":\"FESTRAM\",\"description\":\"La web de los trabajadores municipales\",\"publisher\":{\"@id\":\"https:\/\/municipales.org.ar\/festram\/#organization\"},\"potentialAction\":[{\"@type\":\"SearchAction\",\"target\":{\"@type\":\"EntryPoint\",\"urlTemplate\":\"https:\/\/municipales.org.ar\/festram\/?s={search_term_string}\"},\"query-input\":{\"@type\":\"PropertyValueSpecification\",\"valueRequired\":true,\"valueName\":\"search_term_string\"}}],\"inLanguage\":\"es\"},{\"@type\":\"Organization\",\"@id\":\"https:\/\/municipales.org.ar\/festram\/#organization\",\"name\":\"Federaci\u00f3n de Sindicatos de Trabajadores Municipales de la Provincia de Santa Fe\",\"url\":\"https:\/\/municipales.org.ar\/festram\/\",\"logo\":{\"@type\":\"ImageObject\",\"inLanguage\":\"es\",\"@id\":\"https:\/\/municipales.org.ar\/festram\/#\/schema\/logo\/image\/\",\"url\":\"https:\/\/www.municipales.org.ar\/festram\/wp-content\/uploads\/2014\/07\/logo_fes.jpg\",\"contentUrl\":\"https:\/\/www.municipales.org.ar\/festram\/wp-content\/uploads\/2014\/07\/logo_fes.jpg\",\"width\":661,\"height\":673,\"caption\":\"Federaci\u00f3n de Sindicatos de Trabajadores Municipales de la Provincia de Santa Fe\"},\"image\":{\"@id\":\"https:\/\/municipales.org.ar\/festram\/#\/schema\/logo\/image\/\"},\"sameAs\":[\"https:\/\/www.facebook.com\/MunicipalesSF\",\"https:\/\/x.com\/MunicipalesSF\",\"https:\/\/www.youtube.com\/user\/festram\"]},{\"@type\":\"Person\",\"@id\":\"https:\/\/municipales.org.ar\/festram\/#\/schema\/person\/49096a774c48ce9063df4d59ec059f9e\",\"name\":\"mun_admin\"}]}<\/script>\n<!-- \/ Yoast SEO plugin. -->","yoast_head_json":{"title":"Denuncia Penal contra dirigentes del SEOM Rafaela &#8211; FESTRAM","description":"Se investiga una millonaria defraudaci\u00f3n econ\u00f3mica a FESTRAM","robots":{"index":"index","follow":"follow","max-snippet":"max-snippet:-1","max-image-preview":"max-image-preview:large","max-video-preview":"max-video-preview:-1"},"canonical":"https:\/\/municipales.org.ar\/festram\/denuncia-penal-contra-dirigentes-del-seom-rafaela\/","og_locale":"es_ES","og_type":"article","og_title":"Denuncia Penal contra dirigentes del SEOM Rafaela &#8211; FESTRAM","og_description":"Se investiga una millonaria defraudaci\u00f3n econ\u00f3mica a FESTRAM","og_url":"https:\/\/municipales.org.ar\/festram\/denuncia-penal-contra-dirigentes-del-seom-rafaela\/","og_site_name":"FESTRAM","article_publisher":"https:\/\/www.facebook.com\/MunicipalesSF","article_published_time":"2024-03-11T19:53:56+00:00","article_modified_time":"2024-09-26T13:55:31+00:00","og_image":[{"width":1000,"height":666,"url":"https:\/\/municipales.org.ar\/festram\/wp-content\/uploads\/2024\/03\/cocco.webp","type":"image\/webp"}],"author":"mun_admin","twitter_card":"summary_large_image","twitter_creator":"@MunicipalesSF","twitter_site":"@MunicipalesSF","twitter_misc":{"Escrito por":"mun_admin","Tiempo de lectura":"2 minutos"},"schema":{"@context":"https:\/\/schema.org","@graph":[{"@type":"Article","@id":"https:\/\/municipales.org.ar\/festram\/denuncia-penal-contra-dirigentes-del-seom-rafaela\/#article","isPartOf":{"@id":"https:\/\/municipales.org.ar\/festram\/denuncia-penal-contra-dirigentes-del-seom-rafaela\/"},"author":{"name":"mun_admin","@id":"https:\/\/municipales.org.ar\/festram\/#\/schema\/person\/49096a774c48ce9063df4d59ec059f9e"},"headline":"Denuncia Penal contra dirigentes del SEOM Rafaela","datePublished":"2024-03-11T19:53:56+00:00","dateModified":"2024-09-26T13:55:31+00:00","mainEntityOfPage":{"@id":"https:\/\/municipales.org.ar\/festram\/denuncia-penal-contra-dirigentes-del-seom-rafaela\/"},"wordCount":235,"publisher":{"@id":"https:\/\/municipales.org.ar\/festram\/#organization"},"image":{"@id":"https:\/\/municipales.org.ar\/festram\/denuncia-penal-contra-dirigentes-del-seom-rafaela\/#primaryimage"},"thumbnailUrl":"https:\/\/municipales.org.ar\/festram\/wp-content\/uploads\/2024\/03\/cocco.webp","keywords":["rafaela","sindicatos afiliados"],"articleSection":["Comunicados 2024","Sindicatos Noticias"],"inLanguage":"es"},{"@type":"WebPage","@id":"https:\/\/municipales.org.ar\/festram\/denuncia-penal-contra-dirigentes-del-seom-rafaela\/","url":"https:\/\/municipales.org.ar\/festram\/denuncia-penal-contra-dirigentes-del-seom-rafaela\/","name":"Denuncia Penal contra dirigentes del SEOM Rafaela &#8211; FESTRAM","isPartOf":{"@id":"https:\/\/municipales.org.ar\/festram\/#website"},"primaryImageOfPage":{"@id":"https:\/\/municipales.org.ar\/festram\/denuncia-penal-contra-dirigentes-del-seom-rafaela\/#primaryimage"},"image":{"@id":"https:\/\/municipales.org.ar\/festram\/denuncia-penal-contra-dirigentes-del-seom-rafaela\/#primaryimage"},"thumbnailUrl":"https:\/\/municipales.org.ar\/festram\/wp-content\/uploads\/2024\/03\/cocco.webp","datePublished":"2024-03-11T19:53:56+00:00","dateModified":"2024-09-26T13:55:31+00:00","description":"Se investiga una millonaria defraudaci\u00f3n econ\u00f3mica a FESTRAM","breadcrumb":{"@id":"https:\/\/municipales.org.ar\/festram\/denuncia-penal-contra-dirigentes-del-seom-rafaela\/#breadcrumb"},"inLanguage":"es","potentialAction":[{"@type":"ReadAction","target":["https:\/\/municipales.org.ar\/festram\/denuncia-penal-contra-dirigentes-del-seom-rafaela\/"]}]},{"@type":"ImageObject","inLanguage":"es","@id":"https:\/\/municipales.org.ar\/festram\/denuncia-penal-contra-dirigentes-del-seom-rafaela\/#primaryimage","url":"https:\/\/municipales.org.ar\/festram\/wp-content\/uploads\/2024\/03\/cocco.webp","contentUrl":"https:\/\/municipales.org.ar\/festram\/wp-content\/uploads\/2024\/03\/cocco.webp","width":1000,"height":666},{"@type":"BreadcrumbList","@id":"https:\/\/municipales.org.ar\/festram\/denuncia-penal-contra-dirigentes-del-seom-rafaela\/#breadcrumb","itemListElement":[{"@type":"ListItem","position":1,"name":"Portada","item":"https:\/\/municipales.org.ar\/festram\/"},{"@type":"ListItem","position":2,"name":"Denuncia Penal contra dirigentes del SEOM Rafaela"}]},{"@type":"WebSite","@id":"https:\/\/municipales.org.ar\/festram\/#website","url":"https:\/\/municipales.org.ar\/festram\/","name":"FESTRAM","description":"La web de los trabajadores municipales","publisher":{"@id":"https:\/\/municipales.org.ar\/festram\/#organization"},"potentialAction":[{"@type":"SearchAction","target":{"@type":"EntryPoint","urlTemplate":"https:\/\/municipales.org.ar\/festram\/?s={search_term_string}"},"query-input":{"@type":"PropertyValueSpecification","valueRequired":true,"valueName":"search_term_string"}}],"inLanguage":"es"},{"@type":"Organization","@id":"https:\/\/municipales.org.ar\/festram\/#organization","name":"Federaci\u00f3n de Sindicatos de Trabajadores Municipales de la Provincia de Santa Fe","url":"https:\/\/municipales.org.ar\/festram\/","logo":{"@type":"ImageObject","inLanguage":"es","@id":"https:\/\/municipales.org.ar\/festram\/#\/schema\/logo\/image\/","url":"https:\/\/www.municipales.org.ar\/festram\/wp-content\/uploads\/2014\/07\/logo_fes.jpg","contentUrl":"https:\/\/www.municipales.org.ar\/festram\/wp-content\/uploads\/2014\/07\/logo_fes.jpg","width":661,"height":673,"caption":"Federaci\u00f3n de Sindicatos de Trabajadores Municipales de la Provincia de Santa Fe"},"image":{"@id":"https:\/\/municipales.org.ar\/festram\/#\/schema\/logo\/image\/"},"sameAs":["https:\/\/www.facebook.com\/MunicipalesSF","https:\/\/x.com\/MunicipalesSF","https:\/\/www.youtube.com\/user\/festram"]},{"@type":"Person","@id":"https:\/\/municipales.org.ar\/festram\/#\/schema\/person\/49096a774c48ce9063df4d59ec059f9e","name":"mun_admin"}]}},"jetpack_publicize_connections":[],"jetpack_featured_media_url":"https:\/\/municipales.org.ar\/festram\/wp-content\/uploads\/2024\/03\/cocco.webp","jetpack_sharing_enabled":true,"jetpack_likes_enabled":false,"jetpack_shortlink":"https:\/\/wp.me\/p7l4x1-4rI","_links":{"self":[{"href":"https:\/\/municipales.org.ar\/festram\/wp-json\/wp\/v2\/posts\/17094","targetHints":{"allow":["GET"]}}],"collection":[{"href":"https:\/\/municipales.org.ar\/festram\/wp-json\/wp\/v2\/posts"}],"about":[{"href":"https:\/\/municipales.org.ar\/festram\/wp-json\/wp\/v2\/types\/post"}],"author":[{"embeddable":true,"href":"https:\/\/municipales.org.ar\/festram\/wp-json\/wp\/v2\/users\/1"}],"replies":[{"embeddable":true,"href":"https:\/\/municipales.org.ar\/festram\/wp-json\/wp\/v2\/comments?post=17094"}],"version-history":[{"count":1,"href":"https:\/\/municipales.org.ar\/festram\/wp-json\/wp\/v2\/posts\/17094\/revisions"}],"predecessor-version":[{"id":17096,"href":"https:\/\/municipales.org.ar\/festram\/wp-json\/wp\/v2\/posts\/17094\/revisions\/17096"}],"wp:featuredmedia":[{"embeddable":true,"href":"https:\/\/municipales.org.ar\/festram\/wp-json\/wp\/v2\/media\/17095"}],"wp:attachment":[{"href":"https:\/\/municipales.org.ar\/festram\/wp-json\/wp\/v2\/media?parent=17094"}],"wp:term":[{"taxonomy":"category","embeddable":true,"href":"https:\/\/municipales.org.ar\/festram\/wp-json\/wp\/v2\/categories?post=17094"},{"taxonomy":"post_tag","embeddable":true,"href":"https:\/\/municipales.org.ar\/festram\/wp-json\/wp\/v2\/tags?post=17094"}],"curies":[{"name":"wp","href":"https:\/\/api.w.org\/{rel}","templated":true}]}}