{"id":17146,"date":"2024-04-17T10:48:10","date_gmt":"2024-04-17T13:48:10","guid":{"rendered":"https:\/\/municipales.org.ar\/festram\/?p=17146"},"modified":"2024-05-22T15:59:05","modified_gmt":"2024-05-22T18:59:05","slug":"ignacio-monzon-expuso-en-encuentro-sindical","status":"publish","type":"post","link":"https:\/\/municipales.org.ar\/festram\/ignacio-monzon-expuso-en-encuentro-sindical\/","title":{"rendered":"Ignacio Monz\u00f3n expuso en Encuentro Sindical"},"content":{"rendered":"\n<h2 class=\"wp-block-heading\"><strong>CONGRESO DEL SOEPU EN C\u00d3RDOBA<\/strong><\/h2>\n\n\n\n<p><\/p>\n\n\n\n<p><br>El Secretario General de FESTRAM Ignacio Monz\u00f3n -en su car\u00e1cter de Secretario General de la CGT San Lorenzo- y el Secretario Gremial e Interior Miguel Simonutti participaron en el Congreso Laboral, de Capacitaci\u00f3n y Formaci\u00f3n anual de delegados, organizado por el Sindicato de Obreros y Empleados Petroqu\u00edmicos Unidos (SOEPU) en Villa Carlos Paz (C\u00f3rdoba), el 10 y 11 de abril pasado.<\/p>\n\n\n\n<p>Ambos dirigentes de la Federaci\u00f3n fueron parte de este evento &#8211; realizado en el marco del 60 aniversario del Sindicato que tiene su sede en la ciudad de San Lorenzo- donde tambi\u00e9n se resalt\u00f3 la presencia de delegados de las tres plantas del sector: DOW, CORTEVA y PAMPA ENERG\u00cdA y de representantes de la Industria Qu\u00edmica-Petroqu\u00edmica de Estados Unidos y Turqu\u00eda.<br><\/p>\n\n\n\n<figure class=\"wp-block-image size-large\"><img loading=\"lazy\" decoding=\"async\" width=\"1024\" height=\"684\" src=\"https:\/\/municipales.org.ar\/festram\/wp-content\/uploads\/2024\/04\/CBA2-1024x684.jpg\" alt=\"\" class=\"wp-image-17147\" srcset=\"https:\/\/municipales.org.ar\/festram\/wp-content\/uploads\/2024\/04\/CBA2-1024x684.jpg 1024w, https:\/\/municipales.org.ar\/festram\/wp-content\/uploads\/2024\/04\/CBA2-300x200.jpg 300w, https:\/\/municipales.org.ar\/festram\/wp-content\/uploads\/2024\/04\/CBA2-768x513.jpg 768w, https:\/\/municipales.org.ar\/festram\/wp-content\/uploads\/2024\/04\/CBA2-1536x1025.jpg 1536w, https:\/\/municipales.org.ar\/festram\/wp-content\/uploads\/2024\/04\/CBA2.jpg 1600w\" sizes=\"auto, (max-width: 1024px) 100vw, 1024px\" \/><\/figure>\n\n\n\n<p><br>La realidad social, econ\u00f3mica, pol\u00edtica y sindical por la que atraviesa nuestro pa\u00eds estuvo en el centro de las deliberaciones, abordada por distintos dirigentes, asesores y profesionales, para explicar y analizar desde cuestiones pol\u00edticas hasta el impacto que varias de las leyes presentadas hoy en el Congreso Nacional (DNU, Reforma Laboral, entre otras) tienen y tendr\u00e1n en la vida de millones de familias trabajadoras.\u00a0<\/p>\n\n\n\n<p>El Secretario General de FESTRAM, valor\u00f3, fuertemente, la convocatoria y la organizaci\u00f3n de la actividad y resalt\u00f3 la necesidad de seguir generando instancias y acciones entre los gremios del cord\u00f3n industrial norte de Rosario.<br><\/p>\n\n\n<p><iframe loading=\"lazy\" src=\"https:\/\/www.facebook.com\/plugins\/post.php?href=https%3A%2F%2Fwww.facebook.com%2Fpermalink.php%3Fstory_fbid%3Dpfbid0FM5vDM6w3udA3mHKGe9RRWREL4rYwH6NCYFKuV3tvGp1WfY5ELx2fpyohTwcPH5ol%26id%3D100064588003897&#038;show_text=true&#038;width=500\" width=\"500\" height=\"748\" style=\"border:none;overflow:hidden\" scrolling=\"no\" frameborder=\"0\" allowfullscreen=\"true\" allow=\"autoplay; clipboard-write; encrypted-media; picture-in-picture; web-share\"><\/iframe><\/p>\n","protected":false},"excerpt":{"rendered":"<p>CONGRESO DEL SOEPU EN C\u00d3RDOBA<\/p>\n","protected":false},"author":1,"featured_media":17148,"comment_status":"closed","ping_status":"closed","sticky":false,"template":"","format":"standard","meta":{"_jetpack_memberships_contains_paid_content":false,"footnotes":"","jetpack_publicize_message":"","jetpack_publicize_feature_enabled":true,"jetpack_social_post_already_shared":true,"jetpack_social_options":{"image_generator_settings":{"template":"highway","default_image_id":0,"font":"","enabled":false},"version":2}},"categories":[253,218],"tags":[152],"class_list":["post-17146","post","type-post","status-publish","format-standard","has-post-thumbnail","hentry","category-comunicados-2024","category-movimiento-obrero","tag-cgt"],"yoast_head":"<!-- This site is optimized with the Yoast SEO plugin v25.9 - https:\/\/yoast.com\/wordpress\/plugins\/seo\/ -->\n<title>Ignacio Monz\u00f3n expuso en Encuentro Sindical &#8211; FESTRAM<\/title>\n<meta name=\"description\" content=\"CONGRESO DEL SOEPU EN C\u00d3RDOBA\" \/>\n<meta name=\"robots\" content=\"index, follow, max-snippet:-1, max-image-preview:large, max-video-preview:-1\" \/>\n<link rel=\"canonical\" href=\"https:\/\/municipales.org.ar\/festram\/ignacio-monzon-expuso-en-encuentro-sindical\/\" \/>\n<meta property=\"og:locale\" content=\"es_ES\" \/>\n<meta property=\"og:type\" content=\"article\" \/>\n<meta property=\"og:title\" content=\"Ignacio Monz\u00f3n expuso en Encuentro Sindical &#8211; FESTRAM\" \/>\n<meta property=\"og:description\" content=\"CONGRESO DEL SOEPU EN C\u00d3RDOBA\" \/>\n<meta property=\"og:url\" content=\"https:\/\/municipales.org.ar\/festram\/ignacio-monzon-expuso-en-encuentro-sindical\/\" \/>\n<meta property=\"og:site_name\" content=\"FESTRAM\" \/>\n<meta property=\"article:publisher\" content=\"https:\/\/www.facebook.com\/MunicipalesSF\" \/>\n<meta property=\"article:published_time\" content=\"2024-04-17T13:48:10+00:00\" \/>\n<meta property=\"article:modified_time\" content=\"2024-05-22T18:59:05+00:00\" \/>\n<meta property=\"og:image\" content=\"https:\/\/municipales.org.ar\/festram\/wp-content\/uploads\/2024\/04\/CBA1.jpg\" \/>\n\t<meta property=\"og:image:width\" content=\"1600\" \/>\n\t<meta property=\"og:image:height\" content=\"1068\" \/>\n\t<meta property=\"og:image:type\" content=\"image\/jpeg\" \/>\n<meta name=\"author\" content=\"mun_admin\" \/>\n<meta name=\"twitter:card\" content=\"summary_large_image\" \/>\n<meta name=\"twitter:creator\" content=\"@MunicipalesSF\" \/>\n<meta name=\"twitter:site\" content=\"@MunicipalesSF\" \/>\n<meta name=\"twitter:label1\" content=\"Escrito por\" \/>\n\t<meta name=\"twitter:data1\" content=\"mun_admin\" \/>\n\t<meta name=\"twitter:label2\" content=\"Tiempo de lectura\" \/>\n\t<meta name=\"twitter:data2\" content=\"2 minutos\" \/>\n<script type=\"application\/ld+json\" class=\"yoast-schema-graph\">{\"@context\":\"https:\/\/schema.org\",\"@graph\":[{\"@type\":\"Article\",\"@id\":\"https:\/\/municipales.org.ar\/festram\/ignacio-monzon-expuso-en-encuentro-sindical\/#article\",\"isPartOf\":{\"@id\":\"https:\/\/municipales.org.ar\/festram\/ignacio-monzon-expuso-en-encuentro-sindical\/\"},\"author\":{\"name\":\"mun_admin\",\"@id\":\"https:\/\/municipales.org.ar\/festram\/#\/schema\/person\/49096a774c48ce9063df4d59ec059f9e\"},\"headline\":\"Ignacio Monz\u00f3n expuso en Encuentro Sindical\",\"datePublished\":\"2024-04-17T13:48:10+00:00\",\"dateModified\":\"2024-05-22T18:59:05+00:00\",\"mainEntityOfPage\":{\"@id\":\"https:\/\/municipales.org.ar\/festram\/ignacio-monzon-expuso-en-encuentro-sindical\/\"},\"wordCount\":249,\"publisher\":{\"@id\":\"https:\/\/municipales.org.ar\/festram\/#organization\"},\"image\":{\"@id\":\"https:\/\/municipales.org.ar\/festram\/ignacio-monzon-expuso-en-encuentro-sindical\/#primaryimage\"},\"thumbnailUrl\":\"https:\/\/municipales.org.ar\/festram\/wp-content\/uploads\/2024\/04\/CBA1.jpg\",\"keywords\":[\"CGT\"],\"articleSection\":[\"Comunicados 2024\",\"Movimiento Obrero\"],\"inLanguage\":\"es\"},{\"@type\":\"WebPage\",\"@id\":\"https:\/\/municipales.org.ar\/festram\/ignacio-monzon-expuso-en-encuentro-sindical\/\",\"url\":\"https:\/\/municipales.org.ar\/festram\/ignacio-monzon-expuso-en-encuentro-sindical\/\",\"name\":\"Ignacio Monz\u00f3n expuso en Encuentro Sindical &#8211; FESTRAM\",\"isPartOf\":{\"@id\":\"https:\/\/municipales.org.ar\/festram\/#website\"},\"primaryImageOfPage\":{\"@id\":\"https:\/\/municipales.org.ar\/festram\/ignacio-monzon-expuso-en-encuentro-sindical\/#primaryimage\"},\"image\":{\"@id\":\"https:\/\/municipales.org.ar\/festram\/ignacio-monzon-expuso-en-encuentro-sindical\/#primaryimage\"},\"thumbnailUrl\":\"https:\/\/municipales.org.ar\/festram\/wp-content\/uploads\/2024\/04\/CBA1.jpg\",\"datePublished\":\"2024-04-17T13:48:10+00:00\",\"dateModified\":\"2024-05-22T18:59:05+00:00\",\"description\":\"CONGRESO DEL SOEPU EN C\u00d3RDOBA\",\"breadcrumb\":{\"@id\":\"https:\/\/municipales.org.ar\/festram\/ignacio-monzon-expuso-en-encuentro-sindical\/#breadcrumb\"},\"inLanguage\":\"es\",\"potentialAction\":[{\"@type\":\"ReadAction\",\"target\":[\"https:\/\/municipales.org.ar\/festram\/ignacio-monzon-expuso-en-encuentro-sindical\/\"]}]},{\"@type\":\"ImageObject\",\"inLanguage\":\"es\",\"@id\":\"https:\/\/municipales.org.ar\/festram\/ignacio-monzon-expuso-en-encuentro-sindical\/#primaryimage\",\"url\":\"https:\/\/municipales.org.ar\/festram\/wp-content\/uploads\/2024\/04\/CBA1.jpg\",\"contentUrl\":\"https:\/\/municipales.org.ar\/festram\/wp-content\/uploads\/2024\/04\/CBA1.jpg\",\"width\":1600,\"height\":1068},{\"@type\":\"BreadcrumbList\",\"@id\":\"https:\/\/municipales.org.ar\/festram\/ignacio-monzon-expuso-en-encuentro-sindical\/#breadcrumb\",\"itemListElement\":[{\"@type\":\"ListItem\",\"position\":1,\"name\":\"Portada\",\"item\":\"https:\/\/municipales.org.ar\/festram\/\"},{\"@type\":\"ListItem\",\"position\":2,\"name\":\"Ignacio Monz\u00f3n expuso en Encuentro Sindical\"}]},{\"@type\":\"WebSite\",\"@id\":\"https:\/\/municipales.org.ar\/festram\/#website\",\"url\":\"https:\/\/municipales.org.ar\/festram\/\",\"name\":\"FESTRAM\",\"description\":\"La web de los trabajadores municipales\",\"publisher\":{\"@id\":\"https:\/\/municipales.org.ar\/festram\/#organization\"},\"potentialAction\":[{\"@type\":\"SearchAction\",\"target\":{\"@type\":\"EntryPoint\",\"urlTemplate\":\"https:\/\/municipales.org.ar\/festram\/?s={search_term_string}\"},\"query-input\":{\"@type\":\"PropertyValueSpecification\",\"valueRequired\":true,\"valueName\":\"search_term_string\"}}],\"inLanguage\":\"es\"},{\"@type\":\"Organization\",\"@id\":\"https:\/\/municipales.org.ar\/festram\/#organization\",\"name\":\"Federaci\u00f3n de Sindicatos de Trabajadores Municipales de la Provincia de Santa Fe\",\"url\":\"https:\/\/municipales.org.ar\/festram\/\",\"logo\":{\"@type\":\"ImageObject\",\"inLanguage\":\"es\",\"@id\":\"https:\/\/municipales.org.ar\/festram\/#\/schema\/logo\/image\/\",\"url\":\"https:\/\/www.municipales.org.ar\/festram\/wp-content\/uploads\/2014\/07\/logo_fes.jpg\",\"contentUrl\":\"https:\/\/www.municipales.org.ar\/festram\/wp-content\/uploads\/2014\/07\/logo_fes.jpg\",\"width\":661,\"height\":673,\"caption\":\"Federaci\u00f3n de Sindicatos de Trabajadores Municipales de la Provincia de Santa Fe\"},\"image\":{\"@id\":\"https:\/\/municipales.org.ar\/festram\/#\/schema\/logo\/image\/\"},\"sameAs\":[\"https:\/\/www.facebook.com\/MunicipalesSF\",\"https:\/\/x.com\/MunicipalesSF\",\"https:\/\/www.youtube.com\/user\/festram\"]},{\"@type\":\"Person\",\"@id\":\"https:\/\/municipales.org.ar\/festram\/#\/schema\/person\/49096a774c48ce9063df4d59ec059f9e\",\"name\":\"mun_admin\"}]}<\/script>\n<!-- \/ Yoast SEO plugin. -->","yoast_head_json":{"title":"Ignacio Monz\u00f3n expuso en Encuentro Sindical &#8211; FESTRAM","description":"CONGRESO DEL SOEPU EN C\u00d3RDOBA","robots":{"index":"index","follow":"follow","max-snippet":"max-snippet:-1","max-image-preview":"max-image-preview:large","max-video-preview":"max-video-preview:-1"},"canonical":"https:\/\/municipales.org.ar\/festram\/ignacio-monzon-expuso-en-encuentro-sindical\/","og_locale":"es_ES","og_type":"article","og_title":"Ignacio Monz\u00f3n expuso en Encuentro Sindical &#8211; FESTRAM","og_description":"CONGRESO DEL SOEPU EN C\u00d3RDOBA","og_url":"https:\/\/municipales.org.ar\/festram\/ignacio-monzon-expuso-en-encuentro-sindical\/","og_site_name":"FESTRAM","article_publisher":"https:\/\/www.facebook.com\/MunicipalesSF","article_published_time":"2024-04-17T13:48:10+00:00","article_modified_time":"2024-05-22T18:59:05+00:00","og_image":[{"width":1600,"height":1068,"url":"https:\/\/municipales.org.ar\/festram\/wp-content\/uploads\/2024\/04\/CBA1.jpg","type":"image\/jpeg"}],"author":"mun_admin","twitter_card":"summary_large_image","twitter_creator":"@MunicipalesSF","twitter_site":"@MunicipalesSF","twitter_misc":{"Escrito por":"mun_admin","Tiempo de lectura":"2 minutos"},"schema":{"@context":"https:\/\/schema.org","@graph":[{"@type":"Article","@id":"https:\/\/municipales.org.ar\/festram\/ignacio-monzon-expuso-en-encuentro-sindical\/#article","isPartOf":{"@id":"https:\/\/municipales.org.ar\/festram\/ignacio-monzon-expuso-en-encuentro-sindical\/"},"author":{"name":"mun_admin","@id":"https:\/\/municipales.org.ar\/festram\/#\/schema\/person\/49096a774c48ce9063df4d59ec059f9e"},"headline":"Ignacio Monz\u00f3n expuso en Encuentro Sindical","datePublished":"2024-04-17T13:48:10+00:00","dateModified":"2024-05-22T18:59:05+00:00","mainEntityOfPage":{"@id":"https:\/\/municipales.org.ar\/festram\/ignacio-monzon-expuso-en-encuentro-sindical\/"},"wordCount":249,"publisher":{"@id":"https:\/\/municipales.org.ar\/festram\/#organization"},"image":{"@id":"https:\/\/municipales.org.ar\/festram\/ignacio-monzon-expuso-en-encuentro-sindical\/#primaryimage"},"thumbnailUrl":"https:\/\/municipales.org.ar\/festram\/wp-content\/uploads\/2024\/04\/CBA1.jpg","keywords":["CGT"],"articleSection":["Comunicados 2024","Movimiento Obrero"],"inLanguage":"es"},{"@type":"WebPage","@id":"https:\/\/municipales.org.ar\/festram\/ignacio-monzon-expuso-en-encuentro-sindical\/","url":"https:\/\/municipales.org.ar\/festram\/ignacio-monzon-expuso-en-encuentro-sindical\/","name":"Ignacio Monz\u00f3n expuso en Encuentro Sindical &#8211; FESTRAM","isPartOf":{"@id":"https:\/\/municipales.org.ar\/festram\/#website"},"primaryImageOfPage":{"@id":"https:\/\/municipales.org.ar\/festram\/ignacio-monzon-expuso-en-encuentro-sindical\/#primaryimage"},"image":{"@id":"https:\/\/municipales.org.ar\/festram\/ignacio-monzon-expuso-en-encuentro-sindical\/#primaryimage"},"thumbnailUrl":"https:\/\/municipales.org.ar\/festram\/wp-content\/uploads\/2024\/04\/CBA1.jpg","datePublished":"2024-04-17T13:48:10+00:00","dateModified":"2024-05-22T18:59:05+00:00","description":"CONGRESO DEL SOEPU EN C\u00d3RDOBA","breadcrumb":{"@id":"https:\/\/municipales.org.ar\/festram\/ignacio-monzon-expuso-en-encuentro-sindical\/#breadcrumb"},"inLanguage":"es","potentialAction":[{"@type":"ReadAction","target":["https:\/\/municipales.org.ar\/festram\/ignacio-monzon-expuso-en-encuentro-sindical\/"]}]},{"@type":"ImageObject","inLanguage":"es","@id":"https:\/\/municipales.org.ar\/festram\/ignacio-monzon-expuso-en-encuentro-sindical\/#primaryimage","url":"https:\/\/municipales.org.ar\/festram\/wp-content\/uploads\/2024\/04\/CBA1.jpg","contentUrl":"https:\/\/municipales.org.ar\/festram\/wp-content\/uploads\/2024\/04\/CBA1.jpg","width":1600,"height":1068},{"@type":"BreadcrumbList","@id":"https:\/\/municipales.org.ar\/festram\/ignacio-monzon-expuso-en-encuentro-sindical\/#breadcrumb","itemListElement":[{"@type":"ListItem","position":1,"name":"Portada","item":"https:\/\/municipales.org.ar\/festram\/"},{"@type":"ListItem","position":2,"name":"Ignacio Monz\u00f3n expuso en Encuentro Sindical"}]},{"@type":"WebSite","@id":"https:\/\/municipales.org.ar\/festram\/#website","url":"https:\/\/municipales.org.ar\/festram\/","name":"FESTRAM","description":"La web de los trabajadores municipales","publisher":{"@id":"https:\/\/municipales.org.ar\/festram\/#organization"},"potentialAction":[{"@type":"SearchAction","target":{"@type":"EntryPoint","urlTemplate":"https:\/\/municipales.org.ar\/festram\/?s={search_term_string}"},"query-input":{"@type":"PropertyValueSpecification","valueRequired":true,"valueName":"search_term_string"}}],"inLanguage":"es"},{"@type":"Organization","@id":"https:\/\/municipales.org.ar\/festram\/#organization","name":"Federaci\u00f3n de Sindicatos de Trabajadores Municipales de la Provincia de Santa Fe","url":"https:\/\/municipales.org.ar\/festram\/","logo":{"@type":"ImageObject","inLanguage":"es","@id":"https:\/\/municipales.org.ar\/festram\/#\/schema\/logo\/image\/","url":"https:\/\/www.municipales.org.ar\/festram\/wp-content\/uploads\/2014\/07\/logo_fes.jpg","contentUrl":"https:\/\/www.municipales.org.ar\/festram\/wp-content\/uploads\/2014\/07\/logo_fes.jpg","width":661,"height":673,"caption":"Federaci\u00f3n de Sindicatos de Trabajadores Municipales de la Provincia de Santa Fe"},"image":{"@id":"https:\/\/municipales.org.ar\/festram\/#\/schema\/logo\/image\/"},"sameAs":["https:\/\/www.facebook.com\/MunicipalesSF","https:\/\/x.com\/MunicipalesSF","https:\/\/www.youtube.com\/user\/festram"]},{"@type":"Person","@id":"https:\/\/municipales.org.ar\/festram\/#\/schema\/person\/49096a774c48ce9063df4d59ec059f9e","name":"mun_admin"}]}},"jetpack_publicize_connections":[],"jetpack_featured_media_url":"https:\/\/municipales.org.ar\/festram\/wp-content\/uploads\/2024\/04\/CBA1.jpg","jetpack_sharing_enabled":true,"jetpack_likes_enabled":false,"jetpack_shortlink":"https:\/\/wp.me\/p7l4x1-4sy","_links":{"self":[{"href":"https:\/\/municipales.org.ar\/festram\/wp-json\/wp\/v2\/posts\/17146","targetHints":{"allow":["GET"]}}],"collection":[{"href":"https:\/\/municipales.org.ar\/festram\/wp-json\/wp\/v2\/posts"}],"about":[{"href":"https:\/\/municipales.org.ar\/festram\/wp-json\/wp\/v2\/types\/post"}],"author":[{"embeddable":true,"href":"https:\/\/municipales.org.ar\/festram\/wp-json\/wp\/v2\/users\/1"}],"replies":[{"embeddable":true,"href":"https:\/\/municipales.org.ar\/festram\/wp-json\/wp\/v2\/comments?post=17146"}],"version-history":[{"count":1,"href":"https:\/\/municipales.org.ar\/festram\/wp-json\/wp\/v2\/posts\/17146\/revisions"}],"predecessor-version":[{"id":17149,"href":"https:\/\/municipales.org.ar\/festram\/wp-json\/wp\/v2\/posts\/17146\/revisions\/17149"}],"wp:featuredmedia":[{"embeddable":true,"href":"https:\/\/municipales.org.ar\/festram\/wp-json\/wp\/v2\/media\/17148"}],"wp:attachment":[{"href":"https:\/\/municipales.org.ar\/festram\/wp-json\/wp\/v2\/media?parent=17146"}],"wp:term":[{"taxonomy":"category","embeddable":true,"href":"https:\/\/municipales.org.ar\/festram\/wp-json\/wp\/v2\/categories?post=17146"},{"taxonomy":"post_tag","embeddable":true,"href":"https:\/\/municipales.org.ar\/festram\/wp-json\/wp\/v2\/tags?post=17146"}],"curies":[{"name":"wp","href":"https:\/\/api.w.org\/{rel}","templated":true}]}}