{"id":17150,"date":"2024-04-18T13:08:33","date_gmt":"2024-04-18T16:08:33","guid":{"rendered":"https:\/\/municipales.org.ar\/festram\/?p=17150"},"modified":"2024-04-30T00:09:16","modified_gmt":"2024-04-30T03:09:16","slug":"festram-participo-de-la-reunion-del-consejo-economico-y-social","status":"publish","type":"post","link":"https:\/\/municipales.org.ar\/festram\/festram-participo-de-la-reunion-del-consejo-economico-y-social\/","title":{"rendered":"FESTRAM particip\u00f3 de la reuni\u00f3n del Consejo Econ\u00f3mico y Social"},"content":{"rendered":"\n<p><\/p>\n\n\n\n<p>El pasado 10 de abril, la Secretaria Adjunta de FESTRAM, Andrea Paz particip\u00f3 de la convocatoria formulada por el Gobernador de la Provincia, Maximiliano Pullaro para la uni\u00f3n constitutiva y primera asamblea plenaria del Consejo Econ\u00f3mico y Social y que constar\u00e1 con la participaci\u00f3n de entidades empresarias, sindicales, sociales, intermedias y del entramado de organizaciones de la sociedad civil.<\/p>\n\n\n\n<p>Para la institucionalizaci\u00f3n de este espacio fue girado, oportunamente, el proyecto a las C\u00e1maras donde ya fue aprobado en el Senado y est\u00e1 para su tratamiento en Diputados y especifica que:&nbsp; \u00abEsta iniciativa insiste en la b\u00fasqueda de construir instituciones m\u00e1s s\u00f3lidas que afirmen la vocaci\u00f3n participativa de nuestra democracia, persiguiendo como objetivo del Consejo el di\u00e1logo colaborativo entre los distintos sectores de la sociedad para que se puedan plasmar pol\u00edticas, estrategias y herramientas que sirvan al desarrollo integral de la provincia\u00bb, en los considerandos del proyecto de ley.<\/p>\n\n\n\n<p>FESTRAM ha evaluado como positiva la iniciativa del Ejecutivo Provincial, pues abre \u00e1mbitos de di\u00e1logo sobre una multiplicidad de temas y necesidades del conjunto de la sociedad santafesina, donde en esta primera instancia el tema seguridad fue uno de los ejes centrales del c\u00f3nclave.<\/p>\n\n\n\n<p>Desde este marco, la dirigencia sindical de los trabajadores y trabajadoras municipales considera importante que en futuras reuniones otros elementos y realidades puedan ser abordados, y se construyan o consoliden pol\u00edticas p\u00fablicas alrededor de ellos; caso concreto los derechos laborales y sociales, reconocidos como piezas esenciales para la construcci\u00f3n de una sociedad democr\u00e1tica; es por ello que tambi\u00e9n se eval\u00faa adecuado el anuncio de la formulaci\u00f3n de mesas de trabajo por \u00e1reas: Justicia y Seguridad, Educaci\u00f3n, y Producci\u00f3n, Trabajo e Innovaci\u00f3n.<\/p>\n\n\n\n<h6 class=\"wp-block-heading\">Prensa FESTRAM<\/h6>\n","protected":false},"excerpt":{"rendered":"<p>El pasado 10 de abril, la Secretaria Adjunta de FESTRAM, Andrea Paz particip\u00f3 de la convocatoria formulada por el Gobernador de la Provincia, Maximiliano Pullaro para la uni\u00f3n constitutiva y primera asamblea plenaria del Consejo Econ\u00f3mico y Social y que constar\u00e1 con la participaci\u00f3n de entidades empresarias, sindicales, sociales, intermedias y del entramado de organizaciones de la sociedad civil.<\/p>\n","protected":false},"author":1,"featured_media":17153,"comment_status":"closed","ping_status":"closed","sticky":false,"template":"","format":"standard","meta":{"_jetpack_memberships_contains_paid_content":false,"footnotes":"","jetpack_publicize_message":"","jetpack_publicize_feature_enabled":true,"jetpack_social_post_already_shared":true,"jetpack_social_options":{"image_generator_settings":{"template":"highway","default_image_id":0,"font":"","enabled":false},"version":2}},"categories":[253,61],"tags":[68,70,109],"class_list":["post-17150","post","type-post","status-publish","format-standard","has-post-thumbnail","hentry","category-comunicados-2024","category-seminarios-y-actividades","tag-economia-provincial","tag-el-pais","tag-la-provincia"],"yoast_head":"<!-- This site is optimized with the Yoast SEO plugin v25.9 - https:\/\/yoast.com\/wordpress\/plugins\/seo\/ -->\n<title>FESTRAM particip\u00f3 de la reuni\u00f3n del Consejo Econ\u00f3mico y Social &#8211; FESTRAM<\/title>\n<meta name=\"description\" content=\"El pasado 10 de abril, la Secretaria Adjunta de FESTRAM, Andrea Paz particip\u00f3 de la convocatoria formulada por el Gobernador de la Provincia, Maximiliano Pullaro para la uni\u00f3n constitutiva y primera asamblea plenaria del Consejo Econ\u00f3mico y Social y que constar\u00e1 con la participaci\u00f3n de entidades empresarias, sindicales, sociales, intermedias y del entramado de organizaciones de la sociedad civil.\" \/>\n<meta name=\"robots\" content=\"index, follow, max-snippet:-1, max-image-preview:large, max-video-preview:-1\" \/>\n<link rel=\"canonical\" href=\"https:\/\/municipales.org.ar\/festram\/festram-participo-de-la-reunion-del-consejo-economico-y-social\/\" \/>\n<meta property=\"og:locale\" content=\"es_ES\" \/>\n<meta property=\"og:type\" content=\"article\" \/>\n<meta property=\"og:title\" content=\"FESTRAM particip\u00f3 de la reuni\u00f3n del Consejo Econ\u00f3mico y Social &#8211; FESTRAM\" \/>\n<meta property=\"og:description\" content=\"El pasado 10 de abril, la Secretaria Adjunta de FESTRAM, Andrea Paz particip\u00f3 de la convocatoria formulada por el Gobernador de la Provincia, Maximiliano Pullaro para la uni\u00f3n constitutiva y primera asamblea plenaria del Consejo Econ\u00f3mico y Social y que constar\u00e1 con la participaci\u00f3n de entidades empresarias, sindicales, sociales, intermedias y del entramado de organizaciones de la sociedad civil.\" \/>\n<meta property=\"og:url\" content=\"https:\/\/municipales.org.ar\/festram\/festram-participo-de-la-reunion-del-consejo-economico-y-social\/\" \/>\n<meta property=\"og:site_name\" content=\"FESTRAM\" \/>\n<meta property=\"article:publisher\" content=\"https:\/\/www.facebook.com\/MunicipalesSF\" \/>\n<meta property=\"article:published_time\" content=\"2024-04-18T16:08:33+00:00\" \/>\n<meta property=\"article:modified_time\" content=\"2024-04-30T03:09:16+00:00\" \/>\n<meta property=\"og:image\" content=\"https:\/\/municipales.org.ar\/festram\/wp-content\/uploads\/2024\/04\/consejo-1.jpg\" \/>\n\t<meta property=\"og:image:width\" content=\"1600\" \/>\n\t<meta property=\"og:image:height\" content=\"1066\" \/>\n\t<meta property=\"og:image:type\" content=\"image\/jpeg\" \/>\n<meta name=\"author\" content=\"mun_admin\" \/>\n<meta name=\"twitter:card\" content=\"summary_large_image\" \/>\n<meta name=\"twitter:creator\" content=\"@MunicipalesSF\" \/>\n<meta name=\"twitter:site\" content=\"@MunicipalesSF\" \/>\n<meta name=\"twitter:label1\" content=\"Escrito por\" \/>\n\t<meta name=\"twitter:data1\" content=\"mun_admin\" \/>\n\t<meta name=\"twitter:label2\" content=\"Tiempo de lectura\" \/>\n\t<meta name=\"twitter:data2\" content=\"2 minutos\" \/>\n<script type=\"application\/ld+json\" class=\"yoast-schema-graph\">{\"@context\":\"https:\/\/schema.org\",\"@graph\":[{\"@type\":\"Article\",\"@id\":\"https:\/\/municipales.org.ar\/festram\/festram-participo-de-la-reunion-del-consejo-economico-y-social\/#article\",\"isPartOf\":{\"@id\":\"https:\/\/municipales.org.ar\/festram\/festram-participo-de-la-reunion-del-consejo-economico-y-social\/\"},\"author\":{\"name\":\"mun_admin\",\"@id\":\"https:\/\/municipales.org.ar\/festram\/#\/schema\/person\/49096a774c48ce9063df4d59ec059f9e\"},\"headline\":\"FESTRAM particip\u00f3 de la reuni\u00f3n del Consejo Econ\u00f3mico y Social\",\"datePublished\":\"2024-04-18T16:08:33+00:00\",\"dateModified\":\"2024-04-30T03:09:16+00:00\",\"mainEntityOfPage\":{\"@id\":\"https:\/\/municipales.org.ar\/festram\/festram-participo-de-la-reunion-del-consejo-economico-y-social\/\"},\"wordCount\":310,\"publisher\":{\"@id\":\"https:\/\/municipales.org.ar\/festram\/#organization\"},\"image\":{\"@id\":\"https:\/\/municipales.org.ar\/festram\/festram-participo-de-la-reunion-del-consejo-economico-y-social\/#primaryimage\"},\"thumbnailUrl\":\"https:\/\/municipales.org.ar\/festram\/wp-content\/uploads\/2024\/04\/consejo-1.jpg\",\"keywords\":[\"econom\u00eda provincial\",\"el pa\u00eds\",\"la provincia\"],\"articleSection\":[\"Comunicados 2024\",\"Seminarios y Actividades\"],\"inLanguage\":\"es\"},{\"@type\":\"WebPage\",\"@id\":\"https:\/\/municipales.org.ar\/festram\/festram-participo-de-la-reunion-del-consejo-economico-y-social\/\",\"url\":\"https:\/\/municipales.org.ar\/festram\/festram-participo-de-la-reunion-del-consejo-economico-y-social\/\",\"name\":\"FESTRAM particip\u00f3 de la reuni\u00f3n del Consejo Econ\u00f3mico y Social &#8211; FESTRAM\",\"isPartOf\":{\"@id\":\"https:\/\/municipales.org.ar\/festram\/#website\"},\"primaryImageOfPage\":{\"@id\":\"https:\/\/municipales.org.ar\/festram\/festram-participo-de-la-reunion-del-consejo-economico-y-social\/#primaryimage\"},\"image\":{\"@id\":\"https:\/\/municipales.org.ar\/festram\/festram-participo-de-la-reunion-del-consejo-economico-y-social\/#primaryimage\"},\"thumbnailUrl\":\"https:\/\/municipales.org.ar\/festram\/wp-content\/uploads\/2024\/04\/consejo-1.jpg\",\"datePublished\":\"2024-04-18T16:08:33+00:00\",\"dateModified\":\"2024-04-30T03:09:16+00:00\",\"description\":\"El pasado 10 de abril, la Secretaria Adjunta de FESTRAM, Andrea Paz particip\u00f3 de la convocatoria formulada por el Gobernador de la Provincia, Maximiliano Pullaro para la uni\u00f3n constitutiva y primera asamblea plenaria del Consejo Econ\u00f3mico y Social y que constar\u00e1 con la participaci\u00f3n de entidades empresarias, sindicales, sociales, intermedias y del entramado de organizaciones de la sociedad civil.\",\"breadcrumb\":{\"@id\":\"https:\/\/municipales.org.ar\/festram\/festram-participo-de-la-reunion-del-consejo-economico-y-social\/#breadcrumb\"},\"inLanguage\":\"es\",\"potentialAction\":[{\"@type\":\"ReadAction\",\"target\":[\"https:\/\/municipales.org.ar\/festram\/festram-participo-de-la-reunion-del-consejo-economico-y-social\/\"]}]},{\"@type\":\"ImageObject\",\"inLanguage\":\"es\",\"@id\":\"https:\/\/municipales.org.ar\/festram\/festram-participo-de-la-reunion-del-consejo-economico-y-social\/#primaryimage\",\"url\":\"https:\/\/municipales.org.ar\/festram\/wp-content\/uploads\/2024\/04\/consejo-1.jpg\",\"contentUrl\":\"https:\/\/municipales.org.ar\/festram\/wp-content\/uploads\/2024\/04\/consejo-1.jpg\",\"width\":1600,\"height\":1066},{\"@type\":\"BreadcrumbList\",\"@id\":\"https:\/\/municipales.org.ar\/festram\/festram-participo-de-la-reunion-del-consejo-economico-y-social\/#breadcrumb\",\"itemListElement\":[{\"@type\":\"ListItem\",\"position\":1,\"name\":\"Portada\",\"item\":\"https:\/\/municipales.org.ar\/festram\/\"},{\"@type\":\"ListItem\",\"position\":2,\"name\":\"FESTRAM particip\u00f3 de la reuni\u00f3n del Consejo Econ\u00f3mico y Social\"}]},{\"@type\":\"WebSite\",\"@id\":\"https:\/\/municipales.org.ar\/festram\/#website\",\"url\":\"https:\/\/municipales.org.ar\/festram\/\",\"name\":\"FESTRAM\",\"description\":\"La web de los trabajadores municipales\",\"publisher\":{\"@id\":\"https:\/\/municipales.org.ar\/festram\/#organization\"},\"potentialAction\":[{\"@type\":\"SearchAction\",\"target\":{\"@type\":\"EntryPoint\",\"urlTemplate\":\"https:\/\/municipales.org.ar\/festram\/?s={search_term_string}\"},\"query-input\":{\"@type\":\"PropertyValueSpecification\",\"valueRequired\":true,\"valueName\":\"search_term_string\"}}],\"inLanguage\":\"es\"},{\"@type\":\"Organization\",\"@id\":\"https:\/\/municipales.org.ar\/festram\/#organization\",\"name\":\"Federaci\u00f3n de Sindicatos de Trabajadores Municipales de la Provincia de Santa Fe\",\"url\":\"https:\/\/municipales.org.ar\/festram\/\",\"logo\":{\"@type\":\"ImageObject\",\"inLanguage\":\"es\",\"@id\":\"https:\/\/municipales.org.ar\/festram\/#\/schema\/logo\/image\/\",\"url\":\"https:\/\/www.municipales.org.ar\/festram\/wp-content\/uploads\/2014\/07\/logo_fes.jpg\",\"contentUrl\":\"https:\/\/www.municipales.org.ar\/festram\/wp-content\/uploads\/2014\/07\/logo_fes.jpg\",\"width\":661,\"height\":673,\"caption\":\"Federaci\u00f3n de Sindicatos de Trabajadores Municipales de la Provincia de Santa Fe\"},\"image\":{\"@id\":\"https:\/\/municipales.org.ar\/festram\/#\/schema\/logo\/image\/\"},\"sameAs\":[\"https:\/\/www.facebook.com\/MunicipalesSF\",\"https:\/\/x.com\/MunicipalesSF\",\"https:\/\/www.youtube.com\/user\/festram\"]},{\"@type\":\"Person\",\"@id\":\"https:\/\/municipales.org.ar\/festram\/#\/schema\/person\/49096a774c48ce9063df4d59ec059f9e\",\"name\":\"mun_admin\"}]}<\/script>\n<!-- \/ Yoast SEO plugin. -->","yoast_head_json":{"title":"FESTRAM particip\u00f3 de la reuni\u00f3n del Consejo Econ\u00f3mico y Social &#8211; FESTRAM","description":"El pasado 10 de abril, la Secretaria Adjunta de FESTRAM, Andrea Paz particip\u00f3 de la convocatoria formulada por el Gobernador de la Provincia, Maximiliano Pullaro para la uni\u00f3n constitutiva y primera asamblea plenaria del Consejo Econ\u00f3mico y Social y que constar\u00e1 con la participaci\u00f3n de entidades empresarias, sindicales, sociales, intermedias y del entramado de organizaciones de la sociedad civil.","robots":{"index":"index","follow":"follow","max-snippet":"max-snippet:-1","max-image-preview":"max-image-preview:large","max-video-preview":"max-video-preview:-1"},"canonical":"https:\/\/municipales.org.ar\/festram\/festram-participo-de-la-reunion-del-consejo-economico-y-social\/","og_locale":"es_ES","og_type":"article","og_title":"FESTRAM particip\u00f3 de la reuni\u00f3n del Consejo Econ\u00f3mico y Social &#8211; FESTRAM","og_description":"El pasado 10 de abril, la Secretaria Adjunta de FESTRAM, Andrea Paz particip\u00f3 de la convocatoria formulada por el Gobernador de la Provincia, Maximiliano Pullaro para la uni\u00f3n constitutiva y primera asamblea plenaria del Consejo Econ\u00f3mico y Social y que constar\u00e1 con la participaci\u00f3n de entidades empresarias, sindicales, sociales, intermedias y del entramado de organizaciones de la sociedad civil.","og_url":"https:\/\/municipales.org.ar\/festram\/festram-participo-de-la-reunion-del-consejo-economico-y-social\/","og_site_name":"FESTRAM","article_publisher":"https:\/\/www.facebook.com\/MunicipalesSF","article_published_time":"2024-04-18T16:08:33+00:00","article_modified_time":"2024-04-30T03:09:16+00:00","og_image":[{"width":1600,"height":1066,"url":"https:\/\/municipales.org.ar\/festram\/wp-content\/uploads\/2024\/04\/consejo-1.jpg","type":"image\/jpeg"}],"author":"mun_admin","twitter_card":"summary_large_image","twitter_creator":"@MunicipalesSF","twitter_site":"@MunicipalesSF","twitter_misc":{"Escrito por":"mun_admin","Tiempo de lectura":"2 minutos"},"schema":{"@context":"https:\/\/schema.org","@graph":[{"@type":"Article","@id":"https:\/\/municipales.org.ar\/festram\/festram-participo-de-la-reunion-del-consejo-economico-y-social\/#article","isPartOf":{"@id":"https:\/\/municipales.org.ar\/festram\/festram-participo-de-la-reunion-del-consejo-economico-y-social\/"},"author":{"name":"mun_admin","@id":"https:\/\/municipales.org.ar\/festram\/#\/schema\/person\/49096a774c48ce9063df4d59ec059f9e"},"headline":"FESTRAM particip\u00f3 de la reuni\u00f3n del Consejo Econ\u00f3mico y Social","datePublished":"2024-04-18T16:08:33+00:00","dateModified":"2024-04-30T03:09:16+00:00","mainEntityOfPage":{"@id":"https:\/\/municipales.org.ar\/festram\/festram-participo-de-la-reunion-del-consejo-economico-y-social\/"},"wordCount":310,"publisher":{"@id":"https:\/\/municipales.org.ar\/festram\/#organization"},"image":{"@id":"https:\/\/municipales.org.ar\/festram\/festram-participo-de-la-reunion-del-consejo-economico-y-social\/#primaryimage"},"thumbnailUrl":"https:\/\/municipales.org.ar\/festram\/wp-content\/uploads\/2024\/04\/consejo-1.jpg","keywords":["econom\u00eda provincial","el pa\u00eds","la provincia"],"articleSection":["Comunicados 2024","Seminarios y Actividades"],"inLanguage":"es"},{"@type":"WebPage","@id":"https:\/\/municipales.org.ar\/festram\/festram-participo-de-la-reunion-del-consejo-economico-y-social\/","url":"https:\/\/municipales.org.ar\/festram\/festram-participo-de-la-reunion-del-consejo-economico-y-social\/","name":"FESTRAM particip\u00f3 de la reuni\u00f3n del Consejo Econ\u00f3mico y Social &#8211; FESTRAM","isPartOf":{"@id":"https:\/\/municipales.org.ar\/festram\/#website"},"primaryImageOfPage":{"@id":"https:\/\/municipales.org.ar\/festram\/festram-participo-de-la-reunion-del-consejo-economico-y-social\/#primaryimage"},"image":{"@id":"https:\/\/municipales.org.ar\/festram\/festram-participo-de-la-reunion-del-consejo-economico-y-social\/#primaryimage"},"thumbnailUrl":"https:\/\/municipales.org.ar\/festram\/wp-content\/uploads\/2024\/04\/consejo-1.jpg","datePublished":"2024-04-18T16:08:33+00:00","dateModified":"2024-04-30T03:09:16+00:00","description":"El pasado 10 de abril, la Secretaria Adjunta de FESTRAM, Andrea Paz particip\u00f3 de la convocatoria formulada por el Gobernador de la Provincia, Maximiliano Pullaro para la uni\u00f3n constitutiva y primera asamblea plenaria del Consejo Econ\u00f3mico y Social y que constar\u00e1 con la participaci\u00f3n de entidades empresarias, sindicales, sociales, intermedias y del entramado de organizaciones de la sociedad civil.","breadcrumb":{"@id":"https:\/\/municipales.org.ar\/festram\/festram-participo-de-la-reunion-del-consejo-economico-y-social\/#breadcrumb"},"inLanguage":"es","potentialAction":[{"@type":"ReadAction","target":["https:\/\/municipales.org.ar\/festram\/festram-participo-de-la-reunion-del-consejo-economico-y-social\/"]}]},{"@type":"ImageObject","inLanguage":"es","@id":"https:\/\/municipales.org.ar\/festram\/festram-participo-de-la-reunion-del-consejo-economico-y-social\/#primaryimage","url":"https:\/\/municipales.org.ar\/festram\/wp-content\/uploads\/2024\/04\/consejo-1.jpg","contentUrl":"https:\/\/municipales.org.ar\/festram\/wp-content\/uploads\/2024\/04\/consejo-1.jpg","width":1600,"height":1066},{"@type":"BreadcrumbList","@id":"https:\/\/municipales.org.ar\/festram\/festram-participo-de-la-reunion-del-consejo-economico-y-social\/#breadcrumb","itemListElement":[{"@type":"ListItem","position":1,"name":"Portada","item":"https:\/\/municipales.org.ar\/festram\/"},{"@type":"ListItem","position":2,"name":"FESTRAM particip\u00f3 de la reuni\u00f3n del Consejo Econ\u00f3mico y Social"}]},{"@type":"WebSite","@id":"https:\/\/municipales.org.ar\/festram\/#website","url":"https:\/\/municipales.org.ar\/festram\/","name":"FESTRAM","description":"La web de los trabajadores municipales","publisher":{"@id":"https:\/\/municipales.org.ar\/festram\/#organization"},"potentialAction":[{"@type":"SearchAction","target":{"@type":"EntryPoint","urlTemplate":"https:\/\/municipales.org.ar\/festram\/?s={search_term_string}"},"query-input":{"@type":"PropertyValueSpecification","valueRequired":true,"valueName":"search_term_string"}}],"inLanguage":"es"},{"@type":"Organization","@id":"https:\/\/municipales.org.ar\/festram\/#organization","name":"Federaci\u00f3n de Sindicatos de Trabajadores Municipales de la Provincia de Santa Fe","url":"https:\/\/municipales.org.ar\/festram\/","logo":{"@type":"ImageObject","inLanguage":"es","@id":"https:\/\/municipales.org.ar\/festram\/#\/schema\/logo\/image\/","url":"https:\/\/www.municipales.org.ar\/festram\/wp-content\/uploads\/2014\/07\/logo_fes.jpg","contentUrl":"https:\/\/www.municipales.org.ar\/festram\/wp-content\/uploads\/2014\/07\/logo_fes.jpg","width":661,"height":673,"caption":"Federaci\u00f3n de Sindicatos de Trabajadores Municipales de la Provincia de Santa Fe"},"image":{"@id":"https:\/\/municipales.org.ar\/festram\/#\/schema\/logo\/image\/"},"sameAs":["https:\/\/www.facebook.com\/MunicipalesSF","https:\/\/x.com\/MunicipalesSF","https:\/\/www.youtube.com\/user\/festram"]},{"@type":"Person","@id":"https:\/\/municipales.org.ar\/festram\/#\/schema\/person\/49096a774c48ce9063df4d59ec059f9e","name":"mun_admin"}]}},"jetpack_publicize_connections":[],"jetpack_featured_media_url":"https:\/\/municipales.org.ar\/festram\/wp-content\/uploads\/2024\/04\/consejo-1.jpg","jetpack_sharing_enabled":true,"jetpack_likes_enabled":false,"jetpack_shortlink":"https:\/\/wp.me\/p7l4x1-4sC","_links":{"self":[{"href":"https:\/\/municipales.org.ar\/festram\/wp-json\/wp\/v2\/posts\/17150","targetHints":{"allow":["GET"]}}],"collection":[{"href":"https:\/\/municipales.org.ar\/festram\/wp-json\/wp\/v2\/posts"}],"about":[{"href":"https:\/\/municipales.org.ar\/festram\/wp-json\/wp\/v2\/types\/post"}],"author":[{"embeddable":true,"href":"https:\/\/municipales.org.ar\/festram\/wp-json\/wp\/v2\/users\/1"}],"replies":[{"embeddable":true,"href":"https:\/\/municipales.org.ar\/festram\/wp-json\/wp\/v2\/comments?post=17150"}],"version-history":[{"count":1,"href":"https:\/\/municipales.org.ar\/festram\/wp-json\/wp\/v2\/posts\/17150\/revisions"}],"predecessor-version":[{"id":17152,"href":"https:\/\/municipales.org.ar\/festram\/wp-json\/wp\/v2\/posts\/17150\/revisions\/17152"}],"wp:featuredmedia":[{"embeddable":true,"href":"https:\/\/municipales.org.ar\/festram\/wp-json\/wp\/v2\/media\/17153"}],"wp:attachment":[{"href":"https:\/\/municipales.org.ar\/festram\/wp-json\/wp\/v2\/media?parent=17150"}],"wp:term":[{"taxonomy":"category","embeddable":true,"href":"https:\/\/municipales.org.ar\/festram\/wp-json\/wp\/v2\/categories?post=17150"},{"taxonomy":"post_tag","embeddable":true,"href":"https:\/\/municipales.org.ar\/festram\/wp-json\/wp\/v2\/tags?post=17150"}],"curies":[{"name":"wp","href":"https:\/\/api.w.org\/{rel}","templated":true}]}}