{"id":17379,"date":"2024-06-27T21:16:19","date_gmt":"2024-06-28T00:16:19","guid":{"rendered":"https:\/\/municipales.org.ar\/festram\/?p=17379"},"modified":"2024-08-15T10:18:41","modified_gmt":"2024-08-15T13:18:41","slug":"el-ministro-de-trabajo-walter-correa-en-festram","status":"publish","type":"post","link":"https:\/\/municipales.org.ar\/festram\/el-ministro-de-trabajo-walter-correa-en-festram\/","title":{"rendered":"El Ministro de Trabajo Walter Correa en FESTRAM"},"content":{"rendered":"\n<h2 class=\"wp-block-heading\"><strong>JORNADA DE DEBATE Y AN\u00c1LISIS DE LA REALIDAD NACIONAL<\/strong><\/h2>\n\n\n\n<p><\/p>\n\n\n\n<p>El Ministro de Trabajo de la Provincia de Buenos Aires, Walter Correa, invitado por la Federaci\u00f3n de Sindicatos de Trabajadores Municipales de la Provincia de Santa Fe, particip\u00f3 el jueves 26 de Junio en un encuentro con dirigentes y militantes sindicales de todo el territorio santafesino.<\/p>\n\n\n\n<p>Fueron parte del mismo, representantes de los sindicatos de base de la Federaci\u00f3n, como as\u00ed tambi\u00e9n la CTA T, CTA A, CGT Rafaela, CGT San Lorenzo, gremios de la CGT Santa Fe, referentes de la UTEP, integrantes de organizaciones sociales y de la Corriente Federal de Trabajadores.<\/p>\n\n\n\n<p>La actividad permiti\u00f3 concretar un di\u00e1logo amplio, horizontal, donde se expresaron las posiciones, posturas, y miradas sobre la realidad nacional desde la perspectiva del propio movimiento obrero; en una acci\u00f3n que posibilit\u00f3 que el ministro de Axel Kicillof pudiera no s\u00f3lo abordar las problem\u00e1ticas espec\u00edficas -\u00e9l es el Secretario General de la Federaci\u00f3n de Curtidores de Argentina- sino las pol\u00edticas p\u00fablicas que en materia de trabajo, salud, educaci\u00f3n, cooperativas, etc. viene desarrollando el gobierno bonaerense.<br><\/p>\n\n\n\n<figure class=\"wp-block-gallery has-nested-images columns-default is-cropped wp-block-gallery-1 is-layout-flex wp-block-gallery-is-layout-flex\">\n<figure class=\"wp-block-image size-large\"><img loading=\"lazy\" decoding=\"async\" width=\"819\" height=\"1024\" data-id=\"17390\" src=\"https:\/\/municipales.org.ar\/festram\/wp-content\/uploads\/2024\/06\/20240626-walter-correa-001-819x1024.jpg\" alt=\"\" class=\"wp-image-17390\" srcset=\"https:\/\/municipales.org.ar\/festram\/wp-content\/uploads\/2024\/06\/20240626-walter-correa-001-819x1024.jpg 819w, https:\/\/municipales.org.ar\/festram\/wp-content\/uploads\/2024\/06\/20240626-walter-correa-001-240x300.jpg 240w, https:\/\/municipales.org.ar\/festram\/wp-content\/uploads\/2024\/06\/20240626-walter-correa-001-768x960.jpg 768w, https:\/\/municipales.org.ar\/festram\/wp-content\/uploads\/2024\/06\/20240626-walter-correa-001-1229x1536.jpg 1229w, https:\/\/municipales.org.ar\/festram\/wp-content\/uploads\/2024\/06\/20240626-walter-correa-001.jpg 1600w\" sizes=\"auto, (max-width: 819px) 100vw, 819px\" \/><\/figure>\n\n\n\n<figure class=\"wp-block-image size-large\"><img loading=\"lazy\" decoding=\"async\" width=\"819\" height=\"1024\" data-id=\"17389\" src=\"https:\/\/municipales.org.ar\/festram\/wp-content\/uploads\/2024\/06\/20240626-walter-correa-002-819x1024.jpg\" alt=\"\" class=\"wp-image-17389\" srcset=\"https:\/\/municipales.org.ar\/festram\/wp-content\/uploads\/2024\/06\/20240626-walter-correa-002-819x1024.jpg 819w, https:\/\/municipales.org.ar\/festram\/wp-content\/uploads\/2024\/06\/20240626-walter-correa-002-240x300.jpg 240w, https:\/\/municipales.org.ar\/festram\/wp-content\/uploads\/2024\/06\/20240626-walter-correa-002-768x960.jpg 768w, https:\/\/municipales.org.ar\/festram\/wp-content\/uploads\/2024\/06\/20240626-walter-correa-002-1229x1536.jpg 1229w, https:\/\/municipales.org.ar\/festram\/wp-content\/uploads\/2024\/06\/20240626-walter-correa-002.jpg 1600w\" sizes=\"auto, (max-width: 819px) 100vw, 819px\" \/><\/figure>\n\n\n\n<figure class=\"wp-block-image size-large\"><img loading=\"lazy\" decoding=\"async\" width=\"819\" height=\"1024\" data-id=\"17391\" src=\"https:\/\/municipales.org.ar\/festram\/wp-content\/uploads\/2024\/06\/20240626-walter-correa-003-819x1024.jpg\" alt=\"\" class=\"wp-image-17391\" srcset=\"https:\/\/municipales.org.ar\/festram\/wp-content\/uploads\/2024\/06\/20240626-walter-correa-003-819x1024.jpg 819w, https:\/\/municipales.org.ar\/festram\/wp-content\/uploads\/2024\/06\/20240626-walter-correa-003-240x300.jpg 240w, https:\/\/municipales.org.ar\/festram\/wp-content\/uploads\/2024\/06\/20240626-walter-correa-003-768x960.jpg 768w, https:\/\/municipales.org.ar\/festram\/wp-content\/uploads\/2024\/06\/20240626-walter-correa-003-1229x1536.jpg 1229w, https:\/\/municipales.org.ar\/festram\/wp-content\/uploads\/2024\/06\/20240626-walter-correa-003.jpg 1600w\" sizes=\"auto, (max-width: 819px) 100vw, 819px\" \/><\/figure>\n\n\n\n<figure class=\"wp-block-image size-large\"><img loading=\"lazy\" decoding=\"async\" width=\"819\" height=\"1024\" data-id=\"17392\" src=\"https:\/\/municipales.org.ar\/festram\/wp-content\/uploads\/2024\/06\/20240626-walter-correa-004-819x1024.jpg\" alt=\"\" class=\"wp-image-17392\" srcset=\"https:\/\/municipales.org.ar\/festram\/wp-content\/uploads\/2024\/06\/20240626-walter-correa-004-819x1024.jpg 819w, https:\/\/municipales.org.ar\/festram\/wp-content\/uploads\/2024\/06\/20240626-walter-correa-004-240x300.jpg 240w, https:\/\/municipales.org.ar\/festram\/wp-content\/uploads\/2024\/06\/20240626-walter-correa-004-768x960.jpg 768w, https:\/\/municipales.org.ar\/festram\/wp-content\/uploads\/2024\/06\/20240626-walter-correa-004-1229x1536.jpg 1229w, https:\/\/municipales.org.ar\/festram\/wp-content\/uploads\/2024\/06\/20240626-walter-correa-004.jpg 1600w\" sizes=\"auto, (max-width: 819px) 100vw, 819px\" \/><\/figure>\n\n\n\n<figure class=\"wp-block-image size-large\"><img loading=\"lazy\" decoding=\"async\" width=\"819\" height=\"1024\" data-id=\"17393\" src=\"https:\/\/municipales.org.ar\/festram\/wp-content\/uploads\/2024\/06\/20240626-walter-correa-005-819x1024.jpg\" alt=\"\" class=\"wp-image-17393\" srcset=\"https:\/\/municipales.org.ar\/festram\/wp-content\/uploads\/2024\/06\/20240626-walter-correa-005-819x1024.jpg 819w, https:\/\/municipales.org.ar\/festram\/wp-content\/uploads\/2024\/06\/20240626-walter-correa-005-240x300.jpg 240w, https:\/\/municipales.org.ar\/festram\/wp-content\/uploads\/2024\/06\/20240626-walter-correa-005-768x960.jpg 768w, https:\/\/municipales.org.ar\/festram\/wp-content\/uploads\/2024\/06\/20240626-walter-correa-005-1229x1536.jpg 1229w, https:\/\/municipales.org.ar\/festram\/wp-content\/uploads\/2024\/06\/20240626-walter-correa-005.jpg 1600w\" sizes=\"auto, (max-width: 819px) 100vw, 819px\" \/><\/figure>\n\n\n\n<figure class=\"wp-block-image size-large\"><img loading=\"lazy\" decoding=\"async\" width=\"819\" height=\"1024\" data-id=\"17394\" src=\"https:\/\/municipales.org.ar\/festram\/wp-content\/uploads\/2024\/06\/20240626-walter-correa-006-819x1024.jpg\" alt=\"\" class=\"wp-image-17394\" srcset=\"https:\/\/municipales.org.ar\/festram\/wp-content\/uploads\/2024\/06\/20240626-walter-correa-006-819x1024.jpg 819w, https:\/\/municipales.org.ar\/festram\/wp-content\/uploads\/2024\/06\/20240626-walter-correa-006-240x300.jpg 240w, https:\/\/municipales.org.ar\/festram\/wp-content\/uploads\/2024\/06\/20240626-walter-correa-006-768x960.jpg 768w, https:\/\/municipales.org.ar\/festram\/wp-content\/uploads\/2024\/06\/20240626-walter-correa-006-1229x1536.jpg 1229w, https:\/\/municipales.org.ar\/festram\/wp-content\/uploads\/2024\/06\/20240626-walter-correa-006.jpg 1600w\" sizes=\"auto, (max-width: 819px) 100vw, 819px\" \/><\/figure>\n\n\n\n<figure class=\"wp-block-image size-large\"><img loading=\"lazy\" decoding=\"async\" width=\"819\" height=\"1024\" data-id=\"17395\" src=\"https:\/\/municipales.org.ar\/festram\/wp-content\/uploads\/2024\/06\/20240626-walter-correa-007-819x1024.jpg\" alt=\"\" class=\"wp-image-17395\" srcset=\"https:\/\/municipales.org.ar\/festram\/wp-content\/uploads\/2024\/06\/20240626-walter-correa-007-819x1024.jpg 819w, https:\/\/municipales.org.ar\/festram\/wp-content\/uploads\/2024\/06\/20240626-walter-correa-007-240x300.jpg 240w, https:\/\/municipales.org.ar\/festram\/wp-content\/uploads\/2024\/06\/20240626-walter-correa-007-768x960.jpg 768w, https:\/\/municipales.org.ar\/festram\/wp-content\/uploads\/2024\/06\/20240626-walter-correa-007-1229x1536.jpg 1229w, https:\/\/municipales.org.ar\/festram\/wp-content\/uploads\/2024\/06\/20240626-walter-correa-007.jpg 1600w\" sizes=\"auto, (max-width: 819px) 100vw, 819px\" \/><\/figure>\n\n\n\n<figure class=\"wp-block-image size-large\"><img loading=\"lazy\" decoding=\"async\" width=\"819\" height=\"1024\" data-id=\"17396\" src=\"https:\/\/municipales.org.ar\/festram\/wp-content\/uploads\/2024\/06\/20240626-walter-correa-008-819x1024.jpg\" alt=\"\" class=\"wp-image-17396\" srcset=\"https:\/\/municipales.org.ar\/festram\/wp-content\/uploads\/2024\/06\/20240626-walter-correa-008-819x1024.jpg 819w, https:\/\/municipales.org.ar\/festram\/wp-content\/uploads\/2024\/06\/20240626-walter-correa-008-240x300.jpg 240w, https:\/\/municipales.org.ar\/festram\/wp-content\/uploads\/2024\/06\/20240626-walter-correa-008-768x960.jpg 768w, https:\/\/municipales.org.ar\/festram\/wp-content\/uploads\/2024\/06\/20240626-walter-correa-008-1229x1536.jpg 1229w, https:\/\/municipales.org.ar\/festram\/wp-content\/uploads\/2024\/06\/20240626-walter-correa-008.jpg 1600w\" sizes=\"auto, (max-width: 819px) 100vw, 819px\" \/><\/figure>\n\n\n\n<figure class=\"wp-block-image size-large\"><img loading=\"lazy\" decoding=\"async\" width=\"819\" height=\"1024\" data-id=\"17397\" src=\"https:\/\/municipales.org.ar\/festram\/wp-content\/uploads\/2024\/06\/20240626-walter-correa-009-819x1024.jpg\" alt=\"\" class=\"wp-image-17397\" srcset=\"https:\/\/municipales.org.ar\/festram\/wp-content\/uploads\/2024\/06\/20240626-walter-correa-009-819x1024.jpg 819w, https:\/\/municipales.org.ar\/festram\/wp-content\/uploads\/2024\/06\/20240626-walter-correa-009-240x300.jpg 240w, https:\/\/municipales.org.ar\/festram\/wp-content\/uploads\/2024\/06\/20240626-walter-correa-009-768x960.jpg 768w, https:\/\/municipales.org.ar\/festram\/wp-content\/uploads\/2024\/06\/20240626-walter-correa-009-1229x1536.jpg 1229w, https:\/\/municipales.org.ar\/festram\/wp-content\/uploads\/2024\/06\/20240626-walter-correa-009.jpg 1600w\" sizes=\"auto, (max-width: 819px) 100vw, 819px\" \/><\/figure>\n\n\n\n<figure class=\"wp-block-image size-large\"><img loading=\"lazy\" decoding=\"async\" width=\"819\" height=\"1024\" data-id=\"17398\" src=\"https:\/\/municipales.org.ar\/festram\/wp-content\/uploads\/2024\/06\/20240626-walter-correa-010-819x1024.jpg\" alt=\"\" class=\"wp-image-17398\" srcset=\"https:\/\/municipales.org.ar\/festram\/wp-content\/uploads\/2024\/06\/20240626-walter-correa-010-819x1024.jpg 819w, https:\/\/municipales.org.ar\/festram\/wp-content\/uploads\/2024\/06\/20240626-walter-correa-010-240x300.jpg 240w, https:\/\/municipales.org.ar\/festram\/wp-content\/uploads\/2024\/06\/20240626-walter-correa-010-768x960.jpg 768w, https:\/\/municipales.org.ar\/festram\/wp-content\/uploads\/2024\/06\/20240626-walter-correa-010-1229x1536.jpg 1229w, https:\/\/municipales.org.ar\/festram\/wp-content\/uploads\/2024\/06\/20240626-walter-correa-010.jpg 1600w\" sizes=\"auto, (max-width: 819px) 100vw, 819px\" \/><\/figure>\n\n\n\n<figure class=\"wp-block-image size-large\"><img loading=\"lazy\" decoding=\"async\" width=\"819\" height=\"1024\" data-id=\"17399\" src=\"https:\/\/municipales.org.ar\/festram\/wp-content\/uploads\/2024\/06\/20240626-walter-correa-011-819x1024.jpg\" alt=\"\" class=\"wp-image-17399\" srcset=\"https:\/\/municipales.org.ar\/festram\/wp-content\/uploads\/2024\/06\/20240626-walter-correa-011-819x1024.jpg 819w, https:\/\/municipales.org.ar\/festram\/wp-content\/uploads\/2024\/06\/20240626-walter-correa-011-240x300.jpg 240w, https:\/\/municipales.org.ar\/festram\/wp-content\/uploads\/2024\/06\/20240626-walter-correa-011-768x960.jpg 768w, https:\/\/municipales.org.ar\/festram\/wp-content\/uploads\/2024\/06\/20240626-walter-correa-011-1229x1536.jpg 1229w, https:\/\/municipales.org.ar\/festram\/wp-content\/uploads\/2024\/06\/20240626-walter-correa-011.jpg 1600w\" sizes=\"auto, (max-width: 819px) 100vw, 819px\" \/><\/figure>\n<\/figure>\n\n\n\n<p><br>Esto habilit\u00f3 a poder manifestar las diferencias claras y sustantivas que desde el movimiento obrero organizado se tienen con el accionar del gobierno nacional, donde las consecuencias de la Ley Bases, el RIGI en particular, y el avance sobre los derechos laborales, ocuparon la centralidad del an\u00e1lisis.<\/p>\n\n\n\n<p>Junto al Ministro Correa, estuvieron presentes el Secretario Adjunto de la Federaci\u00f3n Gr\u00e1fica Bonaerense Mat\u00edas Vel\u00e1zquez y el Secretario General de la Regional Oeste de CGT, Pablo Lombardi, quienes pudieron compartir las experiencias que en el territorio y la acci\u00f3n concreta vienen desarrollando en sus \u00e1mbitos espec\u00edficos.<\/p>\n\n\n\n<p>FESTRAM considera que esta jornada ha habilitado un debate profundo sobre las propias pr\u00e1cticas sindicales, sociales y pol\u00edticas, como as\u00ed tambi\u00e9n la necesidad de avanzar en mayores \u00e1mbitos de coordinaci\u00f3n y trabajo conjunto con las organizaciones que expresan los espacios mencionados.<\/p>\n\n\n\n<h6 class=\"wp-block-heading\">Prensa FESTRAM<br><br><\/h6>\n\n\n<p><iframe loading=\"lazy\" src=\"https:\/\/www.facebook.com\/plugins\/post.php?href=https%3A%2F%2Fwww.facebook.com%2FMunicipalesSF%2Fposts%2Fpfbid02Eb7XonpAFC8i1Qm7LF5Cc7h64Xyz3LWnoAUub3J6v5VFbPqJnz1V8cg4wkmFagFyl&#038;show_text=true&#038;width=500\" width=\"500\" height=\"250\" style=\"border:none;overflow:hidden\" scrolling=\"no\" frameborder=\"0\" allowfullscreen=\"true\" allow=\"autoplay; clipboard-write; encrypted-media; picture-in-picture; web-share\"><\/iframe><\/p>\n","protected":false},"excerpt":{"rendered":"<p>JORNADA DE DEBATE Y AN\u00c1LISIS DE LA REALIDAD NACIONAL<\/p>\n","protected":false},"author":1,"featured_media":17388,"comment_status":"closed","ping_status":"closed","sticky":false,"template":"","format":"standard","meta":{"_jetpack_memberships_contains_paid_content":false,"footnotes":"","jetpack_publicize_message":"","jetpack_publicize_feature_enabled":true,"jetpack_social_post_already_shared":true,"jetpack_social_options":{"image_generator_settings":{"template":"highway","default_image_id":0,"font":"","enabled":false},"version":2}},"categories":[253],"tags":[212,152,163,70],"class_list":["post-17379","post","type-post","status-publish","format-standard","has-post-thumbnail","hentry","category-comunicados-2024","tag-cft","tag-cgt","tag-cta","tag-el-pais"],"yoast_head":"<!-- This site is optimized with the Yoast SEO plugin v25.9 - https:\/\/yoast.com\/wordpress\/plugins\/seo\/ -->\n<title>El Ministro de Trabajo Walter Correa en FESTRAM &#8211; FESTRAM<\/title>\n<meta name=\"description\" content=\"JORNADA DE DEBATE Y AN\u00c1LISIS DE LA REALIDAD NACIONAL\" \/>\n<meta name=\"robots\" content=\"index, follow, max-snippet:-1, max-image-preview:large, max-video-preview:-1\" \/>\n<link rel=\"canonical\" href=\"https:\/\/municipales.org.ar\/festram\/el-ministro-de-trabajo-walter-correa-en-festram\/\" \/>\n<meta property=\"og:locale\" content=\"es_ES\" \/>\n<meta property=\"og:type\" content=\"article\" \/>\n<meta property=\"og:title\" content=\"El Ministro de Trabajo Walter Correa en FESTRAM &#8211; FESTRAM\" \/>\n<meta property=\"og:description\" content=\"JORNADA DE DEBATE Y AN\u00c1LISIS DE LA REALIDAD NACIONAL\" \/>\n<meta property=\"og:url\" content=\"https:\/\/municipales.org.ar\/festram\/el-ministro-de-trabajo-walter-correa-en-festram\/\" \/>\n<meta property=\"og:site_name\" content=\"FESTRAM\" \/>\n<meta property=\"article:publisher\" content=\"https:\/\/www.facebook.com\/MunicipalesSF\" \/>\n<meta property=\"article:published_time\" content=\"2024-06-28T00:16:19+00:00\" \/>\n<meta property=\"article:modified_time\" content=\"2024-08-15T13:18:41+00:00\" \/>\n<meta property=\"og:image\" content=\"https:\/\/municipales.org.ar\/festram\/wp-content\/uploads\/2024\/06\/20240626-walter-correa-001-2.jpg\" \/>\n\t<meta property=\"og:image:width\" content=\"2000\" \/>\n\t<meta property=\"og:image:height\" content=\"1333\" \/>\n\t<meta property=\"og:image:type\" content=\"image\/jpeg\" \/>\n<meta name=\"author\" content=\"mun_admin\" \/>\n<meta name=\"twitter:card\" content=\"summary_large_image\" \/>\n<meta name=\"twitter:creator\" content=\"@MunicipalesSF\" \/>\n<meta name=\"twitter:site\" content=\"@MunicipalesSF\" \/>\n<meta name=\"twitter:label1\" content=\"Escrito por\" \/>\n\t<meta name=\"twitter:data1\" content=\"mun_admin\" \/>\n\t<meta name=\"twitter:label2\" content=\"Tiempo de lectura\" \/>\n\t<meta name=\"twitter:data2\" content=\"4 minutos\" \/>\n<script type=\"application\/ld+json\" class=\"yoast-schema-graph\">{\"@context\":\"https:\/\/schema.org\",\"@graph\":[{\"@type\":\"Article\",\"@id\":\"https:\/\/municipales.org.ar\/festram\/el-ministro-de-trabajo-walter-correa-en-festram\/#article\",\"isPartOf\":{\"@id\":\"https:\/\/municipales.org.ar\/festram\/el-ministro-de-trabajo-walter-correa-en-festram\/\"},\"author\":{\"name\":\"mun_admin\",\"@id\":\"https:\/\/municipales.org.ar\/festram\/#\/schema\/person\/49096a774c48ce9063df4d59ec059f9e\"},\"headline\":\"El Ministro de Trabajo Walter Correa en FESTRAM\",\"datePublished\":\"2024-06-28T00:16:19+00:00\",\"dateModified\":\"2024-08-15T13:18:41+00:00\",\"mainEntityOfPage\":{\"@id\":\"https:\/\/municipales.org.ar\/festram\/el-ministro-de-trabajo-walter-correa-en-festram\/\"},\"wordCount\":346,\"publisher\":{\"@id\":\"https:\/\/municipales.org.ar\/festram\/#organization\"},\"image\":{\"@id\":\"https:\/\/municipales.org.ar\/festram\/el-ministro-de-trabajo-walter-correa-en-festram\/#primaryimage\"},\"thumbnailUrl\":\"https:\/\/municipales.org.ar\/festram\/wp-content\/uploads\/2024\/06\/20240626-walter-correa-001-2.jpg\",\"keywords\":[\"CFT\",\"CGT\",\"CTA\",\"el pa\u00eds\"],\"articleSection\":[\"Comunicados 2024\"],\"inLanguage\":\"es\"},{\"@type\":\"WebPage\",\"@id\":\"https:\/\/municipales.org.ar\/festram\/el-ministro-de-trabajo-walter-correa-en-festram\/\",\"url\":\"https:\/\/municipales.org.ar\/festram\/el-ministro-de-trabajo-walter-correa-en-festram\/\",\"name\":\"El Ministro de Trabajo Walter Correa en FESTRAM &#8211; FESTRAM\",\"isPartOf\":{\"@id\":\"https:\/\/municipales.org.ar\/festram\/#website\"},\"primaryImageOfPage\":{\"@id\":\"https:\/\/municipales.org.ar\/festram\/el-ministro-de-trabajo-walter-correa-en-festram\/#primaryimage\"},\"image\":{\"@id\":\"https:\/\/municipales.org.ar\/festram\/el-ministro-de-trabajo-walter-correa-en-festram\/#primaryimage\"},\"thumbnailUrl\":\"https:\/\/municipales.org.ar\/festram\/wp-content\/uploads\/2024\/06\/20240626-walter-correa-001-2.jpg\",\"datePublished\":\"2024-06-28T00:16:19+00:00\",\"dateModified\":\"2024-08-15T13:18:41+00:00\",\"description\":\"JORNADA DE DEBATE Y AN\u00c1LISIS DE LA REALIDAD NACIONAL\",\"breadcrumb\":{\"@id\":\"https:\/\/municipales.org.ar\/festram\/el-ministro-de-trabajo-walter-correa-en-festram\/#breadcrumb\"},\"inLanguage\":\"es\",\"potentialAction\":[{\"@type\":\"ReadAction\",\"target\":[\"https:\/\/municipales.org.ar\/festram\/el-ministro-de-trabajo-walter-correa-en-festram\/\"]}]},{\"@type\":\"ImageObject\",\"inLanguage\":\"es\",\"@id\":\"https:\/\/municipales.org.ar\/festram\/el-ministro-de-trabajo-walter-correa-en-festram\/#primaryimage\",\"url\":\"https:\/\/municipales.org.ar\/festram\/wp-content\/uploads\/2024\/06\/20240626-walter-correa-001-2.jpg\",\"contentUrl\":\"https:\/\/municipales.org.ar\/festram\/wp-content\/uploads\/2024\/06\/20240626-walter-correa-001-2.jpg\",\"width\":2000,\"height\":1333},{\"@type\":\"BreadcrumbList\",\"@id\":\"https:\/\/municipales.org.ar\/festram\/el-ministro-de-trabajo-walter-correa-en-festram\/#breadcrumb\",\"itemListElement\":[{\"@type\":\"ListItem\",\"position\":1,\"name\":\"Portada\",\"item\":\"https:\/\/municipales.org.ar\/festram\/\"},{\"@type\":\"ListItem\",\"position\":2,\"name\":\"El Ministro de Trabajo Walter Correa en FESTRAM\"}]},{\"@type\":\"WebSite\",\"@id\":\"https:\/\/municipales.org.ar\/festram\/#website\",\"url\":\"https:\/\/municipales.org.ar\/festram\/\",\"name\":\"FESTRAM\",\"description\":\"La web de los trabajadores municipales\",\"publisher\":{\"@id\":\"https:\/\/municipales.org.ar\/festram\/#organization\"},\"potentialAction\":[{\"@type\":\"SearchAction\",\"target\":{\"@type\":\"EntryPoint\",\"urlTemplate\":\"https:\/\/municipales.org.ar\/festram\/?s={search_term_string}\"},\"query-input\":{\"@type\":\"PropertyValueSpecification\",\"valueRequired\":true,\"valueName\":\"search_term_string\"}}],\"inLanguage\":\"es\"},{\"@type\":\"Organization\",\"@id\":\"https:\/\/municipales.org.ar\/festram\/#organization\",\"name\":\"Federaci\u00f3n de Sindicatos de Trabajadores Municipales de la Provincia de Santa Fe\",\"url\":\"https:\/\/municipales.org.ar\/festram\/\",\"logo\":{\"@type\":\"ImageObject\",\"inLanguage\":\"es\",\"@id\":\"https:\/\/municipales.org.ar\/festram\/#\/schema\/logo\/image\/\",\"url\":\"https:\/\/www.municipales.org.ar\/festram\/wp-content\/uploads\/2014\/07\/logo_fes.jpg\",\"contentUrl\":\"https:\/\/www.municipales.org.ar\/festram\/wp-content\/uploads\/2014\/07\/logo_fes.jpg\",\"width\":661,\"height\":673,\"caption\":\"Federaci\u00f3n de Sindicatos de Trabajadores Municipales de la Provincia de Santa Fe\"},\"image\":{\"@id\":\"https:\/\/municipales.org.ar\/festram\/#\/schema\/logo\/image\/\"},\"sameAs\":[\"https:\/\/www.facebook.com\/MunicipalesSF\",\"https:\/\/x.com\/MunicipalesSF\",\"https:\/\/www.youtube.com\/user\/festram\"]},{\"@type\":\"Person\",\"@id\":\"https:\/\/municipales.org.ar\/festram\/#\/schema\/person\/49096a774c48ce9063df4d59ec059f9e\",\"name\":\"mun_admin\"}]}<\/script>\n<!-- \/ Yoast SEO plugin. -->","yoast_head_json":{"title":"El Ministro de Trabajo Walter Correa en FESTRAM &#8211; FESTRAM","description":"JORNADA DE DEBATE Y AN\u00c1LISIS DE LA REALIDAD NACIONAL","robots":{"index":"index","follow":"follow","max-snippet":"max-snippet:-1","max-image-preview":"max-image-preview:large","max-video-preview":"max-video-preview:-1"},"canonical":"https:\/\/municipales.org.ar\/festram\/el-ministro-de-trabajo-walter-correa-en-festram\/","og_locale":"es_ES","og_type":"article","og_title":"El Ministro de Trabajo Walter Correa en FESTRAM &#8211; FESTRAM","og_description":"JORNADA DE DEBATE Y AN\u00c1LISIS DE LA REALIDAD NACIONAL","og_url":"https:\/\/municipales.org.ar\/festram\/el-ministro-de-trabajo-walter-correa-en-festram\/","og_site_name":"FESTRAM","article_publisher":"https:\/\/www.facebook.com\/MunicipalesSF","article_published_time":"2024-06-28T00:16:19+00:00","article_modified_time":"2024-08-15T13:18:41+00:00","og_image":[{"width":2000,"height":1333,"url":"https:\/\/municipales.org.ar\/festram\/wp-content\/uploads\/2024\/06\/20240626-walter-correa-001-2.jpg","type":"image\/jpeg"}],"author":"mun_admin","twitter_card":"summary_large_image","twitter_creator":"@MunicipalesSF","twitter_site":"@MunicipalesSF","twitter_misc":{"Escrito por":"mun_admin","Tiempo de lectura":"4 minutos"},"schema":{"@context":"https:\/\/schema.org","@graph":[{"@type":"Article","@id":"https:\/\/municipales.org.ar\/festram\/el-ministro-de-trabajo-walter-correa-en-festram\/#article","isPartOf":{"@id":"https:\/\/municipales.org.ar\/festram\/el-ministro-de-trabajo-walter-correa-en-festram\/"},"author":{"name":"mun_admin","@id":"https:\/\/municipales.org.ar\/festram\/#\/schema\/person\/49096a774c48ce9063df4d59ec059f9e"},"headline":"El Ministro de Trabajo Walter Correa en FESTRAM","datePublished":"2024-06-28T00:16:19+00:00","dateModified":"2024-08-15T13:18:41+00:00","mainEntityOfPage":{"@id":"https:\/\/municipales.org.ar\/festram\/el-ministro-de-trabajo-walter-correa-en-festram\/"},"wordCount":346,"publisher":{"@id":"https:\/\/municipales.org.ar\/festram\/#organization"},"image":{"@id":"https:\/\/municipales.org.ar\/festram\/el-ministro-de-trabajo-walter-correa-en-festram\/#primaryimage"},"thumbnailUrl":"https:\/\/municipales.org.ar\/festram\/wp-content\/uploads\/2024\/06\/20240626-walter-correa-001-2.jpg","keywords":["CFT","CGT","CTA","el pa\u00eds"],"articleSection":["Comunicados 2024"],"inLanguage":"es"},{"@type":"WebPage","@id":"https:\/\/municipales.org.ar\/festram\/el-ministro-de-trabajo-walter-correa-en-festram\/","url":"https:\/\/municipales.org.ar\/festram\/el-ministro-de-trabajo-walter-correa-en-festram\/","name":"El Ministro de Trabajo Walter Correa en FESTRAM &#8211; FESTRAM","isPartOf":{"@id":"https:\/\/municipales.org.ar\/festram\/#website"},"primaryImageOfPage":{"@id":"https:\/\/municipales.org.ar\/festram\/el-ministro-de-trabajo-walter-correa-en-festram\/#primaryimage"},"image":{"@id":"https:\/\/municipales.org.ar\/festram\/el-ministro-de-trabajo-walter-correa-en-festram\/#primaryimage"},"thumbnailUrl":"https:\/\/municipales.org.ar\/festram\/wp-content\/uploads\/2024\/06\/20240626-walter-correa-001-2.jpg","datePublished":"2024-06-28T00:16:19+00:00","dateModified":"2024-08-15T13:18:41+00:00","description":"JORNADA DE DEBATE Y AN\u00c1LISIS DE LA REALIDAD NACIONAL","breadcrumb":{"@id":"https:\/\/municipales.org.ar\/festram\/el-ministro-de-trabajo-walter-correa-en-festram\/#breadcrumb"},"inLanguage":"es","potentialAction":[{"@type":"ReadAction","target":["https:\/\/municipales.org.ar\/festram\/el-ministro-de-trabajo-walter-correa-en-festram\/"]}]},{"@type":"ImageObject","inLanguage":"es","@id":"https:\/\/municipales.org.ar\/festram\/el-ministro-de-trabajo-walter-correa-en-festram\/#primaryimage","url":"https:\/\/municipales.org.ar\/festram\/wp-content\/uploads\/2024\/06\/20240626-walter-correa-001-2.jpg","contentUrl":"https:\/\/municipales.org.ar\/festram\/wp-content\/uploads\/2024\/06\/20240626-walter-correa-001-2.jpg","width":2000,"height":1333},{"@type":"BreadcrumbList","@id":"https:\/\/municipales.org.ar\/festram\/el-ministro-de-trabajo-walter-correa-en-festram\/#breadcrumb","itemListElement":[{"@type":"ListItem","position":1,"name":"Portada","item":"https:\/\/municipales.org.ar\/festram\/"},{"@type":"ListItem","position":2,"name":"El Ministro de Trabajo Walter Correa en FESTRAM"}]},{"@type":"WebSite","@id":"https:\/\/municipales.org.ar\/festram\/#website","url":"https:\/\/municipales.org.ar\/festram\/","name":"FESTRAM","description":"La web de los trabajadores municipales","publisher":{"@id":"https:\/\/municipales.org.ar\/festram\/#organization"},"potentialAction":[{"@type":"SearchAction","target":{"@type":"EntryPoint","urlTemplate":"https:\/\/municipales.org.ar\/festram\/?s={search_term_string}"},"query-input":{"@type":"PropertyValueSpecification","valueRequired":true,"valueName":"search_term_string"}}],"inLanguage":"es"},{"@type":"Organization","@id":"https:\/\/municipales.org.ar\/festram\/#organization","name":"Federaci\u00f3n de Sindicatos de Trabajadores Municipales de la Provincia de Santa Fe","url":"https:\/\/municipales.org.ar\/festram\/","logo":{"@type":"ImageObject","inLanguage":"es","@id":"https:\/\/municipales.org.ar\/festram\/#\/schema\/logo\/image\/","url":"https:\/\/www.municipales.org.ar\/festram\/wp-content\/uploads\/2014\/07\/logo_fes.jpg","contentUrl":"https:\/\/www.municipales.org.ar\/festram\/wp-content\/uploads\/2014\/07\/logo_fes.jpg","width":661,"height":673,"caption":"Federaci\u00f3n de Sindicatos de Trabajadores Municipales de la Provincia de Santa Fe"},"image":{"@id":"https:\/\/municipales.org.ar\/festram\/#\/schema\/logo\/image\/"},"sameAs":["https:\/\/www.facebook.com\/MunicipalesSF","https:\/\/x.com\/MunicipalesSF","https:\/\/www.youtube.com\/user\/festram"]},{"@type":"Person","@id":"https:\/\/municipales.org.ar\/festram\/#\/schema\/person\/49096a774c48ce9063df4d59ec059f9e","name":"mun_admin"}]}},"jetpack_publicize_connections":[],"jetpack_featured_media_url":"https:\/\/municipales.org.ar\/festram\/wp-content\/uploads\/2024\/06\/20240626-walter-correa-001-2.jpg","jetpack_sharing_enabled":true,"jetpack_likes_enabled":false,"jetpack_shortlink":"https:\/\/wp.me\/p7l4x1-4wj","_links":{"self":[{"href":"https:\/\/municipales.org.ar\/festram\/wp-json\/wp\/v2\/posts\/17379","targetHints":{"allow":["GET"]}}],"collection":[{"href":"https:\/\/municipales.org.ar\/festram\/wp-json\/wp\/v2\/posts"}],"about":[{"href":"https:\/\/municipales.org.ar\/festram\/wp-json\/wp\/v2\/types\/post"}],"author":[{"embeddable":true,"href":"https:\/\/municipales.org.ar\/festram\/wp-json\/wp\/v2\/users\/1"}],"replies":[{"embeddable":true,"href":"https:\/\/municipales.org.ar\/festram\/wp-json\/wp\/v2\/comments?post=17379"}],"version-history":[{"count":3,"href":"https:\/\/municipales.org.ar\/festram\/wp-json\/wp\/v2\/posts\/17379\/revisions"}],"predecessor-version":[{"id":17402,"href":"https:\/\/municipales.org.ar\/festram\/wp-json\/wp\/v2\/posts\/17379\/revisions\/17402"}],"wp:featuredmedia":[{"embeddable":true,"href":"https:\/\/municipales.org.ar\/festram\/wp-json\/wp\/v2\/media\/17388"}],"wp:attachment":[{"href":"https:\/\/municipales.org.ar\/festram\/wp-json\/wp\/v2\/media?parent=17379"}],"wp:term":[{"taxonomy":"category","embeddable":true,"href":"https:\/\/municipales.org.ar\/festram\/wp-json\/wp\/v2\/categories?post=17379"},{"taxonomy":"post_tag","embeddable":true,"href":"https:\/\/municipales.org.ar\/festram\/wp-json\/wp\/v2\/tags?post=17379"}],"curies":[{"name":"wp","href":"https:\/\/api.w.org\/{rel}","templated":true}]}}