{"id":17420,"date":"2024-07-31T09:03:36","date_gmt":"2024-07-31T12:03:36","guid":{"rendered":"https:\/\/municipales.org.ar\/festram\/?p=17420"},"modified":"2024-07-31T09:03:38","modified_gmt":"2024-07-31T12:03:38","slug":"la-importancia-de-la-formacion","status":"publish","type":"post","link":"https:\/\/municipales.org.ar\/festram\/la-importancia-de-la-formacion\/","title":{"rendered":"La importancia de la Formaci\u00f3n"},"content":{"rendered":"\n<p><\/p>\n\n\n\n<h2 class=\"wp-block-heading\">ENCUENTRO EN AVELLANEDA ORGANIZADO POR LA INTERSINDICAL.<\/h2>\n\n\n\n<p><br>El pasado viernes 26 de Julio en las instalaciones del Sindicato Municipal de Avellaneda, se realiz\u00f3 el Encuentro de Formaci\u00f3n Sindical, organizado por la Intersindical del Norte santafesino que nuclea la CGT, la CTA T, la CTA A, y la UTEP.<\/p>\n\n\n\n<p>La actividad, que cont\u00f3 con una amplia participaci\u00f3n de dirigentes y militantes sindicales estuvo dividida en paneles que abordaron diferentes problem\u00e1ticas que hacen a la vida y realidad del movimiento obrero en la actual coyuntura.<\/p>\n\n\n\n<p>El Secretario General del SITRAM Avellaneda \u00c1ngel Dorado junto a Pablo Rol\u00f3n de la CTAT General Obligado hicieron de anfitriones del evento y el primero de los nombrados resalt\u00f3, oportunamente, la importancia que para el conjunto del movimiento obrero del NE santafesino ten\u00eda la capacitaci\u00f3n y formaci\u00f3n de compa\u00f1eras y compa\u00f1eros trabajadores.<br><\/p>\n\n\n\n<figure class=\"wp-block-gallery has-nested-images columns-default is-cropped wp-block-gallery-1 is-layout-flex wp-block-gallery-is-layout-flex\">\n<figure class=\"wp-block-image size-large\"><img loading=\"lazy\" decoding=\"async\" width=\"1024\" height=\"576\" data-id=\"17422\" src=\"https:\/\/municipales.org.ar\/festram\/wp-content\/uploads\/2024\/07\/Avellaneda1-1024x576.jpg\" alt=\"\" class=\"wp-image-17422\" srcset=\"https:\/\/municipales.org.ar\/festram\/wp-content\/uploads\/2024\/07\/Avellaneda1-1024x576.jpg 1024w, https:\/\/municipales.org.ar\/festram\/wp-content\/uploads\/2024\/07\/Avellaneda1-300x169.jpg 300w, https:\/\/municipales.org.ar\/festram\/wp-content\/uploads\/2024\/07\/Avellaneda1-768x432.jpg 768w, https:\/\/municipales.org.ar\/festram\/wp-content\/uploads\/2024\/07\/Avellaneda1-1536x864.jpg 1536w, https:\/\/municipales.org.ar\/festram\/wp-content\/uploads\/2024\/07\/Avellaneda1.jpg 1599w\" sizes=\"auto, (max-width: 1024px) 100vw, 1024px\" \/><\/figure>\n<\/figure>\n\n\n\n<p><br>Acompa\u00f1ando esta iniciativa estuvieron en la apertura Rodrigo Alonso de AMSAFE, Jos\u00e9 Testoni de CTA T Santa Fe, y Pedro Bayugar SADOP Santa Fe.\u00a0<\/p>\n\n\n\n<p>La presentaci\u00f3n dio paso a la disertaci\u00f3n de la Dra. Marta Felper\u00edn y al Dr. Juan Pisarello que abordaron temas relacionados a lo laboral y al Derecho colectivo del Trabajo. A continuaci\u00f3n, el economista Sergio Arelovich y el integrante de la Asociaci\u00f3n Latinoamericana del Trabajo Mat\u00edas Cremonte avanzaron, en sus respectivas tem\u00e1ticas, que representaban junto a las anteriores, el abordaje integral de la problem\u00e1tica que atraviesan los distintos gremios, dirigentes y militantes obreros.<br><\/p>\n\n\n\n<figure class=\"wp-block-gallery has-nested-images columns-default is-cropped wp-block-gallery-2 is-layout-flex wp-block-gallery-is-layout-flex\">\n<figure class=\"wp-block-image size-large\"><img loading=\"lazy\" decoding=\"async\" width=\"682\" height=\"1024\" data-id=\"17423\" src=\"https:\/\/municipales.org.ar\/festram\/wp-content\/uploads\/2024\/07\/Avellaneda2-1-682x1024.jpg\" alt=\"\" class=\"wp-image-17423\" srcset=\"https:\/\/municipales.org.ar\/festram\/wp-content\/uploads\/2024\/07\/Avellaneda2-1-682x1024.jpg 682w, https:\/\/municipales.org.ar\/festram\/wp-content\/uploads\/2024\/07\/Avellaneda2-1-200x300.jpg 200w, https:\/\/municipales.org.ar\/festram\/wp-content\/uploads\/2024\/07\/Avellaneda2-1-768x1152.jpg 768w, https:\/\/municipales.org.ar\/festram\/wp-content\/uploads\/2024\/07\/Avellaneda2-1.jpg 929w\" sizes=\"auto, (max-width: 682px) 100vw, 682px\" \/><\/figure>\n<\/figure>\n\n\n\n<p><br>El cierre permiti\u00f3 analizar y profundizar en la realidad argentina y de la provincia de Santa Fe. Para ello la Mesa estuvo integrada por Andrea Paz (FESTRAM), Estela Prieto (SIPRUS), Jos\u00e9 Pepe Berra (Econom\u00eda Popular-UTEP) y Diego M\u00e1rquez (Prensa Federaci\u00f3n de Aceiteros y Secretario Gral. del Sindicato en Bah\u00eda Blanca).<\/p>\n\n\n\n<p>FESTRAM considera que estas iniciativas forman parte de un debate necesario, que contenga todas las realidades sindicales, ya sea del \u00e1mbito privado como p\u00fablico, las organizaciones sociales y las iniciativas tendientes a coordinar y potenciar acciones para enfrentar las pol\u00edticas que buscan como objetivo destruir al movimiento obrero organizado y retrotraer las conquistas y derechos logrados en a\u00f1os de lucha.<\/p>\n","protected":false},"excerpt":{"rendered":"<p>El pasado viernes 26 de Julio en las instalaciones del Sindicato Municipal de Avellaneda, se realiz\u00f3 el Encuentro de Formaci\u00f3n Sindical, organizado por la Intersindical del Norte santafesino que nuclea la CGT, la CTA T, la CTA A, y la UTEP.<\/p>\n","protected":false},"author":1,"featured_media":17424,"comment_status":"closed","ping_status":"closed","sticky":false,"template":"","format":"standard","meta":{"_jetpack_memberships_contains_paid_content":false,"footnotes":"","jetpack_publicize_message":"","jetpack_publicize_feature_enabled":true,"jetpack_social_post_already_shared":true,"jetpack_social_options":{"image_generator_settings":{"template":"highway","default_image_id":0,"font":"","enabled":false},"version":2}},"categories":[43,253,61],"tags":[233,65,183,67],"class_list":["post-17420","post","type-post","status-publish","format-standard","has-post-thumbnail","hentry","category-capacitacion","category-comunicados-2024","category-seminarios-y-actividades","tag-avellaneda","tag-capacitacion-2","tag-reconquista","tag-sindicatos-afiliados"],"yoast_head":"<!-- This site is optimized with the Yoast SEO plugin v25.9 - https:\/\/yoast.com\/wordpress\/plugins\/seo\/ -->\n<title>La importancia de la Formaci\u00f3n &#8211; FESTRAM<\/title>\n<meta name=\"description\" content=\"El pasado viernes 26 de Julio en las instalaciones del Sindicato Municipal de Avellaneda, se realiz\u00f3 el Encuentro de Formaci\u00f3n Sindical, organizado por la Intersindical del Norte santafesino que nuclea la CGT, la CTA T, la CTA A, y la UTEP.\" \/>\n<meta name=\"robots\" content=\"index, follow, max-snippet:-1, max-image-preview:large, max-video-preview:-1\" \/>\n<link rel=\"canonical\" href=\"https:\/\/municipales.org.ar\/festram\/la-importancia-de-la-formacion\/\" \/>\n<meta property=\"og:locale\" content=\"es_ES\" \/>\n<meta property=\"og:type\" content=\"article\" \/>\n<meta property=\"og:title\" content=\"La importancia de la Formaci\u00f3n &#8211; FESTRAM\" \/>\n<meta property=\"og:description\" content=\"El pasado viernes 26 de Julio en las instalaciones del Sindicato Municipal de Avellaneda, se realiz\u00f3 el Encuentro de Formaci\u00f3n Sindical, organizado por la Intersindical del Norte santafesino que nuclea la CGT, la CTA T, la CTA A, y la UTEP.\" \/>\n<meta property=\"og:url\" content=\"https:\/\/municipales.org.ar\/festram\/la-importancia-de-la-formacion\/\" \/>\n<meta property=\"og:site_name\" content=\"FESTRAM\" \/>\n<meta property=\"article:publisher\" content=\"https:\/\/www.facebook.com\/MunicipalesSF\" \/>\n<meta property=\"article:published_time\" content=\"2024-07-31T12:03:36+00:00\" \/>\n<meta property=\"article:modified_time\" content=\"2024-07-31T12:03:38+00:00\" \/>\n<meta property=\"og:image\" content=\"https:\/\/municipales.org.ar\/festram\/wp-content\/uploads\/2024\/07\/Avellaneda3.jpg\" \/>\n\t<meta property=\"og:image:width\" content=\"1600\" \/>\n\t<meta property=\"og:image:height\" content=\"1066\" \/>\n\t<meta property=\"og:image:type\" content=\"image\/jpeg\" \/>\n<meta name=\"author\" content=\"mun_admin\" \/>\n<meta name=\"twitter:card\" content=\"summary_large_image\" \/>\n<meta name=\"twitter:creator\" content=\"@MunicipalesSF\" \/>\n<meta name=\"twitter:site\" content=\"@MunicipalesSF\" \/>\n<meta name=\"twitter:label1\" content=\"Escrito por\" \/>\n\t<meta name=\"twitter:data1\" content=\"mun_admin\" \/>\n\t<meta name=\"twitter:label2\" content=\"Tiempo de lectura\" \/>\n\t<meta name=\"twitter:data2\" content=\"3 minutos\" \/>\n<script type=\"application\/ld+json\" class=\"yoast-schema-graph\">{\"@context\":\"https:\/\/schema.org\",\"@graph\":[{\"@type\":\"Article\",\"@id\":\"https:\/\/municipales.org.ar\/festram\/la-importancia-de-la-formacion\/#article\",\"isPartOf\":{\"@id\":\"https:\/\/municipales.org.ar\/festram\/la-importancia-de-la-formacion\/\"},\"author\":{\"name\":\"mun_admin\",\"@id\":\"https:\/\/municipales.org.ar\/festram\/#\/schema\/person\/49096a774c48ce9063df4d59ec059f9e\"},\"headline\":\"La importancia de la Formaci\u00f3n\",\"datePublished\":\"2024-07-31T12:03:36+00:00\",\"dateModified\":\"2024-07-31T12:03:38+00:00\",\"mainEntityOfPage\":{\"@id\":\"https:\/\/municipales.org.ar\/festram\/la-importancia-de-la-formacion\/\"},\"wordCount\":372,\"publisher\":{\"@id\":\"https:\/\/municipales.org.ar\/festram\/#organization\"},\"image\":{\"@id\":\"https:\/\/municipales.org.ar\/festram\/la-importancia-de-la-formacion\/#primaryimage\"},\"thumbnailUrl\":\"https:\/\/municipales.org.ar\/festram\/wp-content\/uploads\/2024\/07\/Avellaneda3.jpg\",\"keywords\":[\"avellaneda\",\"capacitaci\u00f3n\",\"reconquista\",\"sindicatos afiliados\"],\"articleSection\":[\"Capacitaci\u00f3n\",\"Comunicados 2024\",\"Seminarios y Actividades\"],\"inLanguage\":\"es\"},{\"@type\":\"WebPage\",\"@id\":\"https:\/\/municipales.org.ar\/festram\/la-importancia-de-la-formacion\/\",\"url\":\"https:\/\/municipales.org.ar\/festram\/la-importancia-de-la-formacion\/\",\"name\":\"La importancia de la Formaci\u00f3n &#8211; FESTRAM\",\"isPartOf\":{\"@id\":\"https:\/\/municipales.org.ar\/festram\/#website\"},\"primaryImageOfPage\":{\"@id\":\"https:\/\/municipales.org.ar\/festram\/la-importancia-de-la-formacion\/#primaryimage\"},\"image\":{\"@id\":\"https:\/\/municipales.org.ar\/festram\/la-importancia-de-la-formacion\/#primaryimage\"},\"thumbnailUrl\":\"https:\/\/municipales.org.ar\/festram\/wp-content\/uploads\/2024\/07\/Avellaneda3.jpg\",\"datePublished\":\"2024-07-31T12:03:36+00:00\",\"dateModified\":\"2024-07-31T12:03:38+00:00\",\"description\":\"El pasado viernes 26 de Julio en las instalaciones del Sindicato Municipal de Avellaneda, se realiz\u00f3 el Encuentro de Formaci\u00f3n Sindical, organizado por la Intersindical del Norte santafesino que nuclea la CGT, la CTA T, la CTA A, y la UTEP.\",\"breadcrumb\":{\"@id\":\"https:\/\/municipales.org.ar\/festram\/la-importancia-de-la-formacion\/#breadcrumb\"},\"inLanguage\":\"es\",\"potentialAction\":[{\"@type\":\"ReadAction\",\"target\":[\"https:\/\/municipales.org.ar\/festram\/la-importancia-de-la-formacion\/\"]}]},{\"@type\":\"ImageObject\",\"inLanguage\":\"es\",\"@id\":\"https:\/\/municipales.org.ar\/festram\/la-importancia-de-la-formacion\/#primaryimage\",\"url\":\"https:\/\/municipales.org.ar\/festram\/wp-content\/uploads\/2024\/07\/Avellaneda3.jpg\",\"contentUrl\":\"https:\/\/municipales.org.ar\/festram\/wp-content\/uploads\/2024\/07\/Avellaneda3.jpg\",\"width\":1600,\"height\":1066},{\"@type\":\"BreadcrumbList\",\"@id\":\"https:\/\/municipales.org.ar\/festram\/la-importancia-de-la-formacion\/#breadcrumb\",\"itemListElement\":[{\"@type\":\"ListItem\",\"position\":1,\"name\":\"Portada\",\"item\":\"https:\/\/municipales.org.ar\/festram\/\"},{\"@type\":\"ListItem\",\"position\":2,\"name\":\"La importancia de la Formaci\u00f3n\"}]},{\"@type\":\"WebSite\",\"@id\":\"https:\/\/municipales.org.ar\/festram\/#website\",\"url\":\"https:\/\/municipales.org.ar\/festram\/\",\"name\":\"FESTRAM\",\"description\":\"La web de los trabajadores municipales\",\"publisher\":{\"@id\":\"https:\/\/municipales.org.ar\/festram\/#organization\"},\"potentialAction\":[{\"@type\":\"SearchAction\",\"target\":{\"@type\":\"EntryPoint\",\"urlTemplate\":\"https:\/\/municipales.org.ar\/festram\/?s={search_term_string}\"},\"query-input\":{\"@type\":\"PropertyValueSpecification\",\"valueRequired\":true,\"valueName\":\"search_term_string\"}}],\"inLanguage\":\"es\"},{\"@type\":\"Organization\",\"@id\":\"https:\/\/municipales.org.ar\/festram\/#organization\",\"name\":\"Federaci\u00f3n de Sindicatos de Trabajadores Municipales de la Provincia de Santa Fe\",\"url\":\"https:\/\/municipales.org.ar\/festram\/\",\"logo\":{\"@type\":\"ImageObject\",\"inLanguage\":\"es\",\"@id\":\"https:\/\/municipales.org.ar\/festram\/#\/schema\/logo\/image\/\",\"url\":\"https:\/\/www.municipales.org.ar\/festram\/wp-content\/uploads\/2014\/07\/logo_fes.jpg\",\"contentUrl\":\"https:\/\/www.municipales.org.ar\/festram\/wp-content\/uploads\/2014\/07\/logo_fes.jpg\",\"width\":661,\"height\":673,\"caption\":\"Federaci\u00f3n de Sindicatos de Trabajadores Municipales de la Provincia de Santa Fe\"},\"image\":{\"@id\":\"https:\/\/municipales.org.ar\/festram\/#\/schema\/logo\/image\/\"},\"sameAs\":[\"https:\/\/www.facebook.com\/MunicipalesSF\",\"https:\/\/x.com\/MunicipalesSF\",\"https:\/\/www.youtube.com\/user\/festram\"]},{\"@type\":\"Person\",\"@id\":\"https:\/\/municipales.org.ar\/festram\/#\/schema\/person\/49096a774c48ce9063df4d59ec059f9e\",\"name\":\"mun_admin\"}]}<\/script>\n<!-- \/ Yoast SEO plugin. -->","yoast_head_json":{"title":"La importancia de la Formaci\u00f3n &#8211; FESTRAM","description":"El pasado viernes 26 de Julio en las instalaciones del Sindicato Municipal de Avellaneda, se realiz\u00f3 el Encuentro de Formaci\u00f3n Sindical, organizado por la Intersindical del Norte santafesino que nuclea la CGT, la CTA T, la CTA A, y la UTEP.","robots":{"index":"index","follow":"follow","max-snippet":"max-snippet:-1","max-image-preview":"max-image-preview:large","max-video-preview":"max-video-preview:-1"},"canonical":"https:\/\/municipales.org.ar\/festram\/la-importancia-de-la-formacion\/","og_locale":"es_ES","og_type":"article","og_title":"La importancia de la Formaci\u00f3n &#8211; FESTRAM","og_description":"El pasado viernes 26 de Julio en las instalaciones del Sindicato Municipal de Avellaneda, se realiz\u00f3 el Encuentro de Formaci\u00f3n Sindical, organizado por la Intersindical del Norte santafesino que nuclea la CGT, la CTA T, la CTA A, y la UTEP.","og_url":"https:\/\/municipales.org.ar\/festram\/la-importancia-de-la-formacion\/","og_site_name":"FESTRAM","article_publisher":"https:\/\/www.facebook.com\/MunicipalesSF","article_published_time":"2024-07-31T12:03:36+00:00","article_modified_time":"2024-07-31T12:03:38+00:00","og_image":[{"width":1600,"height":1066,"url":"https:\/\/municipales.org.ar\/festram\/wp-content\/uploads\/2024\/07\/Avellaneda3.jpg","type":"image\/jpeg"}],"author":"mun_admin","twitter_card":"summary_large_image","twitter_creator":"@MunicipalesSF","twitter_site":"@MunicipalesSF","twitter_misc":{"Escrito por":"mun_admin","Tiempo de lectura":"3 minutos"},"schema":{"@context":"https:\/\/schema.org","@graph":[{"@type":"Article","@id":"https:\/\/municipales.org.ar\/festram\/la-importancia-de-la-formacion\/#article","isPartOf":{"@id":"https:\/\/municipales.org.ar\/festram\/la-importancia-de-la-formacion\/"},"author":{"name":"mun_admin","@id":"https:\/\/municipales.org.ar\/festram\/#\/schema\/person\/49096a774c48ce9063df4d59ec059f9e"},"headline":"La importancia de la Formaci\u00f3n","datePublished":"2024-07-31T12:03:36+00:00","dateModified":"2024-07-31T12:03:38+00:00","mainEntityOfPage":{"@id":"https:\/\/municipales.org.ar\/festram\/la-importancia-de-la-formacion\/"},"wordCount":372,"publisher":{"@id":"https:\/\/municipales.org.ar\/festram\/#organization"},"image":{"@id":"https:\/\/municipales.org.ar\/festram\/la-importancia-de-la-formacion\/#primaryimage"},"thumbnailUrl":"https:\/\/municipales.org.ar\/festram\/wp-content\/uploads\/2024\/07\/Avellaneda3.jpg","keywords":["avellaneda","capacitaci\u00f3n","reconquista","sindicatos afiliados"],"articleSection":["Capacitaci\u00f3n","Comunicados 2024","Seminarios y Actividades"],"inLanguage":"es"},{"@type":"WebPage","@id":"https:\/\/municipales.org.ar\/festram\/la-importancia-de-la-formacion\/","url":"https:\/\/municipales.org.ar\/festram\/la-importancia-de-la-formacion\/","name":"La importancia de la Formaci\u00f3n &#8211; FESTRAM","isPartOf":{"@id":"https:\/\/municipales.org.ar\/festram\/#website"},"primaryImageOfPage":{"@id":"https:\/\/municipales.org.ar\/festram\/la-importancia-de-la-formacion\/#primaryimage"},"image":{"@id":"https:\/\/municipales.org.ar\/festram\/la-importancia-de-la-formacion\/#primaryimage"},"thumbnailUrl":"https:\/\/municipales.org.ar\/festram\/wp-content\/uploads\/2024\/07\/Avellaneda3.jpg","datePublished":"2024-07-31T12:03:36+00:00","dateModified":"2024-07-31T12:03:38+00:00","description":"El pasado viernes 26 de Julio en las instalaciones del Sindicato Municipal de Avellaneda, se realiz\u00f3 el Encuentro de Formaci\u00f3n Sindical, organizado por la Intersindical del Norte santafesino que nuclea la CGT, la CTA T, la CTA A, y la UTEP.","breadcrumb":{"@id":"https:\/\/municipales.org.ar\/festram\/la-importancia-de-la-formacion\/#breadcrumb"},"inLanguage":"es","potentialAction":[{"@type":"ReadAction","target":["https:\/\/municipales.org.ar\/festram\/la-importancia-de-la-formacion\/"]}]},{"@type":"ImageObject","inLanguage":"es","@id":"https:\/\/municipales.org.ar\/festram\/la-importancia-de-la-formacion\/#primaryimage","url":"https:\/\/municipales.org.ar\/festram\/wp-content\/uploads\/2024\/07\/Avellaneda3.jpg","contentUrl":"https:\/\/municipales.org.ar\/festram\/wp-content\/uploads\/2024\/07\/Avellaneda3.jpg","width":1600,"height":1066},{"@type":"BreadcrumbList","@id":"https:\/\/municipales.org.ar\/festram\/la-importancia-de-la-formacion\/#breadcrumb","itemListElement":[{"@type":"ListItem","position":1,"name":"Portada","item":"https:\/\/municipales.org.ar\/festram\/"},{"@type":"ListItem","position":2,"name":"La importancia de la Formaci\u00f3n"}]},{"@type":"WebSite","@id":"https:\/\/municipales.org.ar\/festram\/#website","url":"https:\/\/municipales.org.ar\/festram\/","name":"FESTRAM","description":"La web de los trabajadores municipales","publisher":{"@id":"https:\/\/municipales.org.ar\/festram\/#organization"},"potentialAction":[{"@type":"SearchAction","target":{"@type":"EntryPoint","urlTemplate":"https:\/\/municipales.org.ar\/festram\/?s={search_term_string}"},"query-input":{"@type":"PropertyValueSpecification","valueRequired":true,"valueName":"search_term_string"}}],"inLanguage":"es"},{"@type":"Organization","@id":"https:\/\/municipales.org.ar\/festram\/#organization","name":"Federaci\u00f3n de Sindicatos de Trabajadores Municipales de la Provincia de Santa Fe","url":"https:\/\/municipales.org.ar\/festram\/","logo":{"@type":"ImageObject","inLanguage":"es","@id":"https:\/\/municipales.org.ar\/festram\/#\/schema\/logo\/image\/","url":"https:\/\/www.municipales.org.ar\/festram\/wp-content\/uploads\/2014\/07\/logo_fes.jpg","contentUrl":"https:\/\/www.municipales.org.ar\/festram\/wp-content\/uploads\/2014\/07\/logo_fes.jpg","width":661,"height":673,"caption":"Federaci\u00f3n de Sindicatos de Trabajadores Municipales de la Provincia de Santa Fe"},"image":{"@id":"https:\/\/municipales.org.ar\/festram\/#\/schema\/logo\/image\/"},"sameAs":["https:\/\/www.facebook.com\/MunicipalesSF","https:\/\/x.com\/MunicipalesSF","https:\/\/www.youtube.com\/user\/festram"]},{"@type":"Person","@id":"https:\/\/municipales.org.ar\/festram\/#\/schema\/person\/49096a774c48ce9063df4d59ec059f9e","name":"mun_admin"}]}},"jetpack_publicize_connections":[],"jetpack_featured_media_url":"https:\/\/municipales.org.ar\/festram\/wp-content\/uploads\/2024\/07\/Avellaneda3.jpg","jetpack_sharing_enabled":true,"jetpack_likes_enabled":false,"jetpack_shortlink":"https:\/\/wp.me\/p7l4x1-4wY","_links":{"self":[{"href":"https:\/\/municipales.org.ar\/festram\/wp-json\/wp\/v2\/posts\/17420","targetHints":{"allow":["GET"]}}],"collection":[{"href":"https:\/\/municipales.org.ar\/festram\/wp-json\/wp\/v2\/posts"}],"about":[{"href":"https:\/\/municipales.org.ar\/festram\/wp-json\/wp\/v2\/types\/post"}],"author":[{"embeddable":true,"href":"https:\/\/municipales.org.ar\/festram\/wp-json\/wp\/v2\/users\/1"}],"replies":[{"embeddable":true,"href":"https:\/\/municipales.org.ar\/festram\/wp-json\/wp\/v2\/comments?post=17420"}],"version-history":[{"count":1,"href":"https:\/\/municipales.org.ar\/festram\/wp-json\/wp\/v2\/posts\/17420\/revisions"}],"predecessor-version":[{"id":17425,"href":"https:\/\/municipales.org.ar\/festram\/wp-json\/wp\/v2\/posts\/17420\/revisions\/17425"}],"wp:featuredmedia":[{"embeddable":true,"href":"https:\/\/municipales.org.ar\/festram\/wp-json\/wp\/v2\/media\/17424"}],"wp:attachment":[{"href":"https:\/\/municipales.org.ar\/festram\/wp-json\/wp\/v2\/media?parent=17420"}],"wp:term":[{"taxonomy":"category","embeddable":true,"href":"https:\/\/municipales.org.ar\/festram\/wp-json\/wp\/v2\/categories?post=17420"},{"taxonomy":"post_tag","embeddable":true,"href":"https:\/\/municipales.org.ar\/festram\/wp-json\/wp\/v2\/tags?post=17420"}],"curies":[{"name":"wp","href":"https:\/\/api.w.org\/{rel}","templated":true}]}}