{"id":17474,"date":"2024-08-19T10:14:15","date_gmt":"2024-08-19T13:14:15","guid":{"rendered":"https:\/\/municipales.org.ar\/festram\/?p=17474"},"modified":"2024-08-19T10:14:18","modified_gmt":"2024-08-19T13:14:18","slug":"festram-inauguro-la-biblioteca-manuel-casado","status":"publish","type":"post","link":"https:\/\/municipales.org.ar\/festram\/festram-inauguro-la-biblioteca-manuel-casado\/","title":{"rendered":"FESTRAM inaugur\u00f3 la Biblioteca \u00abManuel Casado\u00bb"},"content":{"rendered":"\n<p><\/p>\n\n\n\n<h2 class=\"wp-block-heading\"><strong>Homenaje al Ex Secretario General del Sindicato Municipal de San Lorenzo, preso durante la Dictadura C\u00edvico-Militar y testigo en causa por delitos de Lesa Humanidad.<\/strong><\/h2>\n\n\n\n<p><br><br>En un emotivo acto el pasado mi\u00e9rcoles 14 de Agosto en el Complejo Institucional de FESTRAM, donde estuvo presente la familia de Manuel Casado, se instituy\u00f3 con su nombre a la nueva Biblioteca de la Federaci\u00f3n.<\/p>\n\n\n\n<p>En tiempos de redes sociales, inteligencia artificial e internet, nuestra organizaci\u00f3n sindical apuesta a seguir fortaleciendo la cultura, la educaci\u00f3n y la lectura, pilares insustituibles en la formaci\u00f3n de dirigentes y militantes, en este caso, del plano sindical.<\/p>\n\n\n\n<p><\/p>\n\n\n\n<figure class=\"wp-block-gallery has-nested-images columns-default is-cropped wp-block-gallery-1 is-layout-flex wp-block-gallery-is-layout-flex\">\n<figure class=\"wp-block-image size-large\"><img loading=\"lazy\" decoding=\"async\" width=\"1024\" height=\"683\" data-id=\"17476\" src=\"https:\/\/municipales.org.ar\/festram\/wp-content\/uploads\/2024\/08\/Biblioteca-14.8.24-84-de-116-1024x683.jpg\" alt=\"\" class=\"wp-image-17476\" srcset=\"https:\/\/municipales.org.ar\/festram\/wp-content\/uploads\/2024\/08\/Biblioteca-14.8.24-84-de-116-1024x683.jpg 1024w, https:\/\/municipales.org.ar\/festram\/wp-content\/uploads\/2024\/08\/Biblioteca-14.8.24-84-de-116-300x200.jpg 300w, https:\/\/municipales.org.ar\/festram\/wp-content\/uploads\/2024\/08\/Biblioteca-14.8.24-84-de-116-768x512.jpg 768w, https:\/\/municipales.org.ar\/festram\/wp-content\/uploads\/2024\/08\/Biblioteca-14.8.24-84-de-116-1536x1024.jpg 1536w, https:\/\/municipales.org.ar\/festram\/wp-content\/uploads\/2024\/08\/Biblioteca-14.8.24-84-de-116-2048x1365.jpg 2048w\" sizes=\"auto, (max-width: 1024px) 100vw, 1024px\" \/><\/figure>\n\n\n\n<figure class=\"wp-block-image size-large\"><img loading=\"lazy\" decoding=\"async\" width=\"1024\" height=\"683\" data-id=\"17482\" src=\"https:\/\/municipales.org.ar\/festram\/wp-content\/uploads\/2024\/08\/Biblioteca-14.8.24-44-de-116-1024x683.jpg\" alt=\"\" class=\"wp-image-17482\" srcset=\"https:\/\/municipales.org.ar\/festram\/wp-content\/uploads\/2024\/08\/Biblioteca-14.8.24-44-de-116-1024x683.jpg 1024w, https:\/\/municipales.org.ar\/festram\/wp-content\/uploads\/2024\/08\/Biblioteca-14.8.24-44-de-116-300x200.jpg 300w, https:\/\/municipales.org.ar\/festram\/wp-content\/uploads\/2024\/08\/Biblioteca-14.8.24-44-de-116-768x512.jpg 768w, https:\/\/municipales.org.ar\/festram\/wp-content\/uploads\/2024\/08\/Biblioteca-14.8.24-44-de-116-1536x1024.jpg 1536w, https:\/\/municipales.org.ar\/festram\/wp-content\/uploads\/2024\/08\/Biblioteca-14.8.24-44-de-116-2048x1365.jpg 2048w\" sizes=\"auto, (max-width: 1024px) 100vw, 1024px\" \/><\/figure>\n\n\n\n<figure class=\"wp-block-image size-large\"><img loading=\"lazy\" decoding=\"async\" width=\"1024\" height=\"683\" data-id=\"17477\" src=\"https:\/\/municipales.org.ar\/festram\/wp-content\/uploads\/2024\/08\/Biblioteca-14.8.24-71-de-116-1024x683.jpg\" alt=\"\" class=\"wp-image-17477\" srcset=\"https:\/\/municipales.org.ar\/festram\/wp-content\/uploads\/2024\/08\/Biblioteca-14.8.24-71-de-116-1024x683.jpg 1024w, https:\/\/municipales.org.ar\/festram\/wp-content\/uploads\/2024\/08\/Biblioteca-14.8.24-71-de-116-300x200.jpg 300w, https:\/\/municipales.org.ar\/festram\/wp-content\/uploads\/2024\/08\/Biblioteca-14.8.24-71-de-116-768x512.jpg 768w, https:\/\/municipales.org.ar\/festram\/wp-content\/uploads\/2024\/08\/Biblioteca-14.8.24-71-de-116-1536x1024.jpg 1536w, https:\/\/municipales.org.ar\/festram\/wp-content\/uploads\/2024\/08\/Biblioteca-14.8.24-71-de-116-2048x1365.jpg 2048w\" sizes=\"auto, (max-width: 1024px) 100vw, 1024px\" \/><\/figure>\n\n\n\n<figure class=\"wp-block-image size-large\"><img loading=\"lazy\" decoding=\"async\" width=\"1024\" height=\"683\" data-id=\"17478\" src=\"https:\/\/municipales.org.ar\/festram\/wp-content\/uploads\/2024\/08\/Biblioteca-14.8.24-69-de-116-1024x683.jpg\" alt=\"\" class=\"wp-image-17478\" srcset=\"https:\/\/municipales.org.ar\/festram\/wp-content\/uploads\/2024\/08\/Biblioteca-14.8.24-69-de-116-1024x683.jpg 1024w, https:\/\/municipales.org.ar\/festram\/wp-content\/uploads\/2024\/08\/Biblioteca-14.8.24-69-de-116-300x200.jpg 300w, https:\/\/municipales.org.ar\/festram\/wp-content\/uploads\/2024\/08\/Biblioteca-14.8.24-69-de-116-768x512.jpg 768w, https:\/\/municipales.org.ar\/festram\/wp-content\/uploads\/2024\/08\/Biblioteca-14.8.24-69-de-116-1536x1024.jpg 1536w, https:\/\/municipales.org.ar\/festram\/wp-content\/uploads\/2024\/08\/Biblioteca-14.8.24-69-de-116-2048x1365.jpg 2048w\" sizes=\"auto, (max-width: 1024px) 100vw, 1024px\" \/><\/figure>\n\n\n\n<figure class=\"wp-block-image size-large\"><img loading=\"lazy\" decoding=\"async\" width=\"1024\" height=\"683\" data-id=\"17479\" src=\"https:\/\/municipales.org.ar\/festram\/wp-content\/uploads\/2024\/08\/Biblioteca-14.8.24-81-de-116-1024x683.jpg\" alt=\"\" class=\"wp-image-17479\" srcset=\"https:\/\/municipales.org.ar\/festram\/wp-content\/uploads\/2024\/08\/Biblioteca-14.8.24-81-de-116-1024x683.jpg 1024w, https:\/\/municipales.org.ar\/festram\/wp-content\/uploads\/2024\/08\/Biblioteca-14.8.24-81-de-116-300x200.jpg 300w, https:\/\/municipales.org.ar\/festram\/wp-content\/uploads\/2024\/08\/Biblioteca-14.8.24-81-de-116-768x512.jpg 768w, https:\/\/municipales.org.ar\/festram\/wp-content\/uploads\/2024\/08\/Biblioteca-14.8.24-81-de-116-1536x1024.jpg 1536w, https:\/\/municipales.org.ar\/festram\/wp-content\/uploads\/2024\/08\/Biblioteca-14.8.24-81-de-116-2048x1365.jpg 2048w\" sizes=\"auto, (max-width: 1024px) 100vw, 1024px\" \/><\/figure>\n\n\n\n<figure class=\"wp-block-image size-large\"><img loading=\"lazy\" decoding=\"async\" width=\"1024\" height=\"683\" data-id=\"17481\" src=\"https:\/\/municipales.org.ar\/festram\/wp-content\/uploads\/2024\/08\/Biblioteca-14.8.24-57-de-116-1024x683.jpg\" alt=\"\" class=\"wp-image-17481\" srcset=\"https:\/\/municipales.org.ar\/festram\/wp-content\/uploads\/2024\/08\/Biblioteca-14.8.24-57-de-116-1024x683.jpg 1024w, https:\/\/municipales.org.ar\/festram\/wp-content\/uploads\/2024\/08\/Biblioteca-14.8.24-57-de-116-300x200.jpg 300w, https:\/\/municipales.org.ar\/festram\/wp-content\/uploads\/2024\/08\/Biblioteca-14.8.24-57-de-116-768x512.jpg 768w, https:\/\/municipales.org.ar\/festram\/wp-content\/uploads\/2024\/08\/Biblioteca-14.8.24-57-de-116-1536x1024.jpg 1536w, https:\/\/municipales.org.ar\/festram\/wp-content\/uploads\/2024\/08\/Biblioteca-14.8.24-57-de-116-2048x1365.jpg 2048w\" sizes=\"auto, (max-width: 1024px) 100vw, 1024px\" \/><\/figure>\n\n\n\n<figure class=\"wp-block-image size-large\"><img loading=\"lazy\" decoding=\"async\" width=\"1024\" height=\"683\" data-id=\"17480\" src=\"https:\/\/municipales.org.ar\/festram\/wp-content\/uploads\/2024\/08\/Biblioteca-14.8.24-75-de-116-1024x683.jpg\" alt=\"\" class=\"wp-image-17480\" srcset=\"https:\/\/municipales.org.ar\/festram\/wp-content\/uploads\/2024\/08\/Biblioteca-14.8.24-75-de-116-1024x683.jpg 1024w, https:\/\/municipales.org.ar\/festram\/wp-content\/uploads\/2024\/08\/Biblioteca-14.8.24-75-de-116-300x200.jpg 300w, https:\/\/municipales.org.ar\/festram\/wp-content\/uploads\/2024\/08\/Biblioteca-14.8.24-75-de-116-768x512.jpg 768w, https:\/\/municipales.org.ar\/festram\/wp-content\/uploads\/2024\/08\/Biblioteca-14.8.24-75-de-116-1536x1024.jpg 1536w, https:\/\/municipales.org.ar\/festram\/wp-content\/uploads\/2024\/08\/Biblioteca-14.8.24-75-de-116-2048x1365.jpg 2048w\" sizes=\"auto, (max-width: 1024px) 100vw, 1024px\" \/><\/figure>\n<\/figure>\n\n\n\n<p><br>Ignacio Monz\u00f3n Secretario General, Andrea Paz, Secretaria Adjunta y Luis Cruz, Secretario de Relaciones Internacionales y Derechos Humanos dieron la bienvenida a un conjunto de representantes de organizaciones sociales, sindicales, pol\u00edticas, de bibliotecas populares, de derechos humanos,\u00a0 medios y expresiones comunitarias que se convocaron para acompa\u00f1ar la inauguraci\u00f3n de la Biblioteca, pero tambi\u00e9n para rendir homenaje al compromiso, a la lealtad con su clase y la coherencia como dirigente sindical de Manuel Casado, uno de los pocos sobrevivientes de la represi\u00f3n en el cord\u00f3n industrial norte de Rosario en \u00e9pocas de la feroz y mayor represi\u00f3n que conoci\u00f3 la Argentina contempor\u00e1nea, que se llev\u00f3 adelante a partir del a\u00f1o 1976.<\/p>\n\n\n\n<p>La presencia de la familia de Manuel Casado le dio al acontecimiento una emotividad especial y la proyecci\u00f3n de videos alusivos, narraciones y m\u00fasica conform\u00f3 un hecho que fue resaltado por los presentes y muy valorado por los dirigentes de FESTRAM.<\/p>\n\n\n\n<p>Tambi\u00e9n se record\u00f3 a la compa\u00f1era Ana Salgado quien fuera ferviente impulsora de la realizaci\u00f3n de la Biblioteca.<\/p>\n\n\n\n<p>Compartieron la actividad el Coordinador de la Secretar\u00eda de Derechos Humanos de la Provincia de Santa Fe, Zona Sur, Ram\u00f3n Ver\u00f3n y la Subsecretaria de Educaci\u00f3n Secundaria del Gobierno Provincial Mariela Bossio.<\/p>\n\n\n\n<h6 class=\"wp-block-heading\">Prensa FESTRAM<\/h6>\n\n\n\n<p><\/p>\n\n\n<p><iframe loading=\"lazy\" width=\"560\" height=\"315\" src=\"https:\/\/www.youtube.com\/embed\/5Cg69tT2llM?si=C6lG5I_eMzLMQvQ-\" title=\"YouTube video player\" frameborder=\"0\" allow=\"accelerometer; autoplay; clipboard-write; encrypted-media; gyroscope; picture-in-picture; web-share\" referrerpolicy=\"strict-origin-when-cross-origin\" allowfullscreen><\/iframe><\/p>\n","protected":false},"excerpt":{"rendered":"<p>Homenaje al Ex Secretario General del Sindicato Municipal de San Lorenzo, preso durante la Dictadura C\u00edvico-Militar y testigo en causa por delitos de Lesa Humanidad.<\/p>\n","protected":false},"author":1,"featured_media":17475,"comment_status":"closed","ping_status":"closed","sticky":false,"template":"","format":"standard","meta":{"_jetpack_memberships_contains_paid_content":false,"footnotes":"","jetpack_publicize_message":"","jetpack_publicize_feature_enabled":true,"jetpack_social_post_already_shared":true,"jetpack_social_options":{"image_generator_settings":{"template":"highway","default_image_id":0,"font":"","enabled":false},"version":2}},"categories":[167,38,61],"tags":[],"class_list":["post-17474","post","type-post","status-publish","format-standard","has-post-thumbnail","hentry","category-actividades-en-el-complejo","category-comunicados","category-seminarios-y-actividades"],"yoast_head":"<!-- This site is optimized with the Yoast SEO plugin v25.9 - https:\/\/yoast.com\/wordpress\/plugins\/seo\/ -->\n<title>FESTRAM inaugur\u00f3 la Biblioteca &quot;Manuel Casado&quot; &#8211; FESTRAM<\/title>\n<meta name=\"description\" content=\"Homenaje al Ex Secretario General del Sindicato Municipal de San Lorenzo, preso durante la Dictadura C\u00edvico-Militar y testigo en causa por delitos de Lesa Humanidad.\" \/>\n<meta name=\"robots\" content=\"index, follow, max-snippet:-1, max-image-preview:large, max-video-preview:-1\" \/>\n<link rel=\"canonical\" href=\"https:\/\/municipales.org.ar\/festram\/festram-inauguro-la-biblioteca-manuel-casado\/\" \/>\n<meta property=\"og:locale\" content=\"es_ES\" \/>\n<meta property=\"og:type\" content=\"article\" \/>\n<meta property=\"og:title\" content=\"FESTRAM inaugur\u00f3 la Biblioteca &quot;Manuel Casado&quot; &#8211; FESTRAM\" \/>\n<meta property=\"og:description\" content=\"Homenaje al Ex Secretario General del Sindicato Municipal de San Lorenzo, preso durante la Dictadura C\u00edvico-Militar y testigo en causa por delitos de Lesa Humanidad.\" \/>\n<meta property=\"og:url\" content=\"https:\/\/municipales.org.ar\/festram\/festram-inauguro-la-biblioteca-manuel-casado\/\" \/>\n<meta property=\"og:site_name\" content=\"FESTRAM\" \/>\n<meta property=\"article:publisher\" content=\"https:\/\/www.facebook.com\/MunicipalesSF\" \/>\n<meta property=\"article:published_time\" content=\"2024-08-19T13:14:15+00:00\" \/>\n<meta property=\"article:modified_time\" content=\"2024-08-19T13:14:18+00:00\" \/>\n<meta property=\"og:image\" content=\"https:\/\/municipales.org.ar\/festram\/wp-content\/uploads\/2024\/08\/Biblioteca-14.8.24-82-de-116-scaled.jpg\" \/>\n\t<meta property=\"og:image:width\" content=\"2560\" \/>\n\t<meta property=\"og:image:height\" content=\"1707\" \/>\n\t<meta property=\"og:image:type\" content=\"image\/jpeg\" \/>\n<meta name=\"author\" content=\"mun_admin\" \/>\n<meta name=\"twitter:card\" content=\"summary_large_image\" \/>\n<meta name=\"twitter:creator\" content=\"@MunicipalesSF\" \/>\n<meta name=\"twitter:site\" content=\"@MunicipalesSF\" \/>\n<meta name=\"twitter:label1\" content=\"Escrito por\" \/>\n\t<meta name=\"twitter:data1\" content=\"mun_admin\" \/>\n\t<meta name=\"twitter:label2\" content=\"Tiempo de lectura\" \/>\n\t<meta name=\"twitter:data2\" content=\"3 minutos\" \/>\n<script type=\"application\/ld+json\" class=\"yoast-schema-graph\">{\"@context\":\"https:\/\/schema.org\",\"@graph\":[{\"@type\":\"Article\",\"@id\":\"https:\/\/municipales.org.ar\/festram\/festram-inauguro-la-biblioteca-manuel-casado\/#article\",\"isPartOf\":{\"@id\":\"https:\/\/municipales.org.ar\/festram\/festram-inauguro-la-biblioteca-manuel-casado\/\"},\"author\":{\"name\":\"mun_admin\",\"@id\":\"https:\/\/municipales.org.ar\/festram\/#\/schema\/person\/49096a774c48ce9063df4d59ec059f9e\"},\"headline\":\"FESTRAM inaugur\u00f3 la Biblioteca \u00abManuel Casado\u00bb\",\"datePublished\":\"2024-08-19T13:14:15+00:00\",\"dateModified\":\"2024-08-19T13:14:18+00:00\",\"mainEntityOfPage\":{\"@id\":\"https:\/\/municipales.org.ar\/festram\/festram-inauguro-la-biblioteca-manuel-casado\/\"},\"wordCount\":331,\"publisher\":{\"@id\":\"https:\/\/municipales.org.ar\/festram\/#organization\"},\"image\":{\"@id\":\"https:\/\/municipales.org.ar\/festram\/festram-inauguro-la-biblioteca-manuel-casado\/#primaryimage\"},\"thumbnailUrl\":\"https:\/\/municipales.org.ar\/festram\/wp-content\/uploads\/2024\/08\/Biblioteca-14.8.24-82-de-116-scaled.jpg\",\"articleSection\":[\"actividades en el complejo\",\"Comunicados\",\"Seminarios y Actividades\"],\"inLanguage\":\"es\"},{\"@type\":\"WebPage\",\"@id\":\"https:\/\/municipales.org.ar\/festram\/festram-inauguro-la-biblioteca-manuel-casado\/\",\"url\":\"https:\/\/municipales.org.ar\/festram\/festram-inauguro-la-biblioteca-manuel-casado\/\",\"name\":\"FESTRAM inaugur\u00f3 la Biblioteca \\\"Manuel Casado\\\" &#8211; FESTRAM\",\"isPartOf\":{\"@id\":\"https:\/\/municipales.org.ar\/festram\/#website\"},\"primaryImageOfPage\":{\"@id\":\"https:\/\/municipales.org.ar\/festram\/festram-inauguro-la-biblioteca-manuel-casado\/#primaryimage\"},\"image\":{\"@id\":\"https:\/\/municipales.org.ar\/festram\/festram-inauguro-la-biblioteca-manuel-casado\/#primaryimage\"},\"thumbnailUrl\":\"https:\/\/municipales.org.ar\/festram\/wp-content\/uploads\/2024\/08\/Biblioteca-14.8.24-82-de-116-scaled.jpg\",\"datePublished\":\"2024-08-19T13:14:15+00:00\",\"dateModified\":\"2024-08-19T13:14:18+00:00\",\"description\":\"Homenaje al Ex Secretario General del Sindicato Municipal de San Lorenzo, preso durante la Dictadura C\u00edvico-Militar y testigo en causa por delitos de Lesa Humanidad.\",\"breadcrumb\":{\"@id\":\"https:\/\/municipales.org.ar\/festram\/festram-inauguro-la-biblioteca-manuel-casado\/#breadcrumb\"},\"inLanguage\":\"es\",\"potentialAction\":[{\"@type\":\"ReadAction\",\"target\":[\"https:\/\/municipales.org.ar\/festram\/festram-inauguro-la-biblioteca-manuel-casado\/\"]}]},{\"@type\":\"ImageObject\",\"inLanguage\":\"es\",\"@id\":\"https:\/\/municipales.org.ar\/festram\/festram-inauguro-la-biblioteca-manuel-casado\/#primaryimage\",\"url\":\"https:\/\/municipales.org.ar\/festram\/wp-content\/uploads\/2024\/08\/Biblioteca-14.8.24-82-de-116-scaled.jpg\",\"contentUrl\":\"https:\/\/municipales.org.ar\/festram\/wp-content\/uploads\/2024\/08\/Biblioteca-14.8.24-82-de-116-scaled.jpg\",\"width\":2560,\"height\":1707},{\"@type\":\"BreadcrumbList\",\"@id\":\"https:\/\/municipales.org.ar\/festram\/festram-inauguro-la-biblioteca-manuel-casado\/#breadcrumb\",\"itemListElement\":[{\"@type\":\"ListItem\",\"position\":1,\"name\":\"Portada\",\"item\":\"https:\/\/municipales.org.ar\/festram\/\"},{\"@type\":\"ListItem\",\"position\":2,\"name\":\"FESTRAM inaugur\u00f3 la Biblioteca &#8220;Manuel Casado&#8221;\"}]},{\"@type\":\"WebSite\",\"@id\":\"https:\/\/municipales.org.ar\/festram\/#website\",\"url\":\"https:\/\/municipales.org.ar\/festram\/\",\"name\":\"FESTRAM\",\"description\":\"La web de los trabajadores municipales\",\"publisher\":{\"@id\":\"https:\/\/municipales.org.ar\/festram\/#organization\"},\"potentialAction\":[{\"@type\":\"SearchAction\",\"target\":{\"@type\":\"EntryPoint\",\"urlTemplate\":\"https:\/\/municipales.org.ar\/festram\/?s={search_term_string}\"},\"query-input\":{\"@type\":\"PropertyValueSpecification\",\"valueRequired\":true,\"valueName\":\"search_term_string\"}}],\"inLanguage\":\"es\"},{\"@type\":\"Organization\",\"@id\":\"https:\/\/municipales.org.ar\/festram\/#organization\",\"name\":\"Federaci\u00f3n de Sindicatos de Trabajadores Municipales de la Provincia de Santa Fe\",\"url\":\"https:\/\/municipales.org.ar\/festram\/\",\"logo\":{\"@type\":\"ImageObject\",\"inLanguage\":\"es\",\"@id\":\"https:\/\/municipales.org.ar\/festram\/#\/schema\/logo\/image\/\",\"url\":\"https:\/\/www.municipales.org.ar\/festram\/wp-content\/uploads\/2014\/07\/logo_fes.jpg\",\"contentUrl\":\"https:\/\/www.municipales.org.ar\/festram\/wp-content\/uploads\/2014\/07\/logo_fes.jpg\",\"width\":661,\"height\":673,\"caption\":\"Federaci\u00f3n de Sindicatos de Trabajadores Municipales de la Provincia de Santa Fe\"},\"image\":{\"@id\":\"https:\/\/municipales.org.ar\/festram\/#\/schema\/logo\/image\/\"},\"sameAs\":[\"https:\/\/www.facebook.com\/MunicipalesSF\",\"https:\/\/x.com\/MunicipalesSF\",\"https:\/\/www.youtube.com\/user\/festram\"]},{\"@type\":\"Person\",\"@id\":\"https:\/\/municipales.org.ar\/festram\/#\/schema\/person\/49096a774c48ce9063df4d59ec059f9e\",\"name\":\"mun_admin\"}]}<\/script>\n<!-- \/ Yoast SEO plugin. -->","yoast_head_json":{"title":"FESTRAM inaugur\u00f3 la Biblioteca \"Manuel Casado\" &#8211; FESTRAM","description":"Homenaje al Ex Secretario General del Sindicato Municipal de San Lorenzo, preso durante la Dictadura C\u00edvico-Militar y testigo en causa por delitos de Lesa Humanidad.","robots":{"index":"index","follow":"follow","max-snippet":"max-snippet:-1","max-image-preview":"max-image-preview:large","max-video-preview":"max-video-preview:-1"},"canonical":"https:\/\/municipales.org.ar\/festram\/festram-inauguro-la-biblioteca-manuel-casado\/","og_locale":"es_ES","og_type":"article","og_title":"FESTRAM inaugur\u00f3 la Biblioteca \"Manuel Casado\" &#8211; FESTRAM","og_description":"Homenaje al Ex Secretario General del Sindicato Municipal de San Lorenzo, preso durante la Dictadura C\u00edvico-Militar y testigo en causa por delitos de Lesa Humanidad.","og_url":"https:\/\/municipales.org.ar\/festram\/festram-inauguro-la-biblioteca-manuel-casado\/","og_site_name":"FESTRAM","article_publisher":"https:\/\/www.facebook.com\/MunicipalesSF","article_published_time":"2024-08-19T13:14:15+00:00","article_modified_time":"2024-08-19T13:14:18+00:00","og_image":[{"width":2560,"height":1707,"url":"https:\/\/municipales.org.ar\/festram\/wp-content\/uploads\/2024\/08\/Biblioteca-14.8.24-82-de-116-scaled.jpg","type":"image\/jpeg"}],"author":"mun_admin","twitter_card":"summary_large_image","twitter_creator":"@MunicipalesSF","twitter_site":"@MunicipalesSF","twitter_misc":{"Escrito por":"mun_admin","Tiempo de lectura":"3 minutos"},"schema":{"@context":"https:\/\/schema.org","@graph":[{"@type":"Article","@id":"https:\/\/municipales.org.ar\/festram\/festram-inauguro-la-biblioteca-manuel-casado\/#article","isPartOf":{"@id":"https:\/\/municipales.org.ar\/festram\/festram-inauguro-la-biblioteca-manuel-casado\/"},"author":{"name":"mun_admin","@id":"https:\/\/municipales.org.ar\/festram\/#\/schema\/person\/49096a774c48ce9063df4d59ec059f9e"},"headline":"FESTRAM inaugur\u00f3 la Biblioteca \u00abManuel Casado\u00bb","datePublished":"2024-08-19T13:14:15+00:00","dateModified":"2024-08-19T13:14:18+00:00","mainEntityOfPage":{"@id":"https:\/\/municipales.org.ar\/festram\/festram-inauguro-la-biblioteca-manuel-casado\/"},"wordCount":331,"publisher":{"@id":"https:\/\/municipales.org.ar\/festram\/#organization"},"image":{"@id":"https:\/\/municipales.org.ar\/festram\/festram-inauguro-la-biblioteca-manuel-casado\/#primaryimage"},"thumbnailUrl":"https:\/\/municipales.org.ar\/festram\/wp-content\/uploads\/2024\/08\/Biblioteca-14.8.24-82-de-116-scaled.jpg","articleSection":["actividades en el complejo","Comunicados","Seminarios y Actividades"],"inLanguage":"es"},{"@type":"WebPage","@id":"https:\/\/municipales.org.ar\/festram\/festram-inauguro-la-biblioteca-manuel-casado\/","url":"https:\/\/municipales.org.ar\/festram\/festram-inauguro-la-biblioteca-manuel-casado\/","name":"FESTRAM inaugur\u00f3 la Biblioteca \"Manuel Casado\" &#8211; FESTRAM","isPartOf":{"@id":"https:\/\/municipales.org.ar\/festram\/#website"},"primaryImageOfPage":{"@id":"https:\/\/municipales.org.ar\/festram\/festram-inauguro-la-biblioteca-manuel-casado\/#primaryimage"},"image":{"@id":"https:\/\/municipales.org.ar\/festram\/festram-inauguro-la-biblioteca-manuel-casado\/#primaryimage"},"thumbnailUrl":"https:\/\/municipales.org.ar\/festram\/wp-content\/uploads\/2024\/08\/Biblioteca-14.8.24-82-de-116-scaled.jpg","datePublished":"2024-08-19T13:14:15+00:00","dateModified":"2024-08-19T13:14:18+00:00","description":"Homenaje al Ex Secretario General del Sindicato Municipal de San Lorenzo, preso durante la Dictadura C\u00edvico-Militar y testigo en causa por delitos de Lesa Humanidad.","breadcrumb":{"@id":"https:\/\/municipales.org.ar\/festram\/festram-inauguro-la-biblioteca-manuel-casado\/#breadcrumb"},"inLanguage":"es","potentialAction":[{"@type":"ReadAction","target":["https:\/\/municipales.org.ar\/festram\/festram-inauguro-la-biblioteca-manuel-casado\/"]}]},{"@type":"ImageObject","inLanguage":"es","@id":"https:\/\/municipales.org.ar\/festram\/festram-inauguro-la-biblioteca-manuel-casado\/#primaryimage","url":"https:\/\/municipales.org.ar\/festram\/wp-content\/uploads\/2024\/08\/Biblioteca-14.8.24-82-de-116-scaled.jpg","contentUrl":"https:\/\/municipales.org.ar\/festram\/wp-content\/uploads\/2024\/08\/Biblioteca-14.8.24-82-de-116-scaled.jpg","width":2560,"height":1707},{"@type":"BreadcrumbList","@id":"https:\/\/municipales.org.ar\/festram\/festram-inauguro-la-biblioteca-manuel-casado\/#breadcrumb","itemListElement":[{"@type":"ListItem","position":1,"name":"Portada","item":"https:\/\/municipales.org.ar\/festram\/"},{"@type":"ListItem","position":2,"name":"FESTRAM inaugur\u00f3 la Biblioteca &#8220;Manuel Casado&#8221;"}]},{"@type":"WebSite","@id":"https:\/\/municipales.org.ar\/festram\/#website","url":"https:\/\/municipales.org.ar\/festram\/","name":"FESTRAM","description":"La web de los trabajadores municipales","publisher":{"@id":"https:\/\/municipales.org.ar\/festram\/#organization"},"potentialAction":[{"@type":"SearchAction","target":{"@type":"EntryPoint","urlTemplate":"https:\/\/municipales.org.ar\/festram\/?s={search_term_string}"},"query-input":{"@type":"PropertyValueSpecification","valueRequired":true,"valueName":"search_term_string"}}],"inLanguage":"es"},{"@type":"Organization","@id":"https:\/\/municipales.org.ar\/festram\/#organization","name":"Federaci\u00f3n de Sindicatos de Trabajadores Municipales de la Provincia de Santa Fe","url":"https:\/\/municipales.org.ar\/festram\/","logo":{"@type":"ImageObject","inLanguage":"es","@id":"https:\/\/municipales.org.ar\/festram\/#\/schema\/logo\/image\/","url":"https:\/\/www.municipales.org.ar\/festram\/wp-content\/uploads\/2014\/07\/logo_fes.jpg","contentUrl":"https:\/\/www.municipales.org.ar\/festram\/wp-content\/uploads\/2014\/07\/logo_fes.jpg","width":661,"height":673,"caption":"Federaci\u00f3n de Sindicatos de Trabajadores Municipales de la Provincia de Santa Fe"},"image":{"@id":"https:\/\/municipales.org.ar\/festram\/#\/schema\/logo\/image\/"},"sameAs":["https:\/\/www.facebook.com\/MunicipalesSF","https:\/\/x.com\/MunicipalesSF","https:\/\/www.youtube.com\/user\/festram"]},{"@type":"Person","@id":"https:\/\/municipales.org.ar\/festram\/#\/schema\/person\/49096a774c48ce9063df4d59ec059f9e","name":"mun_admin"}]}},"jetpack_publicize_connections":[],"jetpack_featured_media_url":"https:\/\/municipales.org.ar\/festram\/wp-content\/uploads\/2024\/08\/Biblioteca-14.8.24-82-de-116-scaled.jpg","jetpack_sharing_enabled":true,"jetpack_likes_enabled":false,"jetpack_shortlink":"https:\/\/wp.me\/p7l4x1-4xQ","_links":{"self":[{"href":"https:\/\/municipales.org.ar\/festram\/wp-json\/wp\/v2\/posts\/17474","targetHints":{"allow":["GET"]}}],"collection":[{"href":"https:\/\/municipales.org.ar\/festram\/wp-json\/wp\/v2\/posts"}],"about":[{"href":"https:\/\/municipales.org.ar\/festram\/wp-json\/wp\/v2\/types\/post"}],"author":[{"embeddable":true,"href":"https:\/\/municipales.org.ar\/festram\/wp-json\/wp\/v2\/users\/1"}],"replies":[{"embeddable":true,"href":"https:\/\/municipales.org.ar\/festram\/wp-json\/wp\/v2\/comments?post=17474"}],"version-history":[{"count":1,"href":"https:\/\/municipales.org.ar\/festram\/wp-json\/wp\/v2\/posts\/17474\/revisions"}],"predecessor-version":[{"id":17483,"href":"https:\/\/municipales.org.ar\/festram\/wp-json\/wp\/v2\/posts\/17474\/revisions\/17483"}],"wp:featuredmedia":[{"embeddable":true,"href":"https:\/\/municipales.org.ar\/festram\/wp-json\/wp\/v2\/media\/17475"}],"wp:attachment":[{"href":"https:\/\/municipales.org.ar\/festram\/wp-json\/wp\/v2\/media?parent=17474"}],"wp:term":[{"taxonomy":"category","embeddable":true,"href":"https:\/\/municipales.org.ar\/festram\/wp-json\/wp\/v2\/categories?post=17474"},{"taxonomy":"post_tag","embeddable":true,"href":"https:\/\/municipales.org.ar\/festram\/wp-json\/wp\/v2\/tags?post=17474"}],"curies":[{"name":"wp","href":"https:\/\/api.w.org\/{rel}","templated":true}]}}