{"id":175,"date":"2012-05-10T22:44:27","date_gmt":"2012-05-11T01:44:27","guid":{"rendered":"http:\/\/municipales.org.ar\/festram\/?p=175"},"modified":"2014-06-26T21:54:54","modified_gmt":"2014-06-27T00:54:54","slug":"condenan-al-municipio-de-san-javier-a-pagar-el-aporte-solidario-no-descontado-a-los-trabajadores","status":"publish","type":"post","link":"https:\/\/municipales.org.ar\/festram\/condenan-al-municipio-de-san-javier-a-pagar-el-aporte-solidario-no-descontado-a-los-trabajadores\/","title":{"rendered":"Condenan al Municipio de San Javier a pagar el aporte solidario no descontado a los trabajadores"},"content":{"rendered":"<h5><strong>En este art\u00edculo podr\u00e1 encontrar la copia del fallo judicial que conden\u00f3 al Municipio de San Javier a pagar el aporte solidario no descontado a los trabajadores.<\/strong><\/h5>\n","protected":false},"excerpt":{"rendered":"<p>La entidad sindical reclama un incremento similar al otorgado por el Gobierno Nacional y cuya \u00faltima actualizaci\u00f3n fue realizada hace m\u00e1s de un a\u00f1o.<\/p>\n","protected":false},"author":4,"featured_media":9062,"comment_status":"closed","ping_status":"closed","sticky":false,"template":"","format":"standard","meta":{"_jetpack_memberships_contains_paid_content":false,"footnotes":"","jetpack_publicize_message":"","jetpack_publicize_feature_enabled":true,"jetpack_social_post_already_shared":false,"jetpack_social_options":{"image_generator_settings":{"template":"highway","default_image_id":0,"font":"","enabled":false},"version":2}},"categories":[54,59],"tags":[89],"class_list":["post-175","post","type-post","status-publish","format-standard","has-post-thumbnail","hentry","category-legislacion-fallos","category-salarios-y-paritarias","tag-fallos-juridicos"],"yoast_head":"<!-- This site is optimized with the Yoast SEO plugin v25.9 - https:\/\/yoast.com\/wordpress\/plugins\/seo\/ -->\n<title>Condenan al Municipio de San Javier a pagar el aporte solidario no descontado a los trabajadores &#8211; FESTRAM<\/title>\n<meta name=\"description\" content=\"La entidad sindical reclama un incremento similar al otorgado por el Gobierno Nacional y cuya \u00faltima actualizaci\u00f3n fue realizada hace m\u00e1s de un a\u00f1o.\" \/>\n<meta name=\"robots\" content=\"index, follow, max-snippet:-1, max-image-preview:large, max-video-preview:-1\" \/>\n<link rel=\"canonical\" href=\"https:\/\/municipales.org.ar\/festram\/condenan-al-municipio-de-san-javier-a-pagar-el-aporte-solidario-no-descontado-a-los-trabajadores\/\" \/>\n<meta property=\"og:locale\" content=\"es_ES\" \/>\n<meta property=\"og:type\" content=\"article\" \/>\n<meta property=\"og:title\" content=\"Condenan al Municipio de San Javier a pagar el aporte solidario no descontado a los trabajadores &#8211; FESTRAM\" \/>\n<meta property=\"og:description\" content=\"La entidad sindical reclama un incremento similar al otorgado por el Gobierno Nacional y cuya \u00faltima actualizaci\u00f3n fue realizada hace m\u00e1s de un a\u00f1o.\" \/>\n<meta property=\"og:url\" content=\"https:\/\/municipales.org.ar\/festram\/condenan-al-municipio-de-san-javier-a-pagar-el-aporte-solidario-no-descontado-a-los-trabajadores\/\" \/>\n<meta property=\"og:site_name\" content=\"FESTRAM\" \/>\n<meta property=\"article:publisher\" content=\"https:\/\/www.facebook.com\/MunicipalesSF\" \/>\n<meta property=\"article:published_time\" content=\"2012-05-11T01:44:27+00:00\" \/>\n<meta property=\"article:modified_time\" content=\"2014-06-27T00:54:54+00:00\" \/>\n<meta property=\"og:image\" content=\"https:\/\/municipales.org.ar\/festram\/wp-content\/uploads\/2012\/05\/Municipalidad-de-San-Javier.jpg\" \/>\n\t<meta property=\"og:image:width\" content=\"800\" \/>\n\t<meta property=\"og:image:height\" content=\"522\" \/>\n\t<meta property=\"og:image:type\" content=\"image\/jpeg\" \/>\n<meta name=\"author\" content=\"wp_admin\" \/>\n<meta name=\"twitter:card\" content=\"summary_large_image\" \/>\n<meta name=\"twitter:creator\" content=\"@MunicipalesSF\" \/>\n<meta name=\"twitter:site\" content=\"@MunicipalesSF\" \/>\n<meta name=\"twitter:label1\" content=\"Escrito por\" \/>\n\t<meta name=\"twitter:data1\" content=\"wp_admin\" \/>\n<script type=\"application\/ld+json\" class=\"yoast-schema-graph\">{\"@context\":\"https:\/\/schema.org\",\"@graph\":[{\"@type\":\"Article\",\"@id\":\"https:\/\/municipales.org.ar\/festram\/condenan-al-municipio-de-san-javier-a-pagar-el-aporte-solidario-no-descontado-a-los-trabajadores\/#article\",\"isPartOf\":{\"@id\":\"https:\/\/municipales.org.ar\/festram\/condenan-al-municipio-de-san-javier-a-pagar-el-aporte-solidario-no-descontado-a-los-trabajadores\/\"},\"author\":{\"name\":\"wp_admin\",\"@id\":\"https:\/\/municipales.org.ar\/festram\/#\/schema\/person\/bfcbda16ea802e17decda561ec6e62d3\"},\"headline\":\"Condenan al Municipio de San Javier a pagar el aporte solidario no descontado a los trabajadores\",\"datePublished\":\"2012-05-11T01:44:27+00:00\",\"dateModified\":\"2014-06-27T00:54:54+00:00\",\"mainEntityOfPage\":{\"@id\":\"https:\/\/municipales.org.ar\/festram\/condenan-al-municipio-de-san-javier-a-pagar-el-aporte-solidario-no-descontado-a-los-trabajadores\/\"},\"wordCount\":44,\"publisher\":{\"@id\":\"https:\/\/municipales.org.ar\/festram\/#organization\"},\"image\":{\"@id\":\"https:\/\/municipales.org.ar\/festram\/condenan-al-municipio-de-san-javier-a-pagar-el-aporte-solidario-no-descontado-a-los-trabajadores\/#primaryimage\"},\"thumbnailUrl\":\"https:\/\/municipales.org.ar\/festram\/wp-content\/uploads\/2012\/05\/Municipalidad-de-San-Javier.jpg\",\"keywords\":[\"fallos jur\u00eddicos\"],\"articleSection\":[\"Legislaci\u00f3n Fallos\",\"Salarios y Paritarias\"],\"inLanguage\":\"es\"},{\"@type\":\"WebPage\",\"@id\":\"https:\/\/municipales.org.ar\/festram\/condenan-al-municipio-de-san-javier-a-pagar-el-aporte-solidario-no-descontado-a-los-trabajadores\/\",\"url\":\"https:\/\/municipales.org.ar\/festram\/condenan-al-municipio-de-san-javier-a-pagar-el-aporte-solidario-no-descontado-a-los-trabajadores\/\",\"name\":\"Condenan al Municipio de San Javier a pagar el aporte solidario no descontado a los trabajadores &#8211; FESTRAM\",\"isPartOf\":{\"@id\":\"https:\/\/municipales.org.ar\/festram\/#website\"},\"primaryImageOfPage\":{\"@id\":\"https:\/\/municipales.org.ar\/festram\/condenan-al-municipio-de-san-javier-a-pagar-el-aporte-solidario-no-descontado-a-los-trabajadores\/#primaryimage\"},\"image\":{\"@id\":\"https:\/\/municipales.org.ar\/festram\/condenan-al-municipio-de-san-javier-a-pagar-el-aporte-solidario-no-descontado-a-los-trabajadores\/#primaryimage\"},\"thumbnailUrl\":\"https:\/\/municipales.org.ar\/festram\/wp-content\/uploads\/2012\/05\/Municipalidad-de-San-Javier.jpg\",\"datePublished\":\"2012-05-11T01:44:27+00:00\",\"dateModified\":\"2014-06-27T00:54:54+00:00\",\"description\":\"La entidad sindical reclama un incremento similar al otorgado por el Gobierno Nacional y cuya \u00faltima actualizaci\u00f3n fue realizada hace m\u00e1s de un a\u00f1o.\",\"breadcrumb\":{\"@id\":\"https:\/\/municipales.org.ar\/festram\/condenan-al-municipio-de-san-javier-a-pagar-el-aporte-solidario-no-descontado-a-los-trabajadores\/#breadcrumb\"},\"inLanguage\":\"es\",\"potentialAction\":[{\"@type\":\"ReadAction\",\"target\":[\"https:\/\/municipales.org.ar\/festram\/condenan-al-municipio-de-san-javier-a-pagar-el-aporte-solidario-no-descontado-a-los-trabajadores\/\"]}]},{\"@type\":\"ImageObject\",\"inLanguage\":\"es\",\"@id\":\"https:\/\/municipales.org.ar\/festram\/condenan-al-municipio-de-san-javier-a-pagar-el-aporte-solidario-no-descontado-a-los-trabajadores\/#primaryimage\",\"url\":\"https:\/\/municipales.org.ar\/festram\/wp-content\/uploads\/2012\/05\/Municipalidad-de-San-Javier.jpg\",\"contentUrl\":\"https:\/\/municipales.org.ar\/festram\/wp-content\/uploads\/2012\/05\/Municipalidad-de-San-Javier.jpg\",\"width\":800,\"height\":522},{\"@type\":\"BreadcrumbList\",\"@id\":\"https:\/\/municipales.org.ar\/festram\/condenan-al-municipio-de-san-javier-a-pagar-el-aporte-solidario-no-descontado-a-los-trabajadores\/#breadcrumb\",\"itemListElement\":[{\"@type\":\"ListItem\",\"position\":1,\"name\":\"Portada\",\"item\":\"https:\/\/municipales.org.ar\/festram\/\"},{\"@type\":\"ListItem\",\"position\":2,\"name\":\"Condenan al Municipio de San Javier a pagar el aporte solidario no descontado a los trabajadores\"}]},{\"@type\":\"WebSite\",\"@id\":\"https:\/\/municipales.org.ar\/festram\/#website\",\"url\":\"https:\/\/municipales.org.ar\/festram\/\",\"name\":\"FESTRAM\",\"description\":\"La web de los trabajadores municipales\",\"publisher\":{\"@id\":\"https:\/\/municipales.org.ar\/festram\/#organization\"},\"potentialAction\":[{\"@type\":\"SearchAction\",\"target\":{\"@type\":\"EntryPoint\",\"urlTemplate\":\"https:\/\/municipales.org.ar\/festram\/?s={search_term_string}\"},\"query-input\":{\"@type\":\"PropertyValueSpecification\",\"valueRequired\":true,\"valueName\":\"search_term_string\"}}],\"inLanguage\":\"es\"},{\"@type\":\"Organization\",\"@id\":\"https:\/\/municipales.org.ar\/festram\/#organization\",\"name\":\"Federaci\u00f3n de Sindicatos de Trabajadores Municipales de la Provincia de Santa Fe\",\"url\":\"https:\/\/municipales.org.ar\/festram\/\",\"logo\":{\"@type\":\"ImageObject\",\"inLanguage\":\"es\",\"@id\":\"https:\/\/municipales.org.ar\/festram\/#\/schema\/logo\/image\/\",\"url\":\"https:\/\/www.municipales.org.ar\/festram\/wp-content\/uploads\/2014\/07\/logo_fes.jpg\",\"contentUrl\":\"https:\/\/www.municipales.org.ar\/festram\/wp-content\/uploads\/2014\/07\/logo_fes.jpg\",\"width\":661,\"height\":673,\"caption\":\"Federaci\u00f3n de Sindicatos de Trabajadores Municipales de la Provincia de Santa Fe\"},\"image\":{\"@id\":\"https:\/\/municipales.org.ar\/festram\/#\/schema\/logo\/image\/\"},\"sameAs\":[\"https:\/\/www.facebook.com\/MunicipalesSF\",\"https:\/\/x.com\/MunicipalesSF\",\"https:\/\/www.youtube.com\/user\/festram\"]},{\"@type\":\"Person\",\"@id\":\"https:\/\/municipales.org.ar\/festram\/#\/schema\/person\/bfcbda16ea802e17decda561ec6e62d3\",\"name\":\"wp_admin\"}]}<\/script>\n<!-- \/ Yoast SEO plugin. -->","yoast_head_json":{"title":"Condenan al Municipio de San Javier a pagar el aporte solidario no descontado a los trabajadores &#8211; FESTRAM","description":"La entidad sindical reclama un incremento similar al otorgado por el Gobierno Nacional y cuya \u00faltima actualizaci\u00f3n fue realizada hace m\u00e1s de un a\u00f1o.","robots":{"index":"index","follow":"follow","max-snippet":"max-snippet:-1","max-image-preview":"max-image-preview:large","max-video-preview":"max-video-preview:-1"},"canonical":"https:\/\/municipales.org.ar\/festram\/condenan-al-municipio-de-san-javier-a-pagar-el-aporte-solidario-no-descontado-a-los-trabajadores\/","og_locale":"es_ES","og_type":"article","og_title":"Condenan al Municipio de San Javier a pagar el aporte solidario no descontado a los trabajadores &#8211; FESTRAM","og_description":"La entidad sindical reclama un incremento similar al otorgado por el Gobierno Nacional y cuya \u00faltima actualizaci\u00f3n fue realizada hace m\u00e1s de un a\u00f1o.","og_url":"https:\/\/municipales.org.ar\/festram\/condenan-al-municipio-de-san-javier-a-pagar-el-aporte-solidario-no-descontado-a-los-trabajadores\/","og_site_name":"FESTRAM","article_publisher":"https:\/\/www.facebook.com\/MunicipalesSF","article_published_time":"2012-05-11T01:44:27+00:00","article_modified_time":"2014-06-27T00:54:54+00:00","og_image":[{"width":800,"height":522,"url":"https:\/\/municipales.org.ar\/festram\/wp-content\/uploads\/2012\/05\/Municipalidad-de-San-Javier.jpg","type":"image\/jpeg"}],"author":"wp_admin","twitter_card":"summary_large_image","twitter_creator":"@MunicipalesSF","twitter_site":"@MunicipalesSF","twitter_misc":{"Escrito por":"wp_admin"},"schema":{"@context":"https:\/\/schema.org","@graph":[{"@type":"Article","@id":"https:\/\/municipales.org.ar\/festram\/condenan-al-municipio-de-san-javier-a-pagar-el-aporte-solidario-no-descontado-a-los-trabajadores\/#article","isPartOf":{"@id":"https:\/\/municipales.org.ar\/festram\/condenan-al-municipio-de-san-javier-a-pagar-el-aporte-solidario-no-descontado-a-los-trabajadores\/"},"author":{"name":"wp_admin","@id":"https:\/\/municipales.org.ar\/festram\/#\/schema\/person\/bfcbda16ea802e17decda561ec6e62d3"},"headline":"Condenan al Municipio de San Javier a pagar el aporte solidario no descontado a los trabajadores","datePublished":"2012-05-11T01:44:27+00:00","dateModified":"2014-06-27T00:54:54+00:00","mainEntityOfPage":{"@id":"https:\/\/municipales.org.ar\/festram\/condenan-al-municipio-de-san-javier-a-pagar-el-aporte-solidario-no-descontado-a-los-trabajadores\/"},"wordCount":44,"publisher":{"@id":"https:\/\/municipales.org.ar\/festram\/#organization"},"image":{"@id":"https:\/\/municipales.org.ar\/festram\/condenan-al-municipio-de-san-javier-a-pagar-el-aporte-solidario-no-descontado-a-los-trabajadores\/#primaryimage"},"thumbnailUrl":"https:\/\/municipales.org.ar\/festram\/wp-content\/uploads\/2012\/05\/Municipalidad-de-San-Javier.jpg","keywords":["fallos jur\u00eddicos"],"articleSection":["Legislaci\u00f3n Fallos","Salarios y Paritarias"],"inLanguage":"es"},{"@type":"WebPage","@id":"https:\/\/municipales.org.ar\/festram\/condenan-al-municipio-de-san-javier-a-pagar-el-aporte-solidario-no-descontado-a-los-trabajadores\/","url":"https:\/\/municipales.org.ar\/festram\/condenan-al-municipio-de-san-javier-a-pagar-el-aporte-solidario-no-descontado-a-los-trabajadores\/","name":"Condenan al Municipio de San Javier a pagar el aporte solidario no descontado a los trabajadores &#8211; FESTRAM","isPartOf":{"@id":"https:\/\/municipales.org.ar\/festram\/#website"},"primaryImageOfPage":{"@id":"https:\/\/municipales.org.ar\/festram\/condenan-al-municipio-de-san-javier-a-pagar-el-aporte-solidario-no-descontado-a-los-trabajadores\/#primaryimage"},"image":{"@id":"https:\/\/municipales.org.ar\/festram\/condenan-al-municipio-de-san-javier-a-pagar-el-aporte-solidario-no-descontado-a-los-trabajadores\/#primaryimage"},"thumbnailUrl":"https:\/\/municipales.org.ar\/festram\/wp-content\/uploads\/2012\/05\/Municipalidad-de-San-Javier.jpg","datePublished":"2012-05-11T01:44:27+00:00","dateModified":"2014-06-27T00:54:54+00:00","description":"La entidad sindical reclama un incremento similar al otorgado por el Gobierno Nacional y cuya \u00faltima actualizaci\u00f3n fue realizada hace m\u00e1s de un a\u00f1o.","breadcrumb":{"@id":"https:\/\/municipales.org.ar\/festram\/condenan-al-municipio-de-san-javier-a-pagar-el-aporte-solidario-no-descontado-a-los-trabajadores\/#breadcrumb"},"inLanguage":"es","potentialAction":[{"@type":"ReadAction","target":["https:\/\/municipales.org.ar\/festram\/condenan-al-municipio-de-san-javier-a-pagar-el-aporte-solidario-no-descontado-a-los-trabajadores\/"]}]},{"@type":"ImageObject","inLanguage":"es","@id":"https:\/\/municipales.org.ar\/festram\/condenan-al-municipio-de-san-javier-a-pagar-el-aporte-solidario-no-descontado-a-los-trabajadores\/#primaryimage","url":"https:\/\/municipales.org.ar\/festram\/wp-content\/uploads\/2012\/05\/Municipalidad-de-San-Javier.jpg","contentUrl":"https:\/\/municipales.org.ar\/festram\/wp-content\/uploads\/2012\/05\/Municipalidad-de-San-Javier.jpg","width":800,"height":522},{"@type":"BreadcrumbList","@id":"https:\/\/municipales.org.ar\/festram\/condenan-al-municipio-de-san-javier-a-pagar-el-aporte-solidario-no-descontado-a-los-trabajadores\/#breadcrumb","itemListElement":[{"@type":"ListItem","position":1,"name":"Portada","item":"https:\/\/municipales.org.ar\/festram\/"},{"@type":"ListItem","position":2,"name":"Condenan al Municipio de San Javier a pagar el aporte solidario no descontado a los trabajadores"}]},{"@type":"WebSite","@id":"https:\/\/municipales.org.ar\/festram\/#website","url":"https:\/\/municipales.org.ar\/festram\/","name":"FESTRAM","description":"La web de los trabajadores municipales","publisher":{"@id":"https:\/\/municipales.org.ar\/festram\/#organization"},"potentialAction":[{"@type":"SearchAction","target":{"@type":"EntryPoint","urlTemplate":"https:\/\/municipales.org.ar\/festram\/?s={search_term_string}"},"query-input":{"@type":"PropertyValueSpecification","valueRequired":true,"valueName":"search_term_string"}}],"inLanguage":"es"},{"@type":"Organization","@id":"https:\/\/municipales.org.ar\/festram\/#organization","name":"Federaci\u00f3n de Sindicatos de Trabajadores Municipales de la Provincia de Santa Fe","url":"https:\/\/municipales.org.ar\/festram\/","logo":{"@type":"ImageObject","inLanguage":"es","@id":"https:\/\/municipales.org.ar\/festram\/#\/schema\/logo\/image\/","url":"https:\/\/www.municipales.org.ar\/festram\/wp-content\/uploads\/2014\/07\/logo_fes.jpg","contentUrl":"https:\/\/www.municipales.org.ar\/festram\/wp-content\/uploads\/2014\/07\/logo_fes.jpg","width":661,"height":673,"caption":"Federaci\u00f3n de Sindicatos de Trabajadores Municipales de la Provincia de Santa Fe"},"image":{"@id":"https:\/\/municipales.org.ar\/festram\/#\/schema\/logo\/image\/"},"sameAs":["https:\/\/www.facebook.com\/MunicipalesSF","https:\/\/x.com\/MunicipalesSF","https:\/\/www.youtube.com\/user\/festram"]},{"@type":"Person","@id":"https:\/\/municipales.org.ar\/festram\/#\/schema\/person\/bfcbda16ea802e17decda561ec6e62d3","name":"wp_admin"}]}},"jetpack_publicize_connections":[],"jetpack_featured_media_url":"https:\/\/municipales.org.ar\/festram\/wp-content\/uploads\/2012\/05\/Municipalidad-de-San-Javier.jpg","jetpack_sharing_enabled":true,"jetpack_likes_enabled":false,"jetpack_shortlink":"https:\/\/wp.me\/p7l4x1-2P","_links":{"self":[{"href":"https:\/\/municipales.org.ar\/festram\/wp-json\/wp\/v2\/posts\/175","targetHints":{"allow":["GET"]}}],"collection":[{"href":"https:\/\/municipales.org.ar\/festram\/wp-json\/wp\/v2\/posts"}],"about":[{"href":"https:\/\/municipales.org.ar\/festram\/wp-json\/wp\/v2\/types\/post"}],"author":[{"embeddable":true,"href":"https:\/\/municipales.org.ar\/festram\/wp-json\/wp\/v2\/users\/4"}],"replies":[{"embeddable":true,"href":"https:\/\/municipales.org.ar\/festram\/wp-json\/wp\/v2\/comments?post=175"}],"version-history":[{"count":2,"href":"https:\/\/municipales.org.ar\/festram\/wp-json\/wp\/v2\/posts\/175\/revisions"}],"predecessor-version":[{"id":9063,"href":"https:\/\/municipales.org.ar\/festram\/wp-json\/wp\/v2\/posts\/175\/revisions\/9063"}],"wp:featuredmedia":[{"embeddable":true,"href":"https:\/\/municipales.org.ar\/festram\/wp-json\/wp\/v2\/media\/9062"}],"wp:attachment":[{"href":"https:\/\/municipales.org.ar\/festram\/wp-json\/wp\/v2\/media?parent=175"}],"wp:term":[{"taxonomy":"category","embeddable":true,"href":"https:\/\/municipales.org.ar\/festram\/wp-json\/wp\/v2\/categories?post=175"},{"taxonomy":"post_tag","embeddable":true,"href":"https:\/\/municipales.org.ar\/festram\/wp-json\/wp\/v2\/tags?post=175"}],"curies":[{"name":"wp","href":"https:\/\/api.w.org\/{rel}","templated":true}]}}