{"id":17600,"date":"2024-10-22T19:10:08","date_gmt":"2024-10-22T22:10:08","guid":{"rendered":"https:\/\/municipales.org.ar\/festram\/?p=17600"},"modified":"2024-10-22T19:10:11","modified_gmt":"2024-10-22T22:10:11","slug":"las-estrategias-sindicales-y-los-nuevos-desafios-en-contextos-de-neoliberalismos-y-radicalizacion-de-las-derechas","status":"publish","type":"post","link":"https:\/\/municipales.org.ar\/festram\/las-estrategias-sindicales-y-los-nuevos-desafios-en-contextos-de-neoliberalismos-y-radicalizacion-de-las-derechas\/","title":{"rendered":"Las Estrategias Sindicales y los nuevos desaf\u00edos en contextos de neoliberalismos y radicalizaci\u00f3n de las derechas"},"content":{"rendered":"\n<h2 class=\"wp-block-heading\">El d\u00eda jueves 10 octubre, se reunieron en el Complejo Institucional N\u00e9stor C Kirchner de FESTRAM, dirigentes de distintos Sindicatos que han renovado sus Comisiones Directivas y nuevas conformaciones gremiales en representaci\u00f3n de diferentes localidades, para debatir acerca de los ejes estrat\u00e9gicos y las l\u00edneas de acci\u00f3n del sindicalismo municipal en la Provincia de Santa Fe y la Naci\u00f3n, en el actual contexto.<\/h2>\n\n\n\n<p><br>El conversatorio sobre \u201cLas Estrategias Sindicales y los nuevos desaf\u00edos en contextos de neoliberalismos y radicalizaci\u00f3n de las derechas\u201d, estuvo a cargo del compa\u00f1ero Claudio Leoni. Con la participaci\u00f3n del Secretario General de FESTRAM Jes\u00fas Noni Monz\u00f3n junto a Secretarios y Secretarias del Consejo Directivo.\u00a0<br><\/p>\n\n\n\n<figure class=\"wp-block-gallery has-nested-images columns-default is-cropped wp-block-gallery-1 is-layout-flex wp-block-gallery-is-layout-flex\">\n<figure class=\"wp-block-image size-large\"><img loading=\"lazy\" decoding=\"async\" width=\"1024\" height=\"461\" data-id=\"17602\" src=\"https:\/\/municipales.org.ar\/festram\/wp-content\/uploads\/2024\/10\/WhatsApp-Image-2024-10-10-at-13.04.40-2-1024x461.jpeg\" alt=\"\" class=\"wp-image-17602\" srcset=\"https:\/\/municipales.org.ar\/festram\/wp-content\/uploads\/2024\/10\/WhatsApp-Image-2024-10-10-at-13.04.40-2-1024x461.jpeg 1024w, https:\/\/municipales.org.ar\/festram\/wp-content\/uploads\/2024\/10\/WhatsApp-Image-2024-10-10-at-13.04.40-2-300x135.jpeg 300w, https:\/\/municipales.org.ar\/festram\/wp-content\/uploads\/2024\/10\/WhatsApp-Image-2024-10-10-at-13.04.40-2-768x346.jpeg 768w, https:\/\/municipales.org.ar\/festram\/wp-content\/uploads\/2024\/10\/WhatsApp-Image-2024-10-10-at-13.04.40-2-1536x691.jpeg 1536w, https:\/\/municipales.org.ar\/festram\/wp-content\/uploads\/2024\/10\/WhatsApp-Image-2024-10-10-at-13.04.40-2.jpeg 1600w\" sizes=\"auto, (max-width: 1024px) 100vw, 1024px\" \/><\/figure>\n<\/figure>\n\n\n\n<p><br><br>En un primer momento se hizo una valoraci\u00f3n sobre el contexto actual y los desaf\u00edos que afronta el sindicalismo, para luego rescatar y resaltar la importancia de las conquistas de este sector en materia de legislaci\u00f3n, como lo es la Ley para el sector municipal Ley Provincial 9.286, Estatuto y Escalaf\u00f3n del Personal de Municipalidades y Comunas de esta Provincia, sancionada en el a\u00f1o 1983, y como expres\u00f3 el compa\u00f1ero Leoni \u201c\u2026estas leyes no fueron un regalo de nadie, fue con la lucha y el esfuerzo de miles de trabajadores que asumieron la defensa de su dignidad.\u201d<\/p>\n\n\n\n<p>En tal sentido y atendiendo al contexto vigente se profundiz\u00f3 en la necesidad de conocer y reconocer nuestras leyes para poder defenderla. Es prioritario aprender, constatar, revisar sobre las transformaciones en el mundo del trabajo a trav\u00e9s de instancias formativas, de encuentros, fundamentalmente con las nuevas generaciones de trabajadores.<\/p>\n\n\n\n<figure class=\"wp-block-gallery has-nested-images columns-default is-cropped wp-block-gallery-2 is-layout-flex wp-block-gallery-is-layout-flex\">\n<figure class=\"wp-block-image size-large\"><img loading=\"lazy\" decoding=\"async\" width=\"768\" height=\"1024\" data-id=\"17603\" src=\"https:\/\/municipales.org.ar\/festram\/wp-content\/uploads\/2024\/10\/WhatsApp-Image-2024-10-10-at-11.02.37-768x1024.jpeg\" alt=\"\" class=\"wp-image-17603\" srcset=\"https:\/\/municipales.org.ar\/festram\/wp-content\/uploads\/2024\/10\/WhatsApp-Image-2024-10-10-at-11.02.37-768x1024.jpeg 768w, https:\/\/municipales.org.ar\/festram\/wp-content\/uploads\/2024\/10\/WhatsApp-Image-2024-10-10-at-11.02.37-225x300.jpeg 225w, https:\/\/municipales.org.ar\/festram\/wp-content\/uploads\/2024\/10\/WhatsApp-Image-2024-10-10-at-11.02.37-1152x1536.jpeg 1152w, https:\/\/municipales.org.ar\/festram\/wp-content\/uploads\/2024\/10\/WhatsApp-Image-2024-10-10-at-11.02.37.jpeg 1200w\" sizes=\"auto, (max-width: 768px) 100vw, 768px\" \/><\/figure>\n\n\n\n<figure class=\"wp-block-image size-large\"><img loading=\"lazy\" decoding=\"async\" width=\"768\" height=\"1024\" data-id=\"17604\" src=\"https:\/\/municipales.org.ar\/festram\/wp-content\/uploads\/2024\/10\/WhatsApp-Image-2024-10-10-at-11.02.38-1-768x1024.jpeg\" alt=\"\" class=\"wp-image-17604\" srcset=\"https:\/\/municipales.org.ar\/festram\/wp-content\/uploads\/2024\/10\/WhatsApp-Image-2024-10-10-at-11.02.38-1-768x1024.jpeg 768w, https:\/\/municipales.org.ar\/festram\/wp-content\/uploads\/2024\/10\/WhatsApp-Image-2024-10-10-at-11.02.38-1-225x300.jpeg 225w, https:\/\/municipales.org.ar\/festram\/wp-content\/uploads\/2024\/10\/WhatsApp-Image-2024-10-10-at-11.02.38-1-1152x1536.jpeg 1152w, https:\/\/municipales.org.ar\/festram\/wp-content\/uploads\/2024\/10\/WhatsApp-Image-2024-10-10-at-11.02.38-1.jpeg 1200w\" sizes=\"auto, (max-width: 768px) 100vw, 768px\" \/><\/figure>\n\n\n\n<figure class=\"wp-block-image size-large\"><img loading=\"lazy\" decoding=\"async\" width=\"768\" height=\"1024\" data-id=\"17607\" src=\"https:\/\/municipales.org.ar\/festram\/wp-content\/uploads\/2024\/10\/WhatsApp-Image-2024-10-10-at-11.02.38-3-768x1024.jpeg\" alt=\"\" class=\"wp-image-17607\" srcset=\"https:\/\/municipales.org.ar\/festram\/wp-content\/uploads\/2024\/10\/WhatsApp-Image-2024-10-10-at-11.02.38-3-768x1024.jpeg 768w, https:\/\/municipales.org.ar\/festram\/wp-content\/uploads\/2024\/10\/WhatsApp-Image-2024-10-10-at-11.02.38-3-225x300.jpeg 225w, https:\/\/municipales.org.ar\/festram\/wp-content\/uploads\/2024\/10\/WhatsApp-Image-2024-10-10-at-11.02.38-3-1152x1536.jpeg 1152w, https:\/\/municipales.org.ar\/festram\/wp-content\/uploads\/2024\/10\/WhatsApp-Image-2024-10-10-at-11.02.38-3.jpeg 1200w\" sizes=\"auto, (max-width: 768px) 100vw, 768px\" \/><\/figure>\n\n\n\n<figure class=\"wp-block-image size-large\"><img loading=\"lazy\" decoding=\"async\" width=\"768\" height=\"1024\" data-id=\"17605\" src=\"https:\/\/municipales.org.ar\/festram\/wp-content\/uploads\/2024\/10\/WhatsApp-Image-2024-10-10-at-11.02.38-768x1024.jpeg\" alt=\"\" class=\"wp-image-17605\" srcset=\"https:\/\/municipales.org.ar\/festram\/wp-content\/uploads\/2024\/10\/WhatsApp-Image-2024-10-10-at-11.02.38-768x1024.jpeg 768w, https:\/\/municipales.org.ar\/festram\/wp-content\/uploads\/2024\/10\/WhatsApp-Image-2024-10-10-at-11.02.38-225x300.jpeg 225w, https:\/\/municipales.org.ar\/festram\/wp-content\/uploads\/2024\/10\/WhatsApp-Image-2024-10-10-at-11.02.38-1152x1536.jpeg 1152w, https:\/\/municipales.org.ar\/festram\/wp-content\/uploads\/2024\/10\/WhatsApp-Image-2024-10-10-at-11.02.38.jpeg 1200w\" sizes=\"auto, (max-width: 768px) 100vw, 768px\" \/><\/figure>\n\n\n\n<figure class=\"wp-block-image size-large\"><img loading=\"lazy\" decoding=\"async\" width=\"768\" height=\"1024\" data-id=\"17608\" src=\"https:\/\/municipales.org.ar\/festram\/wp-content\/uploads\/2024\/10\/WhatsApp-Image-2024-10-10-at-11.02.39-1-768x1024.jpeg\" alt=\"\" class=\"wp-image-17608\" srcset=\"https:\/\/municipales.org.ar\/festram\/wp-content\/uploads\/2024\/10\/WhatsApp-Image-2024-10-10-at-11.02.39-1-768x1024.jpeg 768w, https:\/\/municipales.org.ar\/festram\/wp-content\/uploads\/2024\/10\/WhatsApp-Image-2024-10-10-at-11.02.39-1-225x300.jpeg 225w, https:\/\/municipales.org.ar\/festram\/wp-content\/uploads\/2024\/10\/WhatsApp-Image-2024-10-10-at-11.02.39-1-1152x1536.jpeg 1152w, https:\/\/municipales.org.ar\/festram\/wp-content\/uploads\/2024\/10\/WhatsApp-Image-2024-10-10-at-11.02.39-1.jpeg 1200w\" sizes=\"auto, (max-width: 768px) 100vw, 768px\" \/><\/figure>\n\n\n\n<figure class=\"wp-block-image size-large\"><img loading=\"lazy\" decoding=\"async\" width=\"768\" height=\"1024\" data-id=\"17606\" src=\"https:\/\/municipales.org.ar\/festram\/wp-content\/uploads\/2024\/10\/WhatsApp-Image-2024-10-10-at-11.02.39-2-768x1024.jpeg\" alt=\"\" class=\"wp-image-17606\" srcset=\"https:\/\/municipales.org.ar\/festram\/wp-content\/uploads\/2024\/10\/WhatsApp-Image-2024-10-10-at-11.02.39-2-768x1024.jpeg 768w, https:\/\/municipales.org.ar\/festram\/wp-content\/uploads\/2024\/10\/WhatsApp-Image-2024-10-10-at-11.02.39-2-225x300.jpeg 225w, https:\/\/municipales.org.ar\/festram\/wp-content\/uploads\/2024\/10\/WhatsApp-Image-2024-10-10-at-11.02.39-2-1152x1536.jpeg 1152w, https:\/\/municipales.org.ar\/festram\/wp-content\/uploads\/2024\/10\/WhatsApp-Image-2024-10-10-at-11.02.39-2.jpeg 1200w\" sizes=\"auto, (max-width: 768px) 100vw, 768px\" \/><\/figure>\n\n\n\n<figure class=\"wp-block-image size-large\"><img loading=\"lazy\" decoding=\"async\" width=\"768\" height=\"1024\" data-id=\"17609\" src=\"https:\/\/municipales.org.ar\/festram\/wp-content\/uploads\/2024\/10\/WhatsApp-Image-2024-10-10-at-11.02.39-3-768x1024.jpeg\" alt=\"\" class=\"wp-image-17609\" srcset=\"https:\/\/municipales.org.ar\/festram\/wp-content\/uploads\/2024\/10\/WhatsApp-Image-2024-10-10-at-11.02.39-3-768x1024.jpeg 768w, https:\/\/municipales.org.ar\/festram\/wp-content\/uploads\/2024\/10\/WhatsApp-Image-2024-10-10-at-11.02.39-3-225x300.jpeg 225w, https:\/\/municipales.org.ar\/festram\/wp-content\/uploads\/2024\/10\/WhatsApp-Image-2024-10-10-at-11.02.39-3-1152x1536.jpeg 1152w, https:\/\/municipales.org.ar\/festram\/wp-content\/uploads\/2024\/10\/WhatsApp-Image-2024-10-10-at-11.02.39-3.jpeg 1200w\" sizes=\"auto, (max-width: 768px) 100vw, 768px\" \/><\/figure>\n\n\n\n<figure class=\"wp-block-image size-large\"><img loading=\"lazy\" decoding=\"async\" width=\"768\" height=\"1024\" data-id=\"17610\" src=\"https:\/\/municipales.org.ar\/festram\/wp-content\/uploads\/2024\/10\/WhatsApp-Image-2024-10-10-at-11.02.39-768x1024.jpeg\" alt=\"\" class=\"wp-image-17610\" srcset=\"https:\/\/municipales.org.ar\/festram\/wp-content\/uploads\/2024\/10\/WhatsApp-Image-2024-10-10-at-11.02.39-768x1024.jpeg 768w, https:\/\/municipales.org.ar\/festram\/wp-content\/uploads\/2024\/10\/WhatsApp-Image-2024-10-10-at-11.02.39-225x300.jpeg 225w, https:\/\/municipales.org.ar\/festram\/wp-content\/uploads\/2024\/10\/WhatsApp-Image-2024-10-10-at-11.02.39-1152x1536.jpeg 1152w, https:\/\/municipales.org.ar\/festram\/wp-content\/uploads\/2024\/10\/WhatsApp-Image-2024-10-10-at-11.02.39.jpeg 1200w\" sizes=\"auto, (max-width: 768px) 100vw, 768px\" \/><\/figure>\n\n\n\n<figure class=\"wp-block-image size-large\"><img loading=\"lazy\" decoding=\"async\" width=\"768\" height=\"1024\" data-id=\"17611\" src=\"https:\/\/municipales.org.ar\/festram\/wp-content\/uploads\/2024\/10\/WhatsApp-Image-2024-10-10-at-11.02.40-1-768x1024.jpeg\" alt=\"\" class=\"wp-image-17611\" srcset=\"https:\/\/municipales.org.ar\/festram\/wp-content\/uploads\/2024\/10\/WhatsApp-Image-2024-10-10-at-11.02.40-1-768x1024.jpeg 768w, https:\/\/municipales.org.ar\/festram\/wp-content\/uploads\/2024\/10\/WhatsApp-Image-2024-10-10-at-11.02.40-1-225x300.jpeg 225w, https:\/\/municipales.org.ar\/festram\/wp-content\/uploads\/2024\/10\/WhatsApp-Image-2024-10-10-at-11.02.40-1-1152x1536.jpeg 1152w, https:\/\/municipales.org.ar\/festram\/wp-content\/uploads\/2024\/10\/WhatsApp-Image-2024-10-10-at-11.02.40-1.jpeg 1200w\" sizes=\"auto, (max-width: 768px) 100vw, 768px\" \/><\/figure>\n\n\n\n<figure class=\"wp-block-image size-large\"><img loading=\"lazy\" decoding=\"async\" width=\"768\" height=\"1024\" data-id=\"17612\" src=\"https:\/\/municipales.org.ar\/festram\/wp-content\/uploads\/2024\/10\/WhatsApp-Image-2024-10-10-at-11.02.40-3-768x1024.jpeg\" alt=\"\" class=\"wp-image-17612\" srcset=\"https:\/\/municipales.org.ar\/festram\/wp-content\/uploads\/2024\/10\/WhatsApp-Image-2024-10-10-at-11.02.40-3-768x1024.jpeg 768w, https:\/\/municipales.org.ar\/festram\/wp-content\/uploads\/2024\/10\/WhatsApp-Image-2024-10-10-at-11.02.40-3-225x300.jpeg 225w, https:\/\/municipales.org.ar\/festram\/wp-content\/uploads\/2024\/10\/WhatsApp-Image-2024-10-10-at-11.02.40-3-1152x1536.jpeg 1152w, https:\/\/municipales.org.ar\/festram\/wp-content\/uploads\/2024\/10\/WhatsApp-Image-2024-10-10-at-11.02.40-3.jpeg 1200w\" sizes=\"auto, (max-width: 768px) 100vw, 768px\" \/><\/figure>\n\n\n\n<figure class=\"wp-block-image size-large\"><img loading=\"lazy\" decoding=\"async\" width=\"768\" height=\"1024\" data-id=\"17613\" src=\"https:\/\/municipales.org.ar\/festram\/wp-content\/uploads\/2024\/10\/WhatsApp-Image-2024-10-10-at-11.02.40-768x1024.jpeg\" alt=\"\" class=\"wp-image-17613\" srcset=\"https:\/\/municipales.org.ar\/festram\/wp-content\/uploads\/2024\/10\/WhatsApp-Image-2024-10-10-at-11.02.40-768x1024.jpeg 768w, https:\/\/municipales.org.ar\/festram\/wp-content\/uploads\/2024\/10\/WhatsApp-Image-2024-10-10-at-11.02.40-225x300.jpeg 225w, https:\/\/municipales.org.ar\/festram\/wp-content\/uploads\/2024\/10\/WhatsApp-Image-2024-10-10-at-11.02.40-1152x1536.jpeg 1152w, https:\/\/municipales.org.ar\/festram\/wp-content\/uploads\/2024\/10\/WhatsApp-Image-2024-10-10-at-11.02.40.jpeg 1200w\" sizes=\"auto, (max-width: 768px) 100vw, 768px\" \/><\/figure>\n\n\n\n<figure class=\"wp-block-image size-large\"><img loading=\"lazy\" decoding=\"async\" width=\"768\" height=\"1024\" data-id=\"17614\" src=\"https:\/\/municipales.org.ar\/festram\/wp-content\/uploads\/2024\/10\/WhatsApp-Image-2024-10-10-at-11.02.41-1-768x1024.jpeg\" alt=\"\" class=\"wp-image-17614\" srcset=\"https:\/\/municipales.org.ar\/festram\/wp-content\/uploads\/2024\/10\/WhatsApp-Image-2024-10-10-at-11.02.41-1-768x1024.jpeg 768w, https:\/\/municipales.org.ar\/festram\/wp-content\/uploads\/2024\/10\/WhatsApp-Image-2024-10-10-at-11.02.41-1-225x300.jpeg 225w, https:\/\/municipales.org.ar\/festram\/wp-content\/uploads\/2024\/10\/WhatsApp-Image-2024-10-10-at-11.02.41-1-1152x1536.jpeg 1152w, https:\/\/municipales.org.ar\/festram\/wp-content\/uploads\/2024\/10\/WhatsApp-Image-2024-10-10-at-11.02.41-1.jpeg 1200w\" sizes=\"auto, (max-width: 768px) 100vw, 768px\" \/><\/figure>\n\n\n\n<figure class=\"wp-block-image size-large\"><img loading=\"lazy\" decoding=\"async\" width=\"768\" height=\"1024\" data-id=\"17617\" src=\"https:\/\/municipales.org.ar\/festram\/wp-content\/uploads\/2024\/10\/WhatsApp-Image-2024-10-10-at-11.04.28-4-768x1024.jpeg\" alt=\"\" class=\"wp-image-17617\" srcset=\"https:\/\/municipales.org.ar\/festram\/wp-content\/uploads\/2024\/10\/WhatsApp-Image-2024-10-10-at-11.04.28-4-768x1024.jpeg 768w, https:\/\/municipales.org.ar\/festram\/wp-content\/uploads\/2024\/10\/WhatsApp-Image-2024-10-10-at-11.04.28-4-225x300.jpeg 225w, https:\/\/municipales.org.ar\/festram\/wp-content\/uploads\/2024\/10\/WhatsApp-Image-2024-10-10-at-11.04.28-4-1152x1536.jpeg 1152w, https:\/\/municipales.org.ar\/festram\/wp-content\/uploads\/2024\/10\/WhatsApp-Image-2024-10-10-at-11.04.28-4.jpeg 1200w\" sizes=\"auto, (max-width: 768px) 100vw, 768px\" \/><\/figure>\n\n\n\n<figure class=\"wp-block-image size-large\"><img loading=\"lazy\" decoding=\"async\" width=\"768\" height=\"1024\" data-id=\"17616\" src=\"https:\/\/municipales.org.ar\/festram\/wp-content\/uploads\/2024\/10\/WhatsApp-Image-2024-10-10-at-13.29.27-2-768x1024.jpeg\" alt=\"\" class=\"wp-image-17616\" srcset=\"https:\/\/municipales.org.ar\/festram\/wp-content\/uploads\/2024\/10\/WhatsApp-Image-2024-10-10-at-13.29.27-2-768x1024.jpeg 768w, https:\/\/municipales.org.ar\/festram\/wp-content\/uploads\/2024\/10\/WhatsApp-Image-2024-10-10-at-13.29.27-2-225x300.jpeg 225w, https:\/\/municipales.org.ar\/festram\/wp-content\/uploads\/2024\/10\/WhatsApp-Image-2024-10-10-at-13.29.27-2-1152x1536.jpeg 1152w, https:\/\/municipales.org.ar\/festram\/wp-content\/uploads\/2024\/10\/WhatsApp-Image-2024-10-10-at-13.29.27-2.jpeg 1200w\" sizes=\"auto, (max-width: 768px) 100vw, 768px\" \/><\/figure>\n<\/figure>\n\n\n\n<p><\/p>\n","protected":false},"excerpt":{"rendered":"<p>El d\u00eda jueves 10 octubre, se reunieron en el Complejo Institucional N\u00e9stor C Kirchner de FESTRAM, dirigentes de distintos Sindicatos que han renovado sus Comisiones Directivas y nuevas conformaciones gremiales en representaci\u00f3n de diferentes localidades, para debatir acerca de los ejes estrat\u00e9gicos y las l\u00edneas de acci\u00f3n del sindicalismo municipal en la Provincia de Santa Fe y la Naci\u00f3n, en el actual contexto.<\/p>\n","protected":false},"author":1,"featured_media":17601,"comment_status":"closed","ping_status":"closed","sticky":false,"template":"","format":"standard","meta":{"_jetpack_memberships_contains_paid_content":false,"footnotes":"","jetpack_publicize_message":"","jetpack_publicize_feature_enabled":true,"jetpack_social_post_already_shared":true,"jetpack_social_options":{"image_generator_settings":{"template":"highway","default_image_id":0,"font":"","enabled":false},"version":2}},"categories":[43],"tags":[65,70,109],"class_list":["post-17600","post","type-post","status-publish","format-standard","has-post-thumbnail","hentry","category-capacitacion","tag-capacitacion-2","tag-el-pais","tag-la-provincia"],"yoast_head":"<!-- This site is optimized with the Yoast SEO plugin v25.9 - https:\/\/yoast.com\/wordpress\/plugins\/seo\/ -->\n<title>Las Estrategias Sindicales y los nuevos desaf\u00edos en contextos de neoliberalismos y radicalizaci\u00f3n de las derechas &#8211; FESTRAM<\/title>\n<meta name=\"description\" content=\"El d\u00eda jueves 10 octubre, se reunieron en el Complejo Institucional N\u00e9stor C Kirchner de FESTRAM, dirigentes de distintos Sindicatos que han renovado sus Comisiones Directivas y nuevas conformaciones gremiales en representaci\u00f3n de diferentes localidades, para debatir acerca de los ejes estrat\u00e9gicos y las l\u00edneas de acci\u00f3n del sindicalismo municipal en la Provincia de Santa Fe y la Naci\u00f3n, en el actual contexto.\" \/>\n<meta name=\"robots\" content=\"index, follow, max-snippet:-1, max-image-preview:large, max-video-preview:-1\" \/>\n<link rel=\"canonical\" href=\"https:\/\/municipales.org.ar\/festram\/las-estrategias-sindicales-y-los-nuevos-desafios-en-contextos-de-neoliberalismos-y-radicalizacion-de-las-derechas\/\" \/>\n<meta property=\"og:locale\" content=\"es_ES\" \/>\n<meta property=\"og:type\" content=\"article\" \/>\n<meta property=\"og:title\" content=\"Las Estrategias Sindicales y los nuevos desaf\u00edos en contextos de neoliberalismos y radicalizaci\u00f3n de las derechas &#8211; FESTRAM\" \/>\n<meta property=\"og:description\" content=\"El d\u00eda jueves 10 octubre, se reunieron en el Complejo Institucional N\u00e9stor C Kirchner de FESTRAM, dirigentes de distintos Sindicatos que han renovado sus Comisiones Directivas y nuevas conformaciones gremiales en representaci\u00f3n de diferentes localidades, para debatir acerca de los ejes estrat\u00e9gicos y las l\u00edneas de acci\u00f3n del sindicalismo municipal en la Provincia de Santa Fe y la Naci\u00f3n, en el actual contexto.\" \/>\n<meta property=\"og:url\" content=\"https:\/\/municipales.org.ar\/festram\/las-estrategias-sindicales-y-los-nuevos-desafios-en-contextos-de-neoliberalismos-y-radicalizacion-de-las-derechas\/\" \/>\n<meta property=\"og:site_name\" content=\"FESTRAM\" \/>\n<meta property=\"article:publisher\" content=\"https:\/\/www.facebook.com\/MunicipalesSF\" \/>\n<meta property=\"article:published_time\" content=\"2024-10-22T22:10:08+00:00\" \/>\n<meta property=\"article:modified_time\" content=\"2024-10-22T22:10:11+00:00\" \/>\n<meta property=\"og:image\" content=\"https:\/\/municipales.org.ar\/festram\/wp-content\/uploads\/2024\/10\/WhatsApp-Image-2024-10-10-at-13.29.27.jpeg\" \/>\n\t<meta property=\"og:image:width\" content=\"1600\" \/>\n\t<meta property=\"og:image:height\" content=\"900\" \/>\n\t<meta property=\"og:image:type\" content=\"image\/jpeg\" \/>\n<meta name=\"author\" content=\"mun_admin\" \/>\n<meta name=\"twitter:card\" content=\"summary_large_image\" \/>\n<meta name=\"twitter:creator\" content=\"@MunicipalesSF\" \/>\n<meta name=\"twitter:site\" content=\"@MunicipalesSF\" \/>\n<meta name=\"twitter:label1\" content=\"Escrito por\" \/>\n\t<meta name=\"twitter:data1\" content=\"mun_admin\" \/>\n\t<meta name=\"twitter:label2\" content=\"Tiempo de lectura\" \/>\n\t<meta name=\"twitter:data2\" content=\"5 minutos\" \/>\n<script type=\"application\/ld+json\" class=\"yoast-schema-graph\">{\"@context\":\"https:\/\/schema.org\",\"@graph\":[{\"@type\":\"Article\",\"@id\":\"https:\/\/municipales.org.ar\/festram\/las-estrategias-sindicales-y-los-nuevos-desafios-en-contextos-de-neoliberalismos-y-radicalizacion-de-las-derechas\/#article\",\"isPartOf\":{\"@id\":\"https:\/\/municipales.org.ar\/festram\/las-estrategias-sindicales-y-los-nuevos-desafios-en-contextos-de-neoliberalismos-y-radicalizacion-de-las-derechas\/\"},\"author\":{\"name\":\"mun_admin\",\"@id\":\"https:\/\/municipales.org.ar\/festram\/#\/schema\/person\/49096a774c48ce9063df4d59ec059f9e\"},\"headline\":\"Las Estrategias Sindicales y los nuevos desaf\u00edos en contextos de neoliberalismos y radicalizaci\u00f3n de las derechas\",\"datePublished\":\"2024-10-22T22:10:08+00:00\",\"dateModified\":\"2024-10-22T22:10:11+00:00\",\"mainEntityOfPage\":{\"@id\":\"https:\/\/municipales.org.ar\/festram\/las-estrategias-sindicales-y-los-nuevos-desafios-en-contextos-de-neoliberalismos-y-radicalizacion-de-las-derechas\/\"},\"wordCount\":289,\"publisher\":{\"@id\":\"https:\/\/municipales.org.ar\/festram\/#organization\"},\"image\":{\"@id\":\"https:\/\/municipales.org.ar\/festram\/las-estrategias-sindicales-y-los-nuevos-desafios-en-contextos-de-neoliberalismos-y-radicalizacion-de-las-derechas\/#primaryimage\"},\"thumbnailUrl\":\"https:\/\/municipales.org.ar\/festram\/wp-content\/uploads\/2024\/10\/WhatsApp-Image-2024-10-10-at-13.29.27.jpeg\",\"keywords\":[\"capacitaci\u00f3n\",\"el pa\u00eds\",\"la provincia\"],\"articleSection\":[\"Capacitaci\u00f3n\"],\"inLanguage\":\"es\"},{\"@type\":\"WebPage\",\"@id\":\"https:\/\/municipales.org.ar\/festram\/las-estrategias-sindicales-y-los-nuevos-desafios-en-contextos-de-neoliberalismos-y-radicalizacion-de-las-derechas\/\",\"url\":\"https:\/\/municipales.org.ar\/festram\/las-estrategias-sindicales-y-los-nuevos-desafios-en-contextos-de-neoliberalismos-y-radicalizacion-de-las-derechas\/\",\"name\":\"Las Estrategias Sindicales y los nuevos desaf\u00edos en contextos de neoliberalismos y radicalizaci\u00f3n de las derechas &#8211; FESTRAM\",\"isPartOf\":{\"@id\":\"https:\/\/municipales.org.ar\/festram\/#website\"},\"primaryImageOfPage\":{\"@id\":\"https:\/\/municipales.org.ar\/festram\/las-estrategias-sindicales-y-los-nuevos-desafios-en-contextos-de-neoliberalismos-y-radicalizacion-de-las-derechas\/#primaryimage\"},\"image\":{\"@id\":\"https:\/\/municipales.org.ar\/festram\/las-estrategias-sindicales-y-los-nuevos-desafios-en-contextos-de-neoliberalismos-y-radicalizacion-de-las-derechas\/#primaryimage\"},\"thumbnailUrl\":\"https:\/\/municipales.org.ar\/festram\/wp-content\/uploads\/2024\/10\/WhatsApp-Image-2024-10-10-at-13.29.27.jpeg\",\"datePublished\":\"2024-10-22T22:10:08+00:00\",\"dateModified\":\"2024-10-22T22:10:11+00:00\",\"description\":\"El d\u00eda jueves 10 octubre, se reunieron en el Complejo Institucional N\u00e9stor C Kirchner de FESTRAM, dirigentes de distintos Sindicatos que han renovado sus Comisiones Directivas y nuevas conformaciones gremiales en representaci\u00f3n de diferentes localidades, para debatir acerca de los ejes estrat\u00e9gicos y las l\u00edneas de acci\u00f3n del sindicalismo municipal en la Provincia de Santa Fe y la Naci\u00f3n, en el actual contexto.\",\"breadcrumb\":{\"@id\":\"https:\/\/municipales.org.ar\/festram\/las-estrategias-sindicales-y-los-nuevos-desafios-en-contextos-de-neoliberalismos-y-radicalizacion-de-las-derechas\/#breadcrumb\"},\"inLanguage\":\"es\",\"potentialAction\":[{\"@type\":\"ReadAction\",\"target\":[\"https:\/\/municipales.org.ar\/festram\/las-estrategias-sindicales-y-los-nuevos-desafios-en-contextos-de-neoliberalismos-y-radicalizacion-de-las-derechas\/\"]}]},{\"@type\":\"ImageObject\",\"inLanguage\":\"es\",\"@id\":\"https:\/\/municipales.org.ar\/festram\/las-estrategias-sindicales-y-los-nuevos-desafios-en-contextos-de-neoliberalismos-y-radicalizacion-de-las-derechas\/#primaryimage\",\"url\":\"https:\/\/municipales.org.ar\/festram\/wp-content\/uploads\/2024\/10\/WhatsApp-Image-2024-10-10-at-13.29.27.jpeg\",\"contentUrl\":\"https:\/\/municipales.org.ar\/festram\/wp-content\/uploads\/2024\/10\/WhatsApp-Image-2024-10-10-at-13.29.27.jpeg\",\"width\":1600,\"height\":900},{\"@type\":\"BreadcrumbList\",\"@id\":\"https:\/\/municipales.org.ar\/festram\/las-estrategias-sindicales-y-los-nuevos-desafios-en-contextos-de-neoliberalismos-y-radicalizacion-de-las-derechas\/#breadcrumb\",\"itemListElement\":[{\"@type\":\"ListItem\",\"position\":1,\"name\":\"Portada\",\"item\":\"https:\/\/municipales.org.ar\/festram\/\"},{\"@type\":\"ListItem\",\"position\":2,\"name\":\"Las Estrategias Sindicales y los nuevos desaf\u00edos en contextos de neoliberalismos y radicalizaci\u00f3n de las derechas\"}]},{\"@type\":\"WebSite\",\"@id\":\"https:\/\/municipales.org.ar\/festram\/#website\",\"url\":\"https:\/\/municipales.org.ar\/festram\/\",\"name\":\"FESTRAM\",\"description\":\"La web de los trabajadores municipales\",\"publisher\":{\"@id\":\"https:\/\/municipales.org.ar\/festram\/#organization\"},\"potentialAction\":[{\"@type\":\"SearchAction\",\"target\":{\"@type\":\"EntryPoint\",\"urlTemplate\":\"https:\/\/municipales.org.ar\/festram\/?s={search_term_string}\"},\"query-input\":{\"@type\":\"PropertyValueSpecification\",\"valueRequired\":true,\"valueName\":\"search_term_string\"}}],\"inLanguage\":\"es\"},{\"@type\":\"Organization\",\"@id\":\"https:\/\/municipales.org.ar\/festram\/#organization\",\"name\":\"Federaci\u00f3n de Sindicatos de Trabajadores Municipales de la Provincia de Santa Fe\",\"url\":\"https:\/\/municipales.org.ar\/festram\/\",\"logo\":{\"@type\":\"ImageObject\",\"inLanguage\":\"es\",\"@id\":\"https:\/\/municipales.org.ar\/festram\/#\/schema\/logo\/image\/\",\"url\":\"https:\/\/www.municipales.org.ar\/festram\/wp-content\/uploads\/2014\/07\/logo_fes.jpg\",\"contentUrl\":\"https:\/\/www.municipales.org.ar\/festram\/wp-content\/uploads\/2014\/07\/logo_fes.jpg\",\"width\":661,\"height\":673,\"caption\":\"Federaci\u00f3n de Sindicatos de Trabajadores Municipales de la Provincia de Santa Fe\"},\"image\":{\"@id\":\"https:\/\/municipales.org.ar\/festram\/#\/schema\/logo\/image\/\"},\"sameAs\":[\"https:\/\/www.facebook.com\/MunicipalesSF\",\"https:\/\/x.com\/MunicipalesSF\",\"https:\/\/www.youtube.com\/user\/festram\"]},{\"@type\":\"Person\",\"@id\":\"https:\/\/municipales.org.ar\/festram\/#\/schema\/person\/49096a774c48ce9063df4d59ec059f9e\",\"name\":\"mun_admin\"}]}<\/script>\n<!-- \/ Yoast SEO plugin. -->","yoast_head_json":{"title":"Las Estrategias Sindicales y los nuevos desaf\u00edos en contextos de neoliberalismos y radicalizaci\u00f3n de las derechas &#8211; FESTRAM","description":"El d\u00eda jueves 10 octubre, se reunieron en el Complejo Institucional N\u00e9stor C Kirchner de FESTRAM, dirigentes de distintos Sindicatos que han renovado sus Comisiones Directivas y nuevas conformaciones gremiales en representaci\u00f3n de diferentes localidades, para debatir acerca de los ejes estrat\u00e9gicos y las l\u00edneas de acci\u00f3n del sindicalismo municipal en la Provincia de Santa Fe y la Naci\u00f3n, en el actual contexto.","robots":{"index":"index","follow":"follow","max-snippet":"max-snippet:-1","max-image-preview":"max-image-preview:large","max-video-preview":"max-video-preview:-1"},"canonical":"https:\/\/municipales.org.ar\/festram\/las-estrategias-sindicales-y-los-nuevos-desafios-en-contextos-de-neoliberalismos-y-radicalizacion-de-las-derechas\/","og_locale":"es_ES","og_type":"article","og_title":"Las Estrategias Sindicales y los nuevos desaf\u00edos en contextos de neoliberalismos y radicalizaci\u00f3n de las derechas &#8211; FESTRAM","og_description":"El d\u00eda jueves 10 octubre, se reunieron en el Complejo Institucional N\u00e9stor C Kirchner de FESTRAM, dirigentes de distintos Sindicatos que han renovado sus Comisiones Directivas y nuevas conformaciones gremiales en representaci\u00f3n de diferentes localidades, para debatir acerca de los ejes estrat\u00e9gicos y las l\u00edneas de acci\u00f3n del sindicalismo municipal en la Provincia de Santa Fe y la Naci\u00f3n, en el actual contexto.","og_url":"https:\/\/municipales.org.ar\/festram\/las-estrategias-sindicales-y-los-nuevos-desafios-en-contextos-de-neoliberalismos-y-radicalizacion-de-las-derechas\/","og_site_name":"FESTRAM","article_publisher":"https:\/\/www.facebook.com\/MunicipalesSF","article_published_time":"2024-10-22T22:10:08+00:00","article_modified_time":"2024-10-22T22:10:11+00:00","og_image":[{"width":1600,"height":900,"url":"https:\/\/municipales.org.ar\/festram\/wp-content\/uploads\/2024\/10\/WhatsApp-Image-2024-10-10-at-13.29.27.jpeg","type":"image\/jpeg"}],"author":"mun_admin","twitter_card":"summary_large_image","twitter_creator":"@MunicipalesSF","twitter_site":"@MunicipalesSF","twitter_misc":{"Escrito por":"mun_admin","Tiempo de lectura":"5 minutos"},"schema":{"@context":"https:\/\/schema.org","@graph":[{"@type":"Article","@id":"https:\/\/municipales.org.ar\/festram\/las-estrategias-sindicales-y-los-nuevos-desafios-en-contextos-de-neoliberalismos-y-radicalizacion-de-las-derechas\/#article","isPartOf":{"@id":"https:\/\/municipales.org.ar\/festram\/las-estrategias-sindicales-y-los-nuevos-desafios-en-contextos-de-neoliberalismos-y-radicalizacion-de-las-derechas\/"},"author":{"name":"mun_admin","@id":"https:\/\/municipales.org.ar\/festram\/#\/schema\/person\/49096a774c48ce9063df4d59ec059f9e"},"headline":"Las Estrategias Sindicales y los nuevos desaf\u00edos en contextos de neoliberalismos y radicalizaci\u00f3n de las derechas","datePublished":"2024-10-22T22:10:08+00:00","dateModified":"2024-10-22T22:10:11+00:00","mainEntityOfPage":{"@id":"https:\/\/municipales.org.ar\/festram\/las-estrategias-sindicales-y-los-nuevos-desafios-en-contextos-de-neoliberalismos-y-radicalizacion-de-las-derechas\/"},"wordCount":289,"publisher":{"@id":"https:\/\/municipales.org.ar\/festram\/#organization"},"image":{"@id":"https:\/\/municipales.org.ar\/festram\/las-estrategias-sindicales-y-los-nuevos-desafios-en-contextos-de-neoliberalismos-y-radicalizacion-de-las-derechas\/#primaryimage"},"thumbnailUrl":"https:\/\/municipales.org.ar\/festram\/wp-content\/uploads\/2024\/10\/WhatsApp-Image-2024-10-10-at-13.29.27.jpeg","keywords":["capacitaci\u00f3n","el pa\u00eds","la provincia"],"articleSection":["Capacitaci\u00f3n"],"inLanguage":"es"},{"@type":"WebPage","@id":"https:\/\/municipales.org.ar\/festram\/las-estrategias-sindicales-y-los-nuevos-desafios-en-contextos-de-neoliberalismos-y-radicalizacion-de-las-derechas\/","url":"https:\/\/municipales.org.ar\/festram\/las-estrategias-sindicales-y-los-nuevos-desafios-en-contextos-de-neoliberalismos-y-radicalizacion-de-las-derechas\/","name":"Las Estrategias Sindicales y los nuevos desaf\u00edos en contextos de neoliberalismos y radicalizaci\u00f3n de las derechas &#8211; FESTRAM","isPartOf":{"@id":"https:\/\/municipales.org.ar\/festram\/#website"},"primaryImageOfPage":{"@id":"https:\/\/municipales.org.ar\/festram\/las-estrategias-sindicales-y-los-nuevos-desafios-en-contextos-de-neoliberalismos-y-radicalizacion-de-las-derechas\/#primaryimage"},"image":{"@id":"https:\/\/municipales.org.ar\/festram\/las-estrategias-sindicales-y-los-nuevos-desafios-en-contextos-de-neoliberalismos-y-radicalizacion-de-las-derechas\/#primaryimage"},"thumbnailUrl":"https:\/\/municipales.org.ar\/festram\/wp-content\/uploads\/2024\/10\/WhatsApp-Image-2024-10-10-at-13.29.27.jpeg","datePublished":"2024-10-22T22:10:08+00:00","dateModified":"2024-10-22T22:10:11+00:00","description":"El d\u00eda jueves 10 octubre, se reunieron en el Complejo Institucional N\u00e9stor C Kirchner de FESTRAM, dirigentes de distintos Sindicatos que han renovado sus Comisiones Directivas y nuevas conformaciones gremiales en representaci\u00f3n de diferentes localidades, para debatir acerca de los ejes estrat\u00e9gicos y las l\u00edneas de acci\u00f3n del sindicalismo municipal en la Provincia de Santa Fe y la Naci\u00f3n, en el actual contexto.","breadcrumb":{"@id":"https:\/\/municipales.org.ar\/festram\/las-estrategias-sindicales-y-los-nuevos-desafios-en-contextos-de-neoliberalismos-y-radicalizacion-de-las-derechas\/#breadcrumb"},"inLanguage":"es","potentialAction":[{"@type":"ReadAction","target":["https:\/\/municipales.org.ar\/festram\/las-estrategias-sindicales-y-los-nuevos-desafios-en-contextos-de-neoliberalismos-y-radicalizacion-de-las-derechas\/"]}]},{"@type":"ImageObject","inLanguage":"es","@id":"https:\/\/municipales.org.ar\/festram\/las-estrategias-sindicales-y-los-nuevos-desafios-en-contextos-de-neoliberalismos-y-radicalizacion-de-las-derechas\/#primaryimage","url":"https:\/\/municipales.org.ar\/festram\/wp-content\/uploads\/2024\/10\/WhatsApp-Image-2024-10-10-at-13.29.27.jpeg","contentUrl":"https:\/\/municipales.org.ar\/festram\/wp-content\/uploads\/2024\/10\/WhatsApp-Image-2024-10-10-at-13.29.27.jpeg","width":1600,"height":900},{"@type":"BreadcrumbList","@id":"https:\/\/municipales.org.ar\/festram\/las-estrategias-sindicales-y-los-nuevos-desafios-en-contextos-de-neoliberalismos-y-radicalizacion-de-las-derechas\/#breadcrumb","itemListElement":[{"@type":"ListItem","position":1,"name":"Portada","item":"https:\/\/municipales.org.ar\/festram\/"},{"@type":"ListItem","position":2,"name":"Las Estrategias Sindicales y los nuevos desaf\u00edos en contextos de neoliberalismos y radicalizaci\u00f3n de las derechas"}]},{"@type":"WebSite","@id":"https:\/\/municipales.org.ar\/festram\/#website","url":"https:\/\/municipales.org.ar\/festram\/","name":"FESTRAM","description":"La web de los trabajadores municipales","publisher":{"@id":"https:\/\/municipales.org.ar\/festram\/#organization"},"potentialAction":[{"@type":"SearchAction","target":{"@type":"EntryPoint","urlTemplate":"https:\/\/municipales.org.ar\/festram\/?s={search_term_string}"},"query-input":{"@type":"PropertyValueSpecification","valueRequired":true,"valueName":"search_term_string"}}],"inLanguage":"es"},{"@type":"Organization","@id":"https:\/\/municipales.org.ar\/festram\/#organization","name":"Federaci\u00f3n de Sindicatos de Trabajadores Municipales de la Provincia de Santa Fe","url":"https:\/\/municipales.org.ar\/festram\/","logo":{"@type":"ImageObject","inLanguage":"es","@id":"https:\/\/municipales.org.ar\/festram\/#\/schema\/logo\/image\/","url":"https:\/\/www.municipales.org.ar\/festram\/wp-content\/uploads\/2014\/07\/logo_fes.jpg","contentUrl":"https:\/\/www.municipales.org.ar\/festram\/wp-content\/uploads\/2014\/07\/logo_fes.jpg","width":661,"height":673,"caption":"Federaci\u00f3n de Sindicatos de Trabajadores Municipales de la Provincia de Santa Fe"},"image":{"@id":"https:\/\/municipales.org.ar\/festram\/#\/schema\/logo\/image\/"},"sameAs":["https:\/\/www.facebook.com\/MunicipalesSF","https:\/\/x.com\/MunicipalesSF","https:\/\/www.youtube.com\/user\/festram"]},{"@type":"Person","@id":"https:\/\/municipales.org.ar\/festram\/#\/schema\/person\/49096a774c48ce9063df4d59ec059f9e","name":"mun_admin"}]}},"jetpack_publicize_connections":[],"jetpack_featured_media_url":"https:\/\/municipales.org.ar\/festram\/wp-content\/uploads\/2024\/10\/WhatsApp-Image-2024-10-10-at-13.29.27.jpeg","jetpack_sharing_enabled":true,"jetpack_likes_enabled":false,"jetpack_shortlink":"https:\/\/wp.me\/p7l4x1-4zS","_links":{"self":[{"href":"https:\/\/municipales.org.ar\/festram\/wp-json\/wp\/v2\/posts\/17600","targetHints":{"allow":["GET"]}}],"collection":[{"href":"https:\/\/municipales.org.ar\/festram\/wp-json\/wp\/v2\/posts"}],"about":[{"href":"https:\/\/municipales.org.ar\/festram\/wp-json\/wp\/v2\/types\/post"}],"author":[{"embeddable":true,"href":"https:\/\/municipales.org.ar\/festram\/wp-json\/wp\/v2\/users\/1"}],"replies":[{"embeddable":true,"href":"https:\/\/municipales.org.ar\/festram\/wp-json\/wp\/v2\/comments?post=17600"}],"version-history":[{"count":2,"href":"https:\/\/municipales.org.ar\/festram\/wp-json\/wp\/v2\/posts\/17600\/revisions"}],"predecessor-version":[{"id":17619,"href":"https:\/\/municipales.org.ar\/festram\/wp-json\/wp\/v2\/posts\/17600\/revisions\/17619"}],"wp:featuredmedia":[{"embeddable":true,"href":"https:\/\/municipales.org.ar\/festram\/wp-json\/wp\/v2\/media\/17601"}],"wp:attachment":[{"href":"https:\/\/municipales.org.ar\/festram\/wp-json\/wp\/v2\/media?parent=17600"}],"wp:term":[{"taxonomy":"category","embeddable":true,"href":"https:\/\/municipales.org.ar\/festram\/wp-json\/wp\/v2\/categories?post=17600"},{"taxonomy":"post_tag","embeddable":true,"href":"https:\/\/municipales.org.ar\/festram\/wp-json\/wp\/v2\/tags?post=17600"}],"curies":[{"name":"wp","href":"https:\/\/api.w.org\/{rel}","templated":true}]}}