{"id":17636,"date":"2024-11-20T20:58:21","date_gmt":"2024-11-20T23:58:21","guid":{"rendered":"https:\/\/municipales.org.ar\/festram\/?p=17636"},"modified":"2024-11-20T20:58:24","modified_gmt":"2024-11-20T23:58:24","slug":"asoem-funes-inicia-medidas-de-quite-de-colaboracion-en-esa-municipalidad","status":"publish","type":"post","link":"https:\/\/municipales.org.ar\/festram\/asoem-funes-inicia-medidas-de-quite-de-colaboracion-en-esa-municipalidad\/","title":{"rendered":"ASOEM Funes inicia medidas de quite de colaboraci\u00f3n en esa Municipalidad"},"content":{"rendered":"\n<h2 class=\"wp-block-heading\">En la ma\u00f1ana de hoy ASOEM FUNES y FESTRAM participaron de una audiencia con representantes del Departamento Ejecutivo Municipal de Funes en el \u00e1mbito del Ministerio de Trabajo, Empleo y Seguridad Social de Santa Fe, Regional Rosario, a los fines de encontrar respuestas a los reclamos planteados ante la Administraci\u00f3n Municipal, de car\u00e1cter laboral, salarial y de seguridad de los trabajadores municipales que desempe\u00f1an tareas en ese Ente.<\/h2>\n\n\n\n<p>Nuevamente en la fecha seguimos sin encontrar soluciones concretas, solo promesas que no hacen otra cosa que dilatar las medidas gremiales ya adoptadas y aprobadas por la asamblea de trabajadores nucleados en ASOEM FUNES.<\/p>\n\n\n\n<p>Por tal motivo en la audiencia, se rechazaron las propuestas aportadas por la Municipalidad de Funes por ser insuficientes e inefectivas, el personal sigue sin contar con ART por exclusiva responsabilidad del Municipio, no hay provisi\u00f3n de agua en muchos sectores de la Municipalidad, se contin\u00faa con el maltrato a las trabajadoras y trabajadores, a manos del Jefe de Personal y con el aval del Intendente, no hay un plan de contingencia de riesgos del trabajo, se adeuda ropa reglamentaria y calzado, se contin\u00faa con la pol\u00edtica de precarizaci\u00f3n laboral y podr\u00edamos enumerar muchas cosas m\u00e1s que padecen los asalariados municipales.<\/p>\n\n\n\n<p>Ante la situaci\u00f3n descripta, las partes quedaron desafectadas de este procedimiento habilitado por el organismo provincial, por lo tanto, esta Federaci\u00f3n acompa\u00f1ar\u00e1 y respaldar\u00e1 todas las medidas que los trabajadores con sus dirigentes adopten, entendiendo que la responsabilidad del sostenimiento de la paz social en Funes est\u00e1 en manos del Intendente Municipal y de sus decisiones.<\/p>\n\n\n\n<p>A la comunidad les decimos que no es nuestra intenci\u00f3n complejizar a\u00fan m\u00e1s la situaci\u00f3n que vivimos d\u00eda a d\u00eda, la lucha es nuestra herramienta y dependemos de ella porque la Constituci\u00f3n nos habilita, de todas formas, seguimos abiertos al di\u00e1logo y a la concertaci\u00f3n, pero con hechos palpables que resuelvan las problem\u00e1ticas planteadas.<\/p>\n\n\n\n<h6 class=\"wp-block-heading\">Prensa FESTRAM<\/h6>\n\n\n\n<p><\/p>\n","protected":false},"excerpt":{"rendered":"<p>En la ma\u00f1ana de hoy ASOEM FUNES y FESTRAM participaron de una audiencia con representantes del Departamento Ejecutivo Municipal de Funes en el \u00e1mbito del Ministerio de Trabajo, Empleo y Seguridad Social de Santa Fe, Regional Rosario, a los fines de encontrar respuestas a los reclamos planteados ante la Administraci\u00f3n Municipal, de car\u00e1cter laboral, salarial y de seguridad de los trabajadores municipales que desempe\u00f1an tareas en ese Ente.<\/p>\n","protected":false},"author":1,"featured_media":17637,"comment_status":"closed","ping_status":"closed","sticky":false,"template":"","format":"standard","meta":{"_jetpack_memberships_contains_paid_content":false,"footnotes":"","jetpack_publicize_message":"","jetpack_publicize_feature_enabled":true,"jetpack_social_post_already_shared":true,"jetpack_social_options":{"image_generator_settings":{"template":"highway","default_image_id":0,"font":"","enabled":false},"version":2}},"categories":[253,57],"tags":[137,67],"class_list":["post-17636","post","type-post","status-publish","format-standard","has-post-thumbnail","hentry","category-comunicados-2024","category-sindicatos-noticias","tag-funes","tag-sindicatos-afiliados"],"yoast_head":"<!-- This site is optimized with the Yoast SEO plugin v25.9 - https:\/\/yoast.com\/wordpress\/plugins\/seo\/ -->\n<title>ASOEM Funes inicia medidas de quite de colaboraci\u00f3n en esa Municipalidad &#8211; FESTRAM<\/title>\n<meta name=\"description\" content=\"En la ma\u00f1ana de hoy ASOEM FUNES y FESTRAM participaron de una audiencia con representantes del Departamento Ejecutivo Municipal de Funes en el \u00e1mbito del Ministerio de Trabajo, Empleo y Seguridad Social de Santa Fe, Regional Rosario, a los fines de encontrar respuestas a los reclamos planteados ante la Administraci\u00f3n Municipal, de car\u00e1cter laboral, salarial y de seguridad de los trabajadores municipales que desempe\u00f1an tareas en ese Ente.\" \/>\n<meta name=\"robots\" content=\"index, follow, max-snippet:-1, max-image-preview:large, max-video-preview:-1\" \/>\n<link rel=\"canonical\" href=\"https:\/\/municipales.org.ar\/festram\/asoem-funes-inicia-medidas-de-quite-de-colaboracion-en-esa-municipalidad\/\" \/>\n<meta property=\"og:locale\" content=\"es_ES\" \/>\n<meta property=\"og:type\" content=\"article\" \/>\n<meta property=\"og:title\" content=\"ASOEM Funes inicia medidas de quite de colaboraci\u00f3n en esa Municipalidad &#8211; FESTRAM\" \/>\n<meta property=\"og:description\" content=\"En la ma\u00f1ana de hoy ASOEM FUNES y FESTRAM participaron de una audiencia con representantes del Departamento Ejecutivo Municipal de Funes en el \u00e1mbito del Ministerio de Trabajo, Empleo y Seguridad Social de Santa Fe, Regional Rosario, a los fines de encontrar respuestas a los reclamos planteados ante la Administraci\u00f3n Municipal, de car\u00e1cter laboral, salarial y de seguridad de los trabajadores municipales que desempe\u00f1an tareas en ese Ente.\" \/>\n<meta property=\"og:url\" content=\"https:\/\/municipales.org.ar\/festram\/asoem-funes-inicia-medidas-de-quite-de-colaboracion-en-esa-municipalidad\/\" \/>\n<meta property=\"og:site_name\" content=\"FESTRAM\" \/>\n<meta property=\"article:publisher\" content=\"https:\/\/www.facebook.com\/MunicipalesSF\" \/>\n<meta property=\"article:published_time\" content=\"2024-11-20T23:58:21+00:00\" \/>\n<meta property=\"article:modified_time\" content=\"2024-11-20T23:58:24+00:00\" \/>\n<meta property=\"og:image\" content=\"https:\/\/municipales.org.ar\/festram\/wp-content\/uploads\/2024\/11\/muni-dia-de-lluvia.jpeg\" \/>\n\t<meta property=\"og:image:width\" content=\"1600\" \/>\n\t<meta property=\"og:image:height\" content=\"1200\" \/>\n\t<meta property=\"og:image:type\" content=\"image\/jpeg\" \/>\n<meta name=\"author\" content=\"mun_admin\" \/>\n<meta name=\"twitter:card\" content=\"summary_large_image\" \/>\n<meta name=\"twitter:creator\" content=\"@MunicipalesSF\" \/>\n<meta name=\"twitter:site\" content=\"@MunicipalesSF\" \/>\n<meta name=\"twitter:label1\" content=\"Escrito por\" \/>\n\t<meta name=\"twitter:data1\" content=\"mun_admin\" \/>\n\t<meta name=\"twitter:label2\" content=\"Tiempo de lectura\" \/>\n\t<meta name=\"twitter:data2\" content=\"2 minutos\" \/>\n<script type=\"application\/ld+json\" class=\"yoast-schema-graph\">{\"@context\":\"https:\/\/schema.org\",\"@graph\":[{\"@type\":\"Article\",\"@id\":\"https:\/\/municipales.org.ar\/festram\/asoem-funes-inicia-medidas-de-quite-de-colaboracion-en-esa-municipalidad\/#article\",\"isPartOf\":{\"@id\":\"https:\/\/municipales.org.ar\/festram\/asoem-funes-inicia-medidas-de-quite-de-colaboracion-en-esa-municipalidad\/\"},\"author\":{\"name\":\"mun_admin\",\"@id\":\"https:\/\/municipales.org.ar\/festram\/#\/schema\/person\/49096a774c48ce9063df4d59ec059f9e\"},\"headline\":\"ASOEM Funes inicia medidas de quite de colaboraci\u00f3n en esa Municipalidad\",\"datePublished\":\"2024-11-20T23:58:21+00:00\",\"dateModified\":\"2024-11-20T23:58:24+00:00\",\"mainEntityOfPage\":{\"@id\":\"https:\/\/municipales.org.ar\/festram\/asoem-funes-inicia-medidas-de-quite-de-colaboracion-en-esa-municipalidad\/\"},\"wordCount\":351,\"publisher\":{\"@id\":\"https:\/\/municipales.org.ar\/festram\/#organization\"},\"image\":{\"@id\":\"https:\/\/municipales.org.ar\/festram\/asoem-funes-inicia-medidas-de-quite-de-colaboracion-en-esa-municipalidad\/#primaryimage\"},\"thumbnailUrl\":\"https:\/\/municipales.org.ar\/festram\/wp-content\/uploads\/2024\/11\/muni-dia-de-lluvia.jpeg\",\"keywords\":[\"funes\",\"sindicatos afiliados\"],\"articleSection\":[\"Comunicados 2024\",\"Sindicatos Noticias\"],\"inLanguage\":\"es\"},{\"@type\":\"WebPage\",\"@id\":\"https:\/\/municipales.org.ar\/festram\/asoem-funes-inicia-medidas-de-quite-de-colaboracion-en-esa-municipalidad\/\",\"url\":\"https:\/\/municipales.org.ar\/festram\/asoem-funes-inicia-medidas-de-quite-de-colaboracion-en-esa-municipalidad\/\",\"name\":\"ASOEM Funes inicia medidas de quite de colaboraci\u00f3n en esa Municipalidad &#8211; FESTRAM\",\"isPartOf\":{\"@id\":\"https:\/\/municipales.org.ar\/festram\/#website\"},\"primaryImageOfPage\":{\"@id\":\"https:\/\/municipales.org.ar\/festram\/asoem-funes-inicia-medidas-de-quite-de-colaboracion-en-esa-municipalidad\/#primaryimage\"},\"image\":{\"@id\":\"https:\/\/municipales.org.ar\/festram\/asoem-funes-inicia-medidas-de-quite-de-colaboracion-en-esa-municipalidad\/#primaryimage\"},\"thumbnailUrl\":\"https:\/\/municipales.org.ar\/festram\/wp-content\/uploads\/2024\/11\/muni-dia-de-lluvia.jpeg\",\"datePublished\":\"2024-11-20T23:58:21+00:00\",\"dateModified\":\"2024-11-20T23:58:24+00:00\",\"description\":\"En la ma\u00f1ana de hoy ASOEM FUNES y FESTRAM participaron de una audiencia con representantes del Departamento Ejecutivo Municipal de Funes en el \u00e1mbito del Ministerio de Trabajo, Empleo y Seguridad Social de Santa Fe, Regional Rosario, a los fines de encontrar respuestas a los reclamos planteados ante la Administraci\u00f3n Municipal, de car\u00e1cter laboral, salarial y de seguridad de los trabajadores municipales que desempe\u00f1an tareas en ese Ente.\",\"breadcrumb\":{\"@id\":\"https:\/\/municipales.org.ar\/festram\/asoem-funes-inicia-medidas-de-quite-de-colaboracion-en-esa-municipalidad\/#breadcrumb\"},\"inLanguage\":\"es\",\"potentialAction\":[{\"@type\":\"ReadAction\",\"target\":[\"https:\/\/municipales.org.ar\/festram\/asoem-funes-inicia-medidas-de-quite-de-colaboracion-en-esa-municipalidad\/\"]}]},{\"@type\":\"ImageObject\",\"inLanguage\":\"es\",\"@id\":\"https:\/\/municipales.org.ar\/festram\/asoem-funes-inicia-medidas-de-quite-de-colaboracion-en-esa-municipalidad\/#primaryimage\",\"url\":\"https:\/\/municipales.org.ar\/festram\/wp-content\/uploads\/2024\/11\/muni-dia-de-lluvia.jpeg\",\"contentUrl\":\"https:\/\/municipales.org.ar\/festram\/wp-content\/uploads\/2024\/11\/muni-dia-de-lluvia.jpeg\",\"width\":1600,\"height\":1200},{\"@type\":\"BreadcrumbList\",\"@id\":\"https:\/\/municipales.org.ar\/festram\/asoem-funes-inicia-medidas-de-quite-de-colaboracion-en-esa-municipalidad\/#breadcrumb\",\"itemListElement\":[{\"@type\":\"ListItem\",\"position\":1,\"name\":\"Portada\",\"item\":\"https:\/\/municipales.org.ar\/festram\/\"},{\"@type\":\"ListItem\",\"position\":2,\"name\":\"ASOEM Funes inicia medidas de quite de colaboraci\u00f3n en esa Municipalidad\"}]},{\"@type\":\"WebSite\",\"@id\":\"https:\/\/municipales.org.ar\/festram\/#website\",\"url\":\"https:\/\/municipales.org.ar\/festram\/\",\"name\":\"FESTRAM\",\"description\":\"La web de los trabajadores municipales\",\"publisher\":{\"@id\":\"https:\/\/municipales.org.ar\/festram\/#organization\"},\"potentialAction\":[{\"@type\":\"SearchAction\",\"target\":{\"@type\":\"EntryPoint\",\"urlTemplate\":\"https:\/\/municipales.org.ar\/festram\/?s={search_term_string}\"},\"query-input\":{\"@type\":\"PropertyValueSpecification\",\"valueRequired\":true,\"valueName\":\"search_term_string\"}}],\"inLanguage\":\"es\"},{\"@type\":\"Organization\",\"@id\":\"https:\/\/municipales.org.ar\/festram\/#organization\",\"name\":\"Federaci\u00f3n de Sindicatos de Trabajadores Municipales de la Provincia de Santa Fe\",\"url\":\"https:\/\/municipales.org.ar\/festram\/\",\"logo\":{\"@type\":\"ImageObject\",\"inLanguage\":\"es\",\"@id\":\"https:\/\/municipales.org.ar\/festram\/#\/schema\/logo\/image\/\",\"url\":\"https:\/\/www.municipales.org.ar\/festram\/wp-content\/uploads\/2014\/07\/logo_fes.jpg\",\"contentUrl\":\"https:\/\/www.municipales.org.ar\/festram\/wp-content\/uploads\/2014\/07\/logo_fes.jpg\",\"width\":661,\"height\":673,\"caption\":\"Federaci\u00f3n de Sindicatos de Trabajadores Municipales de la Provincia de Santa Fe\"},\"image\":{\"@id\":\"https:\/\/municipales.org.ar\/festram\/#\/schema\/logo\/image\/\"},\"sameAs\":[\"https:\/\/www.facebook.com\/MunicipalesSF\",\"https:\/\/x.com\/MunicipalesSF\",\"https:\/\/www.youtube.com\/user\/festram\"]},{\"@type\":\"Person\",\"@id\":\"https:\/\/municipales.org.ar\/festram\/#\/schema\/person\/49096a774c48ce9063df4d59ec059f9e\",\"name\":\"mun_admin\"}]}<\/script>\n<!-- \/ Yoast SEO plugin. -->","yoast_head_json":{"title":"ASOEM Funes inicia medidas de quite de colaboraci\u00f3n en esa Municipalidad &#8211; FESTRAM","description":"En la ma\u00f1ana de hoy ASOEM FUNES y FESTRAM participaron de una audiencia con representantes del Departamento Ejecutivo Municipal de Funes en el \u00e1mbito del Ministerio de Trabajo, Empleo y Seguridad Social de Santa Fe, Regional Rosario, a los fines de encontrar respuestas a los reclamos planteados ante la Administraci\u00f3n Municipal, de car\u00e1cter laboral, salarial y de seguridad de los trabajadores municipales que desempe\u00f1an tareas en ese Ente.","robots":{"index":"index","follow":"follow","max-snippet":"max-snippet:-1","max-image-preview":"max-image-preview:large","max-video-preview":"max-video-preview:-1"},"canonical":"https:\/\/municipales.org.ar\/festram\/asoem-funes-inicia-medidas-de-quite-de-colaboracion-en-esa-municipalidad\/","og_locale":"es_ES","og_type":"article","og_title":"ASOEM Funes inicia medidas de quite de colaboraci\u00f3n en esa Municipalidad &#8211; FESTRAM","og_description":"En la ma\u00f1ana de hoy ASOEM FUNES y FESTRAM participaron de una audiencia con representantes del Departamento Ejecutivo Municipal de Funes en el \u00e1mbito del Ministerio de Trabajo, Empleo y Seguridad Social de Santa Fe, Regional Rosario, a los fines de encontrar respuestas a los reclamos planteados ante la Administraci\u00f3n Municipal, de car\u00e1cter laboral, salarial y de seguridad de los trabajadores municipales que desempe\u00f1an tareas en ese Ente.","og_url":"https:\/\/municipales.org.ar\/festram\/asoem-funes-inicia-medidas-de-quite-de-colaboracion-en-esa-municipalidad\/","og_site_name":"FESTRAM","article_publisher":"https:\/\/www.facebook.com\/MunicipalesSF","article_published_time":"2024-11-20T23:58:21+00:00","article_modified_time":"2024-11-20T23:58:24+00:00","og_image":[{"width":1600,"height":1200,"url":"https:\/\/municipales.org.ar\/festram\/wp-content\/uploads\/2024\/11\/muni-dia-de-lluvia.jpeg","type":"image\/jpeg"}],"author":"mun_admin","twitter_card":"summary_large_image","twitter_creator":"@MunicipalesSF","twitter_site":"@MunicipalesSF","twitter_misc":{"Escrito por":"mun_admin","Tiempo de lectura":"2 minutos"},"schema":{"@context":"https:\/\/schema.org","@graph":[{"@type":"Article","@id":"https:\/\/municipales.org.ar\/festram\/asoem-funes-inicia-medidas-de-quite-de-colaboracion-en-esa-municipalidad\/#article","isPartOf":{"@id":"https:\/\/municipales.org.ar\/festram\/asoem-funes-inicia-medidas-de-quite-de-colaboracion-en-esa-municipalidad\/"},"author":{"name":"mun_admin","@id":"https:\/\/municipales.org.ar\/festram\/#\/schema\/person\/49096a774c48ce9063df4d59ec059f9e"},"headline":"ASOEM Funes inicia medidas de quite de colaboraci\u00f3n en esa Municipalidad","datePublished":"2024-11-20T23:58:21+00:00","dateModified":"2024-11-20T23:58:24+00:00","mainEntityOfPage":{"@id":"https:\/\/municipales.org.ar\/festram\/asoem-funes-inicia-medidas-de-quite-de-colaboracion-en-esa-municipalidad\/"},"wordCount":351,"publisher":{"@id":"https:\/\/municipales.org.ar\/festram\/#organization"},"image":{"@id":"https:\/\/municipales.org.ar\/festram\/asoem-funes-inicia-medidas-de-quite-de-colaboracion-en-esa-municipalidad\/#primaryimage"},"thumbnailUrl":"https:\/\/municipales.org.ar\/festram\/wp-content\/uploads\/2024\/11\/muni-dia-de-lluvia.jpeg","keywords":["funes","sindicatos afiliados"],"articleSection":["Comunicados 2024","Sindicatos Noticias"],"inLanguage":"es"},{"@type":"WebPage","@id":"https:\/\/municipales.org.ar\/festram\/asoem-funes-inicia-medidas-de-quite-de-colaboracion-en-esa-municipalidad\/","url":"https:\/\/municipales.org.ar\/festram\/asoem-funes-inicia-medidas-de-quite-de-colaboracion-en-esa-municipalidad\/","name":"ASOEM Funes inicia medidas de quite de colaboraci\u00f3n en esa Municipalidad &#8211; FESTRAM","isPartOf":{"@id":"https:\/\/municipales.org.ar\/festram\/#website"},"primaryImageOfPage":{"@id":"https:\/\/municipales.org.ar\/festram\/asoem-funes-inicia-medidas-de-quite-de-colaboracion-en-esa-municipalidad\/#primaryimage"},"image":{"@id":"https:\/\/municipales.org.ar\/festram\/asoem-funes-inicia-medidas-de-quite-de-colaboracion-en-esa-municipalidad\/#primaryimage"},"thumbnailUrl":"https:\/\/municipales.org.ar\/festram\/wp-content\/uploads\/2024\/11\/muni-dia-de-lluvia.jpeg","datePublished":"2024-11-20T23:58:21+00:00","dateModified":"2024-11-20T23:58:24+00:00","description":"En la ma\u00f1ana de hoy ASOEM FUNES y FESTRAM participaron de una audiencia con representantes del Departamento Ejecutivo Municipal de Funes en el \u00e1mbito del Ministerio de Trabajo, Empleo y Seguridad Social de Santa Fe, Regional Rosario, a los fines de encontrar respuestas a los reclamos planteados ante la Administraci\u00f3n Municipal, de car\u00e1cter laboral, salarial y de seguridad de los trabajadores municipales que desempe\u00f1an tareas en ese Ente.","breadcrumb":{"@id":"https:\/\/municipales.org.ar\/festram\/asoem-funes-inicia-medidas-de-quite-de-colaboracion-en-esa-municipalidad\/#breadcrumb"},"inLanguage":"es","potentialAction":[{"@type":"ReadAction","target":["https:\/\/municipales.org.ar\/festram\/asoem-funes-inicia-medidas-de-quite-de-colaboracion-en-esa-municipalidad\/"]}]},{"@type":"ImageObject","inLanguage":"es","@id":"https:\/\/municipales.org.ar\/festram\/asoem-funes-inicia-medidas-de-quite-de-colaboracion-en-esa-municipalidad\/#primaryimage","url":"https:\/\/municipales.org.ar\/festram\/wp-content\/uploads\/2024\/11\/muni-dia-de-lluvia.jpeg","contentUrl":"https:\/\/municipales.org.ar\/festram\/wp-content\/uploads\/2024\/11\/muni-dia-de-lluvia.jpeg","width":1600,"height":1200},{"@type":"BreadcrumbList","@id":"https:\/\/municipales.org.ar\/festram\/asoem-funes-inicia-medidas-de-quite-de-colaboracion-en-esa-municipalidad\/#breadcrumb","itemListElement":[{"@type":"ListItem","position":1,"name":"Portada","item":"https:\/\/municipales.org.ar\/festram\/"},{"@type":"ListItem","position":2,"name":"ASOEM Funes inicia medidas de quite de colaboraci\u00f3n en esa Municipalidad"}]},{"@type":"WebSite","@id":"https:\/\/municipales.org.ar\/festram\/#website","url":"https:\/\/municipales.org.ar\/festram\/","name":"FESTRAM","description":"La web de los trabajadores municipales","publisher":{"@id":"https:\/\/municipales.org.ar\/festram\/#organization"},"potentialAction":[{"@type":"SearchAction","target":{"@type":"EntryPoint","urlTemplate":"https:\/\/municipales.org.ar\/festram\/?s={search_term_string}"},"query-input":{"@type":"PropertyValueSpecification","valueRequired":true,"valueName":"search_term_string"}}],"inLanguage":"es"},{"@type":"Organization","@id":"https:\/\/municipales.org.ar\/festram\/#organization","name":"Federaci\u00f3n de Sindicatos de Trabajadores Municipales de la Provincia de Santa Fe","url":"https:\/\/municipales.org.ar\/festram\/","logo":{"@type":"ImageObject","inLanguage":"es","@id":"https:\/\/municipales.org.ar\/festram\/#\/schema\/logo\/image\/","url":"https:\/\/www.municipales.org.ar\/festram\/wp-content\/uploads\/2014\/07\/logo_fes.jpg","contentUrl":"https:\/\/www.municipales.org.ar\/festram\/wp-content\/uploads\/2014\/07\/logo_fes.jpg","width":661,"height":673,"caption":"Federaci\u00f3n de Sindicatos de Trabajadores Municipales de la Provincia de Santa Fe"},"image":{"@id":"https:\/\/municipales.org.ar\/festram\/#\/schema\/logo\/image\/"},"sameAs":["https:\/\/www.facebook.com\/MunicipalesSF","https:\/\/x.com\/MunicipalesSF","https:\/\/www.youtube.com\/user\/festram"]},{"@type":"Person","@id":"https:\/\/municipales.org.ar\/festram\/#\/schema\/person\/49096a774c48ce9063df4d59ec059f9e","name":"mun_admin"}]}},"jetpack_publicize_connections":[],"jetpack_featured_media_url":"https:\/\/municipales.org.ar\/festram\/wp-content\/uploads\/2024\/11\/muni-dia-de-lluvia.jpeg","jetpack_sharing_enabled":true,"jetpack_likes_enabled":false,"jetpack_shortlink":"https:\/\/wp.me\/p7l4x1-4As","_links":{"self":[{"href":"https:\/\/municipales.org.ar\/festram\/wp-json\/wp\/v2\/posts\/17636","targetHints":{"allow":["GET"]}}],"collection":[{"href":"https:\/\/municipales.org.ar\/festram\/wp-json\/wp\/v2\/posts"}],"about":[{"href":"https:\/\/municipales.org.ar\/festram\/wp-json\/wp\/v2\/types\/post"}],"author":[{"embeddable":true,"href":"https:\/\/municipales.org.ar\/festram\/wp-json\/wp\/v2\/users\/1"}],"replies":[{"embeddable":true,"href":"https:\/\/municipales.org.ar\/festram\/wp-json\/wp\/v2\/comments?post=17636"}],"version-history":[{"count":1,"href":"https:\/\/municipales.org.ar\/festram\/wp-json\/wp\/v2\/posts\/17636\/revisions"}],"predecessor-version":[{"id":17638,"href":"https:\/\/municipales.org.ar\/festram\/wp-json\/wp\/v2\/posts\/17636\/revisions\/17638"}],"wp:featuredmedia":[{"embeddable":true,"href":"https:\/\/municipales.org.ar\/festram\/wp-json\/wp\/v2\/media\/17637"}],"wp:attachment":[{"href":"https:\/\/municipales.org.ar\/festram\/wp-json\/wp\/v2\/media?parent=17636"}],"wp:term":[{"taxonomy":"category","embeddable":true,"href":"https:\/\/municipales.org.ar\/festram\/wp-json\/wp\/v2\/categories?post=17636"},{"taxonomy":"post_tag","embeddable":true,"href":"https:\/\/municipales.org.ar\/festram\/wp-json\/wp\/v2\/tags?post=17636"}],"curies":[{"name":"wp","href":"https:\/\/api.w.org\/{rel}","templated":true}]}}