{"id":17660,"date":"2024-12-24T17:08:57","date_gmt":"2024-12-24T20:08:57","guid":{"rendered":"https:\/\/municipales.org.ar\/festram\/?p=17660"},"modified":"2024-12-24T17:08:59","modified_gmt":"2024-12-24T20:08:59","slug":"se-agrava-el-conflicto-sindical-con-la-municipalidad-de-funes","status":"publish","type":"post","link":"https:\/\/municipales.org.ar\/festram\/se-agrava-el-conflicto-sindical-con-la-municipalidad-de-funes\/","title":{"rendered":"Se agrava el conflicto sindical con la Municipalidad de Funes"},"content":{"rendered":"\n<p><\/p>\n\n\n\n<h2 class=\"wp-block-heading\">En la ma\u00f1ana del pasado lunes 23 de diciembre una Delegaci\u00f3n de FESTRAM, encabezada por su Secretario General IGNACIO MONZON fue recibida por el Intendente Municipal de Funes, ROLVIDER SANTACROCE y funcionarios de su Gabinete, participando, tambi\u00e9n, de la reuni\u00f3n la Secretaria General de ASOEM FUNES, ROMINA MICHAUT junto al Secretario Gremial de dicha instituci\u00f3n.&nbsp;<\/h2>\n\n\n\n<p>Debemos recordar que&nbsp; ASOEM FUNES&nbsp; el d\u00eda Viernes 20 continu\u00f3 con un plan de lucha aprobado por asamblea y con motivo de no encontrar acuerdos con el Municipio en diferentes demandas por incumplimientos a leyes en vigencia y despu\u00e9s de varias semanas de trabajo entre FESTRAM, ASOEM y el DEM en la b\u00fasqueda de consensos a diferentes temas que son motivo de las medidas gremiales: ART, CUMPLIMIENTO DE PARITARIAS MINIMO SALARIAL GARANTIZADO, PROVISI\u00d3N DE AGUA POTABLE AL PERSONAL, REGALAMENTACI\u00d3N DE TAREAS EN DIFERENTES AREAS, PAGO DE HORAS EXTRAS, REGIMEN DE DESCANSOS PARA EL AREA DE SALUD, DEVOLUCI\u00d3N DE CATEGORIAS A PERSONAL PROFESIONAL QUE LE FUERON SACADAS, CREACI\u00d3N DE JUNTAS DE DISCIPLINA Y RECLAMOS (LEY 9286) Y CREACI\u00d3N DEL COMIT\u00c9 MIXTO DE SEGURIDAD E HIGIENE.<\/p>\n\n\n\n<p>Ante la contundencia de la medida dispuesta, el DEM&nbsp; pact\u00f3&nbsp; con la parte gremial la reuni\u00f3n antes mencionada, la cual dur\u00f3 15 minutos solamente, ya que el Intendente pretendi\u00f3, desde un principio, imponer el temario a conversar y en todo momento se lo vio ofuscado y con dedo acusatorio contra las autoridades del gremio local a quienes tild\u00f3 de ser operadores pol\u00edticos del actual Gobierno Provincial, lo que desat\u00f3 un terrible malestar a todos los representantes sindicales presentes que no dudaron en contestar frente a los agravios, y que provoc\u00f3 el fracaso del encuentro que qued\u00f3 trunco ante la falta de voluntad pol\u00edtica de solucionar el conflicto.<\/p>\n\n\n\n<p>Los representantes sindicales quieren dejar en claro que el motivo de las medidas de fuerza no tuvieron solamente origen en la CESANT\u00cdA de una compa\u00f1era de la Comisi\u00f3n de ASOEM, hecho de vieja data que hoy se pretende hacer ver como el detonante de esta situaci\u00f3n, compa\u00f1era a quien acompa\u00f1aremos en todo momento tanto gremial como legalmente, pero la verdadera base de este conflicto no es otro que los incumplimientos del Municipio que vienen siendo denunciados ante el Ministerio de Trabajo de la Provincia y que el mismo se comprometi\u00f3 a dar soluci\u00f3n en un trabajo conjunto que, permanentemente, fue saboteado por los Funcionarios Municipales a cargo de las negociaciones.<\/p>\n\n\n\n<p>Por lo tanto y a partir de esta nueva reuni\u00f3n frustrada, FESTRAM se declara en estado de ALERTA Y MOVILIZACI\u00d3N y estudiar\u00e1 las medidas a llevar adelante frente a la intransigencia del Intendente Municipal SANTACROCE, ya que hay cientos de compa\u00f1eros y compa\u00f1eras, que hoy est\u00e1n afectados por las pol\u00edticas de precariedad laboral que se aplican en la Municipalidad de Funes.<\/p>\n\n\n\n<h6 class=\"wp-block-heading\">Prensa FESTRAM<\/h6>\n","protected":false},"excerpt":{"rendered":"<p>En la ma\u00f1ana del pasado lunes 23 de diciembre una Delegaci\u00f3n de FESTRAM, encabezada por su Secretario General IGNACIO MONZON fue recibida por el Intendente Municipal de Funes, ROLVIDER SANTACROCE y funcionarios de su Gabinete, participando, tambi\u00e9n, de la reuni\u00f3n la Secretaria General de ASOEM FUNES, ROMINA MICHAUT junto al Secretario Gremial de dicha instituci\u00f3n.\u00a0<\/p>\n","protected":false},"author":1,"featured_media":17662,"comment_status":"closed","ping_status":"closed","sticky":false,"template":"","format":"standard","meta":{"_jetpack_memberships_contains_paid_content":false,"footnotes":"","jetpack_publicize_message":"","jetpack_publicize_feature_enabled":true,"jetpack_social_post_already_shared":true,"jetpack_social_options":{"image_generator_settings":{"template":"highway","default_image_id":0,"font":"","enabled":false},"version":2}},"categories":[253,57],"tags":[137,71,67],"class_list":["post-17660","post","type-post","status-publish","format-standard","has-post-thumbnail","hentry","category-comunicados-2024","category-sindicatos-noticias","tag-funes","tag-medidas-de-fuerza","tag-sindicatos-afiliados"],"yoast_head":"<!-- This site is optimized with the Yoast SEO plugin v25.9 - https:\/\/yoast.com\/wordpress\/plugins\/seo\/ -->\n<title>Se agrava el conflicto sindical con la Municipalidad de Funes &#8211; FESTRAM<\/title>\n<meta name=\"description\" content=\"En la ma\u00f1ana del pasado lunes 23 de diciembre una Delegaci\u00f3n de FESTRAM, encabezada por su Secretario General IGNACIO MONZON fue recibida por el Intendente Municipal de Funes, ROLVIDER SANTACROCE y funcionarios de su Gabinete, participando, tambi\u00e9n, de la reuni\u00f3n la Secretaria General de ASOEM FUNES, ROMINA MICHAUT junto al Secretario Gremial de dicha instituci\u00f3n.\u00a0\" \/>\n<meta name=\"robots\" content=\"index, follow, max-snippet:-1, max-image-preview:large, max-video-preview:-1\" \/>\n<link rel=\"canonical\" href=\"https:\/\/municipales.org.ar\/festram\/se-agrava-el-conflicto-sindical-con-la-municipalidad-de-funes\/\" \/>\n<meta property=\"og:locale\" content=\"es_ES\" \/>\n<meta property=\"og:type\" content=\"article\" \/>\n<meta property=\"og:title\" content=\"Se agrava el conflicto sindical con la Municipalidad de Funes &#8211; FESTRAM\" \/>\n<meta property=\"og:description\" content=\"En la ma\u00f1ana del pasado lunes 23 de diciembre una Delegaci\u00f3n de FESTRAM, encabezada por su Secretario General IGNACIO MONZON fue recibida por el Intendente Municipal de Funes, ROLVIDER SANTACROCE y funcionarios de su Gabinete, participando, tambi\u00e9n, de la reuni\u00f3n la Secretaria General de ASOEM FUNES, ROMINA MICHAUT junto al Secretario Gremial de dicha instituci\u00f3n.\u00a0\" \/>\n<meta property=\"og:url\" content=\"https:\/\/municipales.org.ar\/festram\/se-agrava-el-conflicto-sindical-con-la-municipalidad-de-funes\/\" \/>\n<meta property=\"og:site_name\" content=\"FESTRAM\" \/>\n<meta property=\"article:publisher\" content=\"https:\/\/www.facebook.com\/MunicipalesSF\" \/>\n<meta property=\"article:published_time\" content=\"2024-12-24T20:08:57+00:00\" \/>\n<meta property=\"article:modified_time\" content=\"2024-12-24T20:08:59+00:00\" \/>\n<meta property=\"og:image\" content=\"https:\/\/municipales.org.ar\/festram\/wp-content\/uploads\/2024\/12\/roly-santacroce-funes-79454821-1jpg.webp\" \/>\n\t<meta property=\"og:image:width\" content=\"1200\" \/>\n\t<meta property=\"og:image:height\" content=\"675\" \/>\n\t<meta property=\"og:image:type\" content=\"image\/webp\" \/>\n<meta name=\"author\" content=\"mun_admin\" \/>\n<meta name=\"twitter:card\" content=\"summary_large_image\" \/>\n<meta name=\"twitter:creator\" content=\"@MunicipalesSF\" \/>\n<meta name=\"twitter:site\" content=\"@MunicipalesSF\" \/>\n<meta name=\"twitter:label1\" content=\"Escrito por\" \/>\n\t<meta name=\"twitter:data1\" content=\"mun_admin\" \/>\n\t<meta name=\"twitter:label2\" content=\"Tiempo de lectura\" \/>\n\t<meta name=\"twitter:data2\" content=\"2 minutos\" \/>\n<script type=\"application\/ld+json\" class=\"yoast-schema-graph\">{\"@context\":\"https:\/\/schema.org\",\"@graph\":[{\"@type\":\"Article\",\"@id\":\"https:\/\/municipales.org.ar\/festram\/se-agrava-el-conflicto-sindical-con-la-municipalidad-de-funes\/#article\",\"isPartOf\":{\"@id\":\"https:\/\/municipales.org.ar\/festram\/se-agrava-el-conflicto-sindical-con-la-municipalidad-de-funes\/\"},\"author\":{\"name\":\"mun_admin\",\"@id\":\"https:\/\/municipales.org.ar\/festram\/#\/schema\/person\/49096a774c48ce9063df4d59ec059f9e\"},\"headline\":\"Se agrava el conflicto sindical con la Municipalidad de Funes\",\"datePublished\":\"2024-12-24T20:08:57+00:00\",\"dateModified\":\"2024-12-24T20:08:59+00:00\",\"mainEntityOfPage\":{\"@id\":\"https:\/\/municipales.org.ar\/festram\/se-agrava-el-conflicto-sindical-con-la-municipalidad-de-funes\/\"},\"wordCount\":499,\"publisher\":{\"@id\":\"https:\/\/municipales.org.ar\/festram\/#organization\"},\"image\":{\"@id\":\"https:\/\/municipales.org.ar\/festram\/se-agrava-el-conflicto-sindical-con-la-municipalidad-de-funes\/#primaryimage\"},\"thumbnailUrl\":\"https:\/\/municipales.org.ar\/festram\/wp-content\/uploads\/2024\/12\/roly-santacroce-funes-79454821-1jpg.webp\",\"keywords\":[\"funes\",\"medidas de fuerza\",\"sindicatos afiliados\"],\"articleSection\":[\"Comunicados 2024\",\"Sindicatos Noticias\"],\"inLanguage\":\"es\"},{\"@type\":\"WebPage\",\"@id\":\"https:\/\/municipales.org.ar\/festram\/se-agrava-el-conflicto-sindical-con-la-municipalidad-de-funes\/\",\"url\":\"https:\/\/municipales.org.ar\/festram\/se-agrava-el-conflicto-sindical-con-la-municipalidad-de-funes\/\",\"name\":\"Se agrava el conflicto sindical con la Municipalidad de Funes &#8211; FESTRAM\",\"isPartOf\":{\"@id\":\"https:\/\/municipales.org.ar\/festram\/#website\"},\"primaryImageOfPage\":{\"@id\":\"https:\/\/municipales.org.ar\/festram\/se-agrava-el-conflicto-sindical-con-la-municipalidad-de-funes\/#primaryimage\"},\"image\":{\"@id\":\"https:\/\/municipales.org.ar\/festram\/se-agrava-el-conflicto-sindical-con-la-municipalidad-de-funes\/#primaryimage\"},\"thumbnailUrl\":\"https:\/\/municipales.org.ar\/festram\/wp-content\/uploads\/2024\/12\/roly-santacroce-funes-79454821-1jpg.webp\",\"datePublished\":\"2024-12-24T20:08:57+00:00\",\"dateModified\":\"2024-12-24T20:08:59+00:00\",\"description\":\"En la ma\u00f1ana del pasado lunes 23 de diciembre una Delegaci\u00f3n de FESTRAM, encabezada por su Secretario General IGNACIO MONZON fue recibida por el Intendente Municipal de Funes, ROLVIDER SANTACROCE y funcionarios de su Gabinete, participando, tambi\u00e9n, de la reuni\u00f3n la Secretaria General de ASOEM FUNES, ROMINA MICHAUT junto al Secretario Gremial de dicha instituci\u00f3n.\u00a0\",\"breadcrumb\":{\"@id\":\"https:\/\/municipales.org.ar\/festram\/se-agrava-el-conflicto-sindical-con-la-municipalidad-de-funes\/#breadcrumb\"},\"inLanguage\":\"es\",\"potentialAction\":[{\"@type\":\"ReadAction\",\"target\":[\"https:\/\/municipales.org.ar\/festram\/se-agrava-el-conflicto-sindical-con-la-municipalidad-de-funes\/\"]}]},{\"@type\":\"ImageObject\",\"inLanguage\":\"es\",\"@id\":\"https:\/\/municipales.org.ar\/festram\/se-agrava-el-conflicto-sindical-con-la-municipalidad-de-funes\/#primaryimage\",\"url\":\"https:\/\/municipales.org.ar\/festram\/wp-content\/uploads\/2024\/12\/roly-santacroce-funes-79454821-1jpg.webp\",\"contentUrl\":\"https:\/\/municipales.org.ar\/festram\/wp-content\/uploads\/2024\/12\/roly-santacroce-funes-79454821-1jpg.webp\",\"width\":1200,\"height\":675},{\"@type\":\"BreadcrumbList\",\"@id\":\"https:\/\/municipales.org.ar\/festram\/se-agrava-el-conflicto-sindical-con-la-municipalidad-de-funes\/#breadcrumb\",\"itemListElement\":[{\"@type\":\"ListItem\",\"position\":1,\"name\":\"Portada\",\"item\":\"https:\/\/municipales.org.ar\/festram\/\"},{\"@type\":\"ListItem\",\"position\":2,\"name\":\"Se agrava el conflicto sindical con la Municipalidad de Funes\"}]},{\"@type\":\"WebSite\",\"@id\":\"https:\/\/municipales.org.ar\/festram\/#website\",\"url\":\"https:\/\/municipales.org.ar\/festram\/\",\"name\":\"FESTRAM\",\"description\":\"La web de los trabajadores municipales\",\"publisher\":{\"@id\":\"https:\/\/municipales.org.ar\/festram\/#organization\"},\"potentialAction\":[{\"@type\":\"SearchAction\",\"target\":{\"@type\":\"EntryPoint\",\"urlTemplate\":\"https:\/\/municipales.org.ar\/festram\/?s={search_term_string}\"},\"query-input\":{\"@type\":\"PropertyValueSpecification\",\"valueRequired\":true,\"valueName\":\"search_term_string\"}}],\"inLanguage\":\"es\"},{\"@type\":\"Organization\",\"@id\":\"https:\/\/municipales.org.ar\/festram\/#organization\",\"name\":\"Federaci\u00f3n de Sindicatos de Trabajadores Municipales de la Provincia de Santa Fe\",\"url\":\"https:\/\/municipales.org.ar\/festram\/\",\"logo\":{\"@type\":\"ImageObject\",\"inLanguage\":\"es\",\"@id\":\"https:\/\/municipales.org.ar\/festram\/#\/schema\/logo\/image\/\",\"url\":\"https:\/\/www.municipales.org.ar\/festram\/wp-content\/uploads\/2014\/07\/logo_fes.jpg\",\"contentUrl\":\"https:\/\/www.municipales.org.ar\/festram\/wp-content\/uploads\/2014\/07\/logo_fes.jpg\",\"width\":661,\"height\":673,\"caption\":\"Federaci\u00f3n de Sindicatos de Trabajadores Municipales de la Provincia de Santa Fe\"},\"image\":{\"@id\":\"https:\/\/municipales.org.ar\/festram\/#\/schema\/logo\/image\/\"},\"sameAs\":[\"https:\/\/www.facebook.com\/MunicipalesSF\",\"https:\/\/x.com\/MunicipalesSF\",\"https:\/\/www.youtube.com\/user\/festram\"]},{\"@type\":\"Person\",\"@id\":\"https:\/\/municipales.org.ar\/festram\/#\/schema\/person\/49096a774c48ce9063df4d59ec059f9e\",\"name\":\"mun_admin\"}]}<\/script>\n<!-- \/ Yoast SEO plugin. -->","yoast_head_json":{"title":"Se agrava el conflicto sindical con la Municipalidad de Funes &#8211; FESTRAM","description":"En la ma\u00f1ana del pasado lunes 23 de diciembre una Delegaci\u00f3n de FESTRAM, encabezada por su Secretario General IGNACIO MONZON fue recibida por el Intendente Municipal de Funes, ROLVIDER SANTACROCE y funcionarios de su Gabinete, participando, tambi\u00e9n, de la reuni\u00f3n la Secretaria General de ASOEM FUNES, ROMINA MICHAUT junto al Secretario Gremial de dicha instituci\u00f3n.\u00a0","robots":{"index":"index","follow":"follow","max-snippet":"max-snippet:-1","max-image-preview":"max-image-preview:large","max-video-preview":"max-video-preview:-1"},"canonical":"https:\/\/municipales.org.ar\/festram\/se-agrava-el-conflicto-sindical-con-la-municipalidad-de-funes\/","og_locale":"es_ES","og_type":"article","og_title":"Se agrava el conflicto sindical con la Municipalidad de Funes &#8211; FESTRAM","og_description":"En la ma\u00f1ana del pasado lunes 23 de diciembre una Delegaci\u00f3n de FESTRAM, encabezada por su Secretario General IGNACIO MONZON fue recibida por el Intendente Municipal de Funes, ROLVIDER SANTACROCE y funcionarios de su Gabinete, participando, tambi\u00e9n, de la reuni\u00f3n la Secretaria General de ASOEM FUNES, ROMINA MICHAUT junto al Secretario Gremial de dicha instituci\u00f3n.\u00a0","og_url":"https:\/\/municipales.org.ar\/festram\/se-agrava-el-conflicto-sindical-con-la-municipalidad-de-funes\/","og_site_name":"FESTRAM","article_publisher":"https:\/\/www.facebook.com\/MunicipalesSF","article_published_time":"2024-12-24T20:08:57+00:00","article_modified_time":"2024-12-24T20:08:59+00:00","og_image":[{"width":1200,"height":675,"url":"https:\/\/municipales.org.ar\/festram\/wp-content\/uploads\/2024\/12\/roly-santacroce-funes-79454821-1jpg.webp","type":"image\/webp"}],"author":"mun_admin","twitter_card":"summary_large_image","twitter_creator":"@MunicipalesSF","twitter_site":"@MunicipalesSF","twitter_misc":{"Escrito por":"mun_admin","Tiempo de lectura":"2 minutos"},"schema":{"@context":"https:\/\/schema.org","@graph":[{"@type":"Article","@id":"https:\/\/municipales.org.ar\/festram\/se-agrava-el-conflicto-sindical-con-la-municipalidad-de-funes\/#article","isPartOf":{"@id":"https:\/\/municipales.org.ar\/festram\/se-agrava-el-conflicto-sindical-con-la-municipalidad-de-funes\/"},"author":{"name":"mun_admin","@id":"https:\/\/municipales.org.ar\/festram\/#\/schema\/person\/49096a774c48ce9063df4d59ec059f9e"},"headline":"Se agrava el conflicto sindical con la Municipalidad de Funes","datePublished":"2024-12-24T20:08:57+00:00","dateModified":"2024-12-24T20:08:59+00:00","mainEntityOfPage":{"@id":"https:\/\/municipales.org.ar\/festram\/se-agrava-el-conflicto-sindical-con-la-municipalidad-de-funes\/"},"wordCount":499,"publisher":{"@id":"https:\/\/municipales.org.ar\/festram\/#organization"},"image":{"@id":"https:\/\/municipales.org.ar\/festram\/se-agrava-el-conflicto-sindical-con-la-municipalidad-de-funes\/#primaryimage"},"thumbnailUrl":"https:\/\/municipales.org.ar\/festram\/wp-content\/uploads\/2024\/12\/roly-santacroce-funes-79454821-1jpg.webp","keywords":["funes","medidas de fuerza","sindicatos afiliados"],"articleSection":["Comunicados 2024","Sindicatos Noticias"],"inLanguage":"es"},{"@type":"WebPage","@id":"https:\/\/municipales.org.ar\/festram\/se-agrava-el-conflicto-sindical-con-la-municipalidad-de-funes\/","url":"https:\/\/municipales.org.ar\/festram\/se-agrava-el-conflicto-sindical-con-la-municipalidad-de-funes\/","name":"Se agrava el conflicto sindical con la Municipalidad de Funes &#8211; FESTRAM","isPartOf":{"@id":"https:\/\/municipales.org.ar\/festram\/#website"},"primaryImageOfPage":{"@id":"https:\/\/municipales.org.ar\/festram\/se-agrava-el-conflicto-sindical-con-la-municipalidad-de-funes\/#primaryimage"},"image":{"@id":"https:\/\/municipales.org.ar\/festram\/se-agrava-el-conflicto-sindical-con-la-municipalidad-de-funes\/#primaryimage"},"thumbnailUrl":"https:\/\/municipales.org.ar\/festram\/wp-content\/uploads\/2024\/12\/roly-santacroce-funes-79454821-1jpg.webp","datePublished":"2024-12-24T20:08:57+00:00","dateModified":"2024-12-24T20:08:59+00:00","description":"En la ma\u00f1ana del pasado lunes 23 de diciembre una Delegaci\u00f3n de FESTRAM, encabezada por su Secretario General IGNACIO MONZON fue recibida por el Intendente Municipal de Funes, ROLVIDER SANTACROCE y funcionarios de su Gabinete, participando, tambi\u00e9n, de la reuni\u00f3n la Secretaria General de ASOEM FUNES, ROMINA MICHAUT junto al Secretario Gremial de dicha instituci\u00f3n.\u00a0","breadcrumb":{"@id":"https:\/\/municipales.org.ar\/festram\/se-agrava-el-conflicto-sindical-con-la-municipalidad-de-funes\/#breadcrumb"},"inLanguage":"es","potentialAction":[{"@type":"ReadAction","target":["https:\/\/municipales.org.ar\/festram\/se-agrava-el-conflicto-sindical-con-la-municipalidad-de-funes\/"]}]},{"@type":"ImageObject","inLanguage":"es","@id":"https:\/\/municipales.org.ar\/festram\/se-agrava-el-conflicto-sindical-con-la-municipalidad-de-funes\/#primaryimage","url":"https:\/\/municipales.org.ar\/festram\/wp-content\/uploads\/2024\/12\/roly-santacroce-funes-79454821-1jpg.webp","contentUrl":"https:\/\/municipales.org.ar\/festram\/wp-content\/uploads\/2024\/12\/roly-santacroce-funes-79454821-1jpg.webp","width":1200,"height":675},{"@type":"BreadcrumbList","@id":"https:\/\/municipales.org.ar\/festram\/se-agrava-el-conflicto-sindical-con-la-municipalidad-de-funes\/#breadcrumb","itemListElement":[{"@type":"ListItem","position":1,"name":"Portada","item":"https:\/\/municipales.org.ar\/festram\/"},{"@type":"ListItem","position":2,"name":"Se agrava el conflicto sindical con la Municipalidad de Funes"}]},{"@type":"WebSite","@id":"https:\/\/municipales.org.ar\/festram\/#website","url":"https:\/\/municipales.org.ar\/festram\/","name":"FESTRAM","description":"La web de los trabajadores municipales","publisher":{"@id":"https:\/\/municipales.org.ar\/festram\/#organization"},"potentialAction":[{"@type":"SearchAction","target":{"@type":"EntryPoint","urlTemplate":"https:\/\/municipales.org.ar\/festram\/?s={search_term_string}"},"query-input":{"@type":"PropertyValueSpecification","valueRequired":true,"valueName":"search_term_string"}}],"inLanguage":"es"},{"@type":"Organization","@id":"https:\/\/municipales.org.ar\/festram\/#organization","name":"Federaci\u00f3n de Sindicatos de Trabajadores Municipales de la Provincia de Santa Fe","url":"https:\/\/municipales.org.ar\/festram\/","logo":{"@type":"ImageObject","inLanguage":"es","@id":"https:\/\/municipales.org.ar\/festram\/#\/schema\/logo\/image\/","url":"https:\/\/www.municipales.org.ar\/festram\/wp-content\/uploads\/2014\/07\/logo_fes.jpg","contentUrl":"https:\/\/www.municipales.org.ar\/festram\/wp-content\/uploads\/2014\/07\/logo_fes.jpg","width":661,"height":673,"caption":"Federaci\u00f3n de Sindicatos de Trabajadores Municipales de la Provincia de Santa Fe"},"image":{"@id":"https:\/\/municipales.org.ar\/festram\/#\/schema\/logo\/image\/"},"sameAs":["https:\/\/www.facebook.com\/MunicipalesSF","https:\/\/x.com\/MunicipalesSF","https:\/\/www.youtube.com\/user\/festram"]},{"@type":"Person","@id":"https:\/\/municipales.org.ar\/festram\/#\/schema\/person\/49096a774c48ce9063df4d59ec059f9e","name":"mun_admin"}]}},"jetpack_publicize_connections":[],"jetpack_featured_media_url":"https:\/\/municipales.org.ar\/festram\/wp-content\/uploads\/2024\/12\/roly-santacroce-funes-79454821-1jpg.webp","jetpack_sharing_enabled":true,"jetpack_likes_enabled":false,"jetpack_shortlink":"https:\/\/wp.me\/p7l4x1-4AQ","_links":{"self":[{"href":"https:\/\/municipales.org.ar\/festram\/wp-json\/wp\/v2\/posts\/17660","targetHints":{"allow":["GET"]}}],"collection":[{"href":"https:\/\/municipales.org.ar\/festram\/wp-json\/wp\/v2\/posts"}],"about":[{"href":"https:\/\/municipales.org.ar\/festram\/wp-json\/wp\/v2\/types\/post"}],"author":[{"embeddable":true,"href":"https:\/\/municipales.org.ar\/festram\/wp-json\/wp\/v2\/users\/1"}],"replies":[{"embeddable":true,"href":"https:\/\/municipales.org.ar\/festram\/wp-json\/wp\/v2\/comments?post=17660"}],"version-history":[{"count":1,"href":"https:\/\/municipales.org.ar\/festram\/wp-json\/wp\/v2\/posts\/17660\/revisions"}],"predecessor-version":[{"id":17661,"href":"https:\/\/municipales.org.ar\/festram\/wp-json\/wp\/v2\/posts\/17660\/revisions\/17661"}],"wp:featuredmedia":[{"embeddable":true,"href":"https:\/\/municipales.org.ar\/festram\/wp-json\/wp\/v2\/media\/17662"}],"wp:attachment":[{"href":"https:\/\/municipales.org.ar\/festram\/wp-json\/wp\/v2\/media?parent=17660"}],"wp:term":[{"taxonomy":"category","embeddable":true,"href":"https:\/\/municipales.org.ar\/festram\/wp-json\/wp\/v2\/categories?post=17660"},{"taxonomy":"post_tag","embeddable":true,"href":"https:\/\/municipales.org.ar\/festram\/wp-json\/wp\/v2\/tags?post=17660"}],"curies":[{"name":"wp","href":"https:\/\/api.w.org\/{rel}","templated":true}]}}