{"id":17682,"date":"2025-01-08T20:59:48","date_gmt":"2025-01-08T23:59:48","guid":{"rendered":"https:\/\/municipales.org.ar\/festram\/?p=17682"},"modified":"2025-01-11T10:58:07","modified_gmt":"2025-01-11T13:58:07","slug":"repudio-por-despido-arbitrario-en-el-municipio-de-funes","status":"publish","type":"post","link":"https:\/\/municipales.org.ar\/festram\/repudio-por-despido-arbitrario-en-el-municipio-de-funes\/","title":{"rendered":"Repudio por despido arbitrario en el Municipio de Funes"},"content":{"rendered":"\n<p>La Red de Mujeres Municipales y Comunales y la Secretar\u00eda de Pol\u00edtica de G\u00e9nero de FESTRAM repudian las medidas arbitrarias del Gobierno Municipal de la Ciudad de Funes, pues nuevamente, avanza sobre una trabajadora que pierde su fuente de trabajo y adem\u00e1s agudiza su situaci\u00f3n de salud.<\/p>\n\n\n\n<p>En el mismo orden, es importante establecer que, en el contexto previo a la cesant\u00eda, la trabajadora se encontraba con licencia por motivos de salud. Ella hizo denuncias por malos tratos persecuci\u00f3n e intimidaciones y acudi\u00f3 a diversos estamentos, sin embargo, se comunic\u00f3 la cesant\u00eda de la misma en flagrante violaci\u00f3n a la Ley N\u00b0 9.286 y Constituci\u00f3n Nacional, agudizando la conflictividad y transmitiendo la poca y nula intenci\u00f3n de resolver los problemas planteados.&nbsp;<\/p>\n\n\n\n<p>Asimismo, desde la Secretar\u00eda de Pol\u00edtica de G\u00e9nero de FESTRAM bregamos permanentemente por ambientes laborales libres de acosos y de violencias, por ello es indispensable evidenciar que la compa\u00f1era trabajadora integrante de la Comisi\u00f3n Directiva (Ley 23551), previo a la cesant\u00eda, estaba siendo hostigada y desacreditada en su honor y desempe\u00f1o laboral sin ning\u00fan tipo de protecci\u00f3n a su salud f\u00edsica, ps\u00edquica y social.&nbsp;<\/p>\n\n\n\n<p>Del mismo modo, exhortamos al Municipio de la Ciudad de Funes al cumplimiento del Convenio 190\/2019 en el \u00e1mbito de su jurisdicci\u00f3n, dado que sin duda las Violencias y Acosos en todas sus formas constituyen un problema de salud y seguridad en el Trabajo, y como tal se deben arbitrar todos los medios para la prevenci\u00f3n y erradicaci\u00f3n del mismo en los espacios laborales, es preciso integrarlo y reconocerlo como un factor de riesgo psicosocial.\u00a0<\/p>\n\n\n\n<p>Por lo cual ratificamos nuestro acompa\u00f1amiento a la trabajadora afectada y a los trabajadores, que d\u00eda a d\u00eda, deben laborar en dichas condiciones.&nbsp;<\/p>\n\n\n\n<p>Nos solidarizamos con la compa\u00f1era y acompa\u00f1amos al Sindicato ASOEM en su reclamo, que deber\u00eda ser la actitud de todx la ciudadan\u00eda de Funes, en el entendimiento que el trabajo digno y decente (ODS 8 Agenda 20\/30) es la base de nuestra integridad, que brinda estabilidad a toda persona y en este contexto de crueldad organizada y violencia social no podemos quedar indiferentes a los embates de nuestros derechos laborales.<\/p>\n","protected":false},"excerpt":{"rendered":"<p>La Red de Mujeres Municipales y Comunales y la Secretar\u00eda de Pol\u00edtica de G\u00e9nero de FESTRAM repudian las medidas arbitrarias del Gobierno Municipal de la Ciudad de Funes, pues nuevamente, avanza sobre una trabajadora que pierde su fuente de trabajo y adem\u00e1s agudiza su situaci\u00f3n de salud.<\/p>\n","protected":false},"author":1,"featured_media":17637,"comment_status":"closed","ping_status":"closed","sticky":false,"template":"","format":"standard","meta":{"_jetpack_memberships_contains_paid_content":false,"footnotes":"","jetpack_publicize_message":"","jetpack_publicize_feature_enabled":true,"jetpack_social_post_already_shared":true,"jetpack_social_options":{"image_generator_settings":{"template":"highway","default_image_id":0,"font":"","enabled":false},"version":2}},"categories":[257,57],"tags":[137,67],"class_list":["post-17682","post","type-post","status-publish","format-standard","has-post-thumbnail","hentry","category-comunicados-2025","category-sindicatos-noticias","tag-funes","tag-sindicatos-afiliados"],"yoast_head":"<!-- This site is optimized with the Yoast SEO plugin v25.9 - https:\/\/yoast.com\/wordpress\/plugins\/seo\/ -->\n<title>Repudio por despido arbitrario en el Municipio de Funes &#8211; FESTRAM<\/title>\n<meta name=\"description\" content=\"La Red de Mujeres Municipales y Comunales y la Secretar\u00eda de Pol\u00edtica de G\u00e9nero de FESTRAM repudian las medidas arbitrarias del Gobierno Municipal de la Ciudad de Funes, pues nuevamente, avanza sobre una trabajadora que pierde su fuente de trabajo y adem\u00e1s agudiza su situaci\u00f3n de salud.\" \/>\n<meta name=\"robots\" content=\"index, follow, max-snippet:-1, max-image-preview:large, max-video-preview:-1\" \/>\n<link rel=\"canonical\" href=\"https:\/\/municipales.org.ar\/festram\/repudio-por-despido-arbitrario-en-el-municipio-de-funes\/\" \/>\n<meta property=\"og:locale\" content=\"es_ES\" \/>\n<meta property=\"og:type\" content=\"article\" \/>\n<meta property=\"og:title\" content=\"Repudio por despido arbitrario en el Municipio de Funes &#8211; FESTRAM\" \/>\n<meta property=\"og:description\" content=\"La Red de Mujeres Municipales y Comunales y la Secretar\u00eda de Pol\u00edtica de G\u00e9nero de FESTRAM repudian las medidas arbitrarias del Gobierno Municipal de la Ciudad de Funes, pues nuevamente, avanza sobre una trabajadora que pierde su fuente de trabajo y adem\u00e1s agudiza su situaci\u00f3n de salud.\" \/>\n<meta property=\"og:url\" content=\"https:\/\/municipales.org.ar\/festram\/repudio-por-despido-arbitrario-en-el-municipio-de-funes\/\" \/>\n<meta property=\"og:site_name\" content=\"FESTRAM\" \/>\n<meta property=\"article:publisher\" content=\"https:\/\/www.facebook.com\/MunicipalesSF\" \/>\n<meta property=\"article:published_time\" content=\"2025-01-08T23:59:48+00:00\" \/>\n<meta property=\"article:modified_time\" content=\"2025-01-11T13:58:07+00:00\" \/>\n<meta property=\"og:image\" content=\"https:\/\/municipales.org.ar\/festram\/wp-content\/uploads\/2024\/11\/muni-dia-de-lluvia.jpeg\" \/>\n\t<meta property=\"og:image:width\" content=\"1600\" \/>\n\t<meta property=\"og:image:height\" content=\"1200\" \/>\n\t<meta property=\"og:image:type\" content=\"image\/jpeg\" \/>\n<meta name=\"author\" content=\"mun_admin\" \/>\n<meta name=\"twitter:card\" content=\"summary_large_image\" \/>\n<meta name=\"twitter:creator\" content=\"@MunicipalesSF\" \/>\n<meta name=\"twitter:site\" content=\"@MunicipalesSF\" \/>\n<meta name=\"twitter:label1\" content=\"Escrito por\" \/>\n\t<meta name=\"twitter:data1\" content=\"mun_admin\" \/>\n\t<meta name=\"twitter:label2\" content=\"Tiempo de lectura\" \/>\n\t<meta name=\"twitter:data2\" content=\"2 minutos\" \/>\n<script type=\"application\/ld+json\" class=\"yoast-schema-graph\">{\"@context\":\"https:\/\/schema.org\",\"@graph\":[{\"@type\":\"Article\",\"@id\":\"https:\/\/municipales.org.ar\/festram\/repudio-por-despido-arbitrario-en-el-municipio-de-funes\/#article\",\"isPartOf\":{\"@id\":\"https:\/\/municipales.org.ar\/festram\/repudio-por-despido-arbitrario-en-el-municipio-de-funes\/\"},\"author\":{\"name\":\"mun_admin\",\"@id\":\"https:\/\/municipales.org.ar\/festram\/#\/schema\/person\/49096a774c48ce9063df4d59ec059f9e\"},\"headline\":\"Repudio por despido arbitrario en el Municipio de Funes\",\"datePublished\":\"2025-01-08T23:59:48+00:00\",\"dateModified\":\"2025-01-11T13:58:07+00:00\",\"mainEntityOfPage\":{\"@id\":\"https:\/\/municipales.org.ar\/festram\/repudio-por-despido-arbitrario-en-el-municipio-de-funes\/\"},\"wordCount\":392,\"publisher\":{\"@id\":\"https:\/\/municipales.org.ar\/festram\/#organization\"},\"image\":{\"@id\":\"https:\/\/municipales.org.ar\/festram\/repudio-por-despido-arbitrario-en-el-municipio-de-funes\/#primaryimage\"},\"thumbnailUrl\":\"https:\/\/municipales.org.ar\/festram\/wp-content\/uploads\/2024\/11\/muni-dia-de-lluvia.jpeg\",\"keywords\":[\"funes\",\"sindicatos afiliados\"],\"articleSection\":[\"Comunicados 2025\",\"Sindicatos Noticias\"],\"inLanguage\":\"es\"},{\"@type\":\"WebPage\",\"@id\":\"https:\/\/municipales.org.ar\/festram\/repudio-por-despido-arbitrario-en-el-municipio-de-funes\/\",\"url\":\"https:\/\/municipales.org.ar\/festram\/repudio-por-despido-arbitrario-en-el-municipio-de-funes\/\",\"name\":\"Repudio por despido arbitrario en el Municipio de Funes &#8211; FESTRAM\",\"isPartOf\":{\"@id\":\"https:\/\/municipales.org.ar\/festram\/#website\"},\"primaryImageOfPage\":{\"@id\":\"https:\/\/municipales.org.ar\/festram\/repudio-por-despido-arbitrario-en-el-municipio-de-funes\/#primaryimage\"},\"image\":{\"@id\":\"https:\/\/municipales.org.ar\/festram\/repudio-por-despido-arbitrario-en-el-municipio-de-funes\/#primaryimage\"},\"thumbnailUrl\":\"https:\/\/municipales.org.ar\/festram\/wp-content\/uploads\/2024\/11\/muni-dia-de-lluvia.jpeg\",\"datePublished\":\"2025-01-08T23:59:48+00:00\",\"dateModified\":\"2025-01-11T13:58:07+00:00\",\"description\":\"La Red de Mujeres Municipales y Comunales y la Secretar\u00eda de Pol\u00edtica de G\u00e9nero de FESTRAM repudian las medidas arbitrarias del Gobierno Municipal de la Ciudad de Funes, pues nuevamente, avanza sobre una trabajadora que pierde su fuente de trabajo y adem\u00e1s agudiza su situaci\u00f3n de salud.\",\"breadcrumb\":{\"@id\":\"https:\/\/municipales.org.ar\/festram\/repudio-por-despido-arbitrario-en-el-municipio-de-funes\/#breadcrumb\"},\"inLanguage\":\"es\",\"potentialAction\":[{\"@type\":\"ReadAction\",\"target\":[\"https:\/\/municipales.org.ar\/festram\/repudio-por-despido-arbitrario-en-el-municipio-de-funes\/\"]}]},{\"@type\":\"ImageObject\",\"inLanguage\":\"es\",\"@id\":\"https:\/\/municipales.org.ar\/festram\/repudio-por-despido-arbitrario-en-el-municipio-de-funes\/#primaryimage\",\"url\":\"https:\/\/municipales.org.ar\/festram\/wp-content\/uploads\/2024\/11\/muni-dia-de-lluvia.jpeg\",\"contentUrl\":\"https:\/\/municipales.org.ar\/festram\/wp-content\/uploads\/2024\/11\/muni-dia-de-lluvia.jpeg\",\"width\":1600,\"height\":1200},{\"@type\":\"BreadcrumbList\",\"@id\":\"https:\/\/municipales.org.ar\/festram\/repudio-por-despido-arbitrario-en-el-municipio-de-funes\/#breadcrumb\",\"itemListElement\":[{\"@type\":\"ListItem\",\"position\":1,\"name\":\"Portada\",\"item\":\"https:\/\/municipales.org.ar\/festram\/\"},{\"@type\":\"ListItem\",\"position\":2,\"name\":\"Repudio por despido arbitrario en el Municipio de Funes\"}]},{\"@type\":\"WebSite\",\"@id\":\"https:\/\/municipales.org.ar\/festram\/#website\",\"url\":\"https:\/\/municipales.org.ar\/festram\/\",\"name\":\"FESTRAM\",\"description\":\"La web de los trabajadores municipales\",\"publisher\":{\"@id\":\"https:\/\/municipales.org.ar\/festram\/#organization\"},\"potentialAction\":[{\"@type\":\"SearchAction\",\"target\":{\"@type\":\"EntryPoint\",\"urlTemplate\":\"https:\/\/municipales.org.ar\/festram\/?s={search_term_string}\"},\"query-input\":{\"@type\":\"PropertyValueSpecification\",\"valueRequired\":true,\"valueName\":\"search_term_string\"}}],\"inLanguage\":\"es\"},{\"@type\":\"Organization\",\"@id\":\"https:\/\/municipales.org.ar\/festram\/#organization\",\"name\":\"Federaci\u00f3n de Sindicatos de Trabajadores Municipales de la Provincia de Santa Fe\",\"url\":\"https:\/\/municipales.org.ar\/festram\/\",\"logo\":{\"@type\":\"ImageObject\",\"inLanguage\":\"es\",\"@id\":\"https:\/\/municipales.org.ar\/festram\/#\/schema\/logo\/image\/\",\"url\":\"https:\/\/www.municipales.org.ar\/festram\/wp-content\/uploads\/2014\/07\/logo_fes.jpg\",\"contentUrl\":\"https:\/\/www.municipales.org.ar\/festram\/wp-content\/uploads\/2014\/07\/logo_fes.jpg\",\"width\":661,\"height\":673,\"caption\":\"Federaci\u00f3n de Sindicatos de Trabajadores Municipales de la Provincia de Santa Fe\"},\"image\":{\"@id\":\"https:\/\/municipales.org.ar\/festram\/#\/schema\/logo\/image\/\"},\"sameAs\":[\"https:\/\/www.facebook.com\/MunicipalesSF\",\"https:\/\/x.com\/MunicipalesSF\",\"https:\/\/www.youtube.com\/user\/festram\"]},{\"@type\":\"Person\",\"@id\":\"https:\/\/municipales.org.ar\/festram\/#\/schema\/person\/49096a774c48ce9063df4d59ec059f9e\",\"name\":\"mun_admin\"}]}<\/script>\n<!-- \/ Yoast SEO plugin. -->","yoast_head_json":{"title":"Repudio por despido arbitrario en el Municipio de Funes &#8211; FESTRAM","description":"La Red de Mujeres Municipales y Comunales y la Secretar\u00eda de Pol\u00edtica de G\u00e9nero de FESTRAM repudian las medidas arbitrarias del Gobierno Municipal de la Ciudad de Funes, pues nuevamente, avanza sobre una trabajadora que pierde su fuente de trabajo y adem\u00e1s agudiza su situaci\u00f3n de salud.","robots":{"index":"index","follow":"follow","max-snippet":"max-snippet:-1","max-image-preview":"max-image-preview:large","max-video-preview":"max-video-preview:-1"},"canonical":"https:\/\/municipales.org.ar\/festram\/repudio-por-despido-arbitrario-en-el-municipio-de-funes\/","og_locale":"es_ES","og_type":"article","og_title":"Repudio por despido arbitrario en el Municipio de Funes &#8211; FESTRAM","og_description":"La Red de Mujeres Municipales y Comunales y la Secretar\u00eda de Pol\u00edtica de G\u00e9nero de FESTRAM repudian las medidas arbitrarias del Gobierno Municipal de la Ciudad de Funes, pues nuevamente, avanza sobre una trabajadora que pierde su fuente de trabajo y adem\u00e1s agudiza su situaci\u00f3n de salud.","og_url":"https:\/\/municipales.org.ar\/festram\/repudio-por-despido-arbitrario-en-el-municipio-de-funes\/","og_site_name":"FESTRAM","article_publisher":"https:\/\/www.facebook.com\/MunicipalesSF","article_published_time":"2025-01-08T23:59:48+00:00","article_modified_time":"2025-01-11T13:58:07+00:00","og_image":[{"width":1600,"height":1200,"url":"https:\/\/municipales.org.ar\/festram\/wp-content\/uploads\/2024\/11\/muni-dia-de-lluvia.jpeg","type":"image\/jpeg"}],"author":"mun_admin","twitter_card":"summary_large_image","twitter_creator":"@MunicipalesSF","twitter_site":"@MunicipalesSF","twitter_misc":{"Escrito por":"mun_admin","Tiempo de lectura":"2 minutos"},"schema":{"@context":"https:\/\/schema.org","@graph":[{"@type":"Article","@id":"https:\/\/municipales.org.ar\/festram\/repudio-por-despido-arbitrario-en-el-municipio-de-funes\/#article","isPartOf":{"@id":"https:\/\/municipales.org.ar\/festram\/repudio-por-despido-arbitrario-en-el-municipio-de-funes\/"},"author":{"name":"mun_admin","@id":"https:\/\/municipales.org.ar\/festram\/#\/schema\/person\/49096a774c48ce9063df4d59ec059f9e"},"headline":"Repudio por despido arbitrario en el Municipio de Funes","datePublished":"2025-01-08T23:59:48+00:00","dateModified":"2025-01-11T13:58:07+00:00","mainEntityOfPage":{"@id":"https:\/\/municipales.org.ar\/festram\/repudio-por-despido-arbitrario-en-el-municipio-de-funes\/"},"wordCount":392,"publisher":{"@id":"https:\/\/municipales.org.ar\/festram\/#organization"},"image":{"@id":"https:\/\/municipales.org.ar\/festram\/repudio-por-despido-arbitrario-en-el-municipio-de-funes\/#primaryimage"},"thumbnailUrl":"https:\/\/municipales.org.ar\/festram\/wp-content\/uploads\/2024\/11\/muni-dia-de-lluvia.jpeg","keywords":["funes","sindicatos afiliados"],"articleSection":["Comunicados 2025","Sindicatos Noticias"],"inLanguage":"es"},{"@type":"WebPage","@id":"https:\/\/municipales.org.ar\/festram\/repudio-por-despido-arbitrario-en-el-municipio-de-funes\/","url":"https:\/\/municipales.org.ar\/festram\/repudio-por-despido-arbitrario-en-el-municipio-de-funes\/","name":"Repudio por despido arbitrario en el Municipio de Funes &#8211; FESTRAM","isPartOf":{"@id":"https:\/\/municipales.org.ar\/festram\/#website"},"primaryImageOfPage":{"@id":"https:\/\/municipales.org.ar\/festram\/repudio-por-despido-arbitrario-en-el-municipio-de-funes\/#primaryimage"},"image":{"@id":"https:\/\/municipales.org.ar\/festram\/repudio-por-despido-arbitrario-en-el-municipio-de-funes\/#primaryimage"},"thumbnailUrl":"https:\/\/municipales.org.ar\/festram\/wp-content\/uploads\/2024\/11\/muni-dia-de-lluvia.jpeg","datePublished":"2025-01-08T23:59:48+00:00","dateModified":"2025-01-11T13:58:07+00:00","description":"La Red de Mujeres Municipales y Comunales y la Secretar\u00eda de Pol\u00edtica de G\u00e9nero de FESTRAM repudian las medidas arbitrarias del Gobierno Municipal de la Ciudad de Funes, pues nuevamente, avanza sobre una trabajadora que pierde su fuente de trabajo y adem\u00e1s agudiza su situaci\u00f3n de salud.","breadcrumb":{"@id":"https:\/\/municipales.org.ar\/festram\/repudio-por-despido-arbitrario-en-el-municipio-de-funes\/#breadcrumb"},"inLanguage":"es","potentialAction":[{"@type":"ReadAction","target":["https:\/\/municipales.org.ar\/festram\/repudio-por-despido-arbitrario-en-el-municipio-de-funes\/"]}]},{"@type":"ImageObject","inLanguage":"es","@id":"https:\/\/municipales.org.ar\/festram\/repudio-por-despido-arbitrario-en-el-municipio-de-funes\/#primaryimage","url":"https:\/\/municipales.org.ar\/festram\/wp-content\/uploads\/2024\/11\/muni-dia-de-lluvia.jpeg","contentUrl":"https:\/\/municipales.org.ar\/festram\/wp-content\/uploads\/2024\/11\/muni-dia-de-lluvia.jpeg","width":1600,"height":1200},{"@type":"BreadcrumbList","@id":"https:\/\/municipales.org.ar\/festram\/repudio-por-despido-arbitrario-en-el-municipio-de-funes\/#breadcrumb","itemListElement":[{"@type":"ListItem","position":1,"name":"Portada","item":"https:\/\/municipales.org.ar\/festram\/"},{"@type":"ListItem","position":2,"name":"Repudio por despido arbitrario en el Municipio de Funes"}]},{"@type":"WebSite","@id":"https:\/\/municipales.org.ar\/festram\/#website","url":"https:\/\/municipales.org.ar\/festram\/","name":"FESTRAM","description":"La web de los trabajadores municipales","publisher":{"@id":"https:\/\/municipales.org.ar\/festram\/#organization"},"potentialAction":[{"@type":"SearchAction","target":{"@type":"EntryPoint","urlTemplate":"https:\/\/municipales.org.ar\/festram\/?s={search_term_string}"},"query-input":{"@type":"PropertyValueSpecification","valueRequired":true,"valueName":"search_term_string"}}],"inLanguage":"es"},{"@type":"Organization","@id":"https:\/\/municipales.org.ar\/festram\/#organization","name":"Federaci\u00f3n de Sindicatos de Trabajadores Municipales de la Provincia de Santa Fe","url":"https:\/\/municipales.org.ar\/festram\/","logo":{"@type":"ImageObject","inLanguage":"es","@id":"https:\/\/municipales.org.ar\/festram\/#\/schema\/logo\/image\/","url":"https:\/\/www.municipales.org.ar\/festram\/wp-content\/uploads\/2014\/07\/logo_fes.jpg","contentUrl":"https:\/\/www.municipales.org.ar\/festram\/wp-content\/uploads\/2014\/07\/logo_fes.jpg","width":661,"height":673,"caption":"Federaci\u00f3n de Sindicatos de Trabajadores Municipales de la Provincia de Santa Fe"},"image":{"@id":"https:\/\/municipales.org.ar\/festram\/#\/schema\/logo\/image\/"},"sameAs":["https:\/\/www.facebook.com\/MunicipalesSF","https:\/\/x.com\/MunicipalesSF","https:\/\/www.youtube.com\/user\/festram"]},{"@type":"Person","@id":"https:\/\/municipales.org.ar\/festram\/#\/schema\/person\/49096a774c48ce9063df4d59ec059f9e","name":"mun_admin"}]}},"jetpack_publicize_connections":[],"jetpack_featured_media_url":"https:\/\/municipales.org.ar\/festram\/wp-content\/uploads\/2024\/11\/muni-dia-de-lluvia.jpeg","jetpack_sharing_enabled":true,"jetpack_likes_enabled":false,"jetpack_shortlink":"https:\/\/wp.me\/p7l4x1-4Bc","_links":{"self":[{"href":"https:\/\/municipales.org.ar\/festram\/wp-json\/wp\/v2\/posts\/17682","targetHints":{"allow":["GET"]}}],"collection":[{"href":"https:\/\/municipales.org.ar\/festram\/wp-json\/wp\/v2\/posts"}],"about":[{"href":"https:\/\/municipales.org.ar\/festram\/wp-json\/wp\/v2\/types\/post"}],"author":[{"embeddable":true,"href":"https:\/\/municipales.org.ar\/festram\/wp-json\/wp\/v2\/users\/1"}],"replies":[{"embeddable":true,"href":"https:\/\/municipales.org.ar\/festram\/wp-json\/wp\/v2\/comments?post=17682"}],"version-history":[{"count":1,"href":"https:\/\/municipales.org.ar\/festram\/wp-json\/wp\/v2\/posts\/17682\/revisions"}],"predecessor-version":[{"id":17683,"href":"https:\/\/municipales.org.ar\/festram\/wp-json\/wp\/v2\/posts\/17682\/revisions\/17683"}],"wp:featuredmedia":[{"embeddable":true,"href":"https:\/\/municipales.org.ar\/festram\/wp-json\/wp\/v2\/media\/17637"}],"wp:attachment":[{"href":"https:\/\/municipales.org.ar\/festram\/wp-json\/wp\/v2\/media?parent=17682"}],"wp:term":[{"taxonomy":"category","embeddable":true,"href":"https:\/\/municipales.org.ar\/festram\/wp-json\/wp\/v2\/categories?post=17682"},{"taxonomy":"post_tag","embeddable":true,"href":"https:\/\/municipales.org.ar\/festram\/wp-json\/wp\/v2\/tags?post=17682"}],"curies":[{"name":"wp","href":"https:\/\/api.w.org\/{rel}","templated":true}]}}