{"id":17685,"date":"2025-01-11T10:54:49","date_gmt":"2025-01-11T13:54:49","guid":{"rendered":"https:\/\/municipales.org.ar\/festram\/?p=17685"},"modified":"2025-01-11T10:57:18","modified_gmt":"2025-01-11T13:57:18","slug":"jornada-de-protesta-en-funes","status":"publish","type":"post","link":"https:\/\/municipales.org.ar\/festram\/jornada-de-protesta-en-funes\/","title":{"rendered":"Jornada de Protesta en Funes"},"content":{"rendered":"\n<h2 class=\"wp-block-heading\">SE SUSCRIBI\u00d3 UN ACTA ACUERDO CON EL INTENDENTE SANTACROCE<\/h2>\n\n\n\n<p><br>Como fuera anunciado, en el d\u00eda de ayer jueves 9 de enero se llev\u00f3 adelante una jornada de paro y protesta en la Municipalidad de Funes. Acompa\u00f1aron al Sindicato Local ASOEM FUNES los compa\u00f1eros de FESTRAM, de los sindicatos que componen la Regional Centro Sur, Rosario, Capit\u00e1n Berm\u00fadez, San Lorenzo, Granadero Baigorria, Villa Gobernador G\u00e1lvez, de los Sindicatos de Casilda, Rold\u00e1n y representantes de otras Regionales y Sindicatos que componen la Federaci\u00f3n.<\/p>\n\n\n\n<p><br><\/p>\n\n\n<p><iframe loading=\"lazy\" src=\"https:\/\/www.facebook.com\/plugins\/post.php?href=https%3A%2F%2Fwww.facebook.com%2Fasoemfunes%2Fposts%2Fpfbid02owZ5AurJ1sFANqtweyMLxjHLDGjCMsEFVC5bye8N6UMtr4Pbm3pvLJZQr273L3SBl&#038;show_text=true&#038;width=500\" width=\"500\" height=\"498\" style=\"border:none;overflow:hidden\" scrolling=\"no\" frameborder=\"0\" allowfullscreen=\"true\" allow=\"autoplay; clipboard-write; encrypted-media; picture-in-picture; web-share\"><\/iframe><\/p>\n\n\n\n<p><br><br>En el contexto de la medida, el Intendente de la ciudad ROLVIDER SANTACROCE recibi\u00f3 a los representantes de los trabajadores, que vienen demandando la regularizaci\u00f3n de condiciones laborales y salariales y que ante la falta de soluciones, dieron origen a la adopci\u00f3n de medidas de fuerza y la declaraci\u00f3n de estado de ALERTA Y MOVILIZACI\u00d3N por parte de la Federaci\u00f3n.<\/p>\n\n\n\n<p>Se avanz\u00f3 con la suscripci\u00f3n de un acta acuerdo por las partes, en la que se destaca el compromiso del Intendente Santacroce de no adoptar medidas de descuento contra los trabajadores que llevaron adelante la protesta, y la voluntad de seguir trabajando para continuar con la regularizaci\u00f3n y mejoras para los trabajadores y trabajadoras del Municipio.<\/p>\n\n\n\n<h6 class=\"wp-block-heading\">Prensa FESTRAM<\/h6>\n\n\n\n<p><\/p>\n\n\n\n<p><\/p>\n\n\n\n\n\n<p><\/p>\n","protected":false},"excerpt":{"rendered":"<p>SE SUSCRIBI\u00d3 UN ACTA ACUERDO CON EL INTENDENTE SANTACROCE<\/p>\n","protected":false},"author":1,"featured_media":17686,"comment_status":"closed","ping_status":"closed","sticky":false,"template":"","format":"standard","meta":{"_jetpack_memberships_contains_paid_content":false,"footnotes":"","jetpack_publicize_message":"","jetpack_publicize_feature_enabled":true,"jetpack_social_post_already_shared":true,"jetpack_social_options":{"image_generator_settings":{"template":"highway","default_image_id":0,"font":"","enabled":false},"version":2}},"categories":[257,57],"tags":[137,71,67],"class_list":["post-17685","post","type-post","status-publish","format-standard","has-post-thumbnail","hentry","category-comunicados-2025","category-sindicatos-noticias","tag-funes","tag-medidas-de-fuerza","tag-sindicatos-afiliados"],"yoast_head":"<!-- This site is optimized with the Yoast SEO plugin v25.9 - https:\/\/yoast.com\/wordpress\/plugins\/seo\/ -->\n<title>Jornada de Protesta en Funes &#8211; FESTRAM<\/title>\n<meta name=\"description\" content=\"SE SUSCRIBI\u00d3 UN ACTA ACUERDO CON EL INTENDENTE SANTACROCE\" \/>\n<meta name=\"robots\" content=\"index, follow, max-snippet:-1, max-image-preview:large, max-video-preview:-1\" \/>\n<link rel=\"canonical\" href=\"https:\/\/municipales.org.ar\/festram\/jornada-de-protesta-en-funes\/\" \/>\n<meta property=\"og:locale\" content=\"es_ES\" \/>\n<meta property=\"og:type\" content=\"article\" \/>\n<meta property=\"og:title\" content=\"Jornada de Protesta en Funes &#8211; FESTRAM\" \/>\n<meta property=\"og:description\" content=\"SE SUSCRIBI\u00d3 UN ACTA ACUERDO CON EL INTENDENTE SANTACROCE\" \/>\n<meta property=\"og:url\" content=\"https:\/\/municipales.org.ar\/festram\/jornada-de-protesta-en-funes\/\" \/>\n<meta property=\"og:site_name\" content=\"FESTRAM\" \/>\n<meta property=\"article:publisher\" content=\"https:\/\/www.facebook.com\/MunicipalesSF\" \/>\n<meta property=\"article:published_time\" content=\"2025-01-11T13:54:49+00:00\" \/>\n<meta property=\"article:modified_time\" content=\"2025-01-11T13:57:18+00:00\" \/>\n<meta property=\"og:image\" content=\"https:\/\/municipales.org.ar\/festram\/wp-content\/uploads\/2025\/01\/asoem.jpg\" \/>\n\t<meta property=\"og:image:width\" content=\"960\" \/>\n\t<meta property=\"og:image:height\" content=\"641\" \/>\n\t<meta property=\"og:image:type\" content=\"image\/jpeg\" \/>\n<meta name=\"author\" content=\"mun_admin\" \/>\n<meta name=\"twitter:card\" content=\"summary_large_image\" \/>\n<meta name=\"twitter:creator\" content=\"@MunicipalesSF\" \/>\n<meta name=\"twitter:site\" content=\"@MunicipalesSF\" \/>\n<meta name=\"twitter:label1\" content=\"Escrito por\" \/>\n\t<meta name=\"twitter:data1\" content=\"mun_admin\" \/>\n\t<meta name=\"twitter:label2\" content=\"Tiempo de lectura\" \/>\n\t<meta name=\"twitter:data2\" content=\"2 minutos\" \/>\n<script type=\"application\/ld+json\" class=\"yoast-schema-graph\">{\"@context\":\"https:\/\/schema.org\",\"@graph\":[{\"@type\":\"Article\",\"@id\":\"https:\/\/municipales.org.ar\/festram\/jornada-de-protesta-en-funes\/#article\",\"isPartOf\":{\"@id\":\"https:\/\/municipales.org.ar\/festram\/jornada-de-protesta-en-funes\/\"},\"author\":{\"name\":\"mun_admin\",\"@id\":\"https:\/\/municipales.org.ar\/festram\/#\/schema\/person\/49096a774c48ce9063df4d59ec059f9e\"},\"headline\":\"Jornada de Protesta en Funes\",\"datePublished\":\"2025-01-11T13:54:49+00:00\",\"dateModified\":\"2025-01-11T13:57:18+00:00\",\"mainEntityOfPage\":{\"@id\":\"https:\/\/municipales.org.ar\/festram\/jornada-de-protesta-en-funes\/\"},\"wordCount\":218,\"publisher\":{\"@id\":\"https:\/\/municipales.org.ar\/festram\/#organization\"},\"image\":{\"@id\":\"https:\/\/municipales.org.ar\/festram\/jornada-de-protesta-en-funes\/#primaryimage\"},\"thumbnailUrl\":\"https:\/\/municipales.org.ar\/festram\/wp-content\/uploads\/2025\/01\/asoem.jpg\",\"keywords\":[\"funes\",\"medidas de fuerza\",\"sindicatos afiliados\"],\"articleSection\":[\"Comunicados 2025\",\"Sindicatos Noticias\"],\"inLanguage\":\"es\"},{\"@type\":\"WebPage\",\"@id\":\"https:\/\/municipales.org.ar\/festram\/jornada-de-protesta-en-funes\/\",\"url\":\"https:\/\/municipales.org.ar\/festram\/jornada-de-protesta-en-funes\/\",\"name\":\"Jornada de Protesta en Funes &#8211; FESTRAM\",\"isPartOf\":{\"@id\":\"https:\/\/municipales.org.ar\/festram\/#website\"},\"primaryImageOfPage\":{\"@id\":\"https:\/\/municipales.org.ar\/festram\/jornada-de-protesta-en-funes\/#primaryimage\"},\"image\":{\"@id\":\"https:\/\/municipales.org.ar\/festram\/jornada-de-protesta-en-funes\/#primaryimage\"},\"thumbnailUrl\":\"https:\/\/municipales.org.ar\/festram\/wp-content\/uploads\/2025\/01\/asoem.jpg\",\"datePublished\":\"2025-01-11T13:54:49+00:00\",\"dateModified\":\"2025-01-11T13:57:18+00:00\",\"description\":\"SE SUSCRIBI\u00d3 UN ACTA ACUERDO CON EL INTENDENTE SANTACROCE\",\"breadcrumb\":{\"@id\":\"https:\/\/municipales.org.ar\/festram\/jornada-de-protesta-en-funes\/#breadcrumb\"},\"inLanguage\":\"es\",\"potentialAction\":[{\"@type\":\"ReadAction\",\"target\":[\"https:\/\/municipales.org.ar\/festram\/jornada-de-protesta-en-funes\/\"]}]},{\"@type\":\"ImageObject\",\"inLanguage\":\"es\",\"@id\":\"https:\/\/municipales.org.ar\/festram\/jornada-de-protesta-en-funes\/#primaryimage\",\"url\":\"https:\/\/municipales.org.ar\/festram\/wp-content\/uploads\/2025\/01\/asoem.jpg\",\"contentUrl\":\"https:\/\/municipales.org.ar\/festram\/wp-content\/uploads\/2025\/01\/asoem.jpg\",\"width\":960,\"height\":641},{\"@type\":\"BreadcrumbList\",\"@id\":\"https:\/\/municipales.org.ar\/festram\/jornada-de-protesta-en-funes\/#breadcrumb\",\"itemListElement\":[{\"@type\":\"ListItem\",\"position\":1,\"name\":\"Portada\",\"item\":\"https:\/\/municipales.org.ar\/festram\/\"},{\"@type\":\"ListItem\",\"position\":2,\"name\":\"Jornada de Protesta en Funes\"}]},{\"@type\":\"WebSite\",\"@id\":\"https:\/\/municipales.org.ar\/festram\/#website\",\"url\":\"https:\/\/municipales.org.ar\/festram\/\",\"name\":\"FESTRAM\",\"description\":\"La web de los trabajadores municipales\",\"publisher\":{\"@id\":\"https:\/\/municipales.org.ar\/festram\/#organization\"},\"potentialAction\":[{\"@type\":\"SearchAction\",\"target\":{\"@type\":\"EntryPoint\",\"urlTemplate\":\"https:\/\/municipales.org.ar\/festram\/?s={search_term_string}\"},\"query-input\":{\"@type\":\"PropertyValueSpecification\",\"valueRequired\":true,\"valueName\":\"search_term_string\"}}],\"inLanguage\":\"es\"},{\"@type\":\"Organization\",\"@id\":\"https:\/\/municipales.org.ar\/festram\/#organization\",\"name\":\"Federaci\u00f3n de Sindicatos de Trabajadores Municipales de la Provincia de Santa Fe\",\"url\":\"https:\/\/municipales.org.ar\/festram\/\",\"logo\":{\"@type\":\"ImageObject\",\"inLanguage\":\"es\",\"@id\":\"https:\/\/municipales.org.ar\/festram\/#\/schema\/logo\/image\/\",\"url\":\"https:\/\/www.municipales.org.ar\/festram\/wp-content\/uploads\/2014\/07\/logo_fes.jpg\",\"contentUrl\":\"https:\/\/www.municipales.org.ar\/festram\/wp-content\/uploads\/2014\/07\/logo_fes.jpg\",\"width\":661,\"height\":673,\"caption\":\"Federaci\u00f3n de Sindicatos de Trabajadores Municipales de la Provincia de Santa Fe\"},\"image\":{\"@id\":\"https:\/\/municipales.org.ar\/festram\/#\/schema\/logo\/image\/\"},\"sameAs\":[\"https:\/\/www.facebook.com\/MunicipalesSF\",\"https:\/\/x.com\/MunicipalesSF\",\"https:\/\/www.youtube.com\/user\/festram\"]},{\"@type\":\"Person\",\"@id\":\"https:\/\/municipales.org.ar\/festram\/#\/schema\/person\/49096a774c48ce9063df4d59ec059f9e\",\"name\":\"mun_admin\"}]}<\/script>\n<!-- \/ Yoast SEO plugin. -->","yoast_head_json":{"title":"Jornada de Protesta en Funes &#8211; FESTRAM","description":"SE SUSCRIBI\u00d3 UN ACTA ACUERDO CON EL INTENDENTE SANTACROCE","robots":{"index":"index","follow":"follow","max-snippet":"max-snippet:-1","max-image-preview":"max-image-preview:large","max-video-preview":"max-video-preview:-1"},"canonical":"https:\/\/municipales.org.ar\/festram\/jornada-de-protesta-en-funes\/","og_locale":"es_ES","og_type":"article","og_title":"Jornada de Protesta en Funes &#8211; FESTRAM","og_description":"SE SUSCRIBI\u00d3 UN ACTA ACUERDO CON EL INTENDENTE SANTACROCE","og_url":"https:\/\/municipales.org.ar\/festram\/jornada-de-protesta-en-funes\/","og_site_name":"FESTRAM","article_publisher":"https:\/\/www.facebook.com\/MunicipalesSF","article_published_time":"2025-01-11T13:54:49+00:00","article_modified_time":"2025-01-11T13:57:18+00:00","og_image":[{"width":960,"height":641,"url":"https:\/\/municipales.org.ar\/festram\/wp-content\/uploads\/2025\/01\/asoem.jpg","type":"image\/jpeg"}],"author":"mun_admin","twitter_card":"summary_large_image","twitter_creator":"@MunicipalesSF","twitter_site":"@MunicipalesSF","twitter_misc":{"Escrito por":"mun_admin","Tiempo de lectura":"2 minutos"},"schema":{"@context":"https:\/\/schema.org","@graph":[{"@type":"Article","@id":"https:\/\/municipales.org.ar\/festram\/jornada-de-protesta-en-funes\/#article","isPartOf":{"@id":"https:\/\/municipales.org.ar\/festram\/jornada-de-protesta-en-funes\/"},"author":{"name":"mun_admin","@id":"https:\/\/municipales.org.ar\/festram\/#\/schema\/person\/49096a774c48ce9063df4d59ec059f9e"},"headline":"Jornada de Protesta en Funes","datePublished":"2025-01-11T13:54:49+00:00","dateModified":"2025-01-11T13:57:18+00:00","mainEntityOfPage":{"@id":"https:\/\/municipales.org.ar\/festram\/jornada-de-protesta-en-funes\/"},"wordCount":218,"publisher":{"@id":"https:\/\/municipales.org.ar\/festram\/#organization"},"image":{"@id":"https:\/\/municipales.org.ar\/festram\/jornada-de-protesta-en-funes\/#primaryimage"},"thumbnailUrl":"https:\/\/municipales.org.ar\/festram\/wp-content\/uploads\/2025\/01\/asoem.jpg","keywords":["funes","medidas de fuerza","sindicatos afiliados"],"articleSection":["Comunicados 2025","Sindicatos Noticias"],"inLanguage":"es"},{"@type":"WebPage","@id":"https:\/\/municipales.org.ar\/festram\/jornada-de-protesta-en-funes\/","url":"https:\/\/municipales.org.ar\/festram\/jornada-de-protesta-en-funes\/","name":"Jornada de Protesta en Funes &#8211; FESTRAM","isPartOf":{"@id":"https:\/\/municipales.org.ar\/festram\/#website"},"primaryImageOfPage":{"@id":"https:\/\/municipales.org.ar\/festram\/jornada-de-protesta-en-funes\/#primaryimage"},"image":{"@id":"https:\/\/municipales.org.ar\/festram\/jornada-de-protesta-en-funes\/#primaryimage"},"thumbnailUrl":"https:\/\/municipales.org.ar\/festram\/wp-content\/uploads\/2025\/01\/asoem.jpg","datePublished":"2025-01-11T13:54:49+00:00","dateModified":"2025-01-11T13:57:18+00:00","description":"SE SUSCRIBI\u00d3 UN ACTA ACUERDO CON EL INTENDENTE SANTACROCE","breadcrumb":{"@id":"https:\/\/municipales.org.ar\/festram\/jornada-de-protesta-en-funes\/#breadcrumb"},"inLanguage":"es","potentialAction":[{"@type":"ReadAction","target":["https:\/\/municipales.org.ar\/festram\/jornada-de-protesta-en-funes\/"]}]},{"@type":"ImageObject","inLanguage":"es","@id":"https:\/\/municipales.org.ar\/festram\/jornada-de-protesta-en-funes\/#primaryimage","url":"https:\/\/municipales.org.ar\/festram\/wp-content\/uploads\/2025\/01\/asoem.jpg","contentUrl":"https:\/\/municipales.org.ar\/festram\/wp-content\/uploads\/2025\/01\/asoem.jpg","width":960,"height":641},{"@type":"BreadcrumbList","@id":"https:\/\/municipales.org.ar\/festram\/jornada-de-protesta-en-funes\/#breadcrumb","itemListElement":[{"@type":"ListItem","position":1,"name":"Portada","item":"https:\/\/municipales.org.ar\/festram\/"},{"@type":"ListItem","position":2,"name":"Jornada de Protesta en Funes"}]},{"@type":"WebSite","@id":"https:\/\/municipales.org.ar\/festram\/#website","url":"https:\/\/municipales.org.ar\/festram\/","name":"FESTRAM","description":"La web de los trabajadores municipales","publisher":{"@id":"https:\/\/municipales.org.ar\/festram\/#organization"},"potentialAction":[{"@type":"SearchAction","target":{"@type":"EntryPoint","urlTemplate":"https:\/\/municipales.org.ar\/festram\/?s={search_term_string}"},"query-input":{"@type":"PropertyValueSpecification","valueRequired":true,"valueName":"search_term_string"}}],"inLanguage":"es"},{"@type":"Organization","@id":"https:\/\/municipales.org.ar\/festram\/#organization","name":"Federaci\u00f3n de Sindicatos de Trabajadores Municipales de la Provincia de Santa Fe","url":"https:\/\/municipales.org.ar\/festram\/","logo":{"@type":"ImageObject","inLanguage":"es","@id":"https:\/\/municipales.org.ar\/festram\/#\/schema\/logo\/image\/","url":"https:\/\/www.municipales.org.ar\/festram\/wp-content\/uploads\/2014\/07\/logo_fes.jpg","contentUrl":"https:\/\/www.municipales.org.ar\/festram\/wp-content\/uploads\/2014\/07\/logo_fes.jpg","width":661,"height":673,"caption":"Federaci\u00f3n de Sindicatos de Trabajadores Municipales de la Provincia de Santa Fe"},"image":{"@id":"https:\/\/municipales.org.ar\/festram\/#\/schema\/logo\/image\/"},"sameAs":["https:\/\/www.facebook.com\/MunicipalesSF","https:\/\/x.com\/MunicipalesSF","https:\/\/www.youtube.com\/user\/festram"]},{"@type":"Person","@id":"https:\/\/municipales.org.ar\/festram\/#\/schema\/person\/49096a774c48ce9063df4d59ec059f9e","name":"mun_admin"}]}},"jetpack_publicize_connections":[],"jetpack_featured_media_url":"https:\/\/municipales.org.ar\/festram\/wp-content\/uploads\/2025\/01\/asoem.jpg","jetpack_sharing_enabled":true,"jetpack_likes_enabled":false,"jetpack_shortlink":"https:\/\/wp.me\/p7l4x1-4Bf","_links":{"self":[{"href":"https:\/\/municipales.org.ar\/festram\/wp-json\/wp\/v2\/posts\/17685","targetHints":{"allow":["GET"]}}],"collection":[{"href":"https:\/\/municipales.org.ar\/festram\/wp-json\/wp\/v2\/posts"}],"about":[{"href":"https:\/\/municipales.org.ar\/festram\/wp-json\/wp\/v2\/types\/post"}],"author":[{"embeddable":true,"href":"https:\/\/municipales.org.ar\/festram\/wp-json\/wp\/v2\/users\/1"}],"replies":[{"embeddable":true,"href":"https:\/\/municipales.org.ar\/festram\/wp-json\/wp\/v2\/comments?post=17685"}],"version-history":[{"count":2,"href":"https:\/\/municipales.org.ar\/festram\/wp-json\/wp\/v2\/posts\/17685\/revisions"}],"predecessor-version":[{"id":17688,"href":"https:\/\/municipales.org.ar\/festram\/wp-json\/wp\/v2\/posts\/17685\/revisions\/17688"}],"wp:featuredmedia":[{"embeddable":true,"href":"https:\/\/municipales.org.ar\/festram\/wp-json\/wp\/v2\/media\/17686"}],"wp:attachment":[{"href":"https:\/\/municipales.org.ar\/festram\/wp-json\/wp\/v2\/media?parent=17685"}],"wp:term":[{"taxonomy":"category","embeddable":true,"href":"https:\/\/municipales.org.ar\/festram\/wp-json\/wp\/v2\/categories?post=17685"},{"taxonomy":"post_tag","embeddable":true,"href":"https:\/\/municipales.org.ar\/festram\/wp-json\/wp\/v2\/tags?post=17685"}],"curies":[{"name":"wp","href":"https:\/\/api.w.org\/{rel}","templated":true}]}}