{"id":17706,"date":"2025-01-31T10:34:16","date_gmt":"2025-01-31T13:34:16","guid":{"rendered":"https:\/\/municipales.org.ar\/festram\/?p=17706"},"modified":"2025-01-31T10:34:22","modified_gmt":"2025-01-31T13:34:22","slug":"se-profundiza-el-conflicto-en-santa-ana","status":"publish","type":"post","link":"https:\/\/municipales.org.ar\/festram\/se-profundiza-el-conflicto-en-santa-ana\/","title":{"rendered":"Se profundiza el conflicto en Santa Ana"},"content":{"rendered":"\n<p><\/p>\n\n\n\n<h2 class=\"wp-block-heading\">Los trabajadores comunales de la localidad de Villa Ana \u2013 Departamento Gral. Obligado \u2013 se encuentran en estado de alerta y asamblea permanente debido a la intransigencia del Presidente Comunal Catalino Com\u00e1n (Frente Unidos) que niega toda posibilidad de di\u00e1logo para destrabar el conflicto en que se encuentra inmersa la localidad.&nbsp;<\/h2>\n\n\n\n<p><br><br>La centralidad del mismo implica el desconocimiento de derechos laborales, cometiendo graves infracciones e ignorando la legislaci\u00f3n respectiva. Entre los reclamos puntuales se encuentran: No respeta el pago del m\u00ednimo garantizado, incumpliendo los m\u00ednimos firmados en Paritaria Ley 9996, no cuentan con ART, pagos de sumas no remunerativas y no bonificables (en negro), incorrecta liquidaci\u00f3n de sueldos, y no cumple con la entrega de la indumentaria reglamentaria, entre otros.<\/p>\n\n\n\n<p>Ante esta actitud intransigente de Com\u00e1n, FESTRAM ha decidido hacer p\u00fablica esta situaci\u00f3n y acompa\u00f1ar a los compa\u00f1eros y compa\u00f1eras en las medidas que vayan decidiendo.<\/p>\n\n\n\n<p>Prensa FESTRAM<\/p>\n","protected":false},"excerpt":{"rendered":"<p>Los trabajadores comunales de la localidad de Villa Ana \u2013 Departamento Gral. Obligado \u2013 se encuentran en estado de alerta y asamblea permanente debido a la intransigencia del Presidente Comunal Catalino Com\u00e1n (Frente Unidos) que niega toda posibilidad de di\u00e1logo para destrabar el conflicto en que se encuentra inmersa la localidad.\u00a0<\/p>\n","protected":false},"author":1,"featured_media":17707,"comment_status":"closed","ping_status":"closed","sticky":false,"template":"","format":"standard","meta":{"_jetpack_memberships_contains_paid_content":false,"footnotes":"","jetpack_publicize_message":"","jetpack_publicize_feature_enabled":true,"jetpack_social_post_already_shared":true,"jetpack_social_options":{"image_generator_settings":{"template":"highway","default_image_id":0,"font":"","enabled":false},"version":2}},"categories":[257,57],"tags":[71,183,67],"class_list":["post-17706","post","type-post","status-publish","format-standard","has-post-thumbnail","hentry","category-comunicados-2025","category-sindicatos-noticias","tag-medidas-de-fuerza","tag-reconquista","tag-sindicatos-afiliados"],"yoast_head":"<!-- This site is optimized with the Yoast SEO plugin v25.9 - https:\/\/yoast.com\/wordpress\/plugins\/seo\/ -->\n<title>Se profundiza el conflicto en Santa Ana &#8211; FESTRAM<\/title>\n<meta name=\"description\" content=\"Los trabajadores comunales de la localidad de Villa Ana \u2013 Departamento Gral. Obligado \u2013 se encuentran en estado de alerta y asamblea permanente debido a la intransigencia del Presidente Comunal Catalino Com\u00e1n (Frente Unidos) que niega toda posibilidad de di\u00e1logo para destrabar el conflicto en que se encuentra inmersa la localidad.\u00a0\" \/>\n<meta name=\"robots\" content=\"index, follow, max-snippet:-1, max-image-preview:large, max-video-preview:-1\" \/>\n<link rel=\"canonical\" href=\"https:\/\/municipales.org.ar\/festram\/se-profundiza-el-conflicto-en-santa-ana\/\" \/>\n<meta property=\"og:locale\" content=\"es_ES\" \/>\n<meta property=\"og:type\" content=\"article\" \/>\n<meta property=\"og:title\" content=\"Se profundiza el conflicto en Santa Ana &#8211; FESTRAM\" \/>\n<meta property=\"og:description\" content=\"Los trabajadores comunales de la localidad de Villa Ana \u2013 Departamento Gral. Obligado \u2013 se encuentran en estado de alerta y asamblea permanente debido a la intransigencia del Presidente Comunal Catalino Com\u00e1n (Frente Unidos) que niega toda posibilidad de di\u00e1logo para destrabar el conflicto en que se encuentra inmersa la localidad.\u00a0\" \/>\n<meta property=\"og:url\" content=\"https:\/\/municipales.org.ar\/festram\/se-profundiza-el-conflicto-en-santa-ana\/\" \/>\n<meta property=\"og:site_name\" content=\"FESTRAM\" \/>\n<meta property=\"article:publisher\" content=\"https:\/\/www.facebook.com\/MunicipalesSF\" \/>\n<meta property=\"article:published_time\" content=\"2025-01-31T13:34:16+00:00\" \/>\n<meta property=\"article:modified_time\" content=\"2025-01-31T13:34:22+00:00\" \/>\n<meta property=\"og:image\" content=\"https:\/\/municipales.org.ar\/festram\/wp-content\/uploads\/2025\/01\/VILLA-ANA.jpg\" \/>\n\t<meta property=\"og:image:width\" content=\"1280\" \/>\n\t<meta property=\"og:image:height\" content=\"575\" \/>\n\t<meta property=\"og:image:type\" content=\"image\/jpeg\" \/>\n<meta name=\"author\" content=\"mun_admin\" \/>\n<meta name=\"twitter:card\" content=\"summary_large_image\" \/>\n<meta name=\"twitter:creator\" content=\"@MunicipalesSF\" \/>\n<meta name=\"twitter:site\" content=\"@MunicipalesSF\" \/>\n<meta name=\"twitter:label1\" content=\"Escrito por\" \/>\n\t<meta name=\"twitter:data1\" content=\"mun_admin\" \/>\n\t<meta name=\"twitter:label2\" content=\"Tiempo de lectura\" \/>\n\t<meta name=\"twitter:data2\" content=\"1 minuto\" \/>\n<script type=\"application\/ld+json\" class=\"yoast-schema-graph\">{\"@context\":\"https:\/\/schema.org\",\"@graph\":[{\"@type\":\"Article\",\"@id\":\"https:\/\/municipales.org.ar\/festram\/se-profundiza-el-conflicto-en-santa-ana\/#article\",\"isPartOf\":{\"@id\":\"https:\/\/municipales.org.ar\/festram\/se-profundiza-el-conflicto-en-santa-ana\/\"},\"author\":{\"name\":\"mun_admin\",\"@id\":\"https:\/\/municipales.org.ar\/festram\/#\/schema\/person\/49096a774c48ce9063df4d59ec059f9e\"},\"headline\":\"Se profundiza el conflicto en Santa Ana\",\"datePublished\":\"2025-01-31T13:34:16+00:00\",\"dateModified\":\"2025-01-31T13:34:22+00:00\",\"mainEntityOfPage\":{\"@id\":\"https:\/\/municipales.org.ar\/festram\/se-profundiza-el-conflicto-en-santa-ana\/\"},\"wordCount\":165,\"publisher\":{\"@id\":\"https:\/\/municipales.org.ar\/festram\/#organization\"},\"image\":{\"@id\":\"https:\/\/municipales.org.ar\/festram\/se-profundiza-el-conflicto-en-santa-ana\/#primaryimage\"},\"thumbnailUrl\":\"https:\/\/municipales.org.ar\/festram\/wp-content\/uploads\/2025\/01\/VILLA-ANA.jpg\",\"keywords\":[\"medidas de fuerza\",\"reconquista\",\"sindicatos afiliados\"],\"articleSection\":[\"Comunicados 2025\",\"Sindicatos Noticias\"],\"inLanguage\":\"es\"},{\"@type\":\"WebPage\",\"@id\":\"https:\/\/municipales.org.ar\/festram\/se-profundiza-el-conflicto-en-santa-ana\/\",\"url\":\"https:\/\/municipales.org.ar\/festram\/se-profundiza-el-conflicto-en-santa-ana\/\",\"name\":\"Se profundiza el conflicto en Santa Ana &#8211; FESTRAM\",\"isPartOf\":{\"@id\":\"https:\/\/municipales.org.ar\/festram\/#website\"},\"primaryImageOfPage\":{\"@id\":\"https:\/\/municipales.org.ar\/festram\/se-profundiza-el-conflicto-en-santa-ana\/#primaryimage\"},\"image\":{\"@id\":\"https:\/\/municipales.org.ar\/festram\/se-profundiza-el-conflicto-en-santa-ana\/#primaryimage\"},\"thumbnailUrl\":\"https:\/\/municipales.org.ar\/festram\/wp-content\/uploads\/2025\/01\/VILLA-ANA.jpg\",\"datePublished\":\"2025-01-31T13:34:16+00:00\",\"dateModified\":\"2025-01-31T13:34:22+00:00\",\"description\":\"Los trabajadores comunales de la localidad de Villa Ana \u2013 Departamento Gral. Obligado \u2013 se encuentran en estado de alerta y asamblea permanente debido a la intransigencia del Presidente Comunal Catalino Com\u00e1n (Frente Unidos) que niega toda posibilidad de di\u00e1logo para destrabar el conflicto en que se encuentra inmersa la localidad.\u00a0\",\"breadcrumb\":{\"@id\":\"https:\/\/municipales.org.ar\/festram\/se-profundiza-el-conflicto-en-santa-ana\/#breadcrumb\"},\"inLanguage\":\"es\",\"potentialAction\":[{\"@type\":\"ReadAction\",\"target\":[\"https:\/\/municipales.org.ar\/festram\/se-profundiza-el-conflicto-en-santa-ana\/\"]}]},{\"@type\":\"ImageObject\",\"inLanguage\":\"es\",\"@id\":\"https:\/\/municipales.org.ar\/festram\/se-profundiza-el-conflicto-en-santa-ana\/#primaryimage\",\"url\":\"https:\/\/municipales.org.ar\/festram\/wp-content\/uploads\/2025\/01\/VILLA-ANA.jpg\",\"contentUrl\":\"https:\/\/municipales.org.ar\/festram\/wp-content\/uploads\/2025\/01\/VILLA-ANA.jpg\",\"width\":1280,\"height\":575},{\"@type\":\"BreadcrumbList\",\"@id\":\"https:\/\/municipales.org.ar\/festram\/se-profundiza-el-conflicto-en-santa-ana\/#breadcrumb\",\"itemListElement\":[{\"@type\":\"ListItem\",\"position\":1,\"name\":\"Portada\",\"item\":\"https:\/\/municipales.org.ar\/festram\/\"},{\"@type\":\"ListItem\",\"position\":2,\"name\":\"Se profundiza el conflicto en Santa Ana\"}]},{\"@type\":\"WebSite\",\"@id\":\"https:\/\/municipales.org.ar\/festram\/#website\",\"url\":\"https:\/\/municipales.org.ar\/festram\/\",\"name\":\"FESTRAM\",\"description\":\"La web de los trabajadores municipales\",\"publisher\":{\"@id\":\"https:\/\/municipales.org.ar\/festram\/#organization\"},\"potentialAction\":[{\"@type\":\"SearchAction\",\"target\":{\"@type\":\"EntryPoint\",\"urlTemplate\":\"https:\/\/municipales.org.ar\/festram\/?s={search_term_string}\"},\"query-input\":{\"@type\":\"PropertyValueSpecification\",\"valueRequired\":true,\"valueName\":\"search_term_string\"}}],\"inLanguage\":\"es\"},{\"@type\":\"Organization\",\"@id\":\"https:\/\/municipales.org.ar\/festram\/#organization\",\"name\":\"Federaci\u00f3n de Sindicatos de Trabajadores Municipales de la Provincia de Santa Fe\",\"url\":\"https:\/\/municipales.org.ar\/festram\/\",\"logo\":{\"@type\":\"ImageObject\",\"inLanguage\":\"es\",\"@id\":\"https:\/\/municipales.org.ar\/festram\/#\/schema\/logo\/image\/\",\"url\":\"https:\/\/www.municipales.org.ar\/festram\/wp-content\/uploads\/2014\/07\/logo_fes.jpg\",\"contentUrl\":\"https:\/\/www.municipales.org.ar\/festram\/wp-content\/uploads\/2014\/07\/logo_fes.jpg\",\"width\":661,\"height\":673,\"caption\":\"Federaci\u00f3n de Sindicatos de Trabajadores Municipales de la Provincia de Santa Fe\"},\"image\":{\"@id\":\"https:\/\/municipales.org.ar\/festram\/#\/schema\/logo\/image\/\"},\"sameAs\":[\"https:\/\/www.facebook.com\/MunicipalesSF\",\"https:\/\/x.com\/MunicipalesSF\",\"https:\/\/www.youtube.com\/user\/festram\"]},{\"@type\":\"Person\",\"@id\":\"https:\/\/municipales.org.ar\/festram\/#\/schema\/person\/49096a774c48ce9063df4d59ec059f9e\",\"name\":\"mun_admin\"}]}<\/script>\n<!-- \/ Yoast SEO plugin. -->","yoast_head_json":{"title":"Se profundiza el conflicto en Santa Ana &#8211; FESTRAM","description":"Los trabajadores comunales de la localidad de Villa Ana \u2013 Departamento Gral. Obligado \u2013 se encuentran en estado de alerta y asamblea permanente debido a la intransigencia del Presidente Comunal Catalino Com\u00e1n (Frente Unidos) que niega toda posibilidad de di\u00e1logo para destrabar el conflicto en que se encuentra inmersa la localidad.\u00a0","robots":{"index":"index","follow":"follow","max-snippet":"max-snippet:-1","max-image-preview":"max-image-preview:large","max-video-preview":"max-video-preview:-1"},"canonical":"https:\/\/municipales.org.ar\/festram\/se-profundiza-el-conflicto-en-santa-ana\/","og_locale":"es_ES","og_type":"article","og_title":"Se profundiza el conflicto en Santa Ana &#8211; FESTRAM","og_description":"Los trabajadores comunales de la localidad de Villa Ana \u2013 Departamento Gral. Obligado \u2013 se encuentran en estado de alerta y asamblea permanente debido a la intransigencia del Presidente Comunal Catalino Com\u00e1n (Frente Unidos) que niega toda posibilidad de di\u00e1logo para destrabar el conflicto en que se encuentra inmersa la localidad.\u00a0","og_url":"https:\/\/municipales.org.ar\/festram\/se-profundiza-el-conflicto-en-santa-ana\/","og_site_name":"FESTRAM","article_publisher":"https:\/\/www.facebook.com\/MunicipalesSF","article_published_time":"2025-01-31T13:34:16+00:00","article_modified_time":"2025-01-31T13:34:22+00:00","og_image":[{"width":1280,"height":575,"url":"https:\/\/municipales.org.ar\/festram\/wp-content\/uploads\/2025\/01\/VILLA-ANA.jpg","type":"image\/jpeg"}],"author":"mun_admin","twitter_card":"summary_large_image","twitter_creator":"@MunicipalesSF","twitter_site":"@MunicipalesSF","twitter_misc":{"Escrito por":"mun_admin","Tiempo de lectura":"1 minuto"},"schema":{"@context":"https:\/\/schema.org","@graph":[{"@type":"Article","@id":"https:\/\/municipales.org.ar\/festram\/se-profundiza-el-conflicto-en-santa-ana\/#article","isPartOf":{"@id":"https:\/\/municipales.org.ar\/festram\/se-profundiza-el-conflicto-en-santa-ana\/"},"author":{"name":"mun_admin","@id":"https:\/\/municipales.org.ar\/festram\/#\/schema\/person\/49096a774c48ce9063df4d59ec059f9e"},"headline":"Se profundiza el conflicto en Santa Ana","datePublished":"2025-01-31T13:34:16+00:00","dateModified":"2025-01-31T13:34:22+00:00","mainEntityOfPage":{"@id":"https:\/\/municipales.org.ar\/festram\/se-profundiza-el-conflicto-en-santa-ana\/"},"wordCount":165,"publisher":{"@id":"https:\/\/municipales.org.ar\/festram\/#organization"},"image":{"@id":"https:\/\/municipales.org.ar\/festram\/se-profundiza-el-conflicto-en-santa-ana\/#primaryimage"},"thumbnailUrl":"https:\/\/municipales.org.ar\/festram\/wp-content\/uploads\/2025\/01\/VILLA-ANA.jpg","keywords":["medidas de fuerza","reconquista","sindicatos afiliados"],"articleSection":["Comunicados 2025","Sindicatos Noticias"],"inLanguage":"es"},{"@type":"WebPage","@id":"https:\/\/municipales.org.ar\/festram\/se-profundiza-el-conflicto-en-santa-ana\/","url":"https:\/\/municipales.org.ar\/festram\/se-profundiza-el-conflicto-en-santa-ana\/","name":"Se profundiza el conflicto en Santa Ana &#8211; FESTRAM","isPartOf":{"@id":"https:\/\/municipales.org.ar\/festram\/#website"},"primaryImageOfPage":{"@id":"https:\/\/municipales.org.ar\/festram\/se-profundiza-el-conflicto-en-santa-ana\/#primaryimage"},"image":{"@id":"https:\/\/municipales.org.ar\/festram\/se-profundiza-el-conflicto-en-santa-ana\/#primaryimage"},"thumbnailUrl":"https:\/\/municipales.org.ar\/festram\/wp-content\/uploads\/2025\/01\/VILLA-ANA.jpg","datePublished":"2025-01-31T13:34:16+00:00","dateModified":"2025-01-31T13:34:22+00:00","description":"Los trabajadores comunales de la localidad de Villa Ana \u2013 Departamento Gral. Obligado \u2013 se encuentran en estado de alerta y asamblea permanente debido a la intransigencia del Presidente Comunal Catalino Com\u00e1n (Frente Unidos) que niega toda posibilidad de di\u00e1logo para destrabar el conflicto en que se encuentra inmersa la localidad.\u00a0","breadcrumb":{"@id":"https:\/\/municipales.org.ar\/festram\/se-profundiza-el-conflicto-en-santa-ana\/#breadcrumb"},"inLanguage":"es","potentialAction":[{"@type":"ReadAction","target":["https:\/\/municipales.org.ar\/festram\/se-profundiza-el-conflicto-en-santa-ana\/"]}]},{"@type":"ImageObject","inLanguage":"es","@id":"https:\/\/municipales.org.ar\/festram\/se-profundiza-el-conflicto-en-santa-ana\/#primaryimage","url":"https:\/\/municipales.org.ar\/festram\/wp-content\/uploads\/2025\/01\/VILLA-ANA.jpg","contentUrl":"https:\/\/municipales.org.ar\/festram\/wp-content\/uploads\/2025\/01\/VILLA-ANA.jpg","width":1280,"height":575},{"@type":"BreadcrumbList","@id":"https:\/\/municipales.org.ar\/festram\/se-profundiza-el-conflicto-en-santa-ana\/#breadcrumb","itemListElement":[{"@type":"ListItem","position":1,"name":"Portada","item":"https:\/\/municipales.org.ar\/festram\/"},{"@type":"ListItem","position":2,"name":"Se profundiza el conflicto en Santa Ana"}]},{"@type":"WebSite","@id":"https:\/\/municipales.org.ar\/festram\/#website","url":"https:\/\/municipales.org.ar\/festram\/","name":"FESTRAM","description":"La web de los trabajadores municipales","publisher":{"@id":"https:\/\/municipales.org.ar\/festram\/#organization"},"potentialAction":[{"@type":"SearchAction","target":{"@type":"EntryPoint","urlTemplate":"https:\/\/municipales.org.ar\/festram\/?s={search_term_string}"},"query-input":{"@type":"PropertyValueSpecification","valueRequired":true,"valueName":"search_term_string"}}],"inLanguage":"es"},{"@type":"Organization","@id":"https:\/\/municipales.org.ar\/festram\/#organization","name":"Federaci\u00f3n de Sindicatos de Trabajadores Municipales de la Provincia de Santa Fe","url":"https:\/\/municipales.org.ar\/festram\/","logo":{"@type":"ImageObject","inLanguage":"es","@id":"https:\/\/municipales.org.ar\/festram\/#\/schema\/logo\/image\/","url":"https:\/\/www.municipales.org.ar\/festram\/wp-content\/uploads\/2014\/07\/logo_fes.jpg","contentUrl":"https:\/\/www.municipales.org.ar\/festram\/wp-content\/uploads\/2014\/07\/logo_fes.jpg","width":661,"height":673,"caption":"Federaci\u00f3n de Sindicatos de Trabajadores Municipales de la Provincia de Santa Fe"},"image":{"@id":"https:\/\/municipales.org.ar\/festram\/#\/schema\/logo\/image\/"},"sameAs":["https:\/\/www.facebook.com\/MunicipalesSF","https:\/\/x.com\/MunicipalesSF","https:\/\/www.youtube.com\/user\/festram"]},{"@type":"Person","@id":"https:\/\/municipales.org.ar\/festram\/#\/schema\/person\/49096a774c48ce9063df4d59ec059f9e","name":"mun_admin"}]}},"jetpack_publicize_connections":[],"jetpack_featured_media_url":"https:\/\/municipales.org.ar\/festram\/wp-content\/uploads\/2025\/01\/VILLA-ANA.jpg","jetpack_sharing_enabled":true,"jetpack_likes_enabled":false,"jetpack_shortlink":"https:\/\/wp.me\/p7l4x1-4BA","_links":{"self":[{"href":"https:\/\/municipales.org.ar\/festram\/wp-json\/wp\/v2\/posts\/17706","targetHints":{"allow":["GET"]}}],"collection":[{"href":"https:\/\/municipales.org.ar\/festram\/wp-json\/wp\/v2\/posts"}],"about":[{"href":"https:\/\/municipales.org.ar\/festram\/wp-json\/wp\/v2\/types\/post"}],"author":[{"embeddable":true,"href":"https:\/\/municipales.org.ar\/festram\/wp-json\/wp\/v2\/users\/1"}],"replies":[{"embeddable":true,"href":"https:\/\/municipales.org.ar\/festram\/wp-json\/wp\/v2\/comments?post=17706"}],"version-history":[{"count":1,"href":"https:\/\/municipales.org.ar\/festram\/wp-json\/wp\/v2\/posts\/17706\/revisions"}],"predecessor-version":[{"id":17708,"href":"https:\/\/municipales.org.ar\/festram\/wp-json\/wp\/v2\/posts\/17706\/revisions\/17708"}],"wp:featuredmedia":[{"embeddable":true,"href":"https:\/\/municipales.org.ar\/festram\/wp-json\/wp\/v2\/media\/17707"}],"wp:attachment":[{"href":"https:\/\/municipales.org.ar\/festram\/wp-json\/wp\/v2\/media?parent=17706"}],"wp:term":[{"taxonomy":"category","embeddable":true,"href":"https:\/\/municipales.org.ar\/festram\/wp-json\/wp\/v2\/categories?post=17706"},{"taxonomy":"post_tag","embeddable":true,"href":"https:\/\/municipales.org.ar\/festram\/wp-json\/wp\/v2\/tags?post=17706"}],"curies":[{"name":"wp","href":"https:\/\/api.w.org\/{rel}","templated":true}]}}