{"id":17723,"date":"2025-02-26T16:45:20","date_gmt":"2025-02-26T19:45:20","guid":{"rendered":"https:\/\/municipales.org.ar\/festram\/?p=17723"},"modified":"2025-04-07T15:06:29","modified_gmt":"2025-04-07T18:06:29","slug":"festram-e-intendentes-arribaron-a-un-acuerdo-salarial","status":"publish","type":"post","link":"https:\/\/municipales.org.ar\/festram\/festram-e-intendentes-arribaron-a-un-acuerdo-salarial\/","title":{"rendered":"FESTRAM e Intendentes arribaron a un acuerdo salarial"},"content":{"rendered":"\n<p><\/p>\n\n\n\n<h2 class=\"wp-block-heading\">AUMENTO EN LAS ASIGNACIONES FAMILIARES DEL 200%&nbsp;<\/h2>\n\n\n\n<p>Este mi\u00e9rcoles&nbsp;los representantes paritarios de los Trabajadores y de los Intendentes y Presidentes Comunales establecieron un acuerdo salarial por los meses de Enero y Febrero, y de incremento de las Asignaciones Familiares.<\/p>\n\n\n\n<p>El Incremento Salarial consiste en un aumento del 5% sobre la pol\u00edtica salarial vigente en cada jurisdicci\u00f3n, y consiste en un aumento del 3,1% por el mes de Enero y de 1,9% en Febrero de 2025. El incremento es remunerativo y bonificable.\u00a0<br><\/p>\n\n\n\n<div class=\"wp-block-buttons is-layout-flex wp-block-buttons-is-layout-flex\">\n<div class=\"wp-block-button\"><a class=\"wp-block-button__link has-vivid-cyan-blue-background-color has-background wp-element-button\" href=\"https:\/\/municipales.org.ar\/festram\/wp-content\/uploads\/2025\/02\/ACTA-PARITARIA-26-DE-FEBRERO-DE-2025.pdf\">Ver Acta Paritaria del 26 de Febrero de 2025<\/a><\/div>\n<\/div>\n\n\n\n<p><br><\/p>\n\n\n\n<p>Se acord\u00f3 adem\u00e1s que dicho aumento no represente menos de $120.000.- ($50.000 por Enero y $70.000 por febrero a abonarse en el pr\u00f3ximo sueldo).\u00a0<\/p>\n\n\n\n<p>El acuerdo fija las condiciones salariales y formas de pago m\u00ednimas para la totalidad de los trabajadores y trabajadoras de Municipios y Comunas de la Provincia de Santa Fe, constituyendo la negociaci\u00f3n colectiva un piso, de ninguna manera se podr\u00e1n reducir los salarios superiores al presente acuerdo. Asimismo, los Sindicatos quedan facultados para obtener mejoras superiores al acuerdo de referencia.<\/p>\n\n\n\n<p>Este acuerdo corresponde a la pol\u00edtica salarial para el personal activo (planta permanente, contratados, eventuales y\/u otra modalidad de contrataci\u00f3n) de todos los Municipios y Comunas de la Provincia de Santa Fe. De la misma manera, el aumento pactado, eleva el Salario M\u00ednimo Garantizado de Bolsillo llev\u00e1ndolo a la suma de $615.368 para el mes de Enero y $635.368 a partir del mes de Febrero.&nbsp;<\/p>\n\n\n\n<p>Lo acordado se traslada \u00edntegramente al sector pasivo.<\/p>\n\n\n\n<p>Respecto a las Asignaciones Familiares, se acord\u00f3 un 200% de actualizaci\u00f3n de todos los conceptos previstos en la Ley Provincial 9290.<\/p>\n\n\n\n<p>Prensa FESTRAM<\/p>\n","protected":false},"excerpt":{"rendered":"<p>Este mi\u00e9rcoles\u00a0los representantes paritarios de los Trabajadores y de los Intendentes y Presidentes Comunales establecieron un acuerdo salarial por los meses de Enero y Febrero, y de incremento de las Asignaciones Familiares.<\/p>\n","protected":false},"author":1,"featured_media":17724,"comment_status":"closed","ping_status":"closed","sticky":false,"template":"","format":"standard","meta":{"_jetpack_memberships_contains_paid_content":false,"footnotes":"","jetpack_publicize_message":"","jetpack_publicize_feature_enabled":true,"jetpack_social_post_already_shared":true,"jetpack_social_options":{"image_generator_settings":{"template":"highway","default_image_id":0,"font":"","enabled":false},"version":2}},"categories":[257,59],"tags":[68,109,41,69],"class_list":["post-17723","post","type-post","status-publish","format-standard","has-post-thumbnail","hentry","category-comunicados-2025","category-salarios-y-paritarias","tag-economia-provincial","tag-la-provincia","tag-paritaria","tag-politica-salarial"],"yoast_head":"<!-- This site is optimized with the Yoast SEO plugin v25.9 - https:\/\/yoast.com\/wordpress\/plugins\/seo\/ -->\n<title>FESTRAM e Intendentes arribaron a un acuerdo salarial &#8211; FESTRAM<\/title>\n<meta name=\"description\" content=\"Este mi\u00e9rcoles\u00a0los representantes paritarios de los Trabajadores y de los Intendentes y Presidentes Comunales establecieron un acuerdo salarial por los meses de Enero y Febrero, y de incremento de las Asignaciones Familiares.\" \/>\n<meta name=\"robots\" content=\"index, follow, max-snippet:-1, max-image-preview:large, max-video-preview:-1\" \/>\n<link rel=\"canonical\" href=\"https:\/\/municipales.org.ar\/festram\/festram-e-intendentes-arribaron-a-un-acuerdo-salarial\/\" \/>\n<meta property=\"og:locale\" content=\"es_ES\" \/>\n<meta property=\"og:type\" content=\"article\" \/>\n<meta property=\"og:title\" content=\"FESTRAM e Intendentes arribaron a un acuerdo salarial &#8211; FESTRAM\" \/>\n<meta property=\"og:description\" content=\"Este mi\u00e9rcoles\u00a0los representantes paritarios de los Trabajadores y de los Intendentes y Presidentes Comunales establecieron un acuerdo salarial por los meses de Enero y Febrero, y de incremento de las Asignaciones Familiares.\" \/>\n<meta property=\"og:url\" content=\"https:\/\/municipales.org.ar\/festram\/festram-e-intendentes-arribaron-a-un-acuerdo-salarial\/\" \/>\n<meta property=\"og:site_name\" content=\"FESTRAM\" \/>\n<meta property=\"article:publisher\" content=\"https:\/\/www.facebook.com\/MunicipalesSF\" \/>\n<meta property=\"article:published_time\" content=\"2025-02-26T19:45:20+00:00\" \/>\n<meta property=\"article:modified_time\" content=\"2025-04-07T18:06:29+00:00\" \/>\n<meta property=\"og:image\" content=\"https:\/\/municipales.org.ar\/festram\/wp-content\/uploads\/2025\/02\/26122025-IMG_8660-scaled.jpeg\" \/>\n\t<meta property=\"og:image:width\" content=\"2560\" \/>\n\t<meta property=\"og:image:height\" content=\"1607\" \/>\n\t<meta property=\"og:image:type\" content=\"image\/jpeg\" \/>\n<meta name=\"author\" content=\"mun_admin\" \/>\n<meta name=\"twitter:card\" content=\"summary_large_image\" \/>\n<meta name=\"twitter:creator\" content=\"@MunicipalesSF\" \/>\n<meta name=\"twitter:site\" content=\"@MunicipalesSF\" \/>\n<meta name=\"twitter:label1\" content=\"Escrito por\" \/>\n\t<meta name=\"twitter:data1\" content=\"mun_admin\" \/>\n\t<meta name=\"twitter:label2\" content=\"Tiempo de lectura\" \/>\n\t<meta name=\"twitter:data2\" content=\"2 minutos\" \/>\n<script type=\"application\/ld+json\" class=\"yoast-schema-graph\">{\"@context\":\"https:\/\/schema.org\",\"@graph\":[{\"@type\":\"Article\",\"@id\":\"https:\/\/municipales.org.ar\/festram\/festram-e-intendentes-arribaron-a-un-acuerdo-salarial\/#article\",\"isPartOf\":{\"@id\":\"https:\/\/municipales.org.ar\/festram\/festram-e-intendentes-arribaron-a-un-acuerdo-salarial\/\"},\"author\":{\"name\":\"mun_admin\",\"@id\":\"https:\/\/municipales.org.ar\/festram\/#\/schema\/person\/49096a774c48ce9063df4d59ec059f9e\"},\"headline\":\"FESTRAM e Intendentes arribaron a un acuerdo salarial\",\"datePublished\":\"2025-02-26T19:45:20+00:00\",\"dateModified\":\"2025-04-07T18:06:29+00:00\",\"mainEntityOfPage\":{\"@id\":\"https:\/\/municipales.org.ar\/festram\/festram-e-intendentes-arribaron-a-un-acuerdo-salarial\/\"},\"wordCount\":283,\"publisher\":{\"@id\":\"https:\/\/municipales.org.ar\/festram\/#organization\"},\"image\":{\"@id\":\"https:\/\/municipales.org.ar\/festram\/festram-e-intendentes-arribaron-a-un-acuerdo-salarial\/#primaryimage\"},\"thumbnailUrl\":\"https:\/\/municipales.org.ar\/festram\/wp-content\/uploads\/2025\/02\/26122025-IMG_8660-scaled.jpeg\",\"keywords\":[\"econom\u00eda provincial\",\"la provincia\",\"paritaria\",\"pol\u00edtica salarial\"],\"articleSection\":[\"Comunicados 2025\",\"Salarios y Paritarias\"],\"inLanguage\":\"es\"},{\"@type\":\"WebPage\",\"@id\":\"https:\/\/municipales.org.ar\/festram\/festram-e-intendentes-arribaron-a-un-acuerdo-salarial\/\",\"url\":\"https:\/\/municipales.org.ar\/festram\/festram-e-intendentes-arribaron-a-un-acuerdo-salarial\/\",\"name\":\"FESTRAM e Intendentes arribaron a un acuerdo salarial &#8211; FESTRAM\",\"isPartOf\":{\"@id\":\"https:\/\/municipales.org.ar\/festram\/#website\"},\"primaryImageOfPage\":{\"@id\":\"https:\/\/municipales.org.ar\/festram\/festram-e-intendentes-arribaron-a-un-acuerdo-salarial\/#primaryimage\"},\"image\":{\"@id\":\"https:\/\/municipales.org.ar\/festram\/festram-e-intendentes-arribaron-a-un-acuerdo-salarial\/#primaryimage\"},\"thumbnailUrl\":\"https:\/\/municipales.org.ar\/festram\/wp-content\/uploads\/2025\/02\/26122025-IMG_8660-scaled.jpeg\",\"datePublished\":\"2025-02-26T19:45:20+00:00\",\"dateModified\":\"2025-04-07T18:06:29+00:00\",\"description\":\"Este mi\u00e9rcoles\u00a0los representantes paritarios de los Trabajadores y de los Intendentes y Presidentes Comunales establecieron un acuerdo salarial por los meses de Enero y Febrero, y de incremento de las Asignaciones Familiares.\",\"breadcrumb\":{\"@id\":\"https:\/\/municipales.org.ar\/festram\/festram-e-intendentes-arribaron-a-un-acuerdo-salarial\/#breadcrumb\"},\"inLanguage\":\"es\",\"potentialAction\":[{\"@type\":\"ReadAction\",\"target\":[\"https:\/\/municipales.org.ar\/festram\/festram-e-intendentes-arribaron-a-un-acuerdo-salarial\/\"]}]},{\"@type\":\"ImageObject\",\"inLanguage\":\"es\",\"@id\":\"https:\/\/municipales.org.ar\/festram\/festram-e-intendentes-arribaron-a-un-acuerdo-salarial\/#primaryimage\",\"url\":\"https:\/\/municipales.org.ar\/festram\/wp-content\/uploads\/2025\/02\/26122025-IMG_8660-scaled.jpeg\",\"contentUrl\":\"https:\/\/municipales.org.ar\/festram\/wp-content\/uploads\/2025\/02\/26122025-IMG_8660-scaled.jpeg\",\"width\":2560,\"height\":1607},{\"@type\":\"BreadcrumbList\",\"@id\":\"https:\/\/municipales.org.ar\/festram\/festram-e-intendentes-arribaron-a-un-acuerdo-salarial\/#breadcrumb\",\"itemListElement\":[{\"@type\":\"ListItem\",\"position\":1,\"name\":\"Portada\",\"item\":\"https:\/\/municipales.org.ar\/festram\/\"},{\"@type\":\"ListItem\",\"position\":2,\"name\":\"FESTRAM e Intendentes arribaron a un acuerdo salarial\"}]},{\"@type\":\"WebSite\",\"@id\":\"https:\/\/municipales.org.ar\/festram\/#website\",\"url\":\"https:\/\/municipales.org.ar\/festram\/\",\"name\":\"FESTRAM\",\"description\":\"La web de los trabajadores municipales\",\"publisher\":{\"@id\":\"https:\/\/municipales.org.ar\/festram\/#organization\"},\"potentialAction\":[{\"@type\":\"SearchAction\",\"target\":{\"@type\":\"EntryPoint\",\"urlTemplate\":\"https:\/\/municipales.org.ar\/festram\/?s={search_term_string}\"},\"query-input\":{\"@type\":\"PropertyValueSpecification\",\"valueRequired\":true,\"valueName\":\"search_term_string\"}}],\"inLanguage\":\"es\"},{\"@type\":\"Organization\",\"@id\":\"https:\/\/municipales.org.ar\/festram\/#organization\",\"name\":\"Federaci\u00f3n de Sindicatos de Trabajadores Municipales de la Provincia de Santa Fe\",\"url\":\"https:\/\/municipales.org.ar\/festram\/\",\"logo\":{\"@type\":\"ImageObject\",\"inLanguage\":\"es\",\"@id\":\"https:\/\/municipales.org.ar\/festram\/#\/schema\/logo\/image\/\",\"url\":\"https:\/\/www.municipales.org.ar\/festram\/wp-content\/uploads\/2014\/07\/logo_fes.jpg\",\"contentUrl\":\"https:\/\/www.municipales.org.ar\/festram\/wp-content\/uploads\/2014\/07\/logo_fes.jpg\",\"width\":661,\"height\":673,\"caption\":\"Federaci\u00f3n de Sindicatos de Trabajadores Municipales de la Provincia de Santa Fe\"},\"image\":{\"@id\":\"https:\/\/municipales.org.ar\/festram\/#\/schema\/logo\/image\/\"},\"sameAs\":[\"https:\/\/www.facebook.com\/MunicipalesSF\",\"https:\/\/x.com\/MunicipalesSF\",\"https:\/\/www.youtube.com\/user\/festram\"]},{\"@type\":\"Person\",\"@id\":\"https:\/\/municipales.org.ar\/festram\/#\/schema\/person\/49096a774c48ce9063df4d59ec059f9e\",\"name\":\"mun_admin\"}]}<\/script>\n<!-- \/ Yoast SEO plugin. -->","yoast_head_json":{"title":"FESTRAM e Intendentes arribaron a un acuerdo salarial &#8211; FESTRAM","description":"Este mi\u00e9rcoles\u00a0los representantes paritarios de los Trabajadores y de los Intendentes y Presidentes Comunales establecieron un acuerdo salarial por los meses de Enero y Febrero, y de incremento de las Asignaciones Familiares.","robots":{"index":"index","follow":"follow","max-snippet":"max-snippet:-1","max-image-preview":"max-image-preview:large","max-video-preview":"max-video-preview:-1"},"canonical":"https:\/\/municipales.org.ar\/festram\/festram-e-intendentes-arribaron-a-un-acuerdo-salarial\/","og_locale":"es_ES","og_type":"article","og_title":"FESTRAM e Intendentes arribaron a un acuerdo salarial &#8211; FESTRAM","og_description":"Este mi\u00e9rcoles\u00a0los representantes paritarios de los Trabajadores y de los Intendentes y Presidentes Comunales establecieron un acuerdo salarial por los meses de Enero y Febrero, y de incremento de las Asignaciones Familiares.","og_url":"https:\/\/municipales.org.ar\/festram\/festram-e-intendentes-arribaron-a-un-acuerdo-salarial\/","og_site_name":"FESTRAM","article_publisher":"https:\/\/www.facebook.com\/MunicipalesSF","article_published_time":"2025-02-26T19:45:20+00:00","article_modified_time":"2025-04-07T18:06:29+00:00","og_image":[{"width":2560,"height":1607,"url":"https:\/\/municipales.org.ar\/festram\/wp-content\/uploads\/2025\/02\/26122025-IMG_8660-scaled.jpeg","type":"image\/jpeg"}],"author":"mun_admin","twitter_card":"summary_large_image","twitter_creator":"@MunicipalesSF","twitter_site":"@MunicipalesSF","twitter_misc":{"Escrito por":"mun_admin","Tiempo de lectura":"2 minutos"},"schema":{"@context":"https:\/\/schema.org","@graph":[{"@type":"Article","@id":"https:\/\/municipales.org.ar\/festram\/festram-e-intendentes-arribaron-a-un-acuerdo-salarial\/#article","isPartOf":{"@id":"https:\/\/municipales.org.ar\/festram\/festram-e-intendentes-arribaron-a-un-acuerdo-salarial\/"},"author":{"name":"mun_admin","@id":"https:\/\/municipales.org.ar\/festram\/#\/schema\/person\/49096a774c48ce9063df4d59ec059f9e"},"headline":"FESTRAM e Intendentes arribaron a un acuerdo salarial","datePublished":"2025-02-26T19:45:20+00:00","dateModified":"2025-04-07T18:06:29+00:00","mainEntityOfPage":{"@id":"https:\/\/municipales.org.ar\/festram\/festram-e-intendentes-arribaron-a-un-acuerdo-salarial\/"},"wordCount":283,"publisher":{"@id":"https:\/\/municipales.org.ar\/festram\/#organization"},"image":{"@id":"https:\/\/municipales.org.ar\/festram\/festram-e-intendentes-arribaron-a-un-acuerdo-salarial\/#primaryimage"},"thumbnailUrl":"https:\/\/municipales.org.ar\/festram\/wp-content\/uploads\/2025\/02\/26122025-IMG_8660-scaled.jpeg","keywords":["econom\u00eda provincial","la provincia","paritaria","pol\u00edtica salarial"],"articleSection":["Comunicados 2025","Salarios y Paritarias"],"inLanguage":"es"},{"@type":"WebPage","@id":"https:\/\/municipales.org.ar\/festram\/festram-e-intendentes-arribaron-a-un-acuerdo-salarial\/","url":"https:\/\/municipales.org.ar\/festram\/festram-e-intendentes-arribaron-a-un-acuerdo-salarial\/","name":"FESTRAM e Intendentes arribaron a un acuerdo salarial &#8211; FESTRAM","isPartOf":{"@id":"https:\/\/municipales.org.ar\/festram\/#website"},"primaryImageOfPage":{"@id":"https:\/\/municipales.org.ar\/festram\/festram-e-intendentes-arribaron-a-un-acuerdo-salarial\/#primaryimage"},"image":{"@id":"https:\/\/municipales.org.ar\/festram\/festram-e-intendentes-arribaron-a-un-acuerdo-salarial\/#primaryimage"},"thumbnailUrl":"https:\/\/municipales.org.ar\/festram\/wp-content\/uploads\/2025\/02\/26122025-IMG_8660-scaled.jpeg","datePublished":"2025-02-26T19:45:20+00:00","dateModified":"2025-04-07T18:06:29+00:00","description":"Este mi\u00e9rcoles\u00a0los representantes paritarios de los Trabajadores y de los Intendentes y Presidentes Comunales establecieron un acuerdo salarial por los meses de Enero y Febrero, y de incremento de las Asignaciones Familiares.","breadcrumb":{"@id":"https:\/\/municipales.org.ar\/festram\/festram-e-intendentes-arribaron-a-un-acuerdo-salarial\/#breadcrumb"},"inLanguage":"es","potentialAction":[{"@type":"ReadAction","target":["https:\/\/municipales.org.ar\/festram\/festram-e-intendentes-arribaron-a-un-acuerdo-salarial\/"]}]},{"@type":"ImageObject","inLanguage":"es","@id":"https:\/\/municipales.org.ar\/festram\/festram-e-intendentes-arribaron-a-un-acuerdo-salarial\/#primaryimage","url":"https:\/\/municipales.org.ar\/festram\/wp-content\/uploads\/2025\/02\/26122025-IMG_8660-scaled.jpeg","contentUrl":"https:\/\/municipales.org.ar\/festram\/wp-content\/uploads\/2025\/02\/26122025-IMG_8660-scaled.jpeg","width":2560,"height":1607},{"@type":"BreadcrumbList","@id":"https:\/\/municipales.org.ar\/festram\/festram-e-intendentes-arribaron-a-un-acuerdo-salarial\/#breadcrumb","itemListElement":[{"@type":"ListItem","position":1,"name":"Portada","item":"https:\/\/municipales.org.ar\/festram\/"},{"@type":"ListItem","position":2,"name":"FESTRAM e Intendentes arribaron a un acuerdo salarial"}]},{"@type":"WebSite","@id":"https:\/\/municipales.org.ar\/festram\/#website","url":"https:\/\/municipales.org.ar\/festram\/","name":"FESTRAM","description":"La web de los trabajadores municipales","publisher":{"@id":"https:\/\/municipales.org.ar\/festram\/#organization"},"potentialAction":[{"@type":"SearchAction","target":{"@type":"EntryPoint","urlTemplate":"https:\/\/municipales.org.ar\/festram\/?s={search_term_string}"},"query-input":{"@type":"PropertyValueSpecification","valueRequired":true,"valueName":"search_term_string"}}],"inLanguage":"es"},{"@type":"Organization","@id":"https:\/\/municipales.org.ar\/festram\/#organization","name":"Federaci\u00f3n de Sindicatos de Trabajadores Municipales de la Provincia de Santa Fe","url":"https:\/\/municipales.org.ar\/festram\/","logo":{"@type":"ImageObject","inLanguage":"es","@id":"https:\/\/municipales.org.ar\/festram\/#\/schema\/logo\/image\/","url":"https:\/\/www.municipales.org.ar\/festram\/wp-content\/uploads\/2014\/07\/logo_fes.jpg","contentUrl":"https:\/\/www.municipales.org.ar\/festram\/wp-content\/uploads\/2014\/07\/logo_fes.jpg","width":661,"height":673,"caption":"Federaci\u00f3n de Sindicatos de Trabajadores Municipales de la Provincia de Santa Fe"},"image":{"@id":"https:\/\/municipales.org.ar\/festram\/#\/schema\/logo\/image\/"},"sameAs":["https:\/\/www.facebook.com\/MunicipalesSF","https:\/\/x.com\/MunicipalesSF","https:\/\/www.youtube.com\/user\/festram"]},{"@type":"Person","@id":"https:\/\/municipales.org.ar\/festram\/#\/schema\/person\/49096a774c48ce9063df4d59ec059f9e","name":"mun_admin"}]}},"jetpack_publicize_connections":[],"jetpack_featured_media_url":"https:\/\/municipales.org.ar\/festram\/wp-content\/uploads\/2025\/02\/26122025-IMG_8660-scaled.jpeg","jetpack_sharing_enabled":true,"jetpack_likes_enabled":false,"jetpack_shortlink":"https:\/\/wp.me\/p7l4x1-4BR","_links":{"self":[{"href":"https:\/\/municipales.org.ar\/festram\/wp-json\/wp\/v2\/posts\/17723","targetHints":{"allow":["GET"]}}],"collection":[{"href":"https:\/\/municipales.org.ar\/festram\/wp-json\/wp\/v2\/posts"}],"about":[{"href":"https:\/\/municipales.org.ar\/festram\/wp-json\/wp\/v2\/types\/post"}],"author":[{"embeddable":true,"href":"https:\/\/municipales.org.ar\/festram\/wp-json\/wp\/v2\/users\/1"}],"replies":[{"embeddable":true,"href":"https:\/\/municipales.org.ar\/festram\/wp-json\/wp\/v2\/comments?post=17723"}],"version-history":[{"count":2,"href":"https:\/\/municipales.org.ar\/festram\/wp-json\/wp\/v2\/posts\/17723\/revisions"}],"predecessor-version":[{"id":17730,"href":"https:\/\/municipales.org.ar\/festram\/wp-json\/wp\/v2\/posts\/17723\/revisions\/17730"}],"wp:featuredmedia":[{"embeddable":true,"href":"https:\/\/municipales.org.ar\/festram\/wp-json\/wp\/v2\/media\/17724"}],"wp:attachment":[{"href":"https:\/\/municipales.org.ar\/festram\/wp-json\/wp\/v2\/media?parent=17723"}],"wp:term":[{"taxonomy":"category","embeddable":true,"href":"https:\/\/municipales.org.ar\/festram\/wp-json\/wp\/v2\/categories?post=17723"},{"taxonomy":"post_tag","embeddable":true,"href":"https:\/\/municipales.org.ar\/festram\/wp-json\/wp\/v2\/tags?post=17723"}],"curies":[{"name":"wp","href":"https:\/\/api.w.org\/{rel}","templated":true}]}}