{"id":17818,"date":"2025-04-12T19:06:16","date_gmt":"2025-04-12T22:06:16","guid":{"rendered":"https:\/\/municipales.org.ar\/festram\/?p=17818"},"modified":"2025-04-30T22:14:10","modified_gmt":"2025-05-01T01:14:10","slug":"sobre-el-paro-de-la-cgt","status":"publish","type":"post","link":"https:\/\/municipales.org.ar\/festram\/sobre-el-paro-de-la-cgt\/","title":{"rendered":"Sobre el Paro de la CGT"},"content":{"rendered":"\n<h2 class=\"wp-block-heading\">Graves decisiones del Gobernador e Intendentes.<\/h2>\n\n\n\n<p><br>FESTRAM adhiri\u00f3 al paro dispuesto por la CGT para todo el pa\u00eds, en defensa de los jubilados y jubiladas, contra los salarios de hambre, el cierre de empresas, los despidos y una pol\u00edtica econ\u00f3mica del Gobierno de Milei que -en un claro sometimiento a los dictados del FMI-, est\u00e1 siendo burdamente funcional a los intereses de los Estados Unidos y los capitales financieros internacionales. Esta es la situaci\u00f3n que estamos viviendo, donde se puede disfrazar o mentir sobre la disminuci\u00f3n de la pobreza, pero la realidad que viven los trabajadores y trabajadoras d\u00eda a d\u00eda, es irrefutable.\u00a0<\/p>\n\n\n\n<p>En ese marco nos sumamos a un reclamo generalizado en toda la Patria y nos encontramos con un Ejecutivo provincial que amenaz\u00f3 a docentes y empleados de la administraci\u00f3n central con el descuento del d\u00eda y del presentismo para aquellos que adhirieran a la medida de fuerza. Inmediatamente la mayor\u00eda de los Intendentes pertenecientes a la coalici\u00f3n de gobierno comenzaron a seguir la misma actitud: la amenaza, el apriete, las sanciones.<\/p>\n\n\n\n<p>La huelga es un Derecho Constitucional, que seguiremos ejerciendo mal que le pese al Gobernador y a aquellos titulares de Ejecutivos Locales que se suman a esta actitud para domesticar al movimiento obrero.&nbsp;<\/p>\n\n\n\n<p>En sus distintas modalidades en el \u00e1mbito municipal la adhesi\u00f3n fue cercana al 90%, y en algunos casos incluy\u00f3 movilizaciones.<\/p>\n\n\n\n<p>Reafirmamos la necesidad, m\u00e1s ahora que nunca, frente a este tipo de actitudes del Gobierno Provincial, de la solidaridad entre gremios, centrales sindicales, delegaciones de CGT y el conjunto de los trabajadores y trabajadoras. Vienen por todos nuestros derechos y ninguna provocaci\u00f3n o coacci\u00f3n impedir\u00e1 que los defendamos como siempre lo hemos hecho.<br><\/p>\n\n\n\n<h6 class=\"wp-block-heading\">Prensa FESTRAM<\/h6>\n","protected":false},"excerpt":{"rendered":"<p>Graves decisiones del Gobernador e Intendentes.<\/p>\n","protected":false},"author":1,"featured_media":17819,"comment_status":"closed","ping_status":"closed","sticky":false,"template":"","format":"standard","meta":{"_jetpack_memberships_contains_paid_content":false,"footnotes":"","jetpack_publicize_message":"","jetpack_publicize_feature_enabled":true,"jetpack_social_post_already_shared":true,"jetpack_social_options":{"image_generator_settings":{"template":"highway","default_image_id":0,"font":"","enabled":false},"version":2}},"categories":[257],"tags":[152,70,109,71],"class_list":["post-17818","post","type-post","status-publish","format-standard","has-post-thumbnail","hentry","category-comunicados-2025","tag-cgt","tag-el-pais","tag-la-provincia","tag-medidas-de-fuerza"],"yoast_head":"<!-- This site is optimized with the Yoast SEO plugin v25.9 - https:\/\/yoast.com\/wordpress\/plugins\/seo\/ -->\n<title>Sobre el Paro de la CGT &#8211; FESTRAM<\/title>\n<meta name=\"description\" content=\"Graves decisiones del Gobernador e Intendentes.\" \/>\n<meta name=\"robots\" content=\"index, follow, max-snippet:-1, max-image-preview:large, max-video-preview:-1\" \/>\n<link rel=\"canonical\" href=\"https:\/\/municipales.org.ar\/festram\/sobre-el-paro-de-la-cgt\/\" \/>\n<meta property=\"og:locale\" content=\"es_ES\" \/>\n<meta property=\"og:type\" content=\"article\" \/>\n<meta property=\"og:title\" content=\"Sobre el Paro de la CGT &#8211; FESTRAM\" \/>\n<meta property=\"og:description\" content=\"Graves decisiones del Gobernador e Intendentes.\" \/>\n<meta property=\"og:url\" content=\"https:\/\/municipales.org.ar\/festram\/sobre-el-paro-de-la-cgt\/\" \/>\n<meta property=\"og:site_name\" content=\"FESTRAM\" \/>\n<meta property=\"article:publisher\" content=\"https:\/\/www.facebook.com\/MunicipalesSF\" \/>\n<meta property=\"article:published_time\" content=\"2025-04-12T22:06:16+00:00\" \/>\n<meta property=\"article:modified_time\" content=\"2025-05-01T01:14:10+00:00\" \/>\n<meta property=\"og:image\" content=\"https:\/\/municipales.org.ar\/festram\/wp-content\/uploads\/2025\/04\/Paro-Municipales.-Ladran-Sancho-9-scaled-1.jpg\" \/>\n\t<meta property=\"og:image:width\" content=\"1920\" \/>\n\t<meta property=\"og:image:height\" content=\"1069\" \/>\n\t<meta property=\"og:image:type\" content=\"image\/jpeg\" \/>\n<meta name=\"author\" content=\"mun_admin\" \/>\n<meta name=\"twitter:card\" content=\"summary_large_image\" \/>\n<meta name=\"twitter:creator\" content=\"@MunicipalesSF\" \/>\n<meta name=\"twitter:site\" content=\"@MunicipalesSF\" \/>\n<meta name=\"twitter:label1\" content=\"Escrito por\" \/>\n\t<meta name=\"twitter:data1\" content=\"mun_admin\" \/>\n\t<meta name=\"twitter:label2\" content=\"Tiempo de lectura\" \/>\n\t<meta name=\"twitter:data2\" content=\"2 minutos\" \/>\n<script type=\"application\/ld+json\" class=\"yoast-schema-graph\">{\"@context\":\"https:\/\/schema.org\",\"@graph\":[{\"@type\":\"Article\",\"@id\":\"https:\/\/municipales.org.ar\/festram\/sobre-el-paro-de-la-cgt\/#article\",\"isPartOf\":{\"@id\":\"https:\/\/municipales.org.ar\/festram\/sobre-el-paro-de-la-cgt\/\"},\"author\":{\"name\":\"mun_admin\",\"@id\":\"https:\/\/municipales.org.ar\/festram\/#\/schema\/person\/49096a774c48ce9063df4d59ec059f9e\"},\"headline\":\"Sobre el Paro de la CGT\",\"datePublished\":\"2025-04-12T22:06:16+00:00\",\"dateModified\":\"2025-05-01T01:14:10+00:00\",\"mainEntityOfPage\":{\"@id\":\"https:\/\/municipales.org.ar\/festram\/sobre-el-paro-de-la-cgt\/\"},\"wordCount\":303,\"publisher\":{\"@id\":\"https:\/\/municipales.org.ar\/festram\/#organization\"},\"image\":{\"@id\":\"https:\/\/municipales.org.ar\/festram\/sobre-el-paro-de-la-cgt\/#primaryimage\"},\"thumbnailUrl\":\"https:\/\/municipales.org.ar\/festram\/wp-content\/uploads\/2025\/04\/Paro-Municipales.-Ladran-Sancho-9-scaled-1.jpg\",\"keywords\":[\"CGT\",\"el pa\u00eds\",\"la provincia\",\"medidas de fuerza\"],\"articleSection\":[\"Comunicados 2025\"],\"inLanguage\":\"es\"},{\"@type\":\"WebPage\",\"@id\":\"https:\/\/municipales.org.ar\/festram\/sobre-el-paro-de-la-cgt\/\",\"url\":\"https:\/\/municipales.org.ar\/festram\/sobre-el-paro-de-la-cgt\/\",\"name\":\"Sobre el Paro de la CGT &#8211; FESTRAM\",\"isPartOf\":{\"@id\":\"https:\/\/municipales.org.ar\/festram\/#website\"},\"primaryImageOfPage\":{\"@id\":\"https:\/\/municipales.org.ar\/festram\/sobre-el-paro-de-la-cgt\/#primaryimage\"},\"image\":{\"@id\":\"https:\/\/municipales.org.ar\/festram\/sobre-el-paro-de-la-cgt\/#primaryimage\"},\"thumbnailUrl\":\"https:\/\/municipales.org.ar\/festram\/wp-content\/uploads\/2025\/04\/Paro-Municipales.-Ladran-Sancho-9-scaled-1.jpg\",\"datePublished\":\"2025-04-12T22:06:16+00:00\",\"dateModified\":\"2025-05-01T01:14:10+00:00\",\"description\":\"Graves decisiones del Gobernador e Intendentes.\",\"breadcrumb\":{\"@id\":\"https:\/\/municipales.org.ar\/festram\/sobre-el-paro-de-la-cgt\/#breadcrumb\"},\"inLanguage\":\"es\",\"potentialAction\":[{\"@type\":\"ReadAction\",\"target\":[\"https:\/\/municipales.org.ar\/festram\/sobre-el-paro-de-la-cgt\/\"]}]},{\"@type\":\"ImageObject\",\"inLanguage\":\"es\",\"@id\":\"https:\/\/municipales.org.ar\/festram\/sobre-el-paro-de-la-cgt\/#primaryimage\",\"url\":\"https:\/\/municipales.org.ar\/festram\/wp-content\/uploads\/2025\/04\/Paro-Municipales.-Ladran-Sancho-9-scaled-1.jpg\",\"contentUrl\":\"https:\/\/municipales.org.ar\/festram\/wp-content\/uploads\/2025\/04\/Paro-Municipales.-Ladran-Sancho-9-scaled-1.jpg\",\"width\":1920,\"height\":1069},{\"@type\":\"BreadcrumbList\",\"@id\":\"https:\/\/municipales.org.ar\/festram\/sobre-el-paro-de-la-cgt\/#breadcrumb\",\"itemListElement\":[{\"@type\":\"ListItem\",\"position\":1,\"name\":\"Portada\",\"item\":\"https:\/\/municipales.org.ar\/festram\/\"},{\"@type\":\"ListItem\",\"position\":2,\"name\":\"Sobre el Paro de la CGT\"}]},{\"@type\":\"WebSite\",\"@id\":\"https:\/\/municipales.org.ar\/festram\/#website\",\"url\":\"https:\/\/municipales.org.ar\/festram\/\",\"name\":\"FESTRAM\",\"description\":\"La web de los trabajadores municipales\",\"publisher\":{\"@id\":\"https:\/\/municipales.org.ar\/festram\/#organization\"},\"potentialAction\":[{\"@type\":\"SearchAction\",\"target\":{\"@type\":\"EntryPoint\",\"urlTemplate\":\"https:\/\/municipales.org.ar\/festram\/?s={search_term_string}\"},\"query-input\":{\"@type\":\"PropertyValueSpecification\",\"valueRequired\":true,\"valueName\":\"search_term_string\"}}],\"inLanguage\":\"es\"},{\"@type\":\"Organization\",\"@id\":\"https:\/\/municipales.org.ar\/festram\/#organization\",\"name\":\"Federaci\u00f3n de Sindicatos de Trabajadores Municipales de la Provincia de Santa Fe\",\"url\":\"https:\/\/municipales.org.ar\/festram\/\",\"logo\":{\"@type\":\"ImageObject\",\"inLanguage\":\"es\",\"@id\":\"https:\/\/municipales.org.ar\/festram\/#\/schema\/logo\/image\/\",\"url\":\"https:\/\/www.municipales.org.ar\/festram\/wp-content\/uploads\/2014\/07\/logo_fes.jpg\",\"contentUrl\":\"https:\/\/www.municipales.org.ar\/festram\/wp-content\/uploads\/2014\/07\/logo_fes.jpg\",\"width\":661,\"height\":673,\"caption\":\"Federaci\u00f3n de Sindicatos de Trabajadores Municipales de la Provincia de Santa Fe\"},\"image\":{\"@id\":\"https:\/\/municipales.org.ar\/festram\/#\/schema\/logo\/image\/\"},\"sameAs\":[\"https:\/\/www.facebook.com\/MunicipalesSF\",\"https:\/\/x.com\/MunicipalesSF\",\"https:\/\/www.youtube.com\/user\/festram\"]},{\"@type\":\"Person\",\"@id\":\"https:\/\/municipales.org.ar\/festram\/#\/schema\/person\/49096a774c48ce9063df4d59ec059f9e\",\"name\":\"mun_admin\"}]}<\/script>\n<!-- \/ Yoast SEO plugin. -->","yoast_head_json":{"title":"Sobre el Paro de la CGT &#8211; FESTRAM","description":"Graves decisiones del Gobernador e Intendentes.","robots":{"index":"index","follow":"follow","max-snippet":"max-snippet:-1","max-image-preview":"max-image-preview:large","max-video-preview":"max-video-preview:-1"},"canonical":"https:\/\/municipales.org.ar\/festram\/sobre-el-paro-de-la-cgt\/","og_locale":"es_ES","og_type":"article","og_title":"Sobre el Paro de la CGT &#8211; FESTRAM","og_description":"Graves decisiones del Gobernador e Intendentes.","og_url":"https:\/\/municipales.org.ar\/festram\/sobre-el-paro-de-la-cgt\/","og_site_name":"FESTRAM","article_publisher":"https:\/\/www.facebook.com\/MunicipalesSF","article_published_time":"2025-04-12T22:06:16+00:00","article_modified_time":"2025-05-01T01:14:10+00:00","og_image":[{"width":1920,"height":1069,"url":"https:\/\/municipales.org.ar\/festram\/wp-content\/uploads\/2025\/04\/Paro-Municipales.-Ladran-Sancho-9-scaled-1.jpg","type":"image\/jpeg"}],"author":"mun_admin","twitter_card":"summary_large_image","twitter_creator":"@MunicipalesSF","twitter_site":"@MunicipalesSF","twitter_misc":{"Escrito por":"mun_admin","Tiempo de lectura":"2 minutos"},"schema":{"@context":"https:\/\/schema.org","@graph":[{"@type":"Article","@id":"https:\/\/municipales.org.ar\/festram\/sobre-el-paro-de-la-cgt\/#article","isPartOf":{"@id":"https:\/\/municipales.org.ar\/festram\/sobre-el-paro-de-la-cgt\/"},"author":{"name":"mun_admin","@id":"https:\/\/municipales.org.ar\/festram\/#\/schema\/person\/49096a774c48ce9063df4d59ec059f9e"},"headline":"Sobre el Paro de la CGT","datePublished":"2025-04-12T22:06:16+00:00","dateModified":"2025-05-01T01:14:10+00:00","mainEntityOfPage":{"@id":"https:\/\/municipales.org.ar\/festram\/sobre-el-paro-de-la-cgt\/"},"wordCount":303,"publisher":{"@id":"https:\/\/municipales.org.ar\/festram\/#organization"},"image":{"@id":"https:\/\/municipales.org.ar\/festram\/sobre-el-paro-de-la-cgt\/#primaryimage"},"thumbnailUrl":"https:\/\/municipales.org.ar\/festram\/wp-content\/uploads\/2025\/04\/Paro-Municipales.-Ladran-Sancho-9-scaled-1.jpg","keywords":["CGT","el pa\u00eds","la provincia","medidas de fuerza"],"articleSection":["Comunicados 2025"],"inLanguage":"es"},{"@type":"WebPage","@id":"https:\/\/municipales.org.ar\/festram\/sobre-el-paro-de-la-cgt\/","url":"https:\/\/municipales.org.ar\/festram\/sobre-el-paro-de-la-cgt\/","name":"Sobre el Paro de la CGT &#8211; FESTRAM","isPartOf":{"@id":"https:\/\/municipales.org.ar\/festram\/#website"},"primaryImageOfPage":{"@id":"https:\/\/municipales.org.ar\/festram\/sobre-el-paro-de-la-cgt\/#primaryimage"},"image":{"@id":"https:\/\/municipales.org.ar\/festram\/sobre-el-paro-de-la-cgt\/#primaryimage"},"thumbnailUrl":"https:\/\/municipales.org.ar\/festram\/wp-content\/uploads\/2025\/04\/Paro-Municipales.-Ladran-Sancho-9-scaled-1.jpg","datePublished":"2025-04-12T22:06:16+00:00","dateModified":"2025-05-01T01:14:10+00:00","description":"Graves decisiones del Gobernador e Intendentes.","breadcrumb":{"@id":"https:\/\/municipales.org.ar\/festram\/sobre-el-paro-de-la-cgt\/#breadcrumb"},"inLanguage":"es","potentialAction":[{"@type":"ReadAction","target":["https:\/\/municipales.org.ar\/festram\/sobre-el-paro-de-la-cgt\/"]}]},{"@type":"ImageObject","inLanguage":"es","@id":"https:\/\/municipales.org.ar\/festram\/sobre-el-paro-de-la-cgt\/#primaryimage","url":"https:\/\/municipales.org.ar\/festram\/wp-content\/uploads\/2025\/04\/Paro-Municipales.-Ladran-Sancho-9-scaled-1.jpg","contentUrl":"https:\/\/municipales.org.ar\/festram\/wp-content\/uploads\/2025\/04\/Paro-Municipales.-Ladran-Sancho-9-scaled-1.jpg","width":1920,"height":1069},{"@type":"BreadcrumbList","@id":"https:\/\/municipales.org.ar\/festram\/sobre-el-paro-de-la-cgt\/#breadcrumb","itemListElement":[{"@type":"ListItem","position":1,"name":"Portada","item":"https:\/\/municipales.org.ar\/festram\/"},{"@type":"ListItem","position":2,"name":"Sobre el Paro de la CGT"}]},{"@type":"WebSite","@id":"https:\/\/municipales.org.ar\/festram\/#website","url":"https:\/\/municipales.org.ar\/festram\/","name":"FESTRAM","description":"La web de los trabajadores municipales","publisher":{"@id":"https:\/\/municipales.org.ar\/festram\/#organization"},"potentialAction":[{"@type":"SearchAction","target":{"@type":"EntryPoint","urlTemplate":"https:\/\/municipales.org.ar\/festram\/?s={search_term_string}"},"query-input":{"@type":"PropertyValueSpecification","valueRequired":true,"valueName":"search_term_string"}}],"inLanguage":"es"},{"@type":"Organization","@id":"https:\/\/municipales.org.ar\/festram\/#organization","name":"Federaci\u00f3n de Sindicatos de Trabajadores Municipales de la Provincia de Santa Fe","url":"https:\/\/municipales.org.ar\/festram\/","logo":{"@type":"ImageObject","inLanguage":"es","@id":"https:\/\/municipales.org.ar\/festram\/#\/schema\/logo\/image\/","url":"https:\/\/www.municipales.org.ar\/festram\/wp-content\/uploads\/2014\/07\/logo_fes.jpg","contentUrl":"https:\/\/www.municipales.org.ar\/festram\/wp-content\/uploads\/2014\/07\/logo_fes.jpg","width":661,"height":673,"caption":"Federaci\u00f3n de Sindicatos de Trabajadores Municipales de la Provincia de Santa Fe"},"image":{"@id":"https:\/\/municipales.org.ar\/festram\/#\/schema\/logo\/image\/"},"sameAs":["https:\/\/www.facebook.com\/MunicipalesSF","https:\/\/x.com\/MunicipalesSF","https:\/\/www.youtube.com\/user\/festram"]},{"@type":"Person","@id":"https:\/\/municipales.org.ar\/festram\/#\/schema\/person\/49096a774c48ce9063df4d59ec059f9e","name":"mun_admin"}]}},"jetpack_publicize_connections":[],"jetpack_featured_media_url":"https:\/\/municipales.org.ar\/festram\/wp-content\/uploads\/2025\/04\/Paro-Municipales.-Ladran-Sancho-9-scaled-1.jpg","jetpack_sharing_enabled":true,"jetpack_likes_enabled":false,"jetpack_shortlink":"https:\/\/wp.me\/p7l4x1-4Do","_links":{"self":[{"href":"https:\/\/municipales.org.ar\/festram\/wp-json\/wp\/v2\/posts\/17818","targetHints":{"allow":["GET"]}}],"collection":[{"href":"https:\/\/municipales.org.ar\/festram\/wp-json\/wp\/v2\/posts"}],"about":[{"href":"https:\/\/municipales.org.ar\/festram\/wp-json\/wp\/v2\/types\/post"}],"author":[{"embeddable":true,"href":"https:\/\/municipales.org.ar\/festram\/wp-json\/wp\/v2\/users\/1"}],"replies":[{"embeddable":true,"href":"https:\/\/municipales.org.ar\/festram\/wp-json\/wp\/v2\/comments?post=17818"}],"version-history":[{"count":1,"href":"https:\/\/municipales.org.ar\/festram\/wp-json\/wp\/v2\/posts\/17818\/revisions"}],"predecessor-version":[{"id":17820,"href":"https:\/\/municipales.org.ar\/festram\/wp-json\/wp\/v2\/posts\/17818\/revisions\/17820"}],"wp:featuredmedia":[{"embeddable":true,"href":"https:\/\/municipales.org.ar\/festram\/wp-json\/wp\/v2\/media\/17819"}],"wp:attachment":[{"href":"https:\/\/municipales.org.ar\/festram\/wp-json\/wp\/v2\/media?parent=17818"}],"wp:term":[{"taxonomy":"category","embeddable":true,"href":"https:\/\/municipales.org.ar\/festram\/wp-json\/wp\/v2\/categories?post=17818"},{"taxonomy":"post_tag","embeddable":true,"href":"https:\/\/municipales.org.ar\/festram\/wp-json\/wp\/v2\/tags?post=17818"}],"curies":[{"name":"wp","href":"https:\/\/api.w.org\/{rel}","templated":true}]}}