{"id":179,"date":"2012-10-15T22:56:13","date_gmt":"2012-10-16T01:56:13","guid":{"rendered":"http:\/\/municipales.org.ar\/festram\/?p=179"},"modified":"2014-06-26T23:31:07","modified_gmt":"2014-06-27T02:31:07","slug":"xi-encuentro-de-trabajadoras-municipales-y-comunales","status":"publish","type":"post","link":"https:\/\/municipales.org.ar\/festram\/xi-encuentro-de-trabajadoras-municipales-y-comunales\/","title":{"rendered":"XI Encuentro de Trabajadoras Municipales y Comunales"},"content":{"rendered":"<h5><strong>El pasado viernes 19 de octubre de 2012 se llev\u00f3 a cabo el XI Encuentro de Trabajadoras Municipales y Comunales. El mismo estuvo organizado por el Sindicato de Rold\u00e1n y se realiz\u00f3 en el predio del country Tierra de Sue\u00f1os<\/strong><\/h5>\n<h4>Programa de Actividades<\/h4>\n<p><em>Lugar: Tierra de Sue\u00f1os 3 . Roldan, Autopista Rosario -Cordoba<\/em><\/p>\n<p>8:30 hs: Recepci\u00f3n de de las delegaciones.<\/p>\n<p>8:45 hs: Acreditaciones.<\/p>\n<p>9:30 hs: Inicio de las actividades:<\/p>\n<ul style=\"list-style-type: square;\">\n<li>Bienvenida a cargo del SITRAM Rold\u00e1n<\/li>\n<li>Palabras del Intendente Municipal.<\/li>\n<li>Apertura del Encuentro a cargo de la Secretaria de Minoridad, Familia y Medio Ambiente, ISABEL MARCO en nombre de Festram y de la Red Provincial de Mujeres<\/li>\n<li>Palabras de la Secretaria General de la Mujer CTM, Victoria Aromataris<\/li>\n<\/ul>\n<p>&nbsp;<\/p>\n<p>[button link=\u00bbhttps:\/\/www.facebook.com\/media\/set\/?set=a.434844379912818.106821.117916918272234&amp;type=3&#8243; icon=\u00bbfa-camera\u00bb side=\u00bbleft\u00bb target=\u00bbblank\u00bb color=\u00bb445bb7&#8243; textcolor=\u00bbffffff\u00bb]Fotos del Encuentro en nuestra p\u00e1gina de Facebook[\/button]<\/p>\n<h4><\/h4>\n<h4>10:30 hs: <strong>I Tema: \u00abFAMILIA, TRABAJO y SINDICATO\u00bb<\/strong><\/h4>\n<p style=\"padding-left: 30px;\">Ponencia a cargo de la Licenciada Sandra Bustamante .<\/p>\n<p>12:00 hs: <strong>Consejo Nacional de las Mujeres. L\u00edneas de Acci\u00f3n. Presentaci\u00f3n del programa de Fortalecimiento Institucional para Organizaciones de la Sociedad Civil.<\/strong><\/p>\n<p style=\"padding-left: 30px;\">Moderadora: Red Provincial de Mujeres<\/p>\n<p>12:45 hs: Almuerzo<\/p>\n<p style=\"padding-left: 30px;\">Realizaci\u00f3n de Encuesta individual.<\/p>\n<p>14:00 hs: Actividad cultural &#8211; art\u00edstica.<\/p>\n<p>15:00 hs:\u00a0<strong>II Tema: \u00abAMPLIAR LA PARTICIPACION , PARA EJERCER DERECHOS\u00bb. Red Provincial de Mujeres Municipales de Festra<\/strong>m<\/p>\n<ul>\n<li>Propuestas y Estrategias de la Red Provincial de Mujeres para promover la participaci\u00f3n de las Mujeres<\/li>\n<li>Difusi\u00f3n de experiencias sobre actividades gremiales, a cargo de Compa\u00f1eras Representativas de Sindicatos Municipales.<\/li>\n<li>\u00a0Trabajo Grupal<\/li>\n<\/ul>\n<p>15:40 hs. Lectura de conclusiones de los Talleres<\/p>\n<p>16:30 hs: Evaluaci\u00f3n del Encuentro a cargo de la Red Provincial de Mujeres<\/p>\n<p>16:40 hs: Inicio acto clausura.<\/p>\n<ul>\n<li>Palabras de Autoridad Invitada.<\/li>\n<li>Palabras de Invitada Nacional.<\/li>\n<li>Clausura del XI ENCUENTRO, a cargo del Secretario General de Festram, Claudio Leoni.<\/li>\n<li>Entrega de Diplomas.<\/li>\n<\/ul>\n<p>18:00 hs: Fin del Encuentro<\/p>\n<pre>\r\nIsabel MARCO. Secretaria de Minoridad, Familia y Medio Ambiente\r\nClaudio LEONI. Secretario General<\/pre>\n","protected":false},"excerpt":{"rendered":"<p>El pasado viernes 19 de octubre de 2012 se llev\u00f3 a cabo el XI Encuentro de Trabajadoras Municipales y Comunales. El mismo estuvo organizado por el Sindicato de Rold\u00e1n y se realiz\u00f3 en el predio del country Tierra de Sue\u00f1os<\/p>\n","protected":false},"author":4,"featured_media":9117,"comment_status":"closed","ping_status":"closed","sticky":false,"template":"","format":"standard","meta":{"_jetpack_memberships_contains_paid_content":false,"footnotes":"","jetpack_publicize_message":"","jetpack_publicize_feature_enabled":true,"jetpack_social_post_already_shared":false,"jetpack_social_options":{"image_generator_settings":{"template":"highway","default_image_id":0,"font":"","enabled":false},"version":2}},"categories":[50],"tags":[87],"class_list":["post-179","post","type-post","status-publish","format-standard","has-post-thumbnail","hentry","category-genero","tag-genero-2"],"yoast_head":"<!-- This site is optimized with the Yoast SEO plugin v25.9 - https:\/\/yoast.com\/wordpress\/plugins\/seo\/ -->\n<title>XI Encuentro de Trabajadoras Municipales y Comunales &#8211; FESTRAM<\/title>\n<meta name=\"description\" content=\"El pasado viernes 19 de octubre de 2012 se llev\u00f3 a cabo el XI Encuentro de Trabajadoras Municipales y Comunales. El mismo estuvo organizado por el Sindicato de Rold\u00e1n y se realiz\u00f3 en el predio del country Tierra de Sue\u00f1os\" \/>\n<meta name=\"robots\" content=\"index, follow, max-snippet:-1, max-image-preview:large, max-video-preview:-1\" \/>\n<link rel=\"canonical\" href=\"https:\/\/municipales.org.ar\/festram\/xi-encuentro-de-trabajadoras-municipales-y-comunales\/\" \/>\n<meta property=\"og:locale\" content=\"es_ES\" \/>\n<meta property=\"og:type\" content=\"article\" \/>\n<meta property=\"og:title\" content=\"XI Encuentro de Trabajadoras Municipales y Comunales &#8211; FESTRAM\" \/>\n<meta property=\"og:description\" content=\"El pasado viernes 19 de octubre de 2012 se llev\u00f3 a cabo el XI Encuentro de Trabajadoras Municipales y Comunales. El mismo estuvo organizado por el Sindicato de Rold\u00e1n y se realiz\u00f3 en el predio del country Tierra de Sue\u00f1os\" \/>\n<meta property=\"og:url\" content=\"https:\/\/municipales.org.ar\/festram\/xi-encuentro-de-trabajadoras-municipales-y-comunales\/\" \/>\n<meta property=\"og:site_name\" content=\"FESTRAM\" \/>\n<meta property=\"article:publisher\" content=\"https:\/\/www.facebook.com\/MunicipalesSF\" \/>\n<meta property=\"article:published_time\" content=\"2012-10-16T01:56:13+00:00\" \/>\n<meta property=\"article:modified_time\" content=\"2014-06-27T02:31:07+00:00\" \/>\n<meta property=\"og:image\" content=\"https:\/\/municipales.org.ar\/festram\/wp-content\/uploads\/2012\/10\/mujeres2012.jpg\" \/>\n\t<meta property=\"og:image:width\" content=\"1500\" \/>\n\t<meta property=\"og:image:height\" content=\"673\" \/>\n\t<meta property=\"og:image:type\" content=\"image\/jpeg\" \/>\n<meta name=\"author\" content=\"wp_admin\" \/>\n<meta name=\"twitter:card\" content=\"summary_large_image\" \/>\n<meta name=\"twitter:creator\" content=\"@MunicipalesSF\" \/>\n<meta name=\"twitter:site\" content=\"@MunicipalesSF\" \/>\n<meta name=\"twitter:label1\" content=\"Escrito por\" \/>\n\t<meta name=\"twitter:data1\" content=\"wp_admin\" \/>\n\t<meta name=\"twitter:label2\" content=\"Tiempo de lectura\" \/>\n\t<meta name=\"twitter:data2\" content=\"2 minutos\" \/>\n<script type=\"application\/ld+json\" class=\"yoast-schema-graph\">{\"@context\":\"https:\/\/schema.org\",\"@graph\":[{\"@type\":\"Article\",\"@id\":\"https:\/\/municipales.org.ar\/festram\/xi-encuentro-de-trabajadoras-municipales-y-comunales\/#article\",\"isPartOf\":{\"@id\":\"https:\/\/municipales.org.ar\/festram\/xi-encuentro-de-trabajadoras-municipales-y-comunales\/\"},\"author\":{\"name\":\"wp_admin\",\"@id\":\"https:\/\/municipales.org.ar\/festram\/#\/schema\/person\/bfcbda16ea802e17decda561ec6e62d3\"},\"headline\":\"XI Encuentro de Trabajadoras Municipales y Comunales\",\"datePublished\":\"2012-10-16T01:56:13+00:00\",\"dateModified\":\"2014-06-27T02:31:07+00:00\",\"mainEntityOfPage\":{\"@id\":\"https:\/\/municipales.org.ar\/festram\/xi-encuentro-de-trabajadoras-municipales-y-comunales\/\"},\"wordCount\":315,\"publisher\":{\"@id\":\"https:\/\/municipales.org.ar\/festram\/#organization\"},\"image\":{\"@id\":\"https:\/\/municipales.org.ar\/festram\/xi-encuentro-de-trabajadoras-municipales-y-comunales\/#primaryimage\"},\"thumbnailUrl\":\"https:\/\/municipales.org.ar\/festram\/wp-content\/uploads\/2012\/10\/mujeres2012.jpg\",\"keywords\":[\"g\u00e9nero\"],\"articleSection\":[\"G\u00e9nero\"],\"inLanguage\":\"es\"},{\"@type\":\"WebPage\",\"@id\":\"https:\/\/municipales.org.ar\/festram\/xi-encuentro-de-trabajadoras-municipales-y-comunales\/\",\"url\":\"https:\/\/municipales.org.ar\/festram\/xi-encuentro-de-trabajadoras-municipales-y-comunales\/\",\"name\":\"XI Encuentro de Trabajadoras Municipales y Comunales &#8211; FESTRAM\",\"isPartOf\":{\"@id\":\"https:\/\/municipales.org.ar\/festram\/#website\"},\"primaryImageOfPage\":{\"@id\":\"https:\/\/municipales.org.ar\/festram\/xi-encuentro-de-trabajadoras-municipales-y-comunales\/#primaryimage\"},\"image\":{\"@id\":\"https:\/\/municipales.org.ar\/festram\/xi-encuentro-de-trabajadoras-municipales-y-comunales\/#primaryimage\"},\"thumbnailUrl\":\"https:\/\/municipales.org.ar\/festram\/wp-content\/uploads\/2012\/10\/mujeres2012.jpg\",\"datePublished\":\"2012-10-16T01:56:13+00:00\",\"dateModified\":\"2014-06-27T02:31:07+00:00\",\"description\":\"El pasado viernes 19 de octubre de 2012 se llev\u00f3 a cabo el XI Encuentro de Trabajadoras Municipales y Comunales. El mismo estuvo organizado por el Sindicato de Rold\u00e1n y se realiz\u00f3 en el predio del country Tierra de Sue\u00f1os\",\"breadcrumb\":{\"@id\":\"https:\/\/municipales.org.ar\/festram\/xi-encuentro-de-trabajadoras-municipales-y-comunales\/#breadcrumb\"},\"inLanguage\":\"es\",\"potentialAction\":[{\"@type\":\"ReadAction\",\"target\":[\"https:\/\/municipales.org.ar\/festram\/xi-encuentro-de-trabajadoras-municipales-y-comunales\/\"]}]},{\"@type\":\"ImageObject\",\"inLanguage\":\"es\",\"@id\":\"https:\/\/municipales.org.ar\/festram\/xi-encuentro-de-trabajadoras-municipales-y-comunales\/#primaryimage\",\"url\":\"https:\/\/municipales.org.ar\/festram\/wp-content\/uploads\/2012\/10\/mujeres2012.jpg\",\"contentUrl\":\"https:\/\/municipales.org.ar\/festram\/wp-content\/uploads\/2012\/10\/mujeres2012.jpg\",\"width\":1500,\"height\":673},{\"@type\":\"BreadcrumbList\",\"@id\":\"https:\/\/municipales.org.ar\/festram\/xi-encuentro-de-trabajadoras-municipales-y-comunales\/#breadcrumb\",\"itemListElement\":[{\"@type\":\"ListItem\",\"position\":1,\"name\":\"Portada\",\"item\":\"https:\/\/municipales.org.ar\/festram\/\"},{\"@type\":\"ListItem\",\"position\":2,\"name\":\"XI Encuentro de Trabajadoras Municipales y Comunales\"}]},{\"@type\":\"WebSite\",\"@id\":\"https:\/\/municipales.org.ar\/festram\/#website\",\"url\":\"https:\/\/municipales.org.ar\/festram\/\",\"name\":\"FESTRAM\",\"description\":\"La web de los trabajadores municipales\",\"publisher\":{\"@id\":\"https:\/\/municipales.org.ar\/festram\/#organization\"},\"potentialAction\":[{\"@type\":\"SearchAction\",\"target\":{\"@type\":\"EntryPoint\",\"urlTemplate\":\"https:\/\/municipales.org.ar\/festram\/?s={search_term_string}\"},\"query-input\":{\"@type\":\"PropertyValueSpecification\",\"valueRequired\":true,\"valueName\":\"search_term_string\"}}],\"inLanguage\":\"es\"},{\"@type\":\"Organization\",\"@id\":\"https:\/\/municipales.org.ar\/festram\/#organization\",\"name\":\"Federaci\u00f3n de Sindicatos de Trabajadores Municipales de la Provincia de Santa Fe\",\"url\":\"https:\/\/municipales.org.ar\/festram\/\",\"logo\":{\"@type\":\"ImageObject\",\"inLanguage\":\"es\",\"@id\":\"https:\/\/municipales.org.ar\/festram\/#\/schema\/logo\/image\/\",\"url\":\"https:\/\/www.municipales.org.ar\/festram\/wp-content\/uploads\/2014\/07\/logo_fes.jpg\",\"contentUrl\":\"https:\/\/www.municipales.org.ar\/festram\/wp-content\/uploads\/2014\/07\/logo_fes.jpg\",\"width\":661,\"height\":673,\"caption\":\"Federaci\u00f3n de Sindicatos de Trabajadores Municipales de la Provincia de Santa Fe\"},\"image\":{\"@id\":\"https:\/\/municipales.org.ar\/festram\/#\/schema\/logo\/image\/\"},\"sameAs\":[\"https:\/\/www.facebook.com\/MunicipalesSF\",\"https:\/\/x.com\/MunicipalesSF\",\"https:\/\/www.youtube.com\/user\/festram\"]},{\"@type\":\"Person\",\"@id\":\"https:\/\/municipales.org.ar\/festram\/#\/schema\/person\/bfcbda16ea802e17decda561ec6e62d3\",\"name\":\"wp_admin\"}]}<\/script>\n<!-- \/ Yoast SEO plugin. -->","yoast_head_json":{"title":"XI Encuentro de Trabajadoras Municipales y Comunales &#8211; FESTRAM","description":"El pasado viernes 19 de octubre de 2012 se llev\u00f3 a cabo el XI Encuentro de Trabajadoras Municipales y Comunales. El mismo estuvo organizado por el Sindicato de Rold\u00e1n y se realiz\u00f3 en el predio del country Tierra de Sue\u00f1os","robots":{"index":"index","follow":"follow","max-snippet":"max-snippet:-1","max-image-preview":"max-image-preview:large","max-video-preview":"max-video-preview:-1"},"canonical":"https:\/\/municipales.org.ar\/festram\/xi-encuentro-de-trabajadoras-municipales-y-comunales\/","og_locale":"es_ES","og_type":"article","og_title":"XI Encuentro de Trabajadoras Municipales y Comunales &#8211; FESTRAM","og_description":"El pasado viernes 19 de octubre de 2012 se llev\u00f3 a cabo el XI Encuentro de Trabajadoras Municipales y Comunales. El mismo estuvo organizado por el Sindicato de Rold\u00e1n y se realiz\u00f3 en el predio del country Tierra de Sue\u00f1os","og_url":"https:\/\/municipales.org.ar\/festram\/xi-encuentro-de-trabajadoras-municipales-y-comunales\/","og_site_name":"FESTRAM","article_publisher":"https:\/\/www.facebook.com\/MunicipalesSF","article_published_time":"2012-10-16T01:56:13+00:00","article_modified_time":"2014-06-27T02:31:07+00:00","og_image":[{"width":1500,"height":673,"url":"https:\/\/municipales.org.ar\/festram\/wp-content\/uploads\/2012\/10\/mujeres2012.jpg","type":"image\/jpeg"}],"author":"wp_admin","twitter_card":"summary_large_image","twitter_creator":"@MunicipalesSF","twitter_site":"@MunicipalesSF","twitter_misc":{"Escrito por":"wp_admin","Tiempo de lectura":"2 minutos"},"schema":{"@context":"https:\/\/schema.org","@graph":[{"@type":"Article","@id":"https:\/\/municipales.org.ar\/festram\/xi-encuentro-de-trabajadoras-municipales-y-comunales\/#article","isPartOf":{"@id":"https:\/\/municipales.org.ar\/festram\/xi-encuentro-de-trabajadoras-municipales-y-comunales\/"},"author":{"name":"wp_admin","@id":"https:\/\/municipales.org.ar\/festram\/#\/schema\/person\/bfcbda16ea802e17decda561ec6e62d3"},"headline":"XI Encuentro de Trabajadoras Municipales y Comunales","datePublished":"2012-10-16T01:56:13+00:00","dateModified":"2014-06-27T02:31:07+00:00","mainEntityOfPage":{"@id":"https:\/\/municipales.org.ar\/festram\/xi-encuentro-de-trabajadoras-municipales-y-comunales\/"},"wordCount":315,"publisher":{"@id":"https:\/\/municipales.org.ar\/festram\/#organization"},"image":{"@id":"https:\/\/municipales.org.ar\/festram\/xi-encuentro-de-trabajadoras-municipales-y-comunales\/#primaryimage"},"thumbnailUrl":"https:\/\/municipales.org.ar\/festram\/wp-content\/uploads\/2012\/10\/mujeres2012.jpg","keywords":["g\u00e9nero"],"articleSection":["G\u00e9nero"],"inLanguage":"es"},{"@type":"WebPage","@id":"https:\/\/municipales.org.ar\/festram\/xi-encuentro-de-trabajadoras-municipales-y-comunales\/","url":"https:\/\/municipales.org.ar\/festram\/xi-encuentro-de-trabajadoras-municipales-y-comunales\/","name":"XI Encuentro de Trabajadoras Municipales y Comunales &#8211; FESTRAM","isPartOf":{"@id":"https:\/\/municipales.org.ar\/festram\/#website"},"primaryImageOfPage":{"@id":"https:\/\/municipales.org.ar\/festram\/xi-encuentro-de-trabajadoras-municipales-y-comunales\/#primaryimage"},"image":{"@id":"https:\/\/municipales.org.ar\/festram\/xi-encuentro-de-trabajadoras-municipales-y-comunales\/#primaryimage"},"thumbnailUrl":"https:\/\/municipales.org.ar\/festram\/wp-content\/uploads\/2012\/10\/mujeres2012.jpg","datePublished":"2012-10-16T01:56:13+00:00","dateModified":"2014-06-27T02:31:07+00:00","description":"El pasado viernes 19 de octubre de 2012 se llev\u00f3 a cabo el XI Encuentro de Trabajadoras Municipales y Comunales. El mismo estuvo organizado por el Sindicato de Rold\u00e1n y se realiz\u00f3 en el predio del country Tierra de Sue\u00f1os","breadcrumb":{"@id":"https:\/\/municipales.org.ar\/festram\/xi-encuentro-de-trabajadoras-municipales-y-comunales\/#breadcrumb"},"inLanguage":"es","potentialAction":[{"@type":"ReadAction","target":["https:\/\/municipales.org.ar\/festram\/xi-encuentro-de-trabajadoras-municipales-y-comunales\/"]}]},{"@type":"ImageObject","inLanguage":"es","@id":"https:\/\/municipales.org.ar\/festram\/xi-encuentro-de-trabajadoras-municipales-y-comunales\/#primaryimage","url":"https:\/\/municipales.org.ar\/festram\/wp-content\/uploads\/2012\/10\/mujeres2012.jpg","contentUrl":"https:\/\/municipales.org.ar\/festram\/wp-content\/uploads\/2012\/10\/mujeres2012.jpg","width":1500,"height":673},{"@type":"BreadcrumbList","@id":"https:\/\/municipales.org.ar\/festram\/xi-encuentro-de-trabajadoras-municipales-y-comunales\/#breadcrumb","itemListElement":[{"@type":"ListItem","position":1,"name":"Portada","item":"https:\/\/municipales.org.ar\/festram\/"},{"@type":"ListItem","position":2,"name":"XI Encuentro de Trabajadoras Municipales y Comunales"}]},{"@type":"WebSite","@id":"https:\/\/municipales.org.ar\/festram\/#website","url":"https:\/\/municipales.org.ar\/festram\/","name":"FESTRAM","description":"La web de los trabajadores municipales","publisher":{"@id":"https:\/\/municipales.org.ar\/festram\/#organization"},"potentialAction":[{"@type":"SearchAction","target":{"@type":"EntryPoint","urlTemplate":"https:\/\/municipales.org.ar\/festram\/?s={search_term_string}"},"query-input":{"@type":"PropertyValueSpecification","valueRequired":true,"valueName":"search_term_string"}}],"inLanguage":"es"},{"@type":"Organization","@id":"https:\/\/municipales.org.ar\/festram\/#organization","name":"Federaci\u00f3n de Sindicatos de Trabajadores Municipales de la Provincia de Santa Fe","url":"https:\/\/municipales.org.ar\/festram\/","logo":{"@type":"ImageObject","inLanguage":"es","@id":"https:\/\/municipales.org.ar\/festram\/#\/schema\/logo\/image\/","url":"https:\/\/www.municipales.org.ar\/festram\/wp-content\/uploads\/2014\/07\/logo_fes.jpg","contentUrl":"https:\/\/www.municipales.org.ar\/festram\/wp-content\/uploads\/2014\/07\/logo_fes.jpg","width":661,"height":673,"caption":"Federaci\u00f3n de Sindicatos de Trabajadores Municipales de la Provincia de Santa Fe"},"image":{"@id":"https:\/\/municipales.org.ar\/festram\/#\/schema\/logo\/image\/"},"sameAs":["https:\/\/www.facebook.com\/MunicipalesSF","https:\/\/x.com\/MunicipalesSF","https:\/\/www.youtube.com\/user\/festram"]},{"@type":"Person","@id":"https:\/\/municipales.org.ar\/festram\/#\/schema\/person\/bfcbda16ea802e17decda561ec6e62d3","name":"wp_admin"}]}},"jetpack_publicize_connections":[],"jetpack_featured_media_url":"https:\/\/municipales.org.ar\/festram\/wp-content\/uploads\/2012\/10\/mujeres2012.jpg","jetpack_sharing_enabled":true,"jetpack_likes_enabled":false,"jetpack_shortlink":"https:\/\/wp.me\/p7l4x1-2T","_links":{"self":[{"href":"https:\/\/municipales.org.ar\/festram\/wp-json\/wp\/v2\/posts\/179","targetHints":{"allow":["GET"]}}],"collection":[{"href":"https:\/\/municipales.org.ar\/festram\/wp-json\/wp\/v2\/posts"}],"about":[{"href":"https:\/\/municipales.org.ar\/festram\/wp-json\/wp\/v2\/types\/post"}],"author":[{"embeddable":true,"href":"https:\/\/municipales.org.ar\/festram\/wp-json\/wp\/v2\/users\/4"}],"replies":[{"embeddable":true,"href":"https:\/\/municipales.org.ar\/festram\/wp-json\/wp\/v2\/comments?post=179"}],"version-history":[{"count":2,"href":"https:\/\/municipales.org.ar\/festram\/wp-json\/wp\/v2\/posts\/179\/revisions"}],"predecessor-version":[{"id":9118,"href":"https:\/\/municipales.org.ar\/festram\/wp-json\/wp\/v2\/posts\/179\/revisions\/9118"}],"wp:featuredmedia":[{"embeddable":true,"href":"https:\/\/municipales.org.ar\/festram\/wp-json\/wp\/v2\/media\/9117"}],"wp:attachment":[{"href":"https:\/\/municipales.org.ar\/festram\/wp-json\/wp\/v2\/media?parent=179"}],"wp:term":[{"taxonomy":"category","embeddable":true,"href":"https:\/\/municipales.org.ar\/festram\/wp-json\/wp\/v2\/categories?post=179"},{"taxonomy":"post_tag","embeddable":true,"href":"https:\/\/municipales.org.ar\/festram\/wp-json\/wp\/v2\/tags?post=179"}],"curies":[{"name":"wp","href":"https:\/\/api.w.org\/{rel}","templated":true}]}}