{"id":18558,"date":"2025-09-29T16:17:24","date_gmt":"2025-09-29T19:17:24","guid":{"rendered":"https:\/\/municipales.org.ar\/festram\/?p=18558"},"modified":"2025-12-04T21:01:17","modified_gmt":"2025-12-05T00:01:17","slug":"festram-avanza-en-medidas-de-fuerza-por-la-caja-municipal-de-jubilaciones-y-pensiones-de-santa-fe","status":"publish","type":"post","link":"https:\/\/municipales.org.ar\/festram\/festram-avanza-en-medidas-de-fuerza-por-la-caja-municipal-de-jubilaciones-y-pensiones-de-santa-fe\/","title":{"rendered":"FESTRAM avanza en medidas de fuerza por la Caja Municipal de Jubilaciones y Pensiones de Santa Fe"},"content":{"rendered":"\n<p><\/p>\n\n\n\n<p><\/p>\n\n\n\n<h2 class=\"wp-block-heading\">Luego de la reuni\u00f3n con Intendentes, Secretarios de Gabinetes y Presidentes Comunales que forman parte de las 51 localidades adheridas a la Caja Municipal de Jubilaciones y Pensiones, FESTRAM insisti\u00f3 en el pedido de audiencia al Intendente Juan Pablo Poletti.<\/h2>\n\n\n\n<p>Hasta el d\u00eda de la fecha no hubo respuesta con lo cual la Federaci\u00f3n analiza la implementaci\u00f3n de un plan de lucha.<\/p>\n\n\n\n<p>Reiteramos que la situaci\u00f3n generada por el Intendente Poletti -a trav\u00e9s de la Resoluci\u00f3n 595\/25 donde dispone la creaci\u00f3n de una Comisi\u00f3n que eleve un informe y propuesta al Ejecutivo- sobre el contexto actual de dicha Caja y por los criterios que la entidad est\u00e1 utilizando v\u00eda auditor\u00edas y reclamos millonarios para la regularizaci\u00f3n de circunstancias concretas que se presentan en Municipalidades y Comunas, sin dar respuesta en muchos casos a temas puntuales o planteos particulares que se le efect\u00faan desde los Ejecutivos Locales, profundiza el malestar de Administraciones Locales adem\u00e1s de perjudicar a los activos y pasivos del sector.<\/p>\n\n\n\n<p>Esto implica tambi\u00e9n, la posibilidad de que se estudie y eval\u00fae la creaci\u00f3n de un nuevo Ente Previsional que abarque los Municipios y Comunas que hoy son perjudicados por la Caja de Santa Fe.<\/p>\n\n\n\n<h6 class=\"wp-block-heading\">Prensa FESTRAM<\/h6>\n\n\n\n<p><\/p>\n\n\n\n<figure class=\"wp-block-gallery has-nested-images columns-default is-cropped wp-block-gallery-1 is-layout-flex wp-block-gallery-is-layout-flex\">\n<figure class=\"wp-block-image size-large\"><img loading=\"lazy\" decoding=\"async\" width=\"1024\" height=\"682\" data-id=\"18563\" src=\"https:\/\/municipales.org.ar\/festram\/wp-content\/uploads\/2025\/09\/PHOTO-2025-09-24-13-53-56-1024x682.jpg\" alt=\"\" class=\"wp-image-18563\" srcset=\"https:\/\/municipales.org.ar\/festram\/wp-content\/uploads\/2025\/09\/PHOTO-2025-09-24-13-53-56-1024x682.jpg 1024w, https:\/\/municipales.org.ar\/festram\/wp-content\/uploads\/2025\/09\/PHOTO-2025-09-24-13-53-56-300x200.jpg 300w, https:\/\/municipales.org.ar\/festram\/wp-content\/uploads\/2025\/09\/PHOTO-2025-09-24-13-53-56-768x512.jpg 768w, https:\/\/municipales.org.ar\/festram\/wp-content\/uploads\/2025\/09\/PHOTO-2025-09-24-13-53-56-1536x1023.jpg 1536w, https:\/\/municipales.org.ar\/festram\/wp-content\/uploads\/2025\/09\/PHOTO-2025-09-24-13-53-56.jpg 1600w\" sizes=\"auto, (max-width: 1024px) 100vw, 1024px\" \/><\/figure>\n\n\n\n<figure class=\"wp-block-image size-large\"><img loading=\"lazy\" decoding=\"async\" width=\"1024\" height=\"682\" data-id=\"18566\" src=\"https:\/\/municipales.org.ar\/festram\/wp-content\/uploads\/2025\/09\/PHOTO-2025-09-24-13-54-06-1024x682.jpg\" alt=\"\" class=\"wp-image-18566\" srcset=\"https:\/\/municipales.org.ar\/festram\/wp-content\/uploads\/2025\/09\/PHOTO-2025-09-24-13-54-06-1024x682.jpg 1024w, https:\/\/municipales.org.ar\/festram\/wp-content\/uploads\/2025\/09\/PHOTO-2025-09-24-13-54-06-300x200.jpg 300w, https:\/\/municipales.org.ar\/festram\/wp-content\/uploads\/2025\/09\/PHOTO-2025-09-24-13-54-06-768x512.jpg 768w, https:\/\/municipales.org.ar\/festram\/wp-content\/uploads\/2025\/09\/PHOTO-2025-09-24-13-54-06-1536x1023.jpg 1536w, https:\/\/municipales.org.ar\/festram\/wp-content\/uploads\/2025\/09\/PHOTO-2025-09-24-13-54-06.jpg 1600w\" sizes=\"auto, (max-width: 1024px) 100vw, 1024px\" \/><\/figure>\n\n\n\n<figure class=\"wp-block-image size-large\"><img loading=\"lazy\" decoding=\"async\" width=\"640\" height=\"426\" data-id=\"18562\" src=\"https:\/\/municipales.org.ar\/festram\/wp-content\/uploads\/2025\/09\/PHOTO-2025-09-24-13-54-08.jpg\" alt=\"\" class=\"wp-image-18562\" srcset=\"https:\/\/municipales.org.ar\/festram\/wp-content\/uploads\/2025\/09\/PHOTO-2025-09-24-13-54-08.jpg 640w, https:\/\/municipales.org.ar\/festram\/wp-content\/uploads\/2025\/09\/PHOTO-2025-09-24-13-54-08-300x200.jpg 300w\" sizes=\"auto, (max-width: 640px) 100vw, 640px\" \/><\/figure>\n\n\n\n<figure class=\"wp-block-image size-large\"><img loading=\"lazy\" decoding=\"async\" width=\"1024\" height=\"682\" data-id=\"18564\" src=\"https:\/\/municipales.org.ar\/festram\/wp-content\/uploads\/2025\/09\/PHOTO-2025-09-24-13-54-14-1024x682.jpg\" alt=\"\" class=\"wp-image-18564\" srcset=\"https:\/\/municipales.org.ar\/festram\/wp-content\/uploads\/2025\/09\/PHOTO-2025-09-24-13-54-14-1024x682.jpg 1024w, https:\/\/municipales.org.ar\/festram\/wp-content\/uploads\/2025\/09\/PHOTO-2025-09-24-13-54-14-300x200.jpg 300w, https:\/\/municipales.org.ar\/festram\/wp-content\/uploads\/2025\/09\/PHOTO-2025-09-24-13-54-14-768x512.jpg 768w, https:\/\/municipales.org.ar\/festram\/wp-content\/uploads\/2025\/09\/PHOTO-2025-09-24-13-54-14-1536x1023.jpg 1536w, https:\/\/municipales.org.ar\/festram\/wp-content\/uploads\/2025\/09\/PHOTO-2025-09-24-13-54-14.jpg 1600w\" sizes=\"auto, (max-width: 1024px) 100vw, 1024px\" \/><\/figure>\n\n\n\n<figure class=\"wp-block-image size-large\"><img loading=\"lazy\" decoding=\"async\" width=\"1024\" height=\"682\" data-id=\"18567\" src=\"https:\/\/municipales.org.ar\/festram\/wp-content\/uploads\/2025\/09\/PHOTO-2025-09-24-13-54-15-1-1024x682.jpg\" alt=\"\" class=\"wp-image-18567\" srcset=\"https:\/\/municipales.org.ar\/festram\/wp-content\/uploads\/2025\/09\/PHOTO-2025-09-24-13-54-15-1-1024x682.jpg 1024w, https:\/\/municipales.org.ar\/festram\/wp-content\/uploads\/2025\/09\/PHOTO-2025-09-24-13-54-15-1-300x200.jpg 300w, https:\/\/municipales.org.ar\/festram\/wp-content\/uploads\/2025\/09\/PHOTO-2025-09-24-13-54-15-1-768x512.jpg 768w, https:\/\/municipales.org.ar\/festram\/wp-content\/uploads\/2025\/09\/PHOTO-2025-09-24-13-54-15-1-1536x1023.jpg 1536w, https:\/\/municipales.org.ar\/festram\/wp-content\/uploads\/2025\/09\/PHOTO-2025-09-24-13-54-15-1.jpg 1600w\" sizes=\"auto, (max-width: 1024px) 100vw, 1024px\" \/><\/figure>\n\n\n\n<figure class=\"wp-block-image size-large\"><img loading=\"lazy\" decoding=\"async\" width=\"1024\" height=\"682\" data-id=\"18565\" src=\"https:\/\/municipales.org.ar\/festram\/wp-content\/uploads\/2025\/09\/PHOTO-2025-09-24-13-54-20-1024x682.jpg\" alt=\"\" class=\"wp-image-18565\" srcset=\"https:\/\/municipales.org.ar\/festram\/wp-content\/uploads\/2025\/09\/PHOTO-2025-09-24-13-54-20-1024x682.jpg 1024w, https:\/\/municipales.org.ar\/festram\/wp-content\/uploads\/2025\/09\/PHOTO-2025-09-24-13-54-20-300x200.jpg 300w, https:\/\/municipales.org.ar\/festram\/wp-content\/uploads\/2025\/09\/PHOTO-2025-09-24-13-54-20-768x512.jpg 768w, https:\/\/municipales.org.ar\/festram\/wp-content\/uploads\/2025\/09\/PHOTO-2025-09-24-13-54-20-1536x1023.jpg 1536w, https:\/\/municipales.org.ar\/festram\/wp-content\/uploads\/2025\/09\/PHOTO-2025-09-24-13-54-20.jpg 1600w\" sizes=\"auto, (max-width: 1024px) 100vw, 1024px\" \/><\/figure>\n\n\n\n<figure class=\"wp-block-image size-large\"><img loading=\"lazy\" decoding=\"async\" width=\"1024\" height=\"682\" data-id=\"18568\" src=\"https:\/\/municipales.org.ar\/festram\/wp-content\/uploads\/2025\/09\/PHOTO-2025-09-24-13-54-25-1-1024x682.jpg\" alt=\"\" class=\"wp-image-18568\" srcset=\"https:\/\/municipales.org.ar\/festram\/wp-content\/uploads\/2025\/09\/PHOTO-2025-09-24-13-54-25-1-1024x682.jpg 1024w, https:\/\/municipales.org.ar\/festram\/wp-content\/uploads\/2025\/09\/PHOTO-2025-09-24-13-54-25-1-300x200.jpg 300w, https:\/\/municipales.org.ar\/festram\/wp-content\/uploads\/2025\/09\/PHOTO-2025-09-24-13-54-25-1-768x512.jpg 768w, https:\/\/municipales.org.ar\/festram\/wp-content\/uploads\/2025\/09\/PHOTO-2025-09-24-13-54-25-1-1536x1023.jpg 1536w, https:\/\/municipales.org.ar\/festram\/wp-content\/uploads\/2025\/09\/PHOTO-2025-09-24-13-54-25-1.jpg 1600w\" sizes=\"auto, (max-width: 1024px) 100vw, 1024px\" \/><\/figure>\n\n\n\n<figure class=\"wp-block-image size-large\"><img loading=\"lazy\" decoding=\"async\" width=\"1024\" height=\"682\" data-id=\"18569\" src=\"https:\/\/municipales.org.ar\/festram\/wp-content\/uploads\/2025\/09\/PHOTO-2025-09-24-13-54-22-1024x682.jpg\" alt=\"\" class=\"wp-image-18569\" srcset=\"https:\/\/municipales.org.ar\/festram\/wp-content\/uploads\/2025\/09\/PHOTO-2025-09-24-13-54-22-1024x682.jpg 1024w, https:\/\/municipales.org.ar\/festram\/wp-content\/uploads\/2025\/09\/PHOTO-2025-09-24-13-54-22-300x200.jpg 300w, https:\/\/municipales.org.ar\/festram\/wp-content\/uploads\/2025\/09\/PHOTO-2025-09-24-13-54-22-768x512.jpg 768w, https:\/\/municipales.org.ar\/festram\/wp-content\/uploads\/2025\/09\/PHOTO-2025-09-24-13-54-22-1536x1023.jpg 1536w, https:\/\/municipales.org.ar\/festram\/wp-content\/uploads\/2025\/09\/PHOTO-2025-09-24-13-54-22.jpg 1600w\" sizes=\"auto, (max-width: 1024px) 100vw, 1024px\" \/><\/figure>\n\n\n\n<figure class=\"wp-block-image size-large\"><img loading=\"lazy\" decoding=\"async\" width=\"1024\" height=\"682\" data-id=\"18571\" src=\"https:\/\/municipales.org.ar\/festram\/wp-content\/uploads\/2025\/09\/PHOTO-2025-09-24-13-54-25-1024x682.jpg\" alt=\"\" class=\"wp-image-18571\" srcset=\"https:\/\/municipales.org.ar\/festram\/wp-content\/uploads\/2025\/09\/PHOTO-2025-09-24-13-54-25-1024x682.jpg 1024w, https:\/\/municipales.org.ar\/festram\/wp-content\/uploads\/2025\/09\/PHOTO-2025-09-24-13-54-25-300x200.jpg 300w, https:\/\/municipales.org.ar\/festram\/wp-content\/uploads\/2025\/09\/PHOTO-2025-09-24-13-54-25-768x512.jpg 768w, https:\/\/municipales.org.ar\/festram\/wp-content\/uploads\/2025\/09\/PHOTO-2025-09-24-13-54-25-1536x1023.jpg 1536w, https:\/\/municipales.org.ar\/festram\/wp-content\/uploads\/2025\/09\/PHOTO-2025-09-24-13-54-25.jpg 1600w\" sizes=\"auto, (max-width: 1024px) 100vw, 1024px\" \/><\/figure>\n\n\n\n<figure class=\"wp-block-image size-large\"><img loading=\"lazy\" decoding=\"async\" width=\"640\" height=\"426\" data-id=\"18570\" src=\"https:\/\/municipales.org.ar\/festram\/wp-content\/uploads\/2025\/09\/PHOTO-2025-09-24-13-54-29.jpg\" alt=\"\" class=\"wp-image-18570\" srcset=\"https:\/\/municipales.org.ar\/festram\/wp-content\/uploads\/2025\/09\/PHOTO-2025-09-24-13-54-29.jpg 640w, https:\/\/municipales.org.ar\/festram\/wp-content\/uploads\/2025\/09\/PHOTO-2025-09-24-13-54-29-300x200.jpg 300w\" sizes=\"auto, (max-width: 640px) 100vw, 640px\" \/><\/figure>\n\n\n\n<figure class=\"wp-block-image size-large\"><img loading=\"lazy\" decoding=\"async\" width=\"1024\" height=\"682\" data-id=\"18572\" src=\"https:\/\/municipales.org.ar\/festram\/wp-content\/uploads\/2025\/09\/PHOTO-2025-09-24-13-54-30-1024x682.jpg\" alt=\"\" class=\"wp-image-18572\" srcset=\"https:\/\/municipales.org.ar\/festram\/wp-content\/uploads\/2025\/09\/PHOTO-2025-09-24-13-54-30-1024x682.jpg 1024w, https:\/\/municipales.org.ar\/festram\/wp-content\/uploads\/2025\/09\/PHOTO-2025-09-24-13-54-30-300x200.jpg 300w, https:\/\/municipales.org.ar\/festram\/wp-content\/uploads\/2025\/09\/PHOTO-2025-09-24-13-54-30-768x512.jpg 768w, https:\/\/municipales.org.ar\/festram\/wp-content\/uploads\/2025\/09\/PHOTO-2025-09-24-13-54-30-1536x1023.jpg 1536w, https:\/\/municipales.org.ar\/festram\/wp-content\/uploads\/2025\/09\/PHOTO-2025-09-24-13-54-30.jpg 1600w\" sizes=\"auto, (max-width: 1024px) 100vw, 1024px\" \/><\/figure>\n\n\n\n<figure class=\"wp-block-image size-large\"><img loading=\"lazy\" decoding=\"async\" width=\"1024\" height=\"682\" data-id=\"18577\" src=\"https:\/\/municipales.org.ar\/festram\/wp-content\/uploads\/2025\/09\/PHOTO-2025-09-24-13-54-31-1024x682.jpg\" alt=\"\" class=\"wp-image-18577\" srcset=\"https:\/\/municipales.org.ar\/festram\/wp-content\/uploads\/2025\/09\/PHOTO-2025-09-24-13-54-31-1024x682.jpg 1024w, https:\/\/municipales.org.ar\/festram\/wp-content\/uploads\/2025\/09\/PHOTO-2025-09-24-13-54-31-300x200.jpg 300w, https:\/\/municipales.org.ar\/festram\/wp-content\/uploads\/2025\/09\/PHOTO-2025-09-24-13-54-31-768x512.jpg 768w, https:\/\/municipales.org.ar\/festram\/wp-content\/uploads\/2025\/09\/PHOTO-2025-09-24-13-54-31-1536x1023.jpg 1536w, https:\/\/municipales.org.ar\/festram\/wp-content\/uploads\/2025\/09\/PHOTO-2025-09-24-13-54-31.jpg 1600w\" sizes=\"auto, (max-width: 1024px) 100vw, 1024px\" \/><\/figure>\n\n\n\n<figure class=\"wp-block-image size-large\"><img loading=\"lazy\" decoding=\"async\" width=\"1024\" height=\"682\" data-id=\"18574\" src=\"https:\/\/municipales.org.ar\/festram\/wp-content\/uploads\/2025\/09\/PHOTO-2025-09-24-13-54-30-1-1024x682.jpg\" alt=\"\" class=\"wp-image-18574\" srcset=\"https:\/\/municipales.org.ar\/festram\/wp-content\/uploads\/2025\/09\/PHOTO-2025-09-24-13-54-30-1-1024x682.jpg 1024w, https:\/\/municipales.org.ar\/festram\/wp-content\/uploads\/2025\/09\/PHOTO-2025-09-24-13-54-30-1-300x200.jpg 300w, https:\/\/municipales.org.ar\/festram\/wp-content\/uploads\/2025\/09\/PHOTO-2025-09-24-13-54-30-1-768x512.jpg 768w, https:\/\/municipales.org.ar\/festram\/wp-content\/uploads\/2025\/09\/PHOTO-2025-09-24-13-54-30-1-1536x1023.jpg 1536w, https:\/\/municipales.org.ar\/festram\/wp-content\/uploads\/2025\/09\/PHOTO-2025-09-24-13-54-30-1.jpg 1600w\" sizes=\"auto, (max-width: 1024px) 100vw, 1024px\" \/><\/figure>\n\n\n\n<figure class=\"wp-block-image size-large\"><img loading=\"lazy\" decoding=\"async\" width=\"1024\" height=\"682\" data-id=\"18575\" src=\"https:\/\/municipales.org.ar\/festram\/wp-content\/uploads\/2025\/09\/PHOTO-2025-09-24-13-54-32-1024x682.jpg\" alt=\"\" class=\"wp-image-18575\" srcset=\"https:\/\/municipales.org.ar\/festram\/wp-content\/uploads\/2025\/09\/PHOTO-2025-09-24-13-54-32-1024x682.jpg 1024w, https:\/\/municipales.org.ar\/festram\/wp-content\/uploads\/2025\/09\/PHOTO-2025-09-24-13-54-32-300x200.jpg 300w, https:\/\/municipales.org.ar\/festram\/wp-content\/uploads\/2025\/09\/PHOTO-2025-09-24-13-54-32-768x512.jpg 768w, https:\/\/municipales.org.ar\/festram\/wp-content\/uploads\/2025\/09\/PHOTO-2025-09-24-13-54-32-1536x1023.jpg 1536w, https:\/\/municipales.org.ar\/festram\/wp-content\/uploads\/2025\/09\/PHOTO-2025-09-24-13-54-32.jpg 1600w\" sizes=\"auto, (max-width: 1024px) 100vw, 1024px\" \/><\/figure>\n\n\n\n<figure class=\"wp-block-image size-large\"><img loading=\"lazy\" decoding=\"async\" width=\"1024\" height=\"574\" data-id=\"18573\" src=\"https:\/\/municipales.org.ar\/festram\/wp-content\/uploads\/2025\/09\/PHOTO-2025-09-24-13-54-33-1024x574.jpg\" alt=\"\" class=\"wp-image-18573\" srcset=\"https:\/\/municipales.org.ar\/festram\/wp-content\/uploads\/2025\/09\/PHOTO-2025-09-24-13-54-33-1024x574.jpg 1024w, https:\/\/municipales.org.ar\/festram\/wp-content\/uploads\/2025\/09\/PHOTO-2025-09-24-13-54-33-300x168.jpg 300w, https:\/\/municipales.org.ar\/festram\/wp-content\/uploads\/2025\/09\/PHOTO-2025-09-24-13-54-33-768x431.jpg 768w, https:\/\/municipales.org.ar\/festram\/wp-content\/uploads\/2025\/09\/PHOTO-2025-09-24-13-54-33-1536x861.jpg 1536w, https:\/\/municipales.org.ar\/festram\/wp-content\/uploads\/2025\/09\/PHOTO-2025-09-24-13-54-33.jpg 1600w\" sizes=\"auto, (max-width: 1024px) 100vw, 1024px\" \/><\/figure>\n\n\n\n<figure class=\"wp-block-image size-large\"><img loading=\"lazy\" decoding=\"async\" width=\"1024\" height=\"574\" data-id=\"18576\" src=\"https:\/\/municipales.org.ar\/festram\/wp-content\/uploads\/2025\/09\/PHOTO-2025-09-24-13-54-35-1-1024x574.jpg\" alt=\"\" class=\"wp-image-18576\" srcset=\"https:\/\/municipales.org.ar\/festram\/wp-content\/uploads\/2025\/09\/PHOTO-2025-09-24-13-54-35-1-1024x574.jpg 1024w, https:\/\/municipales.org.ar\/festram\/wp-content\/uploads\/2025\/09\/PHOTO-2025-09-24-13-54-35-1-300x168.jpg 300w, https:\/\/municipales.org.ar\/festram\/wp-content\/uploads\/2025\/09\/PHOTO-2025-09-24-13-54-35-1-768x431.jpg 768w, https:\/\/municipales.org.ar\/festram\/wp-content\/uploads\/2025\/09\/PHOTO-2025-09-24-13-54-35-1-1536x861.jpg 1536w, https:\/\/municipales.org.ar\/festram\/wp-content\/uploads\/2025\/09\/PHOTO-2025-09-24-13-54-35-1.jpg 1600w\" sizes=\"auto, (max-width: 1024px) 100vw, 1024px\" \/><\/figure>\n\n\n\n<figure class=\"wp-block-image size-large\"><img loading=\"lazy\" decoding=\"async\" width=\"1024\" height=\"574\" data-id=\"18579\" src=\"https:\/\/municipales.org.ar\/festram\/wp-content\/uploads\/2025\/09\/PHOTO-2025-09-24-13-54-35-1024x574.jpg\" alt=\"\" class=\"wp-image-18579\" srcset=\"https:\/\/municipales.org.ar\/festram\/wp-content\/uploads\/2025\/09\/PHOTO-2025-09-24-13-54-35-1024x574.jpg 1024w, https:\/\/municipales.org.ar\/festram\/wp-content\/uploads\/2025\/09\/PHOTO-2025-09-24-13-54-35-300x168.jpg 300w, https:\/\/municipales.org.ar\/festram\/wp-content\/uploads\/2025\/09\/PHOTO-2025-09-24-13-54-35-768x431.jpg 768w, https:\/\/municipales.org.ar\/festram\/wp-content\/uploads\/2025\/09\/PHOTO-2025-09-24-13-54-35-1536x861.jpg 1536w, https:\/\/municipales.org.ar\/festram\/wp-content\/uploads\/2025\/09\/PHOTO-2025-09-24-13-54-35.jpg 1600w\" sizes=\"auto, (max-width: 1024px) 100vw, 1024px\" \/><\/figure>\n\n\n\n<figure class=\"wp-block-image size-large\"><img loading=\"lazy\" decoding=\"async\" width=\"1024\" height=\"771\" data-id=\"18578\" src=\"https:\/\/municipales.org.ar\/festram\/wp-content\/uploads\/2025\/09\/PHOTO-2025-09-24-13-54-36-1-1024x771.jpg\" alt=\"\" class=\"wp-image-18578\" srcset=\"https:\/\/municipales.org.ar\/festram\/wp-content\/uploads\/2025\/09\/PHOTO-2025-09-24-13-54-36-1-1024x771.jpg 1024w, https:\/\/municipales.org.ar\/festram\/wp-content\/uploads\/2025\/09\/PHOTO-2025-09-24-13-54-36-1-300x226.jpg 300w, https:\/\/municipales.org.ar\/festram\/wp-content\/uploads\/2025\/09\/PHOTO-2025-09-24-13-54-36-1-768x578.jpg 768w, https:\/\/municipales.org.ar\/festram\/wp-content\/uploads\/2025\/09\/PHOTO-2025-09-24-13-54-36-1-1536x1156.jpg 1536w, https:\/\/municipales.org.ar\/festram\/wp-content\/uploads\/2025\/09\/PHOTO-2025-09-24-13-54-36-1.jpg 1600w\" sizes=\"auto, (max-width: 1024px) 100vw, 1024px\" \/><\/figure>\n\n\n\n<figure class=\"wp-block-image size-large\"><img loading=\"lazy\" decoding=\"async\" width=\"1024\" height=\"574\" data-id=\"18580\" src=\"https:\/\/municipales.org.ar\/festram\/wp-content\/uploads\/2025\/09\/PHOTO-2025-09-24-13-54-36-2-1024x574.jpg\" alt=\"\" class=\"wp-image-18580\" srcset=\"https:\/\/municipales.org.ar\/festram\/wp-content\/uploads\/2025\/09\/PHOTO-2025-09-24-13-54-36-2-1024x574.jpg 1024w, https:\/\/municipales.org.ar\/festram\/wp-content\/uploads\/2025\/09\/PHOTO-2025-09-24-13-54-36-2-300x168.jpg 300w, https:\/\/municipales.org.ar\/festram\/wp-content\/uploads\/2025\/09\/PHOTO-2025-09-24-13-54-36-2-768x431.jpg 768w, https:\/\/municipales.org.ar\/festram\/wp-content\/uploads\/2025\/09\/PHOTO-2025-09-24-13-54-36-2-1536x861.jpg 1536w, https:\/\/municipales.org.ar\/festram\/wp-content\/uploads\/2025\/09\/PHOTO-2025-09-24-13-54-36-2.jpg 1600w\" sizes=\"auto, (max-width: 1024px) 100vw, 1024px\" \/><\/figure>\n\n\n\n<figure class=\"wp-block-image size-large\"><img loading=\"lazy\" decoding=\"async\" width=\"1024\" height=\"574\" data-id=\"18581\" src=\"https:\/\/municipales.org.ar\/festram\/wp-content\/uploads\/2025\/09\/PHOTO-2025-09-24-13-54-36-1024x574.jpg\" alt=\"\" class=\"wp-image-18581\" srcset=\"https:\/\/municipales.org.ar\/festram\/wp-content\/uploads\/2025\/09\/PHOTO-2025-09-24-13-54-36-1024x574.jpg 1024w, https:\/\/municipales.org.ar\/festram\/wp-content\/uploads\/2025\/09\/PHOTO-2025-09-24-13-54-36-300x168.jpg 300w, https:\/\/municipales.org.ar\/festram\/wp-content\/uploads\/2025\/09\/PHOTO-2025-09-24-13-54-36-768x431.jpg 768w, https:\/\/municipales.org.ar\/festram\/wp-content\/uploads\/2025\/09\/PHOTO-2025-09-24-13-54-36-1536x861.jpg 1536w, https:\/\/municipales.org.ar\/festram\/wp-content\/uploads\/2025\/09\/PHOTO-2025-09-24-13-54-36.jpg 1600w\" sizes=\"auto, (max-width: 1024px) 100vw, 1024px\" \/><\/figure>\n<\/figure>\n","protected":false},"excerpt":{"rendered":"<p>Luego de la reuni\u00f3n con Intendentes, Secretarios de Gabinetes y Presidentes Comunales que forman parte de las 51 localidades adheridas a la Caja Municipal de Jubilaciones y Pensiones, FESTRAM insisti\u00f3 en el pedido de audiencia al Intendente Juan Pablo Poletti.<\/p>\n","protected":false},"author":1,"featured_media":18559,"comment_status":"closed","ping_status":"closed","sticky":false,"template":"","format":"standard","meta":{"_jetpack_memberships_contains_paid_content":false,"footnotes":"","jetpack_publicize_message":"","jetpack_publicize_feature_enabled":true,"jetpack_social_post_already_shared":true,"jetpack_social_options":{"image_generator_settings":{"template":"highway","default_image_id":0,"font":"","enabled":false},"version":2}},"categories":[257],"tags":[82,258,155],"class_list":["post-18558","post","type-post","status-publish","format-standard","has-post-thumbnail","hentry","category-comunicados-2025","tag-jubilaciones","tag-reforma","tag-santa-fe"],"yoast_head":"<!-- This site is optimized with the Yoast SEO plugin v25.9 - https:\/\/yoast.com\/wordpress\/plugins\/seo\/ -->\n<title>FESTRAM avanza en medidas de fuerza por la Caja Municipal de Jubilaciones y Pensiones de Santa Fe &#8211; FESTRAM<\/title>\n<meta name=\"description\" content=\"Luego de la reuni\u00f3n con Intendentes, Secretarios de Gabinetes y Presidentes Comunales que forman parte de las 51 localidades adheridas a la Caja Municipal de Jubilaciones y Pensiones, FESTRAM insisti\u00f3 en el pedido de audiencia al Intendente Juan Pablo Poletti.\" \/>\n<meta name=\"robots\" content=\"index, follow, max-snippet:-1, max-image-preview:large, max-video-preview:-1\" \/>\n<link rel=\"canonical\" href=\"https:\/\/municipales.org.ar\/festram\/festram-avanza-en-medidas-de-fuerza-por-la-caja-municipal-de-jubilaciones-y-pensiones-de-santa-fe\/\" \/>\n<meta property=\"og:locale\" content=\"es_ES\" \/>\n<meta property=\"og:type\" content=\"article\" \/>\n<meta property=\"og:title\" content=\"FESTRAM avanza en medidas de fuerza por la Caja Municipal de Jubilaciones y Pensiones de Santa Fe &#8211; FESTRAM\" \/>\n<meta property=\"og:description\" content=\"Luego de la reuni\u00f3n con Intendentes, Secretarios de Gabinetes y Presidentes Comunales que forman parte de las 51 localidades adheridas a la Caja Municipal de Jubilaciones y Pensiones, FESTRAM insisti\u00f3 en el pedido de audiencia al Intendente Juan Pablo Poletti.\" \/>\n<meta property=\"og:url\" content=\"https:\/\/municipales.org.ar\/festram\/festram-avanza-en-medidas-de-fuerza-por-la-caja-municipal-de-jubilaciones-y-pensiones-de-santa-fe\/\" \/>\n<meta property=\"og:site_name\" content=\"FESTRAM\" \/>\n<meta property=\"article:publisher\" content=\"https:\/\/www.facebook.com\/MunicipalesSF\" \/>\n<meta property=\"article:published_time\" content=\"2025-09-29T19:17:24+00:00\" \/>\n<meta property=\"article:modified_time\" content=\"2025-12-05T00:01:17+00:00\" \/>\n<meta property=\"og:image\" content=\"https:\/\/municipales.org.ar\/festram\/wp-content\/uploads\/2025\/09\/PHOTO-2025-09-24-13-54-26.jpg\" \/>\n\t<meta property=\"og:image:width\" content=\"1600\" \/>\n\t<meta property=\"og:image:height\" content=\"897\" \/>\n\t<meta property=\"og:image:type\" content=\"image\/jpeg\" \/>\n<meta name=\"author\" content=\"mun_admin\" \/>\n<meta name=\"twitter:card\" content=\"summary_large_image\" \/>\n<meta name=\"twitter:creator\" content=\"@MunicipalesSF\" \/>\n<meta name=\"twitter:site\" content=\"@MunicipalesSF\" \/>\n<meta name=\"twitter:label1\" content=\"Escrito por\" \/>\n\t<meta name=\"twitter:data1\" content=\"mun_admin\" \/>\n\t<meta name=\"twitter:label2\" content=\"Tiempo de lectura\" \/>\n\t<meta name=\"twitter:data2\" content=\"6 minutos\" \/>\n<script type=\"application\/ld+json\" class=\"yoast-schema-graph\">{\"@context\":\"https:\/\/schema.org\",\"@graph\":[{\"@type\":\"Article\",\"@id\":\"https:\/\/municipales.org.ar\/festram\/festram-avanza-en-medidas-de-fuerza-por-la-caja-municipal-de-jubilaciones-y-pensiones-de-santa-fe\/#article\",\"isPartOf\":{\"@id\":\"https:\/\/municipales.org.ar\/festram\/festram-avanza-en-medidas-de-fuerza-por-la-caja-municipal-de-jubilaciones-y-pensiones-de-santa-fe\/\"},\"author\":{\"name\":\"mun_admin\",\"@id\":\"https:\/\/municipales.org.ar\/festram\/#\/schema\/person\/49096a774c48ce9063df4d59ec059f9e\"},\"headline\":\"FESTRAM avanza en medidas de fuerza por la Caja Municipal de Jubilaciones y Pensiones de Santa Fe\",\"datePublished\":\"2025-09-29T19:17:24+00:00\",\"dateModified\":\"2025-12-05T00:01:17+00:00\",\"mainEntityOfPage\":{\"@id\":\"https:\/\/municipales.org.ar\/festram\/festram-avanza-en-medidas-de-fuerza-por-la-caja-municipal-de-jubilaciones-y-pensiones-de-santa-fe\/\"},\"wordCount\":230,\"publisher\":{\"@id\":\"https:\/\/municipales.org.ar\/festram\/#organization\"},\"image\":{\"@id\":\"https:\/\/municipales.org.ar\/festram\/festram-avanza-en-medidas-de-fuerza-por-la-caja-municipal-de-jubilaciones-y-pensiones-de-santa-fe\/#primaryimage\"},\"thumbnailUrl\":\"https:\/\/municipales.org.ar\/festram\/wp-content\/uploads\/2025\/09\/PHOTO-2025-09-24-13-54-26.jpg\",\"keywords\":[\"jubilaciones\",\"reforma\",\"santa fe\"],\"articleSection\":[\"Comunicados 2025\"],\"inLanguage\":\"es\"},{\"@type\":\"WebPage\",\"@id\":\"https:\/\/municipales.org.ar\/festram\/festram-avanza-en-medidas-de-fuerza-por-la-caja-municipal-de-jubilaciones-y-pensiones-de-santa-fe\/\",\"url\":\"https:\/\/municipales.org.ar\/festram\/festram-avanza-en-medidas-de-fuerza-por-la-caja-municipal-de-jubilaciones-y-pensiones-de-santa-fe\/\",\"name\":\"FESTRAM avanza en medidas de fuerza por la Caja Municipal de Jubilaciones y Pensiones de Santa Fe &#8211; FESTRAM\",\"isPartOf\":{\"@id\":\"https:\/\/municipales.org.ar\/festram\/#website\"},\"primaryImageOfPage\":{\"@id\":\"https:\/\/municipales.org.ar\/festram\/festram-avanza-en-medidas-de-fuerza-por-la-caja-municipal-de-jubilaciones-y-pensiones-de-santa-fe\/#primaryimage\"},\"image\":{\"@id\":\"https:\/\/municipales.org.ar\/festram\/festram-avanza-en-medidas-de-fuerza-por-la-caja-municipal-de-jubilaciones-y-pensiones-de-santa-fe\/#primaryimage\"},\"thumbnailUrl\":\"https:\/\/municipales.org.ar\/festram\/wp-content\/uploads\/2025\/09\/PHOTO-2025-09-24-13-54-26.jpg\",\"datePublished\":\"2025-09-29T19:17:24+00:00\",\"dateModified\":\"2025-12-05T00:01:17+00:00\",\"description\":\"Luego de la reuni\u00f3n con Intendentes, Secretarios de Gabinetes y Presidentes Comunales que forman parte de las 51 localidades adheridas a la Caja Municipal de Jubilaciones y Pensiones, FESTRAM insisti\u00f3 en el pedido de audiencia al Intendente Juan Pablo Poletti.\",\"breadcrumb\":{\"@id\":\"https:\/\/municipales.org.ar\/festram\/festram-avanza-en-medidas-de-fuerza-por-la-caja-municipal-de-jubilaciones-y-pensiones-de-santa-fe\/#breadcrumb\"},\"inLanguage\":\"es\",\"potentialAction\":[{\"@type\":\"ReadAction\",\"target\":[\"https:\/\/municipales.org.ar\/festram\/festram-avanza-en-medidas-de-fuerza-por-la-caja-municipal-de-jubilaciones-y-pensiones-de-santa-fe\/\"]}]},{\"@type\":\"ImageObject\",\"inLanguage\":\"es\",\"@id\":\"https:\/\/municipales.org.ar\/festram\/festram-avanza-en-medidas-de-fuerza-por-la-caja-municipal-de-jubilaciones-y-pensiones-de-santa-fe\/#primaryimage\",\"url\":\"https:\/\/municipales.org.ar\/festram\/wp-content\/uploads\/2025\/09\/PHOTO-2025-09-24-13-54-26.jpg\",\"contentUrl\":\"https:\/\/municipales.org.ar\/festram\/wp-content\/uploads\/2025\/09\/PHOTO-2025-09-24-13-54-26.jpg\",\"width\":1600,\"height\":897},{\"@type\":\"BreadcrumbList\",\"@id\":\"https:\/\/municipales.org.ar\/festram\/festram-avanza-en-medidas-de-fuerza-por-la-caja-municipal-de-jubilaciones-y-pensiones-de-santa-fe\/#breadcrumb\",\"itemListElement\":[{\"@type\":\"ListItem\",\"position\":1,\"name\":\"Portada\",\"item\":\"https:\/\/municipales.org.ar\/festram\/\"},{\"@type\":\"ListItem\",\"position\":2,\"name\":\"FESTRAM avanza en medidas de fuerza por la Caja Municipal de Jubilaciones y Pensiones de Santa Fe\"}]},{\"@type\":\"WebSite\",\"@id\":\"https:\/\/municipales.org.ar\/festram\/#website\",\"url\":\"https:\/\/municipales.org.ar\/festram\/\",\"name\":\"FESTRAM\",\"description\":\"La web de los trabajadores municipales\",\"publisher\":{\"@id\":\"https:\/\/municipales.org.ar\/festram\/#organization\"},\"potentialAction\":[{\"@type\":\"SearchAction\",\"target\":{\"@type\":\"EntryPoint\",\"urlTemplate\":\"https:\/\/municipales.org.ar\/festram\/?s={search_term_string}\"},\"query-input\":{\"@type\":\"PropertyValueSpecification\",\"valueRequired\":true,\"valueName\":\"search_term_string\"}}],\"inLanguage\":\"es\"},{\"@type\":\"Organization\",\"@id\":\"https:\/\/municipales.org.ar\/festram\/#organization\",\"name\":\"Federaci\u00f3n de Sindicatos de Trabajadores Municipales de la Provincia de Santa Fe\",\"url\":\"https:\/\/municipales.org.ar\/festram\/\",\"logo\":{\"@type\":\"ImageObject\",\"inLanguage\":\"es\",\"@id\":\"https:\/\/municipales.org.ar\/festram\/#\/schema\/logo\/image\/\",\"url\":\"https:\/\/www.municipales.org.ar\/festram\/wp-content\/uploads\/2014\/07\/logo_fes.jpg\",\"contentUrl\":\"https:\/\/www.municipales.org.ar\/festram\/wp-content\/uploads\/2014\/07\/logo_fes.jpg\",\"width\":661,\"height\":673,\"caption\":\"Federaci\u00f3n de Sindicatos de Trabajadores Municipales de la Provincia de Santa Fe\"},\"image\":{\"@id\":\"https:\/\/municipales.org.ar\/festram\/#\/schema\/logo\/image\/\"},\"sameAs\":[\"https:\/\/www.facebook.com\/MunicipalesSF\",\"https:\/\/x.com\/MunicipalesSF\",\"https:\/\/www.youtube.com\/user\/festram\"]},{\"@type\":\"Person\",\"@id\":\"https:\/\/municipales.org.ar\/festram\/#\/schema\/person\/49096a774c48ce9063df4d59ec059f9e\",\"name\":\"mun_admin\"}]}<\/script>\n<!-- \/ Yoast SEO plugin. -->","yoast_head_json":{"title":"FESTRAM avanza en medidas de fuerza por la Caja Municipal de Jubilaciones y Pensiones de Santa Fe &#8211; FESTRAM","description":"Luego de la reuni\u00f3n con Intendentes, Secretarios de Gabinetes y Presidentes Comunales que forman parte de las 51 localidades adheridas a la Caja Municipal de Jubilaciones y Pensiones, FESTRAM insisti\u00f3 en el pedido de audiencia al Intendente Juan Pablo Poletti.","robots":{"index":"index","follow":"follow","max-snippet":"max-snippet:-1","max-image-preview":"max-image-preview:large","max-video-preview":"max-video-preview:-1"},"canonical":"https:\/\/municipales.org.ar\/festram\/festram-avanza-en-medidas-de-fuerza-por-la-caja-municipal-de-jubilaciones-y-pensiones-de-santa-fe\/","og_locale":"es_ES","og_type":"article","og_title":"FESTRAM avanza en medidas de fuerza por la Caja Municipal de Jubilaciones y Pensiones de Santa Fe &#8211; FESTRAM","og_description":"Luego de la reuni\u00f3n con Intendentes, Secretarios de Gabinetes y Presidentes Comunales que forman parte de las 51 localidades adheridas a la Caja Municipal de Jubilaciones y Pensiones, FESTRAM insisti\u00f3 en el pedido de audiencia al Intendente Juan Pablo Poletti.","og_url":"https:\/\/municipales.org.ar\/festram\/festram-avanza-en-medidas-de-fuerza-por-la-caja-municipal-de-jubilaciones-y-pensiones-de-santa-fe\/","og_site_name":"FESTRAM","article_publisher":"https:\/\/www.facebook.com\/MunicipalesSF","article_published_time":"2025-09-29T19:17:24+00:00","article_modified_time":"2025-12-05T00:01:17+00:00","og_image":[{"width":1600,"height":897,"url":"https:\/\/municipales.org.ar\/festram\/wp-content\/uploads\/2025\/09\/PHOTO-2025-09-24-13-54-26.jpg","type":"image\/jpeg"}],"author":"mun_admin","twitter_card":"summary_large_image","twitter_creator":"@MunicipalesSF","twitter_site":"@MunicipalesSF","twitter_misc":{"Escrito por":"mun_admin","Tiempo de lectura":"6 minutos"},"schema":{"@context":"https:\/\/schema.org","@graph":[{"@type":"Article","@id":"https:\/\/municipales.org.ar\/festram\/festram-avanza-en-medidas-de-fuerza-por-la-caja-municipal-de-jubilaciones-y-pensiones-de-santa-fe\/#article","isPartOf":{"@id":"https:\/\/municipales.org.ar\/festram\/festram-avanza-en-medidas-de-fuerza-por-la-caja-municipal-de-jubilaciones-y-pensiones-de-santa-fe\/"},"author":{"name":"mun_admin","@id":"https:\/\/municipales.org.ar\/festram\/#\/schema\/person\/49096a774c48ce9063df4d59ec059f9e"},"headline":"FESTRAM avanza en medidas de fuerza por la Caja Municipal de Jubilaciones y Pensiones de Santa Fe","datePublished":"2025-09-29T19:17:24+00:00","dateModified":"2025-12-05T00:01:17+00:00","mainEntityOfPage":{"@id":"https:\/\/municipales.org.ar\/festram\/festram-avanza-en-medidas-de-fuerza-por-la-caja-municipal-de-jubilaciones-y-pensiones-de-santa-fe\/"},"wordCount":230,"publisher":{"@id":"https:\/\/municipales.org.ar\/festram\/#organization"},"image":{"@id":"https:\/\/municipales.org.ar\/festram\/festram-avanza-en-medidas-de-fuerza-por-la-caja-municipal-de-jubilaciones-y-pensiones-de-santa-fe\/#primaryimage"},"thumbnailUrl":"https:\/\/municipales.org.ar\/festram\/wp-content\/uploads\/2025\/09\/PHOTO-2025-09-24-13-54-26.jpg","keywords":["jubilaciones","reforma","santa fe"],"articleSection":["Comunicados 2025"],"inLanguage":"es"},{"@type":"WebPage","@id":"https:\/\/municipales.org.ar\/festram\/festram-avanza-en-medidas-de-fuerza-por-la-caja-municipal-de-jubilaciones-y-pensiones-de-santa-fe\/","url":"https:\/\/municipales.org.ar\/festram\/festram-avanza-en-medidas-de-fuerza-por-la-caja-municipal-de-jubilaciones-y-pensiones-de-santa-fe\/","name":"FESTRAM avanza en medidas de fuerza por la Caja Municipal de Jubilaciones y Pensiones de Santa Fe &#8211; FESTRAM","isPartOf":{"@id":"https:\/\/municipales.org.ar\/festram\/#website"},"primaryImageOfPage":{"@id":"https:\/\/municipales.org.ar\/festram\/festram-avanza-en-medidas-de-fuerza-por-la-caja-municipal-de-jubilaciones-y-pensiones-de-santa-fe\/#primaryimage"},"image":{"@id":"https:\/\/municipales.org.ar\/festram\/festram-avanza-en-medidas-de-fuerza-por-la-caja-municipal-de-jubilaciones-y-pensiones-de-santa-fe\/#primaryimage"},"thumbnailUrl":"https:\/\/municipales.org.ar\/festram\/wp-content\/uploads\/2025\/09\/PHOTO-2025-09-24-13-54-26.jpg","datePublished":"2025-09-29T19:17:24+00:00","dateModified":"2025-12-05T00:01:17+00:00","description":"Luego de la reuni\u00f3n con Intendentes, Secretarios de Gabinetes y Presidentes Comunales que forman parte de las 51 localidades adheridas a la Caja Municipal de Jubilaciones y Pensiones, FESTRAM insisti\u00f3 en el pedido de audiencia al Intendente Juan Pablo Poletti.","breadcrumb":{"@id":"https:\/\/municipales.org.ar\/festram\/festram-avanza-en-medidas-de-fuerza-por-la-caja-municipal-de-jubilaciones-y-pensiones-de-santa-fe\/#breadcrumb"},"inLanguage":"es","potentialAction":[{"@type":"ReadAction","target":["https:\/\/municipales.org.ar\/festram\/festram-avanza-en-medidas-de-fuerza-por-la-caja-municipal-de-jubilaciones-y-pensiones-de-santa-fe\/"]}]},{"@type":"ImageObject","inLanguage":"es","@id":"https:\/\/municipales.org.ar\/festram\/festram-avanza-en-medidas-de-fuerza-por-la-caja-municipal-de-jubilaciones-y-pensiones-de-santa-fe\/#primaryimage","url":"https:\/\/municipales.org.ar\/festram\/wp-content\/uploads\/2025\/09\/PHOTO-2025-09-24-13-54-26.jpg","contentUrl":"https:\/\/municipales.org.ar\/festram\/wp-content\/uploads\/2025\/09\/PHOTO-2025-09-24-13-54-26.jpg","width":1600,"height":897},{"@type":"BreadcrumbList","@id":"https:\/\/municipales.org.ar\/festram\/festram-avanza-en-medidas-de-fuerza-por-la-caja-municipal-de-jubilaciones-y-pensiones-de-santa-fe\/#breadcrumb","itemListElement":[{"@type":"ListItem","position":1,"name":"Portada","item":"https:\/\/municipales.org.ar\/festram\/"},{"@type":"ListItem","position":2,"name":"FESTRAM avanza en medidas de fuerza por la Caja Municipal de Jubilaciones y Pensiones de Santa Fe"}]},{"@type":"WebSite","@id":"https:\/\/municipales.org.ar\/festram\/#website","url":"https:\/\/municipales.org.ar\/festram\/","name":"FESTRAM","description":"La web de los trabajadores municipales","publisher":{"@id":"https:\/\/municipales.org.ar\/festram\/#organization"},"potentialAction":[{"@type":"SearchAction","target":{"@type":"EntryPoint","urlTemplate":"https:\/\/municipales.org.ar\/festram\/?s={search_term_string}"},"query-input":{"@type":"PropertyValueSpecification","valueRequired":true,"valueName":"search_term_string"}}],"inLanguage":"es"},{"@type":"Organization","@id":"https:\/\/municipales.org.ar\/festram\/#organization","name":"Federaci\u00f3n de Sindicatos de Trabajadores Municipales de la Provincia de Santa Fe","url":"https:\/\/municipales.org.ar\/festram\/","logo":{"@type":"ImageObject","inLanguage":"es","@id":"https:\/\/municipales.org.ar\/festram\/#\/schema\/logo\/image\/","url":"https:\/\/www.municipales.org.ar\/festram\/wp-content\/uploads\/2014\/07\/logo_fes.jpg","contentUrl":"https:\/\/www.municipales.org.ar\/festram\/wp-content\/uploads\/2014\/07\/logo_fes.jpg","width":661,"height":673,"caption":"Federaci\u00f3n de Sindicatos de Trabajadores Municipales de la Provincia de Santa Fe"},"image":{"@id":"https:\/\/municipales.org.ar\/festram\/#\/schema\/logo\/image\/"},"sameAs":["https:\/\/www.facebook.com\/MunicipalesSF","https:\/\/x.com\/MunicipalesSF","https:\/\/www.youtube.com\/user\/festram"]},{"@type":"Person","@id":"https:\/\/municipales.org.ar\/festram\/#\/schema\/person\/49096a774c48ce9063df4d59ec059f9e","name":"mun_admin"}]}},"jetpack_publicize_connections":[],"jetpack_featured_media_url":"https:\/\/municipales.org.ar\/festram\/wp-content\/uploads\/2025\/09\/PHOTO-2025-09-24-13-54-26.jpg","jetpack_sharing_enabled":true,"jetpack_likes_enabled":false,"jetpack_shortlink":"https:\/\/wp.me\/p7l4x1-4Pk","_links":{"self":[{"href":"https:\/\/municipales.org.ar\/festram\/wp-json\/wp\/v2\/posts\/18558","targetHints":{"allow":["GET"]}}],"collection":[{"href":"https:\/\/municipales.org.ar\/festram\/wp-json\/wp\/v2\/posts"}],"about":[{"href":"https:\/\/municipales.org.ar\/festram\/wp-json\/wp\/v2\/types\/post"}],"author":[{"embeddable":true,"href":"https:\/\/municipales.org.ar\/festram\/wp-json\/wp\/v2\/users\/1"}],"replies":[{"embeddable":true,"href":"https:\/\/municipales.org.ar\/festram\/wp-json\/wp\/v2\/comments?post=18558"}],"version-history":[{"count":3,"href":"https:\/\/municipales.org.ar\/festram\/wp-json\/wp\/v2\/posts\/18558\/revisions"}],"predecessor-version":[{"id":18583,"href":"https:\/\/municipales.org.ar\/festram\/wp-json\/wp\/v2\/posts\/18558\/revisions\/18583"}],"wp:featuredmedia":[{"embeddable":true,"href":"https:\/\/municipales.org.ar\/festram\/wp-json\/wp\/v2\/media\/18559"}],"wp:attachment":[{"href":"https:\/\/municipales.org.ar\/festram\/wp-json\/wp\/v2\/media?parent=18558"}],"wp:term":[{"taxonomy":"category","embeddable":true,"href":"https:\/\/municipales.org.ar\/festram\/wp-json\/wp\/v2\/categories?post=18558"},{"taxonomy":"post_tag","embeddable":true,"href":"https:\/\/municipales.org.ar\/festram\/wp-json\/wp\/v2\/tags?post=18558"}],"curies":[{"name":"wp","href":"https:\/\/api.w.org\/{rel}","templated":true}]}}