{"id":18811,"date":"2026-03-09T18:17:05","date_gmt":"2026-03-09T21:17:05","guid":{"rendered":"https:\/\/municipales.org.ar\/festram\/?p=18811"},"modified":"2026-03-13T19:00:20","modified_gmt":"2026-03-13T22:00:20","slug":"festram-rechazo-el-ofrecimiento-paro-de-48-horas-confirmado","status":"publish","type":"post","link":"https:\/\/municipales.org.ar\/festram\/festram-rechazo-el-ofrecimiento-paro-de-48-horas-confirmado\/","title":{"rendered":"FESTRAM rechaz\u00f3 el ofrecimiento. Paro de 48 horas confirmado"},"content":{"rendered":"\n<p><\/p>\n\n\n\n<h2 class=\"wp-block-heading\">En el d\u00eda de la fecha se realiz\u00f3&nbsp;la reuni\u00f3n de la mesa paritaria municipal, Ley 9.996. Los Intendentes mantuvieron su postura de un ofrecimiento salarial con los porcentajes establecidos por la Provincia para la paritaria central, pero desconocen los m\u00ednimos ofrecidos por la misma, perjudicando de esta manera directamente el bolsillo del trabajador municipal y su familia.<\/h2>\n\n\n\n<p><\/p>\n\n\n\n<p>Los Intendentes ofrecen lo peor de la propuesta trasladada por el Gobierno Provincial a sus empleados, el 12,5% para el primer semestre, pero se niegan a otorgar la garant\u00eda salarial que percibir\u00e1n los agentes provinciales, cuyo m\u00ednimo es de 170.000.<\/p>\n\n\n\n<p>Los porcentajes ofrecidos son:<\/p>\n\n\n\n<p>\u00b7&nbsp;&nbsp;&nbsp;&nbsp;&nbsp;&nbsp;&nbsp;&nbsp;&nbsp;12,5% para el primer semestre 2026, dividido de la siguiente manera:<\/p>\n\n\n\n<p>&nbsp;&nbsp;&nbsp;&nbsp;&nbsp;&nbsp;&nbsp;&nbsp;&nbsp;&nbsp;&nbsp;&nbsp;&nbsp;&nbsp;&nbsp;&nbsp;&nbsp;&nbsp;&nbsp;&nbsp;&nbsp;&nbsp;&nbsp;&nbsp;&nbsp;&nbsp;&nbsp;&nbsp;&nbsp;&nbsp;&nbsp;&nbsp;2,6% a enero (ya abonado).<\/p>\n\n\n\n<p>&nbsp;&nbsp;&nbsp;&nbsp;&nbsp;&nbsp;&nbsp;&nbsp;&nbsp;&nbsp;&nbsp;&nbsp;&nbsp;&nbsp;&nbsp;&nbsp;&nbsp;&nbsp;&nbsp;&nbsp;&nbsp;&nbsp;&nbsp;&nbsp;&nbsp;&nbsp;&nbsp;&nbsp;&nbsp;&nbsp;&nbsp;&nbsp;2,6% para el mes de abril.<\/p>\n\n\n\n<p>&nbsp;&nbsp;&nbsp;&nbsp;&nbsp;&nbsp;&nbsp;&nbsp;&nbsp;&nbsp;&nbsp;&nbsp;&nbsp;&nbsp;&nbsp;&nbsp;&nbsp;&nbsp;&nbsp;&nbsp;&nbsp;&nbsp;&nbsp;&nbsp;&nbsp;&nbsp;&nbsp;&nbsp;&nbsp;&nbsp;&nbsp;&nbsp;3,3% para el mes de mayo.<\/p>\n\n\n\n<p>&nbsp;&nbsp;&nbsp;&nbsp;&nbsp;&nbsp;&nbsp;&nbsp;&nbsp;&nbsp;&nbsp;&nbsp;&nbsp;&nbsp;&nbsp;&nbsp;&nbsp;&nbsp;&nbsp;&nbsp;&nbsp;&nbsp;&nbsp;&nbsp;&nbsp;&nbsp;&nbsp;&nbsp;&nbsp;&nbsp;&nbsp;&nbsp;4% para el mes de junio.<\/p>\n\n\n\n<p>\u00b7&nbsp;&nbsp;&nbsp;&nbsp;&nbsp;&nbsp;&nbsp;&nbsp;&nbsp;3% retroactivo por la pol\u00edtica salarial 2025, el cual estaba comprometido en la \u00faltima reuni\u00f3n paritaria.<\/p>\n\n\n\n<p>La&nbsp;&nbsp;propuesta es inaceptable, por el alcance sobre el salario del trabajador, ya que en algunos casos representa al mes de abril $45.900 de aumento; sumergiendo a los trabajadores municipales y comunales dentro de los \u00edndices de pobreza. No podemos permitir que el ajuste y la recesi\u00f3n s\u00f3lo la pague el sector del trabajo, por lo tanto,&nbsp;<strong>se confirma el paro de 48 hs para los d\u00edas mi\u00e9rcoles 11 y jueves 12 de marzo.<\/strong><\/p>\n\n\n\n<h6 class=\"wp-block-heading\">Prensa FESTRAM<\/h6>\n","protected":false},"excerpt":{"rendered":"<p>En el d\u00eda de la fecha se realiz\u00f3\u00a0la reuni\u00f3n de la mesa paritaria municipal, Ley 9.996. Los Intendentes mantuvieron su postura de un ofrecimiento salarial con los porcentajes establecidos por la Provincia para la paritaria central, pero desconocen los m\u00ednimos ofrecidos por la misma, perjudicando de esta manera directamente el bolsillo del trabajador municipal y su familia.<\/p>\n","protected":false},"author":1,"featured_media":18812,"comment_status":"closed","ping_status":"closed","sticky":false,"template":"","format":"standard","meta":{"_jetpack_memberships_contains_paid_content":false,"footnotes":"","jetpack_publicize_message":"","jetpack_publicize_feature_enabled":true,"jetpack_social_post_already_shared":true,"jetpack_social_options":{"image_generator_settings":{"template":"highway","default_image_id":0,"font":"","enabled":false},"version":2}},"categories":[261],"tags":[68,109,71,41,69],"class_list":["post-18811","post","type-post","status-publish","format-standard","has-post-thumbnail","hentry","category-comunicados-2026","tag-economia-provincial","tag-la-provincia","tag-medidas-de-fuerza","tag-paritaria","tag-politica-salarial"],"yoast_head":"<!-- This site is optimized with the Yoast SEO plugin v25.9 - https:\/\/yoast.com\/wordpress\/plugins\/seo\/ -->\n<title>FESTRAM rechaz\u00f3 el ofrecimiento. Paro de 48 horas confirmado &#8211; FESTRAM<\/title>\n<meta name=\"description\" content=\"En el d\u00eda de la fecha se realiz\u00f3\u00a0la reuni\u00f3n de la mesa paritaria municipal, Ley 9.996. Los Intendentes mantuvieron su postura de un ofrecimiento salarial con los porcentajes establecidos por la Provincia para la paritaria central, pero desconocen los m\u00ednimos ofrecidos por la misma, perjudicando de esta manera directamente el bolsillo del trabajador municipal y su familia.\" \/>\n<meta name=\"robots\" content=\"index, follow, max-snippet:-1, max-image-preview:large, max-video-preview:-1\" \/>\n<link rel=\"canonical\" href=\"https:\/\/municipales.org.ar\/festram\/festram-rechazo-el-ofrecimiento-paro-de-48-horas-confirmado\/\" \/>\n<meta property=\"og:locale\" content=\"es_ES\" \/>\n<meta property=\"og:type\" content=\"article\" \/>\n<meta property=\"og:title\" content=\"FESTRAM rechaz\u00f3 el ofrecimiento. Paro de 48 horas confirmado &#8211; FESTRAM\" \/>\n<meta property=\"og:description\" content=\"En el d\u00eda de la fecha se realiz\u00f3\u00a0la reuni\u00f3n de la mesa paritaria municipal, Ley 9.996. Los Intendentes mantuvieron su postura de un ofrecimiento salarial con los porcentajes establecidos por la Provincia para la paritaria central, pero desconocen los m\u00ednimos ofrecidos por la misma, perjudicando de esta manera directamente el bolsillo del trabajador municipal y su familia.\" \/>\n<meta property=\"og:url\" content=\"https:\/\/municipales.org.ar\/festram\/festram-rechazo-el-ofrecimiento-paro-de-48-horas-confirmado\/\" \/>\n<meta property=\"og:site_name\" content=\"FESTRAM\" \/>\n<meta property=\"article:publisher\" content=\"https:\/\/www.facebook.com\/MunicipalesSF\" \/>\n<meta property=\"article:published_time\" content=\"2026-03-09T21:17:05+00:00\" \/>\n<meta property=\"article:modified_time\" content=\"2026-03-13T22:00:20+00:00\" \/>\n<meta property=\"og:image\" content=\"https:\/\/municipales.org.ar\/festram\/wp-content\/uploads\/2026\/03\/WhatsApp-Image-2026-03-09-at-15.09.44-1.jpeg\" \/>\n\t<meta property=\"og:image:width\" content=\"1500\" \/>\n\t<meta property=\"og:image:height\" content=\"1000\" \/>\n\t<meta property=\"og:image:type\" content=\"image\/jpeg\" \/>\n<meta name=\"author\" content=\"mun_admin\" \/>\n<meta name=\"twitter:card\" content=\"summary_large_image\" \/>\n<meta name=\"twitter:creator\" content=\"@MunicipalesSF\" \/>\n<meta name=\"twitter:site\" content=\"@MunicipalesSF\" \/>\n<meta name=\"twitter:label1\" content=\"Escrito por\" \/>\n\t<meta name=\"twitter:data1\" content=\"mun_admin\" \/>\n\t<meta name=\"twitter:label2\" content=\"Tiempo de lectura\" \/>\n\t<meta name=\"twitter:data2\" content=\"2 minutos\" \/>\n<script type=\"application\/ld+json\" class=\"yoast-schema-graph\">{\"@context\":\"https:\/\/schema.org\",\"@graph\":[{\"@type\":\"Article\",\"@id\":\"https:\/\/municipales.org.ar\/festram\/festram-rechazo-el-ofrecimiento-paro-de-48-horas-confirmado\/#article\",\"isPartOf\":{\"@id\":\"https:\/\/municipales.org.ar\/festram\/festram-rechazo-el-ofrecimiento-paro-de-48-horas-confirmado\/\"},\"author\":{\"name\":\"mun_admin\",\"@id\":\"https:\/\/municipales.org.ar\/festram\/#\/schema\/person\/49096a774c48ce9063df4d59ec059f9e\"},\"headline\":\"FESTRAM rechaz\u00f3 el ofrecimiento. Paro de 48 horas confirmado\",\"datePublished\":\"2026-03-09T21:17:05+00:00\",\"dateModified\":\"2026-03-13T22:00:20+00:00\",\"mainEntityOfPage\":{\"@id\":\"https:\/\/municipales.org.ar\/festram\/festram-rechazo-el-ofrecimiento-paro-de-48-horas-confirmado\/\"},\"wordCount\":383,\"publisher\":{\"@id\":\"https:\/\/municipales.org.ar\/festram\/#organization\"},\"image\":{\"@id\":\"https:\/\/municipales.org.ar\/festram\/festram-rechazo-el-ofrecimiento-paro-de-48-horas-confirmado\/#primaryimage\"},\"thumbnailUrl\":\"https:\/\/municipales.org.ar\/festram\/wp-content\/uploads\/2026\/03\/WhatsApp-Image-2026-03-09-at-15.09.44-1.jpeg\",\"keywords\":[\"econom\u00eda provincial\",\"la provincia\",\"medidas de fuerza\",\"paritaria\",\"pol\u00edtica salarial\"],\"articleSection\":[\"Comunicados 2026\"],\"inLanguage\":\"es\"},{\"@type\":\"WebPage\",\"@id\":\"https:\/\/municipales.org.ar\/festram\/festram-rechazo-el-ofrecimiento-paro-de-48-horas-confirmado\/\",\"url\":\"https:\/\/municipales.org.ar\/festram\/festram-rechazo-el-ofrecimiento-paro-de-48-horas-confirmado\/\",\"name\":\"FESTRAM rechaz\u00f3 el ofrecimiento. Paro de 48 horas confirmado &#8211; FESTRAM\",\"isPartOf\":{\"@id\":\"https:\/\/municipales.org.ar\/festram\/#website\"},\"primaryImageOfPage\":{\"@id\":\"https:\/\/municipales.org.ar\/festram\/festram-rechazo-el-ofrecimiento-paro-de-48-horas-confirmado\/#primaryimage\"},\"image\":{\"@id\":\"https:\/\/municipales.org.ar\/festram\/festram-rechazo-el-ofrecimiento-paro-de-48-horas-confirmado\/#primaryimage\"},\"thumbnailUrl\":\"https:\/\/municipales.org.ar\/festram\/wp-content\/uploads\/2026\/03\/WhatsApp-Image-2026-03-09-at-15.09.44-1.jpeg\",\"datePublished\":\"2026-03-09T21:17:05+00:00\",\"dateModified\":\"2026-03-13T22:00:20+00:00\",\"description\":\"En el d\u00eda de la fecha se realiz\u00f3\u00a0la reuni\u00f3n de la mesa paritaria municipal, Ley 9.996. Los Intendentes mantuvieron su postura de un ofrecimiento salarial con los porcentajes establecidos por la Provincia para la paritaria central, pero desconocen los m\u00ednimos ofrecidos por la misma, perjudicando de esta manera directamente el bolsillo del trabajador municipal y su familia.\",\"breadcrumb\":{\"@id\":\"https:\/\/municipales.org.ar\/festram\/festram-rechazo-el-ofrecimiento-paro-de-48-horas-confirmado\/#breadcrumb\"},\"inLanguage\":\"es\",\"potentialAction\":[{\"@type\":\"ReadAction\",\"target\":[\"https:\/\/municipales.org.ar\/festram\/festram-rechazo-el-ofrecimiento-paro-de-48-horas-confirmado\/\"]}]},{\"@type\":\"ImageObject\",\"inLanguage\":\"es\",\"@id\":\"https:\/\/municipales.org.ar\/festram\/festram-rechazo-el-ofrecimiento-paro-de-48-horas-confirmado\/#primaryimage\",\"url\":\"https:\/\/municipales.org.ar\/festram\/wp-content\/uploads\/2026\/03\/WhatsApp-Image-2026-03-09-at-15.09.44-1.jpeg\",\"contentUrl\":\"https:\/\/municipales.org.ar\/festram\/wp-content\/uploads\/2026\/03\/WhatsApp-Image-2026-03-09-at-15.09.44-1.jpeg\",\"width\":1500,\"height\":1000},{\"@type\":\"BreadcrumbList\",\"@id\":\"https:\/\/municipales.org.ar\/festram\/festram-rechazo-el-ofrecimiento-paro-de-48-horas-confirmado\/#breadcrumb\",\"itemListElement\":[{\"@type\":\"ListItem\",\"position\":1,\"name\":\"Portada\",\"item\":\"https:\/\/municipales.org.ar\/festram\/\"},{\"@type\":\"ListItem\",\"position\":2,\"name\":\"FESTRAM rechaz\u00f3 el ofrecimiento. Paro de 48 horas confirmado\"}]},{\"@type\":\"WebSite\",\"@id\":\"https:\/\/municipales.org.ar\/festram\/#website\",\"url\":\"https:\/\/municipales.org.ar\/festram\/\",\"name\":\"FESTRAM\",\"description\":\"La web de los trabajadores municipales\",\"publisher\":{\"@id\":\"https:\/\/municipales.org.ar\/festram\/#organization\"},\"potentialAction\":[{\"@type\":\"SearchAction\",\"target\":{\"@type\":\"EntryPoint\",\"urlTemplate\":\"https:\/\/municipales.org.ar\/festram\/?s={search_term_string}\"},\"query-input\":{\"@type\":\"PropertyValueSpecification\",\"valueRequired\":true,\"valueName\":\"search_term_string\"}}],\"inLanguage\":\"es\"},{\"@type\":\"Organization\",\"@id\":\"https:\/\/municipales.org.ar\/festram\/#organization\",\"name\":\"Federaci\u00f3n de Sindicatos de Trabajadores Municipales de la Provincia de Santa Fe\",\"url\":\"https:\/\/municipales.org.ar\/festram\/\",\"logo\":{\"@type\":\"ImageObject\",\"inLanguage\":\"es\",\"@id\":\"https:\/\/municipales.org.ar\/festram\/#\/schema\/logo\/image\/\",\"url\":\"https:\/\/www.municipales.org.ar\/festram\/wp-content\/uploads\/2014\/07\/logo_fes.jpg\",\"contentUrl\":\"https:\/\/www.municipales.org.ar\/festram\/wp-content\/uploads\/2014\/07\/logo_fes.jpg\",\"width\":661,\"height\":673,\"caption\":\"Federaci\u00f3n de Sindicatos de Trabajadores Municipales de la Provincia de Santa Fe\"},\"image\":{\"@id\":\"https:\/\/municipales.org.ar\/festram\/#\/schema\/logo\/image\/\"},\"sameAs\":[\"https:\/\/www.facebook.com\/MunicipalesSF\",\"https:\/\/x.com\/MunicipalesSF\",\"https:\/\/www.youtube.com\/user\/festram\"]},{\"@type\":\"Person\",\"@id\":\"https:\/\/municipales.org.ar\/festram\/#\/schema\/person\/49096a774c48ce9063df4d59ec059f9e\",\"name\":\"mun_admin\"}]}<\/script>\n<!-- \/ Yoast SEO plugin. -->","yoast_head_json":{"title":"FESTRAM rechaz\u00f3 el ofrecimiento. Paro de 48 horas confirmado &#8211; FESTRAM","description":"En el d\u00eda de la fecha se realiz\u00f3\u00a0la reuni\u00f3n de la mesa paritaria municipal, Ley 9.996. Los Intendentes mantuvieron su postura de un ofrecimiento salarial con los porcentajes establecidos por la Provincia para la paritaria central, pero desconocen los m\u00ednimos ofrecidos por la misma, perjudicando de esta manera directamente el bolsillo del trabajador municipal y su familia.","robots":{"index":"index","follow":"follow","max-snippet":"max-snippet:-1","max-image-preview":"max-image-preview:large","max-video-preview":"max-video-preview:-1"},"canonical":"https:\/\/municipales.org.ar\/festram\/festram-rechazo-el-ofrecimiento-paro-de-48-horas-confirmado\/","og_locale":"es_ES","og_type":"article","og_title":"FESTRAM rechaz\u00f3 el ofrecimiento. Paro de 48 horas confirmado &#8211; FESTRAM","og_description":"En el d\u00eda de la fecha se realiz\u00f3\u00a0la reuni\u00f3n de la mesa paritaria municipal, Ley 9.996. Los Intendentes mantuvieron su postura de un ofrecimiento salarial con los porcentajes establecidos por la Provincia para la paritaria central, pero desconocen los m\u00ednimos ofrecidos por la misma, perjudicando de esta manera directamente el bolsillo del trabajador municipal y su familia.","og_url":"https:\/\/municipales.org.ar\/festram\/festram-rechazo-el-ofrecimiento-paro-de-48-horas-confirmado\/","og_site_name":"FESTRAM","article_publisher":"https:\/\/www.facebook.com\/MunicipalesSF","article_published_time":"2026-03-09T21:17:05+00:00","article_modified_time":"2026-03-13T22:00:20+00:00","og_image":[{"width":1500,"height":1000,"url":"https:\/\/municipales.org.ar\/festram\/wp-content\/uploads\/2026\/03\/WhatsApp-Image-2026-03-09-at-15.09.44-1.jpeg","type":"image\/jpeg"}],"author":"mun_admin","twitter_card":"summary_large_image","twitter_creator":"@MunicipalesSF","twitter_site":"@MunicipalesSF","twitter_misc":{"Escrito por":"mun_admin","Tiempo de lectura":"2 minutos"},"schema":{"@context":"https:\/\/schema.org","@graph":[{"@type":"Article","@id":"https:\/\/municipales.org.ar\/festram\/festram-rechazo-el-ofrecimiento-paro-de-48-horas-confirmado\/#article","isPartOf":{"@id":"https:\/\/municipales.org.ar\/festram\/festram-rechazo-el-ofrecimiento-paro-de-48-horas-confirmado\/"},"author":{"name":"mun_admin","@id":"https:\/\/municipales.org.ar\/festram\/#\/schema\/person\/49096a774c48ce9063df4d59ec059f9e"},"headline":"FESTRAM rechaz\u00f3 el ofrecimiento. Paro de 48 horas confirmado","datePublished":"2026-03-09T21:17:05+00:00","dateModified":"2026-03-13T22:00:20+00:00","mainEntityOfPage":{"@id":"https:\/\/municipales.org.ar\/festram\/festram-rechazo-el-ofrecimiento-paro-de-48-horas-confirmado\/"},"wordCount":383,"publisher":{"@id":"https:\/\/municipales.org.ar\/festram\/#organization"},"image":{"@id":"https:\/\/municipales.org.ar\/festram\/festram-rechazo-el-ofrecimiento-paro-de-48-horas-confirmado\/#primaryimage"},"thumbnailUrl":"https:\/\/municipales.org.ar\/festram\/wp-content\/uploads\/2026\/03\/WhatsApp-Image-2026-03-09-at-15.09.44-1.jpeg","keywords":["econom\u00eda provincial","la provincia","medidas de fuerza","paritaria","pol\u00edtica salarial"],"articleSection":["Comunicados 2026"],"inLanguage":"es"},{"@type":"WebPage","@id":"https:\/\/municipales.org.ar\/festram\/festram-rechazo-el-ofrecimiento-paro-de-48-horas-confirmado\/","url":"https:\/\/municipales.org.ar\/festram\/festram-rechazo-el-ofrecimiento-paro-de-48-horas-confirmado\/","name":"FESTRAM rechaz\u00f3 el ofrecimiento. Paro de 48 horas confirmado &#8211; FESTRAM","isPartOf":{"@id":"https:\/\/municipales.org.ar\/festram\/#website"},"primaryImageOfPage":{"@id":"https:\/\/municipales.org.ar\/festram\/festram-rechazo-el-ofrecimiento-paro-de-48-horas-confirmado\/#primaryimage"},"image":{"@id":"https:\/\/municipales.org.ar\/festram\/festram-rechazo-el-ofrecimiento-paro-de-48-horas-confirmado\/#primaryimage"},"thumbnailUrl":"https:\/\/municipales.org.ar\/festram\/wp-content\/uploads\/2026\/03\/WhatsApp-Image-2026-03-09-at-15.09.44-1.jpeg","datePublished":"2026-03-09T21:17:05+00:00","dateModified":"2026-03-13T22:00:20+00:00","description":"En el d\u00eda de la fecha se realiz\u00f3\u00a0la reuni\u00f3n de la mesa paritaria municipal, Ley 9.996. Los Intendentes mantuvieron su postura de un ofrecimiento salarial con los porcentajes establecidos por la Provincia para la paritaria central, pero desconocen los m\u00ednimos ofrecidos por la misma, perjudicando de esta manera directamente el bolsillo del trabajador municipal y su familia.","breadcrumb":{"@id":"https:\/\/municipales.org.ar\/festram\/festram-rechazo-el-ofrecimiento-paro-de-48-horas-confirmado\/#breadcrumb"},"inLanguage":"es","potentialAction":[{"@type":"ReadAction","target":["https:\/\/municipales.org.ar\/festram\/festram-rechazo-el-ofrecimiento-paro-de-48-horas-confirmado\/"]}]},{"@type":"ImageObject","inLanguage":"es","@id":"https:\/\/municipales.org.ar\/festram\/festram-rechazo-el-ofrecimiento-paro-de-48-horas-confirmado\/#primaryimage","url":"https:\/\/municipales.org.ar\/festram\/wp-content\/uploads\/2026\/03\/WhatsApp-Image-2026-03-09-at-15.09.44-1.jpeg","contentUrl":"https:\/\/municipales.org.ar\/festram\/wp-content\/uploads\/2026\/03\/WhatsApp-Image-2026-03-09-at-15.09.44-1.jpeg","width":1500,"height":1000},{"@type":"BreadcrumbList","@id":"https:\/\/municipales.org.ar\/festram\/festram-rechazo-el-ofrecimiento-paro-de-48-horas-confirmado\/#breadcrumb","itemListElement":[{"@type":"ListItem","position":1,"name":"Portada","item":"https:\/\/municipales.org.ar\/festram\/"},{"@type":"ListItem","position":2,"name":"FESTRAM rechaz\u00f3 el ofrecimiento. Paro de 48 horas confirmado"}]},{"@type":"WebSite","@id":"https:\/\/municipales.org.ar\/festram\/#website","url":"https:\/\/municipales.org.ar\/festram\/","name":"FESTRAM","description":"La web de los trabajadores municipales","publisher":{"@id":"https:\/\/municipales.org.ar\/festram\/#organization"},"potentialAction":[{"@type":"SearchAction","target":{"@type":"EntryPoint","urlTemplate":"https:\/\/municipales.org.ar\/festram\/?s={search_term_string}"},"query-input":{"@type":"PropertyValueSpecification","valueRequired":true,"valueName":"search_term_string"}}],"inLanguage":"es"},{"@type":"Organization","@id":"https:\/\/municipales.org.ar\/festram\/#organization","name":"Federaci\u00f3n de Sindicatos de Trabajadores Municipales de la Provincia de Santa Fe","url":"https:\/\/municipales.org.ar\/festram\/","logo":{"@type":"ImageObject","inLanguage":"es","@id":"https:\/\/municipales.org.ar\/festram\/#\/schema\/logo\/image\/","url":"https:\/\/www.municipales.org.ar\/festram\/wp-content\/uploads\/2014\/07\/logo_fes.jpg","contentUrl":"https:\/\/www.municipales.org.ar\/festram\/wp-content\/uploads\/2014\/07\/logo_fes.jpg","width":661,"height":673,"caption":"Federaci\u00f3n de Sindicatos de Trabajadores Municipales de la Provincia de Santa Fe"},"image":{"@id":"https:\/\/municipales.org.ar\/festram\/#\/schema\/logo\/image\/"},"sameAs":["https:\/\/www.facebook.com\/MunicipalesSF","https:\/\/x.com\/MunicipalesSF","https:\/\/www.youtube.com\/user\/festram"]},{"@type":"Person","@id":"https:\/\/municipales.org.ar\/festram\/#\/schema\/person\/49096a774c48ce9063df4d59ec059f9e","name":"mun_admin"}]}},"jetpack_publicize_connections":[],"jetpack_featured_media_url":"https:\/\/municipales.org.ar\/festram\/wp-content\/uploads\/2026\/03\/WhatsApp-Image-2026-03-09-at-15.09.44-1.jpeg","jetpack_sharing_enabled":true,"jetpack_likes_enabled":false,"jetpack_shortlink":"https:\/\/wp.me\/p7l4x1-4Tp","_links":{"self":[{"href":"https:\/\/municipales.org.ar\/festram\/wp-json\/wp\/v2\/posts\/18811","targetHints":{"allow":["GET"]}}],"collection":[{"href":"https:\/\/municipales.org.ar\/festram\/wp-json\/wp\/v2\/posts"}],"about":[{"href":"https:\/\/municipales.org.ar\/festram\/wp-json\/wp\/v2\/types\/post"}],"author":[{"embeddable":true,"href":"https:\/\/municipales.org.ar\/festram\/wp-json\/wp\/v2\/users\/1"}],"replies":[{"embeddable":true,"href":"https:\/\/municipales.org.ar\/festram\/wp-json\/wp\/v2\/comments?post=18811"}],"version-history":[{"count":1,"href":"https:\/\/municipales.org.ar\/festram\/wp-json\/wp\/v2\/posts\/18811\/revisions"}],"predecessor-version":[{"id":18813,"href":"https:\/\/municipales.org.ar\/festram\/wp-json\/wp\/v2\/posts\/18811\/revisions\/18813"}],"wp:featuredmedia":[{"embeddable":true,"href":"https:\/\/municipales.org.ar\/festram\/wp-json\/wp\/v2\/media\/18812"}],"wp:attachment":[{"href":"https:\/\/municipales.org.ar\/festram\/wp-json\/wp\/v2\/media?parent=18811"}],"wp:term":[{"taxonomy":"category","embeddable":true,"href":"https:\/\/municipales.org.ar\/festram\/wp-json\/wp\/v2\/categories?post=18811"},{"taxonomy":"post_tag","embeddable":true,"href":"https:\/\/municipales.org.ar\/festram\/wp-json\/wp\/v2\/tags?post=18811"}],"curies":[{"name":"wp","href":"https:\/\/api.w.org\/{rel}","templated":true}]}}