{"id":18917,"date":"2026-04-24T21:06:07","date_gmt":"2026-04-25T00:06:07","guid":{"rendered":"https:\/\/municipales.org.ar\/festram\/?p=18917"},"modified":"2026-04-24T21:06:11","modified_gmt":"2026-04-25T00:06:11","slug":"jornada-formativa-sobre-violencia-digital-y-reunion-de-la-red-de-mujeres-municipales","status":"publish","type":"post","link":"https:\/\/municipales.org.ar\/festram\/jornada-formativa-sobre-violencia-digital-y-reunion-de-la-red-de-mujeres-municipales\/","title":{"rendered":"Jornada Formativa sobre Violencia Digital y Reuni\u00f3n de la Red de Mujeres Municipales"},"content":{"rendered":"\n<p><\/p>\n\n\n\n<h2 class=\"wp-block-heading\">Con una importante participaci\u00f3n de compa\u00f1eras de las distintas Secretar\u00edas y \u00c1reas de G\u00e9nero de los sindicatos adheridos a FESTRAM, se llev\u00f3 a cabo, este jueves 23 de abril, la Jornada Formativa sobre \u201cViolencia Digital\u201d y el posterior Encuentro la de Red de Mujeres Municipales y Comunales.<\/h2>\n\n\n\n<p>La apertura formal fue con palabras de Andrea Luna, Secretaria de Pol\u00edticas de G\u00e9nero, Ni\u00f1ez, Familia y Medio Ambiente de FESTRAM y la bienvenida la realizaron el Secretario General Jes\u00fas Monz\u00f3n y la Secretaria Adjunta Andrea Paz, quienes abordaron la realidad sindical de cara a las \u00faltimas paritarias por salarios y reformas que afectan al mundo municipal.&nbsp;<\/p>\n\n\n\n<p>La capacitaci\u00f3n sobre \u201cViolencia Digital\u201d estuvo a cargo de la Organizaci\u00f3n Civil Generar, donde se abordaron las distintas formas de violencia que se sufren en entornos digitales, herramientas de prevenci\u00f3n y canales de denuncia. La din\u00e1mica permiti\u00f3 instancias de debate y reflexi\u00f3n focalizando en el mundo laboral y las acciones gremiales.\u00a0<br><\/p>\n\n\n\n<figure class=\"wp-block-image size-large\"><img loading=\"lazy\" decoding=\"async\" width=\"1024\" height=\"768\" src=\"https:\/\/municipales.org.ar\/festram\/wp-content\/uploads\/2026\/04\/WhatsApp-Image-2026-04-24-at-11.55.22-1024x768.jpeg\" alt=\"\" class=\"wp-image-18920\" srcset=\"https:\/\/municipales.org.ar\/festram\/wp-content\/uploads\/2026\/04\/WhatsApp-Image-2026-04-24-at-11.55.22-1024x768.jpeg 1024w, https:\/\/municipales.org.ar\/festram\/wp-content\/uploads\/2026\/04\/WhatsApp-Image-2026-04-24-at-11.55.22-300x225.jpeg 300w, https:\/\/municipales.org.ar\/festram\/wp-content\/uploads\/2026\/04\/WhatsApp-Image-2026-04-24-at-11.55.22-768x576.jpeg 768w, https:\/\/municipales.org.ar\/festram\/wp-content\/uploads\/2026\/04\/WhatsApp-Image-2026-04-24-at-11.55.22-1536x1152.jpeg 1536w, https:\/\/municipales.org.ar\/festram\/wp-content\/uploads\/2026\/04\/WhatsApp-Image-2026-04-24-at-11.55.22.jpeg 1600w\" sizes=\"auto, (max-width: 1024px) 100vw, 1024px\" \/><\/figure>\n\n\n\n<p><br>La jornada continu\u00f3 con la reuni\u00f3n de la Red de Mujeres Municipales y Comunales. En esta ocasi\u00f3n se brind\u00f3 un c\u00e1lido recibimiento a las nuevas conducciones gremiales y tambi\u00e9n a aquellas que han renovado sus mandatos, celebrando el desaf\u00edo de ampliar la participaci\u00f3n de trabajadoras ocupando secretar\u00edas de relevancia en la toma de decisiones. Profundizando la ronda de debate y discusi\u00f3n, se pudo analizar y sostener una postura contundente de rechazo a toda acci\u00f3n que atente contra las conquistas de derechos de mujeres y diversidades que solo buscan revictimizar, disciplinar y volver al \u00e1mbito de lo privado las desigualdades estructurales que padecemos en los distintos \u00e1mbitos de la vida.\u00a0<\/p>\n\n\n\n<p>En este sentido, se reafirm\u00f3 el compromiso de la Red y la FESTRAM en la lucha contra todo tipo de violencias hacia las trabajadoras municipales y comunales. Se destac\u00f3 la necesidad de generar instancias de sensibilizaci\u00f3n ante casos de violencia digital en el \u00e1mbito laboral a trav\u00e9s de formaciones y protocolos de actuaci\u00f3n. Se acord\u00f3 continuar impulsando la Red de Mujeres por Regionales para generar acciones conjuntas de cara a fortalecer los espacios de contenci\u00f3n en cada Sindicato de base.<\/p>\n\n\n\n<p>Desde FESTRAM agradecemos la participaci\u00f3n de todas las compa\u00f1eras y ratificamos que seguiremos construyendo juntxs los derechos de los\/as trabajadores.<\/p>\n\n\n\n<h6 class=\"wp-block-heading\">Prensa FESTRAM<\/h6>\n\n\n<p><iframe loading=\"lazy\" src=\"https:\/\/www.facebook.com\/plugins\/post.php?href=https%3A%2F%2Fwww.facebook.com%2FMunicipalesSF%2Fposts%2Fpfbid02qDyGzWM1dkavDgMJST9ijyzjekf6RmMLZ4EpLQkmNugd9QEAzxyaYCfcKKJd5tiwl&#038;show_text=true&#038;width=500\" width=\"500\" height=\"652\" style=\"border:none;overflow:hidden\" scrolling=\"no\" frameborder=\"0\" allowfullscreen=\"true\" allow=\"autoplay; clipboard-write; encrypted-media; picture-in-picture; web-share\"><\/iframe><\/p>\n","protected":false},"excerpt":{"rendered":"<p>Con una importante participaci\u00f3n de compa\u00f1eras de las distintas Secretar\u00edas y \u00c1reas de G\u00e9nero de los sindicatos adheridos a FESTRAM, se llev\u00f3 a cabo, este jueves 23 de abril, la Jornada Formativa sobre \u201cViolencia Digital\u201d y el posterior Encuentro la de Red de Mujeres Municipales y Comunales.<\/p>\n","protected":false},"author":1,"featured_media":18918,"comment_status":"closed","ping_status":"closed","sticky":false,"template":"","format":"standard","meta":{"_jetpack_memberships_contains_paid_content":false,"footnotes":"","jetpack_publicize_message":"","jetpack_publicize_feature_enabled":true,"jetpack_social_post_already_shared":true,"jetpack_social_options":{"image_generator_settings":{"template":"highway","default_image_id":0,"font":"","enabled":false},"version":2}},"categories":[38,50],"tags":[87,109,262,119],"class_list":["post-18917","post","type-post","status-publish","format-standard","has-post-thumbnail","hentry","category-comunicados","category-genero","tag-genero-2","tag-la-provincia","tag-red-de-mujeres","tag-titular"],"yoast_head":"<!-- This site is optimized with the Yoast SEO plugin v25.9 - https:\/\/yoast.com\/wordpress\/plugins\/seo\/ -->\n<title>Jornada Formativa sobre Violencia Digital y Reuni\u00f3n de la Red de Mujeres Municipales &#8211; FESTRAM<\/title>\n<meta name=\"description\" content=\"Con una importante participaci\u00f3n de compa\u00f1eras de las distintas Secretar\u00edas y \u00c1reas de G\u00e9nero de los sindicatos adheridos a FESTRAM, se llev\u00f3 a cabo, este jueves 23 de abril, la Jornada Formativa sobre \u201cViolencia Digital\u201d y el posterior Encuentro la de Red de Mujeres Municipales y Comunales.\" \/>\n<meta name=\"robots\" content=\"index, follow, max-snippet:-1, max-image-preview:large, max-video-preview:-1\" \/>\n<link rel=\"canonical\" href=\"https:\/\/municipales.org.ar\/festram\/jornada-formativa-sobre-violencia-digital-y-reunion-de-la-red-de-mujeres-municipales\/\" \/>\n<meta property=\"og:locale\" content=\"es_ES\" \/>\n<meta property=\"og:type\" content=\"article\" \/>\n<meta property=\"og:title\" content=\"Jornada Formativa sobre Violencia Digital y Reuni\u00f3n de la Red de Mujeres Municipales &#8211; FESTRAM\" \/>\n<meta property=\"og:description\" content=\"Con una importante participaci\u00f3n de compa\u00f1eras de las distintas Secretar\u00edas y \u00c1reas de G\u00e9nero de los sindicatos adheridos a FESTRAM, se llev\u00f3 a cabo, este jueves 23 de abril, la Jornada Formativa sobre \u201cViolencia Digital\u201d y el posterior Encuentro la de Red de Mujeres Municipales y Comunales.\" \/>\n<meta property=\"og:url\" content=\"https:\/\/municipales.org.ar\/festram\/jornada-formativa-sobre-violencia-digital-y-reunion-de-la-red-de-mujeres-municipales\/\" \/>\n<meta property=\"og:site_name\" content=\"FESTRAM\" \/>\n<meta property=\"article:publisher\" content=\"https:\/\/www.facebook.com\/MunicipalesSF\" \/>\n<meta property=\"article:published_time\" content=\"2026-04-25T00:06:07+00:00\" \/>\n<meta property=\"article:modified_time\" content=\"2026-04-25T00:06:11+00:00\" \/>\n<meta property=\"og:image\" content=\"https:\/\/municipales.org.ar\/festram\/wp-content\/uploads\/2026\/04\/WhatsApp-Image-2026-04-24-at-11.55.06.jpeg\" \/>\n\t<meta property=\"og:image:width\" content=\"1600\" \/>\n\t<meta property=\"og:image:height\" content=\"1200\" \/>\n\t<meta property=\"og:image:type\" content=\"image\/jpeg\" \/>\n<meta name=\"author\" content=\"mun_admin\" \/>\n<meta name=\"twitter:card\" content=\"summary_large_image\" \/>\n<meta name=\"twitter:creator\" content=\"@MunicipalesSF\" \/>\n<meta name=\"twitter:site\" content=\"@MunicipalesSF\" \/>\n<meta name=\"twitter:label1\" content=\"Escrito por\" \/>\n\t<meta name=\"twitter:data1\" content=\"mun_admin\" \/>\n\t<meta name=\"twitter:label2\" content=\"Tiempo de lectura\" \/>\n\t<meta name=\"twitter:data2\" content=\"3 minutos\" \/>\n<script type=\"application\/ld+json\" class=\"yoast-schema-graph\">{\"@context\":\"https:\/\/schema.org\",\"@graph\":[{\"@type\":\"Article\",\"@id\":\"https:\/\/municipales.org.ar\/festram\/jornada-formativa-sobre-violencia-digital-y-reunion-de-la-red-de-mujeres-municipales\/#article\",\"isPartOf\":{\"@id\":\"https:\/\/municipales.org.ar\/festram\/jornada-formativa-sobre-violencia-digital-y-reunion-de-la-red-de-mujeres-municipales\/\"},\"author\":{\"name\":\"mun_admin\",\"@id\":\"https:\/\/municipales.org.ar\/festram\/#\/schema\/person\/49096a774c48ce9063df4d59ec059f9e\"},\"headline\":\"Jornada Formativa sobre Violencia Digital y Reuni\u00f3n de la Red de Mujeres Municipales\",\"datePublished\":\"2026-04-25T00:06:07+00:00\",\"dateModified\":\"2026-04-25T00:06:11+00:00\",\"mainEntityOfPage\":{\"@id\":\"https:\/\/municipales.org.ar\/festram\/jornada-formativa-sobre-violencia-digital-y-reunion-de-la-red-de-mujeres-municipales\/\"},\"wordCount\":410,\"publisher\":{\"@id\":\"https:\/\/municipales.org.ar\/festram\/#organization\"},\"image\":{\"@id\":\"https:\/\/municipales.org.ar\/festram\/jornada-formativa-sobre-violencia-digital-y-reunion-de-la-red-de-mujeres-municipales\/#primaryimage\"},\"thumbnailUrl\":\"https:\/\/municipales.org.ar\/festram\/wp-content\/uploads\/2026\/04\/WhatsApp-Image-2026-04-24-at-11.55.06.jpeg\",\"keywords\":[\"g\u00e9nero\",\"la provincia\",\"red de mujeres\",\"titular\"],\"articleSection\":[\"Comunicados\",\"G\u00e9nero\"],\"inLanguage\":\"es\"},{\"@type\":\"WebPage\",\"@id\":\"https:\/\/municipales.org.ar\/festram\/jornada-formativa-sobre-violencia-digital-y-reunion-de-la-red-de-mujeres-municipales\/\",\"url\":\"https:\/\/municipales.org.ar\/festram\/jornada-formativa-sobre-violencia-digital-y-reunion-de-la-red-de-mujeres-municipales\/\",\"name\":\"Jornada Formativa sobre Violencia Digital y Reuni\u00f3n de la Red de Mujeres Municipales &#8211; FESTRAM\",\"isPartOf\":{\"@id\":\"https:\/\/municipales.org.ar\/festram\/#website\"},\"primaryImageOfPage\":{\"@id\":\"https:\/\/municipales.org.ar\/festram\/jornada-formativa-sobre-violencia-digital-y-reunion-de-la-red-de-mujeres-municipales\/#primaryimage\"},\"image\":{\"@id\":\"https:\/\/municipales.org.ar\/festram\/jornada-formativa-sobre-violencia-digital-y-reunion-de-la-red-de-mujeres-municipales\/#primaryimage\"},\"thumbnailUrl\":\"https:\/\/municipales.org.ar\/festram\/wp-content\/uploads\/2026\/04\/WhatsApp-Image-2026-04-24-at-11.55.06.jpeg\",\"datePublished\":\"2026-04-25T00:06:07+00:00\",\"dateModified\":\"2026-04-25T00:06:11+00:00\",\"description\":\"Con una importante participaci\u00f3n de compa\u00f1eras de las distintas Secretar\u00edas y \u00c1reas de G\u00e9nero de los sindicatos adheridos a FESTRAM, se llev\u00f3 a cabo, este jueves 23 de abril, la Jornada Formativa sobre \u201cViolencia Digital\u201d y el posterior Encuentro la de Red de Mujeres Municipales y Comunales.\",\"breadcrumb\":{\"@id\":\"https:\/\/municipales.org.ar\/festram\/jornada-formativa-sobre-violencia-digital-y-reunion-de-la-red-de-mujeres-municipales\/#breadcrumb\"},\"inLanguage\":\"es\",\"potentialAction\":[{\"@type\":\"ReadAction\",\"target\":[\"https:\/\/municipales.org.ar\/festram\/jornada-formativa-sobre-violencia-digital-y-reunion-de-la-red-de-mujeres-municipales\/\"]}]},{\"@type\":\"ImageObject\",\"inLanguage\":\"es\",\"@id\":\"https:\/\/municipales.org.ar\/festram\/jornada-formativa-sobre-violencia-digital-y-reunion-de-la-red-de-mujeres-municipales\/#primaryimage\",\"url\":\"https:\/\/municipales.org.ar\/festram\/wp-content\/uploads\/2026\/04\/WhatsApp-Image-2026-04-24-at-11.55.06.jpeg\",\"contentUrl\":\"https:\/\/municipales.org.ar\/festram\/wp-content\/uploads\/2026\/04\/WhatsApp-Image-2026-04-24-at-11.55.06.jpeg\",\"width\":1600,\"height\":1200},{\"@type\":\"BreadcrumbList\",\"@id\":\"https:\/\/municipales.org.ar\/festram\/jornada-formativa-sobre-violencia-digital-y-reunion-de-la-red-de-mujeres-municipales\/#breadcrumb\",\"itemListElement\":[{\"@type\":\"ListItem\",\"position\":1,\"name\":\"Portada\",\"item\":\"https:\/\/municipales.org.ar\/festram\/\"},{\"@type\":\"ListItem\",\"position\":2,\"name\":\"Jornada Formativa sobre Violencia Digital y Reuni\u00f3n de la Red de Mujeres Municipales\"}]},{\"@type\":\"WebSite\",\"@id\":\"https:\/\/municipales.org.ar\/festram\/#website\",\"url\":\"https:\/\/municipales.org.ar\/festram\/\",\"name\":\"FESTRAM\",\"description\":\"La web de los trabajadores municipales\",\"publisher\":{\"@id\":\"https:\/\/municipales.org.ar\/festram\/#organization\"},\"potentialAction\":[{\"@type\":\"SearchAction\",\"target\":{\"@type\":\"EntryPoint\",\"urlTemplate\":\"https:\/\/municipales.org.ar\/festram\/?s={search_term_string}\"},\"query-input\":{\"@type\":\"PropertyValueSpecification\",\"valueRequired\":true,\"valueName\":\"search_term_string\"}}],\"inLanguage\":\"es\"},{\"@type\":\"Organization\",\"@id\":\"https:\/\/municipales.org.ar\/festram\/#organization\",\"name\":\"Federaci\u00f3n de Sindicatos de Trabajadores Municipales de la Provincia de Santa Fe\",\"url\":\"https:\/\/municipales.org.ar\/festram\/\",\"logo\":{\"@type\":\"ImageObject\",\"inLanguage\":\"es\",\"@id\":\"https:\/\/municipales.org.ar\/festram\/#\/schema\/logo\/image\/\",\"url\":\"https:\/\/www.municipales.org.ar\/festram\/wp-content\/uploads\/2014\/07\/logo_fes.jpg\",\"contentUrl\":\"https:\/\/www.municipales.org.ar\/festram\/wp-content\/uploads\/2014\/07\/logo_fes.jpg\",\"width\":661,\"height\":673,\"caption\":\"Federaci\u00f3n de Sindicatos de Trabajadores Municipales de la Provincia de Santa Fe\"},\"image\":{\"@id\":\"https:\/\/municipales.org.ar\/festram\/#\/schema\/logo\/image\/\"},\"sameAs\":[\"https:\/\/www.facebook.com\/MunicipalesSF\",\"https:\/\/x.com\/MunicipalesSF\",\"https:\/\/www.youtube.com\/user\/festram\"]},{\"@type\":\"Person\",\"@id\":\"https:\/\/municipales.org.ar\/festram\/#\/schema\/person\/49096a774c48ce9063df4d59ec059f9e\",\"name\":\"mun_admin\"}]}<\/script>\n<!-- \/ Yoast SEO plugin. -->","yoast_head_json":{"title":"Jornada Formativa sobre Violencia Digital y Reuni\u00f3n de la Red de Mujeres Municipales &#8211; FESTRAM","description":"Con una importante participaci\u00f3n de compa\u00f1eras de las distintas Secretar\u00edas y \u00c1reas de G\u00e9nero de los sindicatos adheridos a FESTRAM, se llev\u00f3 a cabo, este jueves 23 de abril, la Jornada Formativa sobre \u201cViolencia Digital\u201d y el posterior Encuentro la de Red de Mujeres Municipales y Comunales.","robots":{"index":"index","follow":"follow","max-snippet":"max-snippet:-1","max-image-preview":"max-image-preview:large","max-video-preview":"max-video-preview:-1"},"canonical":"https:\/\/municipales.org.ar\/festram\/jornada-formativa-sobre-violencia-digital-y-reunion-de-la-red-de-mujeres-municipales\/","og_locale":"es_ES","og_type":"article","og_title":"Jornada Formativa sobre Violencia Digital y Reuni\u00f3n de la Red de Mujeres Municipales &#8211; FESTRAM","og_description":"Con una importante participaci\u00f3n de compa\u00f1eras de las distintas Secretar\u00edas y \u00c1reas de G\u00e9nero de los sindicatos adheridos a FESTRAM, se llev\u00f3 a cabo, este jueves 23 de abril, la Jornada Formativa sobre \u201cViolencia Digital\u201d y el posterior Encuentro la de Red de Mujeres Municipales y Comunales.","og_url":"https:\/\/municipales.org.ar\/festram\/jornada-formativa-sobre-violencia-digital-y-reunion-de-la-red-de-mujeres-municipales\/","og_site_name":"FESTRAM","article_publisher":"https:\/\/www.facebook.com\/MunicipalesSF","article_published_time":"2026-04-25T00:06:07+00:00","article_modified_time":"2026-04-25T00:06:11+00:00","og_image":[{"width":1600,"height":1200,"url":"https:\/\/municipales.org.ar\/festram\/wp-content\/uploads\/2026\/04\/WhatsApp-Image-2026-04-24-at-11.55.06.jpeg","type":"image\/jpeg"}],"author":"mun_admin","twitter_card":"summary_large_image","twitter_creator":"@MunicipalesSF","twitter_site":"@MunicipalesSF","twitter_misc":{"Escrito por":"mun_admin","Tiempo de lectura":"3 minutos"},"schema":{"@context":"https:\/\/schema.org","@graph":[{"@type":"Article","@id":"https:\/\/municipales.org.ar\/festram\/jornada-formativa-sobre-violencia-digital-y-reunion-de-la-red-de-mujeres-municipales\/#article","isPartOf":{"@id":"https:\/\/municipales.org.ar\/festram\/jornada-formativa-sobre-violencia-digital-y-reunion-de-la-red-de-mujeres-municipales\/"},"author":{"name":"mun_admin","@id":"https:\/\/municipales.org.ar\/festram\/#\/schema\/person\/49096a774c48ce9063df4d59ec059f9e"},"headline":"Jornada Formativa sobre Violencia Digital y Reuni\u00f3n de la Red de Mujeres Municipales","datePublished":"2026-04-25T00:06:07+00:00","dateModified":"2026-04-25T00:06:11+00:00","mainEntityOfPage":{"@id":"https:\/\/municipales.org.ar\/festram\/jornada-formativa-sobre-violencia-digital-y-reunion-de-la-red-de-mujeres-municipales\/"},"wordCount":410,"publisher":{"@id":"https:\/\/municipales.org.ar\/festram\/#organization"},"image":{"@id":"https:\/\/municipales.org.ar\/festram\/jornada-formativa-sobre-violencia-digital-y-reunion-de-la-red-de-mujeres-municipales\/#primaryimage"},"thumbnailUrl":"https:\/\/municipales.org.ar\/festram\/wp-content\/uploads\/2026\/04\/WhatsApp-Image-2026-04-24-at-11.55.06.jpeg","keywords":["g\u00e9nero","la provincia","red de mujeres","titular"],"articleSection":["Comunicados","G\u00e9nero"],"inLanguage":"es"},{"@type":"WebPage","@id":"https:\/\/municipales.org.ar\/festram\/jornada-formativa-sobre-violencia-digital-y-reunion-de-la-red-de-mujeres-municipales\/","url":"https:\/\/municipales.org.ar\/festram\/jornada-formativa-sobre-violencia-digital-y-reunion-de-la-red-de-mujeres-municipales\/","name":"Jornada Formativa sobre Violencia Digital y Reuni\u00f3n de la Red de Mujeres Municipales &#8211; FESTRAM","isPartOf":{"@id":"https:\/\/municipales.org.ar\/festram\/#website"},"primaryImageOfPage":{"@id":"https:\/\/municipales.org.ar\/festram\/jornada-formativa-sobre-violencia-digital-y-reunion-de-la-red-de-mujeres-municipales\/#primaryimage"},"image":{"@id":"https:\/\/municipales.org.ar\/festram\/jornada-formativa-sobre-violencia-digital-y-reunion-de-la-red-de-mujeres-municipales\/#primaryimage"},"thumbnailUrl":"https:\/\/municipales.org.ar\/festram\/wp-content\/uploads\/2026\/04\/WhatsApp-Image-2026-04-24-at-11.55.06.jpeg","datePublished":"2026-04-25T00:06:07+00:00","dateModified":"2026-04-25T00:06:11+00:00","description":"Con una importante participaci\u00f3n de compa\u00f1eras de las distintas Secretar\u00edas y \u00c1reas de G\u00e9nero de los sindicatos adheridos a FESTRAM, se llev\u00f3 a cabo, este jueves 23 de abril, la Jornada Formativa sobre \u201cViolencia Digital\u201d y el posterior Encuentro la de Red de Mujeres Municipales y Comunales.","breadcrumb":{"@id":"https:\/\/municipales.org.ar\/festram\/jornada-formativa-sobre-violencia-digital-y-reunion-de-la-red-de-mujeres-municipales\/#breadcrumb"},"inLanguage":"es","potentialAction":[{"@type":"ReadAction","target":["https:\/\/municipales.org.ar\/festram\/jornada-formativa-sobre-violencia-digital-y-reunion-de-la-red-de-mujeres-municipales\/"]}]},{"@type":"ImageObject","inLanguage":"es","@id":"https:\/\/municipales.org.ar\/festram\/jornada-formativa-sobre-violencia-digital-y-reunion-de-la-red-de-mujeres-municipales\/#primaryimage","url":"https:\/\/municipales.org.ar\/festram\/wp-content\/uploads\/2026\/04\/WhatsApp-Image-2026-04-24-at-11.55.06.jpeg","contentUrl":"https:\/\/municipales.org.ar\/festram\/wp-content\/uploads\/2026\/04\/WhatsApp-Image-2026-04-24-at-11.55.06.jpeg","width":1600,"height":1200},{"@type":"BreadcrumbList","@id":"https:\/\/municipales.org.ar\/festram\/jornada-formativa-sobre-violencia-digital-y-reunion-de-la-red-de-mujeres-municipales\/#breadcrumb","itemListElement":[{"@type":"ListItem","position":1,"name":"Portada","item":"https:\/\/municipales.org.ar\/festram\/"},{"@type":"ListItem","position":2,"name":"Jornada Formativa sobre Violencia Digital y Reuni\u00f3n de la Red de Mujeres Municipales"}]},{"@type":"WebSite","@id":"https:\/\/municipales.org.ar\/festram\/#website","url":"https:\/\/municipales.org.ar\/festram\/","name":"FESTRAM","description":"La web de los trabajadores municipales","publisher":{"@id":"https:\/\/municipales.org.ar\/festram\/#organization"},"potentialAction":[{"@type":"SearchAction","target":{"@type":"EntryPoint","urlTemplate":"https:\/\/municipales.org.ar\/festram\/?s={search_term_string}"},"query-input":{"@type":"PropertyValueSpecification","valueRequired":true,"valueName":"search_term_string"}}],"inLanguage":"es"},{"@type":"Organization","@id":"https:\/\/municipales.org.ar\/festram\/#organization","name":"Federaci\u00f3n de Sindicatos de Trabajadores Municipales de la Provincia de Santa Fe","url":"https:\/\/municipales.org.ar\/festram\/","logo":{"@type":"ImageObject","inLanguage":"es","@id":"https:\/\/municipales.org.ar\/festram\/#\/schema\/logo\/image\/","url":"https:\/\/www.municipales.org.ar\/festram\/wp-content\/uploads\/2014\/07\/logo_fes.jpg","contentUrl":"https:\/\/www.municipales.org.ar\/festram\/wp-content\/uploads\/2014\/07\/logo_fes.jpg","width":661,"height":673,"caption":"Federaci\u00f3n de Sindicatos de Trabajadores Municipales de la Provincia de Santa Fe"},"image":{"@id":"https:\/\/municipales.org.ar\/festram\/#\/schema\/logo\/image\/"},"sameAs":["https:\/\/www.facebook.com\/MunicipalesSF","https:\/\/x.com\/MunicipalesSF","https:\/\/www.youtube.com\/user\/festram"]},{"@type":"Person","@id":"https:\/\/municipales.org.ar\/festram\/#\/schema\/person\/49096a774c48ce9063df4d59ec059f9e","name":"mun_admin"}]}},"jetpack_publicize_connections":[],"jetpack_featured_media_url":"https:\/\/municipales.org.ar\/festram\/wp-content\/uploads\/2026\/04\/WhatsApp-Image-2026-04-24-at-11.55.06.jpeg","jetpack_sharing_enabled":true,"jetpack_likes_enabled":false,"jetpack_shortlink":"https:\/\/wp.me\/p7l4x1-4V7","_links":{"self":[{"href":"https:\/\/municipales.org.ar\/festram\/wp-json\/wp\/v2\/posts\/18917","targetHints":{"allow":["GET"]}}],"collection":[{"href":"https:\/\/municipales.org.ar\/festram\/wp-json\/wp\/v2\/posts"}],"about":[{"href":"https:\/\/municipales.org.ar\/festram\/wp-json\/wp\/v2\/types\/post"}],"author":[{"embeddable":true,"href":"https:\/\/municipales.org.ar\/festram\/wp-json\/wp\/v2\/users\/1"}],"replies":[{"embeddable":true,"href":"https:\/\/municipales.org.ar\/festram\/wp-json\/wp\/v2\/comments?post=18917"}],"version-history":[{"count":2,"href":"https:\/\/municipales.org.ar\/festram\/wp-json\/wp\/v2\/posts\/18917\/revisions"}],"predecessor-version":[{"id":18921,"href":"https:\/\/municipales.org.ar\/festram\/wp-json\/wp\/v2\/posts\/18917\/revisions\/18921"}],"wp:featuredmedia":[{"embeddable":true,"href":"https:\/\/municipales.org.ar\/festram\/wp-json\/wp\/v2\/media\/18918"}],"wp:attachment":[{"href":"https:\/\/municipales.org.ar\/festram\/wp-json\/wp\/v2\/media?parent=18917"}],"wp:term":[{"taxonomy":"category","embeddable":true,"href":"https:\/\/municipales.org.ar\/festram\/wp-json\/wp\/v2\/categories?post=18917"},{"taxonomy":"post_tag","embeddable":true,"href":"https:\/\/municipales.org.ar\/festram\/wp-json\/wp\/v2\/tags?post=18917"}],"curies":[{"name":"wp","href":"https:\/\/api.w.org\/{rel}","templated":true}]}}