{"id":19026,"date":"2026-08-31T17:36:26","date_gmt":"2026-08-31T20:36:26","guid":{"rendered":"https:\/\/municipales.org.ar\/festram\/?p=19026"},"modified":"2026-08-31T17:36:30","modified_gmt":"2026-08-31T20:36:30","slug":"alerta-y-movilizacion-por-la-situacion-de-san-javier","status":"publish","type":"post","link":"https:\/\/municipales.org.ar\/festram\/alerta-y-movilizacion-por-la-situacion-de-san-javier\/","title":{"rendered":"Alerta y Movilizaci\u00f3n por la situaci\u00f3n de San Javier"},"content":{"rendered":"\n<h2 class=\"wp-block-heading\">FESTRAM ha declarado el estado de alerta y movilizaci\u00f3n ante el incumplimiento salarial y las deficitarias condiciones en las que los trabajadores municipales de la ciudad de San Javier prestan servicios.<br><\/h2>\n\n\n\n<p>Se vienen presentando atrasos en el pago de haberes desde hace m\u00e1s de 2 meses, incluso del aguinaldo del primer semestre. Como se dijera, el conflicto hace que la prestaci\u00f3n de servicios se vea reducida al m\u00ednimo, en una provincia declarada en emergencia h\u00eddrica mediante ley 14.477. Es evidente que los responsables pol\u00edticos de todos los niveles se muestran incompetentes para atender un problema que puede afectar a la ciudad en el corto plazo.<br><\/p>\n\n\n\n<p>Lamentablemente y por los acontecimientos, debemos concluir que la representaci\u00f3n pol\u00edtica de la ciudad pretende el caos. No es menor que el senador del Departamento Oscar Dolzani haya hablado p\u00fablicamente de intervenci\u00f3n para la ciudad, medida que har\u00eda suprimir las autoridades actuales elegidas democr\u00e1ticamente. <\/p>\n\n\n\n<p>Lo cierto es que los municipios y comunas de la provincia, al igual que los trabajadores est\u00e1n sufriendo un proceso de recesi\u00f3n derivado de la pol\u00edtica implementada por el gobierno nacional, que supone endeudamiento y ca\u00edda de ingresos.<br><\/p>\n\n\n\n<p>FESTRAM ha pedido al gobierno de la provincia que tome cartas en el asunto para regularizar la situaci\u00f3n de la ciudad de San Javier y sus trabajadores municipales, de lo contrario nos encontraremos desde la fecha y hasta finales de a\u00f1o con una ciudad colapsada, sin servicios y en total emergencia.<\/p>\n\n\n\n<p><\/p>\n","protected":false},"excerpt":{"rendered":"<p>FESTRAM ha declarado el estado de alerta y movilizaci\u00f3n ante el incumplimiento salarial y las deficitarias condiciones en las que los trabajadores municipales de la ciudad de San Javier prestan servicios.<\/p>\n","protected":false},"author":1,"featured_media":19028,"comment_status":"closed","ping_status":"closed","sticky":false,"template":"","format":"standard","meta":{"_jetpack_memberships_contains_paid_content":false,"footnotes":"","jetpack_publicize_message":"","jetpack_publicize_feature_enabled":true,"jetpack_social_post_already_shared":true,"jetpack_social_options":{"image_generator_settings":{"template":"highway","default_image_id":0,"font":"","enabled":false},"version":2}},"categories":[57],"tags":[245,67],"class_list":["post-19026","post","type-post","status-publish","format-standard","has-post-thumbnail","hentry","category-sindicatos-noticias","tag-san-javier","tag-sindicatos-afiliados"],"yoast_head":"<!-- This site is optimized with the Yoast SEO plugin v25.9 - https:\/\/yoast.com\/wordpress\/plugins\/seo\/ -->\n<title>Alerta y Movilizaci\u00f3n por la situaci\u00f3n de San Javier &#8211; FESTRAM<\/title>\n<meta name=\"description\" content=\"FESTRAM ha declarado el estado de alerta y movilizaci\u00f3n ante el incumplimiento salarial y las deficitarias condiciones en las que los trabajadores municipales de la ciudad de San Javier prestan servicios.\" \/>\n<meta name=\"robots\" content=\"index, follow, max-snippet:-1, max-image-preview:large, max-video-preview:-1\" \/>\n<link rel=\"canonical\" href=\"https:\/\/municipales.org.ar\/festram\/alerta-y-movilizacion-por-la-situacion-de-san-javier\/\" \/>\n<meta property=\"og:locale\" content=\"es_ES\" \/>\n<meta property=\"og:type\" content=\"article\" \/>\n<meta property=\"og:title\" content=\"Alerta y Movilizaci\u00f3n por la situaci\u00f3n de San Javier &#8211; FESTRAM\" \/>\n<meta property=\"og:description\" content=\"FESTRAM ha declarado el estado de alerta y movilizaci\u00f3n ante el incumplimiento salarial y las deficitarias condiciones en las que los trabajadores municipales de la ciudad de San Javier prestan servicios.\" \/>\n<meta property=\"og:url\" content=\"https:\/\/municipales.org.ar\/festram\/alerta-y-movilizacion-por-la-situacion-de-san-javier\/\" \/>\n<meta property=\"og:site_name\" content=\"FESTRAM\" \/>\n<meta property=\"article:publisher\" content=\"https:\/\/www.facebook.com\/MunicipalesSF\" \/>\n<meta property=\"article:published_time\" content=\"2026-08-31T20:36:26+00:00\" \/>\n<meta property=\"article:modified_time\" content=\"2026-08-31T20:36:30+00:00\" \/>\n<meta property=\"og:image\" content=\"https:\/\/municipales.org.ar\/festram\/wp-content\/uploads\/2026\/08\/560039582_18377853682178192_6304760353765668654_n.jpg\" \/>\n\t<meta property=\"og:image:width\" content=\"1440\" \/>\n\t<meta property=\"og:image:height\" content=\"1080\" \/>\n\t<meta property=\"og:image:type\" content=\"image\/jpeg\" \/>\n<meta name=\"author\" content=\"mun_admin\" \/>\n<meta name=\"twitter:card\" content=\"summary_large_image\" \/>\n<meta name=\"twitter:creator\" content=\"@MunicipalesSF\" \/>\n<meta name=\"twitter:site\" content=\"@MunicipalesSF\" \/>\n<meta name=\"twitter:label1\" content=\"Escrito por\" \/>\n\t<meta name=\"twitter:data1\" content=\"mun_admin\" \/>\n\t<meta name=\"twitter:label2\" content=\"Tiempo de lectura\" \/>\n\t<meta name=\"twitter:data2\" content=\"2 minutos\" \/>\n<script type=\"application\/ld+json\" class=\"yoast-schema-graph\">{\"@context\":\"https:\/\/schema.org\",\"@graph\":[{\"@type\":\"Article\",\"@id\":\"https:\/\/municipales.org.ar\/festram\/alerta-y-movilizacion-por-la-situacion-de-san-javier\/#article\",\"isPartOf\":{\"@id\":\"https:\/\/municipales.org.ar\/festram\/alerta-y-movilizacion-por-la-situacion-de-san-javier\/\"},\"author\":{\"name\":\"mun_admin\",\"@id\":\"https:\/\/municipales.org.ar\/festram\/#\/schema\/person\/49096a774c48ce9063df4d59ec059f9e\"},\"headline\":\"Alerta y Movilizaci\u00f3n por la situaci\u00f3n de San Javier\",\"datePublished\":\"2026-08-31T20:36:26+00:00\",\"dateModified\":\"2026-08-31T20:36:30+00:00\",\"mainEntityOfPage\":{\"@id\":\"https:\/\/municipales.org.ar\/festram\/alerta-y-movilizacion-por-la-situacion-de-san-javier\/\"},\"wordCount\":265,\"publisher\":{\"@id\":\"https:\/\/municipales.org.ar\/festram\/#organization\"},\"image\":{\"@id\":\"https:\/\/municipales.org.ar\/festram\/alerta-y-movilizacion-por-la-situacion-de-san-javier\/#primaryimage\"},\"thumbnailUrl\":\"https:\/\/municipales.org.ar\/festram\/wp-content\/uploads\/2026\/08\/560039582_18377853682178192_6304760353765668654_n.jpg\",\"keywords\":[\"san javier\",\"sindicatos afiliados\"],\"articleSection\":[\"Sindicatos Noticias\"],\"inLanguage\":\"es\"},{\"@type\":\"WebPage\",\"@id\":\"https:\/\/municipales.org.ar\/festram\/alerta-y-movilizacion-por-la-situacion-de-san-javier\/\",\"url\":\"https:\/\/municipales.org.ar\/festram\/alerta-y-movilizacion-por-la-situacion-de-san-javier\/\",\"name\":\"Alerta y Movilizaci\u00f3n por la situaci\u00f3n de San Javier &#8211; FESTRAM\",\"isPartOf\":{\"@id\":\"https:\/\/municipales.org.ar\/festram\/#website\"},\"primaryImageOfPage\":{\"@id\":\"https:\/\/municipales.org.ar\/festram\/alerta-y-movilizacion-por-la-situacion-de-san-javier\/#primaryimage\"},\"image\":{\"@id\":\"https:\/\/municipales.org.ar\/festram\/alerta-y-movilizacion-por-la-situacion-de-san-javier\/#primaryimage\"},\"thumbnailUrl\":\"https:\/\/municipales.org.ar\/festram\/wp-content\/uploads\/2026\/08\/560039582_18377853682178192_6304760353765668654_n.jpg\",\"datePublished\":\"2026-08-31T20:36:26+00:00\",\"dateModified\":\"2026-08-31T20:36:30+00:00\",\"description\":\"FESTRAM ha declarado el estado de alerta y movilizaci\u00f3n ante el incumplimiento salarial y las deficitarias condiciones en las que los trabajadores municipales de la ciudad de San Javier prestan servicios.\",\"breadcrumb\":{\"@id\":\"https:\/\/municipales.org.ar\/festram\/alerta-y-movilizacion-por-la-situacion-de-san-javier\/#breadcrumb\"},\"inLanguage\":\"es\",\"potentialAction\":[{\"@type\":\"ReadAction\",\"target\":[\"https:\/\/municipales.org.ar\/festram\/alerta-y-movilizacion-por-la-situacion-de-san-javier\/\"]}]},{\"@type\":\"ImageObject\",\"inLanguage\":\"es\",\"@id\":\"https:\/\/municipales.org.ar\/festram\/alerta-y-movilizacion-por-la-situacion-de-san-javier\/#primaryimage\",\"url\":\"https:\/\/municipales.org.ar\/festram\/wp-content\/uploads\/2026\/08\/560039582_18377853682178192_6304760353765668654_n.jpg\",\"contentUrl\":\"https:\/\/municipales.org.ar\/festram\/wp-content\/uploads\/2026\/08\/560039582_18377853682178192_6304760353765668654_n.jpg\",\"width\":1440,\"height\":1080},{\"@type\":\"BreadcrumbList\",\"@id\":\"https:\/\/municipales.org.ar\/festram\/alerta-y-movilizacion-por-la-situacion-de-san-javier\/#breadcrumb\",\"itemListElement\":[{\"@type\":\"ListItem\",\"position\":1,\"name\":\"Portada\",\"item\":\"https:\/\/municipales.org.ar\/festram\/\"},{\"@type\":\"ListItem\",\"position\":2,\"name\":\"Alerta y Movilizaci\u00f3n por la situaci\u00f3n de San Javier\"}]},{\"@type\":\"WebSite\",\"@id\":\"https:\/\/municipales.org.ar\/festram\/#website\",\"url\":\"https:\/\/municipales.org.ar\/festram\/\",\"name\":\"FESTRAM\",\"description\":\"La web de los trabajadores municipales\",\"publisher\":{\"@id\":\"https:\/\/municipales.org.ar\/festram\/#organization\"},\"potentialAction\":[{\"@type\":\"SearchAction\",\"target\":{\"@type\":\"EntryPoint\",\"urlTemplate\":\"https:\/\/municipales.org.ar\/festram\/?s={search_term_string}\"},\"query-input\":{\"@type\":\"PropertyValueSpecification\",\"valueRequired\":true,\"valueName\":\"search_term_string\"}}],\"inLanguage\":\"es\"},{\"@type\":\"Organization\",\"@id\":\"https:\/\/municipales.org.ar\/festram\/#organization\",\"name\":\"Federaci\u00f3n de Sindicatos de Trabajadores Municipales de la Provincia de Santa Fe\",\"url\":\"https:\/\/municipales.org.ar\/festram\/\",\"logo\":{\"@type\":\"ImageObject\",\"inLanguage\":\"es\",\"@id\":\"https:\/\/municipales.org.ar\/festram\/#\/schema\/logo\/image\/\",\"url\":\"https:\/\/www.municipales.org.ar\/festram\/wp-content\/uploads\/2014\/07\/logo_fes.jpg\",\"contentUrl\":\"https:\/\/www.municipales.org.ar\/festram\/wp-content\/uploads\/2014\/07\/logo_fes.jpg\",\"width\":661,\"height\":673,\"caption\":\"Federaci\u00f3n de Sindicatos de Trabajadores Municipales de la Provincia de Santa Fe\"},\"image\":{\"@id\":\"https:\/\/municipales.org.ar\/festram\/#\/schema\/logo\/image\/\"},\"sameAs\":[\"https:\/\/www.facebook.com\/MunicipalesSF\",\"https:\/\/x.com\/MunicipalesSF\",\"https:\/\/www.youtube.com\/user\/festram\"]},{\"@type\":\"Person\",\"@id\":\"https:\/\/municipales.org.ar\/festram\/#\/schema\/person\/49096a774c48ce9063df4d59ec059f9e\",\"name\":\"mun_admin\"}]}<\/script>\n<!-- \/ Yoast SEO plugin. -->","yoast_head_json":{"title":"Alerta y Movilizaci\u00f3n por la situaci\u00f3n de San Javier &#8211; FESTRAM","description":"FESTRAM ha declarado el estado de alerta y movilizaci\u00f3n ante el incumplimiento salarial y las deficitarias condiciones en las que los trabajadores municipales de la ciudad de San Javier prestan servicios.","robots":{"index":"index","follow":"follow","max-snippet":"max-snippet:-1","max-image-preview":"max-image-preview:large","max-video-preview":"max-video-preview:-1"},"canonical":"https:\/\/municipales.org.ar\/festram\/alerta-y-movilizacion-por-la-situacion-de-san-javier\/","og_locale":"es_ES","og_type":"article","og_title":"Alerta y Movilizaci\u00f3n por la situaci\u00f3n de San Javier &#8211; FESTRAM","og_description":"FESTRAM ha declarado el estado de alerta y movilizaci\u00f3n ante el incumplimiento salarial y las deficitarias condiciones en las que los trabajadores municipales de la ciudad de San Javier prestan servicios.","og_url":"https:\/\/municipales.org.ar\/festram\/alerta-y-movilizacion-por-la-situacion-de-san-javier\/","og_site_name":"FESTRAM","article_publisher":"https:\/\/www.facebook.com\/MunicipalesSF","article_published_time":"2026-08-31T20:36:26+00:00","article_modified_time":"2026-08-31T20:36:30+00:00","og_image":[{"width":1440,"height":1080,"url":"https:\/\/municipales.org.ar\/festram\/wp-content\/uploads\/2026\/08\/560039582_18377853682178192_6304760353765668654_n.jpg","type":"image\/jpeg"}],"author":"mun_admin","twitter_card":"summary_large_image","twitter_creator":"@MunicipalesSF","twitter_site":"@MunicipalesSF","twitter_misc":{"Escrito por":"mun_admin","Tiempo de lectura":"2 minutos"},"schema":{"@context":"https:\/\/schema.org","@graph":[{"@type":"Article","@id":"https:\/\/municipales.org.ar\/festram\/alerta-y-movilizacion-por-la-situacion-de-san-javier\/#article","isPartOf":{"@id":"https:\/\/municipales.org.ar\/festram\/alerta-y-movilizacion-por-la-situacion-de-san-javier\/"},"author":{"name":"mun_admin","@id":"https:\/\/municipales.org.ar\/festram\/#\/schema\/person\/49096a774c48ce9063df4d59ec059f9e"},"headline":"Alerta y Movilizaci\u00f3n por la situaci\u00f3n de San Javier","datePublished":"2026-08-31T20:36:26+00:00","dateModified":"2026-08-31T20:36:30+00:00","mainEntityOfPage":{"@id":"https:\/\/municipales.org.ar\/festram\/alerta-y-movilizacion-por-la-situacion-de-san-javier\/"},"wordCount":265,"publisher":{"@id":"https:\/\/municipales.org.ar\/festram\/#organization"},"image":{"@id":"https:\/\/municipales.org.ar\/festram\/alerta-y-movilizacion-por-la-situacion-de-san-javier\/#primaryimage"},"thumbnailUrl":"https:\/\/municipales.org.ar\/festram\/wp-content\/uploads\/2026\/08\/560039582_18377853682178192_6304760353765668654_n.jpg","keywords":["san javier","sindicatos afiliados"],"articleSection":["Sindicatos Noticias"],"inLanguage":"es"},{"@type":"WebPage","@id":"https:\/\/municipales.org.ar\/festram\/alerta-y-movilizacion-por-la-situacion-de-san-javier\/","url":"https:\/\/municipales.org.ar\/festram\/alerta-y-movilizacion-por-la-situacion-de-san-javier\/","name":"Alerta y Movilizaci\u00f3n por la situaci\u00f3n de San Javier &#8211; FESTRAM","isPartOf":{"@id":"https:\/\/municipales.org.ar\/festram\/#website"},"primaryImageOfPage":{"@id":"https:\/\/municipales.org.ar\/festram\/alerta-y-movilizacion-por-la-situacion-de-san-javier\/#primaryimage"},"image":{"@id":"https:\/\/municipales.org.ar\/festram\/alerta-y-movilizacion-por-la-situacion-de-san-javier\/#primaryimage"},"thumbnailUrl":"https:\/\/municipales.org.ar\/festram\/wp-content\/uploads\/2026\/08\/560039582_18377853682178192_6304760353765668654_n.jpg","datePublished":"2026-08-31T20:36:26+00:00","dateModified":"2026-08-31T20:36:30+00:00","description":"FESTRAM ha declarado el estado de alerta y movilizaci\u00f3n ante el incumplimiento salarial y las deficitarias condiciones en las que los trabajadores municipales de la ciudad de San Javier prestan servicios.","breadcrumb":{"@id":"https:\/\/municipales.org.ar\/festram\/alerta-y-movilizacion-por-la-situacion-de-san-javier\/#breadcrumb"},"inLanguage":"es","potentialAction":[{"@type":"ReadAction","target":["https:\/\/municipales.org.ar\/festram\/alerta-y-movilizacion-por-la-situacion-de-san-javier\/"]}]},{"@type":"ImageObject","inLanguage":"es","@id":"https:\/\/municipales.org.ar\/festram\/alerta-y-movilizacion-por-la-situacion-de-san-javier\/#primaryimage","url":"https:\/\/municipales.org.ar\/festram\/wp-content\/uploads\/2026\/08\/560039582_18377853682178192_6304760353765668654_n.jpg","contentUrl":"https:\/\/municipales.org.ar\/festram\/wp-content\/uploads\/2026\/08\/560039582_18377853682178192_6304760353765668654_n.jpg","width":1440,"height":1080},{"@type":"BreadcrumbList","@id":"https:\/\/municipales.org.ar\/festram\/alerta-y-movilizacion-por-la-situacion-de-san-javier\/#breadcrumb","itemListElement":[{"@type":"ListItem","position":1,"name":"Portada","item":"https:\/\/municipales.org.ar\/festram\/"},{"@type":"ListItem","position":2,"name":"Alerta y Movilizaci\u00f3n por la situaci\u00f3n de San Javier"}]},{"@type":"WebSite","@id":"https:\/\/municipales.org.ar\/festram\/#website","url":"https:\/\/municipales.org.ar\/festram\/","name":"FESTRAM","description":"La web de los trabajadores municipales","publisher":{"@id":"https:\/\/municipales.org.ar\/festram\/#organization"},"potentialAction":[{"@type":"SearchAction","target":{"@type":"EntryPoint","urlTemplate":"https:\/\/municipales.org.ar\/festram\/?s={search_term_string}"},"query-input":{"@type":"PropertyValueSpecification","valueRequired":true,"valueName":"search_term_string"}}],"inLanguage":"es"},{"@type":"Organization","@id":"https:\/\/municipales.org.ar\/festram\/#organization","name":"Federaci\u00f3n de Sindicatos de Trabajadores Municipales de la Provincia de Santa Fe","url":"https:\/\/municipales.org.ar\/festram\/","logo":{"@type":"ImageObject","inLanguage":"es","@id":"https:\/\/municipales.org.ar\/festram\/#\/schema\/logo\/image\/","url":"https:\/\/www.municipales.org.ar\/festram\/wp-content\/uploads\/2014\/07\/logo_fes.jpg","contentUrl":"https:\/\/www.municipales.org.ar\/festram\/wp-content\/uploads\/2014\/07\/logo_fes.jpg","width":661,"height":673,"caption":"Federaci\u00f3n de Sindicatos de Trabajadores Municipales de la Provincia de Santa Fe"},"image":{"@id":"https:\/\/municipales.org.ar\/festram\/#\/schema\/logo\/image\/"},"sameAs":["https:\/\/www.facebook.com\/MunicipalesSF","https:\/\/x.com\/MunicipalesSF","https:\/\/www.youtube.com\/user\/festram"]},{"@type":"Person","@id":"https:\/\/municipales.org.ar\/festram\/#\/schema\/person\/49096a774c48ce9063df4d59ec059f9e","name":"mun_admin"}]}},"jetpack_publicize_connections":[],"jetpack_featured_media_url":"https:\/\/municipales.org.ar\/festram\/wp-content\/uploads\/2026\/08\/560039582_18377853682178192_6304760353765668654_n.jpg","jetpack_sharing_enabled":true,"jetpack_likes_enabled":false,"jetpack_shortlink":"https:\/\/wp.me\/p7l4x1-4WS","_links":{"self":[{"href":"https:\/\/municipales.org.ar\/festram\/wp-json\/wp\/v2\/posts\/19026","targetHints":{"allow":["GET"]}}],"collection":[{"href":"https:\/\/municipales.org.ar\/festram\/wp-json\/wp\/v2\/posts"}],"about":[{"href":"https:\/\/municipales.org.ar\/festram\/wp-json\/wp\/v2\/types\/post"}],"author":[{"embeddable":true,"href":"https:\/\/municipales.org.ar\/festram\/wp-json\/wp\/v2\/users\/1"}],"replies":[{"embeddable":true,"href":"https:\/\/municipales.org.ar\/festram\/wp-json\/wp\/v2\/comments?post=19026"}],"version-history":[{"count":1,"href":"https:\/\/municipales.org.ar\/festram\/wp-json\/wp\/v2\/posts\/19026\/revisions"}],"predecessor-version":[{"id":19029,"href":"https:\/\/municipales.org.ar\/festram\/wp-json\/wp\/v2\/posts\/19026\/revisions\/19029"}],"wp:featuredmedia":[{"embeddable":true,"href":"https:\/\/municipales.org.ar\/festram\/wp-json\/wp\/v2\/media\/19028"}],"wp:attachment":[{"href":"https:\/\/municipales.org.ar\/festram\/wp-json\/wp\/v2\/media?parent=19026"}],"wp:term":[{"taxonomy":"category","embeddable":true,"href":"https:\/\/municipales.org.ar\/festram\/wp-json\/wp\/v2\/categories?post=19026"},{"taxonomy":"post_tag","embeddable":true,"href":"https:\/\/municipales.org.ar\/festram\/wp-json\/wp\/v2\/tags?post=19026"}],"curies":[{"name":"wp","href":"https:\/\/api.w.org\/{rel}","templated":true}]}}